{"id":893,"date":"2010-02-19T11:21:57","date_gmt":"2010-02-19T10:21:57","guid":{"rendered":"http:\/\/www.caritasbaribitonto.it\/public\/home\/?p=893"},"modified":"2011-08-22T19:31:37","modified_gmt":"2011-08-22T17:31:37","slug":"per-donati-e-tentati-domenica-21-gennaio-2010","status":"publish","type":"post","link":"https:\/\/www.caritasbaribitonto.it\/public\/home\/2010\/02\/per-donati-e-tentati-domenica-21-gennaio-2010\/","title":{"rendered":"PER \u2026 DONATI E TENTATI &#8211; Domenica 21 Gennaio 2010"},"content":{"rendered":"<p><span style=\"color: #993300;\"><em><strong>Dal Vangelo secondo Luca (Lc 4,1-13)<\/strong><\/em><\/span><\/p>\n<p><span style=\"color: #993300;\"><em><img loading=\"lazy\" decoding=\"async\" class=\"alignleft\" src=\"http:\/\/www.bologna.chiesacattolica.it\/12porte\/puntate\/2007\/2007_02_22\/16.jpg\" alt=\"\" width=\"148\" height=\"118\" \/>In quel tempo, Ges\u00f9, pieno di Spirito Santo, si allontan\u00f2 dal Giordano ed era guidato dallo Spirito nel deserto, per quaranta giorni, tentato dal diavolo. Non mangi\u00f2 nulla in quei giorni, ma quando furono terminati, ebbe fame. Allora il diavolo gli disse: \u00abSe tu sei Figlio di Dio, di\u2019 a questa pietra che diventi pane\u00bb. Ges\u00f9 gli rispose: \u00abSta scritto: \u201cNon di solo pane vivr\u00e0 l\u2019uomo\u201d\u00bb.<br \/>\nIl diavolo lo condusse in alto, gli mostr\u00f2 in un istante tutti i regni della terra e gli disse: \u00abTi dar\u00f2 tutto questo potere e la loro gloria, perch\u00e9 a me \u00e8 stata data e io la do a chi voglio. Perci\u00f2, se ti prostrerai in adorazione dinanzi a me, tutto sar\u00e0 tuo\u00bb. Ges\u00f9 gli rispose: \u00abSta scritto: \u201cIl Signore, Dio tuo, adorerai: a lui solo renderai culto\u201d\u00bb.<br \/>\nLo condusse a Gerusalemme, lo pose sul punto pi\u00f9 alto del tempio e gli disse: \u00abSe tu sei Figlio di Dio, g\u00e8ttati gi\u00f9 di qui; sta scritto infatti: \u201cAi suoi angeli dar\u00e0 ordini a tuo riguardo affinch\u00e9 essi ti custodiscano\u201d; e anche: \u201cEssi ti porteranno sulle loro mani perch\u00e9 il tuo piede non inciampi in una pietra\u201d\u00bb. Ges\u00f9 gli rispose: \u00ab\u00c8 stato detto: \u201cNon metterai alla prova il Signore Dio tuo\u201d\u00bb.<br \/>\nDopo aver esaurito ogni tentazione, il diavolo si allontan\u00f2 da lui fino al momento fissato.<\/em><\/span><\/p>\n<p><span style=\"height:30px\"><\/span><br \/>\nIl cammino quaresimale comincia sempre per ogni cristiano e per ogni singola comunit\u00e0 con una gran voglia di migliorarsi su tutti i fronti. Le moltiplicazioni delle iniziative sembrano essere la svolta decisiva per vivere fin dai primi giorni della quaresima il tempo propizio per iniziare una nuova strada. Ma &#8230;\u00a0 alla fine sembra ci si accontenti solo di moltiplicare le iniziative e di riflettere poco su quello che la Parola ci indica.<\/p>\n<p>Perch\u00e9 anche Ges\u00f9, nel suo peregrinare finisce per essere tentato e deve vincere le sue stesse resistenze per arrivare fin sul ciglio del Calvario? La risposta sta nella stessa domanda. Ges\u00f9 ci invita ad essere cristiani e soprattutto comunit\u00e0 che sanno superare le logiche dell\u2019accumulo, dell\u2019egoismo, del potere, della sottomissione, della logica della supremazia e del sentirsi a tutti i costi arrivati. Con la quaresima siamo invitati ad operare scelte che vanno nell\u2019esatto contrario, per essere pronti ad operare per una societ\u00e0 della solidariet\u00e0, dell\u2019amore, della fraternit\u00e0, dell\u2019equa distribuzione dei beni, dell\u2019eticit\u00e0 e della proposta di promozione umana.<\/p>\n<p>Dobbiamo imparare ad essere una chiesa della bellezza e non una chiesa che usa la logica del lifting. Non dobbiamo \u201ctirare\u201d i\u00a0 nostri programmi pastorali puntando ad un\u2019evangelizzazione del contenimento e del rifacimento. Dobbiamo imparare ad essere profetici e veri per superare la tentazione di essere una comunit\u00e0 di sfaccendati che stanno a guardare alla finestra ci\u00f2 che potrebbe succedere.<\/p>\n<p>Tutto ci\u00f2 richiede una forza interiore, un confronto quotidiano e assiduo con la Parola, una liturgia pi\u00f9 coinvolgente e una dimensione caritativa pi\u00f9 efficace. Dobbiamo non solo per \u2026 donare, ma anche donare vita e proposte di rinnovamento.<\/p>\n<p>La chiesa del lifting \u00e8 carnevalesca, quella quaresimale si costruisce sulle rughe di chi cammina per indicare a tutti che Ges\u00f9 \u00e8 attento a ciascuno e non dimentica nessuno.<\/p>\n<p>Il Direttore<\/p>\n<p>Don Antonio Ruccia<\/p>\n","protected":false},"excerpt":{"rendered":"<p>Dal Vangelo secondo Luca (Lc 4,1-13) In quel tempo, Ges\u00f9, pieno di Spirito Santo, si allontan\u00f2 dal Giordano ed era [&hellip;]<\/p>\n","protected":false},"author":1,"featured_media":0,"comment_status":"closed","ping_status":"open","sticky":false,"template":"","format":"standard","meta":{"_uag_custom_page_level_css":"","site-sidebar-layout":"default","site-content-layout":"","ast-site-content-layout":"default","site-content-style":"default","site-sidebar-style":"default","ast-global-header-display":"","ast-banner-title-visibility":"","ast-main-header-display":"","ast-hfb-above-header-display":"","ast-hfb-below-header-display":"","ast-hfb-mobile-header-display":"","site-post-title":"","ast-breadcrumbs-content":"","ast-featured-img":"","footer-sml-layout":"","theme-transparent-header-meta":"","adv-header-id-meta":"","stick-header-meta":"","header-above-stick-meta":"","header-main-stick-meta":"","header-below-stick-meta":"","astra-migrate-meta-layouts":"default","ast-page-background-enabled":"default","ast-page-background-meta":{"desktop":{"background-color":"var(--ast-global-color-5)","background-image":"","background-repeat":"repeat","background-position":"center center","background-size":"auto","background-attachment":"scroll","background-type":"","background-media":"","overlay-type":"","overlay-color":"","overlay-opacity":"","overlay-gradient":""},"tablet":{"background-color":"","background-image":"","background-repeat":"repeat","background-position":"center center","background-size":"auto","background-attachment":"scroll","background-type":"","background-media":"","overlay-type":"","overlay-color":"","overlay-opacity":"","overlay-gradient":""},"mobile":{"background-color":"","background-image":"","background-repeat":"repeat","background-position":"center center","background-size":"auto","background-attachment":"scroll","background-type":"","background-media":"","overlay-type":"","overlay-color":"","overlay-opacity":"","overlay-gradient":""}},"ast-content-background-meta":{"desktop":{"background-color":"var(--ast-global-color-4)","background-image":"","background-repeat":"repeat","background-position":"center center","background-size":"auto","background-attachment":"scroll","background-type":"","background-media":"","overlay-type":"","overlay-color":"","overlay-opacity":"","overlay-gradient":""},"tablet":{"background-color":"var(--ast-global-color-4)","background-image":"","background-repeat":"repeat","background-position":"center center","background-size":"auto","background-attachment":"scroll","background-type":"","background-media":"","overlay-type":"","overlay-color":"","overlay-opacity":"","overlay-gradient":""},"mobile":{"background-color":"var(--ast-global-color-4)","background-image":"","background-repeat":"repeat","background-position":"center center","background-size":"auto","background-attachment":"scroll","background-type":"","background-media":"","overlay-type":"","overlay-color":"","overlay-opacity":"","overlay-gradient":""}},"footnotes":""},"categories":[20],"tags":[35,62],"class_list":["post-893","post","type-post","status-publish","format-standard","hentry","category-commenti-vangelo","tag-commento-al-vangelo","tag-vangelo-domenicale"],"gutentor_comment":0,"yoast_head":"<!-- This site is optimized with the Yoast SEO plugin v26.8 - https:\/\/yoast.com\/product\/yoast-seo-wordpress\/ -->\r\n<title>PER \u2026 DONATI E TENTATI - Domenica 21 Gennaio 2010 - Caritas Diocesana Bari-Bitonto<\/title>\r\n<meta name=\"robots\" content=\"index, follow, max-snippet:-1, max-image-preview:large, max-video-preview:-1\" \/>\r\n<link rel=\"canonical\" href=\"https:\/\/www.caritasbaribitonto.it\/public\/home\/2010\/02\/per-donati-e-tentati-domenica-21-gennaio-2010\/\" \/>\r\n<meta property=\"og:locale\" content=\"it_IT\" \/>\r\n<meta property=\"og:type\" content=\"article\" \/>\r\n<meta property=\"og:title\" content=\"PER \u2026 DONATI E TENTATI - Domenica 21 Gennaio 2010 - Caritas Diocesana Bari-Bitonto\" \/>\r\n<meta property=\"og:description\" content=\"Dal Vangelo secondo Luca (Lc 4,1-13) In quel tempo, Ges\u00f9, pieno di Spirito Santo, si allontan\u00f2 dal Giordano ed era [&hellip;]\" \/>\r\n<meta property=\"og:url\" content=\"https:\/\/www.caritasbaribitonto.it\/public\/home\/2010\/02\/per-donati-e-tentati-domenica-21-gennaio-2010\/\" \/>\r\n<meta property=\"og:site_name\" content=\"Caritas Diocesana Bari-Bitonto\" \/>\r\n<meta property=\"article:publisher\" content=\"https:\/\/www.facebook.com\/pages\/Caritas-Diocesana-Bari-Bitonto\/533981476753770\" \/>\r\n<meta property=\"article:published_time\" content=\"2010-02-19T10:21:57+00:00\" \/>\r\n<meta property=\"article:modified_time\" content=\"2011-08-22T17:31:37+00:00\" \/>\r\n<meta property=\"og:image\" content=\"http:\/\/www.bologna.chiesacattolica.it\/12porte\/puntate\/2007\/2007_02_22\/16.jpg\" \/>\r\n<meta name=\"author\" content=\"Giovanni Caputo\" \/>\r\n<meta name=\"twitter:card\" content=\"summary_large_image\" \/>\r\n<meta name=\"twitter:label1\" content=\"Scritto da\" \/>\n\t<meta name=\"twitter:data1\" content=\"Giovanni Caputo\" \/>\n\t<meta name=\"twitter:label2\" content=\"Tempo di lettura stimato\" \/>\n\t<meta name=\"twitter:data2\" content=\"3 minuti\" \/>\r\n<script type=\"application\/ld+json\" class=\"yoast-schema-graph\">{\"@context\":\"https:\/\/schema.org\",\"@graph\":[{\"@type\":\"Article\",\"@id\":\"https:\/\/www.caritasbaribitonto.it\/public\/home\/2010\/02\/per-donati-e-tentati-domenica-21-gennaio-2010\/#article\",\"isPartOf\":{\"@id\":\"https:\/\/www.caritasbaribitonto.it\/public\/home\/2010\/02\/per-donati-e-tentati-domenica-21-gennaio-2010\/\"},\"author\":{\"name\":\"Giovanni Caputo\",\"@id\":\"https:\/\/www.caritasbaribitonto.it\/public\/home\/#\/schema\/person\/06b333402b70fdadb662b68974e8c97a\"},\"headline\":\"PER \u2026 DONATI E TENTATI &#8211; Domenica 21 Gennaio 2010\",\"datePublished\":\"2010-02-19T10:21:57+00:00\",\"dateModified\":\"2011-08-22T17:31:37+00:00\",\"mainEntityOfPage\":{\"@id\":\"https:\/\/www.caritasbaribitonto.it\/public\/home\/2010\/02\/per-donati-e-tentati-domenica-21-gennaio-2010\/\"},\"wordCount\":538,\"publisher\":{\"@id\":\"https:\/\/www.caritasbaribitonto.it\/public\/home\/#organization\"},\"image\":{\"@id\":\"https:\/\/www.caritasbaribitonto.it\/public\/home\/2010\/02\/per-donati-e-tentati-domenica-21-gennaio-2010\/#primaryimage\"},\"thumbnailUrl\":\"http:\/\/www.bologna.chiesacattolica.it\/12porte\/puntate\/2007\/2007_02_22\/16.jpg\",\"keywords\":[\"commento al vangelo\",\"vangelo domenicale\"],\"articleSection\":[\"Commenti Vangelo\"],\"inLanguage\":\"it-IT\"},{\"@type\":\"WebPage\",\"@id\":\"https:\/\/www.caritasbaribitonto.it\/public\/home\/2010\/02\/per-donati-e-tentati-domenica-21-gennaio-2010\/\",\"url\":\"https:\/\/www.caritasbaribitonto.it\/public\/home\/2010\/02\/per-donati-e-tentati-domenica-21-gennaio-2010\/\",\"name\":\"PER \u2026 DONATI E TENTATI - Domenica 21 Gennaio 2010 - Caritas Diocesana Bari-Bitonto\",\"isPartOf\":{\"@id\":\"https:\/\/www.caritasbaribitonto.it\/public\/home\/#website\"},\"primaryImageOfPage\":{\"@id\":\"https:\/\/www.caritasbaribitonto.it\/public\/home\/2010\/02\/per-donati-e-tentati-domenica-21-gennaio-2010\/#primaryimage\"},\"image\":{\"@id\":\"https:\/\/www.caritasbaribitonto.it\/public\/home\/2010\/02\/per-donati-e-tentati-domenica-21-gennaio-2010\/#primaryimage\"},\"thumbnailUrl\":\"http:\/\/www.bologna.chiesacattolica.it\/12porte\/puntate\/2007\/2007_02_22\/16.jpg\",\"datePublished\":\"2010-02-19T10:21:57+00:00\",\"dateModified\":\"2011-08-22T17:31:37+00:00\",\"breadcrumb\":{\"@id\":\"https:\/\/www.caritasbaribitonto.it\/public\/home\/2010\/02\/per-donati-e-tentati-domenica-21-gennaio-2010\/#breadcrumb\"},\"inLanguage\":\"it-IT\",\"potentialAction\":[{\"@type\":\"ReadAction\",\"target\":[\"https:\/\/www.caritasbaribitonto.it\/public\/home\/2010\/02\/per-donati-e-tentati-domenica-21-gennaio-2010\/\"]}]},{\"@type\":\"ImageObject\",\"inLanguage\":\"it-IT\",\"@id\":\"https:\/\/www.caritasbaribitonto.it\/public\/home\/2010\/02\/per-donati-e-tentati-domenica-21-gennaio-2010\/#primaryimage\",\"url\":\"http:\/\/www.bologna.chiesacattolica.it\/12porte\/puntate\/2007\/2007_02_22\/16.jpg\",\"contentUrl\":\"http:\/\/www.bologna.chiesacattolica.it\/12porte\/puntate\/2007\/2007_02_22\/16.jpg\"},{\"@type\":\"BreadcrumbList\",\"@id\":\"https:\/\/www.caritasbaribitonto.it\/public\/home\/2010\/02\/per-donati-e-tentati-domenica-21-gennaio-2010\/#breadcrumb\",\"itemListElement\":[{\"@type\":\"ListItem\",\"position\":1,\"name\":\"Home\",\"item\":\"https:\/\/www.caritasbaribitonto.it\/public\/home\/\"},{\"@type\":\"ListItem\",\"position\":2,\"name\":\"PER \u2026 DONATI E TENTATI &#8211; Domenica 21 Gennaio 2010\"}]},{\"@type\":\"WebSite\",\"@id\":\"https:\/\/www.caritasbaribitonto.it\/public\/home\/#website\",\"url\":\"https:\/\/www.caritasbaribitonto.it\/public\/home\/\",\"name\":\"Caritas Diocesana Bari-Bitonto\",\"description\":\"I santi della porta accanto\",\"publisher\":{\"@id\":\"https:\/\/www.caritasbaribitonto.it\/public\/home\/#organization\"},\"potentialAction\":[{\"@type\":\"SearchAction\",\"target\":{\"@type\":\"EntryPoint\",\"urlTemplate\":\"https:\/\/www.caritasbaribitonto.it\/public\/home\/?s={search_term_string}\"},\"query-input\":{\"@type\":\"PropertyValueSpecification\",\"valueRequired\":true,\"valueName\":\"search_term_string\"}}],\"inLanguage\":\"it-IT\"},{\"@type\":\"Organization\",\"@id\":\"https:\/\/www.caritasbaribitonto.it\/public\/home\/#organization\",\"name\":\"Caritas Diocesana Bari-Bitonto\",\"url\":\"https:\/\/www.caritasbaribitonto.it\/public\/home\/\",\"logo\":{\"@type\":\"ImageObject\",\"inLanguage\":\"it-IT\",\"@id\":\"https:\/\/www.caritasbaribitonto.it\/public\/home\/#\/schema\/logo\/image\/\",\"url\":\"https:\/\/www.caritasbaribitonto.it\/public\/home\/img\/uploads\/2025\/02\/cropped-cropped-caritas2025_350x112.png\",\"contentUrl\":\"https:\/\/www.caritasbaribitonto.it\/public\/home\/img\/uploads\/2025\/02\/cropped-cropped-caritas2025_350x112.png\",\"width\":350,\"height\":112,\"caption\":\"Caritas Diocesana Bari-Bitonto\"},\"image\":{\"@id\":\"https:\/\/www.caritasbaribitonto.it\/public\/home\/#\/schema\/logo\/image\/\"},\"sameAs\":[\"https:\/\/www.facebook.com\/pages\/Caritas-Diocesana-Bari-Bitonto\/533981476753770\"]},{\"@type\":\"Person\",\"@id\":\"https:\/\/www.caritasbaribitonto.it\/public\/home\/#\/schema\/person\/06b333402b70fdadb662b68974e8c97a\",\"name\":\"Giovanni Caputo\",\"image\":{\"@type\":\"ImageObject\",\"inLanguage\":\"it-IT\",\"@id\":\"https:\/\/www.caritasbaribitonto.it\/public\/home\/#\/schema\/person\/image\/\",\"url\":\"https:\/\/secure.gravatar.com\/avatar\/6c7e9d4e1e2394bfa4e38377bd0b5e03cbf0c79e27918e6497d3f408f89d0d3b?s=96&d=identicon&r=g\",\"contentUrl\":\"https:\/\/secure.gravatar.com\/avatar\/6c7e9d4e1e2394bfa4e38377bd0b5e03cbf0c79e27918e6497d3f408f89d0d3b?s=96&d=identicon&r=g\",\"caption\":\"Giovanni Caputo\"},\"url\":\"https:\/\/www.caritasbaribitonto.it\/public\/home\/author\/admin\/\"}]}<\/script>\r\n<!-- \/ Yoast SEO plugin. -->","yoast_head_json":{"title":"PER \u2026 DONATI E TENTATI - Domenica 21 Gennaio 2010 - Caritas Diocesana Bari-Bitonto","robots":{"index":"index","follow":"follow","max-snippet":"max-snippet:-1","max-image-preview":"max-image-preview:large","max-video-preview":"max-video-preview:-1"},"canonical":"https:\/\/www.caritasbaribitonto.it\/public\/home\/2010\/02\/per-donati-e-tentati-domenica-21-gennaio-2010\/","og_locale":"it_IT","og_type":"article","og_title":"PER \u2026 DONATI E TENTATI - Domenica 21 Gennaio 2010 - Caritas Diocesana Bari-Bitonto","og_description":"Dal Vangelo secondo Luca (Lc 4,1-13) In quel tempo, Ges\u00f9, pieno di Spirito Santo, si allontan\u00f2 dal Giordano ed era [&hellip;]","og_url":"https:\/\/www.caritasbaribitonto.it\/public\/home\/2010\/02\/per-donati-e-tentati-domenica-21-gennaio-2010\/","og_site_name":"Caritas Diocesana Bari-Bitonto","article_publisher":"https:\/\/www.facebook.com\/pages\/Caritas-Diocesana-Bari-Bitonto\/533981476753770","article_published_time":"2010-02-19T10:21:57+00:00","article_modified_time":"2011-08-22T17:31:37+00:00","og_image":[{"url":"http:\/\/www.bologna.chiesacattolica.it\/12porte\/puntate\/2007\/2007_02_22\/16.jpg","type":"","width":"","height":""}],"author":"Giovanni Caputo","twitter_card":"summary_large_image","twitter_misc":{"Scritto da":"Giovanni Caputo","Tempo di lettura stimato":"3 minuti"},"schema":{"@context":"https:\/\/schema.org","@graph":[{"@type":"Article","@id":"https:\/\/www.caritasbaribitonto.it\/public\/home\/2010\/02\/per-donati-e-tentati-domenica-21-gennaio-2010\/#article","isPartOf":{"@id":"https:\/\/www.caritasbaribitonto.it\/public\/home\/2010\/02\/per-donati-e-tentati-domenica-21-gennaio-2010\/"},"author":{"name":"Giovanni Caputo","@id":"https:\/\/www.caritasbaribitonto.it\/public\/home\/#\/schema\/person\/06b333402b70fdadb662b68974e8c97a"},"headline":"PER \u2026 DONATI E TENTATI &#8211; Domenica 21 Gennaio 2010","datePublished":"2010-02-19T10:21:57+00:00","dateModified":"2011-08-22T17:31:37+00:00","mainEntityOfPage":{"@id":"https:\/\/www.caritasbaribitonto.it\/public\/home\/2010\/02\/per-donati-e-tentati-domenica-21-gennaio-2010\/"},"wordCount":538,"publisher":{"@id":"https:\/\/www.caritasbaribitonto.it\/public\/home\/#organization"},"image":{"@id":"https:\/\/www.caritasbaribitonto.it\/public\/home\/2010\/02\/per-donati-e-tentati-domenica-21-gennaio-2010\/#primaryimage"},"thumbnailUrl":"http:\/\/www.bologna.chiesacattolica.it\/12porte\/puntate\/2007\/2007_02_22\/16.jpg","keywords":["commento al vangelo","vangelo domenicale"],"articleSection":["Commenti Vangelo"],"inLanguage":"it-IT"},{"@type":"WebPage","@id":"https:\/\/www.caritasbaribitonto.it\/public\/home\/2010\/02\/per-donati-e-tentati-domenica-21-gennaio-2010\/","url":"https:\/\/www.caritasbaribitonto.it\/public\/home\/2010\/02\/per-donati-e-tentati-domenica-21-gennaio-2010\/","name":"PER \u2026 DONATI E TENTATI - Domenica 21 Gennaio 2010 - Caritas Diocesana Bari-Bitonto","isPartOf":{"@id":"https:\/\/www.caritasbaribitonto.it\/public\/home\/#website"},"primaryImageOfPage":{"@id":"https:\/\/www.caritasbaribitonto.it\/public\/home\/2010\/02\/per-donati-e-tentati-domenica-21-gennaio-2010\/#primaryimage"},"image":{"@id":"https:\/\/www.caritasbaribitonto.it\/public\/home\/2010\/02\/per-donati-e-tentati-domenica-21-gennaio-2010\/#primaryimage"},"thumbnailUrl":"http:\/\/www.bologna.chiesacattolica.it\/12porte\/puntate\/2007\/2007_02_22\/16.jpg","datePublished":"2010-02-19T10:21:57+00:00","dateModified":"2011-08-22T17:31:37+00:00","breadcrumb":{"@id":"https:\/\/www.caritasbaribitonto.it\/public\/home\/2010\/02\/per-donati-e-tentati-domenica-21-gennaio-2010\/#breadcrumb"},"inLanguage":"it-IT","potentialAction":[{"@type":"ReadAction","target":["https:\/\/www.caritasbaribitonto.it\/public\/home\/2010\/02\/per-donati-e-tentati-domenica-21-gennaio-2010\/"]}]},{"@type":"ImageObject","inLanguage":"it-IT","@id":"https:\/\/www.caritasbaribitonto.it\/public\/home\/2010\/02\/per-donati-e-tentati-domenica-21-gennaio-2010\/#primaryimage","url":"http:\/\/www.bologna.chiesacattolica.it\/12porte\/puntate\/2007\/2007_02_22\/16.jpg","contentUrl":"http:\/\/www.bologna.chiesacattolica.it\/12porte\/puntate\/2007\/2007_02_22\/16.jpg"},{"@type":"BreadcrumbList","@id":"https:\/\/www.caritasbaribitonto.it\/public\/home\/2010\/02\/per-donati-e-tentati-domenica-21-gennaio-2010\/#breadcrumb","itemListElement":[{"@type":"ListItem","position":1,"name":"Home","item":"https:\/\/www.caritasbaribitonto.it\/public\/home\/"},{"@type":"ListItem","position":2,"name":"PER \u2026 DONATI E TENTATI &#8211; Domenica 21 Gennaio 2010"}]},{"@type":"WebSite","@id":"https:\/\/www.caritasbaribitonto.it\/public\/home\/#website","url":"https:\/\/www.caritasbaribitonto.it\/public\/home\/","name":"Caritas Diocesana Bari-Bitonto","description":"I santi della porta accanto","publisher":{"@id":"https:\/\/www.caritasbaribitonto.it\/public\/home\/#organization"},"potentialAction":[{"@type":"SearchAction","target":{"@type":"EntryPoint","urlTemplate":"https:\/\/www.caritasbaribitonto.it\/public\/home\/?s={search_term_string}"},"query-input":{"@type":"PropertyValueSpecification","valueRequired":true,"valueName":"search_term_string"}}],"inLanguage":"it-IT"},{"@type":"Organization","@id":"https:\/\/www.caritasbaribitonto.it\/public\/home\/#organization","name":"Caritas Diocesana Bari-Bitonto","url":"https:\/\/www.caritasbaribitonto.it\/public\/home\/","logo":{"@type":"ImageObject","inLanguage":"it-IT","@id":"https:\/\/www.caritasbaribitonto.it\/public\/home\/#\/schema\/logo\/image\/","url":"https:\/\/www.caritasbaribitonto.it\/public\/home\/img\/uploads\/2025\/02\/cropped-cropped-caritas2025_350x112.png","contentUrl":"https:\/\/www.caritasbaribitonto.it\/public\/home\/img\/uploads\/2025\/02\/cropped-cropped-caritas2025_350x112.png","width":350,"height":112,"caption":"Caritas Diocesana Bari-Bitonto"},"image":{"@id":"https:\/\/www.caritasbaribitonto.it\/public\/home\/#\/schema\/logo\/image\/"},"sameAs":["https:\/\/www.facebook.com\/pages\/Caritas-Diocesana-Bari-Bitonto\/533981476753770"]},{"@type":"Person","@id":"https:\/\/www.caritasbaribitonto.it\/public\/home\/#\/schema\/person\/06b333402b70fdadb662b68974e8c97a","name":"Giovanni Caputo","image":{"@type":"ImageObject","inLanguage":"it-IT","@id":"https:\/\/www.caritasbaribitonto.it\/public\/home\/#\/schema\/person\/image\/","url":"https:\/\/secure.gravatar.com\/avatar\/6c7e9d4e1e2394bfa4e38377bd0b5e03cbf0c79e27918e6497d3f408f89d0d3b?s=96&d=identicon&r=g","contentUrl":"https:\/\/secure.gravatar.com\/avatar\/6c7e9d4e1e2394bfa4e38377bd0b5e03cbf0c79e27918e6497d3f408f89d0d3b?s=96&d=identicon&r=g","caption":"Giovanni Caputo"},"url":"https:\/\/www.caritasbaribitonto.it\/public\/home\/author\/admin\/"}]}},"jetpack_featured_media_url":"","uagb_featured_image_src":{"full":false,"thumbnail":false,"medium":false,"medium_large":false,"large":false,"1536x1536":false,"2048x2048":false},"uagb_author_info":{"display_name":"Giovanni Caputo","author_link":"https:\/\/www.caritasbaribitonto.it\/public\/home\/author\/admin\/"},"uagb_comment_info":0,"uagb_excerpt":"Dal Vangelo secondo Luca (Lc 4,1-13) In quel tempo, Ges\u00f9, pieno di Spirito Santo, si allontan\u00f2 dal Giordano ed era [&hellip;]","_links":{"self":[{"href":"https:\/\/www.caritasbaribitonto.it\/public\/home\/wp-json\/wp\/v2\/posts\/893","targetHints":{"allow":["GET"]}}],"collection":[{"href":"https:\/\/www.caritasbaribitonto.it\/public\/home\/wp-json\/wp\/v2\/posts"}],"about":[{"href":"https:\/\/www.caritasbaribitonto.it\/public\/home\/wp-json\/wp\/v2\/types\/post"}],"author":[{"embeddable":true,"href":"https:\/\/www.caritasbaribitonto.it\/public\/home\/wp-json\/wp\/v2\/users\/1"}],"replies":[{"embeddable":true,"href":"https:\/\/www.caritasbaribitonto.it\/public\/home\/wp-json\/wp\/v2\/comments?post=893"}],"version-history":[{"count":0,"href":"https:\/\/www.caritasbaribitonto.it\/public\/home\/wp-json\/wp\/v2\/posts\/893\/revisions"}],"wp:attachment":[{"href":"https:\/\/www.caritasbaribitonto.it\/public\/home\/wp-json\/wp\/v2\/media?parent=893"}],"wp:term":[{"taxonomy":"category","embeddable":true,"href":"https:\/\/www.caritasbaribitonto.it\/public\/home\/wp-json\/wp\/v2\/categories?post=893"},{"taxonomy":"post_tag","embeddable":true,"href":"https:\/\/www.caritasbaribitonto.it\/public\/home\/wp-json\/wp\/v2\/tags?post=893"}],"curies":[{"name":"wp","href":"https:\/\/api.w.org\/{rel}","templated":true}]}}