{"id":851,"date":"2010-02-02T09:11:16","date_gmt":"2010-02-02T08:11:16","guid":{"rendered":"http:\/\/www.caritasbaribitonto.it\/public\/home\/?p=851"},"modified":"2010-02-02T09:14:58","modified_gmt":"2010-02-02T08:14:58","slug":"32a-giornata-nazionale-per-la-vita-7-febbraio-2010-la-forza-della-vita-una-sfida-nella-poverta","status":"publish","type":"post","link":"https:\/\/www.caritasbaribitonto.it\/public\/home\/2010\/02\/32a-giornata-nazionale-per-la-vita-7-febbraio-2010-la-forza-della-vita-una-sfida-nella-poverta\/","title":{"rendered":"32a Giornata Nazionale per la vita  (7 febbraio 2010) &#8211; &#8220;La forza della vita una sfida nella povert\u00e0&#8221;"},"content":{"rendered":"<p><strong>&#8220;La forza della vita una sfida nella povert\u00e0&#8221;<\/strong><\/p>\n<p>Chi guarda al benessere economico alla luce del Vangelo sa che esso non \u00e8 tutto, ma non per questo \u00e8 indifferente. Infatti, pu\u00f2 servire la vita, rendendola pi\u00f9 bella e apprezzabile e perci\u00f2 pi\u00f9 umana.<br \/>\nFedele al messaggio di Ges\u00f9, venuto a salvare l&#8217;uomo nella sua interezza, la Chiesa si impegna per lo sviluppo umano integrale, che richiede anche il superamento dell&#8217;indigenza e del bisogno. La disponibilit\u00e0 di mezzi materiali, arginando la precariet\u00e0 che \u00e8 spesso fonte di ansia e paura, pu\u00f2 concorrere a rendere ogni esistenza pi\u00f9 serena e distesa. Consente, infatti, di provvedere a s\u00e9 e ai propri cari una casa, il necessario sostentamento, cure mediche, istruzione.\u00a0 <!--more-->Una certa sicurezza economica costituisce un&#8217;opportunit\u00e0 per realizzare pienamente molte potenzialit\u00e0 di ordine culturale, lavorativo e artistico.<br \/>\nAvvertiamo perci\u00f2 tutta la drammaticit\u00e0 della crisi finanziaria che ha investito molte aree del pianeta: la povert\u00e0 e la mancanza del lavoro che ne derivano possono avere effetti disumanizzanti. La povert\u00e0, infatti, pu\u00f2 abbrutire e l&#8217;assenza di un lavoro sicuro pu\u00f2 far perdere fiducia in se stessi e nella propria dignit\u00e0. Si tratta, in ogni caso, di motivi di inquietudine per tante famiglie. Molti genitori sono umiliati dall&#8217;impossibilit\u00e0 di provvedere, con il proprio lavoro, al benessere dei loro figli e molti giovani sono tentati di guardare al futuro con crescente rassegnazione e sfiducia.<br \/>\nProprio perch\u00e9 conosciamo Cristo, la Vita vera, sappiamo riconoscere il valore della vita umana e quale minaccia sia insita in una crescente povert\u00e0 di mezzi e risorse. Proprio perch\u00e9 ci sentiamo a servizio della vita donata da Cristo, abbiamo il dovere di denunciare quei meccanismi economici che, producendo povert\u00e0 e creando forti disuguaglianze sociali, feriscono e offendono la vita, colpendo soprattutto i pi\u00f9 deboli e indifesi.<br \/>\nIl benessere economico, per\u00f2, non \u00e8 un fine ma un mezzo, il cui valore \u00e8 determinato dall&#8217;uso che se ne fa: \u00e8 a servizio della vita, ma non \u00e8 la vita. Quando, anzi, pretende di sostituirsi alla vita e di diventarne la motivazione, si snatura e si perverte. Anche per questo Ges\u00f9 ha proclamato beati i poveri e ci ha messo in guardia dal pericolo delle ricchezze (cfr Lc 6,20-25). Alla sua sequela e testimoniando la libert\u00e0 del Vangelo, tutti siamo chiamati a uno stile di vita sobrio, che non confonde la ricchezza economica con la ricchezza di vita. Ogni vita, infatti, \u00e8 degna di essere vissuta anche in situazioni di grande povert\u00e0. L&#8217;uso distorto dei beni e un dissennato consumismo possono, anzi, sfociare in una vita povera di senso e di ideali elevati, ignorando i bisogni di milioni di uomini e di donne e danneggiando irreparabilmente la terra, di cui siamo custodi e non padroni. Del resto, tutti conosciamo persone povere di mezzi, ma ricche di umanit\u00e0 e in grado di gustare la vita, perch\u00e9 capaci di disponibilit\u00e0 e di dono.<br \/>\nAnche la crisi economica che stiamo attraversando pu\u00f2 costituire un&#8217;occasione di crescita. Essa, infatti, ci spinge a riscoprire la bellezza della condivisione e della capacit\u00e0 di prenderci cura gli uni degli altri. Ci fa capire che non \u00e8 la ricchezza economica a costituire la dignit\u00e0 della vita, perch\u00e9 la vita stessa \u00e8 la prima radicale ricchezza, e perci\u00f2 va strenuamente difesa in ogni suo stadio, denunciando ancora una volta, senza cedimenti sul piano del giudizio etico, il delitto dell&#8217;aborto. Sarebbe assai povera ed egoista una societ\u00e0 che, sedotta dal benessere, dimenticasse che la vita \u00e8 il bene pi\u00f9 grande. Del resto, come insegna il Papa Benedetto XVI nella recente Enciclica Caritas in veritate, &#8220;rispondere alle esigenze morali pi\u00f9 profonde della persona ha anche importanti e benefiche ricadute sul piano economico&#8221; (n. 45), in quanto &#8220;l&#8217;apertura moralmente responsabile alla vita \u00e8 una ricchezza sociale ed economica&#8221; (n. 44).<br \/>\nProprio il momento che attraversiamo ci spinge a essere ancora pi\u00f9 solidali con quelle madri che, spaventate dallo spettro della recessione economica, possono essere tentate di rinunciare o interrompere la gravidanza, e ci impegna a manifestare concretamente loro aiuto e vicinanza. Ci fa ricordare che, nella ricchezza o nella povert\u00e0, nessuno \u00e8 padrone della propria vita e tutti siamo chiamati a custodirla e rispettarla come un tesoro prezioso dal momento del concepimento fino al suo spegnersi naturale.<\/p>\n<p>Roma, 7 ottobre 2009<br \/>\nMemoria della Beata Vergine del Rosario<\/p>\n<p>IL CONSIGLIO PERMANENTE<\/p>\n","protected":false},"excerpt":{"rendered":"<p>&#8220;La forza della vita una sfida nella povert\u00e0&#8221; Chi guarda al benessere economico alla luce del Vangelo sa che esso [&hellip;]<\/p>\n","protected":false},"author":1,"featured_media":0,"comment_status":"closed","ping_status":"open","sticky":false,"template":"","format":"standard","meta":{"_uag_custom_page_level_css":"","site-sidebar-layout":"default","site-content-layout":"","ast-site-content-layout":"default","site-content-style":"default","site-sidebar-style":"default","ast-global-header-display":"","ast-banner-title-visibility":"","ast-main-header-display":"","ast-hfb-above-header-display":"","ast-hfb-below-header-display":"","ast-hfb-mobile-header-display":"","site-post-title":"","ast-breadcrumbs-content":"","ast-featured-img":"","footer-sml-layout":"","theme-transparent-header-meta":"","adv-header-id-meta":"","stick-header-meta":"","header-above-stick-meta":"","header-main-stick-meta":"","header-below-stick-meta":"","astra-migrate-meta-layouts":"default","ast-page-background-enabled":"default","ast-page-background-meta":{"desktop":{"background-color":"var(--ast-global-color-5)","background-image":"","background-repeat":"repeat","background-position":"center center","background-size":"auto","background-attachment":"scroll","background-type":"","background-media":"","overlay-type":"","overlay-color":"","overlay-opacity":"","overlay-gradient":""},"tablet":{"background-color":"","background-image":"","background-repeat":"repeat","background-position":"center center","background-size":"auto","background-attachment":"scroll","background-type":"","background-media":"","overlay-type":"","overlay-color":"","overlay-opacity":"","overlay-gradient":""},"mobile":{"background-color":"","background-image":"","background-repeat":"repeat","background-position":"center center","background-size":"auto","background-attachment":"scroll","background-type":"","background-media":"","overlay-type":"","overlay-color":"","overlay-opacity":"","overlay-gradient":""}},"ast-content-background-meta":{"desktop":{"background-color":"var(--ast-global-color-4)","background-image":"","background-repeat":"repeat","background-position":"center center","background-size":"auto","background-attachment":"scroll","background-type":"","background-media":"","overlay-type":"","overlay-color":"","overlay-opacity":"","overlay-gradient":""},"tablet":{"background-color":"var(--ast-global-color-4)","background-image":"","background-repeat":"repeat","background-position":"center center","background-size":"auto","background-attachment":"scroll","background-type":"","background-media":"","overlay-type":"","overlay-color":"","overlay-opacity":"","overlay-gradient":""},"mobile":{"background-color":"var(--ast-global-color-4)","background-image":"","background-repeat":"repeat","background-position":"center center","background-size":"auto","background-attachment":"scroll","background-type":"","background-media":"","overlay-type":"","overlay-color":"","overlay-opacity":"","overlay-gradient":""}},"footnotes":""},"categories":[1],"tags":[84,85],"class_list":["post-851","post","type-post","status-publish","format-standard","hentry","category-generale","tag-giornata-nazionale-per-la-vita","tag-la-forza-della-vita-una-sfida-nella-poverta"],"gutentor_comment":0,"yoast_head":"<!-- This site is optimized with the Yoast SEO plugin v26.8 - https:\/\/yoast.com\/product\/yoast-seo-wordpress\/ -->\r\n<title>32a Giornata Nazionale per la vita (7 febbraio 2010) - &quot;La forza della vita una sfida nella povert\u00e0&quot; - Caritas Diocesana Bari-Bitonto<\/title>\r\n<meta name=\"robots\" content=\"index, follow, max-snippet:-1, max-image-preview:large, max-video-preview:-1\" \/>\r\n<link rel=\"canonical\" href=\"https:\/\/www.caritasbaribitonto.it\/public\/home\/2010\/02\/32a-giornata-nazionale-per-la-vita-7-febbraio-2010-la-forza-della-vita-una-sfida-nella-poverta\/\" \/>\r\n<meta property=\"og:locale\" content=\"it_IT\" \/>\r\n<meta property=\"og:type\" content=\"article\" \/>\r\n<meta property=\"og:title\" content=\"32a Giornata Nazionale per la vita (7 febbraio 2010) - &quot;La forza della vita una sfida nella povert\u00e0&quot; - Caritas Diocesana Bari-Bitonto\" \/>\r\n<meta property=\"og:description\" content=\"&#8220;La forza della vita una sfida nella povert\u00e0&#8221; Chi guarda al benessere economico alla luce del Vangelo sa che esso [&hellip;]\" \/>\r\n<meta property=\"og:url\" content=\"https:\/\/www.caritasbaribitonto.it\/public\/home\/2010\/02\/32a-giornata-nazionale-per-la-vita-7-febbraio-2010-la-forza-della-vita-una-sfida-nella-poverta\/\" \/>\r\n<meta property=\"og:site_name\" content=\"Caritas Diocesana Bari-Bitonto\" \/>\r\n<meta property=\"article:publisher\" content=\"https:\/\/www.facebook.com\/pages\/Caritas-Diocesana-Bari-Bitonto\/533981476753770\" \/>\r\n<meta property=\"article:published_time\" content=\"2010-02-02T08:11:16+00:00\" \/>\r\n<meta property=\"article:modified_time\" content=\"2010-02-02T08:14:58+00:00\" \/>\r\n<meta property=\"og:image\" content=\"https:\/\/www.caritasbaribitonto.it\/public\/home\/img\/uploads\/2015\/06\/molosantantonioBari.jpg\" \/>\r\n\t<meta property=\"og:image:width\" content=\"990\" \/>\r\n\t<meta property=\"og:image:height\" content=\"658\" \/>\r\n\t<meta property=\"og:image:type\" content=\"image\/jpeg\" \/>\r\n<meta name=\"author\" content=\"Giovanni Caputo\" \/>\r\n<meta name=\"twitter:card\" content=\"summary_large_image\" \/>\r\n<meta name=\"twitter:label1\" content=\"Scritto da\" \/>\n\t<meta name=\"twitter:data1\" content=\"Giovanni Caputo\" \/>\n\t<meta name=\"twitter:label2\" content=\"Tempo di lettura stimato\" \/>\n\t<meta name=\"twitter:data2\" content=\"3 minuti\" \/>\r\n<script type=\"application\/ld+json\" class=\"yoast-schema-graph\">{\"@context\":\"https:\/\/schema.org\",\"@graph\":[{\"@type\":\"Article\",\"@id\":\"https:\/\/www.caritasbaribitonto.it\/public\/home\/2010\/02\/32a-giornata-nazionale-per-la-vita-7-febbraio-2010-la-forza-della-vita-una-sfida-nella-poverta\/#article\",\"isPartOf\":{\"@id\":\"https:\/\/www.caritasbaribitonto.it\/public\/home\/2010\/02\/32a-giornata-nazionale-per-la-vita-7-febbraio-2010-la-forza-della-vita-una-sfida-nella-poverta\/\"},\"author\":{\"name\":\"Giovanni Caputo\",\"@id\":\"https:\/\/www.caritasbaribitonto.it\/public\/home\/#\/schema\/person\/06b333402b70fdadb662b68974e8c97a\"},\"headline\":\"32a Giornata Nazionale per la vita (7 febbraio 2010) &#8211; &#8220;La forza della vita una sfida nella povert\u00e0&#8221;\",\"datePublished\":\"2010-02-02T08:11:16+00:00\",\"dateModified\":\"2010-02-02T08:14:58+00:00\",\"mainEntityOfPage\":{\"@id\":\"https:\/\/www.caritasbaribitonto.it\/public\/home\/2010\/02\/32a-giornata-nazionale-per-la-vita-7-febbraio-2010-la-forza-della-vita-una-sfida-nella-poverta\/\"},\"wordCount\":721,\"publisher\":{\"@id\":\"https:\/\/www.caritasbaribitonto.it\/public\/home\/#organization\"},\"keywords\":[\"giornata nazionale per la vita\",\"la forza della vita una sfida nella poverta\"],\"articleSection\":[\"Generale\"],\"inLanguage\":\"it-IT\"},{\"@type\":\"WebPage\",\"@id\":\"https:\/\/www.caritasbaribitonto.it\/public\/home\/2010\/02\/32a-giornata-nazionale-per-la-vita-7-febbraio-2010-la-forza-della-vita-una-sfida-nella-poverta\/\",\"url\":\"https:\/\/www.caritasbaribitonto.it\/public\/home\/2010\/02\/32a-giornata-nazionale-per-la-vita-7-febbraio-2010-la-forza-della-vita-una-sfida-nella-poverta\/\",\"name\":\"32a Giornata Nazionale per la vita (7 febbraio 2010) - \\\"La forza della vita una sfida nella povert\u00e0\\\" - Caritas Diocesana Bari-Bitonto\",\"isPartOf\":{\"@id\":\"https:\/\/www.caritasbaribitonto.it\/public\/home\/#website\"},\"datePublished\":\"2010-02-02T08:11:16+00:00\",\"dateModified\":\"2010-02-02T08:14:58+00:00\",\"breadcrumb\":{\"@id\":\"https:\/\/www.caritasbaribitonto.it\/public\/home\/2010\/02\/32a-giornata-nazionale-per-la-vita-7-febbraio-2010-la-forza-della-vita-una-sfida-nella-poverta\/#breadcrumb\"},\"inLanguage\":\"it-IT\",\"potentialAction\":[{\"@type\":\"ReadAction\",\"target\":[\"https:\/\/www.caritasbaribitonto.it\/public\/home\/2010\/02\/32a-giornata-nazionale-per-la-vita-7-febbraio-2010-la-forza-della-vita-una-sfida-nella-poverta\/\"]}]},{\"@type\":\"BreadcrumbList\",\"@id\":\"https:\/\/www.caritasbaribitonto.it\/public\/home\/2010\/02\/32a-giornata-nazionale-per-la-vita-7-febbraio-2010-la-forza-della-vita-una-sfida-nella-poverta\/#breadcrumb\",\"itemListElement\":[{\"@type\":\"ListItem\",\"position\":1,\"name\":\"Home\",\"item\":\"https:\/\/www.caritasbaribitonto.it\/public\/home\/\"},{\"@type\":\"ListItem\",\"position\":2,\"name\":\"32a Giornata Nazionale per la vita (7 febbraio 2010) &#8211; &#8220;La forza della vita una sfida nella povert\u00e0&#8221;\"}]},{\"@type\":\"WebSite\",\"@id\":\"https:\/\/www.caritasbaribitonto.it\/public\/home\/#website\",\"url\":\"https:\/\/www.caritasbaribitonto.it\/public\/home\/\",\"name\":\"Caritas Diocesana Bari-Bitonto\",\"description\":\"I santi della porta accanto\",\"publisher\":{\"@id\":\"https:\/\/www.caritasbaribitonto.it\/public\/home\/#organization\"},\"potentialAction\":[{\"@type\":\"SearchAction\",\"target\":{\"@type\":\"EntryPoint\",\"urlTemplate\":\"https:\/\/www.caritasbaribitonto.it\/public\/home\/?s={search_term_string}\"},\"query-input\":{\"@type\":\"PropertyValueSpecification\",\"valueRequired\":true,\"valueName\":\"search_term_string\"}}],\"inLanguage\":\"it-IT\"},{\"@type\":\"Organization\",\"@id\":\"https:\/\/www.caritasbaribitonto.it\/public\/home\/#organization\",\"name\":\"Caritas Diocesana Bari-Bitonto\",\"url\":\"https:\/\/www.caritasbaribitonto.it\/public\/home\/\",\"logo\":{\"@type\":\"ImageObject\",\"inLanguage\":\"it-IT\",\"@id\":\"https:\/\/www.caritasbaribitonto.it\/public\/home\/#\/schema\/logo\/image\/\",\"url\":\"https:\/\/www.caritasbaribitonto.it\/public\/home\/img\/uploads\/2025\/02\/cropped-cropped-caritas2025_350x112.png\",\"contentUrl\":\"https:\/\/www.caritasbaribitonto.it\/public\/home\/img\/uploads\/2025\/02\/cropped-cropped-caritas2025_350x112.png\",\"width\":350,\"height\":112,\"caption\":\"Caritas Diocesana Bari-Bitonto\"},\"image\":{\"@id\":\"https:\/\/www.caritasbaribitonto.it\/public\/home\/#\/schema\/logo\/image\/\"},\"sameAs\":[\"https:\/\/www.facebook.com\/pages\/Caritas-Diocesana-Bari-Bitonto\/533981476753770\"]},{\"@type\":\"Person\",\"@id\":\"https:\/\/www.caritasbaribitonto.it\/public\/home\/#\/schema\/person\/06b333402b70fdadb662b68974e8c97a\",\"name\":\"Giovanni Caputo\",\"image\":{\"@type\":\"ImageObject\",\"inLanguage\":\"it-IT\",\"@id\":\"https:\/\/www.caritasbaribitonto.it\/public\/home\/#\/schema\/person\/image\/\",\"url\":\"https:\/\/secure.gravatar.com\/avatar\/6c7e9d4e1e2394bfa4e38377bd0b5e03cbf0c79e27918e6497d3f408f89d0d3b?s=96&d=identicon&r=g\",\"contentUrl\":\"https:\/\/secure.gravatar.com\/avatar\/6c7e9d4e1e2394bfa4e38377bd0b5e03cbf0c79e27918e6497d3f408f89d0d3b?s=96&d=identicon&r=g\",\"caption\":\"Giovanni Caputo\"},\"url\":\"https:\/\/www.caritasbaribitonto.it\/public\/home\/author\/admin\/\"}]}<\/script>\r\n<!-- \/ Yoast SEO plugin. -->","yoast_head_json":{"title":"32a Giornata Nazionale per la vita (7 febbraio 2010) - \"La forza della vita una sfida nella povert\u00e0\" - Caritas Diocesana Bari-Bitonto","robots":{"index":"index","follow":"follow","max-snippet":"max-snippet:-1","max-image-preview":"max-image-preview:large","max-video-preview":"max-video-preview:-1"},"canonical":"https:\/\/www.caritasbaribitonto.it\/public\/home\/2010\/02\/32a-giornata-nazionale-per-la-vita-7-febbraio-2010-la-forza-della-vita-una-sfida-nella-poverta\/","og_locale":"it_IT","og_type":"article","og_title":"32a Giornata Nazionale per la vita (7 febbraio 2010) - \"La forza della vita una sfida nella povert\u00e0\" - Caritas Diocesana Bari-Bitonto","og_description":"&#8220;La forza della vita una sfida nella povert\u00e0&#8221; Chi guarda al benessere economico alla luce del Vangelo sa che esso [&hellip;]","og_url":"https:\/\/www.caritasbaribitonto.it\/public\/home\/2010\/02\/32a-giornata-nazionale-per-la-vita-7-febbraio-2010-la-forza-della-vita-una-sfida-nella-poverta\/","og_site_name":"Caritas Diocesana Bari-Bitonto","article_publisher":"https:\/\/www.facebook.com\/pages\/Caritas-Diocesana-Bari-Bitonto\/533981476753770","article_published_time":"2010-02-02T08:11:16+00:00","article_modified_time":"2010-02-02T08:14:58+00:00","og_image":[{"width":990,"height":658,"url":"https:\/\/www.caritasbaribitonto.it\/public\/home\/img\/uploads\/2015\/06\/molosantantonioBari.jpg","type":"image\/jpeg"}],"author":"Giovanni Caputo","twitter_card":"summary_large_image","twitter_misc":{"Scritto da":"Giovanni Caputo","Tempo di lettura stimato":"3 minuti"},"schema":{"@context":"https:\/\/schema.org","@graph":[{"@type":"Article","@id":"https:\/\/www.caritasbaribitonto.it\/public\/home\/2010\/02\/32a-giornata-nazionale-per-la-vita-7-febbraio-2010-la-forza-della-vita-una-sfida-nella-poverta\/#article","isPartOf":{"@id":"https:\/\/www.caritasbaribitonto.it\/public\/home\/2010\/02\/32a-giornata-nazionale-per-la-vita-7-febbraio-2010-la-forza-della-vita-una-sfida-nella-poverta\/"},"author":{"name":"Giovanni Caputo","@id":"https:\/\/www.caritasbaribitonto.it\/public\/home\/#\/schema\/person\/06b333402b70fdadb662b68974e8c97a"},"headline":"32a Giornata Nazionale per la vita (7 febbraio 2010) &#8211; &#8220;La forza della vita una sfida nella povert\u00e0&#8221;","datePublished":"2010-02-02T08:11:16+00:00","dateModified":"2010-02-02T08:14:58+00:00","mainEntityOfPage":{"@id":"https:\/\/www.caritasbaribitonto.it\/public\/home\/2010\/02\/32a-giornata-nazionale-per-la-vita-7-febbraio-2010-la-forza-della-vita-una-sfida-nella-poverta\/"},"wordCount":721,"publisher":{"@id":"https:\/\/www.caritasbaribitonto.it\/public\/home\/#organization"},"keywords":["giornata nazionale per la vita","la forza della vita una sfida nella poverta"],"articleSection":["Generale"],"inLanguage":"it-IT"},{"@type":"WebPage","@id":"https:\/\/www.caritasbaribitonto.it\/public\/home\/2010\/02\/32a-giornata-nazionale-per-la-vita-7-febbraio-2010-la-forza-della-vita-una-sfida-nella-poverta\/","url":"https:\/\/www.caritasbaribitonto.it\/public\/home\/2010\/02\/32a-giornata-nazionale-per-la-vita-7-febbraio-2010-la-forza-della-vita-una-sfida-nella-poverta\/","name":"32a Giornata Nazionale per la vita (7 febbraio 2010) - \"La forza della vita una sfida nella povert\u00e0\" - Caritas Diocesana Bari-Bitonto","isPartOf":{"@id":"https:\/\/www.caritasbaribitonto.it\/public\/home\/#website"},"datePublished":"2010-02-02T08:11:16+00:00","dateModified":"2010-02-02T08:14:58+00:00","breadcrumb":{"@id":"https:\/\/www.caritasbaribitonto.it\/public\/home\/2010\/02\/32a-giornata-nazionale-per-la-vita-7-febbraio-2010-la-forza-della-vita-una-sfida-nella-poverta\/#breadcrumb"},"inLanguage":"it-IT","potentialAction":[{"@type":"ReadAction","target":["https:\/\/www.caritasbaribitonto.it\/public\/home\/2010\/02\/32a-giornata-nazionale-per-la-vita-7-febbraio-2010-la-forza-della-vita-una-sfida-nella-poverta\/"]}]},{"@type":"BreadcrumbList","@id":"https:\/\/www.caritasbaribitonto.it\/public\/home\/2010\/02\/32a-giornata-nazionale-per-la-vita-7-febbraio-2010-la-forza-della-vita-una-sfida-nella-poverta\/#breadcrumb","itemListElement":[{"@type":"ListItem","position":1,"name":"Home","item":"https:\/\/www.caritasbaribitonto.it\/public\/home\/"},{"@type":"ListItem","position":2,"name":"32a Giornata Nazionale per la vita (7 febbraio 2010) &#8211; &#8220;La forza della vita una sfida nella povert\u00e0&#8221;"}]},{"@type":"WebSite","@id":"https:\/\/www.caritasbaribitonto.it\/public\/home\/#website","url":"https:\/\/www.caritasbaribitonto.it\/public\/home\/","name":"Caritas Diocesana Bari-Bitonto","description":"I santi della porta accanto","publisher":{"@id":"https:\/\/www.caritasbaribitonto.it\/public\/home\/#organization"},"potentialAction":[{"@type":"SearchAction","target":{"@type":"EntryPoint","urlTemplate":"https:\/\/www.caritasbaribitonto.it\/public\/home\/?s={search_term_string}"},"query-input":{"@type":"PropertyValueSpecification","valueRequired":true,"valueName":"search_term_string"}}],"inLanguage":"it-IT"},{"@type":"Organization","@id":"https:\/\/www.caritasbaribitonto.it\/public\/home\/#organization","name":"Caritas Diocesana Bari-Bitonto","url":"https:\/\/www.caritasbaribitonto.it\/public\/home\/","logo":{"@type":"ImageObject","inLanguage":"it-IT","@id":"https:\/\/www.caritasbaribitonto.it\/public\/home\/#\/schema\/logo\/image\/","url":"https:\/\/www.caritasbaribitonto.it\/public\/home\/img\/uploads\/2025\/02\/cropped-cropped-caritas2025_350x112.png","contentUrl":"https:\/\/www.caritasbaribitonto.it\/public\/home\/img\/uploads\/2025\/02\/cropped-cropped-caritas2025_350x112.png","width":350,"height":112,"caption":"Caritas Diocesana Bari-Bitonto"},"image":{"@id":"https:\/\/www.caritasbaribitonto.it\/public\/home\/#\/schema\/logo\/image\/"},"sameAs":["https:\/\/www.facebook.com\/pages\/Caritas-Diocesana-Bari-Bitonto\/533981476753770"]},{"@type":"Person","@id":"https:\/\/www.caritasbaribitonto.it\/public\/home\/#\/schema\/person\/06b333402b70fdadb662b68974e8c97a","name":"Giovanni Caputo","image":{"@type":"ImageObject","inLanguage":"it-IT","@id":"https:\/\/www.caritasbaribitonto.it\/public\/home\/#\/schema\/person\/image\/","url":"https:\/\/secure.gravatar.com\/avatar\/6c7e9d4e1e2394bfa4e38377bd0b5e03cbf0c79e27918e6497d3f408f89d0d3b?s=96&d=identicon&r=g","contentUrl":"https:\/\/secure.gravatar.com\/avatar\/6c7e9d4e1e2394bfa4e38377bd0b5e03cbf0c79e27918e6497d3f408f89d0d3b?s=96&d=identicon&r=g","caption":"Giovanni Caputo"},"url":"https:\/\/www.caritasbaribitonto.it\/public\/home\/author\/admin\/"}]}},"jetpack_featured_media_url":"","uagb_featured_image_src":{"full":false,"thumbnail":false,"medium":false,"medium_large":false,"large":false,"1536x1536":false,"2048x2048":false},"uagb_author_info":{"display_name":"Giovanni Caputo","author_link":"https:\/\/www.caritasbaribitonto.it\/public\/home\/author\/admin\/"},"uagb_comment_info":0,"uagb_excerpt":"&#8220;La forza della vita una sfida nella povert\u00e0&#8221; Chi guarda al benessere economico alla luce del Vangelo sa che esso [&hellip;]","_links":{"self":[{"href":"https:\/\/www.caritasbaribitonto.it\/public\/home\/wp-json\/wp\/v2\/posts\/851","targetHints":{"allow":["GET"]}}],"collection":[{"href":"https:\/\/www.caritasbaribitonto.it\/public\/home\/wp-json\/wp\/v2\/posts"}],"about":[{"href":"https:\/\/www.caritasbaribitonto.it\/public\/home\/wp-json\/wp\/v2\/types\/post"}],"author":[{"embeddable":true,"href":"https:\/\/www.caritasbaribitonto.it\/public\/home\/wp-json\/wp\/v2\/users\/1"}],"replies":[{"embeddable":true,"href":"https:\/\/www.caritasbaribitonto.it\/public\/home\/wp-json\/wp\/v2\/comments?post=851"}],"version-history":[{"count":0,"href":"https:\/\/www.caritasbaribitonto.it\/public\/home\/wp-json\/wp\/v2\/posts\/851\/revisions"}],"wp:attachment":[{"href":"https:\/\/www.caritasbaribitonto.it\/public\/home\/wp-json\/wp\/v2\/media?parent=851"}],"wp:term":[{"taxonomy":"category","embeddable":true,"href":"https:\/\/www.caritasbaribitonto.it\/public\/home\/wp-json\/wp\/v2\/categories?post=851"},{"taxonomy":"post_tag","embeddable":true,"href":"https:\/\/www.caritasbaribitonto.it\/public\/home\/wp-json\/wp\/v2\/tags?post=851"}],"curies":[{"name":"wp","href":"https:\/\/api.w.org\/{rel}","templated":true}]}}