{"id":8436,"date":"2026-01-30T10:28:28","date_gmt":"2026-01-30T09:28:28","guid":{"rendered":"https:\/\/www.caritasbaribitonto.it\/public\/home\/?p=8436"},"modified":"2026-01-30T15:22:12","modified_gmt":"2026-01-30T14:22:12","slug":"niscemi-ferita-dalla-frana-la-vicinanza-della-caritas","status":"publish","type":"post","link":"https:\/\/www.caritasbaribitonto.it\/public\/home\/2026\/01\/niscemi-ferita-dalla-frana-la-vicinanza-della-caritas\/","title":{"rendered":"Niscemi ferita dalla frana: la vicinanza della Caritas"},"content":{"rendered":"\n<figure class=\"wp-block-image size-large\"><img loading=\"lazy\" decoding=\"async\" width=\"775\" height=\"1024\" src=\"https:\/\/www.caritasbaribitonto.it\/public\/home\/img\/uploads\/2026\/01\/a2d57aa2-c252-4de0-8337-fdb64dd9528e-775x1024.jpeg\" alt=\"\" class=\"wp-image-8442\" srcset=\"https:\/\/www.caritasbaribitonto.it\/public\/home\/img\/uploads\/2026\/01\/a2d57aa2-c252-4de0-8337-fdb64dd9528e-775x1024.jpeg 775w, https:\/\/www.caritasbaribitonto.it\/public\/home\/img\/uploads\/2026\/01\/a2d57aa2-c252-4de0-8337-fdb64dd9528e-227x300.jpeg 227w, https:\/\/www.caritasbaribitonto.it\/public\/home\/img\/uploads\/2026\/01\/a2d57aa2-c252-4de0-8337-fdb64dd9528e-768x1014.jpeg 768w, https:\/\/www.caritasbaribitonto.it\/public\/home\/img\/uploads\/2026\/01\/a2d57aa2-c252-4de0-8337-fdb64dd9528e-1163x1536.jpeg 1163w, https:\/\/www.caritasbaribitonto.it\/public\/home\/img\/uploads\/2026\/01\/a2d57aa2-c252-4de0-8337-fdb64dd9528e.jpeg 1284w\" sizes=\"auto, (max-width: 775px) 100vw, 775px\" \/><\/figure>\n\n\n\n<p>Niscemi \u00e8 una citt\u00e0 ferita.<br>La frana che in questi giorni ha colpito il territorio non \u00e8 solo un evento naturale: \u00e8 una tragedia che ha costretto centinaia di persone a lasciare le proprie case, spezzando quotidianit\u00e0, sicurezze, legami. Case evacuate, famiglie sfollate, paura che continua.<\/p>\n\n\n\n<p>Come Caritas di Bari-Bitonto esprimiamo vicinanza profonda e concreta alla comunit\u00e0 di Niscemi. Il dolore che si vive non pu\u00f2 essere archiviato come fatalit\u00e0: interpella tutti noi sul tema della fragilit\u00e0 dei territori, della prevenzione mancata, della tutela delle persone pi\u00f9 vulnerabili.<\/p>\n\n\n\n<p>In questo momento la priorit\u00e0 \u00e8 non lasciare soli: chi ha perso la casa, chi vive nell\u2019incertezza, chi porta addosso lo shock di una vita improvvisamente sospesa.<br>La Caritas \u00e8 e sar\u00e0 accanto alle persone colpite, pronta a collaborare con la Chiesa locale, le istituzioni e le reti di solidariet\u00e0 perch\u00e9 l\u2019emergenza non si trasformi in abbandono.<\/p>\n\n\n\n<p>Dal dolore di Niscemi nasce un appello che riguarda tutti: abitare i territori con responsabilit\u00e0, custodire la vita prima delle opere, mettere al centro le persone.<\/p>\n\n\n\n<p>Siamo vicini. Con discrezione. Con perseveranza. Con carit\u00e0.<\/p>\n\n\n\n<p><\/p>\n","protected":false},"excerpt":{"rendered":"<p>Niscemi \u00e8 una citt\u00e0 ferita.La frana che in questi giorni ha colpito il territorio non \u00e8 solo un evento naturale: [&hellip;]<\/p>\n","protected":false},"author":1,"featured_media":8437,"comment_status":"closed","ping_status":"closed","sticky":false,"template":"","format":"standard","meta":{"_uag_custom_page_level_css":"","site-sidebar-layout":"default","site-content-layout":"","ast-site-content-layout":"default","site-content-style":"default","site-sidebar-style":"default","ast-global-header-display":"","ast-banner-title-visibility":"","ast-main-header-display":"","ast-hfb-above-header-display":"","ast-hfb-below-header-display":"","ast-hfb-mobile-header-display":"","site-post-title":"","ast-breadcrumbs-content":"","ast-featured-img":"","footer-sml-layout":"","theme-transparent-header-meta":"","adv-header-id-meta":"","stick-header-meta":"","header-above-stick-meta":"","header-main-stick-meta":"","header-below-stick-meta":"","astra-migrate-meta-layouts":"default","ast-page-background-enabled":"default","ast-page-background-meta":{"desktop":{"background-color":"var(--ast-global-color-5)","background-image":"","background-repeat":"repeat","background-position":"center center","background-size":"auto","background-attachment":"scroll","background-type":"","background-media":"","overlay-type":"","overlay-color":"","overlay-opacity":"","overlay-gradient":""},"tablet":{"background-color":"","background-image":"","background-repeat":"repeat","background-position":"center center","background-size":"auto","background-attachment":"scroll","background-type":"","background-media":"","overlay-type":"","overlay-color":"","overlay-opacity":"","overlay-gradient":""},"mobile":{"background-color":"","background-image":"","background-repeat":"repeat","background-position":"center center","background-size":"auto","background-attachment":"scroll","background-type":"","background-media":"","overlay-type":"","overlay-color":"","overlay-opacity":"","overlay-gradient":""}},"ast-content-background-meta":{"desktop":{"background-color":"var(--ast-global-color-4)","background-image":"","background-repeat":"repeat","background-position":"center center","background-size":"auto","background-attachment":"scroll","background-type":"","background-media":"","overlay-type":"","overlay-color":"","overlay-opacity":"","overlay-gradient":""},"tablet":{"background-color":"var(--ast-global-color-4)","background-image":"","background-repeat":"repeat","background-position":"center center","background-size":"auto","background-attachment":"scroll","background-type":"","background-media":"","overlay-type":"","overlay-color":"","overlay-opacity":"","overlay-gradient":""},"mobile":{"background-color":"var(--ast-global-color-4)","background-image":"","background-repeat":"repeat","background-position":"center center","background-size":"auto","background-attachment":"scroll","background-type":"","background-media":"","overlay-type":"","overlay-color":"","overlay-opacity":"","overlay-gradient":""}},"footnotes":""},"categories":[3],"tags":[],"class_list":["post-8436","post","type-post","status-publish","format-standard","has-post-thumbnail","hentry","category-avvisi"],"gutentor_comment":0,"yoast_head":"<!-- This site is optimized with the Yoast SEO plugin v26.8 - https:\/\/yoast.com\/product\/yoast-seo-wordpress\/ -->\r\n<title>Niscemi ferita dalla frana: la vicinanza della Caritas - Caritas Diocesana Bari-Bitonto<\/title>\r\n<meta name=\"robots\" content=\"index, follow, max-snippet:-1, max-image-preview:large, max-video-preview:-1\" \/>\r\n<link rel=\"canonical\" href=\"https:\/\/www.caritasbaribitonto.it\/public\/home\/2026\/01\/niscemi-ferita-dalla-frana-la-vicinanza-della-caritas\/\" \/>\r\n<meta property=\"og:locale\" content=\"it_IT\" \/>\r\n<meta property=\"og:type\" content=\"article\" \/>\r\n<meta property=\"og:title\" content=\"Niscemi ferita dalla frana: la vicinanza della Caritas - Caritas Diocesana Bari-Bitonto\" \/>\r\n<meta property=\"og:description\" content=\"Niscemi \u00e8 una citt\u00e0 ferita.La frana che in questi giorni ha colpito il territorio non \u00e8 solo un evento naturale: [&hellip;]\" \/>\r\n<meta property=\"og:url\" content=\"https:\/\/www.caritasbaribitonto.it\/public\/home\/2026\/01\/niscemi-ferita-dalla-frana-la-vicinanza-della-caritas\/\" \/>\r\n<meta property=\"og:site_name\" content=\"Caritas Diocesana Bari-Bitonto\" \/>\r\n<meta property=\"article:publisher\" content=\"https:\/\/www.facebook.com\/pages\/Caritas-Diocesana-Bari-Bitonto\/533981476753770\" \/>\r\n<meta property=\"article:published_time\" content=\"2026-01-30T09:28:28+00:00\" \/>\r\n<meta property=\"article:modified_time\" content=\"2026-01-30T14:22:12+00:00\" \/>\r\n<meta property=\"og:image\" content=\"https:\/\/www.caritasbaribitonto.it\/public\/home\/img\/uploads\/2026\/01\/IMG_1870.jpeg\" \/>\r\n\t<meta property=\"og:image:width\" content=\"1320\" \/>\r\n\t<meta property=\"og:image:height\" content=\"743\" \/>\r\n\t<meta property=\"og:image:type\" content=\"image\/jpeg\" \/>\r\n<meta name=\"author\" content=\"Giovanni Caputo\" \/>\r\n<meta name=\"twitter:card\" content=\"summary_large_image\" \/>\r\n<meta name=\"twitter:label1\" content=\"Scritto da\" \/>\n\t<meta name=\"twitter:data1\" content=\"Giovanni Caputo\" \/>\n\t<meta name=\"twitter:label2\" content=\"Tempo di lettura stimato\" \/>\n\t<meta name=\"twitter:data2\" content=\"2 minuti\" \/>\r\n<script type=\"application\/ld+json\" class=\"yoast-schema-graph\">{\"@context\":\"https:\/\/schema.org\",\"@graph\":[{\"@type\":\"Article\",\"@id\":\"https:\/\/www.caritasbaribitonto.it\/public\/home\/2026\/01\/niscemi-ferita-dalla-frana-la-vicinanza-della-caritas\/#article\",\"isPartOf\":{\"@id\":\"https:\/\/www.caritasbaribitonto.it\/public\/home\/2026\/01\/niscemi-ferita-dalla-frana-la-vicinanza-della-caritas\/\"},\"author\":{\"name\":\"Giovanni Caputo\",\"@id\":\"https:\/\/www.caritasbaribitonto.it\/public\/home\/#\/schema\/person\/06b333402b70fdadb662b68974e8c97a\"},\"headline\":\"Niscemi ferita dalla frana: la vicinanza della Caritas\",\"datePublished\":\"2026-01-30T09:28:28+00:00\",\"dateModified\":\"2026-01-30T14:22:12+00:00\",\"mainEntityOfPage\":{\"@id\":\"https:\/\/www.caritasbaribitonto.it\/public\/home\/2026\/01\/niscemi-ferita-dalla-frana-la-vicinanza-della-caritas\/\"},\"wordCount\":184,\"publisher\":{\"@id\":\"https:\/\/www.caritasbaribitonto.it\/public\/home\/#organization\"},\"image\":{\"@id\":\"https:\/\/www.caritasbaribitonto.it\/public\/home\/2026\/01\/niscemi-ferita-dalla-frana-la-vicinanza-della-caritas\/#primaryimage\"},\"thumbnailUrl\":\"https:\/\/www.caritasbaribitonto.it\/public\/home\/img\/uploads\/2026\/01\/IMG_1870.jpeg\",\"articleSection\":[\"Avvisi\"],\"inLanguage\":\"it-IT\"},{\"@type\":\"WebPage\",\"@id\":\"https:\/\/www.caritasbaribitonto.it\/public\/home\/2026\/01\/niscemi-ferita-dalla-frana-la-vicinanza-della-caritas\/\",\"url\":\"https:\/\/www.caritasbaribitonto.it\/public\/home\/2026\/01\/niscemi-ferita-dalla-frana-la-vicinanza-della-caritas\/\",\"name\":\"Niscemi ferita dalla frana: la vicinanza della Caritas - Caritas Diocesana Bari-Bitonto\",\"isPartOf\":{\"@id\":\"https:\/\/www.caritasbaribitonto.it\/public\/home\/#website\"},\"primaryImageOfPage\":{\"@id\":\"https:\/\/www.caritasbaribitonto.it\/public\/home\/2026\/01\/niscemi-ferita-dalla-frana-la-vicinanza-della-caritas\/#primaryimage\"},\"image\":{\"@id\":\"https:\/\/www.caritasbaribitonto.it\/public\/home\/2026\/01\/niscemi-ferita-dalla-frana-la-vicinanza-della-caritas\/#primaryimage\"},\"thumbnailUrl\":\"https:\/\/www.caritasbaribitonto.it\/public\/home\/img\/uploads\/2026\/01\/IMG_1870.jpeg\",\"datePublished\":\"2026-01-30T09:28:28+00:00\",\"dateModified\":\"2026-01-30T14:22:12+00:00\",\"breadcrumb\":{\"@id\":\"https:\/\/www.caritasbaribitonto.it\/public\/home\/2026\/01\/niscemi-ferita-dalla-frana-la-vicinanza-della-caritas\/#breadcrumb\"},\"inLanguage\":\"it-IT\",\"potentialAction\":[{\"@type\":\"ReadAction\",\"target\":[\"https:\/\/www.caritasbaribitonto.it\/public\/home\/2026\/01\/niscemi-ferita-dalla-frana-la-vicinanza-della-caritas\/\"]}]},{\"@type\":\"ImageObject\",\"inLanguage\":\"it-IT\",\"@id\":\"https:\/\/www.caritasbaribitonto.it\/public\/home\/2026\/01\/niscemi-ferita-dalla-frana-la-vicinanza-della-caritas\/#primaryimage\",\"url\":\"https:\/\/www.caritasbaribitonto.it\/public\/home\/img\/uploads\/2026\/01\/IMG_1870.jpeg\",\"contentUrl\":\"https:\/\/www.caritasbaribitonto.it\/public\/home\/img\/uploads\/2026\/01\/IMG_1870.jpeg\",\"width\":1320,\"height\":743},{\"@type\":\"BreadcrumbList\",\"@id\":\"https:\/\/www.caritasbaribitonto.it\/public\/home\/2026\/01\/niscemi-ferita-dalla-frana-la-vicinanza-della-caritas\/#breadcrumb\",\"itemListElement\":[{\"@type\":\"ListItem\",\"position\":1,\"name\":\"Home\",\"item\":\"https:\/\/www.caritasbaribitonto.it\/public\/home\/\"},{\"@type\":\"ListItem\",\"position\":2,\"name\":\"Niscemi ferita dalla frana: la vicinanza della Caritas\"}]},{\"@type\":\"WebSite\",\"@id\":\"https:\/\/www.caritasbaribitonto.it\/public\/home\/#website\",\"url\":\"https:\/\/www.caritasbaribitonto.it\/public\/home\/\",\"name\":\"Caritas Diocesana Bari-Bitonto\",\"description\":\"I santi della porta accanto\",\"publisher\":{\"@id\":\"https:\/\/www.caritasbaribitonto.it\/public\/home\/#organization\"},\"potentialAction\":[{\"@type\":\"SearchAction\",\"target\":{\"@type\":\"EntryPoint\",\"urlTemplate\":\"https:\/\/www.caritasbaribitonto.it\/public\/home\/?s={search_term_string}\"},\"query-input\":{\"@type\":\"PropertyValueSpecification\",\"valueRequired\":true,\"valueName\":\"search_term_string\"}}],\"inLanguage\":\"it-IT\"},{\"@type\":\"Organization\",\"@id\":\"https:\/\/www.caritasbaribitonto.it\/public\/home\/#organization\",\"name\":\"Caritas Diocesana Bari-Bitonto\",\"url\":\"https:\/\/www.caritasbaribitonto.it\/public\/home\/\",\"logo\":{\"@type\":\"ImageObject\",\"inLanguage\":\"it-IT\",\"@id\":\"https:\/\/www.caritasbaribitonto.it\/public\/home\/#\/schema\/logo\/image\/\",\"url\":\"https:\/\/www.caritasbaribitonto.it\/public\/home\/img\/uploads\/2025\/02\/cropped-cropped-caritas2025_350x112.png\",\"contentUrl\":\"https:\/\/www.caritasbaribitonto.it\/public\/home\/img\/uploads\/2025\/02\/cropped-cropped-caritas2025_350x112.png\",\"width\":350,\"height\":112,\"caption\":\"Caritas Diocesana Bari-Bitonto\"},\"image\":{\"@id\":\"https:\/\/www.caritasbaribitonto.it\/public\/home\/#\/schema\/logo\/image\/\"},\"sameAs\":[\"https:\/\/www.facebook.com\/pages\/Caritas-Diocesana-Bari-Bitonto\/533981476753770\"]},{\"@type\":\"Person\",\"@id\":\"https:\/\/www.caritasbaribitonto.it\/public\/home\/#\/schema\/person\/06b333402b70fdadb662b68974e8c97a\",\"name\":\"Giovanni Caputo\",\"image\":{\"@type\":\"ImageObject\",\"inLanguage\":\"it-IT\",\"@id\":\"https:\/\/www.caritasbaribitonto.it\/public\/home\/#\/schema\/person\/image\/\",\"url\":\"https:\/\/secure.gravatar.com\/avatar\/6c7e9d4e1e2394bfa4e38377bd0b5e03cbf0c79e27918e6497d3f408f89d0d3b?s=96&d=identicon&r=g\",\"contentUrl\":\"https:\/\/secure.gravatar.com\/avatar\/6c7e9d4e1e2394bfa4e38377bd0b5e03cbf0c79e27918e6497d3f408f89d0d3b?s=96&d=identicon&r=g\",\"caption\":\"Giovanni Caputo\"},\"url\":\"https:\/\/www.caritasbaribitonto.it\/public\/home\/author\/admin\/\"}]}<\/script>\r\n<!-- \/ Yoast SEO plugin. -->","yoast_head_json":{"title":"Niscemi ferita dalla frana: la vicinanza della Caritas - Caritas Diocesana Bari-Bitonto","robots":{"index":"index","follow":"follow","max-snippet":"max-snippet:-1","max-image-preview":"max-image-preview:large","max-video-preview":"max-video-preview:-1"},"canonical":"https:\/\/www.caritasbaribitonto.it\/public\/home\/2026\/01\/niscemi-ferita-dalla-frana-la-vicinanza-della-caritas\/","og_locale":"it_IT","og_type":"article","og_title":"Niscemi ferita dalla frana: la vicinanza della Caritas - Caritas Diocesana Bari-Bitonto","og_description":"Niscemi \u00e8 una citt\u00e0 ferita.La frana che in questi giorni ha colpito il territorio non \u00e8 solo un evento naturale: [&hellip;]","og_url":"https:\/\/www.caritasbaribitonto.it\/public\/home\/2026\/01\/niscemi-ferita-dalla-frana-la-vicinanza-della-caritas\/","og_site_name":"Caritas Diocesana Bari-Bitonto","article_publisher":"https:\/\/www.facebook.com\/pages\/Caritas-Diocesana-Bari-Bitonto\/533981476753770","article_published_time":"2026-01-30T09:28:28+00:00","article_modified_time":"2026-01-30T14:22:12+00:00","og_image":[{"width":1320,"height":743,"url":"https:\/\/www.caritasbaribitonto.it\/public\/home\/img\/uploads\/2026\/01\/IMG_1870.jpeg","type":"image\/jpeg"}],"author":"Giovanni Caputo","twitter_card":"summary_large_image","twitter_misc":{"Scritto da":"Giovanni Caputo","Tempo di lettura stimato":"2 minuti"},"schema":{"@context":"https:\/\/schema.org","@graph":[{"@type":"Article","@id":"https:\/\/www.caritasbaribitonto.it\/public\/home\/2026\/01\/niscemi-ferita-dalla-frana-la-vicinanza-della-caritas\/#article","isPartOf":{"@id":"https:\/\/www.caritasbaribitonto.it\/public\/home\/2026\/01\/niscemi-ferita-dalla-frana-la-vicinanza-della-caritas\/"},"author":{"name":"Giovanni Caputo","@id":"https:\/\/www.caritasbaribitonto.it\/public\/home\/#\/schema\/person\/06b333402b70fdadb662b68974e8c97a"},"headline":"Niscemi ferita dalla frana: la vicinanza della Caritas","datePublished":"2026-01-30T09:28:28+00:00","dateModified":"2026-01-30T14:22:12+00:00","mainEntityOfPage":{"@id":"https:\/\/www.caritasbaribitonto.it\/public\/home\/2026\/01\/niscemi-ferita-dalla-frana-la-vicinanza-della-caritas\/"},"wordCount":184,"publisher":{"@id":"https:\/\/www.caritasbaribitonto.it\/public\/home\/#organization"},"image":{"@id":"https:\/\/www.caritasbaribitonto.it\/public\/home\/2026\/01\/niscemi-ferita-dalla-frana-la-vicinanza-della-caritas\/#primaryimage"},"thumbnailUrl":"https:\/\/www.caritasbaribitonto.it\/public\/home\/img\/uploads\/2026\/01\/IMG_1870.jpeg","articleSection":["Avvisi"],"inLanguage":"it-IT"},{"@type":"WebPage","@id":"https:\/\/www.caritasbaribitonto.it\/public\/home\/2026\/01\/niscemi-ferita-dalla-frana-la-vicinanza-della-caritas\/","url":"https:\/\/www.caritasbaribitonto.it\/public\/home\/2026\/01\/niscemi-ferita-dalla-frana-la-vicinanza-della-caritas\/","name":"Niscemi ferita dalla frana: la vicinanza della Caritas - Caritas Diocesana Bari-Bitonto","isPartOf":{"@id":"https:\/\/www.caritasbaribitonto.it\/public\/home\/#website"},"primaryImageOfPage":{"@id":"https:\/\/www.caritasbaribitonto.it\/public\/home\/2026\/01\/niscemi-ferita-dalla-frana-la-vicinanza-della-caritas\/#primaryimage"},"image":{"@id":"https:\/\/www.caritasbaribitonto.it\/public\/home\/2026\/01\/niscemi-ferita-dalla-frana-la-vicinanza-della-caritas\/#primaryimage"},"thumbnailUrl":"https:\/\/www.caritasbaribitonto.it\/public\/home\/img\/uploads\/2026\/01\/IMG_1870.jpeg","datePublished":"2026-01-30T09:28:28+00:00","dateModified":"2026-01-30T14:22:12+00:00","breadcrumb":{"@id":"https:\/\/www.caritasbaribitonto.it\/public\/home\/2026\/01\/niscemi-ferita-dalla-frana-la-vicinanza-della-caritas\/#breadcrumb"},"inLanguage":"it-IT","potentialAction":[{"@type":"ReadAction","target":["https:\/\/www.caritasbaribitonto.it\/public\/home\/2026\/01\/niscemi-ferita-dalla-frana-la-vicinanza-della-caritas\/"]}]},{"@type":"ImageObject","inLanguage":"it-IT","@id":"https:\/\/www.caritasbaribitonto.it\/public\/home\/2026\/01\/niscemi-ferita-dalla-frana-la-vicinanza-della-caritas\/#primaryimage","url":"https:\/\/www.caritasbaribitonto.it\/public\/home\/img\/uploads\/2026\/01\/IMG_1870.jpeg","contentUrl":"https:\/\/www.caritasbaribitonto.it\/public\/home\/img\/uploads\/2026\/01\/IMG_1870.jpeg","width":1320,"height":743},{"@type":"BreadcrumbList","@id":"https:\/\/www.caritasbaribitonto.it\/public\/home\/2026\/01\/niscemi-ferita-dalla-frana-la-vicinanza-della-caritas\/#breadcrumb","itemListElement":[{"@type":"ListItem","position":1,"name":"Home","item":"https:\/\/www.caritasbaribitonto.it\/public\/home\/"},{"@type":"ListItem","position":2,"name":"Niscemi ferita dalla frana: la vicinanza della Caritas"}]},{"@type":"WebSite","@id":"https:\/\/www.caritasbaribitonto.it\/public\/home\/#website","url":"https:\/\/www.caritasbaribitonto.it\/public\/home\/","name":"Caritas Diocesana Bari-Bitonto","description":"I santi della porta accanto","publisher":{"@id":"https:\/\/www.caritasbaribitonto.it\/public\/home\/#organization"},"potentialAction":[{"@type":"SearchAction","target":{"@type":"EntryPoint","urlTemplate":"https:\/\/www.caritasbaribitonto.it\/public\/home\/?s={search_term_string}"},"query-input":{"@type":"PropertyValueSpecification","valueRequired":true,"valueName":"search_term_string"}}],"inLanguage":"it-IT"},{"@type":"Organization","@id":"https:\/\/www.caritasbaribitonto.it\/public\/home\/#organization","name":"Caritas Diocesana Bari-Bitonto","url":"https:\/\/www.caritasbaribitonto.it\/public\/home\/","logo":{"@type":"ImageObject","inLanguage":"it-IT","@id":"https:\/\/www.caritasbaribitonto.it\/public\/home\/#\/schema\/logo\/image\/","url":"https:\/\/www.caritasbaribitonto.it\/public\/home\/img\/uploads\/2025\/02\/cropped-cropped-caritas2025_350x112.png","contentUrl":"https:\/\/www.caritasbaribitonto.it\/public\/home\/img\/uploads\/2025\/02\/cropped-cropped-caritas2025_350x112.png","width":350,"height":112,"caption":"Caritas Diocesana Bari-Bitonto"},"image":{"@id":"https:\/\/www.caritasbaribitonto.it\/public\/home\/#\/schema\/logo\/image\/"},"sameAs":["https:\/\/www.facebook.com\/pages\/Caritas-Diocesana-Bari-Bitonto\/533981476753770"]},{"@type":"Person","@id":"https:\/\/www.caritasbaribitonto.it\/public\/home\/#\/schema\/person\/06b333402b70fdadb662b68974e8c97a","name":"Giovanni Caputo","image":{"@type":"ImageObject","inLanguage":"it-IT","@id":"https:\/\/www.caritasbaribitonto.it\/public\/home\/#\/schema\/person\/image\/","url":"https:\/\/secure.gravatar.com\/avatar\/6c7e9d4e1e2394bfa4e38377bd0b5e03cbf0c79e27918e6497d3f408f89d0d3b?s=96&d=identicon&r=g","contentUrl":"https:\/\/secure.gravatar.com\/avatar\/6c7e9d4e1e2394bfa4e38377bd0b5e03cbf0c79e27918e6497d3f408f89d0d3b?s=96&d=identicon&r=g","caption":"Giovanni Caputo"},"url":"https:\/\/www.caritasbaribitonto.it\/public\/home\/author\/admin\/"}]}},"jetpack_featured_media_url":"https:\/\/www.caritasbaribitonto.it\/public\/home\/img\/uploads\/2026\/01\/IMG_1870.jpeg","uagb_featured_image_src":{"full":["https:\/\/www.caritasbaribitonto.it\/public\/home\/img\/uploads\/2026\/01\/IMG_1870.jpeg",1320,743,false],"thumbnail":["https:\/\/www.caritasbaribitonto.it\/public\/home\/img\/uploads\/2026\/01\/IMG_1870-150x150.jpeg",150,150,true],"medium":["https:\/\/www.caritasbaribitonto.it\/public\/home\/img\/uploads\/2026\/01\/IMG_1870-300x169.jpeg",300,169,true],"medium_large":["https:\/\/www.caritasbaribitonto.it\/public\/home\/img\/uploads\/2026\/01\/IMG_1870-768x432.jpeg",768,432,true],"large":["https:\/\/www.caritasbaribitonto.it\/public\/home\/img\/uploads\/2026\/01\/IMG_1870-1024x576.jpeg",1024,576,true],"1536x1536":["https:\/\/www.caritasbaribitonto.it\/public\/home\/img\/uploads\/2026\/01\/IMG_1870.jpeg",1320,743,false],"2048x2048":["https:\/\/www.caritasbaribitonto.it\/public\/home\/img\/uploads\/2026\/01\/IMG_1870.jpeg",1320,743,false]},"uagb_author_info":{"display_name":"Giovanni Caputo","author_link":"https:\/\/www.caritasbaribitonto.it\/public\/home\/author\/admin\/"},"uagb_comment_info":0,"uagb_excerpt":"Niscemi \u00e8 una citt\u00e0 ferita.La frana che in questi giorni ha colpito il territorio non \u00e8 solo un evento naturale: [&hellip;]","_links":{"self":[{"href":"https:\/\/www.caritasbaribitonto.it\/public\/home\/wp-json\/wp\/v2\/posts\/8436","targetHints":{"allow":["GET"]}}],"collection":[{"href":"https:\/\/www.caritasbaribitonto.it\/public\/home\/wp-json\/wp\/v2\/posts"}],"about":[{"href":"https:\/\/www.caritasbaribitonto.it\/public\/home\/wp-json\/wp\/v2\/types\/post"}],"author":[{"embeddable":true,"href":"https:\/\/www.caritasbaribitonto.it\/public\/home\/wp-json\/wp\/v2\/users\/1"}],"replies":[{"embeddable":true,"href":"https:\/\/www.caritasbaribitonto.it\/public\/home\/wp-json\/wp\/v2\/comments?post=8436"}],"version-history":[{"count":5,"href":"https:\/\/www.caritasbaribitonto.it\/public\/home\/wp-json\/wp\/v2\/posts\/8436\/revisions"}],"predecessor-version":[{"id":8443,"href":"https:\/\/www.caritasbaribitonto.it\/public\/home\/wp-json\/wp\/v2\/posts\/8436\/revisions\/8443"}],"wp:featuredmedia":[{"embeddable":true,"href":"https:\/\/www.caritasbaribitonto.it\/public\/home\/wp-json\/wp\/v2\/media\/8437"}],"wp:attachment":[{"href":"https:\/\/www.caritasbaribitonto.it\/public\/home\/wp-json\/wp\/v2\/media?parent=8436"}],"wp:term":[{"taxonomy":"category","embeddable":true,"href":"https:\/\/www.caritasbaribitonto.it\/public\/home\/wp-json\/wp\/v2\/categories?post=8436"},{"taxonomy":"post_tag","embeddable":true,"href":"https:\/\/www.caritasbaribitonto.it\/public\/home\/wp-json\/wp\/v2\/tags?post=8436"}],"curies":[{"name":"wp","href":"https:\/\/api.w.org\/{rel}","templated":true}]}}