{"id":8307,"date":"2025-12-02T10:59:00","date_gmt":"2025-12-02T09:59:00","guid":{"rendered":"https:\/\/www.caritasbaribitonto.it\/public\/home\/?p=8307"},"modified":"2025-12-03T13:13:29","modified_gmt":"2025-12-03T12:13:29","slug":"vite-sospese-report-sulle-disuguaglianze-sociali-2025","status":"publish","type":"post","link":"https:\/\/www.caritasbaribitonto.it\/public\/home\/2025\/12\/vite-sospese-report-sulle-disuguaglianze-sociali-2025\/","title":{"rendered":"Vite Sospese &#8211; Report sulle disuguaglianze Sociali 2025"},"content":{"rendered":"<figure class=\"wp-block-post-featured-image\"><img loading=\"lazy\" decoding=\"async\" width=\"846\" height=\"527\" src=\"https:\/\/www.caritasbaribitonto.it\/public\/home\/img\/uploads\/2025\/12\/disUgualianzeSociali25.jpg\" class=\"attachment-post-thumbnail size-post-thumbnail wp-post-image\" alt=\"\" style=\"object-fit:cover;\" srcset=\"https:\/\/www.caritasbaribitonto.it\/public\/home\/img\/uploads\/2025\/12\/disUgualianzeSociali25.jpg 846w, https:\/\/www.caritasbaribitonto.it\/public\/home\/img\/uploads\/2025\/12\/disUgualianzeSociali25-300x187.jpg 300w, https:\/\/www.caritasbaribitonto.it\/public\/home\/img\/uploads\/2025\/12\/disUgualianzeSociali25-768x478.jpg 768w\" sizes=\"auto, (max-width: 846px) 100vw, 846px\" \/><\/figure>\n\n\n<div class=\"wp-block-columns is-layout-flex wp-container-core-columns-is-layout-28f84493 wp-block-columns-is-layout-flex\">\n<div class=\"wp-block-column is-layout-flow wp-block-column-is-layout-flow\">\n<p>Attorno alla piscina di Betzat\u00e0, nel Vangelo secondo Giovanni (5,1-9), si raduna \u201cun gran numero di infermi, ciechi, zoppi e paralitici\u201d. Tutti attendono che qualcosa si muova, che l\u2019acqua si agiti, che arrivi un segno capace di cambiare la loro sorte. Sono vite sospese, in bilico tra speranza e rassegnazione. <\/p>\n\n\n\n<p>Tra loro c\u2019\u00e8 un uomo da trentotto anni immobile sul suo giaciglio. Ges\u00f9 si ferma davanti a lui e, con una domanda che penetra il silenzio della sua attesa, gli dice: \u00abVuoi guarire?\u00bb.<\/p>\n\n\n\n<p>Non \u00e8 un interrogativo di curiosit\u00e0, ma un invito alla partecipazione: Ges\u00f9 non impone la guarigione, la propone come cammino condiviso. Quel \u201cvuoi?\u201d restituisce al malato la possibilit\u00e0 di scegliere, di rimettersi in gioco, di sentirsi parte di un progetto di riscatto. Poi il comando: \u00abAlzati, prendi la tua barella e cammina\u00bb.<\/p>\n<\/div>\n\n\n\n<div class=\"wp-block-column is-layout-flow wp-block-column-is-layout-flow\">\n<div style=\"text-align: center;\"><iframe loading=\"lazy\" src=\"https:\/\/www.facebook.com\/plugins\/video.php?href=https%3A%2F%2Ffb.watch%2FDKNHBh7pHK%2F&#038;width=500&#038;show_text=true&#038;appId=455056275407881&#038;height=372\" width=\"500\" height=\"372\" style=\"border:none;overflow:hidden\" scrolling=\"no\" frameborder=\"0\" allowfullscreen=\"true\" allow=\"autoplay; clipboard-write; encrypted-media; picture-in-picture; web-share\" allowFullScreen=\"true\" ><\/iframe><\/div>\n<\/div>\n<\/div>\n\n\n\n<p>Il miracolo non consiste solo nel movimento delle gambe, ma nella rinascita della dignit\u00e0. L\u2019uomo si rialza, prende il suo lettuccio \u2014 segno della sua fragilit\u00e0 \u2014 e lo porta con s\u00e9. Non rinnega il passato, lo trasforma in testimonianza.<\/p>\n\n\n\n<p>L\u2019immagine della piscina di Betzat\u00e0 \u00e8 straordinariamente attuale: un luogo di attesa, popolato da persone ferme, segnate da sofferenze fisiche e morali, che vivono sperando che \u201cqualcosa si muova\u201d . Oggi quelle piscine sono gli ospedali, i centri d\u2019ascolto, i servizi sociali, le file per un colloquio di lavoro.<\/p>\n\n\n\n<p>Sono spazi dove la vita sembra sospesa: non si \u00e8 fermi del tutto, ma non si cammina ancora autonomamente e speditamente.<\/p>\n\n\n\n<div data-wp-interactive=\"core\/file\" class=\"wp-block-file\"><object data-wp-bind--hidden=\"!state.hasPdfPreview\" hidden class=\"wp-block-file__embed\" data=\"https:\/\/www.caritasbaribitonto.it\/public\/home\/img\/uploads\/2025\/12\/Report-caritas-2025-1.pdf\" type=\"application\/pdf\" style=\"width:100%;height:606px\" aria-label=\"Incorporamento di Report caritas 2025 .\"><\/object><a id=\"wp-block-file--media-dc79c587-9aaa-4d61-bccf-13045f7c2236\" href=\"https:\/\/www.caritasbaribitonto.it\/public\/home\/img\/uploads\/2025\/12\/Report-caritas-2025-1.pdf\">Report caritas 2025 <\/a><a href=\"https:\/\/www.caritasbaribitonto.it\/public\/home\/img\/uploads\/2025\/12\/Report-caritas-2025-1.pdf\" class=\"wp-block-file__button wp-element-button\" download aria-describedby=\"wp-block-file--media-dc79c587-9aaa-4d61-bccf-13045f7c2236\">Download<\/a><\/div>\n\n\n\n<div data-wp-interactive=\"core\/file\" class=\"wp-block-file\"><object data-wp-bind--hidden=\"!state.hasPdfPreview\" hidden class=\"wp-block-file__embed\" data=\"https:\/\/www.caritasbaribitonto.it\/public\/home\/img\/uploads\/2025\/12\/PRESENTAZIONE-REPORT-2025_021225.pdf\" type=\"application\/pdf\" style=\"width:100%;height:600px\" aria-label=\"Incorporamento di SINTESI 2025_021225.\"><\/object><a id=\"wp-block-file--media-15d82541-c130-4245-840d-28196fbeb9c7\" href=\"https:\/\/www.caritasbaribitonto.it\/public\/home\/img\/uploads\/2025\/12\/PRESENTAZIONE-REPORT-2025_021225.pdf\">SINTESI 2025_021225<\/a><a href=\"https:\/\/www.caritasbaribitonto.it\/public\/home\/img\/uploads\/2025\/12\/PRESENTAZIONE-REPORT-2025_021225.pdf\" class=\"wp-block-file__button wp-element-button\" download aria-describedby=\"wp-block-file--media-15d82541-c130-4245-840d-28196fbeb9c7\">Download<\/a><\/div>\n","protected":false},"excerpt":{"rendered":"<p>Attorno alla piscina di Betzat\u00e0, nel Vangelo secondo Giovanni (5,1-9), si raduna \u201cun gran numero di infermi, ciechi, zoppi e [&hellip;]<\/p>\n","protected":false},"author":1,"featured_media":8309,"comment_status":"closed","ping_status":"closed","sticky":false,"template":"","format":"standard","meta":{"_uag_custom_page_level_css":"","site-sidebar-layout":"default","site-content-layout":"","ast-site-content-layout":"default","site-content-style":"default","site-sidebar-style":"default","ast-global-header-display":"","ast-banner-title-visibility":"","ast-main-header-display":"","ast-hfb-above-header-display":"","ast-hfb-below-header-display":"","ast-hfb-mobile-header-display":"","site-post-title":"","ast-breadcrumbs-content":"","ast-featured-img":"","footer-sml-layout":"","theme-transparent-header-meta":"","adv-header-id-meta":"","stick-header-meta":"","header-above-stick-meta":"","header-main-stick-meta":"","header-below-stick-meta":"","astra-migrate-meta-layouts":"default","ast-page-background-enabled":"default","ast-page-background-meta":{"desktop":{"background-color":"var(--ast-global-color-5)","background-image":"","background-repeat":"repeat","background-position":"center center","background-size":"auto","background-attachment":"scroll","background-type":"","background-media":"","overlay-type":"","overlay-color":"","overlay-opacity":"","overlay-gradient":""},"tablet":{"background-color":"","background-image":"","background-repeat":"repeat","background-position":"center center","background-size":"auto","background-attachment":"scroll","background-type":"","background-media":"","overlay-type":"","overlay-color":"","overlay-opacity":"","overlay-gradient":""},"mobile":{"background-color":"","background-image":"","background-repeat":"repeat","background-position":"center center","background-size":"auto","background-attachment":"scroll","background-type":"","background-media":"","overlay-type":"","overlay-color":"","overlay-opacity":"","overlay-gradient":""}},"ast-content-background-meta":{"desktop":{"background-color":"var(--ast-global-color-4)","background-image":"","background-repeat":"repeat","background-position":"center center","background-size":"auto","background-attachment":"scroll","background-type":"","background-media":"","overlay-type":"","overlay-color":"","overlay-opacity":"","overlay-gradient":""},"tablet":{"background-color":"var(--ast-global-color-4)","background-image":"","background-repeat":"repeat","background-position":"center center","background-size":"auto","background-attachment":"scroll","background-type":"","background-media":"","overlay-type":"","overlay-color":"","overlay-opacity":"","overlay-gradient":""},"mobile":{"background-color":"var(--ast-global-color-4)","background-image":"","background-repeat":"repeat","background-position":"center center","background-size":"auto","background-attachment":"scroll","background-type":"","background-media":"","overlay-type":"","overlay-color":"","overlay-opacity":"","overlay-gradient":""}},"footnotes":""},"categories":[212,418],"tags":[],"class_list":["post-8307","post","type-post","status-publish","format-standard","has-post-thumbnail","hentry","category-in-evidenza","category-report"],"gutentor_comment":0,"yoast_head":"<!-- This site is optimized with the Yoast SEO plugin v26.8 - https:\/\/yoast.com\/product\/yoast-seo-wordpress\/ -->\r\n<title>Vite Sospese - Report sulle disuguaglianze Sociali 2025 - Caritas Diocesana Bari-Bitonto<\/title>\r\n<meta name=\"robots\" content=\"index, follow, max-snippet:-1, max-image-preview:large, max-video-preview:-1\" \/>\r\n<link rel=\"canonical\" href=\"https:\/\/www.caritasbaribitonto.it\/public\/home\/2025\/12\/vite-sospese-report-sulle-disuguaglianze-sociali-2025\/\" \/>\r\n<meta property=\"og:locale\" content=\"it_IT\" \/>\r\n<meta property=\"og:type\" content=\"article\" \/>\r\n<meta property=\"og:title\" content=\"Vite Sospese - Report sulle disuguaglianze Sociali 2025 - Caritas Diocesana Bari-Bitonto\" \/>\r\n<meta property=\"og:description\" content=\"Attorno alla piscina di Betzat\u00e0, nel Vangelo secondo Giovanni (5,1-9), si raduna \u201cun gran numero di infermi, ciechi, zoppi e [&hellip;]\" \/>\r\n<meta property=\"og:url\" content=\"https:\/\/www.caritasbaribitonto.it\/public\/home\/2025\/12\/vite-sospese-report-sulle-disuguaglianze-sociali-2025\/\" \/>\r\n<meta property=\"og:site_name\" content=\"Caritas Diocesana Bari-Bitonto\" \/>\r\n<meta property=\"article:publisher\" content=\"https:\/\/www.facebook.com\/pages\/Caritas-Diocesana-Bari-Bitonto\/533981476753770\" \/>\r\n<meta property=\"article:published_time\" content=\"2025-12-02T09:59:00+00:00\" \/>\r\n<meta property=\"article:modified_time\" content=\"2025-12-03T12:13:29+00:00\" \/>\r\n<meta property=\"og:image\" content=\"https:\/\/www.caritasbaribitonto.it\/public\/home\/img\/uploads\/2025\/12\/disUgualianzeSociali25.jpg\" \/>\r\n\t<meta property=\"og:image:width\" content=\"846\" \/>\r\n\t<meta property=\"og:image:height\" content=\"527\" \/>\r\n\t<meta property=\"og:image:type\" content=\"image\/jpeg\" \/>\r\n<meta name=\"author\" content=\"Giovanni Caputo\" \/>\r\n<meta name=\"twitter:card\" content=\"summary_large_image\" \/>\r\n<meta name=\"twitter:label1\" content=\"Scritto da\" \/>\n\t<meta name=\"twitter:data1\" content=\"Giovanni Caputo\" \/>\n\t<meta name=\"twitter:label2\" content=\"Tempo di lettura stimato\" \/>\n\t<meta name=\"twitter:data2\" content=\"2 minuti\" \/>\r\n<script type=\"application\/ld+json\" class=\"yoast-schema-graph\">{\"@context\":\"https:\/\/schema.org\",\"@graph\":[{\"@type\":\"Article\",\"@id\":\"https:\/\/www.caritasbaribitonto.it\/public\/home\/2025\/12\/vite-sospese-report-sulle-disuguaglianze-sociali-2025\/#article\",\"isPartOf\":{\"@id\":\"https:\/\/www.caritasbaribitonto.it\/public\/home\/2025\/12\/vite-sospese-report-sulle-disuguaglianze-sociali-2025\/\"},\"author\":{\"name\":\"Giovanni Caputo\",\"@id\":\"https:\/\/www.caritasbaribitonto.it\/public\/home\/#\/schema\/person\/06b333402b70fdadb662b68974e8c97a\"},\"headline\":\"Vite Sospese &#8211; Report sulle disuguaglianze Sociali 2025\",\"datePublished\":\"2025-12-02T09:59:00+00:00\",\"dateModified\":\"2025-12-03T12:13:29+00:00\",\"mainEntityOfPage\":{\"@id\":\"https:\/\/www.caritasbaribitonto.it\/public\/home\/2025\/12\/vite-sospese-report-sulle-disuguaglianze-sociali-2025\/\"},\"wordCount\":255,\"publisher\":{\"@id\":\"https:\/\/www.caritasbaribitonto.it\/public\/home\/#organization\"},\"image\":{\"@id\":\"https:\/\/www.caritasbaribitonto.it\/public\/home\/2025\/12\/vite-sospese-report-sulle-disuguaglianze-sociali-2025\/#primaryimage\"},\"thumbnailUrl\":\"https:\/\/www.caritasbaribitonto.it\/public\/home\/img\/uploads\/2025\/12\/disUgualianzeSociali25.jpg\",\"articleSection\":[\"In Evidenza\",\"Report\"],\"inLanguage\":\"it-IT\"},{\"@type\":\"WebPage\",\"@id\":\"https:\/\/www.caritasbaribitonto.it\/public\/home\/2025\/12\/vite-sospese-report-sulle-disuguaglianze-sociali-2025\/\",\"url\":\"https:\/\/www.caritasbaribitonto.it\/public\/home\/2025\/12\/vite-sospese-report-sulle-disuguaglianze-sociali-2025\/\",\"name\":\"Vite Sospese - Report sulle disuguaglianze Sociali 2025 - Caritas Diocesana Bari-Bitonto\",\"isPartOf\":{\"@id\":\"https:\/\/www.caritasbaribitonto.it\/public\/home\/#website\"},\"primaryImageOfPage\":{\"@id\":\"https:\/\/www.caritasbaribitonto.it\/public\/home\/2025\/12\/vite-sospese-report-sulle-disuguaglianze-sociali-2025\/#primaryimage\"},\"image\":{\"@id\":\"https:\/\/www.caritasbaribitonto.it\/public\/home\/2025\/12\/vite-sospese-report-sulle-disuguaglianze-sociali-2025\/#primaryimage\"},\"thumbnailUrl\":\"https:\/\/www.caritasbaribitonto.it\/public\/home\/img\/uploads\/2025\/12\/disUgualianzeSociali25.jpg\",\"datePublished\":\"2025-12-02T09:59:00+00:00\",\"dateModified\":\"2025-12-03T12:13:29+00:00\",\"breadcrumb\":{\"@id\":\"https:\/\/www.caritasbaribitonto.it\/public\/home\/2025\/12\/vite-sospese-report-sulle-disuguaglianze-sociali-2025\/#breadcrumb\"},\"inLanguage\":\"it-IT\",\"potentialAction\":[{\"@type\":\"ReadAction\",\"target\":[\"https:\/\/www.caritasbaribitonto.it\/public\/home\/2025\/12\/vite-sospese-report-sulle-disuguaglianze-sociali-2025\/\"]}]},{\"@type\":\"ImageObject\",\"inLanguage\":\"it-IT\",\"@id\":\"https:\/\/www.caritasbaribitonto.it\/public\/home\/2025\/12\/vite-sospese-report-sulle-disuguaglianze-sociali-2025\/#primaryimage\",\"url\":\"https:\/\/www.caritasbaribitonto.it\/public\/home\/img\/uploads\/2025\/12\/disUgualianzeSociali25.jpg\",\"contentUrl\":\"https:\/\/www.caritasbaribitonto.it\/public\/home\/img\/uploads\/2025\/12\/disUgualianzeSociali25.jpg\",\"width\":846,\"height\":527},{\"@type\":\"BreadcrumbList\",\"@id\":\"https:\/\/www.caritasbaribitonto.it\/public\/home\/2025\/12\/vite-sospese-report-sulle-disuguaglianze-sociali-2025\/#breadcrumb\",\"itemListElement\":[{\"@type\":\"ListItem\",\"position\":1,\"name\":\"Home\",\"item\":\"https:\/\/www.caritasbaribitonto.it\/public\/home\/\"},{\"@type\":\"ListItem\",\"position\":2,\"name\":\"Vite Sospese &#8211; Report sulle disuguaglianze Sociali 2025\"}]},{\"@type\":\"WebSite\",\"@id\":\"https:\/\/www.caritasbaribitonto.it\/public\/home\/#website\",\"url\":\"https:\/\/www.caritasbaribitonto.it\/public\/home\/\",\"name\":\"Caritas Diocesana Bari-Bitonto\",\"description\":\"I santi della porta accanto\",\"publisher\":{\"@id\":\"https:\/\/www.caritasbaribitonto.it\/public\/home\/#organization\"},\"potentialAction\":[{\"@type\":\"SearchAction\",\"target\":{\"@type\":\"EntryPoint\",\"urlTemplate\":\"https:\/\/www.caritasbaribitonto.it\/public\/home\/?s={search_term_string}\"},\"query-input\":{\"@type\":\"PropertyValueSpecification\",\"valueRequired\":true,\"valueName\":\"search_term_string\"}}],\"inLanguage\":\"it-IT\"},{\"@type\":\"Organization\",\"@id\":\"https:\/\/www.caritasbaribitonto.it\/public\/home\/#organization\",\"name\":\"Caritas Diocesana Bari-Bitonto\",\"url\":\"https:\/\/www.caritasbaribitonto.it\/public\/home\/\",\"logo\":{\"@type\":\"ImageObject\",\"inLanguage\":\"it-IT\",\"@id\":\"https:\/\/www.caritasbaribitonto.it\/public\/home\/#\/schema\/logo\/image\/\",\"url\":\"https:\/\/www.caritasbaribitonto.it\/public\/home\/img\/uploads\/2025\/02\/cropped-cropped-caritas2025_350x112.png\",\"contentUrl\":\"https:\/\/www.caritasbaribitonto.it\/public\/home\/img\/uploads\/2025\/02\/cropped-cropped-caritas2025_350x112.png\",\"width\":350,\"height\":112,\"caption\":\"Caritas Diocesana Bari-Bitonto\"},\"image\":{\"@id\":\"https:\/\/www.caritasbaribitonto.it\/public\/home\/#\/schema\/logo\/image\/\"},\"sameAs\":[\"https:\/\/www.facebook.com\/pages\/Caritas-Diocesana-Bari-Bitonto\/533981476753770\"]},{\"@type\":\"Person\",\"@id\":\"https:\/\/www.caritasbaribitonto.it\/public\/home\/#\/schema\/person\/06b333402b70fdadb662b68974e8c97a\",\"name\":\"Giovanni Caputo\",\"image\":{\"@type\":\"ImageObject\",\"inLanguage\":\"it-IT\",\"@id\":\"https:\/\/www.caritasbaribitonto.it\/public\/home\/#\/schema\/person\/image\/\",\"url\":\"https:\/\/secure.gravatar.com\/avatar\/6c7e9d4e1e2394bfa4e38377bd0b5e03cbf0c79e27918e6497d3f408f89d0d3b?s=96&d=identicon&r=g\",\"contentUrl\":\"https:\/\/secure.gravatar.com\/avatar\/6c7e9d4e1e2394bfa4e38377bd0b5e03cbf0c79e27918e6497d3f408f89d0d3b?s=96&d=identicon&r=g\",\"caption\":\"Giovanni Caputo\"},\"url\":\"https:\/\/www.caritasbaribitonto.it\/public\/home\/author\/admin\/\"}]}<\/script>\r\n<!-- \/ Yoast SEO plugin. -->","yoast_head_json":{"title":"Vite Sospese - Report sulle disuguaglianze Sociali 2025 - Caritas Diocesana Bari-Bitonto","robots":{"index":"index","follow":"follow","max-snippet":"max-snippet:-1","max-image-preview":"max-image-preview:large","max-video-preview":"max-video-preview:-1"},"canonical":"https:\/\/www.caritasbaribitonto.it\/public\/home\/2025\/12\/vite-sospese-report-sulle-disuguaglianze-sociali-2025\/","og_locale":"it_IT","og_type":"article","og_title":"Vite Sospese - Report sulle disuguaglianze Sociali 2025 - Caritas Diocesana Bari-Bitonto","og_description":"Attorno alla piscina di Betzat\u00e0, nel Vangelo secondo Giovanni (5,1-9), si raduna \u201cun gran numero di infermi, ciechi, zoppi e [&hellip;]","og_url":"https:\/\/www.caritasbaribitonto.it\/public\/home\/2025\/12\/vite-sospese-report-sulle-disuguaglianze-sociali-2025\/","og_site_name":"Caritas Diocesana Bari-Bitonto","article_publisher":"https:\/\/www.facebook.com\/pages\/Caritas-Diocesana-Bari-Bitonto\/533981476753770","article_published_time":"2025-12-02T09:59:00+00:00","article_modified_time":"2025-12-03T12:13:29+00:00","og_image":[{"width":846,"height":527,"url":"https:\/\/www.caritasbaribitonto.it\/public\/home\/img\/uploads\/2025\/12\/disUgualianzeSociali25.jpg","type":"image\/jpeg"}],"author":"Giovanni Caputo","twitter_card":"summary_large_image","twitter_misc":{"Scritto da":"Giovanni Caputo","Tempo di lettura stimato":"2 minuti"},"schema":{"@context":"https:\/\/schema.org","@graph":[{"@type":"Article","@id":"https:\/\/www.caritasbaribitonto.it\/public\/home\/2025\/12\/vite-sospese-report-sulle-disuguaglianze-sociali-2025\/#article","isPartOf":{"@id":"https:\/\/www.caritasbaribitonto.it\/public\/home\/2025\/12\/vite-sospese-report-sulle-disuguaglianze-sociali-2025\/"},"author":{"name":"Giovanni Caputo","@id":"https:\/\/www.caritasbaribitonto.it\/public\/home\/#\/schema\/person\/06b333402b70fdadb662b68974e8c97a"},"headline":"Vite Sospese &#8211; Report sulle disuguaglianze Sociali 2025","datePublished":"2025-12-02T09:59:00+00:00","dateModified":"2025-12-03T12:13:29+00:00","mainEntityOfPage":{"@id":"https:\/\/www.caritasbaribitonto.it\/public\/home\/2025\/12\/vite-sospese-report-sulle-disuguaglianze-sociali-2025\/"},"wordCount":255,"publisher":{"@id":"https:\/\/www.caritasbaribitonto.it\/public\/home\/#organization"},"image":{"@id":"https:\/\/www.caritasbaribitonto.it\/public\/home\/2025\/12\/vite-sospese-report-sulle-disuguaglianze-sociali-2025\/#primaryimage"},"thumbnailUrl":"https:\/\/www.caritasbaribitonto.it\/public\/home\/img\/uploads\/2025\/12\/disUgualianzeSociali25.jpg","articleSection":["In Evidenza","Report"],"inLanguage":"it-IT"},{"@type":"WebPage","@id":"https:\/\/www.caritasbaribitonto.it\/public\/home\/2025\/12\/vite-sospese-report-sulle-disuguaglianze-sociali-2025\/","url":"https:\/\/www.caritasbaribitonto.it\/public\/home\/2025\/12\/vite-sospese-report-sulle-disuguaglianze-sociali-2025\/","name":"Vite Sospese - Report sulle disuguaglianze Sociali 2025 - Caritas Diocesana Bari-Bitonto","isPartOf":{"@id":"https:\/\/www.caritasbaribitonto.it\/public\/home\/#website"},"primaryImageOfPage":{"@id":"https:\/\/www.caritasbaribitonto.it\/public\/home\/2025\/12\/vite-sospese-report-sulle-disuguaglianze-sociali-2025\/#primaryimage"},"image":{"@id":"https:\/\/www.caritasbaribitonto.it\/public\/home\/2025\/12\/vite-sospese-report-sulle-disuguaglianze-sociali-2025\/#primaryimage"},"thumbnailUrl":"https:\/\/www.caritasbaribitonto.it\/public\/home\/img\/uploads\/2025\/12\/disUgualianzeSociali25.jpg","datePublished":"2025-12-02T09:59:00+00:00","dateModified":"2025-12-03T12:13:29+00:00","breadcrumb":{"@id":"https:\/\/www.caritasbaribitonto.it\/public\/home\/2025\/12\/vite-sospese-report-sulle-disuguaglianze-sociali-2025\/#breadcrumb"},"inLanguage":"it-IT","potentialAction":[{"@type":"ReadAction","target":["https:\/\/www.caritasbaribitonto.it\/public\/home\/2025\/12\/vite-sospese-report-sulle-disuguaglianze-sociali-2025\/"]}]},{"@type":"ImageObject","inLanguage":"it-IT","@id":"https:\/\/www.caritasbaribitonto.it\/public\/home\/2025\/12\/vite-sospese-report-sulle-disuguaglianze-sociali-2025\/#primaryimage","url":"https:\/\/www.caritasbaribitonto.it\/public\/home\/img\/uploads\/2025\/12\/disUgualianzeSociali25.jpg","contentUrl":"https:\/\/www.caritasbaribitonto.it\/public\/home\/img\/uploads\/2025\/12\/disUgualianzeSociali25.jpg","width":846,"height":527},{"@type":"BreadcrumbList","@id":"https:\/\/www.caritasbaribitonto.it\/public\/home\/2025\/12\/vite-sospese-report-sulle-disuguaglianze-sociali-2025\/#breadcrumb","itemListElement":[{"@type":"ListItem","position":1,"name":"Home","item":"https:\/\/www.caritasbaribitonto.it\/public\/home\/"},{"@type":"ListItem","position":2,"name":"Vite Sospese &#8211; Report sulle disuguaglianze Sociali 2025"}]},{"@type":"WebSite","@id":"https:\/\/www.caritasbaribitonto.it\/public\/home\/#website","url":"https:\/\/www.caritasbaribitonto.it\/public\/home\/","name":"Caritas Diocesana Bari-Bitonto","description":"I santi della porta accanto","publisher":{"@id":"https:\/\/www.caritasbaribitonto.it\/public\/home\/#organization"},"potentialAction":[{"@type":"SearchAction","target":{"@type":"EntryPoint","urlTemplate":"https:\/\/www.caritasbaribitonto.it\/public\/home\/?s={search_term_string}"},"query-input":{"@type":"PropertyValueSpecification","valueRequired":true,"valueName":"search_term_string"}}],"inLanguage":"it-IT"},{"@type":"Organization","@id":"https:\/\/www.caritasbaribitonto.it\/public\/home\/#organization","name":"Caritas Diocesana Bari-Bitonto","url":"https:\/\/www.caritasbaribitonto.it\/public\/home\/","logo":{"@type":"ImageObject","inLanguage":"it-IT","@id":"https:\/\/www.caritasbaribitonto.it\/public\/home\/#\/schema\/logo\/image\/","url":"https:\/\/www.caritasbaribitonto.it\/public\/home\/img\/uploads\/2025\/02\/cropped-cropped-caritas2025_350x112.png","contentUrl":"https:\/\/www.caritasbaribitonto.it\/public\/home\/img\/uploads\/2025\/02\/cropped-cropped-caritas2025_350x112.png","width":350,"height":112,"caption":"Caritas Diocesana Bari-Bitonto"},"image":{"@id":"https:\/\/www.caritasbaribitonto.it\/public\/home\/#\/schema\/logo\/image\/"},"sameAs":["https:\/\/www.facebook.com\/pages\/Caritas-Diocesana-Bari-Bitonto\/533981476753770"]},{"@type":"Person","@id":"https:\/\/www.caritasbaribitonto.it\/public\/home\/#\/schema\/person\/06b333402b70fdadb662b68974e8c97a","name":"Giovanni Caputo","image":{"@type":"ImageObject","inLanguage":"it-IT","@id":"https:\/\/www.caritasbaribitonto.it\/public\/home\/#\/schema\/person\/image\/","url":"https:\/\/secure.gravatar.com\/avatar\/6c7e9d4e1e2394bfa4e38377bd0b5e03cbf0c79e27918e6497d3f408f89d0d3b?s=96&d=identicon&r=g","contentUrl":"https:\/\/secure.gravatar.com\/avatar\/6c7e9d4e1e2394bfa4e38377bd0b5e03cbf0c79e27918e6497d3f408f89d0d3b?s=96&d=identicon&r=g","caption":"Giovanni Caputo"},"url":"https:\/\/www.caritasbaribitonto.it\/public\/home\/author\/admin\/"}]}},"jetpack_featured_media_url":"https:\/\/www.caritasbaribitonto.it\/public\/home\/img\/uploads\/2025\/12\/disUgualianzeSociali25.jpg","uagb_featured_image_src":{"full":["https:\/\/www.caritasbaribitonto.it\/public\/home\/img\/uploads\/2025\/12\/disUgualianzeSociali25.jpg",846,527,false],"thumbnail":["https:\/\/www.caritasbaribitonto.it\/public\/home\/img\/uploads\/2025\/12\/disUgualianzeSociali25-150x150.jpg",150,150,true],"medium":["https:\/\/www.caritasbaribitonto.it\/public\/home\/img\/uploads\/2025\/12\/disUgualianzeSociali25-300x187.jpg",300,187,true],"medium_large":["https:\/\/www.caritasbaribitonto.it\/public\/home\/img\/uploads\/2025\/12\/disUgualianzeSociali25-768x478.jpg",768,478,true],"large":["https:\/\/www.caritasbaribitonto.it\/public\/home\/img\/uploads\/2025\/12\/disUgualianzeSociali25.jpg",846,527,false],"1536x1536":["https:\/\/www.caritasbaribitonto.it\/public\/home\/img\/uploads\/2025\/12\/disUgualianzeSociali25.jpg",846,527,false],"2048x2048":["https:\/\/www.caritasbaribitonto.it\/public\/home\/img\/uploads\/2025\/12\/disUgualianzeSociali25.jpg",846,527,false]},"uagb_author_info":{"display_name":"Giovanni Caputo","author_link":"https:\/\/www.caritasbaribitonto.it\/public\/home\/author\/admin\/"},"uagb_comment_info":0,"uagb_excerpt":"Attorno alla piscina di Betzat\u00e0, nel Vangelo secondo Giovanni (5,1-9), si raduna \u201cun gran numero di infermi, ciechi, zoppi e [&hellip;]","_links":{"self":[{"href":"https:\/\/www.caritasbaribitonto.it\/public\/home\/wp-json\/wp\/v2\/posts\/8307","targetHints":{"allow":["GET"]}}],"collection":[{"href":"https:\/\/www.caritasbaribitonto.it\/public\/home\/wp-json\/wp\/v2\/posts"}],"about":[{"href":"https:\/\/www.caritasbaribitonto.it\/public\/home\/wp-json\/wp\/v2\/types\/post"}],"author":[{"embeddable":true,"href":"https:\/\/www.caritasbaribitonto.it\/public\/home\/wp-json\/wp\/v2\/users\/1"}],"replies":[{"embeddable":true,"href":"https:\/\/www.caritasbaribitonto.it\/public\/home\/wp-json\/wp\/v2\/comments?post=8307"}],"version-history":[{"count":11,"href":"https:\/\/www.caritasbaribitonto.it\/public\/home\/wp-json\/wp\/v2\/posts\/8307\/revisions"}],"predecessor-version":[{"id":8329,"href":"https:\/\/www.caritasbaribitonto.it\/public\/home\/wp-json\/wp\/v2\/posts\/8307\/revisions\/8329"}],"wp:featuredmedia":[{"embeddable":true,"href":"https:\/\/www.caritasbaribitonto.it\/public\/home\/wp-json\/wp\/v2\/media\/8309"}],"wp:attachment":[{"href":"https:\/\/www.caritasbaribitonto.it\/public\/home\/wp-json\/wp\/v2\/media?parent=8307"}],"wp:term":[{"taxonomy":"category","embeddable":true,"href":"https:\/\/www.caritasbaribitonto.it\/public\/home\/wp-json\/wp\/v2\/categories?post=8307"},{"taxonomy":"post_tag","embeddable":true,"href":"https:\/\/www.caritasbaribitonto.it\/public\/home\/wp-json\/wp\/v2\/tags?post=8307"}],"curies":[{"name":"wp","href":"https:\/\/api.w.org\/{rel}","templated":true}]}}