{"id":732,"date":"2010-01-05T14:35:43","date_gmt":"2010-01-05T13:35:43","guid":{"rendered":"http:\/\/www.caritasbaribitonto.it\/public\/home\/?p=732"},"modified":"2010-01-08T16:48:03","modified_gmt":"2010-01-08T15:48:03","slug":"per-altra-via-mercoledi-6-gennaio-2010","status":"publish","type":"post","link":"https:\/\/www.caritasbaribitonto.it\/public\/home\/2010\/01\/per-altra-via-mercoledi-6-gennaio-2010\/","title":{"rendered":"Per Altra Via &#8211; Mercoled\u00ec 6 Gennaio 2010"},"content":{"rendered":"<p><strong>Dal vangelo secondo Matteo (Mt 2,1-12)<\/strong><br \/>\n<em><img loading=\"lazy\" decoding=\"async\" class=\"alignleft\" src=\"http:\/\/www.levane.it\/design\/images\/epifania_c.jpg\" alt=\"epifania 6 gennaio 2010\" width=\"138\" height=\"131\" \/>Nato Ges\u00f9 a Betlemme di Giudea, al tempo del re Erode, ecco, alcuni Magi vennero da oriente a Gerusalemme e dicevano: \u00abDov\u2019\u00e8 colui che \u00e8 nato, il re dei Giudei? Abbiamo visto spuntare la sua stella e siamo venuti ad adorarlo\u00bb. All\u2019udire questo, il re Erode rest\u00f2 turbato e con lui tutta Gerusalemme. Riuniti tutti i capi dei sacerdoti e gli scribi del popolo, si informava da loro sul luogo in cui doveva nascere il Cristo. Gli risposero: \u00abA Betlemme di Giudea, perch\u00e9 cos\u00ec \u00e8 scritto per mezzo del profeta: \u201cE tu, Betlemme, terra di Giuda, non sei davvero l\u2019ultima delle citt\u00e0 principali di Giuda: da te infatti uscir\u00e0 un capo che sar\u00e0 il pastore del mio popolo, Israele\u201d\u00bb.<br \/>\nAllora Erode, chiamati segretamente i Magi, si fece dire da loro con esattezza il tempo in cui era apparsa la stella e li invi\u00f2 a Betlemme dicendo: \u00abAndate e informatevi accuratamente sul bambino e, quando l\u2019avrete trovato, fatemelo sapere, perch\u00e9 anch\u2019io venga ad adorarlo\u00bb.<br \/>\nUdito il re, essi partirono. Ed ecco, la stella, che avevano visto spuntare, li precedeva, finch\u00e9 giunse e si ferm\u00f2 sopra il luogo dove si trovava il bambino. Al vedere la stella, provarono una gioia grandissima. Entrati nella casa, videro il bambino con Maria sua madre, si prostrarono e lo adorarono. Poi aprirono i loro scrigni e gli offrirono in dono oro, incenso e mirra. Avvertiti in sogno di non tornare da Erode, per un\u2019altra strada fecero ritorno al loro paese.<br \/>\n<\/em><\/p>\n<p>Tre strani personaggi, i Magi, inidentificati uomini provenienti dall\u2019Oriente si accostano al Bambino di Betlemme. Sono forse personaggi di corte o esperti del futuro? Poco interessa a quale casato o quale strategia usano per leggere i piani nascosti del cielo. Siamo certi che non vengono a mani vuote. Portano con s\u00e9, oro, incenso e mirra. Sono proprio i doni che li identificano e mostrano com\u2019\u00e8 possibile ribaltare il senso dell\u2019uso degli stessi doni.<br \/>\nL\u2019oro rappresenta il potere. Chi governa ha sempre nella mani le sorti dell&#8217;umanit\u00e0.  Il primo dei tre di fronte al nascituro ha compreso che la forza non potr\u00e0 permettergli di cambiare nulla n\u00e9 della sua, n\u00e9 della vita altrui. Il potere solo se innestato nella dimensione della condivisione permette di intravedere che il mondo non cammina con la logica economica, ma \u00e8 fatto di uomini e donne che sanno offrire per gli altri il meglio di s\u00e9.<br \/>\nL\u2019incenso rappresenta il modo di essere religioso nella storia. Presentando questo dono al Bambino di Betlemme, lo sconosciuto personaggio orientale rigetta la religiosit\u00e0 di chi vuol emergere a tutti i costi. Non \u00e8 l\u2019integralismo religioso o la supremazia ecclesiale che dev\u2019essere offerta, ma il mettersi come comunit\u00e0 ecclesiale dalla parte dei piccoli e degli ultimi.<br \/>\nLa mirra \u00e8 il Mago che rigetta la logica di chi ha preso coscienza che il commercio delle armi o quello dei traffici umani procurano sofferenza e distruzione. In lui si rendono presenti tutti coloro che s\u2019impegnano a favore di chi vuole eliminare definitivamente tali sofferenze.<br \/>\nI tre non tornano per la via del potere, quella dell\u2019Erode di Gerusalemme, ma per la via dell\u2019amore. Hanno ridotto in un attimo il \u201cgap\u201d che li divideva dalla logica dell\u2019amore gratuito cominciata con il natale di Ges\u00f9.<\/p>\n<p>Il Direttore<\/p>\n<p>Don Antonio Ruccia<\/p>\n","protected":false},"excerpt":{"rendered":"<p>Dal vangelo secondo Matteo (Mt 2,1-12) Nato Ges\u00f9 a Betlemme di Giudea, al tempo del re Erode, ecco, alcuni Magi [&hellip;]<\/p>\n","protected":false},"author":1,"featured_media":0,"comment_status":"closed","ping_status":"open","sticky":false,"template":"","format":"standard","meta":{"_uag_custom_page_level_css":"","site-sidebar-layout":"default","site-content-layout":"","ast-site-content-layout":"default","site-content-style":"default","site-sidebar-style":"default","ast-global-header-display":"","ast-banner-title-visibility":"","ast-main-header-display":"","ast-hfb-above-header-display":"","ast-hfb-below-header-display":"","ast-hfb-mobile-header-display":"","site-post-title":"","ast-breadcrumbs-content":"","ast-featured-img":"","footer-sml-layout":"","theme-transparent-header-meta":"","adv-header-id-meta":"","stick-header-meta":"","header-above-stick-meta":"","header-main-stick-meta":"","header-below-stick-meta":"","astra-migrate-meta-layouts":"default","ast-page-background-enabled":"default","ast-page-background-meta":{"desktop":{"background-color":"var(--ast-global-color-5)","background-image":"","background-repeat":"repeat","background-position":"center center","background-size":"auto","background-attachment":"scroll","background-type":"","background-media":"","overlay-type":"","overlay-color":"","overlay-opacity":"","overlay-gradient":""},"tablet":{"background-color":"","background-image":"","background-repeat":"repeat","background-position":"center center","background-size":"auto","background-attachment":"scroll","background-type":"","background-media":"","overlay-type":"","overlay-color":"","overlay-opacity":"","overlay-gradient":""},"mobile":{"background-color":"","background-image":"","background-repeat":"repeat","background-position":"center center","background-size":"auto","background-attachment":"scroll","background-type":"","background-media":"","overlay-type":"","overlay-color":"","overlay-opacity":"","overlay-gradient":""}},"ast-content-background-meta":{"desktop":{"background-color":"var(--ast-global-color-4)","background-image":"","background-repeat":"repeat","background-position":"center center","background-size":"auto","background-attachment":"scroll","background-type":"","background-media":"","overlay-type":"","overlay-color":"","overlay-opacity":"","overlay-gradient":""},"tablet":{"background-color":"var(--ast-global-color-4)","background-image":"","background-repeat":"repeat","background-position":"center center","background-size":"auto","background-attachment":"scroll","background-type":"","background-media":"","overlay-type":"","overlay-color":"","overlay-opacity":"","overlay-gradient":""},"mobile":{"background-color":"var(--ast-global-color-4)","background-image":"","background-repeat":"repeat","background-position":"center center","background-size":"auto","background-attachment":"scroll","background-type":"","background-media":"","overlay-type":"","overlay-color":"","overlay-opacity":"","overlay-gradient":""}},"footnotes":""},"categories":[20],"tags":[52,30],"class_list":["post-732","post","type-post","status-publish","format-standard","hentry","category-commenti-vangelo","tag-commenti-al-vangelo","tag-commento-vangelo-don-antonio-ruccia"],"gutentor_comment":0,"yoast_head":"<!-- This site is optimized with the Yoast SEO plugin v26.8 - https:\/\/yoast.com\/product\/yoast-seo-wordpress\/ -->\r\n<title>Per Altra Via - Mercoled\u00ec 6 Gennaio 2010 - Caritas Diocesana Bari-Bitonto<\/title>\r\n<meta name=\"robots\" content=\"index, follow, max-snippet:-1, max-image-preview:large, max-video-preview:-1\" \/>\r\n<link rel=\"canonical\" href=\"https:\/\/www.caritasbaribitonto.it\/public\/home\/2010\/01\/per-altra-via-mercoledi-6-gennaio-2010\/\" \/>\r\n<meta property=\"og:locale\" content=\"it_IT\" \/>\r\n<meta property=\"og:type\" content=\"article\" \/>\r\n<meta property=\"og:title\" content=\"Per Altra Via - Mercoled\u00ec 6 Gennaio 2010 - Caritas Diocesana Bari-Bitonto\" \/>\r\n<meta property=\"og:description\" content=\"Dal vangelo secondo Matteo (Mt 2,1-12) Nato Ges\u00f9 a Betlemme di Giudea, al tempo del re Erode, ecco, alcuni Magi [&hellip;]\" \/>\r\n<meta property=\"og:url\" content=\"https:\/\/www.caritasbaribitonto.it\/public\/home\/2010\/01\/per-altra-via-mercoledi-6-gennaio-2010\/\" \/>\r\n<meta property=\"og:site_name\" content=\"Caritas Diocesana Bari-Bitonto\" \/>\r\n<meta property=\"article:publisher\" content=\"https:\/\/www.facebook.com\/pages\/Caritas-Diocesana-Bari-Bitonto\/533981476753770\" \/>\r\n<meta property=\"article:published_time\" content=\"2010-01-05T13:35:43+00:00\" \/>\r\n<meta property=\"article:modified_time\" content=\"2010-01-08T15:48:03+00:00\" \/>\r\n<meta property=\"og:image\" content=\"http:\/\/www.levane.it\/design\/images\/epifania_c.jpg\" \/>\r\n<meta name=\"author\" content=\"Giovanni Caputo\" \/>\r\n<meta name=\"twitter:card\" content=\"summary_large_image\" \/>\r\n<meta name=\"twitter:label1\" content=\"Scritto da\" \/>\n\t<meta name=\"twitter:data1\" content=\"Giovanni Caputo\" \/>\n\t<meta name=\"twitter:label2\" content=\"Tempo di lettura stimato\" \/>\n\t<meta name=\"twitter:data2\" content=\"3 minuti\" \/>\r\n<script type=\"application\/ld+json\" class=\"yoast-schema-graph\">{\"@context\":\"https:\/\/schema.org\",\"@graph\":[{\"@type\":\"Article\",\"@id\":\"https:\/\/www.caritasbaribitonto.it\/public\/home\/2010\/01\/per-altra-via-mercoledi-6-gennaio-2010\/#article\",\"isPartOf\":{\"@id\":\"https:\/\/www.caritasbaribitonto.it\/public\/home\/2010\/01\/per-altra-via-mercoledi-6-gennaio-2010\/\"},\"author\":{\"name\":\"Giovanni Caputo\",\"@id\":\"https:\/\/www.caritasbaribitonto.it\/public\/home\/#\/schema\/person\/06b333402b70fdadb662b68974e8c97a\"},\"headline\":\"Per Altra Via &#8211; Mercoled\u00ec 6 Gennaio 2010\",\"datePublished\":\"2010-01-05T13:35:43+00:00\",\"dateModified\":\"2010-01-08T15:48:03+00:00\",\"mainEntityOfPage\":{\"@id\":\"https:\/\/www.caritasbaribitonto.it\/public\/home\/2010\/01\/per-altra-via-mercoledi-6-gennaio-2010\/\"},\"wordCount\":561,\"publisher\":{\"@id\":\"https:\/\/www.caritasbaribitonto.it\/public\/home\/#organization\"},\"image\":{\"@id\":\"https:\/\/www.caritasbaribitonto.it\/public\/home\/2010\/01\/per-altra-via-mercoledi-6-gennaio-2010\/#primaryimage\"},\"thumbnailUrl\":\"http:\/\/www.levane.it\/design\/images\/epifania_c.jpg\",\"keywords\":[\"commenti al Vangelo\",\"commento vangelo don antonio ruccia\"],\"articleSection\":[\"Commenti Vangelo\"],\"inLanguage\":\"it-IT\"},{\"@type\":\"WebPage\",\"@id\":\"https:\/\/www.caritasbaribitonto.it\/public\/home\/2010\/01\/per-altra-via-mercoledi-6-gennaio-2010\/\",\"url\":\"https:\/\/www.caritasbaribitonto.it\/public\/home\/2010\/01\/per-altra-via-mercoledi-6-gennaio-2010\/\",\"name\":\"Per Altra Via - Mercoled\u00ec 6 Gennaio 2010 - Caritas Diocesana Bari-Bitonto\",\"isPartOf\":{\"@id\":\"https:\/\/www.caritasbaribitonto.it\/public\/home\/#website\"},\"primaryImageOfPage\":{\"@id\":\"https:\/\/www.caritasbaribitonto.it\/public\/home\/2010\/01\/per-altra-via-mercoledi-6-gennaio-2010\/#primaryimage\"},\"image\":{\"@id\":\"https:\/\/www.caritasbaribitonto.it\/public\/home\/2010\/01\/per-altra-via-mercoledi-6-gennaio-2010\/#primaryimage\"},\"thumbnailUrl\":\"http:\/\/www.levane.it\/design\/images\/epifania_c.jpg\",\"datePublished\":\"2010-01-05T13:35:43+00:00\",\"dateModified\":\"2010-01-08T15:48:03+00:00\",\"breadcrumb\":{\"@id\":\"https:\/\/www.caritasbaribitonto.it\/public\/home\/2010\/01\/per-altra-via-mercoledi-6-gennaio-2010\/#breadcrumb\"},\"inLanguage\":\"it-IT\",\"potentialAction\":[{\"@type\":\"ReadAction\",\"target\":[\"https:\/\/www.caritasbaribitonto.it\/public\/home\/2010\/01\/per-altra-via-mercoledi-6-gennaio-2010\/\"]}]},{\"@type\":\"ImageObject\",\"inLanguage\":\"it-IT\",\"@id\":\"https:\/\/www.caritasbaribitonto.it\/public\/home\/2010\/01\/per-altra-via-mercoledi-6-gennaio-2010\/#primaryimage\",\"url\":\"http:\/\/www.levane.it\/design\/images\/epifania_c.jpg\",\"contentUrl\":\"http:\/\/www.levane.it\/design\/images\/epifania_c.jpg\"},{\"@type\":\"BreadcrumbList\",\"@id\":\"https:\/\/www.caritasbaribitonto.it\/public\/home\/2010\/01\/per-altra-via-mercoledi-6-gennaio-2010\/#breadcrumb\",\"itemListElement\":[{\"@type\":\"ListItem\",\"position\":1,\"name\":\"Home\",\"item\":\"https:\/\/www.caritasbaribitonto.it\/public\/home\/\"},{\"@type\":\"ListItem\",\"position\":2,\"name\":\"Per Altra Via &#8211; Mercoled\u00ec 6 Gennaio 2010\"}]},{\"@type\":\"WebSite\",\"@id\":\"https:\/\/www.caritasbaribitonto.it\/public\/home\/#website\",\"url\":\"https:\/\/www.caritasbaribitonto.it\/public\/home\/\",\"name\":\"Caritas Diocesana Bari-Bitonto\",\"description\":\"I santi della porta accanto\",\"publisher\":{\"@id\":\"https:\/\/www.caritasbaribitonto.it\/public\/home\/#organization\"},\"potentialAction\":[{\"@type\":\"SearchAction\",\"target\":{\"@type\":\"EntryPoint\",\"urlTemplate\":\"https:\/\/www.caritasbaribitonto.it\/public\/home\/?s={search_term_string}\"},\"query-input\":{\"@type\":\"PropertyValueSpecification\",\"valueRequired\":true,\"valueName\":\"search_term_string\"}}],\"inLanguage\":\"it-IT\"},{\"@type\":\"Organization\",\"@id\":\"https:\/\/www.caritasbaribitonto.it\/public\/home\/#organization\",\"name\":\"Caritas Diocesana Bari-Bitonto\",\"url\":\"https:\/\/www.caritasbaribitonto.it\/public\/home\/\",\"logo\":{\"@type\":\"ImageObject\",\"inLanguage\":\"it-IT\",\"@id\":\"https:\/\/www.caritasbaribitonto.it\/public\/home\/#\/schema\/logo\/image\/\",\"url\":\"https:\/\/www.caritasbaribitonto.it\/public\/home\/img\/uploads\/2025\/02\/cropped-cropped-caritas2025_350x112.png\",\"contentUrl\":\"https:\/\/www.caritasbaribitonto.it\/public\/home\/img\/uploads\/2025\/02\/cropped-cropped-caritas2025_350x112.png\",\"width\":350,\"height\":112,\"caption\":\"Caritas Diocesana Bari-Bitonto\"},\"image\":{\"@id\":\"https:\/\/www.caritasbaribitonto.it\/public\/home\/#\/schema\/logo\/image\/\"},\"sameAs\":[\"https:\/\/www.facebook.com\/pages\/Caritas-Diocesana-Bari-Bitonto\/533981476753770\"]},{\"@type\":\"Person\",\"@id\":\"https:\/\/www.caritasbaribitonto.it\/public\/home\/#\/schema\/person\/06b333402b70fdadb662b68974e8c97a\",\"name\":\"Giovanni Caputo\",\"image\":{\"@type\":\"ImageObject\",\"inLanguage\":\"it-IT\",\"@id\":\"https:\/\/www.caritasbaribitonto.it\/public\/home\/#\/schema\/person\/image\/\",\"url\":\"https:\/\/secure.gravatar.com\/avatar\/6c7e9d4e1e2394bfa4e38377bd0b5e03cbf0c79e27918e6497d3f408f89d0d3b?s=96&d=identicon&r=g\",\"contentUrl\":\"https:\/\/secure.gravatar.com\/avatar\/6c7e9d4e1e2394bfa4e38377bd0b5e03cbf0c79e27918e6497d3f408f89d0d3b?s=96&d=identicon&r=g\",\"caption\":\"Giovanni Caputo\"},\"url\":\"https:\/\/www.caritasbaribitonto.it\/public\/home\/author\/admin\/\"}]}<\/script>\r\n<!-- \/ Yoast SEO plugin. -->","yoast_head_json":{"title":"Per Altra Via - Mercoled\u00ec 6 Gennaio 2010 - Caritas Diocesana Bari-Bitonto","robots":{"index":"index","follow":"follow","max-snippet":"max-snippet:-1","max-image-preview":"max-image-preview:large","max-video-preview":"max-video-preview:-1"},"canonical":"https:\/\/www.caritasbaribitonto.it\/public\/home\/2010\/01\/per-altra-via-mercoledi-6-gennaio-2010\/","og_locale":"it_IT","og_type":"article","og_title":"Per Altra Via - Mercoled\u00ec 6 Gennaio 2010 - Caritas Diocesana Bari-Bitonto","og_description":"Dal vangelo secondo Matteo (Mt 2,1-12) Nato Ges\u00f9 a Betlemme di Giudea, al tempo del re Erode, ecco, alcuni Magi [&hellip;]","og_url":"https:\/\/www.caritasbaribitonto.it\/public\/home\/2010\/01\/per-altra-via-mercoledi-6-gennaio-2010\/","og_site_name":"Caritas Diocesana Bari-Bitonto","article_publisher":"https:\/\/www.facebook.com\/pages\/Caritas-Diocesana-Bari-Bitonto\/533981476753770","article_published_time":"2010-01-05T13:35:43+00:00","article_modified_time":"2010-01-08T15:48:03+00:00","og_image":[{"url":"http:\/\/www.levane.it\/design\/images\/epifania_c.jpg","type":"","width":"","height":""}],"author":"Giovanni Caputo","twitter_card":"summary_large_image","twitter_misc":{"Scritto da":"Giovanni Caputo","Tempo di lettura stimato":"3 minuti"},"schema":{"@context":"https:\/\/schema.org","@graph":[{"@type":"Article","@id":"https:\/\/www.caritasbaribitonto.it\/public\/home\/2010\/01\/per-altra-via-mercoledi-6-gennaio-2010\/#article","isPartOf":{"@id":"https:\/\/www.caritasbaribitonto.it\/public\/home\/2010\/01\/per-altra-via-mercoledi-6-gennaio-2010\/"},"author":{"name":"Giovanni Caputo","@id":"https:\/\/www.caritasbaribitonto.it\/public\/home\/#\/schema\/person\/06b333402b70fdadb662b68974e8c97a"},"headline":"Per Altra Via &#8211; Mercoled\u00ec 6 Gennaio 2010","datePublished":"2010-01-05T13:35:43+00:00","dateModified":"2010-01-08T15:48:03+00:00","mainEntityOfPage":{"@id":"https:\/\/www.caritasbaribitonto.it\/public\/home\/2010\/01\/per-altra-via-mercoledi-6-gennaio-2010\/"},"wordCount":561,"publisher":{"@id":"https:\/\/www.caritasbaribitonto.it\/public\/home\/#organization"},"image":{"@id":"https:\/\/www.caritasbaribitonto.it\/public\/home\/2010\/01\/per-altra-via-mercoledi-6-gennaio-2010\/#primaryimage"},"thumbnailUrl":"http:\/\/www.levane.it\/design\/images\/epifania_c.jpg","keywords":["commenti al Vangelo","commento vangelo don antonio ruccia"],"articleSection":["Commenti Vangelo"],"inLanguage":"it-IT"},{"@type":"WebPage","@id":"https:\/\/www.caritasbaribitonto.it\/public\/home\/2010\/01\/per-altra-via-mercoledi-6-gennaio-2010\/","url":"https:\/\/www.caritasbaribitonto.it\/public\/home\/2010\/01\/per-altra-via-mercoledi-6-gennaio-2010\/","name":"Per Altra Via - Mercoled\u00ec 6 Gennaio 2010 - Caritas Diocesana Bari-Bitonto","isPartOf":{"@id":"https:\/\/www.caritasbaribitonto.it\/public\/home\/#website"},"primaryImageOfPage":{"@id":"https:\/\/www.caritasbaribitonto.it\/public\/home\/2010\/01\/per-altra-via-mercoledi-6-gennaio-2010\/#primaryimage"},"image":{"@id":"https:\/\/www.caritasbaribitonto.it\/public\/home\/2010\/01\/per-altra-via-mercoledi-6-gennaio-2010\/#primaryimage"},"thumbnailUrl":"http:\/\/www.levane.it\/design\/images\/epifania_c.jpg","datePublished":"2010-01-05T13:35:43+00:00","dateModified":"2010-01-08T15:48:03+00:00","breadcrumb":{"@id":"https:\/\/www.caritasbaribitonto.it\/public\/home\/2010\/01\/per-altra-via-mercoledi-6-gennaio-2010\/#breadcrumb"},"inLanguage":"it-IT","potentialAction":[{"@type":"ReadAction","target":["https:\/\/www.caritasbaribitonto.it\/public\/home\/2010\/01\/per-altra-via-mercoledi-6-gennaio-2010\/"]}]},{"@type":"ImageObject","inLanguage":"it-IT","@id":"https:\/\/www.caritasbaribitonto.it\/public\/home\/2010\/01\/per-altra-via-mercoledi-6-gennaio-2010\/#primaryimage","url":"http:\/\/www.levane.it\/design\/images\/epifania_c.jpg","contentUrl":"http:\/\/www.levane.it\/design\/images\/epifania_c.jpg"},{"@type":"BreadcrumbList","@id":"https:\/\/www.caritasbaribitonto.it\/public\/home\/2010\/01\/per-altra-via-mercoledi-6-gennaio-2010\/#breadcrumb","itemListElement":[{"@type":"ListItem","position":1,"name":"Home","item":"https:\/\/www.caritasbaribitonto.it\/public\/home\/"},{"@type":"ListItem","position":2,"name":"Per Altra Via &#8211; Mercoled\u00ec 6 Gennaio 2010"}]},{"@type":"WebSite","@id":"https:\/\/www.caritasbaribitonto.it\/public\/home\/#website","url":"https:\/\/www.caritasbaribitonto.it\/public\/home\/","name":"Caritas Diocesana Bari-Bitonto","description":"I santi della porta accanto","publisher":{"@id":"https:\/\/www.caritasbaribitonto.it\/public\/home\/#organization"},"potentialAction":[{"@type":"SearchAction","target":{"@type":"EntryPoint","urlTemplate":"https:\/\/www.caritasbaribitonto.it\/public\/home\/?s={search_term_string}"},"query-input":{"@type":"PropertyValueSpecification","valueRequired":true,"valueName":"search_term_string"}}],"inLanguage":"it-IT"},{"@type":"Organization","@id":"https:\/\/www.caritasbaribitonto.it\/public\/home\/#organization","name":"Caritas Diocesana Bari-Bitonto","url":"https:\/\/www.caritasbaribitonto.it\/public\/home\/","logo":{"@type":"ImageObject","inLanguage":"it-IT","@id":"https:\/\/www.caritasbaribitonto.it\/public\/home\/#\/schema\/logo\/image\/","url":"https:\/\/www.caritasbaribitonto.it\/public\/home\/img\/uploads\/2025\/02\/cropped-cropped-caritas2025_350x112.png","contentUrl":"https:\/\/www.caritasbaribitonto.it\/public\/home\/img\/uploads\/2025\/02\/cropped-cropped-caritas2025_350x112.png","width":350,"height":112,"caption":"Caritas Diocesana Bari-Bitonto"},"image":{"@id":"https:\/\/www.caritasbaribitonto.it\/public\/home\/#\/schema\/logo\/image\/"},"sameAs":["https:\/\/www.facebook.com\/pages\/Caritas-Diocesana-Bari-Bitonto\/533981476753770"]},{"@type":"Person","@id":"https:\/\/www.caritasbaribitonto.it\/public\/home\/#\/schema\/person\/06b333402b70fdadb662b68974e8c97a","name":"Giovanni Caputo","image":{"@type":"ImageObject","inLanguage":"it-IT","@id":"https:\/\/www.caritasbaribitonto.it\/public\/home\/#\/schema\/person\/image\/","url":"https:\/\/secure.gravatar.com\/avatar\/6c7e9d4e1e2394bfa4e38377bd0b5e03cbf0c79e27918e6497d3f408f89d0d3b?s=96&d=identicon&r=g","contentUrl":"https:\/\/secure.gravatar.com\/avatar\/6c7e9d4e1e2394bfa4e38377bd0b5e03cbf0c79e27918e6497d3f408f89d0d3b?s=96&d=identicon&r=g","caption":"Giovanni Caputo"},"url":"https:\/\/www.caritasbaribitonto.it\/public\/home\/author\/admin\/"}]}},"jetpack_featured_media_url":"","uagb_featured_image_src":{"full":false,"thumbnail":false,"medium":false,"medium_large":false,"large":false,"1536x1536":false,"2048x2048":false},"uagb_author_info":{"display_name":"Giovanni Caputo","author_link":"https:\/\/www.caritasbaribitonto.it\/public\/home\/author\/admin\/"},"uagb_comment_info":0,"uagb_excerpt":"Dal vangelo secondo Matteo (Mt 2,1-12) Nato Ges\u00f9 a Betlemme di Giudea, al tempo del re Erode, ecco, alcuni Magi [&hellip;]","_links":{"self":[{"href":"https:\/\/www.caritasbaribitonto.it\/public\/home\/wp-json\/wp\/v2\/posts\/732","targetHints":{"allow":["GET"]}}],"collection":[{"href":"https:\/\/www.caritasbaribitonto.it\/public\/home\/wp-json\/wp\/v2\/posts"}],"about":[{"href":"https:\/\/www.caritasbaribitonto.it\/public\/home\/wp-json\/wp\/v2\/types\/post"}],"author":[{"embeddable":true,"href":"https:\/\/www.caritasbaribitonto.it\/public\/home\/wp-json\/wp\/v2\/users\/1"}],"replies":[{"embeddable":true,"href":"https:\/\/www.caritasbaribitonto.it\/public\/home\/wp-json\/wp\/v2\/comments?post=732"}],"version-history":[{"count":0,"href":"https:\/\/www.caritasbaribitonto.it\/public\/home\/wp-json\/wp\/v2\/posts\/732\/revisions"}],"wp:attachment":[{"href":"https:\/\/www.caritasbaribitonto.it\/public\/home\/wp-json\/wp\/v2\/media?parent=732"}],"wp:term":[{"taxonomy":"category","embeddable":true,"href":"https:\/\/www.caritasbaribitonto.it\/public\/home\/wp-json\/wp\/v2\/categories?post=732"},{"taxonomy":"post_tag","embeddable":true,"href":"https:\/\/www.caritasbaribitonto.it\/public\/home\/wp-json\/wp\/v2\/tags?post=732"}],"curies":[{"name":"wp","href":"https:\/\/api.w.org\/{rel}","templated":true}]}}