{"id":7007,"date":"2024-11-20T18:24:21","date_gmt":"2024-11-20T17:24:21","guid":{"rendered":"https:\/\/www.caritasbaribitonto.it\/public\/home\/?p=7007"},"modified":"2024-11-20T21:40:18","modified_gmt":"2024-11-20T20:40:18","slug":"la-giornata-mondiale-dei-poveri-nella-nostra-diocesi","status":"publish","type":"post","link":"https:\/\/www.caritasbaribitonto.it\/public\/home\/2024\/11\/la-giornata-mondiale-dei-poveri-nella-nostra-diocesi\/","title":{"rendered":"La giornata mondiale dei poveri nella nostra diocesi"},"content":{"rendered":"\n<figure class=\"wp-block-image alignleft size-large is-resized\"><img loading=\"lazy\" decoding=\"async\" width=\"724\" height=\"1024\" src=\"https:\/\/www.caritasbaribitonto.it\/public\/home\/img\/uploads\/2024\/11\/Caritas-Parrocchiale-Santa-Fara-724x1024.jpg\" alt=\"\" class=\"wp-image-7019\" style=\"width:200px\" srcset=\"https:\/\/www.caritasbaribitonto.it\/public\/home\/img\/uploads\/2024\/11\/Caritas-Parrocchiale-Santa-Fara-724x1024.jpg 724w, https:\/\/www.caritasbaribitonto.it\/public\/home\/img\/uploads\/2024\/11\/Caritas-Parrocchiale-Santa-Fara-212x300.jpg 212w, https:\/\/www.caritasbaribitonto.it\/public\/home\/img\/uploads\/2024\/11\/Caritas-Parrocchiale-Santa-Fara-768x1086.jpg 768w, https:\/\/www.caritasbaribitonto.it\/public\/home\/img\/uploads\/2024\/11\/Caritas-Parrocchiale-Santa-Fara-1086x1536.jpg 1086w, https:\/\/www.caritasbaribitonto.it\/public\/home\/img\/uploads\/2024\/11\/Caritas-Parrocchiale-Santa-Fara-1448x2048.jpg 1448w, https:\/\/www.caritasbaribitonto.it\/public\/home\/img\/uploads\/2024\/11\/Caritas-Parrocchiale-Santa-Fara-scaled.jpg 1810w\" sizes=\"auto, (max-width: 724px) 100vw, 724px\" \/><\/figure>\n\n\n\n<p><strong>Caritas &#8220;Santa Fara&#8221;<\/strong><\/p>\n\n\n\n<p>Organizzazione di due momenti per rispondere all&#8217;appello del Santo Padre e celebrare con la preghiera, la riflessione e l&#8217;azione concreta questa ricorrenza.&nbsp;<\/p>\n\n\n\n<p><\/p>\n\n\n\n<p><\/p>\n\n\n\n<p><strong>Caritas Parrocchia Immacolata Adelfia<\/strong><\/p>\n\n\n\n<p>Sensibilizzazione nei gruppi di catechismo della nostra parrocchia, con l\u2019obiettivo di coinvolgere i ragazzi e le loro famiglie in un&#8217;esperienza concreta di solidariet\u00e0.<\/p>\n\n\n\n<p>Abbiamo deciso di invitare tutti i partecipanti a prendere parte alla raccolta porta a porta organizzata dalla Caritas, che si terr\u00e0 sabato 16 novembre, alla vigilia della Giornata Mondiale dei Poveri. Vogliamo che i ragazzi e le loro famiglie tocchino con mano il valore e il significato della solidariet\u00e0, contribuendo attivamente a questa iniziativa di carit\u00e0.<\/p>\n\n\n\n<p>Inoltre, durante la celebrazione delle Sante Messe di domenica 17 novembre, animeremo i momenti liturgici con la partecipazione delle famiglie che assistiamo, cercando di rendere ancora pi\u00f9 visibile il nostro impegno e la nostra vicinanza ai pi\u00f9 bisognosi.<\/p>\n\n\n\n<p><strong>Caritas Cittadina Sannicandro di Bari<\/strong><\/p>\n\n\n\n<p>Cena presso il dormitorio con gli ospiti da parte gruppi giovanili.<\/p>\n\n\n\n<p>Raccolta viveri per famiglie bisognose.<\/p>\n\n\n\n<p>Durante tutte le celebrazioni preghiere per i poveri ed emarginati e lettura dal messaggio di Papa Francesco.<\/p>\n\n\n\n<p><strong>Caritas Parrocchiale San Giuseppe<\/strong><\/p>\n\n\n\n<p>Organizzazione di una festa con tutta la comunit\u00e0 per le famiglie bisognose animata dai gruppi parrocchiali con canti, balli, giochi e intrattenimenti vari per tutte le et\u00e0.<br>Durante le messe domenicali ci sar\u00e0 una raccolta di beni di prima necessita in cui tutta la comunit\u00e0 si far\u00e0 carico.<\/p>\n\n\n\n<p><strong>San Michele Arcangelo Palese<\/strong><\/p>\n\n\n\n<p>Marted\u00ec 12 novembre ore19,00,adorazione eucaristica animata dai giovani e coro parrocchiale.&nbsp;<br>Gioved\u00ec 14 novembre ore19,00 incontro di formazione dal tema: (Grembo accogliente)condotto da don Lino Modesto.<br>Domenica 17 novembre ore13,00 pranzo in parrocchia&nbsp; con la partecipazione di circa 20 ospiti del Cara e la collaborazione della comunit\u00e0 parrocchiale.&nbsp;<\/p>\n\n\n\n<p><strong>San Giovanni Battista- Bari&nbsp;<\/strong><\/p>\n\n\n\n<p>Raccolta straordinaria di viveri che in seguito saranno distribuiti direttamente da volontari alle famiglie in difficolt\u00e0.<\/p>\n\n\n\n<p><strong>Parrocchia Santa Maria di Costantinopoli Bitritto&nbsp;<\/strong><\/p>\n\n\n\n<p>Veglia di preghiera venerd\u00ec 8 novembre con Esposizione del Santissimo;<br>Condivisione del Pranzo di Comunit\u00e0 Domenica 17 novembre con le persone seguite dalla Caritas Parrocchiale.<\/p>\n\n\n\n<p><strong>Santa Maria di Monteverde<\/strong> <\/p>\n\n\n\n<p>Preparazione cartelloni&nbsp;e locandine con cui abbiamo allestito il percorso che dall&#8217;esterno attraverso l&#8217;oratorio porta in chiesa. I fedeli cos\u00ec hanno avuto modo di immergersi nella realt\u00e0 dei poveri e interrogarsi su questa problematica. Alla fine delle messe del sabato e della domenica \u00e8 stata distribuita una sintesi del messaggio di papa Francesco e una brochure con tutte le attivit\u00e0 della Caritas parrocchiale con l&#8217;invito a partecipare in modo attivo a questa importante missione.<\/p>\n\n\n\n<figure class=\"wp-block-gallery has-nested-images columns-6 is-cropped wp-block-gallery-1 is-layout-flex wp-block-gallery-is-layout-flex\">\n<figure class=\"wp-block-image size-medium\"><img loading=\"lazy\" decoding=\"async\" width=\"300\" height=\"225\" data-id=\"7008\" src=\"https:\/\/www.caritasbaribitonto.it\/public\/home\/img\/uploads\/2024\/11\/locandine-300x225.jpg\" alt=\"\" class=\"wp-image-7008\" srcset=\"https:\/\/www.caritasbaribitonto.it\/public\/home\/img\/uploads\/2024\/11\/locandine-300x225.jpg 300w, https:\/\/www.caritasbaribitonto.it\/public\/home\/img\/uploads\/2024\/11\/locandine-1024x768.jpg 1024w, https:\/\/www.caritasbaribitonto.it\/public\/home\/img\/uploads\/2024\/11\/locandine-768x576.jpg 768w, https:\/\/www.caritasbaribitonto.it\/public\/home\/img\/uploads\/2024\/11\/locandine-1536x1152.jpg 1536w, https:\/\/www.caritasbaribitonto.it\/public\/home\/img\/uploads\/2024\/11\/locandine-326x245.jpg 326w, https:\/\/www.caritasbaribitonto.it\/public\/home\/img\/uploads\/2024\/11\/locandine-80x60.jpg 80w, https:\/\/www.caritasbaribitonto.it\/public\/home\/img\/uploads\/2024\/11\/locandine.jpg 2048w\" sizes=\"auto, (max-width: 300px) 100vw, 300px\" \/><\/figure>\n\n\n\n<figure class=\"wp-block-image size-medium\"><img loading=\"lazy\" decoding=\"async\" width=\"225\" height=\"300\" data-id=\"7012\" src=\"https:\/\/www.caritasbaribitonto.it\/public\/home\/img\/uploads\/2024\/11\/cartellone1-225x300.jpg\" alt=\"\" class=\"wp-image-7012\" srcset=\"https:\/\/www.caritasbaribitonto.it\/public\/home\/img\/uploads\/2024\/11\/cartellone1-225x300.jpg 225w, https:\/\/www.caritasbaribitonto.it\/public\/home\/img\/uploads\/2024\/11\/cartellone1-768x1024.jpg 768w, https:\/\/www.caritasbaribitonto.it\/public\/home\/img\/uploads\/2024\/11\/cartellone1-1152x1536.jpg 1152w, https:\/\/www.caritasbaribitonto.it\/public\/home\/img\/uploads\/2024\/11\/cartellone1.jpg 1200w\" sizes=\"auto, (max-width: 225px) 100vw, 225px\" \/><\/figure>\n\n\n\n<figure class=\"wp-block-image size-medium\"><img loading=\"lazy\" decoding=\"async\" width=\"225\" height=\"300\" data-id=\"7015\" src=\"https:\/\/www.caritasbaribitonto.it\/public\/home\/img\/uploads\/2024\/11\/cartellone2-225x300.jpg\" alt=\"\" class=\"wp-image-7015\" srcset=\"https:\/\/www.caritasbaribitonto.it\/public\/home\/img\/uploads\/2024\/11\/cartellone2-225x300.jpg 225w, https:\/\/www.caritasbaribitonto.it\/public\/home\/img\/uploads\/2024\/11\/cartellone2-768x1024.jpg 768w, https:\/\/www.caritasbaribitonto.it\/public\/home\/img\/uploads\/2024\/11\/cartellone2-1152x1536.jpg 1152w, https:\/\/www.caritasbaribitonto.it\/public\/home\/img\/uploads\/2024\/11\/cartellone2.jpg 1200w\" sizes=\"auto, (max-width: 225px) 100vw, 225px\" \/><\/figure>\n\n\n\n<figure class=\"wp-block-image size-medium\"><img loading=\"lazy\" decoding=\"async\" width=\"300\" height=\"225\" data-id=\"7013\" src=\"https:\/\/www.caritasbaribitonto.it\/public\/home\/img\/uploads\/2024\/11\/cartellone3-300x225.jpg\" alt=\"\" class=\"wp-image-7013\" srcset=\"https:\/\/www.caritasbaribitonto.it\/public\/home\/img\/uploads\/2024\/11\/cartellone3-300x225.jpg 300w, https:\/\/www.caritasbaribitonto.it\/public\/home\/img\/uploads\/2024\/11\/cartellone3-1024x768.jpg 1024w, https:\/\/www.caritasbaribitonto.it\/public\/home\/img\/uploads\/2024\/11\/cartellone3-768x576.jpg 768w, https:\/\/www.caritasbaribitonto.it\/public\/home\/img\/uploads\/2024\/11\/cartellone3-1536x1152.jpg 1536w, https:\/\/www.caritasbaribitonto.it\/public\/home\/img\/uploads\/2024\/11\/cartellone3-326x245.jpg 326w, https:\/\/www.caritasbaribitonto.it\/public\/home\/img\/uploads\/2024\/11\/cartellone3-80x60.jpg 80w, https:\/\/www.caritasbaribitonto.it\/public\/home\/img\/uploads\/2024\/11\/cartellone3.jpg 1600w\" sizes=\"auto, (max-width: 300px) 100vw, 300px\" \/><\/figure>\n\n\n\n<figure class=\"wp-block-image size-medium\"><img loading=\"lazy\" decoding=\"async\" width=\"225\" height=\"300\" data-id=\"7014\" src=\"https:\/\/www.caritasbaribitonto.it\/public\/home\/img\/uploads\/2024\/11\/cartellone4-225x300.jpg\" alt=\"\" class=\"wp-image-7014\" srcset=\"https:\/\/www.caritasbaribitonto.it\/public\/home\/img\/uploads\/2024\/11\/cartellone4-225x300.jpg 225w, https:\/\/www.caritasbaribitonto.it\/public\/home\/img\/uploads\/2024\/11\/cartellone4-768x1024.jpg 768w, https:\/\/www.caritasbaribitonto.it\/public\/home\/img\/uploads\/2024\/11\/cartellone4-1152x1536.jpg 1152w, https:\/\/www.caritasbaribitonto.it\/public\/home\/img\/uploads\/2024\/11\/cartellone4.jpg 1200w\" sizes=\"auto, (max-width: 225px) 100vw, 225px\" \/><\/figure>\n\n\n\n<figure class=\"wp-block-image size-medium\"><img loading=\"lazy\" decoding=\"async\" width=\"225\" height=\"300\" data-id=\"7011\" src=\"https:\/\/www.caritasbaribitonto.it\/public\/home\/img\/uploads\/2024\/11\/cartellone5-225x300.jpg\" alt=\"\" class=\"wp-image-7011\" srcset=\"https:\/\/www.caritasbaribitonto.it\/public\/home\/img\/uploads\/2024\/11\/cartellone5-225x300.jpg 225w, https:\/\/www.caritasbaribitonto.it\/public\/home\/img\/uploads\/2024\/11\/cartellone5-768x1024.jpg 768w, https:\/\/www.caritasbaribitonto.it\/public\/home\/img\/uploads\/2024\/11\/cartellone5-1152x1536.jpg 1152w, https:\/\/www.caritasbaribitonto.it\/public\/home\/img\/uploads\/2024\/11\/cartellone5.jpg 1200w\" sizes=\"auto, (max-width: 225px) 100vw, 225px\" \/><\/figure>\n\n\n\n<figure class=\"wp-block-image size-medium\"><img loading=\"lazy\" decoding=\"async\" width=\"225\" height=\"300\" data-id=\"7009\" src=\"https:\/\/www.caritasbaribitonto.it\/public\/home\/img\/uploads\/2024\/11\/cartellone6-225x300.jpg\" alt=\"\" class=\"wp-image-7009\" srcset=\"https:\/\/www.caritasbaribitonto.it\/public\/home\/img\/uploads\/2024\/11\/cartellone6-225x300.jpg 225w, https:\/\/www.caritasbaribitonto.it\/public\/home\/img\/uploads\/2024\/11\/cartellone6-768x1024.jpg 768w, https:\/\/www.caritasbaribitonto.it\/public\/home\/img\/uploads\/2024\/11\/cartellone6-1152x1536.jpg 1152w, https:\/\/www.caritasbaribitonto.it\/public\/home\/img\/uploads\/2024\/11\/cartellone6.jpg 1200w\" sizes=\"auto, (max-width: 225px) 100vw, 225px\" \/><\/figure>\n\n\n\n<figure class=\"wp-block-image size-medium\"><img loading=\"lazy\" decoding=\"async\" width=\"225\" height=\"300\" data-id=\"7017\" src=\"https:\/\/www.caritasbaribitonto.it\/public\/home\/img\/uploads\/2024\/11\/cartellone7-225x300.jpg\" alt=\"\" class=\"wp-image-7017\" srcset=\"https:\/\/www.caritasbaribitonto.it\/public\/home\/img\/uploads\/2024\/11\/cartellone7-225x300.jpg 225w, https:\/\/www.caritasbaribitonto.it\/public\/home\/img\/uploads\/2024\/11\/cartellone7-768x1024.jpg 768w, https:\/\/www.caritasbaribitonto.it\/public\/home\/img\/uploads\/2024\/11\/cartellone7-1152x1536.jpg 1152w, https:\/\/www.caritasbaribitonto.it\/public\/home\/img\/uploads\/2024\/11\/cartellone7.jpg 1200w\" sizes=\"auto, (max-width: 225px) 100vw, 225px\" \/><\/figure>\n\n\n\n<figure class=\"wp-block-image size-medium\"><img loading=\"lazy\" decoding=\"async\" width=\"225\" height=\"300\" data-id=\"7018\" src=\"https:\/\/www.caritasbaribitonto.it\/public\/home\/img\/uploads\/2024\/11\/cartellone8-225x300.jpg\" alt=\"\" class=\"wp-image-7018\" srcset=\"https:\/\/www.caritasbaribitonto.it\/public\/home\/img\/uploads\/2024\/11\/cartellone8-225x300.jpg 225w, https:\/\/www.caritasbaribitonto.it\/public\/home\/img\/uploads\/2024\/11\/cartellone8-768x1024.jpg 768w, https:\/\/www.caritasbaribitonto.it\/public\/home\/img\/uploads\/2024\/11\/cartellone8-1152x1536.jpg 1152w, https:\/\/www.caritasbaribitonto.it\/public\/home\/img\/uploads\/2024\/11\/cartellone8.jpg 1200w\" sizes=\"auto, (max-width: 225px) 100vw, 225px\" \/><\/figure>\n\n\n\n<figure class=\"wp-block-image size-medium\"><img loading=\"lazy\" decoding=\"async\" width=\"225\" height=\"300\" data-id=\"7016\" src=\"https:\/\/www.caritasbaribitonto.it\/public\/home\/img\/uploads\/2024\/11\/cartellone9-225x300.jpg\" alt=\"\" class=\"wp-image-7016\" srcset=\"https:\/\/www.caritasbaribitonto.it\/public\/home\/img\/uploads\/2024\/11\/cartellone9-225x300.jpg 225w, https:\/\/www.caritasbaribitonto.it\/public\/home\/img\/uploads\/2024\/11\/cartellone9-768x1024.jpg 768w, https:\/\/www.caritasbaribitonto.it\/public\/home\/img\/uploads\/2024\/11\/cartellone9-1152x1536.jpg 1152w, https:\/\/www.caritasbaribitonto.it\/public\/home\/img\/uploads\/2024\/11\/cartellone9.jpg 1200w\" sizes=\"auto, (max-width: 225px) 100vw, 225px\" \/><\/figure>\n\n\n\n<figure class=\"wp-block-image size-medium\"><img loading=\"lazy\" decoding=\"async\" width=\"225\" height=\"300\" data-id=\"7010\" src=\"https:\/\/www.caritasbaribitonto.it\/public\/home\/img\/uploads\/2024\/11\/cesto-225x300.jpg\" alt=\"\" class=\"wp-image-7010\" srcset=\"https:\/\/www.caritasbaribitonto.it\/public\/home\/img\/uploads\/2024\/11\/cesto-225x300.jpg 225w, https:\/\/www.caritasbaribitonto.it\/public\/home\/img\/uploads\/2024\/11\/cesto-768x1024.jpg 768w, https:\/\/www.caritasbaribitonto.it\/public\/home\/img\/uploads\/2024\/11\/cesto-1152x1536.jpg 1152w, https:\/\/www.caritasbaribitonto.it\/public\/home\/img\/uploads\/2024\/11\/cesto.jpg 1200w\" sizes=\"auto, (max-width: 225px) 100vw, 225px\" \/><\/figure>\n<\/figure>\n","protected":false},"excerpt":{"rendered":"<p>Caritas &#8220;Santa Fara&#8221; Organizzazione di due momenti per rispondere all&#8217;appello del Santo Padre e celebrare con la preghiera, la riflessione [&hellip;]<\/p>\n","protected":false},"author":1,"featured_media":7016,"comment_status":"closed","ping_status":"open","sticky":false,"template":"","format":"standard","meta":{"_uag_custom_page_level_css":"","site-sidebar-layout":"default","site-content-layout":"","ast-site-content-layout":"default","site-content-style":"default","site-sidebar-style":"default","ast-global-header-display":"","ast-banner-title-visibility":"","ast-main-header-display":"","ast-hfb-above-header-display":"","ast-hfb-below-header-display":"","ast-hfb-mobile-header-display":"","site-post-title":"","ast-breadcrumbs-content":"","ast-featured-img":"","footer-sml-layout":"","theme-transparent-header-meta":"","adv-header-id-meta":"","stick-header-meta":"","header-above-stick-meta":"","header-main-stick-meta":"","header-below-stick-meta":"","astra-migrate-meta-layouts":"default","ast-page-background-enabled":"default","ast-page-background-meta":{"desktop":{"background-color":"var(--ast-global-color-5)","background-image":"","background-repeat":"repeat","background-position":"center center","background-size":"auto","background-attachment":"scroll","background-type":"","background-media":"","overlay-type":"","overlay-color":"","overlay-opacity":"","overlay-gradient":""},"tablet":{"background-color":"","background-image":"","background-repeat":"repeat","background-position":"center center","background-size":"auto","background-attachment":"scroll","background-type":"","background-media":"","overlay-type":"","overlay-color":"","overlay-opacity":"","overlay-gradient":""},"mobile":{"background-color":"","background-image":"","background-repeat":"repeat","background-position":"center center","background-size":"auto","background-attachment":"scroll","background-type":"","background-media":"","overlay-type":"","overlay-color":"","overlay-opacity":"","overlay-gradient":""}},"ast-content-background-meta":{"desktop":{"background-color":"var(--ast-global-color-4)","background-image":"","background-repeat":"repeat","background-position":"center center","background-size":"auto","background-attachment":"scroll","background-type":"","background-media":"","overlay-type":"","overlay-color":"","overlay-opacity":"","overlay-gradient":""},"tablet":{"background-color":"var(--ast-global-color-4)","background-image":"","background-repeat":"repeat","background-position":"center center","background-size":"auto","background-attachment":"scroll","background-type":"","background-media":"","overlay-type":"","overlay-color":"","overlay-opacity":"","overlay-gradient":""},"mobile":{"background-color":"var(--ast-global-color-4)","background-image":"","background-repeat":"repeat","background-position":"center center","background-size":"auto","background-attachment":"scroll","background-type":"","background-media":"","overlay-type":"","overlay-color":"","overlay-opacity":"","overlay-gradient":""}},"footnotes":""},"categories":[1],"tags":[],"class_list":["post-7007","post","type-post","status-publish","format-standard","has-post-thumbnail","hentry","category-generale"],"gutentor_comment":0,"yoast_head":"<!-- This site is optimized with the Yoast SEO plugin v26.8 - https:\/\/yoast.com\/product\/yoast-seo-wordpress\/ -->\r\n<title>La giornata mondiale dei poveri nella nostra diocesi - Caritas Diocesana Bari-Bitonto<\/title>\r\n<meta name=\"robots\" content=\"index, follow, max-snippet:-1, max-image-preview:large, max-video-preview:-1\" \/>\r\n<link rel=\"canonical\" href=\"https:\/\/www.caritasbaribitonto.it\/public\/home\/2024\/11\/la-giornata-mondiale-dei-poveri-nella-nostra-diocesi\/\" \/>\r\n<meta property=\"og:locale\" content=\"it_IT\" \/>\r\n<meta property=\"og:type\" content=\"article\" \/>\r\n<meta property=\"og:title\" content=\"La giornata mondiale dei poveri nella nostra diocesi - Caritas Diocesana Bari-Bitonto\" \/>\r\n<meta property=\"og:description\" content=\"Caritas &#8220;Santa Fara&#8221; Organizzazione di due momenti per rispondere all&#8217;appello del Santo Padre e celebrare con la preghiera, la riflessione [&hellip;]\" \/>\r\n<meta property=\"og:url\" content=\"https:\/\/www.caritasbaribitonto.it\/public\/home\/2024\/11\/la-giornata-mondiale-dei-poveri-nella-nostra-diocesi\/\" \/>\r\n<meta property=\"og:site_name\" content=\"Caritas Diocesana Bari-Bitonto\" \/>\r\n<meta property=\"article:publisher\" content=\"https:\/\/www.facebook.com\/pages\/Caritas-Diocesana-Bari-Bitonto\/533981476753770\" \/>\r\n<meta property=\"article:published_time\" content=\"2024-11-20T17:24:21+00:00\" \/>\r\n<meta property=\"article:modified_time\" content=\"2024-11-20T20:40:18+00:00\" \/>\r\n<meta property=\"og:image\" content=\"https:\/\/www.caritasbaribitonto.it\/public\/home\/img\/uploads\/2024\/11\/cartellone9.jpg\" \/>\r\n\t<meta property=\"og:image:width\" content=\"1200\" \/>\r\n\t<meta property=\"og:image:height\" content=\"1600\" \/>\r\n\t<meta property=\"og:image:type\" content=\"image\/jpeg\" \/>\r\n<meta name=\"author\" content=\"Giovanni Caputo\" \/>\r\n<meta name=\"twitter:card\" content=\"summary_large_image\" \/>\r\n<meta name=\"twitter:label1\" content=\"Scritto da\" \/>\n\t<meta name=\"twitter:data1\" content=\"Giovanni Caputo\" \/>\n\t<meta name=\"twitter:label2\" content=\"Tempo di lettura stimato\" \/>\n\t<meta name=\"twitter:data2\" content=\"5 minuti\" \/>\r\n<script type=\"application\/ld+json\" class=\"yoast-schema-graph\">{\"@context\":\"https:\/\/schema.org\",\"@graph\":[{\"@type\":\"Article\",\"@id\":\"https:\/\/www.caritasbaribitonto.it\/public\/home\/2024\/11\/la-giornata-mondiale-dei-poveri-nella-nostra-diocesi\/#article\",\"isPartOf\":{\"@id\":\"https:\/\/www.caritasbaribitonto.it\/public\/home\/2024\/11\/la-giornata-mondiale-dei-poveri-nella-nostra-diocesi\/\"},\"author\":{\"name\":\"Giovanni Caputo\",\"@id\":\"https:\/\/www.caritasbaribitonto.it\/public\/home\/#\/schema\/person\/06b333402b70fdadb662b68974e8c97a\"},\"headline\":\"La giornata mondiale dei poveri nella nostra diocesi\",\"datePublished\":\"2024-11-20T17:24:21+00:00\",\"dateModified\":\"2024-11-20T20:40:18+00:00\",\"mainEntityOfPage\":{\"@id\":\"https:\/\/www.caritasbaribitonto.it\/public\/home\/2024\/11\/la-giornata-mondiale-dei-poveri-nella-nostra-diocesi\/\"},\"wordCount\":432,\"publisher\":{\"@id\":\"https:\/\/www.caritasbaribitonto.it\/public\/home\/#organization\"},\"image\":{\"@id\":\"https:\/\/www.caritasbaribitonto.it\/public\/home\/2024\/11\/la-giornata-mondiale-dei-poveri-nella-nostra-diocesi\/#primaryimage\"},\"thumbnailUrl\":\"https:\/\/www.caritasbaribitonto.it\/public\/home\/img\/uploads\/2024\/11\/cartellone9.jpg\",\"articleSection\":[\"Generale\"],\"inLanguage\":\"it-IT\"},{\"@type\":\"WebPage\",\"@id\":\"https:\/\/www.caritasbaribitonto.it\/public\/home\/2024\/11\/la-giornata-mondiale-dei-poveri-nella-nostra-diocesi\/\",\"url\":\"https:\/\/www.caritasbaribitonto.it\/public\/home\/2024\/11\/la-giornata-mondiale-dei-poveri-nella-nostra-diocesi\/\",\"name\":\"La giornata mondiale dei poveri nella nostra diocesi - Caritas Diocesana Bari-Bitonto\",\"isPartOf\":{\"@id\":\"https:\/\/www.caritasbaribitonto.it\/public\/home\/#website\"},\"primaryImageOfPage\":{\"@id\":\"https:\/\/www.caritasbaribitonto.it\/public\/home\/2024\/11\/la-giornata-mondiale-dei-poveri-nella-nostra-diocesi\/#primaryimage\"},\"image\":{\"@id\":\"https:\/\/www.caritasbaribitonto.it\/public\/home\/2024\/11\/la-giornata-mondiale-dei-poveri-nella-nostra-diocesi\/#primaryimage\"},\"thumbnailUrl\":\"https:\/\/www.caritasbaribitonto.it\/public\/home\/img\/uploads\/2024\/11\/cartellone9.jpg\",\"datePublished\":\"2024-11-20T17:24:21+00:00\",\"dateModified\":\"2024-11-20T20:40:18+00:00\",\"breadcrumb\":{\"@id\":\"https:\/\/www.caritasbaribitonto.it\/public\/home\/2024\/11\/la-giornata-mondiale-dei-poveri-nella-nostra-diocesi\/#breadcrumb\"},\"inLanguage\":\"it-IT\",\"potentialAction\":[{\"@type\":\"ReadAction\",\"target\":[\"https:\/\/www.caritasbaribitonto.it\/public\/home\/2024\/11\/la-giornata-mondiale-dei-poveri-nella-nostra-diocesi\/\"]}]},{\"@type\":\"ImageObject\",\"inLanguage\":\"it-IT\",\"@id\":\"https:\/\/www.caritasbaribitonto.it\/public\/home\/2024\/11\/la-giornata-mondiale-dei-poveri-nella-nostra-diocesi\/#primaryimage\",\"url\":\"https:\/\/www.caritasbaribitonto.it\/public\/home\/img\/uploads\/2024\/11\/cartellone9.jpg\",\"contentUrl\":\"https:\/\/www.caritasbaribitonto.it\/public\/home\/img\/uploads\/2024\/11\/cartellone9.jpg\",\"width\":1200,\"height\":1600},{\"@type\":\"BreadcrumbList\",\"@id\":\"https:\/\/www.caritasbaribitonto.it\/public\/home\/2024\/11\/la-giornata-mondiale-dei-poveri-nella-nostra-diocesi\/#breadcrumb\",\"itemListElement\":[{\"@type\":\"ListItem\",\"position\":1,\"name\":\"Home\",\"item\":\"https:\/\/www.caritasbaribitonto.it\/public\/home\/\"},{\"@type\":\"ListItem\",\"position\":2,\"name\":\"La giornata mondiale dei poveri nella nostra diocesi\"}]},{\"@type\":\"WebSite\",\"@id\":\"https:\/\/www.caritasbaribitonto.it\/public\/home\/#website\",\"url\":\"https:\/\/www.caritasbaribitonto.it\/public\/home\/\",\"name\":\"Caritas Diocesana Bari-Bitonto\",\"description\":\"I santi della porta accanto\",\"publisher\":{\"@id\":\"https:\/\/www.caritasbaribitonto.it\/public\/home\/#organization\"},\"potentialAction\":[{\"@type\":\"SearchAction\",\"target\":{\"@type\":\"EntryPoint\",\"urlTemplate\":\"https:\/\/www.caritasbaribitonto.it\/public\/home\/?s={search_term_string}\"},\"query-input\":{\"@type\":\"PropertyValueSpecification\",\"valueRequired\":true,\"valueName\":\"search_term_string\"}}],\"inLanguage\":\"it-IT\"},{\"@type\":\"Organization\",\"@id\":\"https:\/\/www.caritasbaribitonto.it\/public\/home\/#organization\",\"name\":\"Caritas Diocesana Bari-Bitonto\",\"url\":\"https:\/\/www.caritasbaribitonto.it\/public\/home\/\",\"logo\":{\"@type\":\"ImageObject\",\"inLanguage\":\"it-IT\",\"@id\":\"https:\/\/www.caritasbaribitonto.it\/public\/home\/#\/schema\/logo\/image\/\",\"url\":\"https:\/\/www.caritasbaribitonto.it\/public\/home\/img\/uploads\/2025\/02\/cropped-cropped-caritas2025_350x112.png\",\"contentUrl\":\"https:\/\/www.caritasbaribitonto.it\/public\/home\/img\/uploads\/2025\/02\/cropped-cropped-caritas2025_350x112.png\",\"width\":350,\"height\":112,\"caption\":\"Caritas Diocesana Bari-Bitonto\"},\"image\":{\"@id\":\"https:\/\/www.caritasbaribitonto.it\/public\/home\/#\/schema\/logo\/image\/\"},\"sameAs\":[\"https:\/\/www.facebook.com\/pages\/Caritas-Diocesana-Bari-Bitonto\/533981476753770\"]},{\"@type\":\"Person\",\"@id\":\"https:\/\/www.caritasbaribitonto.it\/public\/home\/#\/schema\/person\/06b333402b70fdadb662b68974e8c97a\",\"name\":\"Giovanni Caputo\",\"image\":{\"@type\":\"ImageObject\",\"inLanguage\":\"it-IT\",\"@id\":\"https:\/\/www.caritasbaribitonto.it\/public\/home\/#\/schema\/person\/image\/\",\"url\":\"https:\/\/secure.gravatar.com\/avatar\/6c7e9d4e1e2394bfa4e38377bd0b5e03cbf0c79e27918e6497d3f408f89d0d3b?s=96&d=identicon&r=g\",\"contentUrl\":\"https:\/\/secure.gravatar.com\/avatar\/6c7e9d4e1e2394bfa4e38377bd0b5e03cbf0c79e27918e6497d3f408f89d0d3b?s=96&d=identicon&r=g\",\"caption\":\"Giovanni Caputo\"},\"url\":\"https:\/\/www.caritasbaribitonto.it\/public\/home\/author\/admin\/\"}]}<\/script>\r\n<!-- \/ Yoast SEO plugin. -->","yoast_head_json":{"title":"La giornata mondiale dei poveri nella nostra diocesi - Caritas Diocesana Bari-Bitonto","robots":{"index":"index","follow":"follow","max-snippet":"max-snippet:-1","max-image-preview":"max-image-preview:large","max-video-preview":"max-video-preview:-1"},"canonical":"https:\/\/www.caritasbaribitonto.it\/public\/home\/2024\/11\/la-giornata-mondiale-dei-poveri-nella-nostra-diocesi\/","og_locale":"it_IT","og_type":"article","og_title":"La giornata mondiale dei poveri nella nostra diocesi - Caritas Diocesana Bari-Bitonto","og_description":"Caritas &#8220;Santa Fara&#8221; Organizzazione di due momenti per rispondere all&#8217;appello del Santo Padre e celebrare con la preghiera, la riflessione [&hellip;]","og_url":"https:\/\/www.caritasbaribitonto.it\/public\/home\/2024\/11\/la-giornata-mondiale-dei-poveri-nella-nostra-diocesi\/","og_site_name":"Caritas Diocesana Bari-Bitonto","article_publisher":"https:\/\/www.facebook.com\/pages\/Caritas-Diocesana-Bari-Bitonto\/533981476753770","article_published_time":"2024-11-20T17:24:21+00:00","article_modified_time":"2024-11-20T20:40:18+00:00","og_image":[{"width":1200,"height":1600,"url":"https:\/\/www.caritasbaribitonto.it\/public\/home\/img\/uploads\/2024\/11\/cartellone9.jpg","type":"image\/jpeg"}],"author":"Giovanni Caputo","twitter_card":"summary_large_image","twitter_misc":{"Scritto da":"Giovanni Caputo","Tempo di lettura stimato":"5 minuti"},"schema":{"@context":"https:\/\/schema.org","@graph":[{"@type":"Article","@id":"https:\/\/www.caritasbaribitonto.it\/public\/home\/2024\/11\/la-giornata-mondiale-dei-poveri-nella-nostra-diocesi\/#article","isPartOf":{"@id":"https:\/\/www.caritasbaribitonto.it\/public\/home\/2024\/11\/la-giornata-mondiale-dei-poveri-nella-nostra-diocesi\/"},"author":{"name":"Giovanni Caputo","@id":"https:\/\/www.caritasbaribitonto.it\/public\/home\/#\/schema\/person\/06b333402b70fdadb662b68974e8c97a"},"headline":"La giornata mondiale dei poveri nella nostra diocesi","datePublished":"2024-11-20T17:24:21+00:00","dateModified":"2024-11-20T20:40:18+00:00","mainEntityOfPage":{"@id":"https:\/\/www.caritasbaribitonto.it\/public\/home\/2024\/11\/la-giornata-mondiale-dei-poveri-nella-nostra-diocesi\/"},"wordCount":432,"publisher":{"@id":"https:\/\/www.caritasbaribitonto.it\/public\/home\/#organization"},"image":{"@id":"https:\/\/www.caritasbaribitonto.it\/public\/home\/2024\/11\/la-giornata-mondiale-dei-poveri-nella-nostra-diocesi\/#primaryimage"},"thumbnailUrl":"https:\/\/www.caritasbaribitonto.it\/public\/home\/img\/uploads\/2024\/11\/cartellone9.jpg","articleSection":["Generale"],"inLanguage":"it-IT"},{"@type":"WebPage","@id":"https:\/\/www.caritasbaribitonto.it\/public\/home\/2024\/11\/la-giornata-mondiale-dei-poveri-nella-nostra-diocesi\/","url":"https:\/\/www.caritasbaribitonto.it\/public\/home\/2024\/11\/la-giornata-mondiale-dei-poveri-nella-nostra-diocesi\/","name":"La giornata mondiale dei poveri nella nostra diocesi - Caritas Diocesana Bari-Bitonto","isPartOf":{"@id":"https:\/\/www.caritasbaribitonto.it\/public\/home\/#website"},"primaryImageOfPage":{"@id":"https:\/\/www.caritasbaribitonto.it\/public\/home\/2024\/11\/la-giornata-mondiale-dei-poveri-nella-nostra-diocesi\/#primaryimage"},"image":{"@id":"https:\/\/www.caritasbaribitonto.it\/public\/home\/2024\/11\/la-giornata-mondiale-dei-poveri-nella-nostra-diocesi\/#primaryimage"},"thumbnailUrl":"https:\/\/www.caritasbaribitonto.it\/public\/home\/img\/uploads\/2024\/11\/cartellone9.jpg","datePublished":"2024-11-20T17:24:21+00:00","dateModified":"2024-11-20T20:40:18+00:00","breadcrumb":{"@id":"https:\/\/www.caritasbaribitonto.it\/public\/home\/2024\/11\/la-giornata-mondiale-dei-poveri-nella-nostra-diocesi\/#breadcrumb"},"inLanguage":"it-IT","potentialAction":[{"@type":"ReadAction","target":["https:\/\/www.caritasbaribitonto.it\/public\/home\/2024\/11\/la-giornata-mondiale-dei-poveri-nella-nostra-diocesi\/"]}]},{"@type":"ImageObject","inLanguage":"it-IT","@id":"https:\/\/www.caritasbaribitonto.it\/public\/home\/2024\/11\/la-giornata-mondiale-dei-poveri-nella-nostra-diocesi\/#primaryimage","url":"https:\/\/www.caritasbaribitonto.it\/public\/home\/img\/uploads\/2024\/11\/cartellone9.jpg","contentUrl":"https:\/\/www.caritasbaribitonto.it\/public\/home\/img\/uploads\/2024\/11\/cartellone9.jpg","width":1200,"height":1600},{"@type":"BreadcrumbList","@id":"https:\/\/www.caritasbaribitonto.it\/public\/home\/2024\/11\/la-giornata-mondiale-dei-poveri-nella-nostra-diocesi\/#breadcrumb","itemListElement":[{"@type":"ListItem","position":1,"name":"Home","item":"https:\/\/www.caritasbaribitonto.it\/public\/home\/"},{"@type":"ListItem","position":2,"name":"La giornata mondiale dei poveri nella nostra diocesi"}]},{"@type":"WebSite","@id":"https:\/\/www.caritasbaribitonto.it\/public\/home\/#website","url":"https:\/\/www.caritasbaribitonto.it\/public\/home\/","name":"Caritas Diocesana Bari-Bitonto","description":"I santi della porta accanto","publisher":{"@id":"https:\/\/www.caritasbaribitonto.it\/public\/home\/#organization"},"potentialAction":[{"@type":"SearchAction","target":{"@type":"EntryPoint","urlTemplate":"https:\/\/www.caritasbaribitonto.it\/public\/home\/?s={search_term_string}"},"query-input":{"@type":"PropertyValueSpecification","valueRequired":true,"valueName":"search_term_string"}}],"inLanguage":"it-IT"},{"@type":"Organization","@id":"https:\/\/www.caritasbaribitonto.it\/public\/home\/#organization","name":"Caritas Diocesana Bari-Bitonto","url":"https:\/\/www.caritasbaribitonto.it\/public\/home\/","logo":{"@type":"ImageObject","inLanguage":"it-IT","@id":"https:\/\/www.caritasbaribitonto.it\/public\/home\/#\/schema\/logo\/image\/","url":"https:\/\/www.caritasbaribitonto.it\/public\/home\/img\/uploads\/2025\/02\/cropped-cropped-caritas2025_350x112.png","contentUrl":"https:\/\/www.caritasbaribitonto.it\/public\/home\/img\/uploads\/2025\/02\/cropped-cropped-caritas2025_350x112.png","width":350,"height":112,"caption":"Caritas Diocesana Bari-Bitonto"},"image":{"@id":"https:\/\/www.caritasbaribitonto.it\/public\/home\/#\/schema\/logo\/image\/"},"sameAs":["https:\/\/www.facebook.com\/pages\/Caritas-Diocesana-Bari-Bitonto\/533981476753770"]},{"@type":"Person","@id":"https:\/\/www.caritasbaribitonto.it\/public\/home\/#\/schema\/person\/06b333402b70fdadb662b68974e8c97a","name":"Giovanni Caputo","image":{"@type":"ImageObject","inLanguage":"it-IT","@id":"https:\/\/www.caritasbaribitonto.it\/public\/home\/#\/schema\/person\/image\/","url":"https:\/\/secure.gravatar.com\/avatar\/6c7e9d4e1e2394bfa4e38377bd0b5e03cbf0c79e27918e6497d3f408f89d0d3b?s=96&d=identicon&r=g","contentUrl":"https:\/\/secure.gravatar.com\/avatar\/6c7e9d4e1e2394bfa4e38377bd0b5e03cbf0c79e27918e6497d3f408f89d0d3b?s=96&d=identicon&r=g","caption":"Giovanni Caputo"},"url":"https:\/\/www.caritasbaribitonto.it\/public\/home\/author\/admin\/"}]}},"jetpack_featured_media_url":"https:\/\/www.caritasbaribitonto.it\/public\/home\/img\/uploads\/2024\/11\/cartellone9.jpg","uagb_featured_image_src":{"full":["https:\/\/www.caritasbaribitonto.it\/public\/home\/img\/uploads\/2024\/11\/cartellone9.jpg",1200,1600,false],"thumbnail":["https:\/\/www.caritasbaribitonto.it\/public\/home\/img\/uploads\/2024\/11\/cartellone9-150x150.jpg",150,150,true],"medium":["https:\/\/www.caritasbaribitonto.it\/public\/home\/img\/uploads\/2024\/11\/cartellone9-225x300.jpg",225,300,true],"medium_large":["https:\/\/www.caritasbaribitonto.it\/public\/home\/img\/uploads\/2024\/11\/cartellone9-768x1024.jpg",768,1024,true],"large":["https:\/\/www.caritasbaribitonto.it\/public\/home\/img\/uploads\/2024\/11\/cartellone9-768x1024.jpg",768,1024,true],"1536x1536":["https:\/\/www.caritasbaribitonto.it\/public\/home\/img\/uploads\/2024\/11\/cartellone9-1152x1536.jpg",1152,1536,true],"2048x2048":["https:\/\/www.caritasbaribitonto.it\/public\/home\/img\/uploads\/2024\/11\/cartellone9.jpg",1200,1600,false]},"uagb_author_info":{"display_name":"Giovanni Caputo","author_link":"https:\/\/www.caritasbaribitonto.it\/public\/home\/author\/admin\/"},"uagb_comment_info":0,"uagb_excerpt":"Caritas &#8220;Santa Fara&#8221; Organizzazione di due momenti per rispondere all&#8217;appello del Santo Padre e celebrare con la preghiera, la riflessione [&hellip;]","_links":{"self":[{"href":"https:\/\/www.caritasbaribitonto.it\/public\/home\/wp-json\/wp\/v2\/posts\/7007","targetHints":{"allow":["GET"]}}],"collection":[{"href":"https:\/\/www.caritasbaribitonto.it\/public\/home\/wp-json\/wp\/v2\/posts"}],"about":[{"href":"https:\/\/www.caritasbaribitonto.it\/public\/home\/wp-json\/wp\/v2\/types\/post"}],"author":[{"embeddable":true,"href":"https:\/\/www.caritasbaribitonto.it\/public\/home\/wp-json\/wp\/v2\/users\/1"}],"replies":[{"embeddable":true,"href":"https:\/\/www.caritasbaribitonto.it\/public\/home\/wp-json\/wp\/v2\/comments?post=7007"}],"version-history":[{"count":0,"href":"https:\/\/www.caritasbaribitonto.it\/public\/home\/wp-json\/wp\/v2\/posts\/7007\/revisions"}],"wp:featuredmedia":[{"embeddable":true,"href":"https:\/\/www.caritasbaribitonto.it\/public\/home\/wp-json\/wp\/v2\/media\/7016"}],"wp:attachment":[{"href":"https:\/\/www.caritasbaribitonto.it\/public\/home\/wp-json\/wp\/v2\/media?parent=7007"}],"wp:term":[{"taxonomy":"category","embeddable":true,"href":"https:\/\/www.caritasbaribitonto.it\/public\/home\/wp-json\/wp\/v2\/categories?post=7007"},{"taxonomy":"post_tag","embeddable":true,"href":"https:\/\/www.caritasbaribitonto.it\/public\/home\/wp-json\/wp\/v2\/tags?post=7007"}],"curies":[{"name":"wp","href":"https:\/\/api.w.org\/{rel}","templated":true}]}}