{"id":697,"date":"2010-01-01T11:18:40","date_gmt":"2010-01-01T10:18:40","guid":{"rendered":"http:\/\/www.caritasbaribitonto.it\/public\/home\/?p=697"},"modified":"2010-01-01T12:41:53","modified_gmt":"2010-01-01T11:41:53","slug":"maria-donna-della-novita-1-gennaio-2010","status":"publish","type":"post","link":"https:\/\/www.caritasbaribitonto.it\/public\/home\/2010\/01\/maria-donna-della-novita-1-gennaio-2010\/","title":{"rendered":"Maria, donna della novit\u00e0 &#8211;  1 Gennaio 2010"},"content":{"rendered":"<p><strong>Dal Vangelo secondo Luca (Lc 2,16-21)<\/strong><\/p>\n<p><img decoding=\"async\" src=\"file:\/\/\/Users\/giovanni\/Library\/Caches\/TemporaryItems\/moz-screenshot-2.png\" alt=\"\" \/><img loading=\"lazy\" decoding=\"async\" class=\"alignleft\" src=\"http:\/\/www.lachiesa.it\/liturgia\/allegati\/icone\/S0101.jpg\" alt=\"\" width=\"96\" height=\"122\" \/><span style=\"color: #993300;\"><em>In quel tempo, [i pastori] andarono, senza indugio, e trovarono Maria e Giuseppe e il bambino, adagiato nella mangiatoia. E dopo averlo visto, riferirono ci\u00f2 che del bambino era stato detto loro.<br \/>\nTutti quelli che udivano si stupirono delle cose dette loro dai pastori. Maria, da parte sua, custodiva tutte queste cose, meditandole nel suo cuore.<br \/>\nI pastori se ne tornarono, glorificando e lodando Dio per tutto quello che avevano udito e visto, com\u2019era stato detto loro.<br \/>\nQuando furono compiuti gli otto giorni prescritti per la circoncisione, gli fu messo nome Ges\u00f9, come era stato chiamato dall\u2019angelo prima che fosse concepito nel grembo.<\/em><\/span><\/p>\n<p>Il vangelo dell\u2019ottava di Natale ci riporta immediatamente a Betlemme e ci ricorda i tre momenti essenziali vissuti dai pastori, dopo aver ascoltato l\u2019annuncio portato loro dagli angeli.<\/p>\n<p><strong>Andarono<\/strong>: I pastori si misero in cammino verso la mangiatoia. Sono loro che per primi dettano a noi, pigri e lenti cristiani dell\u2019inizio di questo terzo millennio, i tempi dell\u2019evangelizzazione. Non di quella sterile fatta di schemi e ripetizioni, ma di scossoni e di cammini. Cammini di fede e proposte di amore, ma soprattutto fatti con la logica di chi intende lasciare le comodit\u00e0 e cercare di annunziare che non \u00e8 avvenuto un parto qualunque: \u00e8 nato un Salvatore.<\/p>\n<p><strong>Senza indugio<\/strong>: E\u2019 l\u2019atteggiamento di chi non rimanda gli impegni. I pastori si sono mossi con celerit\u00e0 mostrandoci che di fronte ai piccoli non bisogna rimandare. Quante cose dobbiamo imparare a realizzare. Noi che tante volte pi\u00f9 che fare tendiamo a delegare e a rimandare il pi\u00f9 possibile il nostro agire di chiesa. Pi\u00f9 che \u201cchiesa del cammino\u201d sembra che ci si imbatti nella \u201cchiesa della stanchezza\u201d.<\/p>\n<p><strong>Tornarono<\/strong>: Non rimasero a contemplare il bambino, ma fecero il viaggio di ritorno con la consapevolezza che non bastava aver visto, ma era necessario portare questo messaggio di pace a tutti.<\/p>\n<p>E\u2019 fondamentale cogliere come in tutto questa situazione,\u00a0 Maria diventa donna della novit\u00e0. Non si lascia trovare impreparata all\u2019arrivo dei pastori, ma \u00e8 colei che senza indugio indica la strada del ritorno ai viandanti della notte. Maria \u00e8 il segno pi\u00f9 eloquente della chiesa che anche di notte sa aprire una strada nelle difficolt\u00e0 e nelle traversie della vita.<\/p>\n<p>Una chiesa che vuol diventare missionaria deve necessariamente non solo camminare insieme, ma soprattutto saper camminare \u201cnella notte\u201d. In altri termini, lasciarsi svegliare e coinvolgere negli annunci per non cadere nell\u2019oscurit\u00e0 e nella pigrizia di non voler fare mai nulla senza proporre pi\u00f9 nulla a nessuno.<\/p>\n<p>Maria, donna della novit\u00e0, c\u2019insegna a costruire la pace in ogni angolo del mondo. Ecco perch\u00e9 dobbiamo assumerci la responsabilit\u00e0 di essere una \u201cchiesa della novit\u00e0\u201d; non possiamo \u201crimanere indifferenti di fronte alle problematiche che derivano da fenomeni quali i cambiamenti climatici, la desertificazione, il degrado e la perdita di produttivit\u00e0 di vaste aree agricole, l\u2019inquinamento dei fiumi e delle falde acquifere, la perdita della biodiversit\u00e0, l\u2019aumento di eventi naturali estremi, il disboscamento delle aree equatoriali e tropicali\u201d e non possiamo  \u201ctrascurare il crescente fenomeno dei cosiddetti \u00ab profughi ambientali \u00bb: persone che, a causa del degrado dell\u2019ambiente in cui vivono, lo devono lasciare \u2013 spesso insieme ai loro beni \u2013 per affrontare i pericoli e le incognite di uno spostamento forzato\u201d (Benedetto XVI, <strong>Se vuoi coltivare la pace, custodisci il creato, Messaggio per la Giornata Mondiale della Pace 2010<\/strong>)<\/p>\n<p>Dobbiamo lasciarci coinvolgere da Maria, donna della novit\u00e0, che nel suo impegno di mamma ci indirizza la strada per costruire un mondo di pace con la consapevolezza che ogni persona \u00e8 tabernacolo da custodire e da contemplare.<\/p>\n<p><em> <\/em><\/p>\n<p style=\"text-align: right;\"><em> Il Direttore<\/em><\/p>\n<p style=\"text-align: right;\"><em> <\/em><\/p>\n<p style=\"text-align: right;\"><em> Don Antonio Ruccia<\/em><\/p>\n","protected":false},"excerpt":{"rendered":"<p>Dal Vangelo secondo Luca (Lc 2,16-21) In quel tempo, [i pastori] andarono, senza indugio, e trovarono Maria e Giuseppe e [&hellip;]<\/p>\n","protected":false},"author":1,"featured_media":0,"comment_status":"closed","ping_status":"open","sticky":false,"template":"","format":"standard","meta":{"_uag_custom_page_level_css":"","site-sidebar-layout":"default","site-content-layout":"","ast-site-content-layout":"default","site-content-style":"default","site-sidebar-style":"default","ast-global-header-display":"","ast-banner-title-visibility":"","ast-main-header-display":"","ast-hfb-above-header-display":"","ast-hfb-below-header-display":"","ast-hfb-mobile-header-display":"","site-post-title":"","ast-breadcrumbs-content":"","ast-featured-img":"","footer-sml-layout":"","theme-transparent-header-meta":"","adv-header-id-meta":"","stick-header-meta":"","header-above-stick-meta":"","header-main-stick-meta":"","header-below-stick-meta":"","astra-migrate-meta-layouts":"default","ast-page-background-enabled":"default","ast-page-background-meta":{"desktop":{"background-color":"var(--ast-global-color-5)","background-image":"","background-repeat":"repeat","background-position":"center center","background-size":"auto","background-attachment":"scroll","background-type":"","background-media":"","overlay-type":"","overlay-color":"","overlay-opacity":"","overlay-gradient":""},"tablet":{"background-color":"","background-image":"","background-repeat":"repeat","background-position":"center center","background-size":"auto","background-attachment":"scroll","background-type":"","background-media":"","overlay-type":"","overlay-color":"","overlay-opacity":"","overlay-gradient":""},"mobile":{"background-color":"","background-image":"","background-repeat":"repeat","background-position":"center center","background-size":"auto","background-attachment":"scroll","background-type":"","background-media":"","overlay-type":"","overlay-color":"","overlay-opacity":"","overlay-gradient":""}},"ast-content-background-meta":{"desktop":{"background-color":"var(--ast-global-color-4)","background-image":"","background-repeat":"repeat","background-position":"center center","background-size":"auto","background-attachment":"scroll","background-type":"","background-media":"","overlay-type":"","overlay-color":"","overlay-opacity":"","overlay-gradient":""},"tablet":{"background-color":"var(--ast-global-color-4)","background-image":"","background-repeat":"repeat","background-position":"center center","background-size":"auto","background-attachment":"scroll","background-type":"","background-media":"","overlay-type":"","overlay-color":"","overlay-opacity":"","overlay-gradient":""},"mobile":{"background-color":"var(--ast-global-color-4)","background-image":"","background-repeat":"repeat","background-position":"center center","background-size":"auto","background-attachment":"scroll","background-type":"","background-media":"","overlay-type":"","overlay-color":"","overlay-opacity":"","overlay-gradient":""}},"footnotes":""},"categories":[20],"tags":[63,35],"class_list":["post-697","post","type-post","status-publish","format-standard","hentry","category-commenti-vangelo","tag-commento","tag-commento-al-vangelo"],"gutentor_comment":0,"yoast_head":"<!-- This site is optimized with the Yoast SEO plugin v26.8 - https:\/\/yoast.com\/product\/yoast-seo-wordpress\/ -->\r\n<title>Maria, donna della novit\u00e0 - 1 Gennaio 2010 - Caritas Diocesana Bari-Bitonto<\/title>\r\n<meta name=\"robots\" content=\"index, follow, max-snippet:-1, max-image-preview:large, max-video-preview:-1\" \/>\r\n<link rel=\"canonical\" href=\"https:\/\/www.caritasbaribitonto.it\/public\/home\/2010\/01\/maria-donna-della-novita-1-gennaio-2010\/\" \/>\r\n<meta property=\"og:locale\" content=\"it_IT\" \/>\r\n<meta property=\"og:type\" content=\"article\" \/>\r\n<meta property=\"og:title\" content=\"Maria, donna della novit\u00e0 - 1 Gennaio 2010 - Caritas Diocesana Bari-Bitonto\" \/>\r\n<meta property=\"og:description\" content=\"Dal Vangelo secondo Luca (Lc 2,16-21) In quel tempo, [i pastori] andarono, senza indugio, e trovarono Maria e Giuseppe e [&hellip;]\" \/>\r\n<meta property=\"og:url\" content=\"https:\/\/www.caritasbaribitonto.it\/public\/home\/2010\/01\/maria-donna-della-novita-1-gennaio-2010\/\" \/>\r\n<meta property=\"og:site_name\" content=\"Caritas Diocesana Bari-Bitonto\" \/>\r\n<meta property=\"article:publisher\" content=\"https:\/\/www.facebook.com\/pages\/Caritas-Diocesana-Bari-Bitonto\/533981476753770\" \/>\r\n<meta property=\"article:published_time\" content=\"2010-01-01T10:18:40+00:00\" \/>\r\n<meta property=\"article:modified_time\" content=\"2010-01-01T11:41:53+00:00\" \/>\r\n<meta property=\"og:image\" content=\"\" \/>\r\n<meta name=\"author\" content=\"Giovanni Caputo\" \/>\r\n<meta name=\"twitter:card\" content=\"summary_large_image\" \/>\r\n<meta name=\"twitter:label1\" content=\"Scritto da\" \/>\n\t<meta name=\"twitter:data1\" content=\"Giovanni Caputo\" \/>\n\t<meta name=\"twitter:label2\" content=\"Tempo di lettura stimato\" \/>\n\t<meta name=\"twitter:data2\" content=\"3 minuti\" \/>\r\n<script type=\"application\/ld+json\" class=\"yoast-schema-graph\">{\"@context\":\"https:\/\/schema.org\",\"@graph\":[{\"@type\":\"Article\",\"@id\":\"https:\/\/www.caritasbaribitonto.it\/public\/home\/2010\/01\/maria-donna-della-novita-1-gennaio-2010\/#article\",\"isPartOf\":{\"@id\":\"https:\/\/www.caritasbaribitonto.it\/public\/home\/2010\/01\/maria-donna-della-novita-1-gennaio-2010\/\"},\"author\":{\"name\":\"Giovanni Caputo\",\"@id\":\"https:\/\/www.caritasbaribitonto.it\/public\/home\/#\/schema\/person\/06b333402b70fdadb662b68974e8c97a\"},\"headline\":\"Maria, donna della novit\u00e0 &#8211; 1 Gennaio 2010\",\"datePublished\":\"2010-01-01T10:18:40+00:00\",\"dateModified\":\"2010-01-01T11:41:53+00:00\",\"mainEntityOfPage\":{\"@id\":\"https:\/\/www.caritasbaribitonto.it\/public\/home\/2010\/01\/maria-donna-della-novita-1-gennaio-2010\/\"},\"wordCount\":610,\"publisher\":{\"@id\":\"https:\/\/www.caritasbaribitonto.it\/public\/home\/#organization\"},\"image\":{\"@id\":\"https:\/\/www.caritasbaribitonto.it\/public\/home\/2010\/01\/maria-donna-della-novita-1-gennaio-2010\/#primaryimage\"},\"thumbnailUrl\":\"file:\/\/\/Users\/giovanni\/Library\/Caches\/TemporaryItems\/moz-screenshot-2.png\",\"keywords\":[\"commento\",\"commento al vangelo\"],\"articleSection\":[\"Commenti Vangelo\"],\"inLanguage\":\"it-IT\"},{\"@type\":\"WebPage\",\"@id\":\"https:\/\/www.caritasbaribitonto.it\/public\/home\/2010\/01\/maria-donna-della-novita-1-gennaio-2010\/\",\"url\":\"https:\/\/www.caritasbaribitonto.it\/public\/home\/2010\/01\/maria-donna-della-novita-1-gennaio-2010\/\",\"name\":\"Maria, donna della novit\u00e0 - 1 Gennaio 2010 - Caritas Diocesana Bari-Bitonto\",\"isPartOf\":{\"@id\":\"https:\/\/www.caritasbaribitonto.it\/public\/home\/#website\"},\"primaryImageOfPage\":{\"@id\":\"https:\/\/www.caritasbaribitonto.it\/public\/home\/2010\/01\/maria-donna-della-novita-1-gennaio-2010\/#primaryimage\"},\"image\":{\"@id\":\"https:\/\/www.caritasbaribitonto.it\/public\/home\/2010\/01\/maria-donna-della-novita-1-gennaio-2010\/#primaryimage\"},\"thumbnailUrl\":\"file:\/\/\/Users\/giovanni\/Library\/Caches\/TemporaryItems\/moz-screenshot-2.png\",\"datePublished\":\"2010-01-01T10:18:40+00:00\",\"dateModified\":\"2010-01-01T11:41:53+00:00\",\"breadcrumb\":{\"@id\":\"https:\/\/www.caritasbaribitonto.it\/public\/home\/2010\/01\/maria-donna-della-novita-1-gennaio-2010\/#breadcrumb\"},\"inLanguage\":\"it-IT\",\"potentialAction\":[{\"@type\":\"ReadAction\",\"target\":[\"https:\/\/www.caritasbaribitonto.it\/public\/home\/2010\/01\/maria-donna-della-novita-1-gennaio-2010\/\"]}]},{\"@type\":\"ImageObject\",\"inLanguage\":\"it-IT\",\"@id\":\"https:\/\/www.caritasbaribitonto.it\/public\/home\/2010\/01\/maria-donna-della-novita-1-gennaio-2010\/#primaryimage\",\"url\":\"file:\/\/\/Users\/giovanni\/Library\/Caches\/TemporaryItems\/moz-screenshot-2.png\",\"contentUrl\":\"file:\/\/\/Users\/giovanni\/Library\/Caches\/TemporaryItems\/moz-screenshot-2.png\"},{\"@type\":\"BreadcrumbList\",\"@id\":\"https:\/\/www.caritasbaribitonto.it\/public\/home\/2010\/01\/maria-donna-della-novita-1-gennaio-2010\/#breadcrumb\",\"itemListElement\":[{\"@type\":\"ListItem\",\"position\":1,\"name\":\"Home\",\"item\":\"https:\/\/www.caritasbaribitonto.it\/public\/home\/\"},{\"@type\":\"ListItem\",\"position\":2,\"name\":\"Maria, donna della novit\u00e0 &#8211; 1 Gennaio 2010\"}]},{\"@type\":\"WebSite\",\"@id\":\"https:\/\/www.caritasbaribitonto.it\/public\/home\/#website\",\"url\":\"https:\/\/www.caritasbaribitonto.it\/public\/home\/\",\"name\":\"Caritas Diocesana Bari-Bitonto\",\"description\":\"I santi della porta accanto\",\"publisher\":{\"@id\":\"https:\/\/www.caritasbaribitonto.it\/public\/home\/#organization\"},\"potentialAction\":[{\"@type\":\"SearchAction\",\"target\":{\"@type\":\"EntryPoint\",\"urlTemplate\":\"https:\/\/www.caritasbaribitonto.it\/public\/home\/?s={search_term_string}\"},\"query-input\":{\"@type\":\"PropertyValueSpecification\",\"valueRequired\":true,\"valueName\":\"search_term_string\"}}],\"inLanguage\":\"it-IT\"},{\"@type\":\"Organization\",\"@id\":\"https:\/\/www.caritasbaribitonto.it\/public\/home\/#organization\",\"name\":\"Caritas Diocesana Bari-Bitonto\",\"url\":\"https:\/\/www.caritasbaribitonto.it\/public\/home\/\",\"logo\":{\"@type\":\"ImageObject\",\"inLanguage\":\"it-IT\",\"@id\":\"https:\/\/www.caritasbaribitonto.it\/public\/home\/#\/schema\/logo\/image\/\",\"url\":\"https:\/\/www.caritasbaribitonto.it\/public\/home\/img\/uploads\/2025\/02\/cropped-cropped-caritas2025_350x112.png\",\"contentUrl\":\"https:\/\/www.caritasbaribitonto.it\/public\/home\/img\/uploads\/2025\/02\/cropped-cropped-caritas2025_350x112.png\",\"width\":350,\"height\":112,\"caption\":\"Caritas Diocesana Bari-Bitonto\"},\"image\":{\"@id\":\"https:\/\/www.caritasbaribitonto.it\/public\/home\/#\/schema\/logo\/image\/\"},\"sameAs\":[\"https:\/\/www.facebook.com\/pages\/Caritas-Diocesana-Bari-Bitonto\/533981476753770\"]},{\"@type\":\"Person\",\"@id\":\"https:\/\/www.caritasbaribitonto.it\/public\/home\/#\/schema\/person\/06b333402b70fdadb662b68974e8c97a\",\"name\":\"Giovanni Caputo\",\"image\":{\"@type\":\"ImageObject\",\"inLanguage\":\"it-IT\",\"@id\":\"https:\/\/www.caritasbaribitonto.it\/public\/home\/#\/schema\/person\/image\/\",\"url\":\"https:\/\/secure.gravatar.com\/avatar\/6c7e9d4e1e2394bfa4e38377bd0b5e03cbf0c79e27918e6497d3f408f89d0d3b?s=96&d=identicon&r=g\",\"contentUrl\":\"https:\/\/secure.gravatar.com\/avatar\/6c7e9d4e1e2394bfa4e38377bd0b5e03cbf0c79e27918e6497d3f408f89d0d3b?s=96&d=identicon&r=g\",\"caption\":\"Giovanni Caputo\"},\"url\":\"https:\/\/www.caritasbaribitonto.it\/public\/home\/author\/admin\/\"}]}<\/script>\r\n<!-- \/ Yoast SEO plugin. -->","yoast_head_json":{"title":"Maria, donna della novit\u00e0 - 1 Gennaio 2010 - Caritas Diocesana Bari-Bitonto","robots":{"index":"index","follow":"follow","max-snippet":"max-snippet:-1","max-image-preview":"max-image-preview:large","max-video-preview":"max-video-preview:-1"},"canonical":"https:\/\/www.caritasbaribitonto.it\/public\/home\/2010\/01\/maria-donna-della-novita-1-gennaio-2010\/","og_locale":"it_IT","og_type":"article","og_title":"Maria, donna della novit\u00e0 - 1 Gennaio 2010 - Caritas Diocesana Bari-Bitonto","og_description":"Dal Vangelo secondo Luca (Lc 2,16-21) In quel tempo, [i pastori] andarono, senza indugio, e trovarono Maria e Giuseppe e [&hellip;]","og_url":"https:\/\/www.caritasbaribitonto.it\/public\/home\/2010\/01\/maria-donna-della-novita-1-gennaio-2010\/","og_site_name":"Caritas Diocesana Bari-Bitonto","article_publisher":"https:\/\/www.facebook.com\/pages\/Caritas-Diocesana-Bari-Bitonto\/533981476753770","article_published_time":"2010-01-01T10:18:40+00:00","article_modified_time":"2010-01-01T11:41:53+00:00","og_image":[{"url":"file:\/\/\/Users\/giovanni\/Library\/Caches\/TemporaryItems\/moz-screenshot-2.png","type":"","width":"","height":""}],"author":"Giovanni Caputo","twitter_card":"summary_large_image","twitter_misc":{"Scritto da":"Giovanni Caputo","Tempo di lettura stimato":"3 minuti"},"schema":{"@context":"https:\/\/schema.org","@graph":[{"@type":"Article","@id":"https:\/\/www.caritasbaribitonto.it\/public\/home\/2010\/01\/maria-donna-della-novita-1-gennaio-2010\/#article","isPartOf":{"@id":"https:\/\/www.caritasbaribitonto.it\/public\/home\/2010\/01\/maria-donna-della-novita-1-gennaio-2010\/"},"author":{"name":"Giovanni Caputo","@id":"https:\/\/www.caritasbaribitonto.it\/public\/home\/#\/schema\/person\/06b333402b70fdadb662b68974e8c97a"},"headline":"Maria, donna della novit\u00e0 &#8211; 1 Gennaio 2010","datePublished":"2010-01-01T10:18:40+00:00","dateModified":"2010-01-01T11:41:53+00:00","mainEntityOfPage":{"@id":"https:\/\/www.caritasbaribitonto.it\/public\/home\/2010\/01\/maria-donna-della-novita-1-gennaio-2010\/"},"wordCount":610,"publisher":{"@id":"https:\/\/www.caritasbaribitonto.it\/public\/home\/#organization"},"image":{"@id":"https:\/\/www.caritasbaribitonto.it\/public\/home\/2010\/01\/maria-donna-della-novita-1-gennaio-2010\/#primaryimage"},"thumbnailUrl":"file:\/\/\/Users\/giovanni\/Library\/Caches\/TemporaryItems\/moz-screenshot-2.png","keywords":["commento","commento al vangelo"],"articleSection":["Commenti Vangelo"],"inLanguage":"it-IT"},{"@type":"WebPage","@id":"https:\/\/www.caritasbaribitonto.it\/public\/home\/2010\/01\/maria-donna-della-novita-1-gennaio-2010\/","url":"https:\/\/www.caritasbaribitonto.it\/public\/home\/2010\/01\/maria-donna-della-novita-1-gennaio-2010\/","name":"Maria, donna della novit\u00e0 - 1 Gennaio 2010 - Caritas Diocesana Bari-Bitonto","isPartOf":{"@id":"https:\/\/www.caritasbaribitonto.it\/public\/home\/#website"},"primaryImageOfPage":{"@id":"https:\/\/www.caritasbaribitonto.it\/public\/home\/2010\/01\/maria-donna-della-novita-1-gennaio-2010\/#primaryimage"},"image":{"@id":"https:\/\/www.caritasbaribitonto.it\/public\/home\/2010\/01\/maria-donna-della-novita-1-gennaio-2010\/#primaryimage"},"thumbnailUrl":"file:\/\/\/Users\/giovanni\/Library\/Caches\/TemporaryItems\/moz-screenshot-2.png","datePublished":"2010-01-01T10:18:40+00:00","dateModified":"2010-01-01T11:41:53+00:00","breadcrumb":{"@id":"https:\/\/www.caritasbaribitonto.it\/public\/home\/2010\/01\/maria-donna-della-novita-1-gennaio-2010\/#breadcrumb"},"inLanguage":"it-IT","potentialAction":[{"@type":"ReadAction","target":["https:\/\/www.caritasbaribitonto.it\/public\/home\/2010\/01\/maria-donna-della-novita-1-gennaio-2010\/"]}]},{"@type":"ImageObject","inLanguage":"it-IT","@id":"https:\/\/www.caritasbaribitonto.it\/public\/home\/2010\/01\/maria-donna-della-novita-1-gennaio-2010\/#primaryimage","url":"file:\/\/\/Users\/giovanni\/Library\/Caches\/TemporaryItems\/moz-screenshot-2.png","contentUrl":"file:\/\/\/Users\/giovanni\/Library\/Caches\/TemporaryItems\/moz-screenshot-2.png"},{"@type":"BreadcrumbList","@id":"https:\/\/www.caritasbaribitonto.it\/public\/home\/2010\/01\/maria-donna-della-novita-1-gennaio-2010\/#breadcrumb","itemListElement":[{"@type":"ListItem","position":1,"name":"Home","item":"https:\/\/www.caritasbaribitonto.it\/public\/home\/"},{"@type":"ListItem","position":2,"name":"Maria, donna della novit\u00e0 &#8211; 1 Gennaio 2010"}]},{"@type":"WebSite","@id":"https:\/\/www.caritasbaribitonto.it\/public\/home\/#website","url":"https:\/\/www.caritasbaribitonto.it\/public\/home\/","name":"Caritas Diocesana Bari-Bitonto","description":"I santi della porta accanto","publisher":{"@id":"https:\/\/www.caritasbaribitonto.it\/public\/home\/#organization"},"potentialAction":[{"@type":"SearchAction","target":{"@type":"EntryPoint","urlTemplate":"https:\/\/www.caritasbaribitonto.it\/public\/home\/?s={search_term_string}"},"query-input":{"@type":"PropertyValueSpecification","valueRequired":true,"valueName":"search_term_string"}}],"inLanguage":"it-IT"},{"@type":"Organization","@id":"https:\/\/www.caritasbaribitonto.it\/public\/home\/#organization","name":"Caritas Diocesana Bari-Bitonto","url":"https:\/\/www.caritasbaribitonto.it\/public\/home\/","logo":{"@type":"ImageObject","inLanguage":"it-IT","@id":"https:\/\/www.caritasbaribitonto.it\/public\/home\/#\/schema\/logo\/image\/","url":"https:\/\/www.caritasbaribitonto.it\/public\/home\/img\/uploads\/2025\/02\/cropped-cropped-caritas2025_350x112.png","contentUrl":"https:\/\/www.caritasbaribitonto.it\/public\/home\/img\/uploads\/2025\/02\/cropped-cropped-caritas2025_350x112.png","width":350,"height":112,"caption":"Caritas Diocesana Bari-Bitonto"},"image":{"@id":"https:\/\/www.caritasbaribitonto.it\/public\/home\/#\/schema\/logo\/image\/"},"sameAs":["https:\/\/www.facebook.com\/pages\/Caritas-Diocesana-Bari-Bitonto\/533981476753770"]},{"@type":"Person","@id":"https:\/\/www.caritasbaribitonto.it\/public\/home\/#\/schema\/person\/06b333402b70fdadb662b68974e8c97a","name":"Giovanni Caputo","image":{"@type":"ImageObject","inLanguage":"it-IT","@id":"https:\/\/www.caritasbaribitonto.it\/public\/home\/#\/schema\/person\/image\/","url":"https:\/\/secure.gravatar.com\/avatar\/6c7e9d4e1e2394bfa4e38377bd0b5e03cbf0c79e27918e6497d3f408f89d0d3b?s=96&d=identicon&r=g","contentUrl":"https:\/\/secure.gravatar.com\/avatar\/6c7e9d4e1e2394bfa4e38377bd0b5e03cbf0c79e27918e6497d3f408f89d0d3b?s=96&d=identicon&r=g","caption":"Giovanni Caputo"},"url":"https:\/\/www.caritasbaribitonto.it\/public\/home\/author\/admin\/"}]}},"jetpack_featured_media_url":"","uagb_featured_image_src":{"full":false,"thumbnail":false,"medium":false,"medium_large":false,"large":false,"1536x1536":false,"2048x2048":false},"uagb_author_info":{"display_name":"Giovanni Caputo","author_link":"https:\/\/www.caritasbaribitonto.it\/public\/home\/author\/admin\/"},"uagb_comment_info":0,"uagb_excerpt":"Dal Vangelo secondo Luca (Lc 2,16-21) In quel tempo, [i pastori] andarono, senza indugio, e trovarono Maria e Giuseppe e [&hellip;]","_links":{"self":[{"href":"https:\/\/www.caritasbaribitonto.it\/public\/home\/wp-json\/wp\/v2\/posts\/697","targetHints":{"allow":["GET"]}}],"collection":[{"href":"https:\/\/www.caritasbaribitonto.it\/public\/home\/wp-json\/wp\/v2\/posts"}],"about":[{"href":"https:\/\/www.caritasbaribitonto.it\/public\/home\/wp-json\/wp\/v2\/types\/post"}],"author":[{"embeddable":true,"href":"https:\/\/www.caritasbaribitonto.it\/public\/home\/wp-json\/wp\/v2\/users\/1"}],"replies":[{"embeddable":true,"href":"https:\/\/www.caritasbaribitonto.it\/public\/home\/wp-json\/wp\/v2\/comments?post=697"}],"version-history":[{"count":0,"href":"https:\/\/www.caritasbaribitonto.it\/public\/home\/wp-json\/wp\/v2\/posts\/697\/revisions"}],"wp:attachment":[{"href":"https:\/\/www.caritasbaribitonto.it\/public\/home\/wp-json\/wp\/v2\/media?parent=697"}],"wp:term":[{"taxonomy":"category","embeddable":true,"href":"https:\/\/www.caritasbaribitonto.it\/public\/home\/wp-json\/wp\/v2\/categories?post=697"},{"taxonomy":"post_tag","embeddable":true,"href":"https:\/\/www.caritasbaribitonto.it\/public\/home\/wp-json\/wp\/v2\/tags?post=697"}],"curies":[{"name":"wp","href":"https:\/\/api.w.org\/{rel}","templated":true}]}}