{"id":6814,"date":"2023-10-17T14:16:33","date_gmt":"2023-10-17T12:16:33","guid":{"rendered":"https:\/\/www.caritasbaribitonto.it\/public\/home\/?p=6814"},"modified":"2023-10-17T14:16:36","modified_gmt":"2023-10-17T12:16:36","slug":"xxxii-rapporto-immigrazione-caritas-e-migrantes","status":"publish","type":"post","link":"https:\/\/www.caritasbaribitonto.it\/public\/home\/2023\/10\/xxxii-rapporto-immigrazione-caritas-e-migrantes\/","title":{"rendered":"XXXII Rapporto Immigrazione Caritas e Migrantes"},"content":{"rendered":"\n<h3 class=\"wp-block-heading\"><a href=\"https:\/\/www.caritas.it\/wp-content\/uploads\/sites\/2\/2023\/10\/Rapporto-Immigrazione-2023-Sintesi.pdf\" target=\"_blank\" rel=\"noreferrer noopener\">Sintesi XXXII Rapporto Immigrazione 2023<\/a><br><\/h3>\n\n\n\n<h2 class=\"wp-block-heading\">\u201cLiberi di scegliere se migrare o restare\u201d<\/h2>\n\n\n\n<p>Al 1\u00b0 gennaio 2023 le stime dell\u2019ISTAT indicano la presenza di 5.050.257 cittadini stranieri residenti in Italia, in lieve aumento rispetto ai dati definitivi riferiti all\u2019anno precedente (5.030.716), in maggioranza nel Nord Italia (59,1% dei residenti totali). Quanto alle principali nazionalit\u00e0, oltre alla consolidata prima posizione dei cittadini rumeni, e alle successive seconda e terza dei cittadini marocchini e albanesi (che si attestano all\u20198,4% e all\u20198,3% del totale), notiamo sempre pi\u00f9 un avvicendamento delle provenienze asiatiche (del Sud Est, in particolare): quelle di pi\u00f9 storica presenza (come Cina e Filippine) sono in decremento, mentre quelle di pi\u00f9 recente arrivo (come Bangladesh e Pakistan) stanno consolidando il loro percorso migratorio in Italia.<br>Sono alcuni dei dati che emergono dalla XXXII edizione del Rapporto Immigrazione realizzato da Caritas<br>Italiana e Fondazione Migrantes presentato questa mattina a Roma. Secondo i dati forniti nel Rapporto i<br>nuovi nati stranieri dal 2012 al 2021 sono diminuiti del 28,7%, passando da quasi 80 mila a meno di 57 mila: \u00e8 ormai da un decennio che il numero di nuovi nati stranieri diminuisce costantemente e sempre pi\u00f9 (-5% negli ultimi due anni).<br>Per quanto riguarda i lavoratori stranieri, per quelli non-Ue il tasso di occupazione si \u00e8 attestato su valori<br>leggermente inferiori alla media (59,2% contro il 60,1%). In riferimento alle tipologie contrattuali, l\u201987%<br>degli occupati stranieri \u00e8 un lavoratore dipendente e il restante 12,9% ha un contratto di lavoro autonomo.<br>Il 75,2% degli occupati non-Ue svolge la professione di operaio (contro il 31,6% degli italiani), mentre solo 1 su 10 \u00e8 un impiegato e appena lo 0,1% \u00e8 dirigente. Fra le maggiori criticit\u00e0 figura lo scarso coinvolgimento delle donne non-Ue nel mercato del lavoro in Italia.<br>Alle fragilit\u00e0 di chi \u00e8 senza un impiego si aggiungono quelle di chi un lavoro lo possiede: il fenomeno della inwork poverty ha registrato una forte recrudescenza negli ultimi anni, tra cittadini stranieri e non: secondo le ultime stime ISTAT, il 7% degli occupati in Italia vive in una condizione di povert\u00e0 assoluta, percentuale che sale al 13,3% tra i lavoratori meno qualificati e al 31,1% tra gli stranieri.<br>Il totale degli alunni con cittadinanza non italiana nell\u2019anno scolastico 2021\/2022, \u00e8 di 872.360, e la<br>percentuale dei nati in Italia cresce sempre pi\u00f9 fino ad arrivare al 65,6%, con punte ancora pi\u00f9 alte per alcune nazionalit\u00e0, come la cinese (88%), la marocchina e la filippina (entrambe oltre il 75%): una realt\u00e0 ancora non intercettata dalla legislazione sull\u2019acquisizione di cittadinanza.<br>Rispetto all\u2019anno precedente, si \u00e8 assistito ad un aumento degli ingressi di minori in carcere, sia italiani sia<br>stranieri: segno di dinamiche di disagio giovanile, che si esprimono anche nel fenomeno delle bande giovanili.<br>Il tema della cultura \u00e8 tanto significativo per la comprensione della nostra societ\u00e0 quanto ampio ed<br>eterogeneo. Anche in conseguenze della guerra in Ucraina, aumentano le \u201cvoci\u201d delle persone migranti<br>nell\u2019informazione italiana, ma non a tutti \u00e8 offerta pari opportunit\u00e0 di esprimersi. Di contro, si sente l\u2019esigenza di un maggiore coinvolgimento di persone di origine straniera nelle redazioni giornalistiche e su temi non solo riconducibili alla mobilit\u00e0, ma all\u2019attualit\u00e0, alla politica, alla economia e in ogni ambito della vita quotidiana.<br>\u201cLa conoscenza dei molteplici aspetti dell\u2019immigrazione \u2013 senza trascurare le ragioni che portano a lasciare la propria casa e il proprio Paese \u2013 risulta utile per comprenderne la reale portata e il \u2018volto\u2019, anche in relazione al rapporto tra le persone che arrivano e la societ\u00e0 che accoglie\u201d, scrive in apertura del volume mons. Giuseppe Baturi, Arcivescovo di Cagliari e Segretario Generale della Conferenza Episcopale Italiana.<br>Per il segretario generale della CEI \u201caccoglienza e integrazione richiedono la reciproca disponibilit\u00e0 a un<br>\u2018incontro\u2019 che vada nel rispetto di entrambe le parti. Il percorso in questo senso appare carico di interrogativi, persino di tensioni: per tale ragione risulta \u2018necessario \u2013 come si legge nel Rapporto \u2013 un cambiamento della narrazione, per superare quella dell\u2019emergenza\u2019\u201d.<\/p>\n","protected":false},"excerpt":{"rendered":"<p>Sintesi XXXII Rapporto Immigrazione 2023 \u201cLiberi di scegliere se migrare o restare\u201d Al 1\u00b0 gennaio 2023 le stime dell\u2019ISTAT indicano [&hellip;]<\/p>\n","protected":false},"author":1,"featured_media":6815,"comment_status":"closed","ping_status":"open","sticky":false,"template":"","format":"standard","meta":{"_uag_custom_page_level_css":"","site-sidebar-layout":"default","site-content-layout":"","ast-site-content-layout":"default","site-content-style":"default","site-sidebar-style":"default","ast-global-header-display":"","ast-banner-title-visibility":"","ast-main-header-display":"","ast-hfb-above-header-display":"","ast-hfb-below-header-display":"","ast-hfb-mobile-header-display":"","site-post-title":"","ast-breadcrumbs-content":"","ast-featured-img":"","footer-sml-layout":"","theme-transparent-header-meta":"","adv-header-id-meta":"","stick-header-meta":"","header-above-stick-meta":"","header-main-stick-meta":"","header-below-stick-meta":"","astra-migrate-meta-layouts":"default","ast-page-background-enabled":"default","ast-page-background-meta":{"desktop":{"background-color":"var(--ast-global-color-5)","background-image":"","background-repeat":"repeat","background-position":"center center","background-size":"auto","background-attachment":"scroll","background-type":"","background-media":"","overlay-type":"","overlay-color":"","overlay-opacity":"","overlay-gradient":""},"tablet":{"background-color":"","background-image":"","background-repeat":"repeat","background-position":"center center","background-size":"auto","background-attachment":"scroll","background-type":"","background-media":"","overlay-type":"","overlay-color":"","overlay-opacity":"","overlay-gradient":""},"mobile":{"background-color":"","background-image":"","background-repeat":"repeat","background-position":"center center","background-size":"auto","background-attachment":"scroll","background-type":"","background-media":"","overlay-type":"","overlay-color":"","overlay-opacity":"","overlay-gradient":""}},"ast-content-background-meta":{"desktop":{"background-color":"var(--ast-global-color-4)","background-image":"","background-repeat":"repeat","background-position":"center center","background-size":"auto","background-attachment":"scroll","background-type":"","background-media":"","overlay-type":"","overlay-color":"","overlay-opacity":"","overlay-gradient":""},"tablet":{"background-color":"var(--ast-global-color-4)","background-image":"","background-repeat":"repeat","background-position":"center center","background-size":"auto","background-attachment":"scroll","background-type":"","background-media":"","overlay-type":"","overlay-color":"","overlay-opacity":"","overlay-gradient":""},"mobile":{"background-color":"var(--ast-global-color-4)","background-image":"","background-repeat":"repeat","background-position":"center center","background-size":"auto","background-attachment":"scroll","background-type":"","background-media":"","overlay-type":"","overlay-color":"","overlay-opacity":"","overlay-gradient":""}},"footnotes":""},"categories":[1,212],"tags":[],"class_list":["post-6814","post","type-post","status-publish","format-standard","has-post-thumbnail","hentry","category-generale","category-in-evidenza"],"gutentor_comment":0,"yoast_head":"<!-- This site is optimized with the Yoast SEO plugin v26.8 - https:\/\/yoast.com\/product\/yoast-seo-wordpress\/ -->\r\n<title>XXXII Rapporto Immigrazione Caritas e Migrantes - Caritas Diocesana Bari-Bitonto<\/title>\r\n<meta name=\"robots\" content=\"index, follow, max-snippet:-1, max-image-preview:large, max-video-preview:-1\" \/>\r\n<link rel=\"canonical\" href=\"https:\/\/www.caritasbaribitonto.it\/public\/home\/2023\/10\/xxxii-rapporto-immigrazione-caritas-e-migrantes\/\" \/>\r\n<meta property=\"og:locale\" content=\"it_IT\" \/>\r\n<meta property=\"og:type\" content=\"article\" \/>\r\n<meta property=\"og:title\" content=\"XXXII Rapporto Immigrazione Caritas e Migrantes - Caritas Diocesana Bari-Bitonto\" \/>\r\n<meta property=\"og:description\" content=\"Sintesi XXXII Rapporto Immigrazione 2023 \u201cLiberi di scegliere se migrare o restare\u201d Al 1\u00b0 gennaio 2023 le stime dell\u2019ISTAT indicano [&hellip;]\" \/>\r\n<meta property=\"og:url\" content=\"https:\/\/www.caritasbaribitonto.it\/public\/home\/2023\/10\/xxxii-rapporto-immigrazione-caritas-e-migrantes\/\" \/>\r\n<meta property=\"og:site_name\" content=\"Caritas Diocesana Bari-Bitonto\" \/>\r\n<meta property=\"article:publisher\" content=\"https:\/\/www.facebook.com\/pages\/Caritas-Diocesana-Bari-Bitonto\/533981476753770\" \/>\r\n<meta property=\"article:published_time\" content=\"2023-10-17T12:16:33+00:00\" \/>\r\n<meta property=\"article:modified_time\" content=\"2023-10-17T12:16:36+00:00\" \/>\r\n<meta property=\"og:image\" content=\"https:\/\/www.caritasbaribitonto.it\/public\/home\/img\/uploads\/2023\/10\/presentazione_immigrazione_2023-1.jpg\" \/>\r\n\t<meta property=\"og:image:width\" content=\"1800\" \/>\r\n\t<meta property=\"og:image:height\" content=\"1353\" \/>\r\n\t<meta property=\"og:image:type\" content=\"image\/jpeg\" \/>\r\n<meta name=\"author\" content=\"Giovanni Caputo\" \/>\r\n<meta name=\"twitter:card\" content=\"summary_large_image\" \/>\r\n<meta name=\"twitter:label1\" content=\"Scritto da\" \/>\n\t<meta name=\"twitter:data1\" content=\"Giovanni Caputo\" \/>\n\t<meta name=\"twitter:label2\" content=\"Tempo di lettura stimato\" \/>\n\t<meta name=\"twitter:data2\" content=\"4 minuti\" \/>\r\n<script type=\"application\/ld+json\" class=\"yoast-schema-graph\">{\"@context\":\"https:\/\/schema.org\",\"@graph\":[{\"@type\":\"Article\",\"@id\":\"https:\/\/www.caritasbaribitonto.it\/public\/home\/2023\/10\/xxxii-rapporto-immigrazione-caritas-e-migrantes\/#article\",\"isPartOf\":{\"@id\":\"https:\/\/www.caritasbaribitonto.it\/public\/home\/2023\/10\/xxxii-rapporto-immigrazione-caritas-e-migrantes\/\"},\"author\":{\"name\":\"Giovanni Caputo\",\"@id\":\"https:\/\/www.caritasbaribitonto.it\/public\/home\/#\/schema\/person\/06b333402b70fdadb662b68974e8c97a\"},\"headline\":\"XXXII Rapporto Immigrazione Caritas e Migrantes\",\"datePublished\":\"2023-10-17T12:16:33+00:00\",\"dateModified\":\"2023-10-17T12:16:36+00:00\",\"mainEntityOfPage\":{\"@id\":\"https:\/\/www.caritasbaribitonto.it\/public\/home\/2023\/10\/xxxii-rapporto-immigrazione-caritas-e-migrantes\/\"},\"wordCount\":625,\"publisher\":{\"@id\":\"https:\/\/www.caritasbaribitonto.it\/public\/home\/#organization\"},\"image\":{\"@id\":\"https:\/\/www.caritasbaribitonto.it\/public\/home\/2023\/10\/xxxii-rapporto-immigrazione-caritas-e-migrantes\/#primaryimage\"},\"thumbnailUrl\":\"https:\/\/www.caritasbaribitonto.it\/public\/home\/img\/uploads\/2023\/10\/presentazione_immigrazione_2023-1.jpg\",\"articleSection\":[\"Generale\",\"In Evidenza\"],\"inLanguage\":\"it-IT\"},{\"@type\":\"WebPage\",\"@id\":\"https:\/\/www.caritasbaribitonto.it\/public\/home\/2023\/10\/xxxii-rapporto-immigrazione-caritas-e-migrantes\/\",\"url\":\"https:\/\/www.caritasbaribitonto.it\/public\/home\/2023\/10\/xxxii-rapporto-immigrazione-caritas-e-migrantes\/\",\"name\":\"XXXII Rapporto Immigrazione Caritas e Migrantes - Caritas Diocesana Bari-Bitonto\",\"isPartOf\":{\"@id\":\"https:\/\/www.caritasbaribitonto.it\/public\/home\/#website\"},\"primaryImageOfPage\":{\"@id\":\"https:\/\/www.caritasbaribitonto.it\/public\/home\/2023\/10\/xxxii-rapporto-immigrazione-caritas-e-migrantes\/#primaryimage\"},\"image\":{\"@id\":\"https:\/\/www.caritasbaribitonto.it\/public\/home\/2023\/10\/xxxii-rapporto-immigrazione-caritas-e-migrantes\/#primaryimage\"},\"thumbnailUrl\":\"https:\/\/www.caritasbaribitonto.it\/public\/home\/img\/uploads\/2023\/10\/presentazione_immigrazione_2023-1.jpg\",\"datePublished\":\"2023-10-17T12:16:33+00:00\",\"dateModified\":\"2023-10-17T12:16:36+00:00\",\"breadcrumb\":{\"@id\":\"https:\/\/www.caritasbaribitonto.it\/public\/home\/2023\/10\/xxxii-rapporto-immigrazione-caritas-e-migrantes\/#breadcrumb\"},\"inLanguage\":\"it-IT\",\"potentialAction\":[{\"@type\":\"ReadAction\",\"target\":[\"https:\/\/www.caritasbaribitonto.it\/public\/home\/2023\/10\/xxxii-rapporto-immigrazione-caritas-e-migrantes\/\"]}]},{\"@type\":\"ImageObject\",\"inLanguage\":\"it-IT\",\"@id\":\"https:\/\/www.caritasbaribitonto.it\/public\/home\/2023\/10\/xxxii-rapporto-immigrazione-caritas-e-migrantes\/#primaryimage\",\"url\":\"https:\/\/www.caritasbaribitonto.it\/public\/home\/img\/uploads\/2023\/10\/presentazione_immigrazione_2023-1.jpg\",\"contentUrl\":\"https:\/\/www.caritasbaribitonto.it\/public\/home\/img\/uploads\/2023\/10\/presentazione_immigrazione_2023-1.jpg\",\"width\":1800,\"height\":1353},{\"@type\":\"BreadcrumbList\",\"@id\":\"https:\/\/www.caritasbaribitonto.it\/public\/home\/2023\/10\/xxxii-rapporto-immigrazione-caritas-e-migrantes\/#breadcrumb\",\"itemListElement\":[{\"@type\":\"ListItem\",\"position\":1,\"name\":\"Home\",\"item\":\"https:\/\/www.caritasbaribitonto.it\/public\/home\/\"},{\"@type\":\"ListItem\",\"position\":2,\"name\":\"XXXII Rapporto Immigrazione Caritas e Migrantes\"}]},{\"@type\":\"WebSite\",\"@id\":\"https:\/\/www.caritasbaribitonto.it\/public\/home\/#website\",\"url\":\"https:\/\/www.caritasbaribitonto.it\/public\/home\/\",\"name\":\"Caritas Diocesana Bari-Bitonto\",\"description\":\"I santi della porta accanto\",\"publisher\":{\"@id\":\"https:\/\/www.caritasbaribitonto.it\/public\/home\/#organization\"},\"potentialAction\":[{\"@type\":\"SearchAction\",\"target\":{\"@type\":\"EntryPoint\",\"urlTemplate\":\"https:\/\/www.caritasbaribitonto.it\/public\/home\/?s={search_term_string}\"},\"query-input\":{\"@type\":\"PropertyValueSpecification\",\"valueRequired\":true,\"valueName\":\"search_term_string\"}}],\"inLanguage\":\"it-IT\"},{\"@type\":\"Organization\",\"@id\":\"https:\/\/www.caritasbaribitonto.it\/public\/home\/#organization\",\"name\":\"Caritas Diocesana Bari-Bitonto\",\"url\":\"https:\/\/www.caritasbaribitonto.it\/public\/home\/\",\"logo\":{\"@type\":\"ImageObject\",\"inLanguage\":\"it-IT\",\"@id\":\"https:\/\/www.caritasbaribitonto.it\/public\/home\/#\/schema\/logo\/image\/\",\"url\":\"https:\/\/www.caritasbaribitonto.it\/public\/home\/img\/uploads\/2025\/02\/cropped-cropped-caritas2025_350x112.png\",\"contentUrl\":\"https:\/\/www.caritasbaribitonto.it\/public\/home\/img\/uploads\/2025\/02\/cropped-cropped-caritas2025_350x112.png\",\"width\":350,\"height\":112,\"caption\":\"Caritas Diocesana Bari-Bitonto\"},\"image\":{\"@id\":\"https:\/\/www.caritasbaribitonto.it\/public\/home\/#\/schema\/logo\/image\/\"},\"sameAs\":[\"https:\/\/www.facebook.com\/pages\/Caritas-Diocesana-Bari-Bitonto\/533981476753770\"]},{\"@type\":\"Person\",\"@id\":\"https:\/\/www.caritasbaribitonto.it\/public\/home\/#\/schema\/person\/06b333402b70fdadb662b68974e8c97a\",\"name\":\"Giovanni Caputo\",\"image\":{\"@type\":\"ImageObject\",\"inLanguage\":\"it-IT\",\"@id\":\"https:\/\/www.caritasbaribitonto.it\/public\/home\/#\/schema\/person\/image\/\",\"url\":\"https:\/\/secure.gravatar.com\/avatar\/6c7e9d4e1e2394bfa4e38377bd0b5e03cbf0c79e27918e6497d3f408f89d0d3b?s=96&d=identicon&r=g\",\"contentUrl\":\"https:\/\/secure.gravatar.com\/avatar\/6c7e9d4e1e2394bfa4e38377bd0b5e03cbf0c79e27918e6497d3f408f89d0d3b?s=96&d=identicon&r=g\",\"caption\":\"Giovanni Caputo\"},\"url\":\"https:\/\/www.caritasbaribitonto.it\/public\/home\/author\/admin\/\"}]}<\/script>\r\n<!-- \/ Yoast SEO plugin. -->","yoast_head_json":{"title":"XXXII Rapporto Immigrazione Caritas e Migrantes - Caritas Diocesana Bari-Bitonto","robots":{"index":"index","follow":"follow","max-snippet":"max-snippet:-1","max-image-preview":"max-image-preview:large","max-video-preview":"max-video-preview:-1"},"canonical":"https:\/\/www.caritasbaribitonto.it\/public\/home\/2023\/10\/xxxii-rapporto-immigrazione-caritas-e-migrantes\/","og_locale":"it_IT","og_type":"article","og_title":"XXXII Rapporto Immigrazione Caritas e Migrantes - Caritas Diocesana Bari-Bitonto","og_description":"Sintesi XXXII Rapporto Immigrazione 2023 \u201cLiberi di scegliere se migrare o restare\u201d Al 1\u00b0 gennaio 2023 le stime dell\u2019ISTAT indicano [&hellip;]","og_url":"https:\/\/www.caritasbaribitonto.it\/public\/home\/2023\/10\/xxxii-rapporto-immigrazione-caritas-e-migrantes\/","og_site_name":"Caritas Diocesana Bari-Bitonto","article_publisher":"https:\/\/www.facebook.com\/pages\/Caritas-Diocesana-Bari-Bitonto\/533981476753770","article_published_time":"2023-10-17T12:16:33+00:00","article_modified_time":"2023-10-17T12:16:36+00:00","og_image":[{"width":1800,"height":1353,"url":"https:\/\/www.caritasbaribitonto.it\/public\/home\/img\/uploads\/2023\/10\/presentazione_immigrazione_2023-1.jpg","type":"image\/jpeg"}],"author":"Giovanni Caputo","twitter_card":"summary_large_image","twitter_misc":{"Scritto da":"Giovanni Caputo","Tempo di lettura stimato":"4 minuti"},"schema":{"@context":"https:\/\/schema.org","@graph":[{"@type":"Article","@id":"https:\/\/www.caritasbaribitonto.it\/public\/home\/2023\/10\/xxxii-rapporto-immigrazione-caritas-e-migrantes\/#article","isPartOf":{"@id":"https:\/\/www.caritasbaribitonto.it\/public\/home\/2023\/10\/xxxii-rapporto-immigrazione-caritas-e-migrantes\/"},"author":{"name":"Giovanni Caputo","@id":"https:\/\/www.caritasbaribitonto.it\/public\/home\/#\/schema\/person\/06b333402b70fdadb662b68974e8c97a"},"headline":"XXXII Rapporto Immigrazione Caritas e Migrantes","datePublished":"2023-10-17T12:16:33+00:00","dateModified":"2023-10-17T12:16:36+00:00","mainEntityOfPage":{"@id":"https:\/\/www.caritasbaribitonto.it\/public\/home\/2023\/10\/xxxii-rapporto-immigrazione-caritas-e-migrantes\/"},"wordCount":625,"publisher":{"@id":"https:\/\/www.caritasbaribitonto.it\/public\/home\/#organization"},"image":{"@id":"https:\/\/www.caritasbaribitonto.it\/public\/home\/2023\/10\/xxxii-rapporto-immigrazione-caritas-e-migrantes\/#primaryimage"},"thumbnailUrl":"https:\/\/www.caritasbaribitonto.it\/public\/home\/img\/uploads\/2023\/10\/presentazione_immigrazione_2023-1.jpg","articleSection":["Generale","In Evidenza"],"inLanguage":"it-IT"},{"@type":"WebPage","@id":"https:\/\/www.caritasbaribitonto.it\/public\/home\/2023\/10\/xxxii-rapporto-immigrazione-caritas-e-migrantes\/","url":"https:\/\/www.caritasbaribitonto.it\/public\/home\/2023\/10\/xxxii-rapporto-immigrazione-caritas-e-migrantes\/","name":"XXXII Rapporto Immigrazione Caritas e Migrantes - Caritas Diocesana Bari-Bitonto","isPartOf":{"@id":"https:\/\/www.caritasbaribitonto.it\/public\/home\/#website"},"primaryImageOfPage":{"@id":"https:\/\/www.caritasbaribitonto.it\/public\/home\/2023\/10\/xxxii-rapporto-immigrazione-caritas-e-migrantes\/#primaryimage"},"image":{"@id":"https:\/\/www.caritasbaribitonto.it\/public\/home\/2023\/10\/xxxii-rapporto-immigrazione-caritas-e-migrantes\/#primaryimage"},"thumbnailUrl":"https:\/\/www.caritasbaribitonto.it\/public\/home\/img\/uploads\/2023\/10\/presentazione_immigrazione_2023-1.jpg","datePublished":"2023-10-17T12:16:33+00:00","dateModified":"2023-10-17T12:16:36+00:00","breadcrumb":{"@id":"https:\/\/www.caritasbaribitonto.it\/public\/home\/2023\/10\/xxxii-rapporto-immigrazione-caritas-e-migrantes\/#breadcrumb"},"inLanguage":"it-IT","potentialAction":[{"@type":"ReadAction","target":["https:\/\/www.caritasbaribitonto.it\/public\/home\/2023\/10\/xxxii-rapporto-immigrazione-caritas-e-migrantes\/"]}]},{"@type":"ImageObject","inLanguage":"it-IT","@id":"https:\/\/www.caritasbaribitonto.it\/public\/home\/2023\/10\/xxxii-rapporto-immigrazione-caritas-e-migrantes\/#primaryimage","url":"https:\/\/www.caritasbaribitonto.it\/public\/home\/img\/uploads\/2023\/10\/presentazione_immigrazione_2023-1.jpg","contentUrl":"https:\/\/www.caritasbaribitonto.it\/public\/home\/img\/uploads\/2023\/10\/presentazione_immigrazione_2023-1.jpg","width":1800,"height":1353},{"@type":"BreadcrumbList","@id":"https:\/\/www.caritasbaribitonto.it\/public\/home\/2023\/10\/xxxii-rapporto-immigrazione-caritas-e-migrantes\/#breadcrumb","itemListElement":[{"@type":"ListItem","position":1,"name":"Home","item":"https:\/\/www.caritasbaribitonto.it\/public\/home\/"},{"@type":"ListItem","position":2,"name":"XXXII Rapporto Immigrazione Caritas e Migrantes"}]},{"@type":"WebSite","@id":"https:\/\/www.caritasbaribitonto.it\/public\/home\/#website","url":"https:\/\/www.caritasbaribitonto.it\/public\/home\/","name":"Caritas Diocesana Bari-Bitonto","description":"I santi della porta accanto","publisher":{"@id":"https:\/\/www.caritasbaribitonto.it\/public\/home\/#organization"},"potentialAction":[{"@type":"SearchAction","target":{"@type":"EntryPoint","urlTemplate":"https:\/\/www.caritasbaribitonto.it\/public\/home\/?s={search_term_string}"},"query-input":{"@type":"PropertyValueSpecification","valueRequired":true,"valueName":"search_term_string"}}],"inLanguage":"it-IT"},{"@type":"Organization","@id":"https:\/\/www.caritasbaribitonto.it\/public\/home\/#organization","name":"Caritas Diocesana Bari-Bitonto","url":"https:\/\/www.caritasbaribitonto.it\/public\/home\/","logo":{"@type":"ImageObject","inLanguage":"it-IT","@id":"https:\/\/www.caritasbaribitonto.it\/public\/home\/#\/schema\/logo\/image\/","url":"https:\/\/www.caritasbaribitonto.it\/public\/home\/img\/uploads\/2025\/02\/cropped-cropped-caritas2025_350x112.png","contentUrl":"https:\/\/www.caritasbaribitonto.it\/public\/home\/img\/uploads\/2025\/02\/cropped-cropped-caritas2025_350x112.png","width":350,"height":112,"caption":"Caritas Diocesana Bari-Bitonto"},"image":{"@id":"https:\/\/www.caritasbaribitonto.it\/public\/home\/#\/schema\/logo\/image\/"},"sameAs":["https:\/\/www.facebook.com\/pages\/Caritas-Diocesana-Bari-Bitonto\/533981476753770"]},{"@type":"Person","@id":"https:\/\/www.caritasbaribitonto.it\/public\/home\/#\/schema\/person\/06b333402b70fdadb662b68974e8c97a","name":"Giovanni Caputo","image":{"@type":"ImageObject","inLanguage":"it-IT","@id":"https:\/\/www.caritasbaribitonto.it\/public\/home\/#\/schema\/person\/image\/","url":"https:\/\/secure.gravatar.com\/avatar\/6c7e9d4e1e2394bfa4e38377bd0b5e03cbf0c79e27918e6497d3f408f89d0d3b?s=96&d=identicon&r=g","contentUrl":"https:\/\/secure.gravatar.com\/avatar\/6c7e9d4e1e2394bfa4e38377bd0b5e03cbf0c79e27918e6497d3f408f89d0d3b?s=96&d=identicon&r=g","caption":"Giovanni Caputo"},"url":"https:\/\/www.caritasbaribitonto.it\/public\/home\/author\/admin\/"}]}},"jetpack_featured_media_url":"https:\/\/www.caritasbaribitonto.it\/public\/home\/img\/uploads\/2023\/10\/presentazione_immigrazione_2023-1.jpg","uagb_featured_image_src":{"full":["https:\/\/www.caritasbaribitonto.it\/public\/home\/img\/uploads\/2023\/10\/presentazione_immigrazione_2023-1.jpg",1800,1353,false],"thumbnail":["https:\/\/www.caritasbaribitonto.it\/public\/home\/img\/uploads\/2023\/10\/presentazione_immigrazione_2023-1-150x150.jpg",150,150,true],"medium":["https:\/\/www.caritasbaribitonto.it\/public\/home\/img\/uploads\/2023\/10\/presentazione_immigrazione_2023-1-300x226.jpg",300,226,true],"medium_large":["https:\/\/www.caritasbaribitonto.it\/public\/home\/img\/uploads\/2023\/10\/presentazione_immigrazione_2023-1-768x577.jpg",768,577,true],"large":["https:\/\/www.caritasbaribitonto.it\/public\/home\/img\/uploads\/2023\/10\/presentazione_immigrazione_2023-1-1024x770.jpg",1024,770,true],"1536x1536":["https:\/\/www.caritasbaribitonto.it\/public\/home\/img\/uploads\/2023\/10\/presentazione_immigrazione_2023-1-1536x1155.jpg",1536,1155,true],"2048x2048":["https:\/\/www.caritasbaribitonto.it\/public\/home\/img\/uploads\/2023\/10\/presentazione_immigrazione_2023-1.jpg",1800,1353,false]},"uagb_author_info":{"display_name":"Giovanni Caputo","author_link":"https:\/\/www.caritasbaribitonto.it\/public\/home\/author\/admin\/"},"uagb_comment_info":0,"uagb_excerpt":"Sintesi XXXII Rapporto Immigrazione 2023 \u201cLiberi di scegliere se migrare o restare\u201d Al 1\u00b0 gennaio 2023 le stime dell\u2019ISTAT indicano [&hellip;]","_links":{"self":[{"href":"https:\/\/www.caritasbaribitonto.it\/public\/home\/wp-json\/wp\/v2\/posts\/6814","targetHints":{"allow":["GET"]}}],"collection":[{"href":"https:\/\/www.caritasbaribitonto.it\/public\/home\/wp-json\/wp\/v2\/posts"}],"about":[{"href":"https:\/\/www.caritasbaribitonto.it\/public\/home\/wp-json\/wp\/v2\/types\/post"}],"author":[{"embeddable":true,"href":"https:\/\/www.caritasbaribitonto.it\/public\/home\/wp-json\/wp\/v2\/users\/1"}],"replies":[{"embeddable":true,"href":"https:\/\/www.caritasbaribitonto.it\/public\/home\/wp-json\/wp\/v2\/comments?post=6814"}],"version-history":[{"count":0,"href":"https:\/\/www.caritasbaribitonto.it\/public\/home\/wp-json\/wp\/v2\/posts\/6814\/revisions"}],"wp:featuredmedia":[{"embeddable":true,"href":"https:\/\/www.caritasbaribitonto.it\/public\/home\/wp-json\/wp\/v2\/media\/6815"}],"wp:attachment":[{"href":"https:\/\/www.caritasbaribitonto.it\/public\/home\/wp-json\/wp\/v2\/media?parent=6814"}],"wp:term":[{"taxonomy":"category","embeddable":true,"href":"https:\/\/www.caritasbaribitonto.it\/public\/home\/wp-json\/wp\/v2\/categories?post=6814"},{"taxonomy":"post_tag","embeddable":true,"href":"https:\/\/www.caritasbaribitonto.it\/public\/home\/wp-json\/wp\/v2\/tags?post=6814"}],"curies":[{"name":"wp","href":"https:\/\/api.w.org\/{rel}","templated":true}]}}