{"id":6769,"date":"2023-05-05T20:53:08","date_gmt":"2023-05-05T18:53:08","guid":{"rendered":"https:\/\/www.caritasbaribitonto.it\/public\/home\/?p=6769"},"modified":"2023-05-05T20:54:32","modified_gmt":"2023-05-05T18:54:32","slug":"emergenza-terremoto-in-turchia-e-siria-2","status":"publish","type":"post","link":"https:\/\/www.caritasbaribitonto.it\/public\/home\/2023\/05\/emergenza-terremoto-in-turchia-e-siria-2\/","title":{"rendered":"Emergenza terremoto in Turchia e Siria"},"content":{"rendered":"\n<p>Una forte scossa di terremoto di magnitudo 7,9 <strong>ha colpito alle 4:17 del 6 febbraio<\/strong> scorso la zona al confine tra la Turchia e la Siria, con epicentro nel distretto Pazarc\u0131k di Kahramanmara\u015f. Dopo il terremoto si sono verificate molteplici scosse di assestamento, tra cui una molto forte, di magnitudo 7,7 ed una ulteriore di magnitudo 6,4 il 21 febbraio.&nbsp; <strong>Oltre 52mila i morti accertati, <\/strong>drammatica anche la condizione dei sopravvissuti, che&nbsp; hanno ancora bisogno di tutto, alle prese con le difficolt\u00e0 del reperimento di cibo e acqua, e per le condizioni climatiche non facili in molte zone montane.<\/p>\n\n\n\n<blockquote class=\"wp-block-quote is-layout-flow wp-block-quote-is-layout-flow\">\n<p>La rete Caritas in Turchia e Siria impegnata a supporto degli sfollati<\/p>\n<\/blockquote>\n\n\n\n<p>In entrambi i Paesi <strong>gli operatori e i volontari di Caritas stanno distribuendo cibo, acqua, coperte, materassi agli sfollati<\/strong> accolti nei diversi centri, e stanno verificando i bisogni e le condizioni di sicurezza per la pianificazione di interventi pi\u00f9 organici.<br><strong>Caritas Siria<\/strong> \u00e8 attiva con 295 operatori e volontari siriani ad Aleppo, Lattakia e Hama, all\u2019interno dei vari centri che accolgono gli sfollati in scuole, chiese, moschee, palestre o campi spontanei. Particolarmente grave la situazione per i tanti anziani, pi\u00f9 vulnerabili al freddo e al disagio nei centri di accoglienza, nonch\u00e9 al trauma di aver perso le proprie abitazioni. Un gruppo di volontari di <strong>Caritas Libano<\/strong> \u00e8 partito da Beirut alla volta di Lattakia per affiancare Caritas Siria nell\u2019aiuto alle popolazioni colpite. Si tratta di giovani volontari, formati grazie a un progetto sostenuto da Caritas Italiana. In <strong>Turchia<\/strong> si mantiene un contatto costante con gli operatori di Caritas Italiana presenti a Istanbul in appoggio alla Caritas nel Paese, che opera in continuo raccordo con le autorit\u00e0 locali per l\u2019organizzazione degli aiuti.<\/p>\n\n\n\n<p><\/p>\n\n\n\n<blockquote class=\"wp-block-quote is-layout-flow wp-block-quote-is-layout-flow\">\n<p>La preghiera di papa Francesco<\/p>\n<\/blockquote>\n\n\n\n<p>\u00abIl mio pensiero va, in questo momento, alle popolazioni della Turchia e della Siria duramente colpite dal terremoto, che ha causato migliaia di morti e di feriti \u2013 <a href=\"https:\/\/www.vatican.va\/content\/francesco\/it\/audiences\/2023\/documents\/20230208-udienza-generale.html\" target=\"_blank\" rel=\"noreferrer noopener\">ha detto nell\u2019Udienza generale di mercoled\u00ec 8 febbraio, papa Francesco<\/a> -. Con commozione prego per loro ed esprimo la mia vicinanza a questi popoli, ai familiari delle vittime e a tutti coloro che soffrono per questa devastante calamit\u00e0. Ringrazio quanti si stanno impegnando per portare soccorso e incoraggio tutti alla solidariet\u00e0 con quei territori, in parte gi\u00e0 martoriati da una lunga guerra. Preghiamo insieme perch\u00e9 questi nostri fratelli e sorelle possano andare avanti, superando questa tragedia, e chiediamo alla Madonna che li protegga\u00bb.<\/p>\n\n\n\n<blockquote class=\"wp-block-quote is-layout-flow wp-block-quote-is-layout-flow\">\n<p>Indetta una Colletta nazionale per domenica 26 marzo (V di Quaresima)<\/p>\n<\/blockquote>\n\n\n\n<figure class=\"wp-block-image alignleft\"><img decoding=\"async\" src=\"https:\/\/www.caritas.it\/wp-content\/uploads\/sites\/2\/2023\/02\/locandina-Siria-Turchia-A3-354x500.jpg\" alt=\"\" class=\"wp-image-561972\"\/><\/figure>\n\n\n\n<p>Facendo proprio l\u2019appello di Papa Francesco, la Presidenza della CEI, a nome dei Vescovi italiani, ha rinnovato \u201cprofonda partecipazione alle sofferenze e ai problemi delle popolazioni di Turchia e Siria provate dal terremoto. Per far fronte alle prime urgenze e ai bisogni essenziali di chi \u00e8 stato colpito da questa calamit\u00e0, <strong>la CEI ha disposto un primo stanziamento di 500.000 euro dai fondi dell\u20198xmille<\/strong> per iniziative di carit\u00e0 di rilievo nazionale. Tale somma sar\u00e0 erogata tramite Caritas Italiana, gi\u00e0 attiva per alleviare i disagi causati dal sisma e a cui \u00e8 affidato il coordinamento degli interventi locali\u201d.<\/p>\n\n\n\n<p>La Presidenza della CEI <a href=\"https:\/\/www.chiesacattolica.it\/terremoto-in-turchia-e-siria-il-26-marzo-colletta-nazionale-per-le-popolazioni-colpite\/\" target=\"_blank\" rel=\"noreferrer noopener\">ha deciso inoltre di indire<\/a> una <strong>colletta nazionale, da tenersi in tutte le chiese italiane domenica 26 marzo 2023 <\/strong>(V di Quaresima) come &nbsp;\u201csegno concreto di solidariet\u00e0 e partecipazione di tutti i credenti ai bisogni, materiali e spirituali, delle popolazioni terremotate. Sar\u00e0 anche un\u2019occasione importante per esprimere nella preghiera unitaria la nostra vicinanza alle persone colpite. Le offerte raccolte dovranno essere integralmente inviate a Caritas Italiana entro il 30 aprile 2023\u201d. <strong>Scarica la locandina in <a href=\"https:\/\/www.caritas.it\/wp-content\/uploads\/sites\/2\/2023\/02\/locandina-Siria-Turchia-A3_alta.png\" target=\"_blank\" rel=\"noreferrer noopener\">formato grande JPG<\/a> oppure in <a href=\"https:\/\/www.caritas.it\/wp-content\/uploads\/sites\/2\/2023\/02\/Locandina-Colletta-nazionale-Terremoto-A3.pdf\" target=\"_blank\" rel=\"noreferrer noopener\">formato PDF<\/a>.<\/strong><\/p>\n\n\n\n<p>Dal 27 febbraio al 5 marzo il Segretario Generale della CEI, <strong>mons. Giuseppe Baturi<\/strong>, accompagnato da <strong>don Leonardo Di Mauro<\/strong>, responsabile del Servizio per gli interventi caritativi a favore dei Paesi del Terzo Mondo, <a href=\"https:\/\/www.chiesacattolica.it\/il-segretario-generale-a-damasco-e-aleppo\/\" target=\"_blank\" rel=\"noreferrer noopener\">si recher\u00e0 in Siria<\/a> per ribadire la solidariet\u00e0 della Chiesa in Italia alla popolazione e per comprendere come aumentare l\u2019efficacia degli aiuti offerti attraverso i progetti finanziati con i fondi dell\u20198xmille presenti sul territorio.<\/p>\n\n\n\n<blockquote class=\"wp-block-quote is-layout-flow wp-block-quote-is-layout-flow\">\n<p>Caritas Italiana ha inviato due suoi operatori a supporto della Caritas in Turchia<\/p>\n<\/blockquote>\n\n\n\n<p>Caritas Italiana, impegnata da anni nei due Paesi, <strong>\u00e8 in costante contatto con la Caritas in Turchia, Caritas Siria e la rete Caritas internazionale per offrire aiuto e sostegno<\/strong>. Il direttore, <strong>don Marco Pagniello<\/strong>, fa appello a \u201cun\u2019attenzione solidale da parte di tutti verso aree del mondo gi\u00e0 segnate da conflitti dimenticati e da povert\u00e0 estrema\u201d. Due operatori di Caritas Italiana sono giunti ad Istanbul per <strong>affiancare la Caritas in Turchia nella gestione dell\u2019emergenza<\/strong> considerata la complessit\u00e0 e la dimensione della crisi.<\/p>\n\n\n\n<p>\u00c8 possibile sostenere gli interventi di Caritas Italiana per questa emergenza, utilizzando il <strong>conto corrente postale n. 347013<\/strong>, o <a href=\"https:\/\/donazioni.caritas.it\/\">donazione on-line<\/a>, o bonifico bancario specificando nella causale \u201cTerremoto Turchia-Siria 2023\u201d tramite:<\/p>\n\n\n\n<ul class=\"wp-block-list\">\n<li>Banca Popolare Etica, via Parigi 17, Roma \u2013 Iban: IT24 C050 1803 2000 0001 3331 111<\/li>\n\n\n\n<li>Banca Intesa Sanpaolo, Fil. Accentrata Ter S, Roma \u2013 Iban: IT66 W030 6909 6061 0000 0012 474<\/li>\n\n\n\n<li>Banco Posta, viale Europa 175, Roma \u2013 Iban: IT91 P076 0103 2000 0000 0347 013<\/li>\n\n\n\n<li>UniCredit, via Taranto 49, Roma \u2013 Iban: IT 88 U020 0805 2060 0001 1063 119<\/li>\n<\/ul>\n\n\n\n<p><\/p>\n\n\n\n<p>Fonte: <a href=\"https:\/\/www.caritas.it\/emergenza-terremoto-in-turchia-e-siria\/\">Caritas<\/a><\/p>\n","protected":false},"excerpt":{"rendered":"<p>Una forte scossa di terremoto di magnitudo 7,9 ha colpito alle 4:17 del 6 febbraio scorso la zona al confine [&hellip;]<\/p>\n","protected":false},"author":570,"featured_media":6771,"comment_status":"closed","ping_status":"open","sticky":false,"template":"","format":"standard","meta":{"_uag_custom_page_level_css":"","site-sidebar-layout":"default","site-content-layout":"","ast-site-content-layout":"default","site-content-style":"default","site-sidebar-style":"default","ast-global-header-display":"","ast-banner-title-visibility":"","ast-main-header-display":"","ast-hfb-above-header-display":"","ast-hfb-below-header-display":"","ast-hfb-mobile-header-display":"","site-post-title":"","ast-breadcrumbs-content":"","ast-featured-img":"","footer-sml-layout":"","theme-transparent-header-meta":"","adv-header-id-meta":"","stick-header-meta":"","header-above-stick-meta":"","header-main-stick-meta":"","header-below-stick-meta":"","astra-migrate-meta-layouts":"default","ast-page-background-enabled":"default","ast-page-background-meta":{"desktop":{"background-color":"var(--ast-global-color-5)","background-image":"","background-repeat":"repeat","background-position":"center center","background-size":"auto","background-attachment":"scroll","background-type":"","background-media":"","overlay-type":"","overlay-color":"","overlay-opacity":"","overlay-gradient":""},"tablet":{"background-color":"","background-image":"","background-repeat":"repeat","background-position":"center center","background-size":"auto","background-attachment":"scroll","background-type":"","background-media":"","overlay-type":"","overlay-color":"","overlay-opacity":"","overlay-gradient":""},"mobile":{"background-color":"","background-image":"","background-repeat":"repeat","background-position":"center center","background-size":"auto","background-attachment":"scroll","background-type":"","background-media":"","overlay-type":"","overlay-color":"","overlay-opacity":"","overlay-gradient":""}},"ast-content-background-meta":{"desktop":{"background-color":"var(--ast-global-color-4)","background-image":"","background-repeat":"repeat","background-position":"center center","background-size":"auto","background-attachment":"scroll","background-type":"","background-media":"","overlay-type":"","overlay-color":"","overlay-opacity":"","overlay-gradient":""},"tablet":{"background-color":"var(--ast-global-color-4)","background-image":"","background-repeat":"repeat","background-position":"center center","background-size":"auto","background-attachment":"scroll","background-type":"","background-media":"","overlay-type":"","overlay-color":"","overlay-opacity":"","overlay-gradient":""},"mobile":{"background-color":"var(--ast-global-color-4)","background-image":"","background-repeat":"repeat","background-position":"center center","background-size":"auto","background-attachment":"scroll","background-type":"","background-media":"","overlay-type":"","overlay-color":"","overlay-opacity":"","overlay-gradient":""}},"footnotes":""},"categories":[1],"tags":[],"class_list":["post-6769","post","type-post","status-publish","format-standard","has-post-thumbnail","hentry","category-generale"],"gutentor_comment":0,"yoast_head":"<!-- This site is optimized with the Yoast SEO plugin v26.8 - https:\/\/yoast.com\/product\/yoast-seo-wordpress\/ -->\r\n<title>Emergenza terremoto in Turchia e Siria - Caritas Diocesana Bari-Bitonto<\/title>\r\n<meta name=\"description\" content=\"Una forte scossa di terremoto di magnitudo 7,9 ha colpito alle 4:17 del 6 febbraio scorso la zona al confine tra la Turchia e la Siria, con epicentro nel distretto Pazarc\u0131k di Kahramanmara\u015f. Dopo il terremoto si sono verificate molteplici scosse di assestamento, tra cui una molto forte, di magnitudo 7,7 ed una ulteriore di magnitudo 6,4 il 21 febbraio. Oltre 52mila i morti accertati, drammatica anche la condizione dei sopravvissuti, che hanno ancora bisogno di tutto, alle prese con le difficolt\u00e0 del reperimento di cibo e acqua, e per le condizioni climatiche non facili in molte zone montane.\" \/>\r\n<meta name=\"robots\" content=\"index, follow, max-snippet:-1, max-image-preview:large, max-video-preview:-1\" \/>\r\n<link rel=\"canonical\" href=\"https:\/\/www.caritasbaribitonto.it\/public\/home\/2023\/05\/emergenza-terremoto-in-turchia-e-siria-2\/\" \/>\r\n<meta property=\"og:locale\" content=\"it_IT\" \/>\r\n<meta property=\"og:type\" content=\"article\" \/>\r\n<meta property=\"og:title\" content=\"Emergenza terremoto in Turchia e Siria - Caritas Diocesana Bari-Bitonto\" \/>\r\n<meta property=\"og:description\" content=\"Una forte scossa di terremoto di magnitudo 7,9 ha colpito alle 4:17 del 6 febbraio scorso la zona al confine tra la Turchia e la Siria, con epicentro nel distretto Pazarc\u0131k di Kahramanmara\u015f. Dopo il terremoto si sono verificate molteplici scosse di assestamento, tra cui una molto forte, di magnitudo 7,7 ed una ulteriore di magnitudo 6,4 il 21 febbraio. Oltre 52mila i morti accertati, drammatica anche la condizione dei sopravvissuti, che hanno ancora bisogno di tutto, alle prese con le difficolt\u00e0 del reperimento di cibo e acqua, e per le condizioni climatiche non facili in molte zone montane.\" \/>\r\n<meta property=\"og:url\" content=\"https:\/\/www.caritasbaribitonto.it\/public\/home\/2023\/05\/emergenza-terremoto-in-turchia-e-siria-2\/\" \/>\r\n<meta property=\"og:site_name\" content=\"Caritas Diocesana Bari-Bitonto\" \/>\r\n<meta property=\"article:publisher\" content=\"https:\/\/www.facebook.com\/pages\/Caritas-Diocesana-Bari-Bitonto\/533981476753770\" \/>\r\n<meta property=\"article:published_time\" content=\"2023-05-05T18:53:08+00:00\" \/>\r\n<meta property=\"article:modified_time\" content=\"2023-05-05T18:54:32+00:00\" \/>\r\n<meta property=\"og:image\" content=\"https:\/\/www.caritasbaribitonto.it\/public\/home\/img\/uploads\/2023\/05\/locandina-Siria-Turchia-A3-354x500-1.jpg\" \/>\r\n\t<meta property=\"og:image:width\" content=\"354\" \/>\r\n\t<meta property=\"og:image:height\" content=\"500\" \/>\r\n\t<meta property=\"og:image:type\" content=\"image\/jpeg\" \/>\r\n<meta name=\"author\" content=\"Francesco Scuccumarri\" \/>\r\n<meta name=\"twitter:card\" content=\"summary_large_image\" \/>\r\n<meta name=\"twitter:label1\" content=\"Scritto da\" \/>\n\t<meta name=\"twitter:data1\" content=\"Francesco Scuccumarri\" \/>\n\t<meta name=\"twitter:label2\" content=\"Tempo di lettura stimato\" \/>\n\t<meta name=\"twitter:data2\" content=\"5 minuti\" \/>\r\n<script type=\"application\/ld+json\" class=\"yoast-schema-graph\">{\"@context\":\"https:\/\/schema.org\",\"@graph\":[{\"@type\":\"Article\",\"@id\":\"https:\/\/www.caritasbaribitonto.it\/public\/home\/2023\/05\/emergenza-terremoto-in-turchia-e-siria-2\/#article\",\"isPartOf\":{\"@id\":\"https:\/\/www.caritasbaribitonto.it\/public\/home\/2023\/05\/emergenza-terremoto-in-turchia-e-siria-2\/\"},\"author\":{\"name\":\"Francesco Scuccumarri\",\"@id\":\"https:\/\/www.caritasbaribitonto.it\/public\/home\/#\/schema\/person\/de7e3a3d8d999f73c0dc1f498f3aba63\"},\"headline\":\"Emergenza terremoto in Turchia e Siria\",\"datePublished\":\"2023-05-05T18:53:08+00:00\",\"dateModified\":\"2023-05-05T18:54:32+00:00\",\"mainEntityOfPage\":{\"@id\":\"https:\/\/www.caritasbaribitonto.it\/public\/home\/2023\/05\/emergenza-terremoto-in-turchia-e-siria-2\/\"},\"wordCount\":819,\"publisher\":{\"@id\":\"https:\/\/www.caritasbaribitonto.it\/public\/home\/#organization\"},\"image\":{\"@id\":\"https:\/\/www.caritasbaribitonto.it\/public\/home\/2023\/05\/emergenza-terremoto-in-turchia-e-siria-2\/#primaryimage\"},\"thumbnailUrl\":\"https:\/\/www.caritasbaribitonto.it\/public\/home\/img\/uploads\/2023\/05\/locandina-Siria-Turchia-A3-354x500-1.jpg\",\"articleSection\":[\"Generale\"],\"inLanguage\":\"it-IT\"},{\"@type\":\"WebPage\",\"@id\":\"https:\/\/www.caritasbaribitonto.it\/public\/home\/2023\/05\/emergenza-terremoto-in-turchia-e-siria-2\/\",\"url\":\"https:\/\/www.caritasbaribitonto.it\/public\/home\/2023\/05\/emergenza-terremoto-in-turchia-e-siria-2\/\",\"name\":\"Emergenza terremoto in Turchia e Siria - Caritas Diocesana Bari-Bitonto\",\"isPartOf\":{\"@id\":\"https:\/\/www.caritasbaribitonto.it\/public\/home\/#website\"},\"primaryImageOfPage\":{\"@id\":\"https:\/\/www.caritasbaribitonto.it\/public\/home\/2023\/05\/emergenza-terremoto-in-turchia-e-siria-2\/#primaryimage\"},\"image\":{\"@id\":\"https:\/\/www.caritasbaribitonto.it\/public\/home\/2023\/05\/emergenza-terremoto-in-turchia-e-siria-2\/#primaryimage\"},\"thumbnailUrl\":\"https:\/\/www.caritasbaribitonto.it\/public\/home\/img\/uploads\/2023\/05\/locandina-Siria-Turchia-A3-354x500-1.jpg\",\"datePublished\":\"2023-05-05T18:53:08+00:00\",\"dateModified\":\"2023-05-05T18:54:32+00:00\",\"description\":\"Una forte scossa di terremoto di magnitudo 7,9 ha colpito alle 4:17 del 6 febbraio scorso la zona al confine tra la Turchia e la Siria, con epicentro nel distretto Pazarc\u0131k di Kahramanmara\u015f. Dopo il terremoto si sono verificate molteplici scosse di assestamento, tra cui una molto forte, di magnitudo 7,7 ed una ulteriore di magnitudo 6,4 il 21 febbraio. Oltre 52mila i morti accertati, drammatica anche la condizione dei sopravvissuti, che hanno ancora bisogno di tutto, alle prese con le difficolt\u00e0 del reperimento di cibo e acqua, e per le condizioni climatiche non facili in molte zone montane.\",\"breadcrumb\":{\"@id\":\"https:\/\/www.caritasbaribitonto.it\/public\/home\/2023\/05\/emergenza-terremoto-in-turchia-e-siria-2\/#breadcrumb\"},\"inLanguage\":\"it-IT\",\"potentialAction\":[{\"@type\":\"ReadAction\",\"target\":[\"https:\/\/www.caritasbaribitonto.it\/public\/home\/2023\/05\/emergenza-terremoto-in-turchia-e-siria-2\/\"]}]},{\"@type\":\"ImageObject\",\"inLanguage\":\"it-IT\",\"@id\":\"https:\/\/www.caritasbaribitonto.it\/public\/home\/2023\/05\/emergenza-terremoto-in-turchia-e-siria-2\/#primaryimage\",\"url\":\"https:\/\/www.caritasbaribitonto.it\/public\/home\/img\/uploads\/2023\/05\/locandina-Siria-Turchia-A3-354x500-1.jpg\",\"contentUrl\":\"https:\/\/www.caritasbaribitonto.it\/public\/home\/img\/uploads\/2023\/05\/locandina-Siria-Turchia-A3-354x500-1.jpg\",\"width\":354,\"height\":500},{\"@type\":\"BreadcrumbList\",\"@id\":\"https:\/\/www.caritasbaribitonto.it\/public\/home\/2023\/05\/emergenza-terremoto-in-turchia-e-siria-2\/#breadcrumb\",\"itemListElement\":[{\"@type\":\"ListItem\",\"position\":1,\"name\":\"Home\",\"item\":\"https:\/\/www.caritasbaribitonto.it\/public\/home\/\"},{\"@type\":\"ListItem\",\"position\":2,\"name\":\"Emergenza terremoto in Turchia e Siria\"}]},{\"@type\":\"WebSite\",\"@id\":\"https:\/\/www.caritasbaribitonto.it\/public\/home\/#website\",\"url\":\"https:\/\/www.caritasbaribitonto.it\/public\/home\/\",\"name\":\"Caritas Diocesana Bari-Bitonto\",\"description\":\"I santi della porta accanto\",\"publisher\":{\"@id\":\"https:\/\/www.caritasbaribitonto.it\/public\/home\/#organization\"},\"potentialAction\":[{\"@type\":\"SearchAction\",\"target\":{\"@type\":\"EntryPoint\",\"urlTemplate\":\"https:\/\/www.caritasbaribitonto.it\/public\/home\/?s={search_term_string}\"},\"query-input\":{\"@type\":\"PropertyValueSpecification\",\"valueRequired\":true,\"valueName\":\"search_term_string\"}}],\"inLanguage\":\"it-IT\"},{\"@type\":\"Organization\",\"@id\":\"https:\/\/www.caritasbaribitonto.it\/public\/home\/#organization\",\"name\":\"Caritas Diocesana Bari-Bitonto\",\"url\":\"https:\/\/www.caritasbaribitonto.it\/public\/home\/\",\"logo\":{\"@type\":\"ImageObject\",\"inLanguage\":\"it-IT\",\"@id\":\"https:\/\/www.caritasbaribitonto.it\/public\/home\/#\/schema\/logo\/image\/\",\"url\":\"https:\/\/www.caritasbaribitonto.it\/public\/home\/img\/uploads\/2025\/02\/cropped-cropped-caritas2025_350x112.png\",\"contentUrl\":\"https:\/\/www.caritasbaribitonto.it\/public\/home\/img\/uploads\/2025\/02\/cropped-cropped-caritas2025_350x112.png\",\"width\":350,\"height\":112,\"caption\":\"Caritas Diocesana Bari-Bitonto\"},\"image\":{\"@id\":\"https:\/\/www.caritasbaribitonto.it\/public\/home\/#\/schema\/logo\/image\/\"},\"sameAs\":[\"https:\/\/www.facebook.com\/pages\/Caritas-Diocesana-Bari-Bitonto\/533981476753770\"]},{\"@type\":\"Person\",\"@id\":\"https:\/\/www.caritasbaribitonto.it\/public\/home\/#\/schema\/person\/de7e3a3d8d999f73c0dc1f498f3aba63\",\"name\":\"Francesco Scuccumarri\",\"image\":{\"@type\":\"ImageObject\",\"inLanguage\":\"it-IT\",\"@id\":\"https:\/\/www.caritasbaribitonto.it\/public\/home\/#\/schema\/person\/image\/\",\"url\":\"https:\/\/secure.gravatar.com\/avatar\/3b4c8a868287ae75acd7ca6fb7565abecb3408776095327052ebdd2ca70a0b21?s=96&d=identicon&r=g\",\"contentUrl\":\"https:\/\/secure.gravatar.com\/avatar\/3b4c8a868287ae75acd7ca6fb7565abecb3408776095327052ebdd2ca70a0b21?s=96&d=identicon&r=g\",\"caption\":\"Francesco Scuccumarri\"},\"url\":\"https:\/\/www.caritasbaribitonto.it\/public\/home\/author\/francesco\/\"}]}<\/script>\r\n<!-- \/ Yoast SEO plugin. -->","yoast_head_json":{"title":"Emergenza terremoto in Turchia e Siria - Caritas Diocesana Bari-Bitonto","description":"Una forte scossa di terremoto di magnitudo 7,9 ha colpito alle 4:17 del 6 febbraio scorso la zona al confine tra la Turchia e la Siria, con epicentro nel distretto Pazarc\u0131k di Kahramanmara\u015f. Dopo il terremoto si sono verificate molteplici scosse di assestamento, tra cui una molto forte, di magnitudo 7,7 ed una ulteriore di magnitudo 6,4 il 21 febbraio. Oltre 52mila i morti accertati, drammatica anche la condizione dei sopravvissuti, che hanno ancora bisogno di tutto, alle prese con le difficolt\u00e0 del reperimento di cibo e acqua, e per le condizioni climatiche non facili in molte zone montane.","robots":{"index":"index","follow":"follow","max-snippet":"max-snippet:-1","max-image-preview":"max-image-preview:large","max-video-preview":"max-video-preview:-1"},"canonical":"https:\/\/www.caritasbaribitonto.it\/public\/home\/2023\/05\/emergenza-terremoto-in-turchia-e-siria-2\/","og_locale":"it_IT","og_type":"article","og_title":"Emergenza terremoto in Turchia e Siria - Caritas Diocesana Bari-Bitonto","og_description":"Una forte scossa di terremoto di magnitudo 7,9 ha colpito alle 4:17 del 6 febbraio scorso la zona al confine tra la Turchia e la Siria, con epicentro nel distretto Pazarc\u0131k di Kahramanmara\u015f. Dopo il terremoto si sono verificate molteplici scosse di assestamento, tra cui una molto forte, di magnitudo 7,7 ed una ulteriore di magnitudo 6,4 il 21 febbraio. Oltre 52mila i morti accertati, drammatica anche la condizione dei sopravvissuti, che hanno ancora bisogno di tutto, alle prese con le difficolt\u00e0 del reperimento di cibo e acqua, e per le condizioni climatiche non facili in molte zone montane.","og_url":"https:\/\/www.caritasbaribitonto.it\/public\/home\/2023\/05\/emergenza-terremoto-in-turchia-e-siria-2\/","og_site_name":"Caritas Diocesana Bari-Bitonto","article_publisher":"https:\/\/www.facebook.com\/pages\/Caritas-Diocesana-Bari-Bitonto\/533981476753770","article_published_time":"2023-05-05T18:53:08+00:00","article_modified_time":"2023-05-05T18:54:32+00:00","og_image":[{"width":354,"height":500,"url":"https:\/\/www.caritasbaribitonto.it\/public\/home\/img\/uploads\/2023\/05\/locandina-Siria-Turchia-A3-354x500-1.jpg","type":"image\/jpeg"}],"author":"Francesco Scuccumarri","twitter_card":"summary_large_image","twitter_misc":{"Scritto da":"Francesco Scuccumarri","Tempo di lettura stimato":"5 minuti"},"schema":{"@context":"https:\/\/schema.org","@graph":[{"@type":"Article","@id":"https:\/\/www.caritasbaribitonto.it\/public\/home\/2023\/05\/emergenza-terremoto-in-turchia-e-siria-2\/#article","isPartOf":{"@id":"https:\/\/www.caritasbaribitonto.it\/public\/home\/2023\/05\/emergenza-terremoto-in-turchia-e-siria-2\/"},"author":{"name":"Francesco Scuccumarri","@id":"https:\/\/www.caritasbaribitonto.it\/public\/home\/#\/schema\/person\/de7e3a3d8d999f73c0dc1f498f3aba63"},"headline":"Emergenza terremoto in Turchia e Siria","datePublished":"2023-05-05T18:53:08+00:00","dateModified":"2023-05-05T18:54:32+00:00","mainEntityOfPage":{"@id":"https:\/\/www.caritasbaribitonto.it\/public\/home\/2023\/05\/emergenza-terremoto-in-turchia-e-siria-2\/"},"wordCount":819,"publisher":{"@id":"https:\/\/www.caritasbaribitonto.it\/public\/home\/#organization"},"image":{"@id":"https:\/\/www.caritasbaribitonto.it\/public\/home\/2023\/05\/emergenza-terremoto-in-turchia-e-siria-2\/#primaryimage"},"thumbnailUrl":"https:\/\/www.caritasbaribitonto.it\/public\/home\/img\/uploads\/2023\/05\/locandina-Siria-Turchia-A3-354x500-1.jpg","articleSection":["Generale"],"inLanguage":"it-IT"},{"@type":"WebPage","@id":"https:\/\/www.caritasbaribitonto.it\/public\/home\/2023\/05\/emergenza-terremoto-in-turchia-e-siria-2\/","url":"https:\/\/www.caritasbaribitonto.it\/public\/home\/2023\/05\/emergenza-terremoto-in-turchia-e-siria-2\/","name":"Emergenza terremoto in Turchia e Siria - Caritas Diocesana Bari-Bitonto","isPartOf":{"@id":"https:\/\/www.caritasbaribitonto.it\/public\/home\/#website"},"primaryImageOfPage":{"@id":"https:\/\/www.caritasbaribitonto.it\/public\/home\/2023\/05\/emergenza-terremoto-in-turchia-e-siria-2\/#primaryimage"},"image":{"@id":"https:\/\/www.caritasbaribitonto.it\/public\/home\/2023\/05\/emergenza-terremoto-in-turchia-e-siria-2\/#primaryimage"},"thumbnailUrl":"https:\/\/www.caritasbaribitonto.it\/public\/home\/img\/uploads\/2023\/05\/locandina-Siria-Turchia-A3-354x500-1.jpg","datePublished":"2023-05-05T18:53:08+00:00","dateModified":"2023-05-05T18:54:32+00:00","description":"Una forte scossa di terremoto di magnitudo 7,9 ha colpito alle 4:17 del 6 febbraio scorso la zona al confine tra la Turchia e la Siria, con epicentro nel distretto Pazarc\u0131k di Kahramanmara\u015f. Dopo il terremoto si sono verificate molteplici scosse di assestamento, tra cui una molto forte, di magnitudo 7,7 ed una ulteriore di magnitudo 6,4 il 21 febbraio. Oltre 52mila i morti accertati, drammatica anche la condizione dei sopravvissuti, che hanno ancora bisogno di tutto, alle prese con le difficolt\u00e0 del reperimento di cibo e acqua, e per le condizioni climatiche non facili in molte zone montane.","breadcrumb":{"@id":"https:\/\/www.caritasbaribitonto.it\/public\/home\/2023\/05\/emergenza-terremoto-in-turchia-e-siria-2\/#breadcrumb"},"inLanguage":"it-IT","potentialAction":[{"@type":"ReadAction","target":["https:\/\/www.caritasbaribitonto.it\/public\/home\/2023\/05\/emergenza-terremoto-in-turchia-e-siria-2\/"]}]},{"@type":"ImageObject","inLanguage":"it-IT","@id":"https:\/\/www.caritasbaribitonto.it\/public\/home\/2023\/05\/emergenza-terremoto-in-turchia-e-siria-2\/#primaryimage","url":"https:\/\/www.caritasbaribitonto.it\/public\/home\/img\/uploads\/2023\/05\/locandina-Siria-Turchia-A3-354x500-1.jpg","contentUrl":"https:\/\/www.caritasbaribitonto.it\/public\/home\/img\/uploads\/2023\/05\/locandina-Siria-Turchia-A3-354x500-1.jpg","width":354,"height":500},{"@type":"BreadcrumbList","@id":"https:\/\/www.caritasbaribitonto.it\/public\/home\/2023\/05\/emergenza-terremoto-in-turchia-e-siria-2\/#breadcrumb","itemListElement":[{"@type":"ListItem","position":1,"name":"Home","item":"https:\/\/www.caritasbaribitonto.it\/public\/home\/"},{"@type":"ListItem","position":2,"name":"Emergenza terremoto in Turchia e Siria"}]},{"@type":"WebSite","@id":"https:\/\/www.caritasbaribitonto.it\/public\/home\/#website","url":"https:\/\/www.caritasbaribitonto.it\/public\/home\/","name":"Caritas Diocesana Bari-Bitonto","description":"I santi della porta accanto","publisher":{"@id":"https:\/\/www.caritasbaribitonto.it\/public\/home\/#organization"},"potentialAction":[{"@type":"SearchAction","target":{"@type":"EntryPoint","urlTemplate":"https:\/\/www.caritasbaribitonto.it\/public\/home\/?s={search_term_string}"},"query-input":{"@type":"PropertyValueSpecification","valueRequired":true,"valueName":"search_term_string"}}],"inLanguage":"it-IT"},{"@type":"Organization","@id":"https:\/\/www.caritasbaribitonto.it\/public\/home\/#organization","name":"Caritas Diocesana Bari-Bitonto","url":"https:\/\/www.caritasbaribitonto.it\/public\/home\/","logo":{"@type":"ImageObject","inLanguage":"it-IT","@id":"https:\/\/www.caritasbaribitonto.it\/public\/home\/#\/schema\/logo\/image\/","url":"https:\/\/www.caritasbaribitonto.it\/public\/home\/img\/uploads\/2025\/02\/cropped-cropped-caritas2025_350x112.png","contentUrl":"https:\/\/www.caritasbaribitonto.it\/public\/home\/img\/uploads\/2025\/02\/cropped-cropped-caritas2025_350x112.png","width":350,"height":112,"caption":"Caritas Diocesana Bari-Bitonto"},"image":{"@id":"https:\/\/www.caritasbaribitonto.it\/public\/home\/#\/schema\/logo\/image\/"},"sameAs":["https:\/\/www.facebook.com\/pages\/Caritas-Diocesana-Bari-Bitonto\/533981476753770"]},{"@type":"Person","@id":"https:\/\/www.caritasbaribitonto.it\/public\/home\/#\/schema\/person\/de7e3a3d8d999f73c0dc1f498f3aba63","name":"Francesco Scuccumarri","image":{"@type":"ImageObject","inLanguage":"it-IT","@id":"https:\/\/www.caritasbaribitonto.it\/public\/home\/#\/schema\/person\/image\/","url":"https:\/\/secure.gravatar.com\/avatar\/3b4c8a868287ae75acd7ca6fb7565abecb3408776095327052ebdd2ca70a0b21?s=96&d=identicon&r=g","contentUrl":"https:\/\/secure.gravatar.com\/avatar\/3b4c8a868287ae75acd7ca6fb7565abecb3408776095327052ebdd2ca70a0b21?s=96&d=identicon&r=g","caption":"Francesco Scuccumarri"},"url":"https:\/\/www.caritasbaribitonto.it\/public\/home\/author\/francesco\/"}]}},"jetpack_featured_media_url":"https:\/\/www.caritasbaribitonto.it\/public\/home\/img\/uploads\/2023\/05\/locandina-Siria-Turchia-A3-354x500-1.jpg","uagb_featured_image_src":{"full":["https:\/\/www.caritasbaribitonto.it\/public\/home\/img\/uploads\/2023\/05\/locandina-Siria-Turchia-A3-354x500-1.jpg",354,500,false],"thumbnail":["https:\/\/www.caritasbaribitonto.it\/public\/home\/img\/uploads\/2023\/05\/locandina-Siria-Turchia-A3-354x500-1-150x150.jpg",150,150,true],"medium":["https:\/\/www.caritasbaribitonto.it\/public\/home\/img\/uploads\/2023\/05\/locandina-Siria-Turchia-A3-354x500-1-212x300.jpg",212,300,true],"medium_large":["https:\/\/www.caritasbaribitonto.it\/public\/home\/img\/uploads\/2023\/05\/locandina-Siria-Turchia-A3-354x500-1.jpg",354,500,false],"large":["https:\/\/www.caritasbaribitonto.it\/public\/home\/img\/uploads\/2023\/05\/locandina-Siria-Turchia-A3-354x500-1.jpg",354,500,false],"1536x1536":["https:\/\/www.caritasbaribitonto.it\/public\/home\/img\/uploads\/2023\/05\/locandina-Siria-Turchia-A3-354x500-1.jpg",354,500,false],"2048x2048":["https:\/\/www.caritasbaribitonto.it\/public\/home\/img\/uploads\/2023\/05\/locandina-Siria-Turchia-A3-354x500-1.jpg",354,500,false]},"uagb_author_info":{"display_name":"Francesco Scuccumarri","author_link":"https:\/\/www.caritasbaribitonto.it\/public\/home\/author\/francesco\/"},"uagb_comment_info":0,"uagb_excerpt":"Una forte scossa di terremoto di magnitudo 7,9 ha colpito alle 4:17 del 6 febbraio scorso la zona al confine [&hellip;]","_links":{"self":[{"href":"https:\/\/www.caritasbaribitonto.it\/public\/home\/wp-json\/wp\/v2\/posts\/6769","targetHints":{"allow":["GET"]}}],"collection":[{"href":"https:\/\/www.caritasbaribitonto.it\/public\/home\/wp-json\/wp\/v2\/posts"}],"about":[{"href":"https:\/\/www.caritasbaribitonto.it\/public\/home\/wp-json\/wp\/v2\/types\/post"}],"author":[{"embeddable":true,"href":"https:\/\/www.caritasbaribitonto.it\/public\/home\/wp-json\/wp\/v2\/users\/570"}],"replies":[{"embeddable":true,"href":"https:\/\/www.caritasbaribitonto.it\/public\/home\/wp-json\/wp\/v2\/comments?post=6769"}],"version-history":[{"count":0,"href":"https:\/\/www.caritasbaribitonto.it\/public\/home\/wp-json\/wp\/v2\/posts\/6769\/revisions"}],"wp:featuredmedia":[{"embeddable":true,"href":"https:\/\/www.caritasbaribitonto.it\/public\/home\/wp-json\/wp\/v2\/media\/6771"}],"wp:attachment":[{"href":"https:\/\/www.caritasbaribitonto.it\/public\/home\/wp-json\/wp\/v2\/media?parent=6769"}],"wp:term":[{"taxonomy":"category","embeddable":true,"href":"https:\/\/www.caritasbaribitonto.it\/public\/home\/wp-json\/wp\/v2\/categories?post=6769"},{"taxonomy":"post_tag","embeddable":true,"href":"https:\/\/www.caritasbaribitonto.it\/public\/home\/wp-json\/wp\/v2\/tags?post=6769"}],"curies":[{"name":"wp","href":"https:\/\/api.w.org\/{rel}","templated":true}]}}