{"id":658,"date":"2009-12-11T18:25:11","date_gmt":"2009-12-11T17:25:11","guid":{"rendered":"http:\/\/www.caritasbaribitonto.it\/public\/home\/?p=658"},"modified":"2009-12-19T10:31:53","modified_gmt":"2009-12-19T09:31:53","slug":"una-chiesa-senza-propaggini-13-dicembre-2009-iii-domenica-di-avvento","status":"publish","type":"post","link":"https:\/\/www.caritasbaribitonto.it\/public\/home\/2009\/12\/una-chiesa-senza-propaggini-13-dicembre-2009-iii-domenica-di-avvento\/","title":{"rendered":"Una chiesa senza propaggini \u2013 13 dicembre 2009 \u2013 III Domenica di Avvento"},"content":{"rendered":"<p><strong>Dal Vangelo secondo Luca (3,10-18)<\/strong><br \/>\n<img loading=\"lazy\" decoding=\"async\" class=\"alignleft\" src=\"http:\/\/caritasbaribitonto.it\/public\/home\/img\/avvento2009\/3avvento.png\" alt=\"\" width=\"119\" height=\"146\" \/> <em>In quel tempo, le folle interrogavano Giovanni, dicendo: \u00abChe cosa dobbiamo fare?\u00bb. Rispondeva loro: \u00abChi ha due tuniche, ne dia a chi non ne ha, e chi ha da mangiare, faccia altrettanto\u00bb.<br \/>\nVennero anche dei pubblicani a farsi battezzare e gli chiesero: \u00abMaestro, che cosa dobbiamo fare?\u00bb. Ed egli disse loro: \u00abNon esigete nulla di pi\u00f9 di quanto vi \u00e8 stato fissato\u00bb.<br \/>\nLo interrogavano anche alcuni soldati: \u00abE noi, che cosa dobbiamo fare?\u00bb. Rispose loro: \u00abNon maltrattate e non estorcete niente a nessuno; accontentatevi delle vostre paghe\u00bb.<br \/>\nPoich\u00e9 il popolo era in attesa e tutti, riguardo a Giovanni, si domandavano in cuor loro se non fosse lui il Cristo, Giovanni rispose a tutti dicendo: \u00abIo vi battezzo con acqua; ma viene colui che \u00e8 pi\u00f9 forte di me, a cui non sono degno di slegare i lacci dei sandali. Egli vi battezzer\u00e0 in Spirito Santo e fuoco. Tiene in mano la pala per pulire la sua aia e per raccogliere il frumento nel suo granaio; ma brucer\u00e0 la paglia con un fuoco inestinguibile\u00bb.<br \/>\nCon molte altre esortazioni Giovanni evangelizzava il popolo.<br \/>\n<\/em><\/p>\n<p style=\"text-align: center;\"><strong>UNA CHIESA SENZA PROPAGGINI <\/strong><\/p>\n<p>L\u2019interrogativo posto a Giovanni il Battista mostra chiaramente l\u2019incertezza dei contemporanei circa il da farsi per poter accogliere il Signore. Il Battista indica per tutti una strada concreta in cui operare per poter vivere l\u2019accoglienza.<br \/>\nAlle folle propone di dividere abiti e cibo; ai pubblicani di non procurarsi illecitamente il denaro, ma di vivere l\u2019eticit\u00e0 della propria professione; ai soldati di non usare la divisa come strumento di violenza o di estorsione.<br \/>\nAnche per noi \u00e8 tempo di compiere passi concreti per poter accogliere il Cristo. Non si tratta di inventarsi una sorta di azione caritativa in cui coinvolgere le comunit\u00e0 cristiane, ma di indicare un\u2019esperienza concreta in cui tutti devono sentirsi protagonisti per generare il Bambino di Betlemme. L\u2019impegno al servizio alle mense, all\u2019incontro verso chi \u00e8 solo e deluso non pu\u00f2 essere un di pi\u00f9 o un\u2019appendice della fede della comunit\u00e0, ma il modus concreto dell\u2019evangelizzazione.<br \/>\nDobbiamo imparare ad essere una \u201cchiesa delle concretizzazioni\u201d piuttosto che una \u201cchiesa delle appendici\u201d. Una chiesa che non vive la sua disponibilit\u00e0 solo di fronte alle emergenze. Una chiesa che sa essere viva quotidianamente ponendosi accanto a coloro che non hanno da mangiare, a coloro che necessitano di coprirsi, a chi \u00e8 vittima dell\u2019estorsione e dello stolking, a chi chiede di riprendersi dopo che la sua dignit\u00e0 \u00e8 stata infangata.<br \/>\nIl Natale richiama a non vivere di propaggini di fede o una fede come propaggine. Il Natale non \u00e8 un\u2019appendice della bont\u00e0, ma il modo concreto in cui quotidianamente far nascere e rinascere la vita in chi non riesce a dare un significato al proprio vivere.<br \/>\nPossa il Cristo Bambino renderci una \u201cchiesa senza appendici\u201d, rigorosamente impegnata nell\u2019amore verso gli altri, senza elemosinare le proprie potenzialit\u00e0.<\/p>\n<p>Il Direttore<\/p>\n<p>Don Antonio Ruccia<\/p>\n","protected":false},"excerpt":{"rendered":"<p>Dal Vangelo secondo Luca (3,10-18) In quel tempo, le folle interrogavano Giovanni, dicendo: \u00abChe cosa dobbiamo fare?\u00bb. Rispondeva loro: \u00abChi [&hellip;]<\/p>\n","protected":false},"author":1,"featured_media":0,"comment_status":"closed","ping_status":"open","sticky":false,"template":"","format":"standard","meta":{"_uag_custom_page_level_css":"","site-sidebar-layout":"default","site-content-layout":"","ast-site-content-layout":"default","site-content-style":"default","site-sidebar-style":"default","ast-global-header-display":"","ast-banner-title-visibility":"","ast-main-header-display":"","ast-hfb-above-header-display":"","ast-hfb-below-header-display":"","ast-hfb-mobile-header-display":"","site-post-title":"","ast-breadcrumbs-content":"","ast-featured-img":"","footer-sml-layout":"","theme-transparent-header-meta":"","adv-header-id-meta":"","stick-header-meta":"","header-above-stick-meta":"","header-main-stick-meta":"","header-below-stick-meta":"","astra-migrate-meta-layouts":"default","ast-page-background-enabled":"default","ast-page-background-meta":{"desktop":{"background-color":"var(--ast-global-color-5)","background-image":"","background-repeat":"repeat","background-position":"center center","background-size":"auto","background-attachment":"scroll","background-type":"","background-media":"","overlay-type":"","overlay-color":"","overlay-opacity":"","overlay-gradient":""},"tablet":{"background-color":"","background-image":"","background-repeat":"repeat","background-position":"center center","background-size":"auto","background-attachment":"scroll","background-type":"","background-media":"","overlay-type":"","overlay-color":"","overlay-opacity":"","overlay-gradient":""},"mobile":{"background-color":"","background-image":"","background-repeat":"repeat","background-position":"center center","background-size":"auto","background-attachment":"scroll","background-type":"","background-media":"","overlay-type":"","overlay-color":"","overlay-opacity":"","overlay-gradient":""}},"ast-content-background-meta":{"desktop":{"background-color":"var(--ast-global-color-4)","background-image":"","background-repeat":"repeat","background-position":"center center","background-size":"auto","background-attachment":"scroll","background-type":"","background-media":"","overlay-type":"","overlay-color":"","overlay-opacity":"","overlay-gradient":""},"tablet":{"background-color":"var(--ast-global-color-4)","background-image":"","background-repeat":"repeat","background-position":"center center","background-size":"auto","background-attachment":"scroll","background-type":"","background-media":"","overlay-type":"","overlay-color":"","overlay-opacity":"","overlay-gradient":""},"mobile":{"background-color":"var(--ast-global-color-4)","background-image":"","background-repeat":"repeat","background-position":"center center","background-size":"auto","background-attachment":"scroll","background-type":"","background-media":"","overlay-type":"","overlay-color":"","overlay-opacity":"","overlay-gradient":""}},"footnotes":""},"categories":[20],"tags":[35,48,56],"class_list":["post-658","post","type-post","status-publish","format-standard","hentry","category-commenti-vangelo","tag-commento-al-vangelo","tag-commento-al-vangelo-domenicale","tag-don-antonio"],"gutentor_comment":0,"yoast_head":"<!-- This site is optimized with the Yoast SEO plugin v26.8 - https:\/\/yoast.com\/product\/yoast-seo-wordpress\/ -->\r\n<title>Una chiesa senza propaggini \u2013 13 dicembre 2009 \u2013 III Domenica di Avvento - Caritas Diocesana Bari-Bitonto<\/title>\r\n<meta name=\"robots\" content=\"index, follow, max-snippet:-1, max-image-preview:large, max-video-preview:-1\" \/>\r\n<link rel=\"canonical\" href=\"https:\/\/www.caritasbaribitonto.it\/public\/home\/2009\/12\/una-chiesa-senza-propaggini-13-dicembre-2009-iii-domenica-di-avvento\/\" \/>\r\n<meta property=\"og:locale\" content=\"it_IT\" \/>\r\n<meta property=\"og:type\" content=\"article\" \/>\r\n<meta property=\"og:title\" content=\"Una chiesa senza propaggini \u2013 13 dicembre 2009 \u2013 III Domenica di Avvento - Caritas Diocesana Bari-Bitonto\" \/>\r\n<meta property=\"og:description\" content=\"Dal Vangelo secondo Luca (3,10-18) In quel tempo, le folle interrogavano Giovanni, dicendo: \u00abChe cosa dobbiamo fare?\u00bb. Rispondeva loro: \u00abChi [&hellip;]\" \/>\r\n<meta property=\"og:url\" content=\"https:\/\/www.caritasbaribitonto.it\/public\/home\/2009\/12\/una-chiesa-senza-propaggini-13-dicembre-2009-iii-domenica-di-avvento\/\" \/>\r\n<meta property=\"og:site_name\" content=\"Caritas Diocesana Bari-Bitonto\" \/>\r\n<meta property=\"article:publisher\" content=\"https:\/\/www.facebook.com\/pages\/Caritas-Diocesana-Bari-Bitonto\/533981476753770\" \/>\r\n<meta property=\"article:published_time\" content=\"2009-12-11T17:25:11+00:00\" \/>\r\n<meta property=\"article:modified_time\" content=\"2009-12-19T09:31:53+00:00\" \/>\r\n<meta property=\"og:image\" content=\"http:\/\/caritasbaribitonto.it\/public\/home\/img\/avvento2009\/3avvento.png\" \/>\r\n<meta name=\"author\" content=\"Giovanni Caputo\" \/>\r\n<meta name=\"twitter:card\" content=\"summary_large_image\" \/>\r\n<meta name=\"twitter:label1\" content=\"Scritto da\" \/>\n\t<meta name=\"twitter:data1\" content=\"Giovanni Caputo\" \/>\n\t<meta name=\"twitter:label2\" content=\"Tempo di lettura stimato\" \/>\n\t<meta name=\"twitter:data2\" content=\"2 minuti\" \/>\r\n<script type=\"application\/ld+json\" class=\"yoast-schema-graph\">{\"@context\":\"https:\/\/schema.org\",\"@graph\":[{\"@type\":\"Article\",\"@id\":\"https:\/\/www.caritasbaribitonto.it\/public\/home\/2009\/12\/una-chiesa-senza-propaggini-13-dicembre-2009-iii-domenica-di-avvento\/#article\",\"isPartOf\":{\"@id\":\"https:\/\/www.caritasbaribitonto.it\/public\/home\/2009\/12\/una-chiesa-senza-propaggini-13-dicembre-2009-iii-domenica-di-avvento\/\"},\"author\":{\"name\":\"Giovanni Caputo\",\"@id\":\"https:\/\/www.caritasbaribitonto.it\/public\/home\/#\/schema\/person\/06b333402b70fdadb662b68974e8c97a\"},\"headline\":\"Una chiesa senza propaggini \u2013 13 dicembre 2009 \u2013 III Domenica di Avvento\",\"datePublished\":\"2009-12-11T17:25:11+00:00\",\"dateModified\":\"2009-12-19T09:31:53+00:00\",\"mainEntityOfPage\":{\"@id\":\"https:\/\/www.caritasbaribitonto.it\/public\/home\/2009\/12\/una-chiesa-senza-propaggini-13-dicembre-2009-iii-domenica-di-avvento\/\"},\"wordCount\":493,\"publisher\":{\"@id\":\"https:\/\/www.caritasbaribitonto.it\/public\/home\/#organization\"},\"image\":{\"@id\":\"https:\/\/www.caritasbaribitonto.it\/public\/home\/2009\/12\/una-chiesa-senza-propaggini-13-dicembre-2009-iii-domenica-di-avvento\/#primaryimage\"},\"thumbnailUrl\":\"http:\/\/caritasbaribitonto.it\/public\/home\/img\/avvento2009\/3avvento.png\",\"keywords\":[\"commento al vangelo\",\"commento al vangelo domenicale\",\"don antonio\"],\"articleSection\":[\"Commenti Vangelo\"],\"inLanguage\":\"it-IT\"},{\"@type\":\"WebPage\",\"@id\":\"https:\/\/www.caritasbaribitonto.it\/public\/home\/2009\/12\/una-chiesa-senza-propaggini-13-dicembre-2009-iii-domenica-di-avvento\/\",\"url\":\"https:\/\/www.caritasbaribitonto.it\/public\/home\/2009\/12\/una-chiesa-senza-propaggini-13-dicembre-2009-iii-domenica-di-avvento\/\",\"name\":\"Una chiesa senza propaggini \u2013 13 dicembre 2009 \u2013 III Domenica di Avvento - Caritas Diocesana Bari-Bitonto\",\"isPartOf\":{\"@id\":\"https:\/\/www.caritasbaribitonto.it\/public\/home\/#website\"},\"primaryImageOfPage\":{\"@id\":\"https:\/\/www.caritasbaribitonto.it\/public\/home\/2009\/12\/una-chiesa-senza-propaggini-13-dicembre-2009-iii-domenica-di-avvento\/#primaryimage\"},\"image\":{\"@id\":\"https:\/\/www.caritasbaribitonto.it\/public\/home\/2009\/12\/una-chiesa-senza-propaggini-13-dicembre-2009-iii-domenica-di-avvento\/#primaryimage\"},\"thumbnailUrl\":\"http:\/\/caritasbaribitonto.it\/public\/home\/img\/avvento2009\/3avvento.png\",\"datePublished\":\"2009-12-11T17:25:11+00:00\",\"dateModified\":\"2009-12-19T09:31:53+00:00\",\"breadcrumb\":{\"@id\":\"https:\/\/www.caritasbaribitonto.it\/public\/home\/2009\/12\/una-chiesa-senza-propaggini-13-dicembre-2009-iii-domenica-di-avvento\/#breadcrumb\"},\"inLanguage\":\"it-IT\",\"potentialAction\":[{\"@type\":\"ReadAction\",\"target\":[\"https:\/\/www.caritasbaribitonto.it\/public\/home\/2009\/12\/una-chiesa-senza-propaggini-13-dicembre-2009-iii-domenica-di-avvento\/\"]}]},{\"@type\":\"ImageObject\",\"inLanguage\":\"it-IT\",\"@id\":\"https:\/\/www.caritasbaribitonto.it\/public\/home\/2009\/12\/una-chiesa-senza-propaggini-13-dicembre-2009-iii-domenica-di-avvento\/#primaryimage\",\"url\":\"http:\/\/caritasbaribitonto.it\/public\/home\/img\/avvento2009\/3avvento.png\",\"contentUrl\":\"http:\/\/caritasbaribitonto.it\/public\/home\/img\/avvento2009\/3avvento.png\"},{\"@type\":\"BreadcrumbList\",\"@id\":\"https:\/\/www.caritasbaribitonto.it\/public\/home\/2009\/12\/una-chiesa-senza-propaggini-13-dicembre-2009-iii-domenica-di-avvento\/#breadcrumb\",\"itemListElement\":[{\"@type\":\"ListItem\",\"position\":1,\"name\":\"Home\",\"item\":\"https:\/\/www.caritasbaribitonto.it\/public\/home\/\"},{\"@type\":\"ListItem\",\"position\":2,\"name\":\"Una chiesa senza propaggini \u2013 13 dicembre 2009 \u2013 III Domenica di Avvento\"}]},{\"@type\":\"WebSite\",\"@id\":\"https:\/\/www.caritasbaribitonto.it\/public\/home\/#website\",\"url\":\"https:\/\/www.caritasbaribitonto.it\/public\/home\/\",\"name\":\"Caritas Diocesana Bari-Bitonto\",\"description\":\"I santi della porta accanto\",\"publisher\":{\"@id\":\"https:\/\/www.caritasbaribitonto.it\/public\/home\/#organization\"},\"potentialAction\":[{\"@type\":\"SearchAction\",\"target\":{\"@type\":\"EntryPoint\",\"urlTemplate\":\"https:\/\/www.caritasbaribitonto.it\/public\/home\/?s={search_term_string}\"},\"query-input\":{\"@type\":\"PropertyValueSpecification\",\"valueRequired\":true,\"valueName\":\"search_term_string\"}}],\"inLanguage\":\"it-IT\"},{\"@type\":\"Organization\",\"@id\":\"https:\/\/www.caritasbaribitonto.it\/public\/home\/#organization\",\"name\":\"Caritas Diocesana Bari-Bitonto\",\"url\":\"https:\/\/www.caritasbaribitonto.it\/public\/home\/\",\"logo\":{\"@type\":\"ImageObject\",\"inLanguage\":\"it-IT\",\"@id\":\"https:\/\/www.caritasbaribitonto.it\/public\/home\/#\/schema\/logo\/image\/\",\"url\":\"https:\/\/www.caritasbaribitonto.it\/public\/home\/img\/uploads\/2025\/02\/cropped-cropped-caritas2025_350x112.png\",\"contentUrl\":\"https:\/\/www.caritasbaribitonto.it\/public\/home\/img\/uploads\/2025\/02\/cropped-cropped-caritas2025_350x112.png\",\"width\":350,\"height\":112,\"caption\":\"Caritas Diocesana Bari-Bitonto\"},\"image\":{\"@id\":\"https:\/\/www.caritasbaribitonto.it\/public\/home\/#\/schema\/logo\/image\/\"},\"sameAs\":[\"https:\/\/www.facebook.com\/pages\/Caritas-Diocesana-Bari-Bitonto\/533981476753770\"]},{\"@type\":\"Person\",\"@id\":\"https:\/\/www.caritasbaribitonto.it\/public\/home\/#\/schema\/person\/06b333402b70fdadb662b68974e8c97a\",\"name\":\"Giovanni Caputo\",\"image\":{\"@type\":\"ImageObject\",\"inLanguage\":\"it-IT\",\"@id\":\"https:\/\/www.caritasbaribitonto.it\/public\/home\/#\/schema\/person\/image\/\",\"url\":\"https:\/\/secure.gravatar.com\/avatar\/6c7e9d4e1e2394bfa4e38377bd0b5e03cbf0c79e27918e6497d3f408f89d0d3b?s=96&d=identicon&r=g\",\"contentUrl\":\"https:\/\/secure.gravatar.com\/avatar\/6c7e9d4e1e2394bfa4e38377bd0b5e03cbf0c79e27918e6497d3f408f89d0d3b?s=96&d=identicon&r=g\",\"caption\":\"Giovanni Caputo\"},\"url\":\"https:\/\/www.caritasbaribitonto.it\/public\/home\/author\/admin\/\"}]}<\/script>\r\n<!-- \/ Yoast SEO plugin. -->","yoast_head_json":{"title":"Una chiesa senza propaggini \u2013 13 dicembre 2009 \u2013 III Domenica di Avvento - Caritas Diocesana Bari-Bitonto","robots":{"index":"index","follow":"follow","max-snippet":"max-snippet:-1","max-image-preview":"max-image-preview:large","max-video-preview":"max-video-preview:-1"},"canonical":"https:\/\/www.caritasbaribitonto.it\/public\/home\/2009\/12\/una-chiesa-senza-propaggini-13-dicembre-2009-iii-domenica-di-avvento\/","og_locale":"it_IT","og_type":"article","og_title":"Una chiesa senza propaggini \u2013 13 dicembre 2009 \u2013 III Domenica di Avvento - Caritas Diocesana Bari-Bitonto","og_description":"Dal Vangelo secondo Luca (3,10-18) In quel tempo, le folle interrogavano Giovanni, dicendo: \u00abChe cosa dobbiamo fare?\u00bb. Rispondeva loro: \u00abChi [&hellip;]","og_url":"https:\/\/www.caritasbaribitonto.it\/public\/home\/2009\/12\/una-chiesa-senza-propaggini-13-dicembre-2009-iii-domenica-di-avvento\/","og_site_name":"Caritas Diocesana Bari-Bitonto","article_publisher":"https:\/\/www.facebook.com\/pages\/Caritas-Diocesana-Bari-Bitonto\/533981476753770","article_published_time":"2009-12-11T17:25:11+00:00","article_modified_time":"2009-12-19T09:31:53+00:00","og_image":[{"url":"http:\/\/caritasbaribitonto.it\/public\/home\/img\/avvento2009\/3avvento.png","type":"","width":"","height":""}],"author":"Giovanni Caputo","twitter_card":"summary_large_image","twitter_misc":{"Scritto da":"Giovanni Caputo","Tempo di lettura stimato":"2 minuti"},"schema":{"@context":"https:\/\/schema.org","@graph":[{"@type":"Article","@id":"https:\/\/www.caritasbaribitonto.it\/public\/home\/2009\/12\/una-chiesa-senza-propaggini-13-dicembre-2009-iii-domenica-di-avvento\/#article","isPartOf":{"@id":"https:\/\/www.caritasbaribitonto.it\/public\/home\/2009\/12\/una-chiesa-senza-propaggini-13-dicembre-2009-iii-domenica-di-avvento\/"},"author":{"name":"Giovanni Caputo","@id":"https:\/\/www.caritasbaribitonto.it\/public\/home\/#\/schema\/person\/06b333402b70fdadb662b68974e8c97a"},"headline":"Una chiesa senza propaggini \u2013 13 dicembre 2009 \u2013 III Domenica di Avvento","datePublished":"2009-12-11T17:25:11+00:00","dateModified":"2009-12-19T09:31:53+00:00","mainEntityOfPage":{"@id":"https:\/\/www.caritasbaribitonto.it\/public\/home\/2009\/12\/una-chiesa-senza-propaggini-13-dicembre-2009-iii-domenica-di-avvento\/"},"wordCount":493,"publisher":{"@id":"https:\/\/www.caritasbaribitonto.it\/public\/home\/#organization"},"image":{"@id":"https:\/\/www.caritasbaribitonto.it\/public\/home\/2009\/12\/una-chiesa-senza-propaggini-13-dicembre-2009-iii-domenica-di-avvento\/#primaryimage"},"thumbnailUrl":"http:\/\/caritasbaribitonto.it\/public\/home\/img\/avvento2009\/3avvento.png","keywords":["commento al vangelo","commento al vangelo domenicale","don antonio"],"articleSection":["Commenti Vangelo"],"inLanguage":"it-IT"},{"@type":"WebPage","@id":"https:\/\/www.caritasbaribitonto.it\/public\/home\/2009\/12\/una-chiesa-senza-propaggini-13-dicembre-2009-iii-domenica-di-avvento\/","url":"https:\/\/www.caritasbaribitonto.it\/public\/home\/2009\/12\/una-chiesa-senza-propaggini-13-dicembre-2009-iii-domenica-di-avvento\/","name":"Una chiesa senza propaggini \u2013 13 dicembre 2009 \u2013 III Domenica di Avvento - Caritas Diocesana Bari-Bitonto","isPartOf":{"@id":"https:\/\/www.caritasbaribitonto.it\/public\/home\/#website"},"primaryImageOfPage":{"@id":"https:\/\/www.caritasbaribitonto.it\/public\/home\/2009\/12\/una-chiesa-senza-propaggini-13-dicembre-2009-iii-domenica-di-avvento\/#primaryimage"},"image":{"@id":"https:\/\/www.caritasbaribitonto.it\/public\/home\/2009\/12\/una-chiesa-senza-propaggini-13-dicembre-2009-iii-domenica-di-avvento\/#primaryimage"},"thumbnailUrl":"http:\/\/caritasbaribitonto.it\/public\/home\/img\/avvento2009\/3avvento.png","datePublished":"2009-12-11T17:25:11+00:00","dateModified":"2009-12-19T09:31:53+00:00","breadcrumb":{"@id":"https:\/\/www.caritasbaribitonto.it\/public\/home\/2009\/12\/una-chiesa-senza-propaggini-13-dicembre-2009-iii-domenica-di-avvento\/#breadcrumb"},"inLanguage":"it-IT","potentialAction":[{"@type":"ReadAction","target":["https:\/\/www.caritasbaribitonto.it\/public\/home\/2009\/12\/una-chiesa-senza-propaggini-13-dicembre-2009-iii-domenica-di-avvento\/"]}]},{"@type":"ImageObject","inLanguage":"it-IT","@id":"https:\/\/www.caritasbaribitonto.it\/public\/home\/2009\/12\/una-chiesa-senza-propaggini-13-dicembre-2009-iii-domenica-di-avvento\/#primaryimage","url":"http:\/\/caritasbaribitonto.it\/public\/home\/img\/avvento2009\/3avvento.png","contentUrl":"http:\/\/caritasbaribitonto.it\/public\/home\/img\/avvento2009\/3avvento.png"},{"@type":"BreadcrumbList","@id":"https:\/\/www.caritasbaribitonto.it\/public\/home\/2009\/12\/una-chiesa-senza-propaggini-13-dicembre-2009-iii-domenica-di-avvento\/#breadcrumb","itemListElement":[{"@type":"ListItem","position":1,"name":"Home","item":"https:\/\/www.caritasbaribitonto.it\/public\/home\/"},{"@type":"ListItem","position":2,"name":"Una chiesa senza propaggini \u2013 13 dicembre 2009 \u2013 III Domenica di Avvento"}]},{"@type":"WebSite","@id":"https:\/\/www.caritasbaribitonto.it\/public\/home\/#website","url":"https:\/\/www.caritasbaribitonto.it\/public\/home\/","name":"Caritas Diocesana Bari-Bitonto","description":"I santi della porta accanto","publisher":{"@id":"https:\/\/www.caritasbaribitonto.it\/public\/home\/#organization"},"potentialAction":[{"@type":"SearchAction","target":{"@type":"EntryPoint","urlTemplate":"https:\/\/www.caritasbaribitonto.it\/public\/home\/?s={search_term_string}"},"query-input":{"@type":"PropertyValueSpecification","valueRequired":true,"valueName":"search_term_string"}}],"inLanguage":"it-IT"},{"@type":"Organization","@id":"https:\/\/www.caritasbaribitonto.it\/public\/home\/#organization","name":"Caritas Diocesana Bari-Bitonto","url":"https:\/\/www.caritasbaribitonto.it\/public\/home\/","logo":{"@type":"ImageObject","inLanguage":"it-IT","@id":"https:\/\/www.caritasbaribitonto.it\/public\/home\/#\/schema\/logo\/image\/","url":"https:\/\/www.caritasbaribitonto.it\/public\/home\/img\/uploads\/2025\/02\/cropped-cropped-caritas2025_350x112.png","contentUrl":"https:\/\/www.caritasbaribitonto.it\/public\/home\/img\/uploads\/2025\/02\/cropped-cropped-caritas2025_350x112.png","width":350,"height":112,"caption":"Caritas Diocesana Bari-Bitonto"},"image":{"@id":"https:\/\/www.caritasbaribitonto.it\/public\/home\/#\/schema\/logo\/image\/"},"sameAs":["https:\/\/www.facebook.com\/pages\/Caritas-Diocesana-Bari-Bitonto\/533981476753770"]},{"@type":"Person","@id":"https:\/\/www.caritasbaribitonto.it\/public\/home\/#\/schema\/person\/06b333402b70fdadb662b68974e8c97a","name":"Giovanni Caputo","image":{"@type":"ImageObject","inLanguage":"it-IT","@id":"https:\/\/www.caritasbaribitonto.it\/public\/home\/#\/schema\/person\/image\/","url":"https:\/\/secure.gravatar.com\/avatar\/6c7e9d4e1e2394bfa4e38377bd0b5e03cbf0c79e27918e6497d3f408f89d0d3b?s=96&d=identicon&r=g","contentUrl":"https:\/\/secure.gravatar.com\/avatar\/6c7e9d4e1e2394bfa4e38377bd0b5e03cbf0c79e27918e6497d3f408f89d0d3b?s=96&d=identicon&r=g","caption":"Giovanni Caputo"},"url":"https:\/\/www.caritasbaribitonto.it\/public\/home\/author\/admin\/"}]}},"jetpack_featured_media_url":"","uagb_featured_image_src":{"full":false,"thumbnail":false,"medium":false,"medium_large":false,"large":false,"1536x1536":false,"2048x2048":false},"uagb_author_info":{"display_name":"Giovanni Caputo","author_link":"https:\/\/www.caritasbaribitonto.it\/public\/home\/author\/admin\/"},"uagb_comment_info":0,"uagb_excerpt":"Dal Vangelo secondo Luca (3,10-18) In quel tempo, le folle interrogavano Giovanni, dicendo: \u00abChe cosa dobbiamo fare?\u00bb. Rispondeva loro: \u00abChi [&hellip;]","_links":{"self":[{"href":"https:\/\/www.caritasbaribitonto.it\/public\/home\/wp-json\/wp\/v2\/posts\/658","targetHints":{"allow":["GET"]}}],"collection":[{"href":"https:\/\/www.caritasbaribitonto.it\/public\/home\/wp-json\/wp\/v2\/posts"}],"about":[{"href":"https:\/\/www.caritasbaribitonto.it\/public\/home\/wp-json\/wp\/v2\/types\/post"}],"author":[{"embeddable":true,"href":"https:\/\/www.caritasbaribitonto.it\/public\/home\/wp-json\/wp\/v2\/users\/1"}],"replies":[{"embeddable":true,"href":"https:\/\/www.caritasbaribitonto.it\/public\/home\/wp-json\/wp\/v2\/comments?post=658"}],"version-history":[{"count":0,"href":"https:\/\/www.caritasbaribitonto.it\/public\/home\/wp-json\/wp\/v2\/posts\/658\/revisions"}],"wp:attachment":[{"href":"https:\/\/www.caritasbaribitonto.it\/public\/home\/wp-json\/wp\/v2\/media?parent=658"}],"wp:term":[{"taxonomy":"category","embeddable":true,"href":"https:\/\/www.caritasbaribitonto.it\/public\/home\/wp-json\/wp\/v2\/categories?post=658"},{"taxonomy":"post_tag","embeddable":true,"href":"https:\/\/www.caritasbaribitonto.it\/public\/home\/wp-json\/wp\/v2\/tags?post=658"}],"curies":[{"name":"wp","href":"https:\/\/api.w.org\/{rel}","templated":true}]}}