{"id":6039,"date":"2021-01-24T22:13:38","date_gmt":"2021-01-24T21:13:38","guid":{"rendered":"https:\/\/www.caritasbaribitonto.it\/public\/home\/?p=6039"},"modified":"2021-01-24T22:13:44","modified_gmt":"2021-01-24T21:13:44","slug":"prendi-il-largo-e-calate-le-reti-per-la-pesca-lc-54","status":"publish","type":"post","link":"https:\/\/www.caritasbaribitonto.it\/public\/home\/2021\/01\/prendi-il-largo-e-calate-le-reti-per-la-pesca-lc-54\/","title":{"rendered":"Prendi il largo e calate le reti per la pesca (Lc. 5,4)"},"content":{"rendered":"\n<p>La Caritas diocesana, raccogliendo i sentimenti di gratitudine di tutti gli operatori e volontari che, nelle parrocchie come anche nelle realt\u00e0 diocesane, vivono il servizio di carit\u00e0 a fianco dei fratelli e sorelle pi\u00f9 fragili, e in comunione con tutti i presbiteri e diaconi, con i religiosi, con gli altri uffici di curia, con affetto, saluta mons. Francesco Cacucci e d\u00e0 il benvenuto a mons. Giuseppe Satriano, nuovo Arcivescovo della Chiesa di Bari Bitonto.<\/p>\n\n\n\n<figure class=\"wp-block-image size-large\"><img loading=\"lazy\" decoding=\"async\" width=\"700\" height=\"400\" src=\"https:\/\/www.caritasbaribitonto.it\/public\/home\/img\/uploads\/2021\/01\/20210124_221023_0000.png\" alt=\"\" class=\"wp-image-6040\" srcset=\"https:\/\/www.caritasbaribitonto.it\/public\/home\/img\/uploads\/2021\/01\/20210124_221023_0000.png 700w, https:\/\/www.caritasbaribitonto.it\/public\/home\/img\/uploads\/2021\/01\/20210124_221023_0000-300x171.png 300w\" sizes=\"auto, (max-width: 700px) 100vw, 700px\" \/><\/figure>\n\n\n\n<p>Nel progetto pastorale mistagogico proposto da mons. Cacucci la carit\u00e0 \u00e8 un perno essenziale della vita comunitaria diocesana e parrocchiale non meno che la Liturgia e la Catechesi. Una dimensione sempre presente, sempre messa in evidenza e raccomandata, lontano da modalit\u00e0 vistose ma capace di scavare nel profondo e di porre gesti significativi. Una dimensione, quella della carit\u00e0, che realizza quanto celebrato e annunciato e connotata da una forte valenza pedagogica: essere carit\u00e0 anzitutto e non solo fare la carit\u00e0 \u00e8 stato il leit motiv di mons. Cacucci, ispirato dalla convinzione di Paolo VI circa la dimensione pedagogica-educativa.<\/p>\n\n\n\n<p>Come non gioire per la concreta vicinanza dimostrata nel grande mosaico della carit\u00e0 dove le singole tessere sono le parrocchie con i loro pastori, primo presidio dell\u2019attenzione ai poveri, le diverse esperienze di realt\u00e0 di accompagnamento per le persone che si trovano in difficolt\u00e0, dall\u2019accoglienza delle persone senza dimora presso il primo dormitorio \u201cdon Vito Diana\u201d, inaugurato all\u2019indomani del Congresso eucaristico, alle tante e diversificate attivit\u00e0 in favore di soggetti svantaggiati, dalle varie fondazioni che promuovono progetti sociosanitari, socioeducativi e socioculturali, l\u2019impegno contro l\u2019usura, alle diverse mense come alle numerose occasioni di formazione organizzate attraverso percorsi formativi.<br>Reti, come quelle dei pescatori di Galilea, che si riempiono, tuttavia, solo se insieme ci si affida alla Grazia del Figlio di Dio.<br>Come \u00e9quipe Caritas, non possiamo dimenticare quanta fiducia e sostegno ci \u00e8 stata riservata. Siamo stati amorevolmente affiancati, incoraggiati nella fatica, stimolati a continuare il nostro lavoro, anche nei momenti pi\u00f9 faticosi.<br>Ci permettiamo nel nostro grazie anche di inserire il grazie per il lavoro compiuto da quanti ci hanno preceduto negli anni di episcopato dell\u2019Arcivescovo Francesco, ringraziando il buon Dio per la dedizione generosa di don Dorino Angelillo con don Mimmo Lieggi, di don Antonio Ruccia, di suor Mariarosaria Imperatore<\/p>\n\n\n\n<p>Quanto realizzato, quanto nei progetti per il futuro, il frutto di questo fecondo ministero, consegniamo ora al nostro nuovo pastore, al quale diamo il benvenuto e la nostra piena disponibilit\u00e0 e docilit\u00e0 ad accogliere prospettive e passi da compiere, non facendo mancare il supporto della preghiera. Le sfide erano gi\u00e0 tante ma di certo questa emergenza pandemica provoca ascolto-sguardo-operativit\u00e0 a 360 gradi. Ci accompagna la consapevolezza di un cammino ecclesiale, vissuto insieme, seguendo le orme di nostro fratello Ges\u00f9 Cristo che vive e regna gi\u00e0 ora nei pi\u00f9 piccoli e fragili verso cui le nostre comunit\u00e0 sono chiamate a farsi solidali e inclusive sempre di pi\u00f9.<br>Siamo certi che, confidando nella Sua Grazia, e affidandoci all\u2019intercessione dei nostri santi Nicola e Sabino e di tanti santi della nostra terra che hanno servito e amato Dio nei pi\u00f9 poveri, non dimenticando mons. Giovanni Buono, don Vito Diana e don Cosimo Stellacci, continueremo a gettare le reti dalla parte giusta, quella del Vangelo, costruendo percorsi di accoglienza e di riconoscimento della dignit\u00e0 dei poveri, sforzandoci di essere una sola famiglia, che non lascia indietro nessuno, capace di cantare la Sua Misericordia in eterno.<\/p>\n\n\n\n<p>don Vito, Michela e Vito<br>con l\u2019equipe diocesana<\/p>\n","protected":false},"excerpt":{"rendered":"<p>La Caritas diocesana, raccogliendo i sentimenti di gratitudine di tutti gli operatori e volontari che, nelle parrocchie come anche nelle [&hellip;]<\/p>\n","protected":false},"author":1,"featured_media":6040,"comment_status":"closed","ping_status":"open","sticky":false,"template":"","format":"standard","meta":{"_uag_custom_page_level_css":"","site-sidebar-layout":"default","site-content-layout":"","ast-site-content-layout":"default","site-content-style":"default","site-sidebar-style":"default","ast-global-header-display":"","ast-banner-title-visibility":"","ast-main-header-display":"","ast-hfb-above-header-display":"","ast-hfb-below-header-display":"","ast-hfb-mobile-header-display":"","site-post-title":"","ast-breadcrumbs-content":"","ast-featured-img":"","footer-sml-layout":"","theme-transparent-header-meta":"","adv-header-id-meta":"","stick-header-meta":"","header-above-stick-meta":"","header-main-stick-meta":"","header-below-stick-meta":"","astra-migrate-meta-layouts":"default","ast-page-background-enabled":"default","ast-page-background-meta":{"desktop":{"background-color":"var(--ast-global-color-5)","background-image":"","background-repeat":"repeat","background-position":"center center","background-size":"auto","background-attachment":"scroll","background-type":"","background-media":"","overlay-type":"","overlay-color":"","overlay-opacity":"","overlay-gradient":""},"tablet":{"background-color":"","background-image":"","background-repeat":"repeat","background-position":"center center","background-size":"auto","background-attachment":"scroll","background-type":"","background-media":"","overlay-type":"","overlay-color":"","overlay-opacity":"","overlay-gradient":""},"mobile":{"background-color":"","background-image":"","background-repeat":"repeat","background-position":"center center","background-size":"auto","background-attachment":"scroll","background-type":"","background-media":"","overlay-type":"","overlay-color":"","overlay-opacity":"","overlay-gradient":""}},"ast-content-background-meta":{"desktop":{"background-color":"var(--ast-global-color-4)","background-image":"","background-repeat":"repeat","background-position":"center center","background-size":"auto","background-attachment":"scroll","background-type":"","background-media":"","overlay-type":"","overlay-color":"","overlay-opacity":"","overlay-gradient":""},"tablet":{"background-color":"var(--ast-global-color-4)","background-image":"","background-repeat":"repeat","background-position":"center center","background-size":"auto","background-attachment":"scroll","background-type":"","background-media":"","overlay-type":"","overlay-color":"","overlay-opacity":"","overlay-gradient":""},"mobile":{"background-color":"var(--ast-global-color-4)","background-image":"","background-repeat":"repeat","background-position":"center center","background-size":"auto","background-attachment":"scroll","background-type":"","background-media":"","overlay-type":"","overlay-color":"","overlay-opacity":"","overlay-gradient":""}},"footnotes":""},"categories":[212],"tags":[],"class_list":["post-6039","post","type-post","status-publish","format-standard","has-post-thumbnail","hentry","category-in-evidenza"],"gutentor_comment":0,"yoast_head":"<!-- This site is optimized with the Yoast SEO plugin v26.8 - https:\/\/yoast.com\/product\/yoast-seo-wordpress\/ -->\r\n<title>Prendi il largo e calate le reti per la pesca (Lc. 5,4) - Caritas Diocesana Bari-Bitonto<\/title>\r\n<meta name=\"robots\" content=\"index, follow, max-snippet:-1, max-image-preview:large, max-video-preview:-1\" \/>\r\n<link rel=\"canonical\" href=\"https:\/\/www.caritasbaribitonto.it\/public\/home\/2021\/01\/prendi-il-largo-e-calate-le-reti-per-la-pesca-lc-54\/\" \/>\r\n<meta property=\"og:locale\" content=\"it_IT\" \/>\r\n<meta property=\"og:type\" content=\"article\" \/>\r\n<meta property=\"og:title\" content=\"Prendi il largo e calate le reti per la pesca (Lc. 5,4) - Caritas Diocesana Bari-Bitonto\" \/>\r\n<meta property=\"og:description\" content=\"La Caritas diocesana, raccogliendo i sentimenti di gratitudine di tutti gli operatori e volontari che, nelle parrocchie come anche nelle [&hellip;]\" \/>\r\n<meta property=\"og:url\" content=\"https:\/\/www.caritasbaribitonto.it\/public\/home\/2021\/01\/prendi-il-largo-e-calate-le-reti-per-la-pesca-lc-54\/\" \/>\r\n<meta property=\"og:site_name\" content=\"Caritas Diocesana Bari-Bitonto\" \/>\r\n<meta property=\"article:publisher\" content=\"https:\/\/www.facebook.com\/pages\/Caritas-Diocesana-Bari-Bitonto\/533981476753770\" \/>\r\n<meta property=\"article:published_time\" content=\"2021-01-24T21:13:38+00:00\" \/>\r\n<meta property=\"article:modified_time\" content=\"2021-01-24T21:13:44+00:00\" \/>\r\n<meta property=\"og:image\" content=\"https:\/\/www.caritasbaribitonto.it\/public\/home\/img\/uploads\/2021\/01\/20210124_221023_0000.png\" \/>\r\n\t<meta property=\"og:image:width\" content=\"700\" \/>\r\n\t<meta property=\"og:image:height\" content=\"400\" \/>\r\n\t<meta property=\"og:image:type\" content=\"image\/png\" \/>\r\n<meta name=\"author\" content=\"Giovanni Caputo\" \/>\r\n<meta name=\"twitter:card\" content=\"summary_large_image\" \/>\r\n<meta name=\"twitter:label1\" content=\"Scritto da\" \/>\n\t<meta name=\"twitter:data1\" content=\"Giovanni Caputo\" \/>\n\t<meta name=\"twitter:label2\" content=\"Tempo di lettura stimato\" \/>\n\t<meta name=\"twitter:data2\" content=\"3 minuti\" \/>\r\n<script type=\"application\/ld+json\" class=\"yoast-schema-graph\">{\"@context\":\"https:\/\/schema.org\",\"@graph\":[{\"@type\":\"Article\",\"@id\":\"https:\/\/www.caritasbaribitonto.it\/public\/home\/2021\/01\/prendi-il-largo-e-calate-le-reti-per-la-pesca-lc-54\/#article\",\"isPartOf\":{\"@id\":\"https:\/\/www.caritasbaribitonto.it\/public\/home\/2021\/01\/prendi-il-largo-e-calate-le-reti-per-la-pesca-lc-54\/\"},\"author\":{\"name\":\"Giovanni Caputo\",\"@id\":\"https:\/\/www.caritasbaribitonto.it\/public\/home\/#\/schema\/person\/06b333402b70fdadb662b68974e8c97a\"},\"headline\":\"Prendi il largo e calate le reti per la pesca (Lc. 5,4)\",\"datePublished\":\"2021-01-24T21:13:38+00:00\",\"dateModified\":\"2021-01-24T21:13:44+00:00\",\"mainEntityOfPage\":{\"@id\":\"https:\/\/www.caritasbaribitonto.it\/public\/home\/2021\/01\/prendi-il-largo-e-calate-le-reti-per-la-pesca-lc-54\/\"},\"wordCount\":586,\"publisher\":{\"@id\":\"https:\/\/www.caritasbaribitonto.it\/public\/home\/#organization\"},\"image\":{\"@id\":\"https:\/\/www.caritasbaribitonto.it\/public\/home\/2021\/01\/prendi-il-largo-e-calate-le-reti-per-la-pesca-lc-54\/#primaryimage\"},\"thumbnailUrl\":\"https:\/\/www.caritasbaribitonto.it\/public\/home\/img\/uploads\/2021\/01\/20210124_221023_0000.png\",\"articleSection\":[\"In Evidenza\"],\"inLanguage\":\"it-IT\"},{\"@type\":\"WebPage\",\"@id\":\"https:\/\/www.caritasbaribitonto.it\/public\/home\/2021\/01\/prendi-il-largo-e-calate-le-reti-per-la-pesca-lc-54\/\",\"url\":\"https:\/\/www.caritasbaribitonto.it\/public\/home\/2021\/01\/prendi-il-largo-e-calate-le-reti-per-la-pesca-lc-54\/\",\"name\":\"Prendi il largo e calate le reti per la pesca (Lc. 5,4) - Caritas Diocesana Bari-Bitonto\",\"isPartOf\":{\"@id\":\"https:\/\/www.caritasbaribitonto.it\/public\/home\/#website\"},\"primaryImageOfPage\":{\"@id\":\"https:\/\/www.caritasbaribitonto.it\/public\/home\/2021\/01\/prendi-il-largo-e-calate-le-reti-per-la-pesca-lc-54\/#primaryimage\"},\"image\":{\"@id\":\"https:\/\/www.caritasbaribitonto.it\/public\/home\/2021\/01\/prendi-il-largo-e-calate-le-reti-per-la-pesca-lc-54\/#primaryimage\"},\"thumbnailUrl\":\"https:\/\/www.caritasbaribitonto.it\/public\/home\/img\/uploads\/2021\/01\/20210124_221023_0000.png\",\"datePublished\":\"2021-01-24T21:13:38+00:00\",\"dateModified\":\"2021-01-24T21:13:44+00:00\",\"breadcrumb\":{\"@id\":\"https:\/\/www.caritasbaribitonto.it\/public\/home\/2021\/01\/prendi-il-largo-e-calate-le-reti-per-la-pesca-lc-54\/#breadcrumb\"},\"inLanguage\":\"it-IT\",\"potentialAction\":[{\"@type\":\"ReadAction\",\"target\":[\"https:\/\/www.caritasbaribitonto.it\/public\/home\/2021\/01\/prendi-il-largo-e-calate-le-reti-per-la-pesca-lc-54\/\"]}]},{\"@type\":\"ImageObject\",\"inLanguage\":\"it-IT\",\"@id\":\"https:\/\/www.caritasbaribitonto.it\/public\/home\/2021\/01\/prendi-il-largo-e-calate-le-reti-per-la-pesca-lc-54\/#primaryimage\",\"url\":\"https:\/\/www.caritasbaribitonto.it\/public\/home\/img\/uploads\/2021\/01\/20210124_221023_0000.png\",\"contentUrl\":\"https:\/\/www.caritasbaribitonto.it\/public\/home\/img\/uploads\/2021\/01\/20210124_221023_0000.png\",\"width\":700,\"height\":400},{\"@type\":\"BreadcrumbList\",\"@id\":\"https:\/\/www.caritasbaribitonto.it\/public\/home\/2021\/01\/prendi-il-largo-e-calate-le-reti-per-la-pesca-lc-54\/#breadcrumb\",\"itemListElement\":[{\"@type\":\"ListItem\",\"position\":1,\"name\":\"Home\",\"item\":\"https:\/\/www.caritasbaribitonto.it\/public\/home\/\"},{\"@type\":\"ListItem\",\"position\":2,\"name\":\"Prendi il largo e calate le reti per la pesca (Lc. 5,4)\"}]},{\"@type\":\"WebSite\",\"@id\":\"https:\/\/www.caritasbaribitonto.it\/public\/home\/#website\",\"url\":\"https:\/\/www.caritasbaribitonto.it\/public\/home\/\",\"name\":\"Caritas Diocesana Bari-Bitonto\",\"description\":\"I santi della porta accanto\",\"publisher\":{\"@id\":\"https:\/\/www.caritasbaribitonto.it\/public\/home\/#organization\"},\"potentialAction\":[{\"@type\":\"SearchAction\",\"target\":{\"@type\":\"EntryPoint\",\"urlTemplate\":\"https:\/\/www.caritasbaribitonto.it\/public\/home\/?s={search_term_string}\"},\"query-input\":{\"@type\":\"PropertyValueSpecification\",\"valueRequired\":true,\"valueName\":\"search_term_string\"}}],\"inLanguage\":\"it-IT\"},{\"@type\":\"Organization\",\"@id\":\"https:\/\/www.caritasbaribitonto.it\/public\/home\/#organization\",\"name\":\"Caritas Diocesana Bari-Bitonto\",\"url\":\"https:\/\/www.caritasbaribitonto.it\/public\/home\/\",\"logo\":{\"@type\":\"ImageObject\",\"inLanguage\":\"it-IT\",\"@id\":\"https:\/\/www.caritasbaribitonto.it\/public\/home\/#\/schema\/logo\/image\/\",\"url\":\"https:\/\/www.caritasbaribitonto.it\/public\/home\/img\/uploads\/2025\/02\/cropped-cropped-caritas2025_350x112.png\",\"contentUrl\":\"https:\/\/www.caritasbaribitonto.it\/public\/home\/img\/uploads\/2025\/02\/cropped-cropped-caritas2025_350x112.png\",\"width\":350,\"height\":112,\"caption\":\"Caritas Diocesana Bari-Bitonto\"},\"image\":{\"@id\":\"https:\/\/www.caritasbaribitonto.it\/public\/home\/#\/schema\/logo\/image\/\"},\"sameAs\":[\"https:\/\/www.facebook.com\/pages\/Caritas-Diocesana-Bari-Bitonto\/533981476753770\"]},{\"@type\":\"Person\",\"@id\":\"https:\/\/www.caritasbaribitonto.it\/public\/home\/#\/schema\/person\/06b333402b70fdadb662b68974e8c97a\",\"name\":\"Giovanni Caputo\",\"image\":{\"@type\":\"ImageObject\",\"inLanguage\":\"it-IT\",\"@id\":\"https:\/\/www.caritasbaribitonto.it\/public\/home\/#\/schema\/person\/image\/\",\"url\":\"https:\/\/secure.gravatar.com\/avatar\/6c7e9d4e1e2394bfa4e38377bd0b5e03cbf0c79e27918e6497d3f408f89d0d3b?s=96&d=identicon&r=g\",\"contentUrl\":\"https:\/\/secure.gravatar.com\/avatar\/6c7e9d4e1e2394bfa4e38377bd0b5e03cbf0c79e27918e6497d3f408f89d0d3b?s=96&d=identicon&r=g\",\"caption\":\"Giovanni Caputo\"},\"url\":\"https:\/\/www.caritasbaribitonto.it\/public\/home\/author\/admin\/\"}]}<\/script>\r\n<!-- \/ Yoast SEO plugin. -->","yoast_head_json":{"title":"Prendi il largo e calate le reti per la pesca (Lc. 5,4) - Caritas Diocesana Bari-Bitonto","robots":{"index":"index","follow":"follow","max-snippet":"max-snippet:-1","max-image-preview":"max-image-preview:large","max-video-preview":"max-video-preview:-1"},"canonical":"https:\/\/www.caritasbaribitonto.it\/public\/home\/2021\/01\/prendi-il-largo-e-calate-le-reti-per-la-pesca-lc-54\/","og_locale":"it_IT","og_type":"article","og_title":"Prendi il largo e calate le reti per la pesca (Lc. 5,4) - Caritas Diocesana Bari-Bitonto","og_description":"La Caritas diocesana, raccogliendo i sentimenti di gratitudine di tutti gli operatori e volontari che, nelle parrocchie come anche nelle [&hellip;]","og_url":"https:\/\/www.caritasbaribitonto.it\/public\/home\/2021\/01\/prendi-il-largo-e-calate-le-reti-per-la-pesca-lc-54\/","og_site_name":"Caritas Diocesana Bari-Bitonto","article_publisher":"https:\/\/www.facebook.com\/pages\/Caritas-Diocesana-Bari-Bitonto\/533981476753770","article_published_time":"2021-01-24T21:13:38+00:00","article_modified_time":"2021-01-24T21:13:44+00:00","og_image":[{"width":700,"height":400,"url":"https:\/\/www.caritasbaribitonto.it\/public\/home\/img\/uploads\/2021\/01\/20210124_221023_0000.png","type":"image\/png"}],"author":"Giovanni Caputo","twitter_card":"summary_large_image","twitter_misc":{"Scritto da":"Giovanni Caputo","Tempo di lettura stimato":"3 minuti"},"schema":{"@context":"https:\/\/schema.org","@graph":[{"@type":"Article","@id":"https:\/\/www.caritasbaribitonto.it\/public\/home\/2021\/01\/prendi-il-largo-e-calate-le-reti-per-la-pesca-lc-54\/#article","isPartOf":{"@id":"https:\/\/www.caritasbaribitonto.it\/public\/home\/2021\/01\/prendi-il-largo-e-calate-le-reti-per-la-pesca-lc-54\/"},"author":{"name":"Giovanni Caputo","@id":"https:\/\/www.caritasbaribitonto.it\/public\/home\/#\/schema\/person\/06b333402b70fdadb662b68974e8c97a"},"headline":"Prendi il largo e calate le reti per la pesca (Lc. 5,4)","datePublished":"2021-01-24T21:13:38+00:00","dateModified":"2021-01-24T21:13:44+00:00","mainEntityOfPage":{"@id":"https:\/\/www.caritasbaribitonto.it\/public\/home\/2021\/01\/prendi-il-largo-e-calate-le-reti-per-la-pesca-lc-54\/"},"wordCount":586,"publisher":{"@id":"https:\/\/www.caritasbaribitonto.it\/public\/home\/#organization"},"image":{"@id":"https:\/\/www.caritasbaribitonto.it\/public\/home\/2021\/01\/prendi-il-largo-e-calate-le-reti-per-la-pesca-lc-54\/#primaryimage"},"thumbnailUrl":"https:\/\/www.caritasbaribitonto.it\/public\/home\/img\/uploads\/2021\/01\/20210124_221023_0000.png","articleSection":["In Evidenza"],"inLanguage":"it-IT"},{"@type":"WebPage","@id":"https:\/\/www.caritasbaribitonto.it\/public\/home\/2021\/01\/prendi-il-largo-e-calate-le-reti-per-la-pesca-lc-54\/","url":"https:\/\/www.caritasbaribitonto.it\/public\/home\/2021\/01\/prendi-il-largo-e-calate-le-reti-per-la-pesca-lc-54\/","name":"Prendi il largo e calate le reti per la pesca (Lc. 5,4) - Caritas Diocesana Bari-Bitonto","isPartOf":{"@id":"https:\/\/www.caritasbaribitonto.it\/public\/home\/#website"},"primaryImageOfPage":{"@id":"https:\/\/www.caritasbaribitonto.it\/public\/home\/2021\/01\/prendi-il-largo-e-calate-le-reti-per-la-pesca-lc-54\/#primaryimage"},"image":{"@id":"https:\/\/www.caritasbaribitonto.it\/public\/home\/2021\/01\/prendi-il-largo-e-calate-le-reti-per-la-pesca-lc-54\/#primaryimage"},"thumbnailUrl":"https:\/\/www.caritasbaribitonto.it\/public\/home\/img\/uploads\/2021\/01\/20210124_221023_0000.png","datePublished":"2021-01-24T21:13:38+00:00","dateModified":"2021-01-24T21:13:44+00:00","breadcrumb":{"@id":"https:\/\/www.caritasbaribitonto.it\/public\/home\/2021\/01\/prendi-il-largo-e-calate-le-reti-per-la-pesca-lc-54\/#breadcrumb"},"inLanguage":"it-IT","potentialAction":[{"@type":"ReadAction","target":["https:\/\/www.caritasbaribitonto.it\/public\/home\/2021\/01\/prendi-il-largo-e-calate-le-reti-per-la-pesca-lc-54\/"]}]},{"@type":"ImageObject","inLanguage":"it-IT","@id":"https:\/\/www.caritasbaribitonto.it\/public\/home\/2021\/01\/prendi-il-largo-e-calate-le-reti-per-la-pesca-lc-54\/#primaryimage","url":"https:\/\/www.caritasbaribitonto.it\/public\/home\/img\/uploads\/2021\/01\/20210124_221023_0000.png","contentUrl":"https:\/\/www.caritasbaribitonto.it\/public\/home\/img\/uploads\/2021\/01\/20210124_221023_0000.png","width":700,"height":400},{"@type":"BreadcrumbList","@id":"https:\/\/www.caritasbaribitonto.it\/public\/home\/2021\/01\/prendi-il-largo-e-calate-le-reti-per-la-pesca-lc-54\/#breadcrumb","itemListElement":[{"@type":"ListItem","position":1,"name":"Home","item":"https:\/\/www.caritasbaribitonto.it\/public\/home\/"},{"@type":"ListItem","position":2,"name":"Prendi il largo e calate le reti per la pesca (Lc. 5,4)"}]},{"@type":"WebSite","@id":"https:\/\/www.caritasbaribitonto.it\/public\/home\/#website","url":"https:\/\/www.caritasbaribitonto.it\/public\/home\/","name":"Caritas Diocesana Bari-Bitonto","description":"I santi della porta accanto","publisher":{"@id":"https:\/\/www.caritasbaribitonto.it\/public\/home\/#organization"},"potentialAction":[{"@type":"SearchAction","target":{"@type":"EntryPoint","urlTemplate":"https:\/\/www.caritasbaribitonto.it\/public\/home\/?s={search_term_string}"},"query-input":{"@type":"PropertyValueSpecification","valueRequired":true,"valueName":"search_term_string"}}],"inLanguage":"it-IT"},{"@type":"Organization","@id":"https:\/\/www.caritasbaribitonto.it\/public\/home\/#organization","name":"Caritas Diocesana Bari-Bitonto","url":"https:\/\/www.caritasbaribitonto.it\/public\/home\/","logo":{"@type":"ImageObject","inLanguage":"it-IT","@id":"https:\/\/www.caritasbaribitonto.it\/public\/home\/#\/schema\/logo\/image\/","url":"https:\/\/www.caritasbaribitonto.it\/public\/home\/img\/uploads\/2025\/02\/cropped-cropped-caritas2025_350x112.png","contentUrl":"https:\/\/www.caritasbaribitonto.it\/public\/home\/img\/uploads\/2025\/02\/cropped-cropped-caritas2025_350x112.png","width":350,"height":112,"caption":"Caritas Diocesana Bari-Bitonto"},"image":{"@id":"https:\/\/www.caritasbaribitonto.it\/public\/home\/#\/schema\/logo\/image\/"},"sameAs":["https:\/\/www.facebook.com\/pages\/Caritas-Diocesana-Bari-Bitonto\/533981476753770"]},{"@type":"Person","@id":"https:\/\/www.caritasbaribitonto.it\/public\/home\/#\/schema\/person\/06b333402b70fdadb662b68974e8c97a","name":"Giovanni Caputo","image":{"@type":"ImageObject","inLanguage":"it-IT","@id":"https:\/\/www.caritasbaribitonto.it\/public\/home\/#\/schema\/person\/image\/","url":"https:\/\/secure.gravatar.com\/avatar\/6c7e9d4e1e2394bfa4e38377bd0b5e03cbf0c79e27918e6497d3f408f89d0d3b?s=96&d=identicon&r=g","contentUrl":"https:\/\/secure.gravatar.com\/avatar\/6c7e9d4e1e2394bfa4e38377bd0b5e03cbf0c79e27918e6497d3f408f89d0d3b?s=96&d=identicon&r=g","caption":"Giovanni Caputo"},"url":"https:\/\/www.caritasbaribitonto.it\/public\/home\/author\/admin\/"}]}},"jetpack_featured_media_url":"https:\/\/www.caritasbaribitonto.it\/public\/home\/img\/uploads\/2021\/01\/20210124_221023_0000.png","uagb_featured_image_src":{"full":["https:\/\/www.caritasbaribitonto.it\/public\/home\/img\/uploads\/2021\/01\/20210124_221023_0000.png",700,400,false],"thumbnail":["https:\/\/www.caritasbaribitonto.it\/public\/home\/img\/uploads\/2021\/01\/20210124_221023_0000-150x150.png",150,150,true],"medium":["https:\/\/www.caritasbaribitonto.it\/public\/home\/img\/uploads\/2021\/01\/20210124_221023_0000-300x171.png",300,171,true],"medium_large":["https:\/\/www.caritasbaribitonto.it\/public\/home\/img\/uploads\/2021\/01\/20210124_221023_0000.png",700,400,false],"large":["https:\/\/www.caritasbaribitonto.it\/public\/home\/img\/uploads\/2021\/01\/20210124_221023_0000.png",700,400,false],"1536x1536":["https:\/\/www.caritasbaribitonto.it\/public\/home\/img\/uploads\/2021\/01\/20210124_221023_0000.png",700,400,false],"2048x2048":["https:\/\/www.caritasbaribitonto.it\/public\/home\/img\/uploads\/2021\/01\/20210124_221023_0000.png",700,400,false]},"uagb_author_info":{"display_name":"Giovanni Caputo","author_link":"https:\/\/www.caritasbaribitonto.it\/public\/home\/author\/admin\/"},"uagb_comment_info":0,"uagb_excerpt":"La Caritas diocesana, raccogliendo i sentimenti di gratitudine di tutti gli operatori e volontari che, nelle parrocchie come anche nelle [&hellip;]","_links":{"self":[{"href":"https:\/\/www.caritasbaribitonto.it\/public\/home\/wp-json\/wp\/v2\/posts\/6039","targetHints":{"allow":["GET"]}}],"collection":[{"href":"https:\/\/www.caritasbaribitonto.it\/public\/home\/wp-json\/wp\/v2\/posts"}],"about":[{"href":"https:\/\/www.caritasbaribitonto.it\/public\/home\/wp-json\/wp\/v2\/types\/post"}],"author":[{"embeddable":true,"href":"https:\/\/www.caritasbaribitonto.it\/public\/home\/wp-json\/wp\/v2\/users\/1"}],"replies":[{"embeddable":true,"href":"https:\/\/www.caritasbaribitonto.it\/public\/home\/wp-json\/wp\/v2\/comments?post=6039"}],"version-history":[{"count":0,"href":"https:\/\/www.caritasbaribitonto.it\/public\/home\/wp-json\/wp\/v2\/posts\/6039\/revisions"}],"wp:featuredmedia":[{"embeddable":true,"href":"https:\/\/www.caritasbaribitonto.it\/public\/home\/wp-json\/wp\/v2\/media\/6040"}],"wp:attachment":[{"href":"https:\/\/www.caritasbaribitonto.it\/public\/home\/wp-json\/wp\/v2\/media?parent=6039"}],"wp:term":[{"taxonomy":"category","embeddable":true,"href":"https:\/\/www.caritasbaribitonto.it\/public\/home\/wp-json\/wp\/v2\/categories?post=6039"},{"taxonomy":"post_tag","embeddable":true,"href":"https:\/\/www.caritasbaribitonto.it\/public\/home\/wp-json\/wp\/v2\/tags?post=6039"}],"curies":[{"name":"wp","href":"https:\/\/api.w.org\/{rel}","templated":true}]}}