{"id":5761,"date":"2020-04-11T22:38:44","date_gmt":"2020-04-11T20:38:44","guid":{"rendered":"https:\/\/www.caritasbaribitonto.it\/public\/home\/?p=5761"},"modified":"2020-04-11T22:38:52","modified_gmt":"2020-04-11T20:38:52","slug":"dona-un-tablet-a-un-ragazzo-in-difficolta-per-sostenere-la-didattica-a-distanza","status":"publish","type":"post","link":"https:\/\/www.caritasbaribitonto.it\/public\/home\/2020\/04\/dona-un-tablet-a-un-ragazzo-in-difficolta-per-sostenere-la-didattica-a-distanza\/","title":{"rendered":"Dona un tablet a un ragazzo in difficolt\u00e0 per sostenere la didattica a distanza"},"content":{"rendered":"\n<p>Carissimi, <br> l\u2019epidemia da Coronavirus ha cambiato la quotidianit\u00e0 di tutti noi e soprattutto di numerosi ragazzi che da un giorno all\u2019altro si sono ritrovati a passare le loro giornate in casa. <\/p>\n\n\n\n<div class=\"wp-block-image\"><figure class=\"alignright size-medium\"><img loading=\"lazy\" decoding=\"async\" width=\"212\" height=\"300\" src=\"https:\/\/www.caritasbaribitonto.it\/public\/home\/img\/uploads\/2020\/04\/20200411_221811_0000-212x300.png\" alt=\"\" class=\"wp-image-5762\" srcset=\"https:\/\/www.caritasbaribitonto.it\/public\/home\/img\/uploads\/2020\/04\/20200411_221811_0000-212x300.png 212w, https:\/\/www.caritasbaribitonto.it\/public\/home\/img\/uploads\/2020\/04\/20200411_221811_0000-724x1024.png 724w, https:\/\/www.caritasbaribitonto.it\/public\/home\/img\/uploads\/2020\/04\/20200411_221811_0000-768x1086.png 768w, https:\/\/www.caritasbaribitonto.it\/public\/home\/img\/uploads\/2020\/04\/20200411_221811_0000-1086x1536.png 1086w, https:\/\/www.caritasbaribitonto.it\/public\/home\/img\/uploads\/2020\/04\/20200411_221811_0000-1448x2048.png 1448w, https:\/\/www.caritasbaribitonto.it\/public\/home\/img\/uploads\/2020\/04\/20200411_221811_0000.png 1587w\" sizes=\"auto, (max-width: 212px) 100vw, 212px\" \/><\/figure><\/div>\n\n\n\n<p>L\u2019emergenza sanitaria in atto ha infatti determinato la chiusura di scuole ed universit\u00e0 ma dirigenti e docenti si sono impegnati per garantire, nell\u2019immediato, progetti di didattica online per permettere a grandi e piccoli di completare l\u2019anno scolastico.<\/p>\n\n\n\n<p>Questa nuova modalit\u00e0 di didattica, seppur efficace, necessit\u00e0 per\u00f2 di specifici strumenti per poter funzionare ma molto spesso scuole e famiglie, a causa anche del grave disagio economico, non sono in grado di garantire ai propri ragazzi i dispositivi individuali necessari.<\/p>\n\n\n\n<p> Di qui il desiderio della Caritas diocesana di promuovere un\u2019iniziativa volta a facilitare l\u2019accesso a questi strumenti a coloro che si trovano in difficolt\u00e0. <\/p>\n\n\n\n<p>A tal proposito ancora una volta facciamo appello alla generosit\u00e0 di tutti coloro che vorranno donare un tablet piuttosto che l\u2019equivalente in denaro che sar\u00e0 devoluto per l\u2019acquisto di questi mezzi in favore di famiglie e\/o istituti scolastici che non sono nelle condizioni di poterli offrire ai propri ragazzi. <\/p>\n\n\n\n<p>Grazie di cuore per quanto vorrete fare. <br> Auguriamo a voi, alle vostre realt\u00e0 e  alla vostre famiglia ogni bene.<br> Il Signore ci benedice.<\/p>\n","protected":false},"excerpt":{"rendered":"<p>Carissimi, l\u2019epidemia da Coronavirus ha cambiato la quotidianit\u00e0 di tutti noi e soprattutto di numerosi ragazzi che da un giorno [&hellip;]<\/p>\n","protected":false},"author":1,"featured_media":5762,"comment_status":"closed","ping_status":"open","sticky":false,"template":"","format":"standard","meta":{"_uag_custom_page_level_css":"","site-sidebar-layout":"default","site-content-layout":"","ast-site-content-layout":"default","site-content-style":"default","site-sidebar-style":"default","ast-global-header-display":"","ast-banner-title-visibility":"","ast-main-header-display":"","ast-hfb-above-header-display":"","ast-hfb-below-header-display":"","ast-hfb-mobile-header-display":"","site-post-title":"","ast-breadcrumbs-content":"","ast-featured-img":"","footer-sml-layout":"","theme-transparent-header-meta":"","adv-header-id-meta":"","stick-header-meta":"","header-above-stick-meta":"","header-main-stick-meta":"","header-below-stick-meta":"","astra-migrate-meta-layouts":"default","ast-page-background-enabled":"default","ast-page-background-meta":{"desktop":{"background-color":"var(--ast-global-color-5)","background-image":"","background-repeat":"repeat","background-position":"center center","background-size":"auto","background-attachment":"scroll","background-type":"","background-media":"","overlay-type":"","overlay-color":"","overlay-opacity":"","overlay-gradient":""},"tablet":{"background-color":"","background-image":"","background-repeat":"repeat","background-position":"center center","background-size":"auto","background-attachment":"scroll","background-type":"","background-media":"","overlay-type":"","overlay-color":"","overlay-opacity":"","overlay-gradient":""},"mobile":{"background-color":"","background-image":"","background-repeat":"repeat","background-position":"center center","background-size":"auto","background-attachment":"scroll","background-type":"","background-media":"","overlay-type":"","overlay-color":"","overlay-opacity":"","overlay-gradient":""}},"ast-content-background-meta":{"desktop":{"background-color":"var(--ast-global-color-4)","background-image":"","background-repeat":"repeat","background-position":"center center","background-size":"auto","background-attachment":"scroll","background-type":"","background-media":"","overlay-type":"","overlay-color":"","overlay-opacity":"","overlay-gradient":""},"tablet":{"background-color":"var(--ast-global-color-4)","background-image":"","background-repeat":"repeat","background-position":"center center","background-size":"auto","background-attachment":"scroll","background-type":"","background-media":"","overlay-type":"","overlay-color":"","overlay-opacity":"","overlay-gradient":""},"mobile":{"background-color":"var(--ast-global-color-4)","background-image":"","background-repeat":"repeat","background-position":"center center","background-size":"auto","background-attachment":"scroll","background-type":"","background-media":"","overlay-type":"","overlay-color":"","overlay-opacity":"","overlay-gradient":""}},"footnotes":""},"categories":[212,214],"tags":[],"class_list":["post-5761","post","type-post","status-publish","format-standard","has-post-thumbnail","hentry","category-in-evidenza","category-iniziative"],"gutentor_comment":0,"yoast_head":"<!-- This site is optimized with the Yoast SEO plugin v26.8 - https:\/\/yoast.com\/product\/yoast-seo-wordpress\/ -->\r\n<title>Dona un tablet a un ragazzo in difficolt\u00e0 per sostenere la didattica a distanza - Caritas Diocesana Bari-Bitonto<\/title>\r\n<meta name=\"robots\" content=\"index, follow, max-snippet:-1, max-image-preview:large, max-video-preview:-1\" \/>\r\n<link rel=\"canonical\" href=\"https:\/\/www.caritasbaribitonto.it\/public\/home\/2020\/04\/dona-un-tablet-a-un-ragazzo-in-difficolta-per-sostenere-la-didattica-a-distanza\/\" \/>\r\n<meta property=\"og:locale\" content=\"it_IT\" \/>\r\n<meta property=\"og:type\" content=\"article\" \/>\r\n<meta property=\"og:title\" content=\"Dona un tablet a un ragazzo in difficolt\u00e0 per sostenere la didattica a distanza - Caritas Diocesana Bari-Bitonto\" \/>\r\n<meta property=\"og:description\" content=\"Carissimi, l\u2019epidemia da Coronavirus ha cambiato la quotidianit\u00e0 di tutti noi e soprattutto di numerosi ragazzi che da un giorno [&hellip;]\" \/>\r\n<meta property=\"og:url\" content=\"https:\/\/www.caritasbaribitonto.it\/public\/home\/2020\/04\/dona-un-tablet-a-un-ragazzo-in-difficolta-per-sostenere-la-didattica-a-distanza\/\" \/>\r\n<meta property=\"og:site_name\" content=\"Caritas Diocesana Bari-Bitonto\" \/>\r\n<meta property=\"article:publisher\" content=\"https:\/\/www.facebook.com\/pages\/Caritas-Diocesana-Bari-Bitonto\/533981476753770\" \/>\r\n<meta property=\"article:published_time\" content=\"2020-04-11T20:38:44+00:00\" \/>\r\n<meta property=\"article:modified_time\" content=\"2020-04-11T20:38:52+00:00\" \/>\r\n<meta property=\"og:image\" content=\"https:\/\/www.caritasbaribitonto.it\/public\/home\/img\/uploads\/2020\/04\/20200411_221811_0000.png\" \/>\r\n\t<meta property=\"og:image:width\" content=\"1587\" \/>\r\n\t<meta property=\"og:image:height\" content=\"2245\" \/>\r\n\t<meta property=\"og:image:type\" content=\"image\/png\" \/>\r\n<meta name=\"author\" content=\"Giovanni Caputo\" \/>\r\n<meta name=\"twitter:card\" content=\"summary_large_image\" \/>\r\n<meta name=\"twitter:label1\" content=\"Scritto da\" \/>\n\t<meta name=\"twitter:data1\" content=\"Giovanni Caputo\" \/>\n\t<meta name=\"twitter:label2\" content=\"Tempo di lettura stimato\" \/>\n\t<meta name=\"twitter:data2\" content=\"1 minuto\" \/>\r\n<script type=\"application\/ld+json\" class=\"yoast-schema-graph\">{\"@context\":\"https:\/\/schema.org\",\"@graph\":[{\"@type\":\"Article\",\"@id\":\"https:\/\/www.caritasbaribitonto.it\/public\/home\/2020\/04\/dona-un-tablet-a-un-ragazzo-in-difficolta-per-sostenere-la-didattica-a-distanza\/#article\",\"isPartOf\":{\"@id\":\"https:\/\/www.caritasbaribitonto.it\/public\/home\/2020\/04\/dona-un-tablet-a-un-ragazzo-in-difficolta-per-sostenere-la-didattica-a-distanza\/\"},\"author\":{\"name\":\"Giovanni Caputo\",\"@id\":\"https:\/\/www.caritasbaribitonto.it\/public\/home\/#\/schema\/person\/06b333402b70fdadb662b68974e8c97a\"},\"headline\":\"Dona un tablet a un ragazzo in difficolt\u00e0 per sostenere la didattica a distanza\",\"datePublished\":\"2020-04-11T20:38:44+00:00\",\"dateModified\":\"2020-04-11T20:38:52+00:00\",\"mainEntityOfPage\":{\"@id\":\"https:\/\/www.caritasbaribitonto.it\/public\/home\/2020\/04\/dona-un-tablet-a-un-ragazzo-in-difficolta-per-sostenere-la-didattica-a-distanza\/\"},\"wordCount\":229,\"publisher\":{\"@id\":\"https:\/\/www.caritasbaribitonto.it\/public\/home\/#organization\"},\"image\":{\"@id\":\"https:\/\/www.caritasbaribitonto.it\/public\/home\/2020\/04\/dona-un-tablet-a-un-ragazzo-in-difficolta-per-sostenere-la-didattica-a-distanza\/#primaryimage\"},\"thumbnailUrl\":\"https:\/\/www.caritasbaribitonto.it\/public\/home\/img\/uploads\/2020\/04\/20200411_221811_0000.png\",\"articleSection\":[\"In Evidenza\",\"Iniziative\"],\"inLanguage\":\"it-IT\"},{\"@type\":\"WebPage\",\"@id\":\"https:\/\/www.caritasbaribitonto.it\/public\/home\/2020\/04\/dona-un-tablet-a-un-ragazzo-in-difficolta-per-sostenere-la-didattica-a-distanza\/\",\"url\":\"https:\/\/www.caritasbaribitonto.it\/public\/home\/2020\/04\/dona-un-tablet-a-un-ragazzo-in-difficolta-per-sostenere-la-didattica-a-distanza\/\",\"name\":\"Dona un tablet a un ragazzo in difficolt\u00e0 per sostenere la didattica a distanza - Caritas Diocesana Bari-Bitonto\",\"isPartOf\":{\"@id\":\"https:\/\/www.caritasbaribitonto.it\/public\/home\/#website\"},\"primaryImageOfPage\":{\"@id\":\"https:\/\/www.caritasbaribitonto.it\/public\/home\/2020\/04\/dona-un-tablet-a-un-ragazzo-in-difficolta-per-sostenere-la-didattica-a-distanza\/#primaryimage\"},\"image\":{\"@id\":\"https:\/\/www.caritasbaribitonto.it\/public\/home\/2020\/04\/dona-un-tablet-a-un-ragazzo-in-difficolta-per-sostenere-la-didattica-a-distanza\/#primaryimage\"},\"thumbnailUrl\":\"https:\/\/www.caritasbaribitonto.it\/public\/home\/img\/uploads\/2020\/04\/20200411_221811_0000.png\",\"datePublished\":\"2020-04-11T20:38:44+00:00\",\"dateModified\":\"2020-04-11T20:38:52+00:00\",\"breadcrumb\":{\"@id\":\"https:\/\/www.caritasbaribitonto.it\/public\/home\/2020\/04\/dona-un-tablet-a-un-ragazzo-in-difficolta-per-sostenere-la-didattica-a-distanza\/#breadcrumb\"},\"inLanguage\":\"it-IT\",\"potentialAction\":[{\"@type\":\"ReadAction\",\"target\":[\"https:\/\/www.caritasbaribitonto.it\/public\/home\/2020\/04\/dona-un-tablet-a-un-ragazzo-in-difficolta-per-sostenere-la-didattica-a-distanza\/\"]}]},{\"@type\":\"ImageObject\",\"inLanguage\":\"it-IT\",\"@id\":\"https:\/\/www.caritasbaribitonto.it\/public\/home\/2020\/04\/dona-un-tablet-a-un-ragazzo-in-difficolta-per-sostenere-la-didattica-a-distanza\/#primaryimage\",\"url\":\"https:\/\/www.caritasbaribitonto.it\/public\/home\/img\/uploads\/2020\/04\/20200411_221811_0000.png\",\"contentUrl\":\"https:\/\/www.caritasbaribitonto.it\/public\/home\/img\/uploads\/2020\/04\/20200411_221811_0000.png\",\"width\":1587,\"height\":2245},{\"@type\":\"BreadcrumbList\",\"@id\":\"https:\/\/www.caritasbaribitonto.it\/public\/home\/2020\/04\/dona-un-tablet-a-un-ragazzo-in-difficolta-per-sostenere-la-didattica-a-distanza\/#breadcrumb\",\"itemListElement\":[{\"@type\":\"ListItem\",\"position\":1,\"name\":\"Home\",\"item\":\"https:\/\/www.caritasbaribitonto.it\/public\/home\/\"},{\"@type\":\"ListItem\",\"position\":2,\"name\":\"Dona un tablet a un ragazzo in difficolt\u00e0 per sostenere la didattica a distanza\"}]},{\"@type\":\"WebSite\",\"@id\":\"https:\/\/www.caritasbaribitonto.it\/public\/home\/#website\",\"url\":\"https:\/\/www.caritasbaribitonto.it\/public\/home\/\",\"name\":\"Caritas Diocesana Bari-Bitonto\",\"description\":\"I santi della porta accanto\",\"publisher\":{\"@id\":\"https:\/\/www.caritasbaribitonto.it\/public\/home\/#organization\"},\"potentialAction\":[{\"@type\":\"SearchAction\",\"target\":{\"@type\":\"EntryPoint\",\"urlTemplate\":\"https:\/\/www.caritasbaribitonto.it\/public\/home\/?s={search_term_string}\"},\"query-input\":{\"@type\":\"PropertyValueSpecification\",\"valueRequired\":true,\"valueName\":\"search_term_string\"}}],\"inLanguage\":\"it-IT\"},{\"@type\":\"Organization\",\"@id\":\"https:\/\/www.caritasbaribitonto.it\/public\/home\/#organization\",\"name\":\"Caritas Diocesana Bari-Bitonto\",\"url\":\"https:\/\/www.caritasbaribitonto.it\/public\/home\/\",\"logo\":{\"@type\":\"ImageObject\",\"inLanguage\":\"it-IT\",\"@id\":\"https:\/\/www.caritasbaribitonto.it\/public\/home\/#\/schema\/logo\/image\/\",\"url\":\"https:\/\/www.caritasbaribitonto.it\/public\/home\/img\/uploads\/2025\/02\/cropped-cropped-caritas2025_350x112.png\",\"contentUrl\":\"https:\/\/www.caritasbaribitonto.it\/public\/home\/img\/uploads\/2025\/02\/cropped-cropped-caritas2025_350x112.png\",\"width\":350,\"height\":112,\"caption\":\"Caritas Diocesana Bari-Bitonto\"},\"image\":{\"@id\":\"https:\/\/www.caritasbaribitonto.it\/public\/home\/#\/schema\/logo\/image\/\"},\"sameAs\":[\"https:\/\/www.facebook.com\/pages\/Caritas-Diocesana-Bari-Bitonto\/533981476753770\"]},{\"@type\":\"Person\",\"@id\":\"https:\/\/www.caritasbaribitonto.it\/public\/home\/#\/schema\/person\/06b333402b70fdadb662b68974e8c97a\",\"name\":\"Giovanni Caputo\",\"image\":{\"@type\":\"ImageObject\",\"inLanguage\":\"it-IT\",\"@id\":\"https:\/\/www.caritasbaribitonto.it\/public\/home\/#\/schema\/person\/image\/\",\"url\":\"https:\/\/secure.gravatar.com\/avatar\/6c7e9d4e1e2394bfa4e38377bd0b5e03cbf0c79e27918e6497d3f408f89d0d3b?s=96&d=identicon&r=g\",\"contentUrl\":\"https:\/\/secure.gravatar.com\/avatar\/6c7e9d4e1e2394bfa4e38377bd0b5e03cbf0c79e27918e6497d3f408f89d0d3b?s=96&d=identicon&r=g\",\"caption\":\"Giovanni Caputo\"},\"url\":\"https:\/\/www.caritasbaribitonto.it\/public\/home\/author\/admin\/\"}]}<\/script>\r\n<!-- \/ Yoast SEO plugin. -->","yoast_head_json":{"title":"Dona un tablet a un ragazzo in difficolt\u00e0 per sostenere la didattica a distanza - Caritas Diocesana Bari-Bitonto","robots":{"index":"index","follow":"follow","max-snippet":"max-snippet:-1","max-image-preview":"max-image-preview:large","max-video-preview":"max-video-preview:-1"},"canonical":"https:\/\/www.caritasbaribitonto.it\/public\/home\/2020\/04\/dona-un-tablet-a-un-ragazzo-in-difficolta-per-sostenere-la-didattica-a-distanza\/","og_locale":"it_IT","og_type":"article","og_title":"Dona un tablet a un ragazzo in difficolt\u00e0 per sostenere la didattica a distanza - Caritas Diocesana Bari-Bitonto","og_description":"Carissimi, l\u2019epidemia da Coronavirus ha cambiato la quotidianit\u00e0 di tutti noi e soprattutto di numerosi ragazzi che da un giorno [&hellip;]","og_url":"https:\/\/www.caritasbaribitonto.it\/public\/home\/2020\/04\/dona-un-tablet-a-un-ragazzo-in-difficolta-per-sostenere-la-didattica-a-distanza\/","og_site_name":"Caritas Diocesana Bari-Bitonto","article_publisher":"https:\/\/www.facebook.com\/pages\/Caritas-Diocesana-Bari-Bitonto\/533981476753770","article_published_time":"2020-04-11T20:38:44+00:00","article_modified_time":"2020-04-11T20:38:52+00:00","og_image":[{"width":1587,"height":2245,"url":"https:\/\/www.caritasbaribitonto.it\/public\/home\/img\/uploads\/2020\/04\/20200411_221811_0000.png","type":"image\/png"}],"author":"Giovanni Caputo","twitter_card":"summary_large_image","twitter_misc":{"Scritto da":"Giovanni Caputo","Tempo di lettura stimato":"1 minuto"},"schema":{"@context":"https:\/\/schema.org","@graph":[{"@type":"Article","@id":"https:\/\/www.caritasbaribitonto.it\/public\/home\/2020\/04\/dona-un-tablet-a-un-ragazzo-in-difficolta-per-sostenere-la-didattica-a-distanza\/#article","isPartOf":{"@id":"https:\/\/www.caritasbaribitonto.it\/public\/home\/2020\/04\/dona-un-tablet-a-un-ragazzo-in-difficolta-per-sostenere-la-didattica-a-distanza\/"},"author":{"name":"Giovanni Caputo","@id":"https:\/\/www.caritasbaribitonto.it\/public\/home\/#\/schema\/person\/06b333402b70fdadb662b68974e8c97a"},"headline":"Dona un tablet a un ragazzo in difficolt\u00e0 per sostenere la didattica a distanza","datePublished":"2020-04-11T20:38:44+00:00","dateModified":"2020-04-11T20:38:52+00:00","mainEntityOfPage":{"@id":"https:\/\/www.caritasbaribitonto.it\/public\/home\/2020\/04\/dona-un-tablet-a-un-ragazzo-in-difficolta-per-sostenere-la-didattica-a-distanza\/"},"wordCount":229,"publisher":{"@id":"https:\/\/www.caritasbaribitonto.it\/public\/home\/#organization"},"image":{"@id":"https:\/\/www.caritasbaribitonto.it\/public\/home\/2020\/04\/dona-un-tablet-a-un-ragazzo-in-difficolta-per-sostenere-la-didattica-a-distanza\/#primaryimage"},"thumbnailUrl":"https:\/\/www.caritasbaribitonto.it\/public\/home\/img\/uploads\/2020\/04\/20200411_221811_0000.png","articleSection":["In Evidenza","Iniziative"],"inLanguage":"it-IT"},{"@type":"WebPage","@id":"https:\/\/www.caritasbaribitonto.it\/public\/home\/2020\/04\/dona-un-tablet-a-un-ragazzo-in-difficolta-per-sostenere-la-didattica-a-distanza\/","url":"https:\/\/www.caritasbaribitonto.it\/public\/home\/2020\/04\/dona-un-tablet-a-un-ragazzo-in-difficolta-per-sostenere-la-didattica-a-distanza\/","name":"Dona un tablet a un ragazzo in difficolt\u00e0 per sostenere la didattica a distanza - Caritas Diocesana Bari-Bitonto","isPartOf":{"@id":"https:\/\/www.caritasbaribitonto.it\/public\/home\/#website"},"primaryImageOfPage":{"@id":"https:\/\/www.caritasbaribitonto.it\/public\/home\/2020\/04\/dona-un-tablet-a-un-ragazzo-in-difficolta-per-sostenere-la-didattica-a-distanza\/#primaryimage"},"image":{"@id":"https:\/\/www.caritasbaribitonto.it\/public\/home\/2020\/04\/dona-un-tablet-a-un-ragazzo-in-difficolta-per-sostenere-la-didattica-a-distanza\/#primaryimage"},"thumbnailUrl":"https:\/\/www.caritasbaribitonto.it\/public\/home\/img\/uploads\/2020\/04\/20200411_221811_0000.png","datePublished":"2020-04-11T20:38:44+00:00","dateModified":"2020-04-11T20:38:52+00:00","breadcrumb":{"@id":"https:\/\/www.caritasbaribitonto.it\/public\/home\/2020\/04\/dona-un-tablet-a-un-ragazzo-in-difficolta-per-sostenere-la-didattica-a-distanza\/#breadcrumb"},"inLanguage":"it-IT","potentialAction":[{"@type":"ReadAction","target":["https:\/\/www.caritasbaribitonto.it\/public\/home\/2020\/04\/dona-un-tablet-a-un-ragazzo-in-difficolta-per-sostenere-la-didattica-a-distanza\/"]}]},{"@type":"ImageObject","inLanguage":"it-IT","@id":"https:\/\/www.caritasbaribitonto.it\/public\/home\/2020\/04\/dona-un-tablet-a-un-ragazzo-in-difficolta-per-sostenere-la-didattica-a-distanza\/#primaryimage","url":"https:\/\/www.caritasbaribitonto.it\/public\/home\/img\/uploads\/2020\/04\/20200411_221811_0000.png","contentUrl":"https:\/\/www.caritasbaribitonto.it\/public\/home\/img\/uploads\/2020\/04\/20200411_221811_0000.png","width":1587,"height":2245},{"@type":"BreadcrumbList","@id":"https:\/\/www.caritasbaribitonto.it\/public\/home\/2020\/04\/dona-un-tablet-a-un-ragazzo-in-difficolta-per-sostenere-la-didattica-a-distanza\/#breadcrumb","itemListElement":[{"@type":"ListItem","position":1,"name":"Home","item":"https:\/\/www.caritasbaribitonto.it\/public\/home\/"},{"@type":"ListItem","position":2,"name":"Dona un tablet a un ragazzo in difficolt\u00e0 per sostenere la didattica a distanza"}]},{"@type":"WebSite","@id":"https:\/\/www.caritasbaribitonto.it\/public\/home\/#website","url":"https:\/\/www.caritasbaribitonto.it\/public\/home\/","name":"Caritas Diocesana Bari-Bitonto","description":"I santi della porta accanto","publisher":{"@id":"https:\/\/www.caritasbaribitonto.it\/public\/home\/#organization"},"potentialAction":[{"@type":"SearchAction","target":{"@type":"EntryPoint","urlTemplate":"https:\/\/www.caritasbaribitonto.it\/public\/home\/?s={search_term_string}"},"query-input":{"@type":"PropertyValueSpecification","valueRequired":true,"valueName":"search_term_string"}}],"inLanguage":"it-IT"},{"@type":"Organization","@id":"https:\/\/www.caritasbaribitonto.it\/public\/home\/#organization","name":"Caritas Diocesana Bari-Bitonto","url":"https:\/\/www.caritasbaribitonto.it\/public\/home\/","logo":{"@type":"ImageObject","inLanguage":"it-IT","@id":"https:\/\/www.caritasbaribitonto.it\/public\/home\/#\/schema\/logo\/image\/","url":"https:\/\/www.caritasbaribitonto.it\/public\/home\/img\/uploads\/2025\/02\/cropped-cropped-caritas2025_350x112.png","contentUrl":"https:\/\/www.caritasbaribitonto.it\/public\/home\/img\/uploads\/2025\/02\/cropped-cropped-caritas2025_350x112.png","width":350,"height":112,"caption":"Caritas Diocesana Bari-Bitonto"},"image":{"@id":"https:\/\/www.caritasbaribitonto.it\/public\/home\/#\/schema\/logo\/image\/"},"sameAs":["https:\/\/www.facebook.com\/pages\/Caritas-Diocesana-Bari-Bitonto\/533981476753770"]},{"@type":"Person","@id":"https:\/\/www.caritasbaribitonto.it\/public\/home\/#\/schema\/person\/06b333402b70fdadb662b68974e8c97a","name":"Giovanni Caputo","image":{"@type":"ImageObject","inLanguage":"it-IT","@id":"https:\/\/www.caritasbaribitonto.it\/public\/home\/#\/schema\/person\/image\/","url":"https:\/\/secure.gravatar.com\/avatar\/6c7e9d4e1e2394bfa4e38377bd0b5e03cbf0c79e27918e6497d3f408f89d0d3b?s=96&d=identicon&r=g","contentUrl":"https:\/\/secure.gravatar.com\/avatar\/6c7e9d4e1e2394bfa4e38377bd0b5e03cbf0c79e27918e6497d3f408f89d0d3b?s=96&d=identicon&r=g","caption":"Giovanni Caputo"},"url":"https:\/\/www.caritasbaribitonto.it\/public\/home\/author\/admin\/"}]}},"jetpack_featured_media_url":"https:\/\/www.caritasbaribitonto.it\/public\/home\/img\/uploads\/2020\/04\/20200411_221811_0000.png","uagb_featured_image_src":{"full":["https:\/\/www.caritasbaribitonto.it\/public\/home\/img\/uploads\/2020\/04\/20200411_221811_0000.png",1587,2245,false],"thumbnail":["https:\/\/www.caritasbaribitonto.it\/public\/home\/img\/uploads\/2020\/04\/20200411_221811_0000-150x150.png",150,150,true],"medium":["https:\/\/www.caritasbaribitonto.it\/public\/home\/img\/uploads\/2020\/04\/20200411_221811_0000-212x300.png",212,300,true],"medium_large":["https:\/\/www.caritasbaribitonto.it\/public\/home\/img\/uploads\/2020\/04\/20200411_221811_0000-768x1086.png",768,1086,true],"large":["https:\/\/www.caritasbaribitonto.it\/public\/home\/img\/uploads\/2020\/04\/20200411_221811_0000-724x1024.png",724,1024,true],"1536x1536":["https:\/\/www.caritasbaribitonto.it\/public\/home\/img\/uploads\/2020\/04\/20200411_221811_0000-1086x1536.png",1086,1536,true],"2048x2048":["https:\/\/www.caritasbaribitonto.it\/public\/home\/img\/uploads\/2020\/04\/20200411_221811_0000-1448x2048.png",1448,2048,true]},"uagb_author_info":{"display_name":"Giovanni Caputo","author_link":"https:\/\/www.caritasbaribitonto.it\/public\/home\/author\/admin\/"},"uagb_comment_info":0,"uagb_excerpt":"Carissimi, l\u2019epidemia da Coronavirus ha cambiato la quotidianit\u00e0 di tutti noi e soprattutto di numerosi ragazzi che da un giorno [&hellip;]","_links":{"self":[{"href":"https:\/\/www.caritasbaribitonto.it\/public\/home\/wp-json\/wp\/v2\/posts\/5761","targetHints":{"allow":["GET"]}}],"collection":[{"href":"https:\/\/www.caritasbaribitonto.it\/public\/home\/wp-json\/wp\/v2\/posts"}],"about":[{"href":"https:\/\/www.caritasbaribitonto.it\/public\/home\/wp-json\/wp\/v2\/types\/post"}],"author":[{"embeddable":true,"href":"https:\/\/www.caritasbaribitonto.it\/public\/home\/wp-json\/wp\/v2\/users\/1"}],"replies":[{"embeddable":true,"href":"https:\/\/www.caritasbaribitonto.it\/public\/home\/wp-json\/wp\/v2\/comments?post=5761"}],"version-history":[{"count":0,"href":"https:\/\/www.caritasbaribitonto.it\/public\/home\/wp-json\/wp\/v2\/posts\/5761\/revisions"}],"wp:featuredmedia":[{"embeddable":true,"href":"https:\/\/www.caritasbaribitonto.it\/public\/home\/wp-json\/wp\/v2\/media\/5762"}],"wp:attachment":[{"href":"https:\/\/www.caritasbaribitonto.it\/public\/home\/wp-json\/wp\/v2\/media?parent=5761"}],"wp:term":[{"taxonomy":"category","embeddable":true,"href":"https:\/\/www.caritasbaribitonto.it\/public\/home\/wp-json\/wp\/v2\/categories?post=5761"},{"taxonomy":"post_tag","embeddable":true,"href":"https:\/\/www.caritasbaribitonto.it\/public\/home\/wp-json\/wp\/v2\/tags?post=5761"}],"curies":[{"name":"wp","href":"https:\/\/api.w.org\/{rel}","templated":true}]}}