{"id":573,"date":"2009-11-21T17:04:39","date_gmt":"2009-11-21T16:04:39","guid":{"rendered":"http:\/\/www.caritasbaribitonto.it\/public\/home\/?p=573"},"modified":"2009-11-21T17:08:11","modified_gmt":"2009-11-21T16:08:11","slug":"uno_strano_re_domenica_22_novembre_2009","status":"publish","type":"post","link":"https:\/\/www.caritasbaribitonto.it\/public\/home\/2009\/11\/uno_strano_re_domenica_22_novembre_2009\/","title":{"rendered":"Uno strano re &#8211; Cristo re dell&#8217;universo &#8211; domenica 22 novembre 2009 &#8211; XXXVI Domenica T.O."},"content":{"rendered":"<p><strong>Dal vangelo secondo Giovanni  (Gv 18, 33b-37)<\/strong><br \/>\n<em><img decoding=\"async\" class=\"alignleft\" src=\"http:\/\/caritasbaribitonto.it\/public\/home\/img\/imgCommentiVangelo\/cristo_re.png\" alt=\"Cristo re\" \/><br \/>\nIn quel tempo, Pilato disse a Ges\u00f9: \u00abSei tu il re dei Giudei?\u00bb. Ges\u00f9 rispose: \u00abDici questo da te, oppure altri ti hanno parlato di me?\u00bb. Pilato disse: \u00abSono forse io Giu\u00acdeo? La tua gente e i capi dei sacerdoti ti hanno con\u00acsegnato a me. Che cosa hai fatto?\u00bb.<br \/>\nRispose Ges\u00f9: \u00abIl mio regno non \u00e8 di questo mondo; se il mio regno fosse di questo mondo, i miei servitori avrebbero combattuto perch\u00e9 non fossi consegnato ai Giudei; ma il mio regno non \u00e8 di quaggi\u00f9\u00bb.<br \/>\nAllora Pilato gli disse: \u00abDunque tu sei re?\u00bb. Rispose Ges\u00f9: \u00abTu lo dici: io sono re. Per questo io sono nato e per questo sono venuto nel mondo: per dare testimonianza alla verit\u00e0. Chiunque \u00e8 dalla verit\u00e0, ascolta la mia voce\u00bb.<\/em><\/p>\n<p><em> <\/em><\/p>\n<p>A Cesarea di Filippi era stato Ges\u00f9 a chiedere cosa la gente dicesse sulla sua identit\u00e0. A Gerusalemme \u00e8 Pilato a porre a lui la domanda in forma diretta, se realmente fosse il re dei Giudei.<br \/>\nPilato non aveva paura della fama di Ges\u00f9, ma di un popolo, quello ebraico, che potesse schierarsi contro l\u2019impero di Roma che, con grande facilit\u00e0, affossava le identit\u00e0 dei singoli stati e riduceva in schiavit\u00f9 le persone. Pilato aveva capito che non si trattava di una questione di poco conto, ma a lui interessava far rientrare il tutto nella \u201cpolitica dello struzzo\u201d. In altri termini in quella logica del quieto vivere di chi non si schiera mai da nessuna parte, ma lascia precipitare tutto nel nulla, purch\u00e8 si salvi la faccia.<br \/>\nMa Ges\u00f9 dinanzi a Pilato, emblema in Palestina di quel potere imperiale che si reggeva sulla violenza e sul terrore, non disdegna di affermare di essere un \u201cre diverso\u201d. La sua diversit\u00e0 sta nell\u2019affrontare le situazioni e nell\u2019immedesimarsi nelle pi\u00f9 piccole di esse. Lui non \u00e8 un imperatore che distrugge tutto e tutti per primeggiare, ma un re umile di pace. Dichiara apertamente di essere nato e di essere venuto nel mondo proprio perch\u00e9 si elida la sopraffazione, la schiavit\u00f9, la povert\u00e0, la logica discriminatoria e s\u2019instauri un\u2019era nuova di giustizia e di pace.<br \/>\nDobbiamo imparare ed essere soprattutto una comunit\u00e0 ecclesiale che concretizzi itinerari di fede che abbiano la pace non come semplice anelito, ma con forme concrete di attenzione verso i poveri e di espressioni contro le guerre e soprattutto contro le costruzioni di nuove armi atomiche e nucleari. Dobbiamo renderci conto che la salita sulla croce di Ges\u00f9 per la nostra salvezza ci dimostra che la verit\u00e0 non \u00e8 parificata alla potenzialit\u00e0, ma alla minorit\u00e0 e al servizio.<\/p>\n<p>Il direttore<\/p>\n<p>Don Antonio Ruccia     <\/p>\n","protected":false},"excerpt":{"rendered":"<p>Dal vangelo secondo Giovanni (Gv 18, 33b-37) In quel tempo, Pilato disse a Ges\u00f9: \u00abSei tu il re dei Giudei?\u00bb. [&hellip;]<\/p>\n","protected":false},"author":1,"featured_media":0,"comment_status":"closed","ping_status":"open","sticky":false,"template":"","format":"standard","meta":{"_uag_custom_page_level_css":"","site-sidebar-layout":"default","site-content-layout":"","ast-site-content-layout":"default","site-content-style":"default","site-sidebar-style":"default","ast-global-header-display":"","ast-banner-title-visibility":"","ast-main-header-display":"","ast-hfb-above-header-display":"","ast-hfb-below-header-display":"","ast-hfb-mobile-header-display":"","site-post-title":"","ast-breadcrumbs-content":"","ast-featured-img":"","footer-sml-layout":"","theme-transparent-header-meta":"","adv-header-id-meta":"","stick-header-meta":"","header-above-stick-meta":"","header-main-stick-meta":"","header-below-stick-meta":"","astra-migrate-meta-layouts":"default","ast-page-background-enabled":"default","ast-page-background-meta":{"desktop":{"background-color":"var(--ast-global-color-5)","background-image":"","background-repeat":"repeat","background-position":"center center","background-size":"auto","background-attachment":"scroll","background-type":"","background-media":"","overlay-type":"","overlay-color":"","overlay-opacity":"","overlay-gradient":""},"tablet":{"background-color":"","background-image":"","background-repeat":"repeat","background-position":"center center","background-size":"auto","background-attachment":"scroll","background-type":"","background-media":"","overlay-type":"","overlay-color":"","overlay-opacity":"","overlay-gradient":""},"mobile":{"background-color":"","background-image":"","background-repeat":"repeat","background-position":"center center","background-size":"auto","background-attachment":"scroll","background-type":"","background-media":"","overlay-type":"","overlay-color":"","overlay-opacity":"","overlay-gradient":""}},"ast-content-background-meta":{"desktop":{"background-color":"var(--ast-global-color-4)","background-image":"","background-repeat":"repeat","background-position":"center center","background-size":"auto","background-attachment":"scroll","background-type":"","background-media":"","overlay-type":"","overlay-color":"","overlay-opacity":"","overlay-gradient":""},"tablet":{"background-color":"var(--ast-global-color-4)","background-image":"","background-repeat":"repeat","background-position":"center center","background-size":"auto","background-attachment":"scroll","background-type":"","background-media":"","overlay-type":"","overlay-color":"","overlay-opacity":"","overlay-gradient":""},"mobile":{"background-color":"var(--ast-global-color-4)","background-image":"","background-repeat":"repeat","background-position":"center center","background-size":"auto","background-attachment":"scroll","background-type":"","background-media":"","overlay-type":"","overlay-color":"","overlay-opacity":"","overlay-gradient":""}},"footnotes":""},"categories":[20],"tags":[35,28],"class_list":["post-573","post","type-post","status-publish","format-standard","hentry","category-commenti-vangelo","tag-commento-al-vangelo","tag-vangelo"],"gutentor_comment":0,"yoast_head":"<!-- This site is optimized with the Yoast SEO plugin v26.8 - https:\/\/yoast.com\/product\/yoast-seo-wordpress\/ -->\r\n<title>Uno strano re - Cristo re dell&#039;universo - domenica 22 novembre 2009 - XXXVI Domenica T.O. - Caritas Diocesana Bari-Bitonto<\/title>\r\n<meta name=\"robots\" content=\"index, follow, max-snippet:-1, max-image-preview:large, max-video-preview:-1\" \/>\r\n<link rel=\"canonical\" href=\"https:\/\/www.caritasbaribitonto.it\/public\/home\/2009\/11\/uno_strano_re_domenica_22_novembre_2009\/\" \/>\r\n<meta property=\"og:locale\" content=\"it_IT\" \/>\r\n<meta property=\"og:type\" content=\"article\" \/>\r\n<meta property=\"og:title\" content=\"Uno strano re - Cristo re dell&#039;universo - domenica 22 novembre 2009 - XXXVI Domenica T.O. - Caritas Diocesana Bari-Bitonto\" \/>\r\n<meta property=\"og:description\" content=\"Dal vangelo secondo Giovanni (Gv 18, 33b-37) In quel tempo, Pilato disse a Ges\u00f9: \u00abSei tu il re dei Giudei?\u00bb. [&hellip;]\" \/>\r\n<meta property=\"og:url\" content=\"https:\/\/www.caritasbaribitonto.it\/public\/home\/2009\/11\/uno_strano_re_domenica_22_novembre_2009\/\" \/>\r\n<meta property=\"og:site_name\" content=\"Caritas Diocesana Bari-Bitonto\" \/>\r\n<meta property=\"article:publisher\" content=\"https:\/\/www.facebook.com\/pages\/Caritas-Diocesana-Bari-Bitonto\/533981476753770\" \/>\r\n<meta property=\"article:published_time\" content=\"2009-11-21T16:04:39+00:00\" \/>\r\n<meta property=\"article:modified_time\" content=\"2009-11-21T16:08:11+00:00\" \/>\r\n<meta property=\"og:image\" content=\"http:\/\/caritasbaribitonto.it\/public\/home\/img\/imgCommentiVangelo\/cristo_re.png\" \/>\r\n<meta name=\"author\" content=\"Giovanni Caputo\" \/>\r\n<meta name=\"twitter:card\" content=\"summary_large_image\" \/>\r\n<meta name=\"twitter:label1\" content=\"Scritto da\" \/>\n\t<meta name=\"twitter:data1\" content=\"Giovanni Caputo\" \/>\n\t<meta name=\"twitter:label2\" content=\"Tempo di lettura stimato\" \/>\n\t<meta name=\"twitter:data2\" content=\"2 minuti\" \/>\r\n<script type=\"application\/ld+json\" class=\"yoast-schema-graph\">{\"@context\":\"https:\/\/schema.org\",\"@graph\":[{\"@type\":\"Article\",\"@id\":\"https:\/\/www.caritasbaribitonto.it\/public\/home\/2009\/11\/uno_strano_re_domenica_22_novembre_2009\/#article\",\"isPartOf\":{\"@id\":\"https:\/\/www.caritasbaribitonto.it\/public\/home\/2009\/11\/uno_strano_re_domenica_22_novembre_2009\/\"},\"author\":{\"name\":\"Giovanni Caputo\",\"@id\":\"https:\/\/www.caritasbaribitonto.it\/public\/home\/#\/schema\/person\/06b333402b70fdadb662b68974e8c97a\"},\"headline\":\"Uno strano re &#8211; Cristo re dell&#8217;universo &#8211; domenica 22 novembre 2009 &#8211; XXXVI Domenica T.O.\",\"datePublished\":\"2009-11-21T16:04:39+00:00\",\"dateModified\":\"2009-11-21T16:08:11+00:00\",\"mainEntityOfPage\":{\"@id\":\"https:\/\/www.caritasbaribitonto.it\/public\/home\/2009\/11\/uno_strano_re_domenica_22_novembre_2009\/\"},\"wordCount\":453,\"publisher\":{\"@id\":\"https:\/\/www.caritasbaribitonto.it\/public\/home\/#organization\"},\"image\":{\"@id\":\"https:\/\/www.caritasbaribitonto.it\/public\/home\/2009\/11\/uno_strano_re_domenica_22_novembre_2009\/#primaryimage\"},\"thumbnailUrl\":\"http:\/\/caritasbaribitonto.it\/public\/home\/img\/imgCommentiVangelo\/cristo_re.png\",\"keywords\":[\"commento al vangelo\",\"vangelo\"],\"articleSection\":[\"Commenti Vangelo\"],\"inLanguage\":\"it-IT\"},{\"@type\":\"WebPage\",\"@id\":\"https:\/\/www.caritasbaribitonto.it\/public\/home\/2009\/11\/uno_strano_re_domenica_22_novembre_2009\/\",\"url\":\"https:\/\/www.caritasbaribitonto.it\/public\/home\/2009\/11\/uno_strano_re_domenica_22_novembre_2009\/\",\"name\":\"Uno strano re - Cristo re dell'universo - domenica 22 novembre 2009 - XXXVI Domenica T.O. - Caritas Diocesana Bari-Bitonto\",\"isPartOf\":{\"@id\":\"https:\/\/www.caritasbaribitonto.it\/public\/home\/#website\"},\"primaryImageOfPage\":{\"@id\":\"https:\/\/www.caritasbaribitonto.it\/public\/home\/2009\/11\/uno_strano_re_domenica_22_novembre_2009\/#primaryimage\"},\"image\":{\"@id\":\"https:\/\/www.caritasbaribitonto.it\/public\/home\/2009\/11\/uno_strano_re_domenica_22_novembre_2009\/#primaryimage\"},\"thumbnailUrl\":\"http:\/\/caritasbaribitonto.it\/public\/home\/img\/imgCommentiVangelo\/cristo_re.png\",\"datePublished\":\"2009-11-21T16:04:39+00:00\",\"dateModified\":\"2009-11-21T16:08:11+00:00\",\"breadcrumb\":{\"@id\":\"https:\/\/www.caritasbaribitonto.it\/public\/home\/2009\/11\/uno_strano_re_domenica_22_novembre_2009\/#breadcrumb\"},\"inLanguage\":\"it-IT\",\"potentialAction\":[{\"@type\":\"ReadAction\",\"target\":[\"https:\/\/www.caritasbaribitonto.it\/public\/home\/2009\/11\/uno_strano_re_domenica_22_novembre_2009\/\"]}]},{\"@type\":\"ImageObject\",\"inLanguage\":\"it-IT\",\"@id\":\"https:\/\/www.caritasbaribitonto.it\/public\/home\/2009\/11\/uno_strano_re_domenica_22_novembre_2009\/#primaryimage\",\"url\":\"http:\/\/caritasbaribitonto.it\/public\/home\/img\/imgCommentiVangelo\/cristo_re.png\",\"contentUrl\":\"http:\/\/caritasbaribitonto.it\/public\/home\/img\/imgCommentiVangelo\/cristo_re.png\"},{\"@type\":\"BreadcrumbList\",\"@id\":\"https:\/\/www.caritasbaribitonto.it\/public\/home\/2009\/11\/uno_strano_re_domenica_22_novembre_2009\/#breadcrumb\",\"itemListElement\":[{\"@type\":\"ListItem\",\"position\":1,\"name\":\"Home\",\"item\":\"https:\/\/www.caritasbaribitonto.it\/public\/home\/\"},{\"@type\":\"ListItem\",\"position\":2,\"name\":\"Uno strano re &#8211; Cristo re dell&#8217;universo &#8211; domenica 22 novembre 2009 &#8211; XXXVI Domenica T.O.\"}]},{\"@type\":\"WebSite\",\"@id\":\"https:\/\/www.caritasbaribitonto.it\/public\/home\/#website\",\"url\":\"https:\/\/www.caritasbaribitonto.it\/public\/home\/\",\"name\":\"Caritas Diocesana Bari-Bitonto\",\"description\":\"I santi della porta accanto\",\"publisher\":{\"@id\":\"https:\/\/www.caritasbaribitonto.it\/public\/home\/#organization\"},\"potentialAction\":[{\"@type\":\"SearchAction\",\"target\":{\"@type\":\"EntryPoint\",\"urlTemplate\":\"https:\/\/www.caritasbaribitonto.it\/public\/home\/?s={search_term_string}\"},\"query-input\":{\"@type\":\"PropertyValueSpecification\",\"valueRequired\":true,\"valueName\":\"search_term_string\"}}],\"inLanguage\":\"it-IT\"},{\"@type\":\"Organization\",\"@id\":\"https:\/\/www.caritasbaribitonto.it\/public\/home\/#organization\",\"name\":\"Caritas Diocesana Bari-Bitonto\",\"url\":\"https:\/\/www.caritasbaribitonto.it\/public\/home\/\",\"logo\":{\"@type\":\"ImageObject\",\"inLanguage\":\"it-IT\",\"@id\":\"https:\/\/www.caritasbaribitonto.it\/public\/home\/#\/schema\/logo\/image\/\",\"url\":\"https:\/\/www.caritasbaribitonto.it\/public\/home\/img\/uploads\/2025\/02\/cropped-cropped-caritas2025_350x112.png\",\"contentUrl\":\"https:\/\/www.caritasbaribitonto.it\/public\/home\/img\/uploads\/2025\/02\/cropped-cropped-caritas2025_350x112.png\",\"width\":350,\"height\":112,\"caption\":\"Caritas Diocesana Bari-Bitonto\"},\"image\":{\"@id\":\"https:\/\/www.caritasbaribitonto.it\/public\/home\/#\/schema\/logo\/image\/\"},\"sameAs\":[\"https:\/\/www.facebook.com\/pages\/Caritas-Diocesana-Bari-Bitonto\/533981476753770\"]},{\"@type\":\"Person\",\"@id\":\"https:\/\/www.caritasbaribitonto.it\/public\/home\/#\/schema\/person\/06b333402b70fdadb662b68974e8c97a\",\"name\":\"Giovanni Caputo\",\"image\":{\"@type\":\"ImageObject\",\"inLanguage\":\"it-IT\",\"@id\":\"https:\/\/www.caritasbaribitonto.it\/public\/home\/#\/schema\/person\/image\/\",\"url\":\"https:\/\/secure.gravatar.com\/avatar\/6c7e9d4e1e2394bfa4e38377bd0b5e03cbf0c79e27918e6497d3f408f89d0d3b?s=96&d=identicon&r=g\",\"contentUrl\":\"https:\/\/secure.gravatar.com\/avatar\/6c7e9d4e1e2394bfa4e38377bd0b5e03cbf0c79e27918e6497d3f408f89d0d3b?s=96&d=identicon&r=g\",\"caption\":\"Giovanni Caputo\"},\"url\":\"https:\/\/www.caritasbaribitonto.it\/public\/home\/author\/admin\/\"}]}<\/script>\r\n<!-- \/ Yoast SEO plugin. -->","yoast_head_json":{"title":"Uno strano re - Cristo re dell'universo - domenica 22 novembre 2009 - XXXVI Domenica T.O. - Caritas Diocesana Bari-Bitonto","robots":{"index":"index","follow":"follow","max-snippet":"max-snippet:-1","max-image-preview":"max-image-preview:large","max-video-preview":"max-video-preview:-1"},"canonical":"https:\/\/www.caritasbaribitonto.it\/public\/home\/2009\/11\/uno_strano_re_domenica_22_novembre_2009\/","og_locale":"it_IT","og_type":"article","og_title":"Uno strano re - Cristo re dell'universo - domenica 22 novembre 2009 - XXXVI Domenica T.O. - Caritas Diocesana Bari-Bitonto","og_description":"Dal vangelo secondo Giovanni (Gv 18, 33b-37) In quel tempo, Pilato disse a Ges\u00f9: \u00abSei tu il re dei Giudei?\u00bb. [&hellip;]","og_url":"https:\/\/www.caritasbaribitonto.it\/public\/home\/2009\/11\/uno_strano_re_domenica_22_novembre_2009\/","og_site_name":"Caritas Diocesana Bari-Bitonto","article_publisher":"https:\/\/www.facebook.com\/pages\/Caritas-Diocesana-Bari-Bitonto\/533981476753770","article_published_time":"2009-11-21T16:04:39+00:00","article_modified_time":"2009-11-21T16:08:11+00:00","og_image":[{"url":"http:\/\/caritasbaribitonto.it\/public\/home\/img\/imgCommentiVangelo\/cristo_re.png","type":"","width":"","height":""}],"author":"Giovanni Caputo","twitter_card":"summary_large_image","twitter_misc":{"Scritto da":"Giovanni Caputo","Tempo di lettura stimato":"2 minuti"},"schema":{"@context":"https:\/\/schema.org","@graph":[{"@type":"Article","@id":"https:\/\/www.caritasbaribitonto.it\/public\/home\/2009\/11\/uno_strano_re_domenica_22_novembre_2009\/#article","isPartOf":{"@id":"https:\/\/www.caritasbaribitonto.it\/public\/home\/2009\/11\/uno_strano_re_domenica_22_novembre_2009\/"},"author":{"name":"Giovanni Caputo","@id":"https:\/\/www.caritasbaribitonto.it\/public\/home\/#\/schema\/person\/06b333402b70fdadb662b68974e8c97a"},"headline":"Uno strano re &#8211; Cristo re dell&#8217;universo &#8211; domenica 22 novembre 2009 &#8211; XXXVI Domenica T.O.","datePublished":"2009-11-21T16:04:39+00:00","dateModified":"2009-11-21T16:08:11+00:00","mainEntityOfPage":{"@id":"https:\/\/www.caritasbaribitonto.it\/public\/home\/2009\/11\/uno_strano_re_domenica_22_novembre_2009\/"},"wordCount":453,"publisher":{"@id":"https:\/\/www.caritasbaribitonto.it\/public\/home\/#organization"},"image":{"@id":"https:\/\/www.caritasbaribitonto.it\/public\/home\/2009\/11\/uno_strano_re_domenica_22_novembre_2009\/#primaryimage"},"thumbnailUrl":"http:\/\/caritasbaribitonto.it\/public\/home\/img\/imgCommentiVangelo\/cristo_re.png","keywords":["commento al vangelo","vangelo"],"articleSection":["Commenti Vangelo"],"inLanguage":"it-IT"},{"@type":"WebPage","@id":"https:\/\/www.caritasbaribitonto.it\/public\/home\/2009\/11\/uno_strano_re_domenica_22_novembre_2009\/","url":"https:\/\/www.caritasbaribitonto.it\/public\/home\/2009\/11\/uno_strano_re_domenica_22_novembre_2009\/","name":"Uno strano re - Cristo re dell'universo - domenica 22 novembre 2009 - XXXVI Domenica T.O. - Caritas Diocesana Bari-Bitonto","isPartOf":{"@id":"https:\/\/www.caritasbaribitonto.it\/public\/home\/#website"},"primaryImageOfPage":{"@id":"https:\/\/www.caritasbaribitonto.it\/public\/home\/2009\/11\/uno_strano_re_domenica_22_novembre_2009\/#primaryimage"},"image":{"@id":"https:\/\/www.caritasbaribitonto.it\/public\/home\/2009\/11\/uno_strano_re_domenica_22_novembre_2009\/#primaryimage"},"thumbnailUrl":"http:\/\/caritasbaribitonto.it\/public\/home\/img\/imgCommentiVangelo\/cristo_re.png","datePublished":"2009-11-21T16:04:39+00:00","dateModified":"2009-11-21T16:08:11+00:00","breadcrumb":{"@id":"https:\/\/www.caritasbaribitonto.it\/public\/home\/2009\/11\/uno_strano_re_domenica_22_novembre_2009\/#breadcrumb"},"inLanguage":"it-IT","potentialAction":[{"@type":"ReadAction","target":["https:\/\/www.caritasbaribitonto.it\/public\/home\/2009\/11\/uno_strano_re_domenica_22_novembre_2009\/"]}]},{"@type":"ImageObject","inLanguage":"it-IT","@id":"https:\/\/www.caritasbaribitonto.it\/public\/home\/2009\/11\/uno_strano_re_domenica_22_novembre_2009\/#primaryimage","url":"http:\/\/caritasbaribitonto.it\/public\/home\/img\/imgCommentiVangelo\/cristo_re.png","contentUrl":"http:\/\/caritasbaribitonto.it\/public\/home\/img\/imgCommentiVangelo\/cristo_re.png"},{"@type":"BreadcrumbList","@id":"https:\/\/www.caritasbaribitonto.it\/public\/home\/2009\/11\/uno_strano_re_domenica_22_novembre_2009\/#breadcrumb","itemListElement":[{"@type":"ListItem","position":1,"name":"Home","item":"https:\/\/www.caritasbaribitonto.it\/public\/home\/"},{"@type":"ListItem","position":2,"name":"Uno strano re &#8211; Cristo re dell&#8217;universo &#8211; domenica 22 novembre 2009 &#8211; XXXVI Domenica T.O."}]},{"@type":"WebSite","@id":"https:\/\/www.caritasbaribitonto.it\/public\/home\/#website","url":"https:\/\/www.caritasbaribitonto.it\/public\/home\/","name":"Caritas Diocesana Bari-Bitonto","description":"I santi della porta accanto","publisher":{"@id":"https:\/\/www.caritasbaribitonto.it\/public\/home\/#organization"},"potentialAction":[{"@type":"SearchAction","target":{"@type":"EntryPoint","urlTemplate":"https:\/\/www.caritasbaribitonto.it\/public\/home\/?s={search_term_string}"},"query-input":{"@type":"PropertyValueSpecification","valueRequired":true,"valueName":"search_term_string"}}],"inLanguage":"it-IT"},{"@type":"Organization","@id":"https:\/\/www.caritasbaribitonto.it\/public\/home\/#organization","name":"Caritas Diocesana Bari-Bitonto","url":"https:\/\/www.caritasbaribitonto.it\/public\/home\/","logo":{"@type":"ImageObject","inLanguage":"it-IT","@id":"https:\/\/www.caritasbaribitonto.it\/public\/home\/#\/schema\/logo\/image\/","url":"https:\/\/www.caritasbaribitonto.it\/public\/home\/img\/uploads\/2025\/02\/cropped-cropped-caritas2025_350x112.png","contentUrl":"https:\/\/www.caritasbaribitonto.it\/public\/home\/img\/uploads\/2025\/02\/cropped-cropped-caritas2025_350x112.png","width":350,"height":112,"caption":"Caritas Diocesana Bari-Bitonto"},"image":{"@id":"https:\/\/www.caritasbaribitonto.it\/public\/home\/#\/schema\/logo\/image\/"},"sameAs":["https:\/\/www.facebook.com\/pages\/Caritas-Diocesana-Bari-Bitonto\/533981476753770"]},{"@type":"Person","@id":"https:\/\/www.caritasbaribitonto.it\/public\/home\/#\/schema\/person\/06b333402b70fdadb662b68974e8c97a","name":"Giovanni Caputo","image":{"@type":"ImageObject","inLanguage":"it-IT","@id":"https:\/\/www.caritasbaribitonto.it\/public\/home\/#\/schema\/person\/image\/","url":"https:\/\/secure.gravatar.com\/avatar\/6c7e9d4e1e2394bfa4e38377bd0b5e03cbf0c79e27918e6497d3f408f89d0d3b?s=96&d=identicon&r=g","contentUrl":"https:\/\/secure.gravatar.com\/avatar\/6c7e9d4e1e2394bfa4e38377bd0b5e03cbf0c79e27918e6497d3f408f89d0d3b?s=96&d=identicon&r=g","caption":"Giovanni Caputo"},"url":"https:\/\/www.caritasbaribitonto.it\/public\/home\/author\/admin\/"}]}},"jetpack_featured_media_url":"","uagb_featured_image_src":{"full":false,"thumbnail":false,"medium":false,"medium_large":false,"large":false,"1536x1536":false,"2048x2048":false},"uagb_author_info":{"display_name":"Giovanni Caputo","author_link":"https:\/\/www.caritasbaribitonto.it\/public\/home\/author\/admin\/"},"uagb_comment_info":0,"uagb_excerpt":"Dal vangelo secondo Giovanni (Gv 18, 33b-37) In quel tempo, Pilato disse a Ges\u00f9: \u00abSei tu il re dei Giudei?\u00bb. [&hellip;]","_links":{"self":[{"href":"https:\/\/www.caritasbaribitonto.it\/public\/home\/wp-json\/wp\/v2\/posts\/573","targetHints":{"allow":["GET"]}}],"collection":[{"href":"https:\/\/www.caritasbaribitonto.it\/public\/home\/wp-json\/wp\/v2\/posts"}],"about":[{"href":"https:\/\/www.caritasbaribitonto.it\/public\/home\/wp-json\/wp\/v2\/types\/post"}],"author":[{"embeddable":true,"href":"https:\/\/www.caritasbaribitonto.it\/public\/home\/wp-json\/wp\/v2\/users\/1"}],"replies":[{"embeddable":true,"href":"https:\/\/www.caritasbaribitonto.it\/public\/home\/wp-json\/wp\/v2\/comments?post=573"}],"version-history":[{"count":0,"href":"https:\/\/www.caritasbaribitonto.it\/public\/home\/wp-json\/wp\/v2\/posts\/573\/revisions"}],"wp:attachment":[{"href":"https:\/\/www.caritasbaribitonto.it\/public\/home\/wp-json\/wp\/v2\/media?parent=573"}],"wp:term":[{"taxonomy":"category","embeddable":true,"href":"https:\/\/www.caritasbaribitonto.it\/public\/home\/wp-json\/wp\/v2\/categories?post=573"},{"taxonomy":"post_tag","embeddable":true,"href":"https:\/\/www.caritasbaribitonto.it\/public\/home\/wp-json\/wp\/v2\/tags?post=573"}],"curies":[{"name":"wp","href":"https:\/\/api.w.org\/{rel}","templated":true}]}}