{"id":5673,"date":"2019-12-10T16:31:32","date_gmt":"2019-12-10T15:31:32","guid":{"rendered":"https:\/\/www.caritasbaribitonto.it\/public\/home\/?p=5673"},"modified":"2019-12-14T12:08:14","modified_gmt":"2019-12-14T11:08:14","slug":"avvento-di-fraternita-anche-a-natale-fatti-dono","status":"publish","type":"post","link":"https:\/\/www.caritasbaribitonto.it\/public\/home\/2019\/12\/avvento-di-fraternita-anche-a-natale-fatti-dono\/","title":{"rendered":"Avvento di Fraternit\u00e0: Anche a Natale Fatti dono"},"content":{"rendered":"\n<figure class=\"wp-block-image\"><img loading=\"lazy\" decoding=\"async\" width=\"820\" height=\"312\" src=\"https:\/\/www.caritasbaribitonto.it\/public\/home\/img\/uploads\/2019\/12\/20191210_162704_0000.png\" alt=\"\" class=\"wp-image-5674\" srcset=\"https:\/\/www.caritasbaribitonto.it\/public\/home\/img\/uploads\/2019\/12\/20191210_162704_0000.png 820w, https:\/\/www.caritasbaribitonto.it\/public\/home\/img\/uploads\/2019\/12\/20191210_162704_0000-300x114.png 300w, https:\/\/www.caritasbaribitonto.it\/public\/home\/img\/uploads\/2019\/12\/20191210_162704_0000-768x292.png 768w\" sizes=\"auto, (max-width: 820px) 100vw, 820px\" \/><\/figure>\n\n\n\n<blockquote style=\"text-align:right\" class=\"wp-block-quote is-layout-flow wp-block-quote-is-layout-flow\"><p>E il Verbo si fece carne<br> e venne ad abitare in mezzo a noi<\/p><cite>Gv 1,14<\/cite><\/blockquote>\n\n\n\n<p>Carissimi,<\/p>\n\n\n\n<p>il tempo di Avvento e di Natale sono un tempo propizio in cui fare esperienza di Dio. Non un dio lontano, ma l\u2019Emmanuele, il Dio con noi. \u00c8 il tempo dell\u2019attesa che fa spazio all\u2019accoglienza. \u00c8 il tempo in cui riscoprire il grande dono dell\u2019essere figli di Dio e, dunque, fratelli. Anche per chi non crede il Natale richiama i valori della vicinanza, della solidariet\u00e0, della universalit\u00e0.<\/p>\n\n\n\n<p>Nei tanti momenti di festa che vivremo in famiglia, al lavoro, a scuola, all\u2019Universit\u00e0, con gli amici, in comunit\u00e0 non dimentichiamo chi vive nel bisogno anche materiale di un pasto dignitoso, di una doccia calda, di un letto su cui riposare, di un luogo e soprattutto di relazioni dove rientrare e provare a ricomporre la propria vita. Sono piccoli segni, semplici gesti quotidiani che abbiamo il dovere di non fare mancare a nessuno.<\/p>\n\n\n\n<p>Nella nostra diocesi, accanto alle singole esperienze parrocchiali, primi laboratori di prossimit\u00e0 che mai ci stancheremo di ringraziare per l\u2019operosit\u00e0 e la generosit\u00e0 che le contraddistinguono, sono presenti diverse realt\u00e0 di accoglienza: <\/p>\n\n\n\n<p>\u2022    Centro d\u2019accoglienza per persone senza dimora \u201cDon Vito Diana\u201d in via C. dei mille, 74 a Bari con 24 posti letto;<\/p>\n\n\n\n<p>\u2022    O.S.A. Oasi Strade Aperte a Modugno \u00e8 un progetto di accoglienza abitativa e di sostegno personale prettamente per padri separati, che vengono a trovarsi in una condizione di precarieta\u0300 economica e relazionale;<br>\n\u2022    Casa Ain Karem in Corso de Gasperi a Bari \u00e8 un centro per l\u2019autonomia e il reinserimento sociale di donne sole;<br>\n\u2022    Casa Freedom, in cui sono accolti detenuti in permesso premio, soli o con le loro famiglie;<br>\n\u2022    Il Centro di ascolto diocesano che ha il compito di accogliere, ascoltare e orientare quanti si avvicinano in cerca di aiuto;<br>\n\u2022    La Comunit\u00e0 Micaela che accoglie donne vittime di tratta;<br>\n\u2022    L\u2019accoglienza di alcune famiglie provenienti di corridoi umanitari<br>\n\u2022    Le diverse Mense facenti parte del coordinamento caritas;<br>\n\u2022    I Centri di ascolto <br>\n\u2022    Le tante realt\u00e0 che ci chiedono aiuto\u2026<\/p>\n\n\n\n<p>Per queste realt\u00e0, in questo tempo di Avvento e Natale, promuoviamo la raccolta di <br>\n\uf0e8    generi alimentari, latte a lunga conservazione, biscotti olio; <br>\n\uf0e8    prodotti per l\u2019igiene personale: bagnoschiuma, shampoo, schiuma da barba e lamette, dentifrici e spazzolini.<br>\n\uf0e8    intimo uomo e donna; pigiami, vestaglie invernali e pantofole per donna;<br>\n\uf0e8    detersivi per lavatrici e la pulizia degli ambienti.<br>\nCome potete notare \u00e8 l\u2019essenziale che serve per la vita quotidiana di una famiglia.<\/p>\n\n\n\n<p>Le opere segno sono pensate come luoghi dove provare a rimettere in piedi la quotidianit\u00e0, in cui, con l\u2019aiuto di volontari e operatori, riprendere in mano la propria vita e darsi un\u2019opportunit\u00e0, sono anche il luogo in cui ricomporre gli affetti.<\/p>\n\n\n\n<p>Sar\u00e0 possibile consegnare quanto raccolto presso la sede diocesana dell\u2019Azione Cattolica, che ringraziamo per l\u2019ospitalit\u00e0, sita in corso A. De Gasperi 274\/A in Bari nei giorni 27 dicembre e 3 gennaio dalle ore 15.30 alle ore 17.00.<\/p>\n\n\n\n<p>Inoltre \u00e8 possibile donare anche tramite bonifico:<br>\nIBAN IT40Z0311104007000000007986 intestato a Arcidiocesi Bari-Bitonto\/Caritas diocesana \u2013 Causale: NATALE PER I PIU\u2019 SOLI<br>\n\u2022tramite ccp: 000011938701 intestato a Arcidiocesi Bari-Bitonto\/Caritas diocesana \u2013 Causale: NATALE PER I PIU\u2019 SOLI.<\/p>\n\n\n\n<p>Ringraziandovi per la generosit\u00e0 delle vostre donazioni e del tempo che vorrete condividere con noi, vogliamo raggiungervi con le parole di Papa Francesco, nella lettera Lettera apostolica \u201cAdmirabile signum\u201d, e augurare a tutti un gioioso Natale: <\/p>\n\n\n\n<p>\u201cI poveri e i semplici nel presepe ricordano che Dio si fa uomo per quelli che pi\u00f9 sentono il bisogno del suo amore e chiedono la sua vicinanza. Ges\u00f9, \u00abmite e umile di cuore\u00bb (Mt 11,29), \u00e8 nato povero, ha condotto una vita semplice per insegnarci a cogliere l\u2019essenziale e vivere di esso. Dal presepe emerge chiaro il messaggio che non possiamo lasciarci illudere dalla ricchezza e da tante proposte effimere di felicit\u00e0. Il palazzo di Erode \u00e8 sullo sfondo, chiuso, sordo all\u2019annuncio di gioia. Nascendo nel presepe, Dio stesso inizia l\u2019unica vera rivoluzione che d\u00e0 speranza e dignit\u00e0 ai diseredati, agli emarginati: la rivoluzione dell\u2019amore, la rivoluzione della tenerezza. Dal presepe, Ges\u00f9 proclama, con mite potenza, l\u2019appello alla condivisione con gli ultimi quale strada verso un mondo pi\u00f9 umano e fraterno, dove nessuno sia escluso ed emarginato\u201d. <\/p>\n\n\n\n<p><br> Auguri di cuore!<br> Don Vito, Michela e Vito<\/p>\n","protected":false},"excerpt":{"rendered":"<p>E il Verbo si fece carne e venne ad abitare in mezzo a noi Gv 1,14 Carissimi, il tempo di [&hellip;]<\/p>\n","protected":false},"author":1,"featured_media":5674,"comment_status":"closed","ping_status":"open","sticky":false,"template":"","format":"standard","meta":{"_uag_custom_page_level_css":"","site-sidebar-layout":"default","site-content-layout":"","ast-site-content-layout":"default","site-content-style":"default","site-sidebar-style":"default","ast-global-header-display":"","ast-banner-title-visibility":"","ast-main-header-display":"","ast-hfb-above-header-display":"","ast-hfb-below-header-display":"","ast-hfb-mobile-header-display":"","site-post-title":"","ast-breadcrumbs-content":"","ast-featured-img":"","footer-sml-layout":"","theme-transparent-header-meta":"","adv-header-id-meta":"","stick-header-meta":"","header-above-stick-meta":"","header-main-stick-meta":"","header-below-stick-meta":"","astra-migrate-meta-layouts":"default","ast-page-background-enabled":"default","ast-page-background-meta":{"desktop":{"background-color":"var(--ast-global-color-5)","background-image":"","background-repeat":"repeat","background-position":"center center","background-size":"auto","background-attachment":"scroll","background-type":"","background-media":"","overlay-type":"","overlay-color":"","overlay-opacity":"","overlay-gradient":""},"tablet":{"background-color":"","background-image":"","background-repeat":"repeat","background-position":"center center","background-size":"auto","background-attachment":"scroll","background-type":"","background-media":"","overlay-type":"","overlay-color":"","overlay-opacity":"","overlay-gradient":""},"mobile":{"background-color":"","background-image":"","background-repeat":"repeat","background-position":"center center","background-size":"auto","background-attachment":"scroll","background-type":"","background-media":"","overlay-type":"","overlay-color":"","overlay-opacity":"","overlay-gradient":""}},"ast-content-background-meta":{"desktop":{"background-color":"var(--ast-global-color-4)","background-image":"","background-repeat":"repeat","background-position":"center center","background-size":"auto","background-attachment":"scroll","background-type":"","background-media":"","overlay-type":"","overlay-color":"","overlay-opacity":"","overlay-gradient":""},"tablet":{"background-color":"var(--ast-global-color-4)","background-image":"","background-repeat":"repeat","background-position":"center center","background-size":"auto","background-attachment":"scroll","background-type":"","background-media":"","overlay-type":"","overlay-color":"","overlay-opacity":"","overlay-gradient":""},"mobile":{"background-color":"var(--ast-global-color-4)","background-image":"","background-repeat":"repeat","background-position":"center center","background-size":"auto","background-attachment":"scroll","background-type":"","background-media":"","overlay-type":"","overlay-color":"","overlay-opacity":"","overlay-gradient":""}},"footnotes":""},"categories":[1,212],"tags":[],"class_list":["post-5673","post","type-post","status-publish","format-standard","has-post-thumbnail","hentry","category-generale","category-in-evidenza"],"gutentor_comment":0,"yoast_head":"<!-- This site is optimized with the Yoast SEO plugin v26.8 - https:\/\/yoast.com\/product\/yoast-seo-wordpress\/ -->\r\n<title>Avvento di Fraternit\u00e0: Anche a Natale Fatti dono - Caritas Diocesana Bari-Bitonto<\/title>\r\n<meta name=\"robots\" content=\"index, follow, max-snippet:-1, max-image-preview:large, max-video-preview:-1\" \/>\r\n<link rel=\"canonical\" href=\"https:\/\/www.caritasbaribitonto.it\/public\/home\/2019\/12\/avvento-di-fraternita-anche-a-natale-fatti-dono\/\" \/>\r\n<meta property=\"og:locale\" content=\"it_IT\" \/>\r\n<meta property=\"og:type\" content=\"article\" \/>\r\n<meta property=\"og:title\" content=\"Avvento di Fraternit\u00e0: Anche a Natale Fatti dono - Caritas Diocesana Bari-Bitonto\" \/>\r\n<meta property=\"og:description\" content=\"E il Verbo si fece carne e venne ad abitare in mezzo a noi Gv 1,14 Carissimi, il tempo di [&hellip;]\" \/>\r\n<meta property=\"og:url\" content=\"https:\/\/www.caritasbaribitonto.it\/public\/home\/2019\/12\/avvento-di-fraternita-anche-a-natale-fatti-dono\/\" \/>\r\n<meta property=\"og:site_name\" content=\"Caritas Diocesana Bari-Bitonto\" \/>\r\n<meta property=\"article:publisher\" content=\"https:\/\/www.facebook.com\/pages\/Caritas-Diocesana-Bari-Bitonto\/533981476753770\" \/>\r\n<meta property=\"article:published_time\" content=\"2019-12-10T15:31:32+00:00\" \/>\r\n<meta property=\"article:modified_time\" content=\"2019-12-14T11:08:14+00:00\" \/>\r\n<meta property=\"og:image\" content=\"https:\/\/www.caritasbaribitonto.it\/public\/home\/img\/uploads\/2019\/12\/20191210_162704_0000.png\" \/>\r\n\t<meta property=\"og:image:width\" content=\"820\" \/>\r\n\t<meta property=\"og:image:height\" content=\"312\" \/>\r\n\t<meta property=\"og:image:type\" content=\"image\/png\" \/>\r\n<meta name=\"author\" content=\"Giovanni Caputo\" \/>\r\n<meta name=\"twitter:card\" content=\"summary_large_image\" \/>\r\n<meta name=\"twitter:label1\" content=\"Scritto da\" \/>\n\t<meta name=\"twitter:data1\" content=\"Giovanni Caputo\" \/>\n\t<meta name=\"twitter:label2\" content=\"Tempo di lettura stimato\" \/>\n\t<meta name=\"twitter:data2\" content=\"4 minuti\" \/>\r\n<script type=\"application\/ld+json\" class=\"yoast-schema-graph\">{\"@context\":\"https:\/\/schema.org\",\"@graph\":[{\"@type\":\"Article\",\"@id\":\"https:\/\/www.caritasbaribitonto.it\/public\/home\/2019\/12\/avvento-di-fraternita-anche-a-natale-fatti-dono\/#article\",\"isPartOf\":{\"@id\":\"https:\/\/www.caritasbaribitonto.it\/public\/home\/2019\/12\/avvento-di-fraternita-anche-a-natale-fatti-dono\/\"},\"author\":{\"name\":\"Giovanni Caputo\",\"@id\":\"https:\/\/www.caritasbaribitonto.it\/public\/home\/#\/schema\/person\/06b333402b70fdadb662b68974e8c97a\"},\"headline\":\"Avvento di Fraternit\u00e0: Anche a Natale Fatti dono\",\"datePublished\":\"2019-12-10T15:31:32+00:00\",\"dateModified\":\"2019-12-14T11:08:14+00:00\",\"mainEntityOfPage\":{\"@id\":\"https:\/\/www.caritasbaribitonto.it\/public\/home\/2019\/12\/avvento-di-fraternita-anche-a-natale-fatti-dono\/\"},\"wordCount\":715,\"publisher\":{\"@id\":\"https:\/\/www.caritasbaribitonto.it\/public\/home\/#organization\"},\"image\":{\"@id\":\"https:\/\/www.caritasbaribitonto.it\/public\/home\/2019\/12\/avvento-di-fraternita-anche-a-natale-fatti-dono\/#primaryimage\"},\"thumbnailUrl\":\"https:\/\/www.caritasbaribitonto.it\/public\/home\/img\/uploads\/2019\/12\/20191210_162704_0000.png\",\"articleSection\":[\"Generale\",\"In Evidenza\"],\"inLanguage\":\"it-IT\"},{\"@type\":\"WebPage\",\"@id\":\"https:\/\/www.caritasbaribitonto.it\/public\/home\/2019\/12\/avvento-di-fraternita-anche-a-natale-fatti-dono\/\",\"url\":\"https:\/\/www.caritasbaribitonto.it\/public\/home\/2019\/12\/avvento-di-fraternita-anche-a-natale-fatti-dono\/\",\"name\":\"Avvento di Fraternit\u00e0: Anche a Natale Fatti dono - Caritas Diocesana Bari-Bitonto\",\"isPartOf\":{\"@id\":\"https:\/\/www.caritasbaribitonto.it\/public\/home\/#website\"},\"primaryImageOfPage\":{\"@id\":\"https:\/\/www.caritasbaribitonto.it\/public\/home\/2019\/12\/avvento-di-fraternita-anche-a-natale-fatti-dono\/#primaryimage\"},\"image\":{\"@id\":\"https:\/\/www.caritasbaribitonto.it\/public\/home\/2019\/12\/avvento-di-fraternita-anche-a-natale-fatti-dono\/#primaryimage\"},\"thumbnailUrl\":\"https:\/\/www.caritasbaribitonto.it\/public\/home\/img\/uploads\/2019\/12\/20191210_162704_0000.png\",\"datePublished\":\"2019-12-10T15:31:32+00:00\",\"dateModified\":\"2019-12-14T11:08:14+00:00\",\"breadcrumb\":{\"@id\":\"https:\/\/www.caritasbaribitonto.it\/public\/home\/2019\/12\/avvento-di-fraternita-anche-a-natale-fatti-dono\/#breadcrumb\"},\"inLanguage\":\"it-IT\",\"potentialAction\":[{\"@type\":\"ReadAction\",\"target\":[\"https:\/\/www.caritasbaribitonto.it\/public\/home\/2019\/12\/avvento-di-fraternita-anche-a-natale-fatti-dono\/\"]}]},{\"@type\":\"ImageObject\",\"inLanguage\":\"it-IT\",\"@id\":\"https:\/\/www.caritasbaribitonto.it\/public\/home\/2019\/12\/avvento-di-fraternita-anche-a-natale-fatti-dono\/#primaryimage\",\"url\":\"https:\/\/www.caritasbaribitonto.it\/public\/home\/img\/uploads\/2019\/12\/20191210_162704_0000.png\",\"contentUrl\":\"https:\/\/www.caritasbaribitonto.it\/public\/home\/img\/uploads\/2019\/12\/20191210_162704_0000.png\",\"width\":820,\"height\":312},{\"@type\":\"BreadcrumbList\",\"@id\":\"https:\/\/www.caritasbaribitonto.it\/public\/home\/2019\/12\/avvento-di-fraternita-anche-a-natale-fatti-dono\/#breadcrumb\",\"itemListElement\":[{\"@type\":\"ListItem\",\"position\":1,\"name\":\"Home\",\"item\":\"https:\/\/www.caritasbaribitonto.it\/public\/home\/\"},{\"@type\":\"ListItem\",\"position\":2,\"name\":\"Avvento di Fraternit\u00e0: Anche a Natale Fatti dono\"}]},{\"@type\":\"WebSite\",\"@id\":\"https:\/\/www.caritasbaribitonto.it\/public\/home\/#website\",\"url\":\"https:\/\/www.caritasbaribitonto.it\/public\/home\/\",\"name\":\"Caritas Diocesana Bari-Bitonto\",\"description\":\"I santi della porta accanto\",\"publisher\":{\"@id\":\"https:\/\/www.caritasbaribitonto.it\/public\/home\/#organization\"},\"potentialAction\":[{\"@type\":\"SearchAction\",\"target\":{\"@type\":\"EntryPoint\",\"urlTemplate\":\"https:\/\/www.caritasbaribitonto.it\/public\/home\/?s={search_term_string}\"},\"query-input\":{\"@type\":\"PropertyValueSpecification\",\"valueRequired\":true,\"valueName\":\"search_term_string\"}}],\"inLanguage\":\"it-IT\"},{\"@type\":\"Organization\",\"@id\":\"https:\/\/www.caritasbaribitonto.it\/public\/home\/#organization\",\"name\":\"Caritas Diocesana Bari-Bitonto\",\"url\":\"https:\/\/www.caritasbaribitonto.it\/public\/home\/\",\"logo\":{\"@type\":\"ImageObject\",\"inLanguage\":\"it-IT\",\"@id\":\"https:\/\/www.caritasbaribitonto.it\/public\/home\/#\/schema\/logo\/image\/\",\"url\":\"https:\/\/www.caritasbaribitonto.it\/public\/home\/img\/uploads\/2025\/02\/cropped-cropped-caritas2025_350x112.png\",\"contentUrl\":\"https:\/\/www.caritasbaribitonto.it\/public\/home\/img\/uploads\/2025\/02\/cropped-cropped-caritas2025_350x112.png\",\"width\":350,\"height\":112,\"caption\":\"Caritas Diocesana Bari-Bitonto\"},\"image\":{\"@id\":\"https:\/\/www.caritasbaribitonto.it\/public\/home\/#\/schema\/logo\/image\/\"},\"sameAs\":[\"https:\/\/www.facebook.com\/pages\/Caritas-Diocesana-Bari-Bitonto\/533981476753770\"]},{\"@type\":\"Person\",\"@id\":\"https:\/\/www.caritasbaribitonto.it\/public\/home\/#\/schema\/person\/06b333402b70fdadb662b68974e8c97a\",\"name\":\"Giovanni Caputo\",\"image\":{\"@type\":\"ImageObject\",\"inLanguage\":\"it-IT\",\"@id\":\"https:\/\/www.caritasbaribitonto.it\/public\/home\/#\/schema\/person\/image\/\",\"url\":\"https:\/\/secure.gravatar.com\/avatar\/6c7e9d4e1e2394bfa4e38377bd0b5e03cbf0c79e27918e6497d3f408f89d0d3b?s=96&d=identicon&r=g\",\"contentUrl\":\"https:\/\/secure.gravatar.com\/avatar\/6c7e9d4e1e2394bfa4e38377bd0b5e03cbf0c79e27918e6497d3f408f89d0d3b?s=96&d=identicon&r=g\",\"caption\":\"Giovanni Caputo\"},\"url\":\"https:\/\/www.caritasbaribitonto.it\/public\/home\/author\/admin\/\"}]}<\/script>\r\n<!-- \/ Yoast SEO plugin. -->","yoast_head_json":{"title":"Avvento di Fraternit\u00e0: Anche a Natale Fatti dono - Caritas Diocesana Bari-Bitonto","robots":{"index":"index","follow":"follow","max-snippet":"max-snippet:-1","max-image-preview":"max-image-preview:large","max-video-preview":"max-video-preview:-1"},"canonical":"https:\/\/www.caritasbaribitonto.it\/public\/home\/2019\/12\/avvento-di-fraternita-anche-a-natale-fatti-dono\/","og_locale":"it_IT","og_type":"article","og_title":"Avvento di Fraternit\u00e0: Anche a Natale Fatti dono - Caritas Diocesana Bari-Bitonto","og_description":"E il Verbo si fece carne e venne ad abitare in mezzo a noi Gv 1,14 Carissimi, il tempo di [&hellip;]","og_url":"https:\/\/www.caritasbaribitonto.it\/public\/home\/2019\/12\/avvento-di-fraternita-anche-a-natale-fatti-dono\/","og_site_name":"Caritas Diocesana Bari-Bitonto","article_publisher":"https:\/\/www.facebook.com\/pages\/Caritas-Diocesana-Bari-Bitonto\/533981476753770","article_published_time":"2019-12-10T15:31:32+00:00","article_modified_time":"2019-12-14T11:08:14+00:00","og_image":[{"width":820,"height":312,"url":"https:\/\/www.caritasbaribitonto.it\/public\/home\/img\/uploads\/2019\/12\/20191210_162704_0000.png","type":"image\/png"}],"author":"Giovanni Caputo","twitter_card":"summary_large_image","twitter_misc":{"Scritto da":"Giovanni Caputo","Tempo di lettura stimato":"4 minuti"},"schema":{"@context":"https:\/\/schema.org","@graph":[{"@type":"Article","@id":"https:\/\/www.caritasbaribitonto.it\/public\/home\/2019\/12\/avvento-di-fraternita-anche-a-natale-fatti-dono\/#article","isPartOf":{"@id":"https:\/\/www.caritasbaribitonto.it\/public\/home\/2019\/12\/avvento-di-fraternita-anche-a-natale-fatti-dono\/"},"author":{"name":"Giovanni Caputo","@id":"https:\/\/www.caritasbaribitonto.it\/public\/home\/#\/schema\/person\/06b333402b70fdadb662b68974e8c97a"},"headline":"Avvento di Fraternit\u00e0: Anche a Natale Fatti dono","datePublished":"2019-12-10T15:31:32+00:00","dateModified":"2019-12-14T11:08:14+00:00","mainEntityOfPage":{"@id":"https:\/\/www.caritasbaribitonto.it\/public\/home\/2019\/12\/avvento-di-fraternita-anche-a-natale-fatti-dono\/"},"wordCount":715,"publisher":{"@id":"https:\/\/www.caritasbaribitonto.it\/public\/home\/#organization"},"image":{"@id":"https:\/\/www.caritasbaribitonto.it\/public\/home\/2019\/12\/avvento-di-fraternita-anche-a-natale-fatti-dono\/#primaryimage"},"thumbnailUrl":"https:\/\/www.caritasbaribitonto.it\/public\/home\/img\/uploads\/2019\/12\/20191210_162704_0000.png","articleSection":["Generale","In Evidenza"],"inLanguage":"it-IT"},{"@type":"WebPage","@id":"https:\/\/www.caritasbaribitonto.it\/public\/home\/2019\/12\/avvento-di-fraternita-anche-a-natale-fatti-dono\/","url":"https:\/\/www.caritasbaribitonto.it\/public\/home\/2019\/12\/avvento-di-fraternita-anche-a-natale-fatti-dono\/","name":"Avvento di Fraternit\u00e0: Anche a Natale Fatti dono - Caritas Diocesana Bari-Bitonto","isPartOf":{"@id":"https:\/\/www.caritasbaribitonto.it\/public\/home\/#website"},"primaryImageOfPage":{"@id":"https:\/\/www.caritasbaribitonto.it\/public\/home\/2019\/12\/avvento-di-fraternita-anche-a-natale-fatti-dono\/#primaryimage"},"image":{"@id":"https:\/\/www.caritasbaribitonto.it\/public\/home\/2019\/12\/avvento-di-fraternita-anche-a-natale-fatti-dono\/#primaryimage"},"thumbnailUrl":"https:\/\/www.caritasbaribitonto.it\/public\/home\/img\/uploads\/2019\/12\/20191210_162704_0000.png","datePublished":"2019-12-10T15:31:32+00:00","dateModified":"2019-12-14T11:08:14+00:00","breadcrumb":{"@id":"https:\/\/www.caritasbaribitonto.it\/public\/home\/2019\/12\/avvento-di-fraternita-anche-a-natale-fatti-dono\/#breadcrumb"},"inLanguage":"it-IT","potentialAction":[{"@type":"ReadAction","target":["https:\/\/www.caritasbaribitonto.it\/public\/home\/2019\/12\/avvento-di-fraternita-anche-a-natale-fatti-dono\/"]}]},{"@type":"ImageObject","inLanguage":"it-IT","@id":"https:\/\/www.caritasbaribitonto.it\/public\/home\/2019\/12\/avvento-di-fraternita-anche-a-natale-fatti-dono\/#primaryimage","url":"https:\/\/www.caritasbaribitonto.it\/public\/home\/img\/uploads\/2019\/12\/20191210_162704_0000.png","contentUrl":"https:\/\/www.caritasbaribitonto.it\/public\/home\/img\/uploads\/2019\/12\/20191210_162704_0000.png","width":820,"height":312},{"@type":"BreadcrumbList","@id":"https:\/\/www.caritasbaribitonto.it\/public\/home\/2019\/12\/avvento-di-fraternita-anche-a-natale-fatti-dono\/#breadcrumb","itemListElement":[{"@type":"ListItem","position":1,"name":"Home","item":"https:\/\/www.caritasbaribitonto.it\/public\/home\/"},{"@type":"ListItem","position":2,"name":"Avvento di Fraternit\u00e0: Anche a Natale Fatti dono"}]},{"@type":"WebSite","@id":"https:\/\/www.caritasbaribitonto.it\/public\/home\/#website","url":"https:\/\/www.caritasbaribitonto.it\/public\/home\/","name":"Caritas Diocesana Bari-Bitonto","description":"I santi della porta accanto","publisher":{"@id":"https:\/\/www.caritasbaribitonto.it\/public\/home\/#organization"},"potentialAction":[{"@type":"SearchAction","target":{"@type":"EntryPoint","urlTemplate":"https:\/\/www.caritasbaribitonto.it\/public\/home\/?s={search_term_string}"},"query-input":{"@type":"PropertyValueSpecification","valueRequired":true,"valueName":"search_term_string"}}],"inLanguage":"it-IT"},{"@type":"Organization","@id":"https:\/\/www.caritasbaribitonto.it\/public\/home\/#organization","name":"Caritas Diocesana Bari-Bitonto","url":"https:\/\/www.caritasbaribitonto.it\/public\/home\/","logo":{"@type":"ImageObject","inLanguage":"it-IT","@id":"https:\/\/www.caritasbaribitonto.it\/public\/home\/#\/schema\/logo\/image\/","url":"https:\/\/www.caritasbaribitonto.it\/public\/home\/img\/uploads\/2025\/02\/cropped-cropped-caritas2025_350x112.png","contentUrl":"https:\/\/www.caritasbaribitonto.it\/public\/home\/img\/uploads\/2025\/02\/cropped-cropped-caritas2025_350x112.png","width":350,"height":112,"caption":"Caritas Diocesana Bari-Bitonto"},"image":{"@id":"https:\/\/www.caritasbaribitonto.it\/public\/home\/#\/schema\/logo\/image\/"},"sameAs":["https:\/\/www.facebook.com\/pages\/Caritas-Diocesana-Bari-Bitonto\/533981476753770"]},{"@type":"Person","@id":"https:\/\/www.caritasbaribitonto.it\/public\/home\/#\/schema\/person\/06b333402b70fdadb662b68974e8c97a","name":"Giovanni Caputo","image":{"@type":"ImageObject","inLanguage":"it-IT","@id":"https:\/\/www.caritasbaribitonto.it\/public\/home\/#\/schema\/person\/image\/","url":"https:\/\/secure.gravatar.com\/avatar\/6c7e9d4e1e2394bfa4e38377bd0b5e03cbf0c79e27918e6497d3f408f89d0d3b?s=96&d=identicon&r=g","contentUrl":"https:\/\/secure.gravatar.com\/avatar\/6c7e9d4e1e2394bfa4e38377bd0b5e03cbf0c79e27918e6497d3f408f89d0d3b?s=96&d=identicon&r=g","caption":"Giovanni Caputo"},"url":"https:\/\/www.caritasbaribitonto.it\/public\/home\/author\/admin\/"}]}},"jetpack_featured_media_url":"https:\/\/www.caritasbaribitonto.it\/public\/home\/img\/uploads\/2019\/12\/20191210_162704_0000.png","uagb_featured_image_src":{"full":["https:\/\/www.caritasbaribitonto.it\/public\/home\/img\/uploads\/2019\/12\/20191210_162704_0000.png",820,312,false],"thumbnail":["https:\/\/www.caritasbaribitonto.it\/public\/home\/img\/uploads\/2019\/12\/20191210_162704_0000-150x150.png",150,150,true],"medium":["https:\/\/www.caritasbaribitonto.it\/public\/home\/img\/uploads\/2019\/12\/20191210_162704_0000-300x114.png",300,114,true],"medium_large":["https:\/\/www.caritasbaribitonto.it\/public\/home\/img\/uploads\/2019\/12\/20191210_162704_0000-768x292.png",768,292,true],"large":["https:\/\/www.caritasbaribitonto.it\/public\/home\/img\/uploads\/2019\/12\/20191210_162704_0000.png",820,312,false],"1536x1536":["https:\/\/www.caritasbaribitonto.it\/public\/home\/img\/uploads\/2019\/12\/20191210_162704_0000.png",820,312,false],"2048x2048":["https:\/\/www.caritasbaribitonto.it\/public\/home\/img\/uploads\/2019\/12\/20191210_162704_0000.png",820,312,false]},"uagb_author_info":{"display_name":"Giovanni Caputo","author_link":"https:\/\/www.caritasbaribitonto.it\/public\/home\/author\/admin\/"},"uagb_comment_info":0,"uagb_excerpt":"E il Verbo si fece carne e venne ad abitare in mezzo a noi Gv 1,14 Carissimi, il tempo di [&hellip;]","_links":{"self":[{"href":"https:\/\/www.caritasbaribitonto.it\/public\/home\/wp-json\/wp\/v2\/posts\/5673","targetHints":{"allow":["GET"]}}],"collection":[{"href":"https:\/\/www.caritasbaribitonto.it\/public\/home\/wp-json\/wp\/v2\/posts"}],"about":[{"href":"https:\/\/www.caritasbaribitonto.it\/public\/home\/wp-json\/wp\/v2\/types\/post"}],"author":[{"embeddable":true,"href":"https:\/\/www.caritasbaribitonto.it\/public\/home\/wp-json\/wp\/v2\/users\/1"}],"replies":[{"embeddable":true,"href":"https:\/\/www.caritasbaribitonto.it\/public\/home\/wp-json\/wp\/v2\/comments?post=5673"}],"version-history":[{"count":0,"href":"https:\/\/www.caritasbaribitonto.it\/public\/home\/wp-json\/wp\/v2\/posts\/5673\/revisions"}],"wp:featuredmedia":[{"embeddable":true,"href":"https:\/\/www.caritasbaribitonto.it\/public\/home\/wp-json\/wp\/v2\/media\/5674"}],"wp:attachment":[{"href":"https:\/\/www.caritasbaribitonto.it\/public\/home\/wp-json\/wp\/v2\/media?parent=5673"}],"wp:term":[{"taxonomy":"category","embeddable":true,"href":"https:\/\/www.caritasbaribitonto.it\/public\/home\/wp-json\/wp\/v2\/categories?post=5673"},{"taxonomy":"post_tag","embeddable":true,"href":"https:\/\/www.caritasbaribitonto.it\/public\/home\/wp-json\/wp\/v2\/tags?post=5673"}],"curies":[{"name":"wp","href":"https:\/\/api.w.org\/{rel}","templated":true}]}}