{"id":5569,"date":"2019-09-15T14:49:00","date_gmt":"2019-09-15T12:49:00","guid":{"rendered":"https:\/\/www.caritasbaribitonto.it\/public\/home\/?p=5569"},"modified":"2019-09-15T14:49:12","modified_gmt":"2019-09-15T12:49:12","slug":"anniversario-del-martirio-di-don-pino-puglisi-lin-segnante-col-sorriso","status":"publish","type":"post","link":"https:\/\/www.caritasbaribitonto.it\/public\/home\/2019\/09\/anniversario-del-martirio-di-don-pino-puglisi-lin-segnante-col-sorriso\/","title":{"rendered":"Anniversario del martirio di don Pino Puglisi: l&#8217;in-segnante col sorriso"},"content":{"rendered":"\n<figure class=\"wp-block-image\"><img loading=\"lazy\" decoding=\"async\" width=\"1024\" height=\"556\" src=\"https:\/\/www.caritasbaribitonto.it\/public\/home\/img\/uploads\/2019\/09\/don-pino-puglisi-1-1024x556.jpg\" alt=\"\" class=\"wp-image-5571\" srcset=\"https:\/\/www.caritasbaribitonto.it\/public\/home\/img\/uploads\/2019\/09\/don-pino-puglisi-1-1024x556.jpg 1024w, https:\/\/www.caritasbaribitonto.it\/public\/home\/img\/uploads\/2019\/09\/don-pino-puglisi-1-300x163.jpg 300w, https:\/\/www.caritasbaribitonto.it\/public\/home\/img\/uploads\/2019\/09\/don-pino-puglisi-1-768x417.jpg 768w, https:\/\/www.caritasbaribitonto.it\/public\/home\/img\/uploads\/2019\/09\/don-pino-puglisi-1.jpg 1068w\" sizes=\"auto, (max-width: 1024px) 100vw, 1024px\" \/><\/figure>\n\n\n\n<p>Nel XXVl anniversario del martirio di p. Pino Puglisi esprimiamo gratitudine a quanti sul territorio diocesano (e non solo) esprimono la carit\u00e0 dell&#8217;educazione specie a fianco dei pi\u00f9 piccoli e delle nuove generazioni.<\/p>\n\n\n\n<p> Un caro pensiero ai genitori, alle famiglie, alle scuole, alle comunit\u00e0 parrocchiali, agli istituti religiosi, alle tante associazioni che fanno crescere il bene e preparano con la carit\u00e0 di oggi quella che sar\u00e0 la giustizia del domani. <\/p>\n\n\n\n<p>Questo Santo prete che conquistava col suo sorriso possa ispirare gesti e parole nuove, alternative, che in-segnino per sempre.<\/p>\n","protected":false},"excerpt":{"rendered":"<p>Nel XXVl anniversario del martirio di p. Pino Puglisi esprimiamo gratitudine a quanti sul territorio diocesano (e non solo) esprimono [&hellip;]<\/p>\n","protected":false},"author":1,"featured_media":5570,"comment_status":"closed","ping_status":"open","sticky":false,"template":"","format":"standard","meta":{"_uag_custom_page_level_css":"","site-sidebar-layout":"default","site-content-layout":"","ast-site-content-layout":"default","site-content-style":"default","site-sidebar-style":"default","ast-global-header-display":"","ast-banner-title-visibility":"","ast-main-header-display":"","ast-hfb-above-header-display":"","ast-hfb-below-header-display":"","ast-hfb-mobile-header-display":"","site-post-title":"","ast-breadcrumbs-content":"","ast-featured-img":"","footer-sml-layout":"","theme-transparent-header-meta":"","adv-header-id-meta":"","stick-header-meta":"","header-above-stick-meta":"","header-main-stick-meta":"","header-below-stick-meta":"","astra-migrate-meta-layouts":"default","ast-page-background-enabled":"default","ast-page-background-meta":{"desktop":{"background-color":"var(--ast-global-color-5)","background-image":"","background-repeat":"repeat","background-position":"center center","background-size":"auto","background-attachment":"scroll","background-type":"","background-media":"","overlay-type":"","overlay-color":"","overlay-opacity":"","overlay-gradient":""},"tablet":{"background-color":"","background-image":"","background-repeat":"repeat","background-position":"center center","background-size":"auto","background-attachment":"scroll","background-type":"","background-media":"","overlay-type":"","overlay-color":"","overlay-opacity":"","overlay-gradient":""},"mobile":{"background-color":"","background-image":"","background-repeat":"repeat","background-position":"center center","background-size":"auto","background-attachment":"scroll","background-type":"","background-media":"","overlay-type":"","overlay-color":"","overlay-opacity":"","overlay-gradient":""}},"ast-content-background-meta":{"desktop":{"background-color":"var(--ast-global-color-4)","background-image":"","background-repeat":"repeat","background-position":"center center","background-size":"auto","background-attachment":"scroll","background-type":"","background-media":"","overlay-type":"","overlay-color":"","overlay-opacity":"","overlay-gradient":""},"tablet":{"background-color":"var(--ast-global-color-4)","background-image":"","background-repeat":"repeat","background-position":"center center","background-size":"auto","background-attachment":"scroll","background-type":"","background-media":"","overlay-type":"","overlay-color":"","overlay-opacity":"","overlay-gradient":""},"mobile":{"background-color":"var(--ast-global-color-4)","background-image":"","background-repeat":"repeat","background-position":"center center","background-size":"auto","background-attachment":"scroll","background-type":"","background-media":"","overlay-type":"","overlay-color":"","overlay-opacity":"","overlay-gradient":""}},"footnotes":""},"categories":[3,212],"tags":[],"class_list":["post-5569","post","type-post","status-publish","format-standard","has-post-thumbnail","hentry","category-avvisi","category-in-evidenza"],"gutentor_comment":0,"yoast_head":"<!-- This site is optimized with the Yoast SEO plugin v26.8 - https:\/\/yoast.com\/product\/yoast-seo-wordpress\/ -->\r\n<title>Anniversario del martirio di don Pino Puglisi: l&#039;in-segnante col sorriso - Caritas Diocesana Bari-Bitonto<\/title>\r\n<meta name=\"robots\" content=\"index, follow, max-snippet:-1, max-image-preview:large, max-video-preview:-1\" \/>\r\n<link rel=\"canonical\" href=\"https:\/\/www.caritasbaribitonto.it\/public\/home\/2019\/09\/anniversario-del-martirio-di-don-pino-puglisi-lin-segnante-col-sorriso\/\" \/>\r\n<meta property=\"og:locale\" content=\"it_IT\" \/>\r\n<meta property=\"og:type\" content=\"article\" \/>\r\n<meta property=\"og:title\" content=\"Anniversario del martirio di don Pino Puglisi: l&#039;in-segnante col sorriso - Caritas Diocesana Bari-Bitonto\" \/>\r\n<meta property=\"og:description\" content=\"Nel XXVl anniversario del martirio di p. Pino Puglisi esprimiamo gratitudine a quanti sul territorio diocesano (e non solo) esprimono [&hellip;]\" \/>\r\n<meta property=\"og:url\" content=\"https:\/\/www.caritasbaribitonto.it\/public\/home\/2019\/09\/anniversario-del-martirio-di-don-pino-puglisi-lin-segnante-col-sorriso\/\" \/>\r\n<meta property=\"og:site_name\" content=\"Caritas Diocesana Bari-Bitonto\" \/>\r\n<meta property=\"article:publisher\" content=\"https:\/\/www.facebook.com\/pages\/Caritas-Diocesana-Bari-Bitonto\/533981476753770\" \/>\r\n<meta property=\"article:published_time\" content=\"2019-09-15T12:49:00+00:00\" \/>\r\n<meta property=\"article:modified_time\" content=\"2019-09-15T12:49:12+00:00\" \/>\r\n<meta property=\"og:image\" content=\"https:\/\/www.caritasbaribitonto.it\/public\/home\/img\/uploads\/2019\/09\/don-pino-puglisi.jpg\" \/>\r\n\t<meta property=\"og:image:width\" content=\"1068\" \/>\r\n\t<meta property=\"og:image:height\" content=\"580\" \/>\r\n\t<meta property=\"og:image:type\" content=\"image\/jpeg\" \/>\r\n<meta name=\"author\" content=\"Giovanni Caputo\" \/>\r\n<meta name=\"twitter:card\" content=\"summary_large_image\" \/>\r\n<meta name=\"twitter:label1\" content=\"Scritto da\" \/>\n\t<meta name=\"twitter:data1\" content=\"Giovanni Caputo\" \/>\r\n<script type=\"application\/ld+json\" class=\"yoast-schema-graph\">{\"@context\":\"https:\/\/schema.org\",\"@graph\":[{\"@type\":\"Article\",\"@id\":\"https:\/\/www.caritasbaribitonto.it\/public\/home\/2019\/09\/anniversario-del-martirio-di-don-pino-puglisi-lin-segnante-col-sorriso\/#article\",\"isPartOf\":{\"@id\":\"https:\/\/www.caritasbaribitonto.it\/public\/home\/2019\/09\/anniversario-del-martirio-di-don-pino-puglisi-lin-segnante-col-sorriso\/\"},\"author\":{\"name\":\"Giovanni Caputo\",\"@id\":\"https:\/\/www.caritasbaribitonto.it\/public\/home\/#\/schema\/person\/06b333402b70fdadb662b68974e8c97a\"},\"headline\":\"Anniversario del martirio di don Pino Puglisi: l&#8217;in-segnante col sorriso\",\"datePublished\":\"2019-09-15T12:49:00+00:00\",\"dateModified\":\"2019-09-15T12:49:12+00:00\",\"mainEntityOfPage\":{\"@id\":\"https:\/\/www.caritasbaribitonto.it\/public\/home\/2019\/09\/anniversario-del-martirio-di-don-pino-puglisi-lin-segnante-col-sorriso\/\"},\"wordCount\":101,\"publisher\":{\"@id\":\"https:\/\/www.caritasbaribitonto.it\/public\/home\/#organization\"},\"image\":{\"@id\":\"https:\/\/www.caritasbaribitonto.it\/public\/home\/2019\/09\/anniversario-del-martirio-di-don-pino-puglisi-lin-segnante-col-sorriso\/#primaryimage\"},\"thumbnailUrl\":\"https:\/\/www.caritasbaribitonto.it\/public\/home\/img\/uploads\/2019\/09\/don-pino-puglisi.jpg\",\"articleSection\":[\"Avvisi\",\"In Evidenza\"],\"inLanguage\":\"it-IT\"},{\"@type\":\"WebPage\",\"@id\":\"https:\/\/www.caritasbaribitonto.it\/public\/home\/2019\/09\/anniversario-del-martirio-di-don-pino-puglisi-lin-segnante-col-sorriso\/\",\"url\":\"https:\/\/www.caritasbaribitonto.it\/public\/home\/2019\/09\/anniversario-del-martirio-di-don-pino-puglisi-lin-segnante-col-sorriso\/\",\"name\":\"Anniversario del martirio di don Pino Puglisi: l'in-segnante col sorriso - Caritas Diocesana Bari-Bitonto\",\"isPartOf\":{\"@id\":\"https:\/\/www.caritasbaribitonto.it\/public\/home\/#website\"},\"primaryImageOfPage\":{\"@id\":\"https:\/\/www.caritasbaribitonto.it\/public\/home\/2019\/09\/anniversario-del-martirio-di-don-pino-puglisi-lin-segnante-col-sorriso\/#primaryimage\"},\"image\":{\"@id\":\"https:\/\/www.caritasbaribitonto.it\/public\/home\/2019\/09\/anniversario-del-martirio-di-don-pino-puglisi-lin-segnante-col-sorriso\/#primaryimage\"},\"thumbnailUrl\":\"https:\/\/www.caritasbaribitonto.it\/public\/home\/img\/uploads\/2019\/09\/don-pino-puglisi.jpg\",\"datePublished\":\"2019-09-15T12:49:00+00:00\",\"dateModified\":\"2019-09-15T12:49:12+00:00\",\"breadcrumb\":{\"@id\":\"https:\/\/www.caritasbaribitonto.it\/public\/home\/2019\/09\/anniversario-del-martirio-di-don-pino-puglisi-lin-segnante-col-sorriso\/#breadcrumb\"},\"inLanguage\":\"it-IT\",\"potentialAction\":[{\"@type\":\"ReadAction\",\"target\":[\"https:\/\/www.caritasbaribitonto.it\/public\/home\/2019\/09\/anniversario-del-martirio-di-don-pino-puglisi-lin-segnante-col-sorriso\/\"]}]},{\"@type\":\"ImageObject\",\"inLanguage\":\"it-IT\",\"@id\":\"https:\/\/www.caritasbaribitonto.it\/public\/home\/2019\/09\/anniversario-del-martirio-di-don-pino-puglisi-lin-segnante-col-sorriso\/#primaryimage\",\"url\":\"https:\/\/www.caritasbaribitonto.it\/public\/home\/img\/uploads\/2019\/09\/don-pino-puglisi.jpg\",\"contentUrl\":\"https:\/\/www.caritasbaribitonto.it\/public\/home\/img\/uploads\/2019\/09\/don-pino-puglisi.jpg\",\"width\":1068,\"height\":580},{\"@type\":\"BreadcrumbList\",\"@id\":\"https:\/\/www.caritasbaribitonto.it\/public\/home\/2019\/09\/anniversario-del-martirio-di-don-pino-puglisi-lin-segnante-col-sorriso\/#breadcrumb\",\"itemListElement\":[{\"@type\":\"ListItem\",\"position\":1,\"name\":\"Home\",\"item\":\"https:\/\/www.caritasbaribitonto.it\/public\/home\/\"},{\"@type\":\"ListItem\",\"position\":2,\"name\":\"Anniversario del martirio di don Pino Puglisi: l&#8217;in-segnante col sorriso\"}]},{\"@type\":\"WebSite\",\"@id\":\"https:\/\/www.caritasbaribitonto.it\/public\/home\/#website\",\"url\":\"https:\/\/www.caritasbaribitonto.it\/public\/home\/\",\"name\":\"Caritas Diocesana Bari-Bitonto\",\"description\":\"I santi della porta accanto\",\"publisher\":{\"@id\":\"https:\/\/www.caritasbaribitonto.it\/public\/home\/#organization\"},\"potentialAction\":[{\"@type\":\"SearchAction\",\"target\":{\"@type\":\"EntryPoint\",\"urlTemplate\":\"https:\/\/www.caritasbaribitonto.it\/public\/home\/?s={search_term_string}\"},\"query-input\":{\"@type\":\"PropertyValueSpecification\",\"valueRequired\":true,\"valueName\":\"search_term_string\"}}],\"inLanguage\":\"it-IT\"},{\"@type\":\"Organization\",\"@id\":\"https:\/\/www.caritasbaribitonto.it\/public\/home\/#organization\",\"name\":\"Caritas Diocesana Bari-Bitonto\",\"url\":\"https:\/\/www.caritasbaribitonto.it\/public\/home\/\",\"logo\":{\"@type\":\"ImageObject\",\"inLanguage\":\"it-IT\",\"@id\":\"https:\/\/www.caritasbaribitonto.it\/public\/home\/#\/schema\/logo\/image\/\",\"url\":\"https:\/\/www.caritasbaribitonto.it\/public\/home\/img\/uploads\/2025\/02\/cropped-cropped-caritas2025_350x112.png\",\"contentUrl\":\"https:\/\/www.caritasbaribitonto.it\/public\/home\/img\/uploads\/2025\/02\/cropped-cropped-caritas2025_350x112.png\",\"width\":350,\"height\":112,\"caption\":\"Caritas Diocesana Bari-Bitonto\"},\"image\":{\"@id\":\"https:\/\/www.caritasbaribitonto.it\/public\/home\/#\/schema\/logo\/image\/\"},\"sameAs\":[\"https:\/\/www.facebook.com\/pages\/Caritas-Diocesana-Bari-Bitonto\/533981476753770\"]},{\"@type\":\"Person\",\"@id\":\"https:\/\/www.caritasbaribitonto.it\/public\/home\/#\/schema\/person\/06b333402b70fdadb662b68974e8c97a\",\"name\":\"Giovanni Caputo\",\"image\":{\"@type\":\"ImageObject\",\"inLanguage\":\"it-IT\",\"@id\":\"https:\/\/www.caritasbaribitonto.it\/public\/home\/#\/schema\/person\/image\/\",\"url\":\"https:\/\/secure.gravatar.com\/avatar\/6c7e9d4e1e2394bfa4e38377bd0b5e03cbf0c79e27918e6497d3f408f89d0d3b?s=96&d=identicon&r=g\",\"contentUrl\":\"https:\/\/secure.gravatar.com\/avatar\/6c7e9d4e1e2394bfa4e38377bd0b5e03cbf0c79e27918e6497d3f408f89d0d3b?s=96&d=identicon&r=g\",\"caption\":\"Giovanni Caputo\"},\"url\":\"https:\/\/www.caritasbaribitonto.it\/public\/home\/author\/admin\/\"}]}<\/script>\r\n<!-- \/ Yoast SEO plugin. -->","yoast_head_json":{"title":"Anniversario del martirio di don Pino Puglisi: l'in-segnante col sorriso - Caritas Diocesana Bari-Bitonto","robots":{"index":"index","follow":"follow","max-snippet":"max-snippet:-1","max-image-preview":"max-image-preview:large","max-video-preview":"max-video-preview:-1"},"canonical":"https:\/\/www.caritasbaribitonto.it\/public\/home\/2019\/09\/anniversario-del-martirio-di-don-pino-puglisi-lin-segnante-col-sorriso\/","og_locale":"it_IT","og_type":"article","og_title":"Anniversario del martirio di don Pino Puglisi: l'in-segnante col sorriso - Caritas Diocesana Bari-Bitonto","og_description":"Nel XXVl anniversario del martirio di p. Pino Puglisi esprimiamo gratitudine a quanti sul territorio diocesano (e non solo) esprimono [&hellip;]","og_url":"https:\/\/www.caritasbaribitonto.it\/public\/home\/2019\/09\/anniversario-del-martirio-di-don-pino-puglisi-lin-segnante-col-sorriso\/","og_site_name":"Caritas Diocesana Bari-Bitonto","article_publisher":"https:\/\/www.facebook.com\/pages\/Caritas-Diocesana-Bari-Bitonto\/533981476753770","article_published_time":"2019-09-15T12:49:00+00:00","article_modified_time":"2019-09-15T12:49:12+00:00","og_image":[{"width":1068,"height":580,"url":"https:\/\/www.caritasbaribitonto.it\/public\/home\/img\/uploads\/2019\/09\/don-pino-puglisi.jpg","type":"image\/jpeg"}],"author":"Giovanni Caputo","twitter_card":"summary_large_image","twitter_misc":{"Scritto da":"Giovanni Caputo"},"schema":{"@context":"https:\/\/schema.org","@graph":[{"@type":"Article","@id":"https:\/\/www.caritasbaribitonto.it\/public\/home\/2019\/09\/anniversario-del-martirio-di-don-pino-puglisi-lin-segnante-col-sorriso\/#article","isPartOf":{"@id":"https:\/\/www.caritasbaribitonto.it\/public\/home\/2019\/09\/anniversario-del-martirio-di-don-pino-puglisi-lin-segnante-col-sorriso\/"},"author":{"name":"Giovanni Caputo","@id":"https:\/\/www.caritasbaribitonto.it\/public\/home\/#\/schema\/person\/06b333402b70fdadb662b68974e8c97a"},"headline":"Anniversario del martirio di don Pino Puglisi: l&#8217;in-segnante col sorriso","datePublished":"2019-09-15T12:49:00+00:00","dateModified":"2019-09-15T12:49:12+00:00","mainEntityOfPage":{"@id":"https:\/\/www.caritasbaribitonto.it\/public\/home\/2019\/09\/anniversario-del-martirio-di-don-pino-puglisi-lin-segnante-col-sorriso\/"},"wordCount":101,"publisher":{"@id":"https:\/\/www.caritasbaribitonto.it\/public\/home\/#organization"},"image":{"@id":"https:\/\/www.caritasbaribitonto.it\/public\/home\/2019\/09\/anniversario-del-martirio-di-don-pino-puglisi-lin-segnante-col-sorriso\/#primaryimage"},"thumbnailUrl":"https:\/\/www.caritasbaribitonto.it\/public\/home\/img\/uploads\/2019\/09\/don-pino-puglisi.jpg","articleSection":["Avvisi","In Evidenza"],"inLanguage":"it-IT"},{"@type":"WebPage","@id":"https:\/\/www.caritasbaribitonto.it\/public\/home\/2019\/09\/anniversario-del-martirio-di-don-pino-puglisi-lin-segnante-col-sorriso\/","url":"https:\/\/www.caritasbaribitonto.it\/public\/home\/2019\/09\/anniversario-del-martirio-di-don-pino-puglisi-lin-segnante-col-sorriso\/","name":"Anniversario del martirio di don Pino Puglisi: l'in-segnante col sorriso - Caritas Diocesana Bari-Bitonto","isPartOf":{"@id":"https:\/\/www.caritasbaribitonto.it\/public\/home\/#website"},"primaryImageOfPage":{"@id":"https:\/\/www.caritasbaribitonto.it\/public\/home\/2019\/09\/anniversario-del-martirio-di-don-pino-puglisi-lin-segnante-col-sorriso\/#primaryimage"},"image":{"@id":"https:\/\/www.caritasbaribitonto.it\/public\/home\/2019\/09\/anniversario-del-martirio-di-don-pino-puglisi-lin-segnante-col-sorriso\/#primaryimage"},"thumbnailUrl":"https:\/\/www.caritasbaribitonto.it\/public\/home\/img\/uploads\/2019\/09\/don-pino-puglisi.jpg","datePublished":"2019-09-15T12:49:00+00:00","dateModified":"2019-09-15T12:49:12+00:00","breadcrumb":{"@id":"https:\/\/www.caritasbaribitonto.it\/public\/home\/2019\/09\/anniversario-del-martirio-di-don-pino-puglisi-lin-segnante-col-sorriso\/#breadcrumb"},"inLanguage":"it-IT","potentialAction":[{"@type":"ReadAction","target":["https:\/\/www.caritasbaribitonto.it\/public\/home\/2019\/09\/anniversario-del-martirio-di-don-pino-puglisi-lin-segnante-col-sorriso\/"]}]},{"@type":"ImageObject","inLanguage":"it-IT","@id":"https:\/\/www.caritasbaribitonto.it\/public\/home\/2019\/09\/anniversario-del-martirio-di-don-pino-puglisi-lin-segnante-col-sorriso\/#primaryimage","url":"https:\/\/www.caritasbaribitonto.it\/public\/home\/img\/uploads\/2019\/09\/don-pino-puglisi.jpg","contentUrl":"https:\/\/www.caritasbaribitonto.it\/public\/home\/img\/uploads\/2019\/09\/don-pino-puglisi.jpg","width":1068,"height":580},{"@type":"BreadcrumbList","@id":"https:\/\/www.caritasbaribitonto.it\/public\/home\/2019\/09\/anniversario-del-martirio-di-don-pino-puglisi-lin-segnante-col-sorriso\/#breadcrumb","itemListElement":[{"@type":"ListItem","position":1,"name":"Home","item":"https:\/\/www.caritasbaribitonto.it\/public\/home\/"},{"@type":"ListItem","position":2,"name":"Anniversario del martirio di don Pino Puglisi: l&#8217;in-segnante col sorriso"}]},{"@type":"WebSite","@id":"https:\/\/www.caritasbaribitonto.it\/public\/home\/#website","url":"https:\/\/www.caritasbaribitonto.it\/public\/home\/","name":"Caritas Diocesana Bari-Bitonto","description":"I santi della porta accanto","publisher":{"@id":"https:\/\/www.caritasbaribitonto.it\/public\/home\/#organization"},"potentialAction":[{"@type":"SearchAction","target":{"@type":"EntryPoint","urlTemplate":"https:\/\/www.caritasbaribitonto.it\/public\/home\/?s={search_term_string}"},"query-input":{"@type":"PropertyValueSpecification","valueRequired":true,"valueName":"search_term_string"}}],"inLanguage":"it-IT"},{"@type":"Organization","@id":"https:\/\/www.caritasbaribitonto.it\/public\/home\/#organization","name":"Caritas Diocesana Bari-Bitonto","url":"https:\/\/www.caritasbaribitonto.it\/public\/home\/","logo":{"@type":"ImageObject","inLanguage":"it-IT","@id":"https:\/\/www.caritasbaribitonto.it\/public\/home\/#\/schema\/logo\/image\/","url":"https:\/\/www.caritasbaribitonto.it\/public\/home\/img\/uploads\/2025\/02\/cropped-cropped-caritas2025_350x112.png","contentUrl":"https:\/\/www.caritasbaribitonto.it\/public\/home\/img\/uploads\/2025\/02\/cropped-cropped-caritas2025_350x112.png","width":350,"height":112,"caption":"Caritas Diocesana Bari-Bitonto"},"image":{"@id":"https:\/\/www.caritasbaribitonto.it\/public\/home\/#\/schema\/logo\/image\/"},"sameAs":["https:\/\/www.facebook.com\/pages\/Caritas-Diocesana-Bari-Bitonto\/533981476753770"]},{"@type":"Person","@id":"https:\/\/www.caritasbaribitonto.it\/public\/home\/#\/schema\/person\/06b333402b70fdadb662b68974e8c97a","name":"Giovanni Caputo","image":{"@type":"ImageObject","inLanguage":"it-IT","@id":"https:\/\/www.caritasbaribitonto.it\/public\/home\/#\/schema\/person\/image\/","url":"https:\/\/secure.gravatar.com\/avatar\/6c7e9d4e1e2394bfa4e38377bd0b5e03cbf0c79e27918e6497d3f408f89d0d3b?s=96&d=identicon&r=g","contentUrl":"https:\/\/secure.gravatar.com\/avatar\/6c7e9d4e1e2394bfa4e38377bd0b5e03cbf0c79e27918e6497d3f408f89d0d3b?s=96&d=identicon&r=g","caption":"Giovanni Caputo"},"url":"https:\/\/www.caritasbaribitonto.it\/public\/home\/author\/admin\/"}]}},"jetpack_featured_media_url":"https:\/\/www.caritasbaribitonto.it\/public\/home\/img\/uploads\/2019\/09\/don-pino-puglisi.jpg","uagb_featured_image_src":{"full":["https:\/\/www.caritasbaribitonto.it\/public\/home\/img\/uploads\/2019\/09\/don-pino-puglisi.jpg",1068,580,false],"thumbnail":["https:\/\/www.caritasbaribitonto.it\/public\/home\/img\/uploads\/2019\/09\/don-pino-puglisi-150x150.jpg",150,150,true],"medium":["https:\/\/www.caritasbaribitonto.it\/public\/home\/img\/uploads\/2019\/09\/don-pino-puglisi-300x163.jpg",300,163,true],"medium_large":["https:\/\/www.caritasbaribitonto.it\/public\/home\/img\/uploads\/2019\/09\/don-pino-puglisi-768x417.jpg",768,417,true],"large":["https:\/\/www.caritasbaribitonto.it\/public\/home\/img\/uploads\/2019\/09\/don-pino-puglisi-1024x556.jpg",1024,556,true],"1536x1536":["https:\/\/www.caritasbaribitonto.it\/public\/home\/img\/uploads\/2019\/09\/don-pino-puglisi.jpg",1068,580,false],"2048x2048":["https:\/\/www.caritasbaribitonto.it\/public\/home\/img\/uploads\/2019\/09\/don-pino-puglisi.jpg",1068,580,false]},"uagb_author_info":{"display_name":"Giovanni Caputo","author_link":"https:\/\/www.caritasbaribitonto.it\/public\/home\/author\/admin\/"},"uagb_comment_info":0,"uagb_excerpt":"Nel XXVl anniversario del martirio di p. Pino Puglisi esprimiamo gratitudine a quanti sul territorio diocesano (e non solo) esprimono [&hellip;]","_links":{"self":[{"href":"https:\/\/www.caritasbaribitonto.it\/public\/home\/wp-json\/wp\/v2\/posts\/5569","targetHints":{"allow":["GET"]}}],"collection":[{"href":"https:\/\/www.caritasbaribitonto.it\/public\/home\/wp-json\/wp\/v2\/posts"}],"about":[{"href":"https:\/\/www.caritasbaribitonto.it\/public\/home\/wp-json\/wp\/v2\/types\/post"}],"author":[{"embeddable":true,"href":"https:\/\/www.caritasbaribitonto.it\/public\/home\/wp-json\/wp\/v2\/users\/1"}],"replies":[{"embeddable":true,"href":"https:\/\/www.caritasbaribitonto.it\/public\/home\/wp-json\/wp\/v2\/comments?post=5569"}],"version-history":[{"count":0,"href":"https:\/\/www.caritasbaribitonto.it\/public\/home\/wp-json\/wp\/v2\/posts\/5569\/revisions"}],"wp:featuredmedia":[{"embeddable":true,"href":"https:\/\/www.caritasbaribitonto.it\/public\/home\/wp-json\/wp\/v2\/media\/5570"}],"wp:attachment":[{"href":"https:\/\/www.caritasbaribitonto.it\/public\/home\/wp-json\/wp\/v2\/media?parent=5569"}],"wp:term":[{"taxonomy":"category","embeddable":true,"href":"https:\/\/www.caritasbaribitonto.it\/public\/home\/wp-json\/wp\/v2\/categories?post=5569"},{"taxonomy":"post_tag","embeddable":true,"href":"https:\/\/www.caritasbaribitonto.it\/public\/home\/wp-json\/wp\/v2\/tags?post=5569"}],"curies":[{"name":"wp","href":"https:\/\/api.w.org\/{rel}","templated":true}]}}