{"id":5414,"date":"2019-06-01T07:48:47","date_gmt":"2019-06-01T05:48:47","guid":{"rendered":"https:\/\/www.caritasbaribitonto.it\/public\/home\/?p=5414"},"modified":"2019-06-06T07:18:43","modified_gmt":"2019-06-06T05:18:43","slug":"incontro-con-fratel-biagio-conte","status":"publish","type":"post","link":"https:\/\/www.caritasbaribitonto.it\/public\/home\/2019\/06\/incontro-con-fratel-biagio-conte\/","title":{"rendered":"Incontro con Fratel Biagio Conte"},"content":{"rendered":"\n<p><strong>Mercoled\u00ec 12 giugno, alle ore 19.30<\/strong>, la Parrocchia S. Antonio in Bari-Carbonara, accoglier\u00e0 per un incontro-testimonianza Fratel Biagio Conte da Palermo, laico povero secondo il vangelo, fondatore della Missione &#8220;Speranza e Carit\u00e0&#8221;.<\/p>\n\n\n\n<div class=\"wp-block-image\"><figure class=\"aligncenter\"><a href=\"https:\/\/www.caritasbaribitonto.it\/public\/home\/img\/uploads\/2019\/06\/IMG-20190605-WA0000.jpg\"><img loading=\"lazy\" decoding=\"async\" width=\"210\" height=\"300\" src=\"https:\/\/www.caritasbaribitonto.it\/public\/home\/img\/uploads\/2019\/06\/IMG-20190605-WA0000-210x300.jpg\" alt=\"\" class=\"wp-image-5422\" srcset=\"https:\/\/www.caritasbaribitonto.it\/public\/home\/img\/uploads\/2019\/06\/IMG-20190605-WA0000-210x300.jpg 210w, https:\/\/www.caritasbaribitonto.it\/public\/home\/img\/uploads\/2019\/06\/IMG-20190605-WA0000-768x1098.jpg 768w, https:\/\/www.caritasbaribitonto.it\/public\/home\/img\/uploads\/2019\/06\/IMG-20190605-WA0000-716x1024.jpg 716w, https:\/\/www.caritasbaribitonto.it\/public\/home\/img\/uploads\/2019\/06\/IMG-20190605-WA0000.jpg 1119w\" sizes=\"auto, (max-width: 210px) 100vw, 210px\" \/><\/a><\/figure><\/div>\n\n\n\n<p>Da trent&#8217;anni questo eremita laico accoglie i senzatetto di Palermo nelle case della sua missione \u00abSperanza e carit\u00e0\u00bb. E cos\u00ec facendo restituisce loro la dignit\u00e0 e il coraggio perduti.<\/p>\n\n\n\n<p>Non \u00e8 un frate, non \u00e8 un sacerdote, \u00e8 solo fratel Biagio.&nbsp;<strong>Un missionario laico, un eremita, un pellegrino, un servo del Signore che s\u2019\u00e8 fatto povero tra i poveri<\/strong>, per dare loro voce e urlare al mondo che una societ\u00e0 che \u00ablascia indietro i pi\u00f9 deboli, non \u00e8 una societ\u00e0 giusta, e prima o poi andr\u00e0 in crisi, in rovina\u00bb.<\/p>\n\n\n\n<p>Fratel Biagio Conte, da quasi trent\u2019anni, da quando, cio\u00e8, ha deciso di cambiare vita, lasciandosi convertire dagli ultimi, offre accoglienza e nuovi motivi di vivere ai senzatetto della sua citt\u00e0,&nbsp;<strong>Palermo<\/strong>, ospitandoli nelle case della&nbsp;<strong>Missione \u00abSperanza e carit\u00e0\u00bb<\/strong>, da lui aperte nel capoluogo siciliano. \u00abPerch\u00e9 una citt\u00e0 ricca e importante come Palermo non pu\u00f2 dimenticarsi dei suoi diseredati.&nbsp;<strong>Com\u2019\u00e8 possibile che nel 2018 si possa ancora morire nell\u2019angolo buio di una strada, soli come dei cani?<\/strong>\u00bb, va ripetendo con l\u2019ostinazione di chi sa di avere una missione sacrosanta da compiere.<\/p>\n\n\n\n<p>Questo&nbsp;<strong>piccolo, grande uomo di 55 anni<\/strong>, che qualcuno ha gi\u00e0 paragonato al poverello d\u2019Assisi,&nbsp;<strong>vestito di saio consunto e di un sorriso disarmante<\/strong>, sta ridando speranza e dignit\u00e0 a coloro ai quali la vita ha riservato solo ferite e ingiurie: clochard, disoccupati, vagabondi, prostitute, alcolisti, ex detenuti, migranti. Lo fa usando i modi che la Chiesa conosce da sempre: il digiuno, la preghiera e la vicinanza agli ultimi, in tutto e per tutto.<\/p>\n\n\n\n<p>La sua ultima eclatante protesta \u00e8 del&nbsp;<strong>gennaio scorso: per dieci giorni ha rinunciato al cibo e a un letto, accampandosi sotto i portici delle Poste Centrali di Palermo<\/strong>, proprio come i senzatetto. Pochi cartoni per proteggersi dal freddo, due coperte di pile, la Bibbia, l\u2019inseparabile crocifisso e un\u2019instancabile fiducia nella Provvidenza divina. Ed \u00e8 accaduto l\u2019imprevedibile. Poco alla volta, la citt\u00e0 intera, e non solo, ha iniziato ad accorrere al suo capezzale, per vederlo, sentirlo, pregare con lui, dargli conforto e fargli sentire il calore della solidariet\u00e0 per la sua battaglia.<\/p>\n\n\n\n<p>Nell\u2019ultimo giorno, fino a notte fonda un fiume umano ha quasi travolto fisicamente il fondatore di \u00abSperanza e Carit\u00e0\u00bb, stremato dal lungo digiuno. E&nbsp;<strong>con la gente comune sono arrivate anche le autorit\u00e0 civili e religiose: dal sindaco Orlando all\u2019imam della moschea tunisina Mustaf\u00e0<\/strong>; da una delegazione del Parlamento belga all\u2019arcivescovo di Palermo Corrado Lorefice che, alla seconda visita, ha voluto portare con s\u00e9, dalla cattedrale, centinaia di giovani. Perfino il presidente Mattarella gli ha fatto recapitare una lettera personale, dedicandogli parole di convinto appoggio.<\/p>\n","protected":false},"excerpt":{"rendered":"<p>Mercoled\u00ec 12 giugno, alle ore 19.30, la Parrocchia S. Antonio in Bari-Carbonara, accoglier\u00e0 per un incontro-testimonianza Fratel Biagio Conte da [&hellip;]<\/p>\n","protected":false},"author":1,"featured_media":5422,"comment_status":"closed","ping_status":"open","sticky":false,"template":"","format":"standard","meta":{"_uag_custom_page_level_css":"","site-sidebar-layout":"default","site-content-layout":"","ast-site-content-layout":"default","site-content-style":"default","site-sidebar-style":"default","ast-global-header-display":"","ast-banner-title-visibility":"","ast-main-header-display":"","ast-hfb-above-header-display":"","ast-hfb-below-header-display":"","ast-hfb-mobile-header-display":"","site-post-title":"","ast-breadcrumbs-content":"","ast-featured-img":"","footer-sml-layout":"","theme-transparent-header-meta":"","adv-header-id-meta":"","stick-header-meta":"","header-above-stick-meta":"","header-main-stick-meta":"","header-below-stick-meta":"","astra-migrate-meta-layouts":"default","ast-page-background-enabled":"default","ast-page-background-meta":{"desktop":{"background-color":"var(--ast-global-color-5)","background-image":"","background-repeat":"repeat","background-position":"center center","background-size":"auto","background-attachment":"scroll","background-type":"","background-media":"","overlay-type":"","overlay-color":"","overlay-opacity":"","overlay-gradient":""},"tablet":{"background-color":"","background-image":"","background-repeat":"repeat","background-position":"center center","background-size":"auto","background-attachment":"scroll","background-type":"","background-media":"","overlay-type":"","overlay-color":"","overlay-opacity":"","overlay-gradient":""},"mobile":{"background-color":"","background-image":"","background-repeat":"repeat","background-position":"center center","background-size":"auto","background-attachment":"scroll","background-type":"","background-media":"","overlay-type":"","overlay-color":"","overlay-opacity":"","overlay-gradient":""}},"ast-content-background-meta":{"desktop":{"background-color":"var(--ast-global-color-4)","background-image":"","background-repeat":"repeat","background-position":"center center","background-size":"auto","background-attachment":"scroll","background-type":"","background-media":"","overlay-type":"","overlay-color":"","overlay-opacity":"","overlay-gradient":""},"tablet":{"background-color":"var(--ast-global-color-4)","background-image":"","background-repeat":"repeat","background-position":"center center","background-size":"auto","background-attachment":"scroll","background-type":"","background-media":"","overlay-type":"","overlay-color":"","overlay-opacity":"","overlay-gradient":""},"mobile":{"background-color":"var(--ast-global-color-4)","background-image":"","background-repeat":"repeat","background-position":"center center","background-size":"auto","background-attachment":"scroll","background-type":"","background-media":"","overlay-type":"","overlay-color":"","overlay-opacity":"","overlay-gradient":""}},"footnotes":""},"categories":[213],"tags":[],"class_list":["post-5414","post","type-post","status-publish","format-standard","has-post-thumbnail","hentry","category-appuntamenti"],"gutentor_comment":0,"yoast_head":"<!-- This site is optimized with the Yoast SEO plugin v26.8 - https:\/\/yoast.com\/product\/yoast-seo-wordpress\/ -->\r\n<title>Incontro con Fratel Biagio Conte - Caritas Diocesana Bari-Bitonto<\/title>\r\n<meta name=\"robots\" content=\"index, follow, max-snippet:-1, max-image-preview:large, max-video-preview:-1\" \/>\r\n<link rel=\"canonical\" href=\"https:\/\/www.caritasbaribitonto.it\/public\/home\/2019\/06\/incontro-con-fratel-biagio-conte\/\" \/>\r\n<meta property=\"og:locale\" content=\"it_IT\" \/>\r\n<meta property=\"og:type\" content=\"article\" \/>\r\n<meta property=\"og:title\" content=\"Incontro con Fratel Biagio Conte - Caritas Diocesana Bari-Bitonto\" \/>\r\n<meta property=\"og:description\" content=\"Mercoled\u00ec 12 giugno, alle ore 19.30, la Parrocchia S. Antonio in Bari-Carbonara, accoglier\u00e0 per un incontro-testimonianza Fratel Biagio Conte da [&hellip;]\" \/>\r\n<meta property=\"og:url\" content=\"https:\/\/www.caritasbaribitonto.it\/public\/home\/2019\/06\/incontro-con-fratel-biagio-conte\/\" \/>\r\n<meta property=\"og:site_name\" content=\"Caritas Diocesana Bari-Bitonto\" \/>\r\n<meta property=\"article:publisher\" content=\"https:\/\/www.facebook.com\/pages\/Caritas-Diocesana-Bari-Bitonto\/533981476753770\" \/>\r\n<meta property=\"article:published_time\" content=\"2019-06-01T05:48:47+00:00\" \/>\r\n<meta property=\"article:modified_time\" content=\"2019-06-06T05:18:43+00:00\" \/>\r\n<meta property=\"og:image\" content=\"https:\/\/www.caritasbaribitonto.it\/public\/home\/img\/uploads\/2019\/06\/IMG-20190605-WA0000.jpg\" \/>\r\n\t<meta property=\"og:image:width\" content=\"1119\" \/>\r\n\t<meta property=\"og:image:height\" content=\"1600\" \/>\r\n\t<meta property=\"og:image:type\" content=\"image\/jpeg\" \/>\r\n<meta name=\"author\" content=\"Giovanni Caputo\" \/>\r\n<meta name=\"twitter:card\" content=\"summary_large_image\" \/>\r\n<meta name=\"twitter:label1\" content=\"Scritto da\" \/>\n\t<meta name=\"twitter:data1\" content=\"Giovanni Caputo\" \/>\n\t<meta name=\"twitter:label2\" content=\"Tempo di lettura stimato\" \/>\n\t<meta name=\"twitter:data2\" content=\"2 minuti\" \/>\r\n<script type=\"application\/ld+json\" class=\"yoast-schema-graph\">{\"@context\":\"https:\/\/schema.org\",\"@graph\":[{\"@type\":\"Article\",\"@id\":\"https:\/\/www.caritasbaribitonto.it\/public\/home\/2019\/06\/incontro-con-fratel-biagio-conte\/#article\",\"isPartOf\":{\"@id\":\"https:\/\/www.caritasbaribitonto.it\/public\/home\/2019\/06\/incontro-con-fratel-biagio-conte\/\"},\"author\":{\"name\":\"Giovanni Caputo\",\"@id\":\"https:\/\/www.caritasbaribitonto.it\/public\/home\/#\/schema\/person\/06b333402b70fdadb662b68974e8c97a\"},\"headline\":\"Incontro con Fratel Biagio Conte\",\"datePublished\":\"2019-06-01T05:48:47+00:00\",\"dateModified\":\"2019-06-06T05:18:43+00:00\",\"mainEntityOfPage\":{\"@id\":\"https:\/\/www.caritasbaribitonto.it\/public\/home\/2019\/06\/incontro-con-fratel-biagio-conte\/\"},\"wordCount\":478,\"publisher\":{\"@id\":\"https:\/\/www.caritasbaribitonto.it\/public\/home\/#organization\"},\"image\":{\"@id\":\"https:\/\/www.caritasbaribitonto.it\/public\/home\/2019\/06\/incontro-con-fratel-biagio-conte\/#primaryimage\"},\"thumbnailUrl\":\"https:\/\/www.caritasbaribitonto.it\/public\/home\/img\/uploads\/2019\/06\/IMG-20190605-WA0000.jpg\",\"articleSection\":[\"Appuntamenti\"],\"inLanguage\":\"it-IT\"},{\"@type\":\"WebPage\",\"@id\":\"https:\/\/www.caritasbaribitonto.it\/public\/home\/2019\/06\/incontro-con-fratel-biagio-conte\/\",\"url\":\"https:\/\/www.caritasbaribitonto.it\/public\/home\/2019\/06\/incontro-con-fratel-biagio-conte\/\",\"name\":\"Incontro con Fratel Biagio Conte - Caritas Diocesana Bari-Bitonto\",\"isPartOf\":{\"@id\":\"https:\/\/www.caritasbaribitonto.it\/public\/home\/#website\"},\"primaryImageOfPage\":{\"@id\":\"https:\/\/www.caritasbaribitonto.it\/public\/home\/2019\/06\/incontro-con-fratel-biagio-conte\/#primaryimage\"},\"image\":{\"@id\":\"https:\/\/www.caritasbaribitonto.it\/public\/home\/2019\/06\/incontro-con-fratel-biagio-conte\/#primaryimage\"},\"thumbnailUrl\":\"https:\/\/www.caritasbaribitonto.it\/public\/home\/img\/uploads\/2019\/06\/IMG-20190605-WA0000.jpg\",\"datePublished\":\"2019-06-01T05:48:47+00:00\",\"dateModified\":\"2019-06-06T05:18:43+00:00\",\"breadcrumb\":{\"@id\":\"https:\/\/www.caritasbaribitonto.it\/public\/home\/2019\/06\/incontro-con-fratel-biagio-conte\/#breadcrumb\"},\"inLanguage\":\"it-IT\",\"potentialAction\":[{\"@type\":\"ReadAction\",\"target\":[\"https:\/\/www.caritasbaribitonto.it\/public\/home\/2019\/06\/incontro-con-fratel-biagio-conte\/\"]}]},{\"@type\":\"ImageObject\",\"inLanguage\":\"it-IT\",\"@id\":\"https:\/\/www.caritasbaribitonto.it\/public\/home\/2019\/06\/incontro-con-fratel-biagio-conte\/#primaryimage\",\"url\":\"https:\/\/www.caritasbaribitonto.it\/public\/home\/img\/uploads\/2019\/06\/IMG-20190605-WA0000.jpg\",\"contentUrl\":\"https:\/\/www.caritasbaribitonto.it\/public\/home\/img\/uploads\/2019\/06\/IMG-20190605-WA0000.jpg\",\"width\":1119,\"height\":1600},{\"@type\":\"BreadcrumbList\",\"@id\":\"https:\/\/www.caritasbaribitonto.it\/public\/home\/2019\/06\/incontro-con-fratel-biagio-conte\/#breadcrumb\",\"itemListElement\":[{\"@type\":\"ListItem\",\"position\":1,\"name\":\"Home\",\"item\":\"https:\/\/www.caritasbaribitonto.it\/public\/home\/\"},{\"@type\":\"ListItem\",\"position\":2,\"name\":\"Incontro con Fratel Biagio Conte\"}]},{\"@type\":\"WebSite\",\"@id\":\"https:\/\/www.caritasbaribitonto.it\/public\/home\/#website\",\"url\":\"https:\/\/www.caritasbaribitonto.it\/public\/home\/\",\"name\":\"Caritas Diocesana Bari-Bitonto\",\"description\":\"I santi della porta accanto\",\"publisher\":{\"@id\":\"https:\/\/www.caritasbaribitonto.it\/public\/home\/#organization\"},\"potentialAction\":[{\"@type\":\"SearchAction\",\"target\":{\"@type\":\"EntryPoint\",\"urlTemplate\":\"https:\/\/www.caritasbaribitonto.it\/public\/home\/?s={search_term_string}\"},\"query-input\":{\"@type\":\"PropertyValueSpecification\",\"valueRequired\":true,\"valueName\":\"search_term_string\"}}],\"inLanguage\":\"it-IT\"},{\"@type\":\"Organization\",\"@id\":\"https:\/\/www.caritasbaribitonto.it\/public\/home\/#organization\",\"name\":\"Caritas Diocesana Bari-Bitonto\",\"url\":\"https:\/\/www.caritasbaribitonto.it\/public\/home\/\",\"logo\":{\"@type\":\"ImageObject\",\"inLanguage\":\"it-IT\",\"@id\":\"https:\/\/www.caritasbaribitonto.it\/public\/home\/#\/schema\/logo\/image\/\",\"url\":\"https:\/\/www.caritasbaribitonto.it\/public\/home\/img\/uploads\/2025\/02\/cropped-cropped-caritas2025_350x112.png\",\"contentUrl\":\"https:\/\/www.caritasbaribitonto.it\/public\/home\/img\/uploads\/2025\/02\/cropped-cropped-caritas2025_350x112.png\",\"width\":350,\"height\":112,\"caption\":\"Caritas Diocesana Bari-Bitonto\"},\"image\":{\"@id\":\"https:\/\/www.caritasbaribitonto.it\/public\/home\/#\/schema\/logo\/image\/\"},\"sameAs\":[\"https:\/\/www.facebook.com\/pages\/Caritas-Diocesana-Bari-Bitonto\/533981476753770\"]},{\"@type\":\"Person\",\"@id\":\"https:\/\/www.caritasbaribitonto.it\/public\/home\/#\/schema\/person\/06b333402b70fdadb662b68974e8c97a\",\"name\":\"Giovanni Caputo\",\"image\":{\"@type\":\"ImageObject\",\"inLanguage\":\"it-IT\",\"@id\":\"https:\/\/www.caritasbaribitonto.it\/public\/home\/#\/schema\/person\/image\/\",\"url\":\"https:\/\/secure.gravatar.com\/avatar\/6c7e9d4e1e2394bfa4e38377bd0b5e03cbf0c79e27918e6497d3f408f89d0d3b?s=96&d=identicon&r=g\",\"contentUrl\":\"https:\/\/secure.gravatar.com\/avatar\/6c7e9d4e1e2394bfa4e38377bd0b5e03cbf0c79e27918e6497d3f408f89d0d3b?s=96&d=identicon&r=g\",\"caption\":\"Giovanni Caputo\"},\"url\":\"https:\/\/www.caritasbaribitonto.it\/public\/home\/author\/admin\/\"}]}<\/script>\r\n<!-- \/ Yoast SEO plugin. -->","yoast_head_json":{"title":"Incontro con Fratel Biagio Conte - Caritas Diocesana Bari-Bitonto","robots":{"index":"index","follow":"follow","max-snippet":"max-snippet:-1","max-image-preview":"max-image-preview:large","max-video-preview":"max-video-preview:-1"},"canonical":"https:\/\/www.caritasbaribitonto.it\/public\/home\/2019\/06\/incontro-con-fratel-biagio-conte\/","og_locale":"it_IT","og_type":"article","og_title":"Incontro con Fratel Biagio Conte - Caritas Diocesana Bari-Bitonto","og_description":"Mercoled\u00ec 12 giugno, alle ore 19.30, la Parrocchia S. Antonio in Bari-Carbonara, accoglier\u00e0 per un incontro-testimonianza Fratel Biagio Conte da [&hellip;]","og_url":"https:\/\/www.caritasbaribitonto.it\/public\/home\/2019\/06\/incontro-con-fratel-biagio-conte\/","og_site_name":"Caritas Diocesana Bari-Bitonto","article_publisher":"https:\/\/www.facebook.com\/pages\/Caritas-Diocesana-Bari-Bitonto\/533981476753770","article_published_time":"2019-06-01T05:48:47+00:00","article_modified_time":"2019-06-06T05:18:43+00:00","og_image":[{"width":1119,"height":1600,"url":"https:\/\/www.caritasbaribitonto.it\/public\/home\/img\/uploads\/2019\/06\/IMG-20190605-WA0000.jpg","type":"image\/jpeg"}],"author":"Giovanni Caputo","twitter_card":"summary_large_image","twitter_misc":{"Scritto da":"Giovanni Caputo","Tempo di lettura stimato":"2 minuti"},"schema":{"@context":"https:\/\/schema.org","@graph":[{"@type":"Article","@id":"https:\/\/www.caritasbaribitonto.it\/public\/home\/2019\/06\/incontro-con-fratel-biagio-conte\/#article","isPartOf":{"@id":"https:\/\/www.caritasbaribitonto.it\/public\/home\/2019\/06\/incontro-con-fratel-biagio-conte\/"},"author":{"name":"Giovanni Caputo","@id":"https:\/\/www.caritasbaribitonto.it\/public\/home\/#\/schema\/person\/06b333402b70fdadb662b68974e8c97a"},"headline":"Incontro con Fratel Biagio Conte","datePublished":"2019-06-01T05:48:47+00:00","dateModified":"2019-06-06T05:18:43+00:00","mainEntityOfPage":{"@id":"https:\/\/www.caritasbaribitonto.it\/public\/home\/2019\/06\/incontro-con-fratel-biagio-conte\/"},"wordCount":478,"publisher":{"@id":"https:\/\/www.caritasbaribitonto.it\/public\/home\/#organization"},"image":{"@id":"https:\/\/www.caritasbaribitonto.it\/public\/home\/2019\/06\/incontro-con-fratel-biagio-conte\/#primaryimage"},"thumbnailUrl":"https:\/\/www.caritasbaribitonto.it\/public\/home\/img\/uploads\/2019\/06\/IMG-20190605-WA0000.jpg","articleSection":["Appuntamenti"],"inLanguage":"it-IT"},{"@type":"WebPage","@id":"https:\/\/www.caritasbaribitonto.it\/public\/home\/2019\/06\/incontro-con-fratel-biagio-conte\/","url":"https:\/\/www.caritasbaribitonto.it\/public\/home\/2019\/06\/incontro-con-fratel-biagio-conte\/","name":"Incontro con Fratel Biagio Conte - Caritas Diocesana Bari-Bitonto","isPartOf":{"@id":"https:\/\/www.caritasbaribitonto.it\/public\/home\/#website"},"primaryImageOfPage":{"@id":"https:\/\/www.caritasbaribitonto.it\/public\/home\/2019\/06\/incontro-con-fratel-biagio-conte\/#primaryimage"},"image":{"@id":"https:\/\/www.caritasbaribitonto.it\/public\/home\/2019\/06\/incontro-con-fratel-biagio-conte\/#primaryimage"},"thumbnailUrl":"https:\/\/www.caritasbaribitonto.it\/public\/home\/img\/uploads\/2019\/06\/IMG-20190605-WA0000.jpg","datePublished":"2019-06-01T05:48:47+00:00","dateModified":"2019-06-06T05:18:43+00:00","breadcrumb":{"@id":"https:\/\/www.caritasbaribitonto.it\/public\/home\/2019\/06\/incontro-con-fratel-biagio-conte\/#breadcrumb"},"inLanguage":"it-IT","potentialAction":[{"@type":"ReadAction","target":["https:\/\/www.caritasbaribitonto.it\/public\/home\/2019\/06\/incontro-con-fratel-biagio-conte\/"]}]},{"@type":"ImageObject","inLanguage":"it-IT","@id":"https:\/\/www.caritasbaribitonto.it\/public\/home\/2019\/06\/incontro-con-fratel-biagio-conte\/#primaryimage","url":"https:\/\/www.caritasbaribitonto.it\/public\/home\/img\/uploads\/2019\/06\/IMG-20190605-WA0000.jpg","contentUrl":"https:\/\/www.caritasbaribitonto.it\/public\/home\/img\/uploads\/2019\/06\/IMG-20190605-WA0000.jpg","width":1119,"height":1600},{"@type":"BreadcrumbList","@id":"https:\/\/www.caritasbaribitonto.it\/public\/home\/2019\/06\/incontro-con-fratel-biagio-conte\/#breadcrumb","itemListElement":[{"@type":"ListItem","position":1,"name":"Home","item":"https:\/\/www.caritasbaribitonto.it\/public\/home\/"},{"@type":"ListItem","position":2,"name":"Incontro con Fratel Biagio Conte"}]},{"@type":"WebSite","@id":"https:\/\/www.caritasbaribitonto.it\/public\/home\/#website","url":"https:\/\/www.caritasbaribitonto.it\/public\/home\/","name":"Caritas Diocesana Bari-Bitonto","description":"I santi della porta accanto","publisher":{"@id":"https:\/\/www.caritasbaribitonto.it\/public\/home\/#organization"},"potentialAction":[{"@type":"SearchAction","target":{"@type":"EntryPoint","urlTemplate":"https:\/\/www.caritasbaribitonto.it\/public\/home\/?s={search_term_string}"},"query-input":{"@type":"PropertyValueSpecification","valueRequired":true,"valueName":"search_term_string"}}],"inLanguage":"it-IT"},{"@type":"Organization","@id":"https:\/\/www.caritasbaribitonto.it\/public\/home\/#organization","name":"Caritas Diocesana Bari-Bitonto","url":"https:\/\/www.caritasbaribitonto.it\/public\/home\/","logo":{"@type":"ImageObject","inLanguage":"it-IT","@id":"https:\/\/www.caritasbaribitonto.it\/public\/home\/#\/schema\/logo\/image\/","url":"https:\/\/www.caritasbaribitonto.it\/public\/home\/img\/uploads\/2025\/02\/cropped-cropped-caritas2025_350x112.png","contentUrl":"https:\/\/www.caritasbaribitonto.it\/public\/home\/img\/uploads\/2025\/02\/cropped-cropped-caritas2025_350x112.png","width":350,"height":112,"caption":"Caritas Diocesana Bari-Bitonto"},"image":{"@id":"https:\/\/www.caritasbaribitonto.it\/public\/home\/#\/schema\/logo\/image\/"},"sameAs":["https:\/\/www.facebook.com\/pages\/Caritas-Diocesana-Bari-Bitonto\/533981476753770"]},{"@type":"Person","@id":"https:\/\/www.caritasbaribitonto.it\/public\/home\/#\/schema\/person\/06b333402b70fdadb662b68974e8c97a","name":"Giovanni Caputo","image":{"@type":"ImageObject","inLanguage":"it-IT","@id":"https:\/\/www.caritasbaribitonto.it\/public\/home\/#\/schema\/person\/image\/","url":"https:\/\/secure.gravatar.com\/avatar\/6c7e9d4e1e2394bfa4e38377bd0b5e03cbf0c79e27918e6497d3f408f89d0d3b?s=96&d=identicon&r=g","contentUrl":"https:\/\/secure.gravatar.com\/avatar\/6c7e9d4e1e2394bfa4e38377bd0b5e03cbf0c79e27918e6497d3f408f89d0d3b?s=96&d=identicon&r=g","caption":"Giovanni Caputo"},"url":"https:\/\/www.caritasbaribitonto.it\/public\/home\/author\/admin\/"}]}},"jetpack_featured_media_url":"https:\/\/www.caritasbaribitonto.it\/public\/home\/img\/uploads\/2019\/06\/IMG-20190605-WA0000.jpg","uagb_featured_image_src":{"full":["https:\/\/www.caritasbaribitonto.it\/public\/home\/img\/uploads\/2019\/06\/IMG-20190605-WA0000.jpg",1119,1600,false],"thumbnail":["https:\/\/www.caritasbaribitonto.it\/public\/home\/img\/uploads\/2019\/06\/IMG-20190605-WA0000-150x150.jpg",150,150,true],"medium":["https:\/\/www.caritasbaribitonto.it\/public\/home\/img\/uploads\/2019\/06\/IMG-20190605-WA0000-210x300.jpg",210,300,true],"medium_large":["https:\/\/www.caritasbaribitonto.it\/public\/home\/img\/uploads\/2019\/06\/IMG-20190605-WA0000-768x1098.jpg",768,1098,true],"large":["https:\/\/www.caritasbaribitonto.it\/public\/home\/img\/uploads\/2019\/06\/IMG-20190605-WA0000-716x1024.jpg",716,1024,true],"1536x1536":["https:\/\/www.caritasbaribitonto.it\/public\/home\/img\/uploads\/2019\/06\/IMG-20190605-WA0000.jpg",1074,1536,false],"2048x2048":["https:\/\/www.caritasbaribitonto.it\/public\/home\/img\/uploads\/2019\/06\/IMG-20190605-WA0000.jpg",1119,1600,false]},"uagb_author_info":{"display_name":"Giovanni Caputo","author_link":"https:\/\/www.caritasbaribitonto.it\/public\/home\/author\/admin\/"},"uagb_comment_info":0,"uagb_excerpt":"Mercoled\u00ec 12 giugno, alle ore 19.30, la Parrocchia S. Antonio in Bari-Carbonara, accoglier\u00e0 per un incontro-testimonianza Fratel Biagio Conte da [&hellip;]","_links":{"self":[{"href":"https:\/\/www.caritasbaribitonto.it\/public\/home\/wp-json\/wp\/v2\/posts\/5414","targetHints":{"allow":["GET"]}}],"collection":[{"href":"https:\/\/www.caritasbaribitonto.it\/public\/home\/wp-json\/wp\/v2\/posts"}],"about":[{"href":"https:\/\/www.caritasbaribitonto.it\/public\/home\/wp-json\/wp\/v2\/types\/post"}],"author":[{"embeddable":true,"href":"https:\/\/www.caritasbaribitonto.it\/public\/home\/wp-json\/wp\/v2\/users\/1"}],"replies":[{"embeddable":true,"href":"https:\/\/www.caritasbaribitonto.it\/public\/home\/wp-json\/wp\/v2\/comments?post=5414"}],"version-history":[{"count":0,"href":"https:\/\/www.caritasbaribitonto.it\/public\/home\/wp-json\/wp\/v2\/posts\/5414\/revisions"}],"wp:featuredmedia":[{"embeddable":true,"href":"https:\/\/www.caritasbaribitonto.it\/public\/home\/wp-json\/wp\/v2\/media\/5422"}],"wp:attachment":[{"href":"https:\/\/www.caritasbaribitonto.it\/public\/home\/wp-json\/wp\/v2\/media?parent=5414"}],"wp:term":[{"taxonomy":"category","embeddable":true,"href":"https:\/\/www.caritasbaribitonto.it\/public\/home\/wp-json\/wp\/v2\/categories?post=5414"},{"taxonomy":"post_tag","embeddable":true,"href":"https:\/\/www.caritasbaribitonto.it\/public\/home\/wp-json\/wp\/v2\/tags?post=5414"}],"curies":[{"name":"wp","href":"https:\/\/api.w.org\/{rel}","templated":true}]}}