{"id":5193,"date":"2018-11-29T18:09:25","date_gmt":"2018-11-29T17:09:25","guid":{"rendered":"http:\/\/www.caritasbaribitonto.it\/public\/home\/?p=5193"},"modified":"2018-11-29T18:09:25","modified_gmt":"2018-11-29T17:09:25","slug":"marcia-della-pace-31-dicembre-a-matera","status":"publish","type":"post","link":"https:\/\/www.caritasbaribitonto.it\/public\/home\/2018\/11\/marcia-della-pace-31-dicembre-a-matera\/","title":{"rendered":"Marcia della Pace &#8211; 31 dicembre a Matera"},"content":{"rendered":"<p><a href=\"http:\/\/www.caritasbaribitonto.it\/public\/home\/img\/uploads\/2018\/11\/marcia_della_pace.jpeg\"><img loading=\"lazy\" decoding=\"async\" class=\"size-full wp-image-5194 aligncenter\" src=\"http:\/\/www.caritasbaribitonto.it\/public\/home\/img\/uploads\/2018\/11\/marcia_della_pace.jpeg\" alt=\"\" width=\"600\" height=\"499\" srcset=\"https:\/\/www.caritasbaribitonto.it\/public\/home\/img\/uploads\/2018\/11\/marcia_della_pace.jpeg 600w, https:\/\/www.caritasbaribitonto.it\/public\/home\/img\/uploads\/2018\/11\/marcia_della_pace-300x250.jpeg 300w\" sizes=\"auto, (max-width: 600px) 100vw, 600px\" \/><\/a><\/p>\n<p>Si terr\u00e0 a Matera la 51esima Marcia per la Pace dalla sera del 31 dicembre, nel segno e nella memoria di Don Tonino Bello, il cui tema \u00e8 &#8220;la buona politica \u00e8 al servizio della pace&#8221;.<\/p>\n<p>La Caritas di Bari Bitonto, Pax Christi Bari, Ufficio di Pastorale sociale e mondo del lavoro e l\u2019Azione Cattolica, in comunione con le realt\u00e0&nbsp;nazionali, propongono a chiunque vorr\u00e0 di unirsi in questa marcia per testimoniare, con tutti coloro che parteciperanno, il nostro impegno a camminare verso la fraternit\u00e0 l&#8217;accoglienza e l&#8217;integrazione nel nostro territorio.<\/p>\n<p>A questo primo invito seguir\u00e0 una fase maggiormente organizzativa. Intanto comunichiamo che -se ci sar\u00e0 bisogno- sar\u00e0 messo a disposizione un bus che partir\u00e0 per le 16. La marcia inizier\u00e0 con la celebrazione eucaristica alle 18 circa e terminer\u00e0 a ridosso della mezzanotte.<br \/>\nEntro il 15 dicembre \u00e8 necessario iscriversi all&#8217;indirizzo giovani@caritasbaribitonto.it<\/p>\n<p>Attendiamo insieme il nuovo anno invocando il dono della Pace per tutti!!!<br \/>\nGrazie!<\/p>\n","protected":false},"excerpt":{"rendered":"<p>Si terr\u00e0 a Matera la 51esima Marcia per la Pace dalla sera del 31 dicembre, nel segno e nella memoria [&hellip;]<\/p>\n","protected":false},"author":570,"featured_media":5195,"comment_status":"closed","ping_status":"open","sticky":false,"template":"","format":"standard","meta":{"_uag_custom_page_level_css":"","site-sidebar-layout":"default","site-content-layout":"","ast-site-content-layout":"default","site-content-style":"default","site-sidebar-style":"default","ast-global-header-display":"","ast-banner-title-visibility":"","ast-main-header-display":"","ast-hfb-above-header-display":"","ast-hfb-below-header-display":"","ast-hfb-mobile-header-display":"","site-post-title":"","ast-breadcrumbs-content":"","ast-featured-img":"","footer-sml-layout":"","theme-transparent-header-meta":"","adv-header-id-meta":"","stick-header-meta":"","header-above-stick-meta":"","header-main-stick-meta":"","header-below-stick-meta":"","astra-migrate-meta-layouts":"default","ast-page-background-enabled":"default","ast-page-background-meta":{"desktop":{"background-color":"var(--ast-global-color-5)","background-image":"","background-repeat":"repeat","background-position":"center center","background-size":"auto","background-attachment":"scroll","background-type":"","background-media":"","overlay-type":"","overlay-color":"","overlay-opacity":"","overlay-gradient":""},"tablet":{"background-color":"","background-image":"","background-repeat":"repeat","background-position":"center center","background-size":"auto","background-attachment":"scroll","background-type":"","background-media":"","overlay-type":"","overlay-color":"","overlay-opacity":"","overlay-gradient":""},"mobile":{"background-color":"","background-image":"","background-repeat":"repeat","background-position":"center center","background-size":"auto","background-attachment":"scroll","background-type":"","background-media":"","overlay-type":"","overlay-color":"","overlay-opacity":"","overlay-gradient":""}},"ast-content-background-meta":{"desktop":{"background-color":"var(--ast-global-color-4)","background-image":"","background-repeat":"repeat","background-position":"center center","background-size":"auto","background-attachment":"scroll","background-type":"","background-media":"","overlay-type":"","overlay-color":"","overlay-opacity":"","overlay-gradient":""},"tablet":{"background-color":"var(--ast-global-color-4)","background-image":"","background-repeat":"repeat","background-position":"center center","background-size":"auto","background-attachment":"scroll","background-type":"","background-media":"","overlay-type":"","overlay-color":"","overlay-opacity":"","overlay-gradient":""},"mobile":{"background-color":"var(--ast-global-color-4)","background-image":"","background-repeat":"repeat","background-position":"center center","background-size":"auto","background-attachment":"scroll","background-type":"","background-media":"","overlay-type":"","overlay-color":"","overlay-opacity":"","overlay-gradient":""}},"footnotes":""},"categories":[213,50],"tags":[370,372,371],"class_list":["post-5193","post","type-post","status-publish","format-standard","has-post-thumbnail","hentry","category-appuntamenti","category-calendario-eventi","tag-capodanno","tag-dontoninobello","tag-marcaidellapace"],"gutentor_comment":0,"yoast_head":"<!-- This site is optimized with the Yoast SEO plugin v26.8 - https:\/\/yoast.com\/product\/yoast-seo-wordpress\/ -->\r\n<title>Marcia della Pace - 31 dicembre a Matera - Caritas Diocesana Bari-Bitonto<\/title>\r\n<meta name=\"description\" content=\"Si terr\u00e0 a Matera la 51esima Marcia per la Pace, nel segno e nella memoria di Don Tonino Bello, il cui tema \u00e8 &quot;la buona politica \u00e8 al servizio della pace.\" \/>\r\n<meta name=\"robots\" content=\"index, follow, max-snippet:-1, max-image-preview:large, max-video-preview:-1\" \/>\r\n<link rel=\"canonical\" href=\"https:\/\/www.caritasbaribitonto.it\/public\/home\/2018\/11\/marcia-della-pace-31-dicembre-a-matera\/\" \/>\r\n<meta property=\"og:locale\" content=\"it_IT\" \/>\r\n<meta property=\"og:type\" content=\"article\" \/>\r\n<meta property=\"og:title\" content=\"Marcia della Pace - 31 dicembre a Matera - Caritas Diocesana Bari-Bitonto\" \/>\r\n<meta property=\"og:description\" content=\"Si terr\u00e0 a Matera la 51esima Marcia per la Pace, nel segno e nella memoria di Don Tonino Bello, il cui tema \u00e8 &quot;la buona politica \u00e8 al servizio della pace.\" \/>\r\n<meta property=\"og:url\" content=\"https:\/\/www.caritasbaribitonto.it\/public\/home\/2018\/11\/marcia-della-pace-31-dicembre-a-matera\/\" \/>\r\n<meta property=\"og:site_name\" content=\"Caritas Diocesana Bari-Bitonto\" \/>\r\n<meta property=\"article:publisher\" content=\"https:\/\/www.facebook.com\/pages\/Caritas-Diocesana-Bari-Bitonto\/533981476753770\" \/>\r\n<meta property=\"article:published_time\" content=\"2018-11-29T17:09:25+00:00\" \/>\r\n<meta property=\"og:image\" content=\"https:\/\/www.caritasbaribitonto.it\/public\/home\/img\/uploads\/2018\/11\/marcia_della_pace_anteprima.jpeg\" \/>\r\n\t<meta property=\"og:image:width\" content=\"600\" \/>\r\n\t<meta property=\"og:image:height\" content=\"315\" \/>\r\n\t<meta property=\"og:image:type\" content=\"image\/jpeg\" \/>\r\n<meta name=\"author\" content=\"Francesco Scuccumarri\" \/>\r\n<meta name=\"twitter:card\" content=\"summary_large_image\" \/>\r\n<meta name=\"twitter:label1\" content=\"Scritto da\" \/>\n\t<meta name=\"twitter:data1\" content=\"Francesco Scuccumarri\" \/>\n\t<meta name=\"twitter:label2\" content=\"Tempo di lettura stimato\" \/>\n\t<meta name=\"twitter:data2\" content=\"1 minuto\" \/>\r\n<script type=\"application\/ld+json\" class=\"yoast-schema-graph\">{\"@context\":\"https:\/\/schema.org\",\"@graph\":[{\"@type\":\"Article\",\"@id\":\"https:\/\/www.caritasbaribitonto.it\/public\/home\/2018\/11\/marcia-della-pace-31-dicembre-a-matera\/#article\",\"isPartOf\":{\"@id\":\"https:\/\/www.caritasbaribitonto.it\/public\/home\/2018\/11\/marcia-della-pace-31-dicembre-a-matera\/\"},\"author\":{\"name\":\"Francesco Scuccumarri\",\"@id\":\"https:\/\/www.caritasbaribitonto.it\/public\/home\/#\/schema\/person\/de7e3a3d8d999f73c0dc1f498f3aba63\"},\"headline\":\"Marcia della Pace &#8211; 31 dicembre a Matera\",\"datePublished\":\"2018-11-29T17:09:25+00:00\",\"mainEntityOfPage\":{\"@id\":\"https:\/\/www.caritasbaribitonto.it\/public\/home\/2018\/11\/marcia-della-pace-31-dicembre-a-matera\/\"},\"wordCount\":163,\"publisher\":{\"@id\":\"https:\/\/www.caritasbaribitonto.it\/public\/home\/#organization\"},\"image\":{\"@id\":\"https:\/\/www.caritasbaribitonto.it\/public\/home\/2018\/11\/marcia-della-pace-31-dicembre-a-matera\/#primaryimage\"},\"thumbnailUrl\":\"https:\/\/www.caritasbaribitonto.it\/public\/home\/img\/uploads\/2018\/11\/marcia_della_pace_anteprima.jpeg\",\"keywords\":[\"capodanno\",\"dontoninobello\",\"marcaidellapace\"],\"articleSection\":[\"Appuntamenti\",\"Calendario Eventi\"],\"inLanguage\":\"it-IT\"},{\"@type\":\"WebPage\",\"@id\":\"https:\/\/www.caritasbaribitonto.it\/public\/home\/2018\/11\/marcia-della-pace-31-dicembre-a-matera\/\",\"url\":\"https:\/\/www.caritasbaribitonto.it\/public\/home\/2018\/11\/marcia-della-pace-31-dicembre-a-matera\/\",\"name\":\"Marcia della Pace - 31 dicembre a Matera - Caritas Diocesana Bari-Bitonto\",\"isPartOf\":{\"@id\":\"https:\/\/www.caritasbaribitonto.it\/public\/home\/#website\"},\"primaryImageOfPage\":{\"@id\":\"https:\/\/www.caritasbaribitonto.it\/public\/home\/2018\/11\/marcia-della-pace-31-dicembre-a-matera\/#primaryimage\"},\"image\":{\"@id\":\"https:\/\/www.caritasbaribitonto.it\/public\/home\/2018\/11\/marcia-della-pace-31-dicembre-a-matera\/#primaryimage\"},\"thumbnailUrl\":\"https:\/\/www.caritasbaribitonto.it\/public\/home\/img\/uploads\/2018\/11\/marcia_della_pace_anteprima.jpeg\",\"datePublished\":\"2018-11-29T17:09:25+00:00\",\"description\":\"Si terr\u00e0 a Matera la 51esima Marcia per la Pace, nel segno e nella memoria di Don Tonino Bello, il cui tema \u00e8 \\\"la buona politica \u00e8 al servizio della pace.\",\"breadcrumb\":{\"@id\":\"https:\/\/www.caritasbaribitonto.it\/public\/home\/2018\/11\/marcia-della-pace-31-dicembre-a-matera\/#breadcrumb\"},\"inLanguage\":\"it-IT\",\"potentialAction\":[{\"@type\":\"ReadAction\",\"target\":[\"https:\/\/www.caritasbaribitonto.it\/public\/home\/2018\/11\/marcia-della-pace-31-dicembre-a-matera\/\"]}]},{\"@type\":\"ImageObject\",\"inLanguage\":\"it-IT\",\"@id\":\"https:\/\/www.caritasbaribitonto.it\/public\/home\/2018\/11\/marcia-della-pace-31-dicembre-a-matera\/#primaryimage\",\"url\":\"https:\/\/www.caritasbaribitonto.it\/public\/home\/img\/uploads\/2018\/11\/marcia_della_pace_anteprima.jpeg\",\"contentUrl\":\"https:\/\/www.caritasbaribitonto.it\/public\/home\/img\/uploads\/2018\/11\/marcia_della_pace_anteprima.jpeg\",\"width\":600,\"height\":315},{\"@type\":\"BreadcrumbList\",\"@id\":\"https:\/\/www.caritasbaribitonto.it\/public\/home\/2018\/11\/marcia-della-pace-31-dicembre-a-matera\/#breadcrumb\",\"itemListElement\":[{\"@type\":\"ListItem\",\"position\":1,\"name\":\"Home\",\"item\":\"https:\/\/www.caritasbaribitonto.it\/public\/home\/\"},{\"@type\":\"ListItem\",\"position\":2,\"name\":\"Marcia della Pace &#8211; 31 dicembre a Matera\"}]},{\"@type\":\"WebSite\",\"@id\":\"https:\/\/www.caritasbaribitonto.it\/public\/home\/#website\",\"url\":\"https:\/\/www.caritasbaribitonto.it\/public\/home\/\",\"name\":\"Caritas Diocesana Bari-Bitonto\",\"description\":\"I santi della porta accanto\",\"publisher\":{\"@id\":\"https:\/\/www.caritasbaribitonto.it\/public\/home\/#organization\"},\"potentialAction\":[{\"@type\":\"SearchAction\",\"target\":{\"@type\":\"EntryPoint\",\"urlTemplate\":\"https:\/\/www.caritasbaribitonto.it\/public\/home\/?s={search_term_string}\"},\"query-input\":{\"@type\":\"PropertyValueSpecification\",\"valueRequired\":true,\"valueName\":\"search_term_string\"}}],\"inLanguage\":\"it-IT\"},{\"@type\":\"Organization\",\"@id\":\"https:\/\/www.caritasbaribitonto.it\/public\/home\/#organization\",\"name\":\"Caritas Diocesana Bari-Bitonto\",\"url\":\"https:\/\/www.caritasbaribitonto.it\/public\/home\/\",\"logo\":{\"@type\":\"ImageObject\",\"inLanguage\":\"it-IT\",\"@id\":\"https:\/\/www.caritasbaribitonto.it\/public\/home\/#\/schema\/logo\/image\/\",\"url\":\"https:\/\/www.caritasbaribitonto.it\/public\/home\/img\/uploads\/2025\/02\/cropped-cropped-caritas2025_350x112.png\",\"contentUrl\":\"https:\/\/www.caritasbaribitonto.it\/public\/home\/img\/uploads\/2025\/02\/cropped-cropped-caritas2025_350x112.png\",\"width\":350,\"height\":112,\"caption\":\"Caritas Diocesana Bari-Bitonto\"},\"image\":{\"@id\":\"https:\/\/www.caritasbaribitonto.it\/public\/home\/#\/schema\/logo\/image\/\"},\"sameAs\":[\"https:\/\/www.facebook.com\/pages\/Caritas-Diocesana-Bari-Bitonto\/533981476753770\"]},{\"@type\":\"Person\",\"@id\":\"https:\/\/www.caritasbaribitonto.it\/public\/home\/#\/schema\/person\/de7e3a3d8d999f73c0dc1f498f3aba63\",\"name\":\"Francesco Scuccumarri\",\"image\":{\"@type\":\"ImageObject\",\"inLanguage\":\"it-IT\",\"@id\":\"https:\/\/www.caritasbaribitonto.it\/public\/home\/#\/schema\/person\/image\/\",\"url\":\"https:\/\/secure.gravatar.com\/avatar\/3b4c8a868287ae75acd7ca6fb7565abecb3408776095327052ebdd2ca70a0b21?s=96&d=identicon&r=g\",\"contentUrl\":\"https:\/\/secure.gravatar.com\/avatar\/3b4c8a868287ae75acd7ca6fb7565abecb3408776095327052ebdd2ca70a0b21?s=96&d=identicon&r=g\",\"caption\":\"Francesco Scuccumarri\"},\"url\":\"https:\/\/www.caritasbaribitonto.it\/public\/home\/author\/francesco\/\"}]}<\/script>\r\n<!-- \/ Yoast SEO plugin. -->","yoast_head_json":{"title":"Marcia della Pace - 31 dicembre a Matera - Caritas Diocesana Bari-Bitonto","description":"Si terr\u00e0 a Matera la 51esima Marcia per la Pace, nel segno e nella memoria di Don Tonino Bello, il cui tema \u00e8 \"la buona politica \u00e8 al servizio della pace.","robots":{"index":"index","follow":"follow","max-snippet":"max-snippet:-1","max-image-preview":"max-image-preview:large","max-video-preview":"max-video-preview:-1"},"canonical":"https:\/\/www.caritasbaribitonto.it\/public\/home\/2018\/11\/marcia-della-pace-31-dicembre-a-matera\/","og_locale":"it_IT","og_type":"article","og_title":"Marcia della Pace - 31 dicembre a Matera - Caritas Diocesana Bari-Bitonto","og_description":"Si terr\u00e0 a Matera la 51esima Marcia per la Pace, nel segno e nella memoria di Don Tonino Bello, il cui tema \u00e8 \"la buona politica \u00e8 al servizio della pace.","og_url":"https:\/\/www.caritasbaribitonto.it\/public\/home\/2018\/11\/marcia-della-pace-31-dicembre-a-matera\/","og_site_name":"Caritas Diocesana Bari-Bitonto","article_publisher":"https:\/\/www.facebook.com\/pages\/Caritas-Diocesana-Bari-Bitonto\/533981476753770","article_published_time":"2018-11-29T17:09:25+00:00","og_image":[{"width":600,"height":315,"url":"https:\/\/www.caritasbaribitonto.it\/public\/home\/img\/uploads\/2018\/11\/marcia_della_pace_anteprima.jpeg","type":"image\/jpeg"}],"author":"Francesco Scuccumarri","twitter_card":"summary_large_image","twitter_misc":{"Scritto da":"Francesco Scuccumarri","Tempo di lettura stimato":"1 minuto"},"schema":{"@context":"https:\/\/schema.org","@graph":[{"@type":"Article","@id":"https:\/\/www.caritasbaribitonto.it\/public\/home\/2018\/11\/marcia-della-pace-31-dicembre-a-matera\/#article","isPartOf":{"@id":"https:\/\/www.caritasbaribitonto.it\/public\/home\/2018\/11\/marcia-della-pace-31-dicembre-a-matera\/"},"author":{"name":"Francesco Scuccumarri","@id":"https:\/\/www.caritasbaribitonto.it\/public\/home\/#\/schema\/person\/de7e3a3d8d999f73c0dc1f498f3aba63"},"headline":"Marcia della Pace &#8211; 31 dicembre a Matera","datePublished":"2018-11-29T17:09:25+00:00","mainEntityOfPage":{"@id":"https:\/\/www.caritasbaribitonto.it\/public\/home\/2018\/11\/marcia-della-pace-31-dicembre-a-matera\/"},"wordCount":163,"publisher":{"@id":"https:\/\/www.caritasbaribitonto.it\/public\/home\/#organization"},"image":{"@id":"https:\/\/www.caritasbaribitonto.it\/public\/home\/2018\/11\/marcia-della-pace-31-dicembre-a-matera\/#primaryimage"},"thumbnailUrl":"https:\/\/www.caritasbaribitonto.it\/public\/home\/img\/uploads\/2018\/11\/marcia_della_pace_anteprima.jpeg","keywords":["capodanno","dontoninobello","marcaidellapace"],"articleSection":["Appuntamenti","Calendario Eventi"],"inLanguage":"it-IT"},{"@type":"WebPage","@id":"https:\/\/www.caritasbaribitonto.it\/public\/home\/2018\/11\/marcia-della-pace-31-dicembre-a-matera\/","url":"https:\/\/www.caritasbaribitonto.it\/public\/home\/2018\/11\/marcia-della-pace-31-dicembre-a-matera\/","name":"Marcia della Pace - 31 dicembre a Matera - Caritas Diocesana Bari-Bitonto","isPartOf":{"@id":"https:\/\/www.caritasbaribitonto.it\/public\/home\/#website"},"primaryImageOfPage":{"@id":"https:\/\/www.caritasbaribitonto.it\/public\/home\/2018\/11\/marcia-della-pace-31-dicembre-a-matera\/#primaryimage"},"image":{"@id":"https:\/\/www.caritasbaribitonto.it\/public\/home\/2018\/11\/marcia-della-pace-31-dicembre-a-matera\/#primaryimage"},"thumbnailUrl":"https:\/\/www.caritasbaribitonto.it\/public\/home\/img\/uploads\/2018\/11\/marcia_della_pace_anteprima.jpeg","datePublished":"2018-11-29T17:09:25+00:00","description":"Si terr\u00e0 a Matera la 51esima Marcia per la Pace, nel segno e nella memoria di Don Tonino Bello, il cui tema \u00e8 \"la buona politica \u00e8 al servizio della pace.","breadcrumb":{"@id":"https:\/\/www.caritasbaribitonto.it\/public\/home\/2018\/11\/marcia-della-pace-31-dicembre-a-matera\/#breadcrumb"},"inLanguage":"it-IT","potentialAction":[{"@type":"ReadAction","target":["https:\/\/www.caritasbaribitonto.it\/public\/home\/2018\/11\/marcia-della-pace-31-dicembre-a-matera\/"]}]},{"@type":"ImageObject","inLanguage":"it-IT","@id":"https:\/\/www.caritasbaribitonto.it\/public\/home\/2018\/11\/marcia-della-pace-31-dicembre-a-matera\/#primaryimage","url":"https:\/\/www.caritasbaribitonto.it\/public\/home\/img\/uploads\/2018\/11\/marcia_della_pace_anteprima.jpeg","contentUrl":"https:\/\/www.caritasbaribitonto.it\/public\/home\/img\/uploads\/2018\/11\/marcia_della_pace_anteprima.jpeg","width":600,"height":315},{"@type":"BreadcrumbList","@id":"https:\/\/www.caritasbaribitonto.it\/public\/home\/2018\/11\/marcia-della-pace-31-dicembre-a-matera\/#breadcrumb","itemListElement":[{"@type":"ListItem","position":1,"name":"Home","item":"https:\/\/www.caritasbaribitonto.it\/public\/home\/"},{"@type":"ListItem","position":2,"name":"Marcia della Pace &#8211; 31 dicembre a Matera"}]},{"@type":"WebSite","@id":"https:\/\/www.caritasbaribitonto.it\/public\/home\/#website","url":"https:\/\/www.caritasbaribitonto.it\/public\/home\/","name":"Caritas Diocesana Bari-Bitonto","description":"I santi della porta accanto","publisher":{"@id":"https:\/\/www.caritasbaribitonto.it\/public\/home\/#organization"},"potentialAction":[{"@type":"SearchAction","target":{"@type":"EntryPoint","urlTemplate":"https:\/\/www.caritasbaribitonto.it\/public\/home\/?s={search_term_string}"},"query-input":{"@type":"PropertyValueSpecification","valueRequired":true,"valueName":"search_term_string"}}],"inLanguage":"it-IT"},{"@type":"Organization","@id":"https:\/\/www.caritasbaribitonto.it\/public\/home\/#organization","name":"Caritas Diocesana Bari-Bitonto","url":"https:\/\/www.caritasbaribitonto.it\/public\/home\/","logo":{"@type":"ImageObject","inLanguage":"it-IT","@id":"https:\/\/www.caritasbaribitonto.it\/public\/home\/#\/schema\/logo\/image\/","url":"https:\/\/www.caritasbaribitonto.it\/public\/home\/img\/uploads\/2025\/02\/cropped-cropped-caritas2025_350x112.png","contentUrl":"https:\/\/www.caritasbaribitonto.it\/public\/home\/img\/uploads\/2025\/02\/cropped-cropped-caritas2025_350x112.png","width":350,"height":112,"caption":"Caritas Diocesana Bari-Bitonto"},"image":{"@id":"https:\/\/www.caritasbaribitonto.it\/public\/home\/#\/schema\/logo\/image\/"},"sameAs":["https:\/\/www.facebook.com\/pages\/Caritas-Diocesana-Bari-Bitonto\/533981476753770"]},{"@type":"Person","@id":"https:\/\/www.caritasbaribitonto.it\/public\/home\/#\/schema\/person\/de7e3a3d8d999f73c0dc1f498f3aba63","name":"Francesco Scuccumarri","image":{"@type":"ImageObject","inLanguage":"it-IT","@id":"https:\/\/www.caritasbaribitonto.it\/public\/home\/#\/schema\/person\/image\/","url":"https:\/\/secure.gravatar.com\/avatar\/3b4c8a868287ae75acd7ca6fb7565abecb3408776095327052ebdd2ca70a0b21?s=96&d=identicon&r=g","contentUrl":"https:\/\/secure.gravatar.com\/avatar\/3b4c8a868287ae75acd7ca6fb7565abecb3408776095327052ebdd2ca70a0b21?s=96&d=identicon&r=g","caption":"Francesco Scuccumarri"},"url":"https:\/\/www.caritasbaribitonto.it\/public\/home\/author\/francesco\/"}]}},"jetpack_featured_media_url":"https:\/\/www.caritasbaribitonto.it\/public\/home\/img\/uploads\/2018\/11\/marcia_della_pace_anteprima.jpeg","uagb_featured_image_src":{"full":["https:\/\/www.caritasbaribitonto.it\/public\/home\/img\/uploads\/2018\/11\/marcia_della_pace_anteprima.jpeg",600,315,false],"thumbnail":["https:\/\/www.caritasbaribitonto.it\/public\/home\/img\/uploads\/2018\/11\/marcia_della_pace_anteprima-150x150.jpeg",150,150,true],"medium":["https:\/\/www.caritasbaribitonto.it\/public\/home\/img\/uploads\/2018\/11\/marcia_della_pace_anteprima-300x158.jpeg",300,158,true],"medium_large":["https:\/\/www.caritasbaribitonto.it\/public\/home\/img\/uploads\/2018\/11\/marcia_della_pace_anteprima.jpeg",600,315,false],"large":["https:\/\/www.caritasbaribitonto.it\/public\/home\/img\/uploads\/2018\/11\/marcia_della_pace_anteprima.jpeg",600,315,false],"1536x1536":["https:\/\/www.caritasbaribitonto.it\/public\/home\/img\/uploads\/2018\/11\/marcia_della_pace_anteprima.jpeg",600,315,false],"2048x2048":["https:\/\/www.caritasbaribitonto.it\/public\/home\/img\/uploads\/2018\/11\/marcia_della_pace_anteprima.jpeg",600,315,false]},"uagb_author_info":{"display_name":"Francesco Scuccumarri","author_link":"https:\/\/www.caritasbaribitonto.it\/public\/home\/author\/francesco\/"},"uagb_comment_info":0,"uagb_excerpt":"Si terr\u00e0 a Matera la 51esima Marcia per la Pace dalla sera del 31 dicembre, nel segno e nella memoria [&hellip;]","_links":{"self":[{"href":"https:\/\/www.caritasbaribitonto.it\/public\/home\/wp-json\/wp\/v2\/posts\/5193","targetHints":{"allow":["GET"]}}],"collection":[{"href":"https:\/\/www.caritasbaribitonto.it\/public\/home\/wp-json\/wp\/v2\/posts"}],"about":[{"href":"https:\/\/www.caritasbaribitonto.it\/public\/home\/wp-json\/wp\/v2\/types\/post"}],"author":[{"embeddable":true,"href":"https:\/\/www.caritasbaribitonto.it\/public\/home\/wp-json\/wp\/v2\/users\/570"}],"replies":[{"embeddable":true,"href":"https:\/\/www.caritasbaribitonto.it\/public\/home\/wp-json\/wp\/v2\/comments?post=5193"}],"version-history":[{"count":0,"href":"https:\/\/www.caritasbaribitonto.it\/public\/home\/wp-json\/wp\/v2\/posts\/5193\/revisions"}],"wp:featuredmedia":[{"embeddable":true,"href":"https:\/\/www.caritasbaribitonto.it\/public\/home\/wp-json\/wp\/v2\/media\/5195"}],"wp:attachment":[{"href":"https:\/\/www.caritasbaribitonto.it\/public\/home\/wp-json\/wp\/v2\/media?parent=5193"}],"wp:term":[{"taxonomy":"category","embeddable":true,"href":"https:\/\/www.caritasbaribitonto.it\/public\/home\/wp-json\/wp\/v2\/categories?post=5193"},{"taxonomy":"post_tag","embeddable":true,"href":"https:\/\/www.caritasbaribitonto.it\/public\/home\/wp-json\/wp\/v2\/tags?post=5193"}],"curies":[{"name":"wp","href":"https:\/\/api.w.org\/{rel}","templated":true}]}}