{"id":5179,"date":"2018-11-18T17:07:16","date_gmt":"2018-11-18T16:07:16","guid":{"rendered":"http:\/\/www.caritasbaribitonto.it\/public\/home\/?p=5179"},"modified":"2018-11-18T17:07:16","modified_gmt":"2018-11-18T16:07:16","slug":"i-anniversario-del-nuovo-centro-daccoglienza-don-vito-diana","status":"publish","type":"post","link":"https:\/\/www.caritasbaribitonto.it\/public\/home\/2018\/11\/i-anniversario-del-nuovo-centro-daccoglienza-don-vito-diana\/","title":{"rendered":"I anniversario del nuovo centro d&#8217;accoglienza Don VITO DIANA"},"content":{"rendered":"<p>\u201c<em>Il vero potere \u00e8 servire. Altrimenti \u00e8 egoismo, \u00e8 abbassare l\u2019altro, non lasciarlo crescere, \u00e8 dominare, fare schiavi, non gente matura. Il potere \u00e8 per far crescere la gente, per farsi servitori della gente.<\/em> \u201c <strong>Papa Francesco.<\/strong><\/p>\n<p>A quanti ci hanno permesso, e continuano a permetterci, di aiutare i nostri fratelli in difficolt\u00e0, rinnoviamo costantemente il nostro pi\u00f9 sentito Grazie.<\/p>\n<p>\u00c8 solo attraverso la solidariet\u00e0 di quanti dedicano gratuitamente la loro opera, il loro tempo e la loro attenzione al nostro Centro d\u2019Accoglienza, che riusciamo nel nostro piccolo, a far sentire meno soli i nostri fratelli in difficolt\u00e0.<\/p>\n<p>Ad un anno esatto dall\u2019inaugurazione della nostra nuova struttura d&#8217;accoglienza, nella nuova collaborazione con la coop.Equal time, maggiormente inseriti nella rete di accoglienza territoriale, ringraziamo gli operatori, i diaconi, i volontari ed i giovani che mostrano sempre pi\u00f9 in attenzione particolare per questa realt\u00e0.<\/p>\n<p>Andiamo avanti con fiducia!<\/p>\n<p>Don Vito, sr. Mariarosaria e l&#8217;equipe del Centro.<\/p>\n","protected":false},"excerpt":{"rendered":"<p>\u201cIl vero potere \u00e8 servire. Altrimenti \u00e8 egoismo, \u00e8 abbassare l\u2019altro, non lasciarlo crescere, \u00e8 dominare, fare schiavi, non gente [&hellip;]<\/p>\n","protected":false},"author":1,"featured_media":4955,"comment_status":"closed","ping_status":"open","sticky":false,"template":"","format":"standard","meta":{"_uag_custom_page_level_css":"","site-sidebar-layout":"default","site-content-layout":"","ast-site-content-layout":"default","site-content-style":"default","site-sidebar-style":"default","ast-global-header-display":"","ast-banner-title-visibility":"","ast-main-header-display":"","ast-hfb-above-header-display":"","ast-hfb-below-header-display":"","ast-hfb-mobile-header-display":"","site-post-title":"","ast-breadcrumbs-content":"","ast-featured-img":"","footer-sml-layout":"","theme-transparent-header-meta":"","adv-header-id-meta":"","stick-header-meta":"","header-above-stick-meta":"","header-main-stick-meta":"","header-below-stick-meta":"","astra-migrate-meta-layouts":"default","ast-page-background-enabled":"default","ast-page-background-meta":{"desktop":{"background-color":"var(--ast-global-color-5)","background-image":"","background-repeat":"repeat","background-position":"center center","background-size":"auto","background-attachment":"scroll","background-type":"","background-media":"","overlay-type":"","overlay-color":"","overlay-opacity":"","overlay-gradient":""},"tablet":{"background-color":"","background-image":"","background-repeat":"repeat","background-position":"center center","background-size":"auto","background-attachment":"scroll","background-type":"","background-media":"","overlay-type":"","overlay-color":"","overlay-opacity":"","overlay-gradient":""},"mobile":{"background-color":"","background-image":"","background-repeat":"repeat","background-position":"center center","background-size":"auto","background-attachment":"scroll","background-type":"","background-media":"","overlay-type":"","overlay-color":"","overlay-opacity":"","overlay-gradient":""}},"ast-content-background-meta":{"desktop":{"background-color":"var(--ast-global-color-4)","background-image":"","background-repeat":"repeat","background-position":"center center","background-size":"auto","background-attachment":"scroll","background-type":"","background-media":"","overlay-type":"","overlay-color":"","overlay-opacity":"","overlay-gradient":""},"tablet":{"background-color":"var(--ast-global-color-4)","background-image":"","background-repeat":"repeat","background-position":"center center","background-size":"auto","background-attachment":"scroll","background-type":"","background-media":"","overlay-type":"","overlay-color":"","overlay-opacity":"","overlay-gradient":""},"mobile":{"background-color":"var(--ast-global-color-4)","background-image":"","background-repeat":"repeat","background-position":"center center","background-size":"auto","background-attachment":"scroll","background-type":"","background-media":"","overlay-type":"","overlay-color":"","overlay-opacity":"","overlay-gradient":""}},"footnotes":""},"categories":[222,1],"tags":[],"class_list":["post-5179","post","type-post","status-publish","format-standard","has-post-thumbnail","hentry","category-dormitorio","category-generale"],"gutentor_comment":0,"yoast_head":"<!-- This site is optimized with the Yoast SEO plugin v26.8 - https:\/\/yoast.com\/product\/yoast-seo-wordpress\/ -->\r\n<title>I anniversario del nuovo centro d&#039;accoglienza Don VITO DIANA - Caritas Diocesana Bari-Bitonto<\/title>\r\n<meta name=\"robots\" content=\"index, follow, max-snippet:-1, max-image-preview:large, max-video-preview:-1\" \/>\r\n<link rel=\"canonical\" href=\"https:\/\/www.caritasbaribitonto.it\/public\/home\/2018\/11\/i-anniversario-del-nuovo-centro-daccoglienza-don-vito-diana\/\" \/>\r\n<meta property=\"og:locale\" content=\"it_IT\" \/>\r\n<meta property=\"og:type\" content=\"article\" \/>\r\n<meta property=\"og:title\" content=\"I anniversario del nuovo centro d&#039;accoglienza Don VITO DIANA - Caritas Diocesana Bari-Bitonto\" \/>\r\n<meta property=\"og:description\" content=\"\u201cIl vero potere \u00e8 servire. Altrimenti \u00e8 egoismo, \u00e8 abbassare l\u2019altro, non lasciarlo crescere, \u00e8 dominare, fare schiavi, non gente [&hellip;]\" \/>\r\n<meta property=\"og:url\" content=\"https:\/\/www.caritasbaribitonto.it\/public\/home\/2018\/11\/i-anniversario-del-nuovo-centro-daccoglienza-don-vito-diana\/\" \/>\r\n<meta property=\"og:site_name\" content=\"Caritas Diocesana Bari-Bitonto\" \/>\r\n<meta property=\"article:publisher\" content=\"https:\/\/www.facebook.com\/pages\/Caritas-Diocesana-Bari-Bitonto\/533981476753770\" \/>\r\n<meta property=\"article:published_time\" content=\"2018-11-18T16:07:16+00:00\" \/>\r\n<meta property=\"og:image\" content=\"https:\/\/www.caritasbaribitonto.it\/public\/home\/img\/uploads\/2018\/06\/WhatsApp-Image-2018-05-10-at-11.10.36-e1528960662198.jpeg\" \/>\r\n\t<meta property=\"og:image:width\" content=\"750\" \/>\r\n\t<meta property=\"og:image:height\" content=\"997\" \/>\r\n\t<meta property=\"og:image:type\" content=\"image\/jpeg\" \/>\r\n<meta name=\"author\" content=\"Giovanni Caputo\" \/>\r\n<meta name=\"twitter:card\" content=\"summary_large_image\" \/>\r\n<meta name=\"twitter:label1\" content=\"Scritto da\" \/>\n\t<meta name=\"twitter:data1\" content=\"Giovanni Caputo\" \/>\n\t<meta name=\"twitter:label2\" content=\"Tempo di lettura stimato\" \/>\n\t<meta name=\"twitter:data2\" content=\"1 minuto\" \/>\r\n<script type=\"application\/ld+json\" class=\"yoast-schema-graph\">{\"@context\":\"https:\/\/schema.org\",\"@graph\":[{\"@type\":\"Article\",\"@id\":\"https:\/\/www.caritasbaribitonto.it\/public\/home\/2018\/11\/i-anniversario-del-nuovo-centro-daccoglienza-don-vito-diana\/#article\",\"isPartOf\":{\"@id\":\"https:\/\/www.caritasbaribitonto.it\/public\/home\/2018\/11\/i-anniversario-del-nuovo-centro-daccoglienza-don-vito-diana\/\"},\"author\":{\"name\":\"Giovanni Caputo\",\"@id\":\"https:\/\/www.caritasbaribitonto.it\/public\/home\/#\/schema\/person\/06b333402b70fdadb662b68974e8c97a\"},\"headline\":\"I anniversario del nuovo centro d&#8217;accoglienza Don VITO DIANA\",\"datePublished\":\"2018-11-18T16:07:16+00:00\",\"mainEntityOfPage\":{\"@id\":\"https:\/\/www.caritasbaribitonto.it\/public\/home\/2018\/11\/i-anniversario-del-nuovo-centro-daccoglienza-don-vito-diana\/\"},\"wordCount\":163,\"publisher\":{\"@id\":\"https:\/\/www.caritasbaribitonto.it\/public\/home\/#organization\"},\"image\":{\"@id\":\"https:\/\/www.caritasbaribitonto.it\/public\/home\/2018\/11\/i-anniversario-del-nuovo-centro-daccoglienza-don-vito-diana\/#primaryimage\"},\"thumbnailUrl\":\"https:\/\/www.caritasbaribitonto.it\/public\/home\/img\/uploads\/2018\/06\/WhatsApp-Image-2018-05-10-at-11.10.36-e1528960662198.jpeg\",\"articleSection\":[\"Dormitorio\",\"Generale\"],\"inLanguage\":\"it-IT\"},{\"@type\":\"WebPage\",\"@id\":\"https:\/\/www.caritasbaribitonto.it\/public\/home\/2018\/11\/i-anniversario-del-nuovo-centro-daccoglienza-don-vito-diana\/\",\"url\":\"https:\/\/www.caritasbaribitonto.it\/public\/home\/2018\/11\/i-anniversario-del-nuovo-centro-daccoglienza-don-vito-diana\/\",\"name\":\"I anniversario del nuovo centro d'accoglienza Don VITO DIANA - Caritas Diocesana Bari-Bitonto\",\"isPartOf\":{\"@id\":\"https:\/\/www.caritasbaribitonto.it\/public\/home\/#website\"},\"primaryImageOfPage\":{\"@id\":\"https:\/\/www.caritasbaribitonto.it\/public\/home\/2018\/11\/i-anniversario-del-nuovo-centro-daccoglienza-don-vito-diana\/#primaryimage\"},\"image\":{\"@id\":\"https:\/\/www.caritasbaribitonto.it\/public\/home\/2018\/11\/i-anniversario-del-nuovo-centro-daccoglienza-don-vito-diana\/#primaryimage\"},\"thumbnailUrl\":\"https:\/\/www.caritasbaribitonto.it\/public\/home\/img\/uploads\/2018\/06\/WhatsApp-Image-2018-05-10-at-11.10.36-e1528960662198.jpeg\",\"datePublished\":\"2018-11-18T16:07:16+00:00\",\"breadcrumb\":{\"@id\":\"https:\/\/www.caritasbaribitonto.it\/public\/home\/2018\/11\/i-anniversario-del-nuovo-centro-daccoglienza-don-vito-diana\/#breadcrumb\"},\"inLanguage\":\"it-IT\",\"potentialAction\":[{\"@type\":\"ReadAction\",\"target\":[\"https:\/\/www.caritasbaribitonto.it\/public\/home\/2018\/11\/i-anniversario-del-nuovo-centro-daccoglienza-don-vito-diana\/\"]}]},{\"@type\":\"ImageObject\",\"inLanguage\":\"it-IT\",\"@id\":\"https:\/\/www.caritasbaribitonto.it\/public\/home\/2018\/11\/i-anniversario-del-nuovo-centro-daccoglienza-don-vito-diana\/#primaryimage\",\"url\":\"https:\/\/www.caritasbaribitonto.it\/public\/home\/img\/uploads\/2018\/06\/WhatsApp-Image-2018-05-10-at-11.10.36-e1528960662198.jpeg\",\"contentUrl\":\"https:\/\/www.caritasbaribitonto.it\/public\/home\/img\/uploads\/2018\/06\/WhatsApp-Image-2018-05-10-at-11.10.36-e1528960662198.jpeg\",\"width\":750,\"height\":997,\"caption\":\"Dormitorio don Vito Diana - Caritas Diocesana Bari-Bitonto\"},{\"@type\":\"BreadcrumbList\",\"@id\":\"https:\/\/www.caritasbaribitonto.it\/public\/home\/2018\/11\/i-anniversario-del-nuovo-centro-daccoglienza-don-vito-diana\/#breadcrumb\",\"itemListElement\":[{\"@type\":\"ListItem\",\"position\":1,\"name\":\"Home\",\"item\":\"https:\/\/www.caritasbaribitonto.it\/public\/home\/\"},{\"@type\":\"ListItem\",\"position\":2,\"name\":\"I anniversario del nuovo centro d&#8217;accoglienza Don VITO DIANA\"}]},{\"@type\":\"WebSite\",\"@id\":\"https:\/\/www.caritasbaribitonto.it\/public\/home\/#website\",\"url\":\"https:\/\/www.caritasbaribitonto.it\/public\/home\/\",\"name\":\"Caritas Diocesana Bari-Bitonto\",\"description\":\"I santi della porta accanto\",\"publisher\":{\"@id\":\"https:\/\/www.caritasbaribitonto.it\/public\/home\/#organization\"},\"potentialAction\":[{\"@type\":\"SearchAction\",\"target\":{\"@type\":\"EntryPoint\",\"urlTemplate\":\"https:\/\/www.caritasbaribitonto.it\/public\/home\/?s={search_term_string}\"},\"query-input\":{\"@type\":\"PropertyValueSpecification\",\"valueRequired\":true,\"valueName\":\"search_term_string\"}}],\"inLanguage\":\"it-IT\"},{\"@type\":\"Organization\",\"@id\":\"https:\/\/www.caritasbaribitonto.it\/public\/home\/#organization\",\"name\":\"Caritas Diocesana Bari-Bitonto\",\"url\":\"https:\/\/www.caritasbaribitonto.it\/public\/home\/\",\"logo\":{\"@type\":\"ImageObject\",\"inLanguage\":\"it-IT\",\"@id\":\"https:\/\/www.caritasbaribitonto.it\/public\/home\/#\/schema\/logo\/image\/\",\"url\":\"https:\/\/www.caritasbaribitonto.it\/public\/home\/img\/uploads\/2025\/02\/cropped-cropped-caritas2025_350x112.png\",\"contentUrl\":\"https:\/\/www.caritasbaribitonto.it\/public\/home\/img\/uploads\/2025\/02\/cropped-cropped-caritas2025_350x112.png\",\"width\":350,\"height\":112,\"caption\":\"Caritas Diocesana Bari-Bitonto\"},\"image\":{\"@id\":\"https:\/\/www.caritasbaribitonto.it\/public\/home\/#\/schema\/logo\/image\/\"},\"sameAs\":[\"https:\/\/www.facebook.com\/pages\/Caritas-Diocesana-Bari-Bitonto\/533981476753770\"]},{\"@type\":\"Person\",\"@id\":\"https:\/\/www.caritasbaribitonto.it\/public\/home\/#\/schema\/person\/06b333402b70fdadb662b68974e8c97a\",\"name\":\"Giovanni Caputo\",\"image\":{\"@type\":\"ImageObject\",\"inLanguage\":\"it-IT\",\"@id\":\"https:\/\/www.caritasbaribitonto.it\/public\/home\/#\/schema\/person\/image\/\",\"url\":\"https:\/\/secure.gravatar.com\/avatar\/6c7e9d4e1e2394bfa4e38377bd0b5e03cbf0c79e27918e6497d3f408f89d0d3b?s=96&d=identicon&r=g\",\"contentUrl\":\"https:\/\/secure.gravatar.com\/avatar\/6c7e9d4e1e2394bfa4e38377bd0b5e03cbf0c79e27918e6497d3f408f89d0d3b?s=96&d=identicon&r=g\",\"caption\":\"Giovanni Caputo\"},\"url\":\"https:\/\/www.caritasbaribitonto.it\/public\/home\/author\/admin\/\"}]}<\/script>\r\n<!-- \/ Yoast SEO plugin. -->","yoast_head_json":{"title":"I anniversario del nuovo centro d'accoglienza Don VITO DIANA - Caritas Diocesana Bari-Bitonto","robots":{"index":"index","follow":"follow","max-snippet":"max-snippet:-1","max-image-preview":"max-image-preview:large","max-video-preview":"max-video-preview:-1"},"canonical":"https:\/\/www.caritasbaribitonto.it\/public\/home\/2018\/11\/i-anniversario-del-nuovo-centro-daccoglienza-don-vito-diana\/","og_locale":"it_IT","og_type":"article","og_title":"I anniversario del nuovo centro d'accoglienza Don VITO DIANA - Caritas Diocesana Bari-Bitonto","og_description":"\u201cIl vero potere \u00e8 servire. Altrimenti \u00e8 egoismo, \u00e8 abbassare l\u2019altro, non lasciarlo crescere, \u00e8 dominare, fare schiavi, non gente [&hellip;]","og_url":"https:\/\/www.caritasbaribitonto.it\/public\/home\/2018\/11\/i-anniversario-del-nuovo-centro-daccoglienza-don-vito-diana\/","og_site_name":"Caritas Diocesana Bari-Bitonto","article_publisher":"https:\/\/www.facebook.com\/pages\/Caritas-Diocesana-Bari-Bitonto\/533981476753770","article_published_time":"2018-11-18T16:07:16+00:00","og_image":[{"width":750,"height":997,"url":"https:\/\/www.caritasbaribitonto.it\/public\/home\/img\/uploads\/2018\/06\/WhatsApp-Image-2018-05-10-at-11.10.36-e1528960662198.jpeg","type":"image\/jpeg"}],"author":"Giovanni Caputo","twitter_card":"summary_large_image","twitter_misc":{"Scritto da":"Giovanni Caputo","Tempo di lettura stimato":"1 minuto"},"schema":{"@context":"https:\/\/schema.org","@graph":[{"@type":"Article","@id":"https:\/\/www.caritasbaribitonto.it\/public\/home\/2018\/11\/i-anniversario-del-nuovo-centro-daccoglienza-don-vito-diana\/#article","isPartOf":{"@id":"https:\/\/www.caritasbaribitonto.it\/public\/home\/2018\/11\/i-anniversario-del-nuovo-centro-daccoglienza-don-vito-diana\/"},"author":{"name":"Giovanni Caputo","@id":"https:\/\/www.caritasbaribitonto.it\/public\/home\/#\/schema\/person\/06b333402b70fdadb662b68974e8c97a"},"headline":"I anniversario del nuovo centro d&#8217;accoglienza Don VITO DIANA","datePublished":"2018-11-18T16:07:16+00:00","mainEntityOfPage":{"@id":"https:\/\/www.caritasbaribitonto.it\/public\/home\/2018\/11\/i-anniversario-del-nuovo-centro-daccoglienza-don-vito-diana\/"},"wordCount":163,"publisher":{"@id":"https:\/\/www.caritasbaribitonto.it\/public\/home\/#organization"},"image":{"@id":"https:\/\/www.caritasbaribitonto.it\/public\/home\/2018\/11\/i-anniversario-del-nuovo-centro-daccoglienza-don-vito-diana\/#primaryimage"},"thumbnailUrl":"https:\/\/www.caritasbaribitonto.it\/public\/home\/img\/uploads\/2018\/06\/WhatsApp-Image-2018-05-10-at-11.10.36-e1528960662198.jpeg","articleSection":["Dormitorio","Generale"],"inLanguage":"it-IT"},{"@type":"WebPage","@id":"https:\/\/www.caritasbaribitonto.it\/public\/home\/2018\/11\/i-anniversario-del-nuovo-centro-daccoglienza-don-vito-diana\/","url":"https:\/\/www.caritasbaribitonto.it\/public\/home\/2018\/11\/i-anniversario-del-nuovo-centro-daccoglienza-don-vito-diana\/","name":"I anniversario del nuovo centro d'accoglienza Don VITO DIANA - Caritas Diocesana Bari-Bitonto","isPartOf":{"@id":"https:\/\/www.caritasbaribitonto.it\/public\/home\/#website"},"primaryImageOfPage":{"@id":"https:\/\/www.caritasbaribitonto.it\/public\/home\/2018\/11\/i-anniversario-del-nuovo-centro-daccoglienza-don-vito-diana\/#primaryimage"},"image":{"@id":"https:\/\/www.caritasbaribitonto.it\/public\/home\/2018\/11\/i-anniversario-del-nuovo-centro-daccoglienza-don-vito-diana\/#primaryimage"},"thumbnailUrl":"https:\/\/www.caritasbaribitonto.it\/public\/home\/img\/uploads\/2018\/06\/WhatsApp-Image-2018-05-10-at-11.10.36-e1528960662198.jpeg","datePublished":"2018-11-18T16:07:16+00:00","breadcrumb":{"@id":"https:\/\/www.caritasbaribitonto.it\/public\/home\/2018\/11\/i-anniversario-del-nuovo-centro-daccoglienza-don-vito-diana\/#breadcrumb"},"inLanguage":"it-IT","potentialAction":[{"@type":"ReadAction","target":["https:\/\/www.caritasbaribitonto.it\/public\/home\/2018\/11\/i-anniversario-del-nuovo-centro-daccoglienza-don-vito-diana\/"]}]},{"@type":"ImageObject","inLanguage":"it-IT","@id":"https:\/\/www.caritasbaribitonto.it\/public\/home\/2018\/11\/i-anniversario-del-nuovo-centro-daccoglienza-don-vito-diana\/#primaryimage","url":"https:\/\/www.caritasbaribitonto.it\/public\/home\/img\/uploads\/2018\/06\/WhatsApp-Image-2018-05-10-at-11.10.36-e1528960662198.jpeg","contentUrl":"https:\/\/www.caritasbaribitonto.it\/public\/home\/img\/uploads\/2018\/06\/WhatsApp-Image-2018-05-10-at-11.10.36-e1528960662198.jpeg","width":750,"height":997,"caption":"Dormitorio don Vito Diana - Caritas Diocesana Bari-Bitonto"},{"@type":"BreadcrumbList","@id":"https:\/\/www.caritasbaribitonto.it\/public\/home\/2018\/11\/i-anniversario-del-nuovo-centro-daccoglienza-don-vito-diana\/#breadcrumb","itemListElement":[{"@type":"ListItem","position":1,"name":"Home","item":"https:\/\/www.caritasbaribitonto.it\/public\/home\/"},{"@type":"ListItem","position":2,"name":"I anniversario del nuovo centro d&#8217;accoglienza Don VITO DIANA"}]},{"@type":"WebSite","@id":"https:\/\/www.caritasbaribitonto.it\/public\/home\/#website","url":"https:\/\/www.caritasbaribitonto.it\/public\/home\/","name":"Caritas Diocesana Bari-Bitonto","description":"I santi della porta accanto","publisher":{"@id":"https:\/\/www.caritasbaribitonto.it\/public\/home\/#organization"},"potentialAction":[{"@type":"SearchAction","target":{"@type":"EntryPoint","urlTemplate":"https:\/\/www.caritasbaribitonto.it\/public\/home\/?s={search_term_string}"},"query-input":{"@type":"PropertyValueSpecification","valueRequired":true,"valueName":"search_term_string"}}],"inLanguage":"it-IT"},{"@type":"Organization","@id":"https:\/\/www.caritasbaribitonto.it\/public\/home\/#organization","name":"Caritas Diocesana Bari-Bitonto","url":"https:\/\/www.caritasbaribitonto.it\/public\/home\/","logo":{"@type":"ImageObject","inLanguage":"it-IT","@id":"https:\/\/www.caritasbaribitonto.it\/public\/home\/#\/schema\/logo\/image\/","url":"https:\/\/www.caritasbaribitonto.it\/public\/home\/img\/uploads\/2025\/02\/cropped-cropped-caritas2025_350x112.png","contentUrl":"https:\/\/www.caritasbaribitonto.it\/public\/home\/img\/uploads\/2025\/02\/cropped-cropped-caritas2025_350x112.png","width":350,"height":112,"caption":"Caritas Diocesana Bari-Bitonto"},"image":{"@id":"https:\/\/www.caritasbaribitonto.it\/public\/home\/#\/schema\/logo\/image\/"},"sameAs":["https:\/\/www.facebook.com\/pages\/Caritas-Diocesana-Bari-Bitonto\/533981476753770"]},{"@type":"Person","@id":"https:\/\/www.caritasbaribitonto.it\/public\/home\/#\/schema\/person\/06b333402b70fdadb662b68974e8c97a","name":"Giovanni Caputo","image":{"@type":"ImageObject","inLanguage":"it-IT","@id":"https:\/\/www.caritasbaribitonto.it\/public\/home\/#\/schema\/person\/image\/","url":"https:\/\/secure.gravatar.com\/avatar\/6c7e9d4e1e2394bfa4e38377bd0b5e03cbf0c79e27918e6497d3f408f89d0d3b?s=96&d=identicon&r=g","contentUrl":"https:\/\/secure.gravatar.com\/avatar\/6c7e9d4e1e2394bfa4e38377bd0b5e03cbf0c79e27918e6497d3f408f89d0d3b?s=96&d=identicon&r=g","caption":"Giovanni Caputo"},"url":"https:\/\/www.caritasbaribitonto.it\/public\/home\/author\/admin\/"}]}},"jetpack_featured_media_url":"https:\/\/www.caritasbaribitonto.it\/public\/home\/img\/uploads\/2018\/06\/WhatsApp-Image-2018-05-10-at-11.10.36-e1528960662198.jpeg","uagb_featured_image_src":{"full":["https:\/\/www.caritasbaribitonto.it\/public\/home\/img\/uploads\/2018\/06\/WhatsApp-Image-2018-05-10-at-11.10.36-e1528960662198.jpeg",750,997,false],"thumbnail":["https:\/\/www.caritasbaribitonto.it\/public\/home\/img\/uploads\/2018\/06\/WhatsApp-Image-2018-05-10-at-11.10.36-e1528960662198-150x150.jpeg",150,150,true],"medium":["https:\/\/www.caritasbaribitonto.it\/public\/home\/img\/uploads\/2018\/06\/WhatsApp-Image-2018-05-10-at-11.10.36-e1528960662198-226x300.jpeg",226,300,true],"medium_large":["https:\/\/www.caritasbaribitonto.it\/public\/home\/img\/uploads\/2018\/06\/WhatsApp-Image-2018-05-10-at-11.10.36-e1528960662198.jpeg",750,997,false],"large":["https:\/\/www.caritasbaribitonto.it\/public\/home\/img\/uploads\/2018\/06\/WhatsApp-Image-2018-05-10-at-11.10.36-576x1024.jpeg",576,1024,true],"1536x1536":["https:\/\/www.caritasbaribitonto.it\/public\/home\/img\/uploads\/2018\/06\/WhatsApp-Image-2018-05-10-at-11.10.36-e1528960662198.jpeg",750,997,false],"2048x2048":["https:\/\/www.caritasbaribitonto.it\/public\/home\/img\/uploads\/2018\/06\/WhatsApp-Image-2018-05-10-at-11.10.36-e1528960662198.jpeg",750,997,false]},"uagb_author_info":{"display_name":"Giovanni Caputo","author_link":"https:\/\/www.caritasbaribitonto.it\/public\/home\/author\/admin\/"},"uagb_comment_info":0,"uagb_excerpt":"\u201cIl vero potere \u00e8 servire. Altrimenti \u00e8 egoismo, \u00e8 abbassare l\u2019altro, non lasciarlo crescere, \u00e8 dominare, fare schiavi, non gente [&hellip;]","_links":{"self":[{"href":"https:\/\/www.caritasbaribitonto.it\/public\/home\/wp-json\/wp\/v2\/posts\/5179","targetHints":{"allow":["GET"]}}],"collection":[{"href":"https:\/\/www.caritasbaribitonto.it\/public\/home\/wp-json\/wp\/v2\/posts"}],"about":[{"href":"https:\/\/www.caritasbaribitonto.it\/public\/home\/wp-json\/wp\/v2\/types\/post"}],"author":[{"embeddable":true,"href":"https:\/\/www.caritasbaribitonto.it\/public\/home\/wp-json\/wp\/v2\/users\/1"}],"replies":[{"embeddable":true,"href":"https:\/\/www.caritasbaribitonto.it\/public\/home\/wp-json\/wp\/v2\/comments?post=5179"}],"version-history":[{"count":0,"href":"https:\/\/www.caritasbaribitonto.it\/public\/home\/wp-json\/wp\/v2\/posts\/5179\/revisions"}],"wp:featuredmedia":[{"embeddable":true,"href":"https:\/\/www.caritasbaribitonto.it\/public\/home\/wp-json\/wp\/v2\/media\/4955"}],"wp:attachment":[{"href":"https:\/\/www.caritasbaribitonto.it\/public\/home\/wp-json\/wp\/v2\/media?parent=5179"}],"wp:term":[{"taxonomy":"category","embeddable":true,"href":"https:\/\/www.caritasbaribitonto.it\/public\/home\/wp-json\/wp\/v2\/categories?post=5179"},{"taxonomy":"post_tag","embeddable":true,"href":"https:\/\/www.caritasbaribitonto.it\/public\/home\/wp-json\/wp\/v2\/tags?post=5179"}],"curies":[{"name":"wp","href":"https:\/\/api.w.org\/{rel}","templated":true}]}}