{"id":4853,"date":"2018-02-08T23:52:38","date_gmt":"2018-02-08T22:52:38","guid":{"rendered":"http:\/\/www.caritasbaribitonto.it\/public\/home\/?p=4853"},"modified":"2018-02-08T23:52:38","modified_gmt":"2018-02-08T22:52:38","slug":"quaresima-carita-2018-lo-spogliarono-della-sua-tunica","status":"publish","type":"post","link":"https:\/\/www.caritasbaribitonto.it\/public\/home\/2018\/02\/quaresima-carita-2018-lo-spogliarono-della-sua-tunica\/","title":{"rendered":"Quaresima di Carit\u00e0 2018 &#8211; \u201cLo spogliarono della sua tunica\u201d"},"content":{"rendered":"<p><em><strong>&nbsp;<\/strong>Poi mandarono al padre la tunica dalle lunghe maniche e gliela fecero pervenire con queste parole: \u00abL&#8217;abbiamo trovata; riscontra se \u00e8 o no la tunica di tuo figlio\u00bb(Gen37,32)<\/em><\/p>\n<p><a href=\"http:\/\/www.caritasbaribitonto.it\/public\/home\/img\/uploads\/2018\/02\/WhatsApp-Image-2018-02-08-at-17.08.00.jpeg\"><img loading=\"lazy\" decoding=\"async\" class=\"alignright size-medium wp-image-4854\" src=\"http:\/\/www.caritasbaribitonto.it\/public\/home\/img\/uploads\/2018\/02\/WhatsApp-Image-2018-02-08-at-17.08.00-212x300.jpeg\" alt=\"\" height=\"300\" width=\"212\" srcset=\"https:\/\/www.caritasbaribitonto.it\/public\/home\/img\/uploads\/2018\/02\/WhatsApp-Image-2018-02-08-at-17.08.00-212x300.jpeg 212w, https:\/\/www.caritasbaribitonto.it\/public\/home\/img\/uploads\/2018\/02\/WhatsApp-Image-2018-02-08-at-17.08.00-768x1086.jpeg 768w, https:\/\/www.caritasbaribitonto.it\/public\/home\/img\/uploads\/2018\/02\/WhatsApp-Image-2018-02-08-at-17.08.00-724x1024.jpeg 724w, https:\/\/www.caritasbaribitonto.it\/public\/home\/img\/uploads\/2018\/02\/WhatsApp-Image-2018-02-08-at-17.08.00-600x849.jpeg 600w, https:\/\/www.caritasbaribitonto.it\/public\/home\/img\/uploads\/2018\/02\/WhatsApp-Image-2018-02-08-at-17.08.00.jpeg 1131w\" sizes=\"auto, (max-width: 212px) 100vw, 212px\" \/><\/a>La citazione che apre questi nostri \u201cappunti\u201d accompagna la consegna della tunica insanguinata di Giuseppe al padre Giacobbe: \u201criscontra se \u00e8 la tunica di tuo figlio\u201d.<\/p>\n<p>I fratelli di Giuseppe con questa frase mostrano la loro distanza e la loro estraneit\u00e0, la non appartenenza n\u00e9 al padre n\u00e9 al fratello (\u201c<em>tuo figlio<\/em>\u201d e non \u201cnostro fratello\u201d!).<\/p>\n<p>Perch\u00e9 la Quaresima possa rappresentare un cambiamento concreto di mentalit\u00e0 sostenuto e rafforzato dall\u2019ascolto della Parola, dalla Eucaristia e dalla comunione fraterna, chiediamo la grazia al buon Dio di riconoscere che <strong><em>ogni uomo \u00e8 nostro fratello! <\/em><\/strong>Non ci sono estranei laddove si riconosce l\u2019unica paternit\u00e0. N\u00e9 il colore della pelle n\u00e9 le diverse tradizione culturali e religiose n\u00e9 la differenza di et\u00e0 sono un impedimento perch\u00e9 da credenti ci impegniamo a favorire quella cultura dell\u2019incontro e della fraternit\u00e0 tanto auspicata dal S. Padre Francesco.<\/p>\n<p>In sintonia col cammino annuale di tutta la diocesi ci permettiamo di offrire alcune proposte che, se occorre, potranno essere integrate nel cammino della vostra comunit\u00e0 parrocchiale.<\/p>\n<ul>\n<li>Come premessa auspichiamo che la Caritas parrocchiale, presieduta dal Parroco, possa riflettere e chiedersi come <strong>\u201ctradurre\u201d la proposta pastorale diocesana in segni concreti di carit\u00e0<\/strong> soprattutto interfacciandosi con giovani e famiglie, non dimenticando che la prima carit\u00e0 \u00e8 costituita dalle nostre relazioni\u2026<\/li>\n<li>Rinnoviamo l\u2019invito ai giovani e adulti per poter donare <strong>\u201c<em>una notte al mese<\/em>\u201d nel Centro di accoglienza don Vito Diana<\/strong> a sostegno dei nostri fratelli senza dimora. Diverse parrocchie sono presenti con questo semplice ma utilissimo servizio. Riusciamo a far s\u00ec che <u>da tutte le parrocchie<\/u> si offra una disponibilit\u00e0?? Spesso andiamo a cercare chiss\u00e0 dove quali esperienze caritative non promuovendo abbastanza quanto la nostra Chiesa locale gi\u00e0 fa per tante situazioni\u2026 Sarebbe per molti anche un bel modo per conoscere la nuova struttura e i servizi connessi. Potete contattare direttamente don Vito, sr. Mariarosaria, il diacono Raffaele.<\/li>\n<li>In <strong>quattro gioved\u00ec di quaresima <\/strong>proponiamo dei momenti di <strong>ascolto della Parola<\/strong> (saranno ascoltati i 5 capitoli della <em>Lettera di Giacomo<\/em>) in alcuni luoghi significativi. Ecco date e luoghi:\n<ul>\n<li>Gioved\u00ec <u>22 febbraio<\/u> ore 13.30 cappella del <u>Policlinico<\/u> (p.zza G. Cesare, 11 &#8211; Bari),<\/li>\n<li>Gioved\u00ec <u>1 marzo<\/u> ore 13.30 cappella del <u>Politecnico <\/u>(Via E. Orabona, 4 \u2013 Bari),<\/li>\n<li>Gioved\u00ec <u>8 marzo<\/u> ore 13.30 cappella dell\u2019<u>Hospice A. Marena <\/u>(Via Filieri, NC &#8211; Bitonto),<\/li>\n<li>Gioved\u00ec <u>15 marzo<\/u> ore 13.30 <u>Centro di accoglienza don Vito Diana<\/u> (Via Curzio dei Mille, 74 \u2013 Bari).<\/li>\n<\/ul>\n<\/li>\n<\/ul>\n<p>Sono luoghi simbolici. Le parrocchie potrebbero magari far conoscere questa possibilit\u00e0 o pensarne un\u2019altra, magari assieme alle parrocchie del paese o della zona pastorale. In questa occasione sar\u00e0 posta in questi luoghi un\u2019anfora con la scritta <strong>\u201cNostro Fratello!\u201d<\/strong> che raccoglier\u00e0 il corrispettivo del pranzo, destinato poi a rispondere alle esigenze dei pi\u00f9 poveri, in particolare dei giovani che convoglier\u00e0 nella raccolta diocesana della <em>Quaresima di carit\u00e0. <\/em>Dopo la lettura dei 5 capitoli si faccia un momento di silenzio e si concluda con la Preghiera dei Figli-Fratelli, il Padre nostro.<\/p>\n<ul>\n<li><em>Nostri fratelli<\/em> sono anche tanti giovani che in vario modo vengono privati della loro dignit\u00e0 da se stessi o da altro e altri. Negli ultimi mesi alcune problematiche legate alla <strong>povert\u00e0 giovanile<\/strong> chiedono in maniera improcrastinabile la nostra attenzione.<\/li>\n<li>Il Dossier di Caritas italiana 2017 dal titolo <em>Futuro Anteriore<\/em> evidenzia che i giovani italiani dai 18 ai 34 anni sono i veri poveri della nostra nazione! A questo proposito vi invitiamo a leggere il Dossier che trovate sul sito <a href=\"http:\/\/www.caritasbaribitonto.it\">caritasbaribitonto.it<\/a> oppure il testo \u201c<em>Ragazzi in panchina<\/em>\u201d a cura di P. Beccegato e R. Marinaro, pubblicato dalla EDB, promosso dalla Caritas Italiana.<\/li>\n<li>Cresce in maniera esponenziale il numero di giovanissimi che arrivano a comportamenti aggressivi verso i pari, diffamatori attraverso i social o autolesionisti. A questo proposito vi invitiamo a sollecitare riflessioni e confronti nei gruppi di giovani e giovanissimi magari con la compresenza delle famiglie delle vostre comunit\u00e0 e degli insegnanti ed educatori e catechisti annunciandovi che proporremo un incontro ad hoc nella prossima primavera<\/li>\n<li>La Caritas parrocchiale potr\u00e0 favorire un incontro comune o proporre agli animatori dei diversi gruppi una riflessione a partire dal <strong>Messaggio del Papa per la Quaresima.<\/strong><\/li>\n<li>Come gi\u00e0 da pi\u00f9 parti si fa si potr\u00e0 mettere ai piedi dell\u2019altare o in luogo appropriato <strong>la cesta della carit\u00e0<\/strong> sollecitando anche i ragazzi di catechismo e i pi\u00f9 giovani a deporre alimenti e materiale scolastico per famiglie che fanno pi\u00f9 fatica.<\/li>\n<li>La <strong><u>IV domenica di Quaresima<\/u><\/strong> (l\u2019 <strong>11 marzo!<\/strong>) in tutta la diocesi celebreremo la <strong>Quaresima di Carit\u00e0. <\/strong>Pur immaginando le tante necessit\u00e0 parrocchiali anche legate alla carit\u00e0 vi chiediamo di <em>non trascurare<\/em> questa forma di partecipazione che permette di provvedere a tante necessit\u00e0. Quanto raccolto, secondo l\u2019indicazione di Padre Arcivescovo, sosterr\u00e0 <strong>le diverse esigenze della Caritas diocesana con una attenzione particolare al progetto OSA per i padri separati.<\/strong><\/li>\n<\/ul>\n<p>Quanto raccolto potr\u00e0 giungere nei seguenti modi:<\/p>\n<p>-in Curia presso l\u2019Economato diocesano;<\/p>\n<p>-tramite bonifico: IBAN IT40Z0311104007 00000000 7986 Arcidiocesi Bari-Bitonto\/Caritas diocesana \u2013 Causale: Quaresima di Carit\u00e0 2018;<\/p>\n<p>-tramite ccp: 000011938701 Arcidiocesi Bari-Bitonto\/Caritas diocesana \u2013 Causale: Quaresima di Carit\u00e0 2018.<\/p>\n<p>Concludendo vogliamo anche segnalare che il 21 marzo alle ore 19 presso la parrocchia s. Andrea a Bitonto l\u2019Arcivescovo presieder\u00e0 l\u2019Eucarestia in <strong>memoria di don Cosimo Stellacci<\/strong>, nel XX anniversario della sua nascita al cielo. Don Cosimo \u00e8 stato Direttore della Caritas diocesana (1993-1995). Vi invitiamo a unirvi al ringraziamento al Signore per il dono del suo ministero.<\/p>\n<p>Restiamo a disposizione per ogni eventualit\u00e0 e auguriamo a voi e alle vostre realt\u00e0 ecclesiali un autentico cammino verso la Pasqua.<a href=\"http:\/\/www.caritasbaribitonto.it\/public\/home\/img\/uploads\/2018\/02\/WhatsApp-Image-2018-02-08-at-17.08.00.jpeg\"><img loading=\"lazy\" decoding=\"async\" class=\"alignright size-medium wp-image-4854\" src=\"http:\/\/www.caritasbaribitonto.it\/public\/home\/img\/uploads\/2018\/02\/WhatsApp-Image-2018-02-08-at-17.08.00-212x300.jpeg\" alt=\"\" height=\"300\" width=\"212\" srcset=\"https:\/\/www.caritasbaribitonto.it\/public\/home\/img\/uploads\/2018\/02\/WhatsApp-Image-2018-02-08-at-17.08.00-212x300.jpeg 212w, https:\/\/www.caritasbaribitonto.it\/public\/home\/img\/uploads\/2018\/02\/WhatsApp-Image-2018-02-08-at-17.08.00-768x1086.jpeg 768w, https:\/\/www.caritasbaribitonto.it\/public\/home\/img\/uploads\/2018\/02\/WhatsApp-Image-2018-02-08-at-17.08.00-724x1024.jpeg 724w, https:\/\/www.caritasbaribitonto.it\/public\/home\/img\/uploads\/2018\/02\/WhatsApp-Image-2018-02-08-at-17.08.00-600x849.jpeg 600w, https:\/\/www.caritasbaribitonto.it\/public\/home\/img\/uploads\/2018\/02\/WhatsApp-Image-2018-02-08-at-17.08.00.jpeg 1131w\" sizes=\"auto, (max-width: 212px) 100vw, 212px\" \/><\/a><\/p>\n<p>Un fraterno saluto.<\/p>\n<p style=\"text-align: right;\"><strong>Vito, sr.Mariarosaria <\/strong><strong>e l<\/strong><strong>\u2019<\/strong><strong>Equipe diocesana<\/strong><\/p>\n<p>&nbsp;<\/p>\n","protected":false},"excerpt":{"rendered":"<p>&nbsp;Poi mandarono al padre la tunica dalle lunghe maniche e gliela fecero pervenire con queste parole: \u00abL&#8217;abbiamo trovata; riscontra se [&hellip;]<\/p>\n","protected":false},"author":1,"featured_media":4854,"comment_status":"closed","ping_status":"open","sticky":false,"template":"","format":"standard","meta":{"_uag_custom_page_level_css":"","site-sidebar-layout":"default","site-content-layout":"","ast-site-content-layout":"default","site-content-style":"default","site-sidebar-style":"default","ast-global-header-display":"","ast-banner-title-visibility":"","ast-main-header-display":"","ast-hfb-above-header-display":"","ast-hfb-below-header-display":"","ast-hfb-mobile-header-display":"","site-post-title":"","ast-breadcrumbs-content":"","ast-featured-img":"","footer-sml-layout":"","theme-transparent-header-meta":"","adv-header-id-meta":"","stick-header-meta":"","header-above-stick-meta":"","header-main-stick-meta":"","header-below-stick-meta":"","astra-migrate-meta-layouts":"default","ast-page-background-enabled":"default","ast-page-background-meta":{"desktop":{"background-color":"var(--ast-global-color-5)","background-image":"","background-repeat":"repeat","background-position":"center center","background-size":"auto","background-attachment":"scroll","background-type":"","background-media":"","overlay-type":"","overlay-color":"","overlay-opacity":"","overlay-gradient":""},"tablet":{"background-color":"","background-image":"","background-repeat":"repeat","background-position":"center center","background-size":"auto","background-attachment":"scroll","background-type":"","background-media":"","overlay-type":"","overlay-color":"","overlay-opacity":"","overlay-gradient":""},"mobile":{"background-color":"","background-image":"","background-repeat":"repeat","background-position":"center center","background-size":"auto","background-attachment":"scroll","background-type":"","background-media":"","overlay-type":"","overlay-color":"","overlay-opacity":"","overlay-gradient":""}},"ast-content-background-meta":{"desktop":{"background-color":"var(--ast-global-color-4)","background-image":"","background-repeat":"repeat","background-position":"center center","background-size":"auto","background-attachment":"scroll","background-type":"","background-media":"","overlay-type":"","overlay-color":"","overlay-opacity":"","overlay-gradient":""},"tablet":{"background-color":"var(--ast-global-color-4)","background-image":"","background-repeat":"repeat","background-position":"center center","background-size":"auto","background-attachment":"scroll","background-type":"","background-media":"","overlay-type":"","overlay-color":"","overlay-opacity":"","overlay-gradient":""},"mobile":{"background-color":"var(--ast-global-color-4)","background-image":"","background-repeat":"repeat","background-position":"center center","background-size":"auto","background-attachment":"scroll","background-type":"","background-media":"","overlay-type":"","overlay-color":"","overlay-opacity":"","overlay-gradient":""}},"footnotes":""},"categories":[1,212],"tags":[],"class_list":["post-4853","post","type-post","status-publish","format-standard","has-post-thumbnail","hentry","category-generale","category-in-evidenza"],"gutentor_comment":0,"yoast_head":"<!-- This site is optimized with the Yoast SEO plugin v26.8 - https:\/\/yoast.com\/product\/yoast-seo-wordpress\/ -->\r\n<title>Quaresima di Carit\u00e0 2018 - \u201cLo spogliarono della sua tunica\u201d - Caritas Diocesana Bari-Bitonto<\/title>\r\n<meta name=\"robots\" content=\"index, follow, max-snippet:-1, max-image-preview:large, max-video-preview:-1\" \/>\r\n<link rel=\"canonical\" href=\"https:\/\/www.caritasbaribitonto.it\/public\/home\/2018\/02\/quaresima-carita-2018-lo-spogliarono-della-sua-tunica\/\" \/>\r\n<meta property=\"og:locale\" content=\"it_IT\" \/>\r\n<meta property=\"og:type\" content=\"article\" \/>\r\n<meta property=\"og:title\" content=\"Quaresima di Carit\u00e0 2018 - \u201cLo spogliarono della sua tunica\u201d - Caritas Diocesana Bari-Bitonto\" \/>\r\n<meta property=\"og:description\" content=\"&nbsp;Poi mandarono al padre la tunica dalle lunghe maniche e gliela fecero pervenire con queste parole: \u00abL&#8217;abbiamo trovata; riscontra se [&hellip;]\" \/>\r\n<meta property=\"og:url\" content=\"https:\/\/www.caritasbaribitonto.it\/public\/home\/2018\/02\/quaresima-carita-2018-lo-spogliarono-della-sua-tunica\/\" \/>\r\n<meta property=\"og:site_name\" content=\"Caritas Diocesana Bari-Bitonto\" \/>\r\n<meta property=\"article:publisher\" content=\"https:\/\/www.facebook.com\/pages\/Caritas-Diocesana-Bari-Bitonto\/533981476753770\" \/>\r\n<meta property=\"article:published_time\" content=\"2018-02-08T22:52:38+00:00\" \/>\r\n<meta property=\"og:image\" content=\"https:\/\/www.caritasbaribitonto.it\/public\/home\/img\/uploads\/2018\/02\/WhatsApp-Image-2018-02-08-at-17.08.00.jpeg\" \/>\r\n\t<meta property=\"og:image:width\" content=\"1131\" \/>\r\n\t<meta property=\"og:image:height\" content=\"1600\" \/>\r\n\t<meta property=\"og:image:type\" content=\"image\/jpeg\" \/>\r\n<meta name=\"author\" content=\"Giovanni Caputo\" \/>\r\n<meta name=\"twitter:card\" content=\"summary_large_image\" \/>\r\n<meta name=\"twitter:label1\" content=\"Scritto da\" \/>\n\t<meta name=\"twitter:data1\" content=\"Giovanni Caputo\" \/>\n\t<meta name=\"twitter:label2\" content=\"Tempo di lettura stimato\" \/>\n\t<meta name=\"twitter:data2\" content=\"5 minuti\" \/>\r\n<script type=\"application\/ld+json\" class=\"yoast-schema-graph\">{\"@context\":\"https:\/\/schema.org\",\"@graph\":[{\"@type\":\"Article\",\"@id\":\"https:\/\/www.caritasbaribitonto.it\/public\/home\/2018\/02\/quaresima-carita-2018-lo-spogliarono-della-sua-tunica\/#article\",\"isPartOf\":{\"@id\":\"https:\/\/www.caritasbaribitonto.it\/public\/home\/2018\/02\/quaresima-carita-2018-lo-spogliarono-della-sua-tunica\/\"},\"author\":{\"name\":\"Giovanni Caputo\",\"@id\":\"https:\/\/www.caritasbaribitonto.it\/public\/home\/#\/schema\/person\/06b333402b70fdadb662b68974e8c97a\"},\"headline\":\"Quaresima di Carit\u00e0 2018 &#8211; \u201cLo spogliarono della sua tunica\u201d\",\"datePublished\":\"2018-02-08T22:52:38+00:00\",\"mainEntityOfPage\":{\"@id\":\"https:\/\/www.caritasbaribitonto.it\/public\/home\/2018\/02\/quaresima-carita-2018-lo-spogliarono-della-sua-tunica\/\"},\"wordCount\":940,\"publisher\":{\"@id\":\"https:\/\/www.caritasbaribitonto.it\/public\/home\/#organization\"},\"image\":{\"@id\":\"https:\/\/www.caritasbaribitonto.it\/public\/home\/2018\/02\/quaresima-carita-2018-lo-spogliarono-della-sua-tunica\/#primaryimage\"},\"thumbnailUrl\":\"https:\/\/www.caritasbaribitonto.it\/public\/home\/img\/uploads\/2018\/02\/WhatsApp-Image-2018-02-08-at-17.08.00.jpeg\",\"articleSection\":[\"Generale\",\"In Evidenza\"],\"inLanguage\":\"it-IT\"},{\"@type\":\"WebPage\",\"@id\":\"https:\/\/www.caritasbaribitonto.it\/public\/home\/2018\/02\/quaresima-carita-2018-lo-spogliarono-della-sua-tunica\/\",\"url\":\"https:\/\/www.caritasbaribitonto.it\/public\/home\/2018\/02\/quaresima-carita-2018-lo-spogliarono-della-sua-tunica\/\",\"name\":\"Quaresima di Carit\u00e0 2018 - \u201cLo spogliarono della sua tunica\u201d - Caritas Diocesana Bari-Bitonto\",\"isPartOf\":{\"@id\":\"https:\/\/www.caritasbaribitonto.it\/public\/home\/#website\"},\"primaryImageOfPage\":{\"@id\":\"https:\/\/www.caritasbaribitonto.it\/public\/home\/2018\/02\/quaresima-carita-2018-lo-spogliarono-della-sua-tunica\/#primaryimage\"},\"image\":{\"@id\":\"https:\/\/www.caritasbaribitonto.it\/public\/home\/2018\/02\/quaresima-carita-2018-lo-spogliarono-della-sua-tunica\/#primaryimage\"},\"thumbnailUrl\":\"https:\/\/www.caritasbaribitonto.it\/public\/home\/img\/uploads\/2018\/02\/WhatsApp-Image-2018-02-08-at-17.08.00.jpeg\",\"datePublished\":\"2018-02-08T22:52:38+00:00\",\"breadcrumb\":{\"@id\":\"https:\/\/www.caritasbaribitonto.it\/public\/home\/2018\/02\/quaresima-carita-2018-lo-spogliarono-della-sua-tunica\/#breadcrumb\"},\"inLanguage\":\"it-IT\",\"potentialAction\":[{\"@type\":\"ReadAction\",\"target\":[\"https:\/\/www.caritasbaribitonto.it\/public\/home\/2018\/02\/quaresima-carita-2018-lo-spogliarono-della-sua-tunica\/\"]}]},{\"@type\":\"ImageObject\",\"inLanguage\":\"it-IT\",\"@id\":\"https:\/\/www.caritasbaribitonto.it\/public\/home\/2018\/02\/quaresima-carita-2018-lo-spogliarono-della-sua-tunica\/#primaryimage\",\"url\":\"https:\/\/www.caritasbaribitonto.it\/public\/home\/img\/uploads\/2018\/02\/WhatsApp-Image-2018-02-08-at-17.08.00.jpeg\",\"contentUrl\":\"https:\/\/www.caritasbaribitonto.it\/public\/home\/img\/uploads\/2018\/02\/WhatsApp-Image-2018-02-08-at-17.08.00.jpeg\",\"width\":1131,\"height\":1600},{\"@type\":\"BreadcrumbList\",\"@id\":\"https:\/\/www.caritasbaribitonto.it\/public\/home\/2018\/02\/quaresima-carita-2018-lo-spogliarono-della-sua-tunica\/#breadcrumb\",\"itemListElement\":[{\"@type\":\"ListItem\",\"position\":1,\"name\":\"Home\",\"item\":\"https:\/\/www.caritasbaribitonto.it\/public\/home\/\"},{\"@type\":\"ListItem\",\"position\":2,\"name\":\"Quaresima di Carit\u00e0 2018 &#8211; \u201cLo spogliarono della sua tunica\u201d\"}]},{\"@type\":\"WebSite\",\"@id\":\"https:\/\/www.caritasbaribitonto.it\/public\/home\/#website\",\"url\":\"https:\/\/www.caritasbaribitonto.it\/public\/home\/\",\"name\":\"Caritas Diocesana Bari-Bitonto\",\"description\":\"I santi della porta accanto\",\"publisher\":{\"@id\":\"https:\/\/www.caritasbaribitonto.it\/public\/home\/#organization\"},\"potentialAction\":[{\"@type\":\"SearchAction\",\"target\":{\"@type\":\"EntryPoint\",\"urlTemplate\":\"https:\/\/www.caritasbaribitonto.it\/public\/home\/?s={search_term_string}\"},\"query-input\":{\"@type\":\"PropertyValueSpecification\",\"valueRequired\":true,\"valueName\":\"search_term_string\"}}],\"inLanguage\":\"it-IT\"},{\"@type\":\"Organization\",\"@id\":\"https:\/\/www.caritasbaribitonto.it\/public\/home\/#organization\",\"name\":\"Caritas Diocesana Bari-Bitonto\",\"url\":\"https:\/\/www.caritasbaribitonto.it\/public\/home\/\",\"logo\":{\"@type\":\"ImageObject\",\"inLanguage\":\"it-IT\",\"@id\":\"https:\/\/www.caritasbaribitonto.it\/public\/home\/#\/schema\/logo\/image\/\",\"url\":\"https:\/\/www.caritasbaribitonto.it\/public\/home\/img\/uploads\/2025\/02\/cropped-cropped-caritas2025_350x112.png\",\"contentUrl\":\"https:\/\/www.caritasbaribitonto.it\/public\/home\/img\/uploads\/2025\/02\/cropped-cropped-caritas2025_350x112.png\",\"width\":350,\"height\":112,\"caption\":\"Caritas Diocesana Bari-Bitonto\"},\"image\":{\"@id\":\"https:\/\/www.caritasbaribitonto.it\/public\/home\/#\/schema\/logo\/image\/\"},\"sameAs\":[\"https:\/\/www.facebook.com\/pages\/Caritas-Diocesana-Bari-Bitonto\/533981476753770\"]},{\"@type\":\"Person\",\"@id\":\"https:\/\/www.caritasbaribitonto.it\/public\/home\/#\/schema\/person\/06b333402b70fdadb662b68974e8c97a\",\"name\":\"Giovanni Caputo\",\"image\":{\"@type\":\"ImageObject\",\"inLanguage\":\"it-IT\",\"@id\":\"https:\/\/www.caritasbaribitonto.it\/public\/home\/#\/schema\/person\/image\/\",\"url\":\"https:\/\/secure.gravatar.com\/avatar\/6c7e9d4e1e2394bfa4e38377bd0b5e03cbf0c79e27918e6497d3f408f89d0d3b?s=96&d=identicon&r=g\",\"contentUrl\":\"https:\/\/secure.gravatar.com\/avatar\/6c7e9d4e1e2394bfa4e38377bd0b5e03cbf0c79e27918e6497d3f408f89d0d3b?s=96&d=identicon&r=g\",\"caption\":\"Giovanni Caputo\"},\"url\":\"https:\/\/www.caritasbaribitonto.it\/public\/home\/author\/admin\/\"}]}<\/script>\r\n<!-- \/ Yoast SEO plugin. -->","yoast_head_json":{"title":"Quaresima di Carit\u00e0 2018 - \u201cLo spogliarono della sua tunica\u201d - Caritas Diocesana Bari-Bitonto","robots":{"index":"index","follow":"follow","max-snippet":"max-snippet:-1","max-image-preview":"max-image-preview:large","max-video-preview":"max-video-preview:-1"},"canonical":"https:\/\/www.caritasbaribitonto.it\/public\/home\/2018\/02\/quaresima-carita-2018-lo-spogliarono-della-sua-tunica\/","og_locale":"it_IT","og_type":"article","og_title":"Quaresima di Carit\u00e0 2018 - \u201cLo spogliarono della sua tunica\u201d - Caritas Diocesana Bari-Bitonto","og_description":"&nbsp;Poi mandarono al padre la tunica dalle lunghe maniche e gliela fecero pervenire con queste parole: \u00abL&#8217;abbiamo trovata; riscontra se [&hellip;]","og_url":"https:\/\/www.caritasbaribitonto.it\/public\/home\/2018\/02\/quaresima-carita-2018-lo-spogliarono-della-sua-tunica\/","og_site_name":"Caritas Diocesana Bari-Bitonto","article_publisher":"https:\/\/www.facebook.com\/pages\/Caritas-Diocesana-Bari-Bitonto\/533981476753770","article_published_time":"2018-02-08T22:52:38+00:00","og_image":[{"width":1131,"height":1600,"url":"https:\/\/www.caritasbaribitonto.it\/public\/home\/img\/uploads\/2018\/02\/WhatsApp-Image-2018-02-08-at-17.08.00.jpeg","type":"image\/jpeg"}],"author":"Giovanni Caputo","twitter_card":"summary_large_image","twitter_misc":{"Scritto da":"Giovanni Caputo","Tempo di lettura stimato":"5 minuti"},"schema":{"@context":"https:\/\/schema.org","@graph":[{"@type":"Article","@id":"https:\/\/www.caritasbaribitonto.it\/public\/home\/2018\/02\/quaresima-carita-2018-lo-spogliarono-della-sua-tunica\/#article","isPartOf":{"@id":"https:\/\/www.caritasbaribitonto.it\/public\/home\/2018\/02\/quaresima-carita-2018-lo-spogliarono-della-sua-tunica\/"},"author":{"name":"Giovanni Caputo","@id":"https:\/\/www.caritasbaribitonto.it\/public\/home\/#\/schema\/person\/06b333402b70fdadb662b68974e8c97a"},"headline":"Quaresima di Carit\u00e0 2018 &#8211; \u201cLo spogliarono della sua tunica\u201d","datePublished":"2018-02-08T22:52:38+00:00","mainEntityOfPage":{"@id":"https:\/\/www.caritasbaribitonto.it\/public\/home\/2018\/02\/quaresima-carita-2018-lo-spogliarono-della-sua-tunica\/"},"wordCount":940,"publisher":{"@id":"https:\/\/www.caritasbaribitonto.it\/public\/home\/#organization"},"image":{"@id":"https:\/\/www.caritasbaribitonto.it\/public\/home\/2018\/02\/quaresima-carita-2018-lo-spogliarono-della-sua-tunica\/#primaryimage"},"thumbnailUrl":"https:\/\/www.caritasbaribitonto.it\/public\/home\/img\/uploads\/2018\/02\/WhatsApp-Image-2018-02-08-at-17.08.00.jpeg","articleSection":["Generale","In Evidenza"],"inLanguage":"it-IT"},{"@type":"WebPage","@id":"https:\/\/www.caritasbaribitonto.it\/public\/home\/2018\/02\/quaresima-carita-2018-lo-spogliarono-della-sua-tunica\/","url":"https:\/\/www.caritasbaribitonto.it\/public\/home\/2018\/02\/quaresima-carita-2018-lo-spogliarono-della-sua-tunica\/","name":"Quaresima di Carit\u00e0 2018 - \u201cLo spogliarono della sua tunica\u201d - Caritas Diocesana Bari-Bitonto","isPartOf":{"@id":"https:\/\/www.caritasbaribitonto.it\/public\/home\/#website"},"primaryImageOfPage":{"@id":"https:\/\/www.caritasbaribitonto.it\/public\/home\/2018\/02\/quaresima-carita-2018-lo-spogliarono-della-sua-tunica\/#primaryimage"},"image":{"@id":"https:\/\/www.caritasbaribitonto.it\/public\/home\/2018\/02\/quaresima-carita-2018-lo-spogliarono-della-sua-tunica\/#primaryimage"},"thumbnailUrl":"https:\/\/www.caritasbaribitonto.it\/public\/home\/img\/uploads\/2018\/02\/WhatsApp-Image-2018-02-08-at-17.08.00.jpeg","datePublished":"2018-02-08T22:52:38+00:00","breadcrumb":{"@id":"https:\/\/www.caritasbaribitonto.it\/public\/home\/2018\/02\/quaresima-carita-2018-lo-spogliarono-della-sua-tunica\/#breadcrumb"},"inLanguage":"it-IT","potentialAction":[{"@type":"ReadAction","target":["https:\/\/www.caritasbaribitonto.it\/public\/home\/2018\/02\/quaresima-carita-2018-lo-spogliarono-della-sua-tunica\/"]}]},{"@type":"ImageObject","inLanguage":"it-IT","@id":"https:\/\/www.caritasbaribitonto.it\/public\/home\/2018\/02\/quaresima-carita-2018-lo-spogliarono-della-sua-tunica\/#primaryimage","url":"https:\/\/www.caritasbaribitonto.it\/public\/home\/img\/uploads\/2018\/02\/WhatsApp-Image-2018-02-08-at-17.08.00.jpeg","contentUrl":"https:\/\/www.caritasbaribitonto.it\/public\/home\/img\/uploads\/2018\/02\/WhatsApp-Image-2018-02-08-at-17.08.00.jpeg","width":1131,"height":1600},{"@type":"BreadcrumbList","@id":"https:\/\/www.caritasbaribitonto.it\/public\/home\/2018\/02\/quaresima-carita-2018-lo-spogliarono-della-sua-tunica\/#breadcrumb","itemListElement":[{"@type":"ListItem","position":1,"name":"Home","item":"https:\/\/www.caritasbaribitonto.it\/public\/home\/"},{"@type":"ListItem","position":2,"name":"Quaresima di Carit\u00e0 2018 &#8211; \u201cLo spogliarono della sua tunica\u201d"}]},{"@type":"WebSite","@id":"https:\/\/www.caritasbaribitonto.it\/public\/home\/#website","url":"https:\/\/www.caritasbaribitonto.it\/public\/home\/","name":"Caritas Diocesana Bari-Bitonto","description":"I santi della porta accanto","publisher":{"@id":"https:\/\/www.caritasbaribitonto.it\/public\/home\/#organization"},"potentialAction":[{"@type":"SearchAction","target":{"@type":"EntryPoint","urlTemplate":"https:\/\/www.caritasbaribitonto.it\/public\/home\/?s={search_term_string}"},"query-input":{"@type":"PropertyValueSpecification","valueRequired":true,"valueName":"search_term_string"}}],"inLanguage":"it-IT"},{"@type":"Organization","@id":"https:\/\/www.caritasbaribitonto.it\/public\/home\/#organization","name":"Caritas Diocesana Bari-Bitonto","url":"https:\/\/www.caritasbaribitonto.it\/public\/home\/","logo":{"@type":"ImageObject","inLanguage":"it-IT","@id":"https:\/\/www.caritasbaribitonto.it\/public\/home\/#\/schema\/logo\/image\/","url":"https:\/\/www.caritasbaribitonto.it\/public\/home\/img\/uploads\/2025\/02\/cropped-cropped-caritas2025_350x112.png","contentUrl":"https:\/\/www.caritasbaribitonto.it\/public\/home\/img\/uploads\/2025\/02\/cropped-cropped-caritas2025_350x112.png","width":350,"height":112,"caption":"Caritas Diocesana Bari-Bitonto"},"image":{"@id":"https:\/\/www.caritasbaribitonto.it\/public\/home\/#\/schema\/logo\/image\/"},"sameAs":["https:\/\/www.facebook.com\/pages\/Caritas-Diocesana-Bari-Bitonto\/533981476753770"]},{"@type":"Person","@id":"https:\/\/www.caritasbaribitonto.it\/public\/home\/#\/schema\/person\/06b333402b70fdadb662b68974e8c97a","name":"Giovanni Caputo","image":{"@type":"ImageObject","inLanguage":"it-IT","@id":"https:\/\/www.caritasbaribitonto.it\/public\/home\/#\/schema\/person\/image\/","url":"https:\/\/secure.gravatar.com\/avatar\/6c7e9d4e1e2394bfa4e38377bd0b5e03cbf0c79e27918e6497d3f408f89d0d3b?s=96&d=identicon&r=g","contentUrl":"https:\/\/secure.gravatar.com\/avatar\/6c7e9d4e1e2394bfa4e38377bd0b5e03cbf0c79e27918e6497d3f408f89d0d3b?s=96&d=identicon&r=g","caption":"Giovanni Caputo"},"url":"https:\/\/www.caritasbaribitonto.it\/public\/home\/author\/admin\/"}]}},"jetpack_featured_media_url":"https:\/\/www.caritasbaribitonto.it\/public\/home\/img\/uploads\/2018\/02\/WhatsApp-Image-2018-02-08-at-17.08.00.jpeg","uagb_featured_image_src":{"full":["https:\/\/www.caritasbaribitonto.it\/public\/home\/img\/uploads\/2018\/02\/WhatsApp-Image-2018-02-08-at-17.08.00.jpeg",1131,1600,false],"thumbnail":["https:\/\/www.caritasbaribitonto.it\/public\/home\/img\/uploads\/2018\/02\/WhatsApp-Image-2018-02-08-at-17.08.00-150x150.jpeg",150,150,true],"medium":["https:\/\/www.caritasbaribitonto.it\/public\/home\/img\/uploads\/2018\/02\/WhatsApp-Image-2018-02-08-at-17.08.00-212x300.jpeg",212,300,true],"medium_large":["https:\/\/www.caritasbaribitonto.it\/public\/home\/img\/uploads\/2018\/02\/WhatsApp-Image-2018-02-08-at-17.08.00-768x1086.jpeg",768,1086,true],"large":["https:\/\/www.caritasbaribitonto.it\/public\/home\/img\/uploads\/2018\/02\/WhatsApp-Image-2018-02-08-at-17.08.00-724x1024.jpeg",724,1024,true],"1536x1536":["https:\/\/www.caritasbaribitonto.it\/public\/home\/img\/uploads\/2018\/02\/WhatsApp-Image-2018-02-08-at-17.08.00.jpeg",1086,1536,false],"2048x2048":["https:\/\/www.caritasbaribitonto.it\/public\/home\/img\/uploads\/2018\/02\/WhatsApp-Image-2018-02-08-at-17.08.00.jpeg",1131,1600,false]},"uagb_author_info":{"display_name":"Giovanni Caputo","author_link":"https:\/\/www.caritasbaribitonto.it\/public\/home\/author\/admin\/"},"uagb_comment_info":0,"uagb_excerpt":"&nbsp;Poi mandarono al padre la tunica dalle lunghe maniche e gliela fecero pervenire con queste parole: \u00abL&#8217;abbiamo trovata; riscontra se [&hellip;]","_links":{"self":[{"href":"https:\/\/www.caritasbaribitonto.it\/public\/home\/wp-json\/wp\/v2\/posts\/4853","targetHints":{"allow":["GET"]}}],"collection":[{"href":"https:\/\/www.caritasbaribitonto.it\/public\/home\/wp-json\/wp\/v2\/posts"}],"about":[{"href":"https:\/\/www.caritasbaribitonto.it\/public\/home\/wp-json\/wp\/v2\/types\/post"}],"author":[{"embeddable":true,"href":"https:\/\/www.caritasbaribitonto.it\/public\/home\/wp-json\/wp\/v2\/users\/1"}],"replies":[{"embeddable":true,"href":"https:\/\/www.caritasbaribitonto.it\/public\/home\/wp-json\/wp\/v2\/comments?post=4853"}],"version-history":[{"count":0,"href":"https:\/\/www.caritasbaribitonto.it\/public\/home\/wp-json\/wp\/v2\/posts\/4853\/revisions"}],"wp:featuredmedia":[{"embeddable":true,"href":"https:\/\/www.caritasbaribitonto.it\/public\/home\/wp-json\/wp\/v2\/media\/4854"}],"wp:attachment":[{"href":"https:\/\/www.caritasbaribitonto.it\/public\/home\/wp-json\/wp\/v2\/media?parent=4853"}],"wp:term":[{"taxonomy":"category","embeddable":true,"href":"https:\/\/www.caritasbaribitonto.it\/public\/home\/wp-json\/wp\/v2\/categories?post=4853"},{"taxonomy":"post_tag","embeddable":true,"href":"https:\/\/www.caritasbaribitonto.it\/public\/home\/wp-json\/wp\/v2\/tags?post=4853"}],"curies":[{"name":"wp","href":"https:\/\/api.w.org\/{rel}","templated":true}]}}