{"id":4782,"date":"2017-12-07T19:16:47","date_gmt":"2017-12-07T18:16:47","guid":{"rendered":"http:\/\/www.caritasbaribitonto.it\/public\/home\/?p=4782"},"modified":"2017-12-13T16:28:46","modified_gmt":"2017-12-13T15:28:46","slug":"a-mani-aperte-fine-2017-inizio-2018","status":"publish","type":"post","link":"https:\/\/www.caritasbaribitonto.it\/public\/home\/2017\/12\/a-mani-aperte-fine-2017-inizio-2018\/","title":{"rendered":"A mani aperte per finire il 2017 e ricominciare il 2018"},"content":{"rendered":"<p><a href=\"http:\/\/www.caritasbaribitonto.it\/public\/home\/img\/uploads\/2017\/12\/fine-anno-2017.jpeg\"><img loading=\"lazy\" decoding=\"async\" class=\"alignright wp-image-4783 size-medium\" src=\"http:\/\/www.caritasbaribitonto.it\/public\/home\/img\/uploads\/2017\/12\/fine-anno-2017-212x300.jpeg\" alt=\"\" width=\"212\" height=\"300\" srcset=\"https:\/\/www.caritasbaribitonto.it\/public\/home\/img\/uploads\/2017\/12\/fine-anno-2017-212x300.jpeg 212w, https:\/\/www.caritasbaribitonto.it\/public\/home\/img\/uploads\/2017\/12\/fine-anno-2017-768x1085.jpeg 768w, https:\/\/www.caritasbaribitonto.it\/public\/home\/img\/uploads\/2017\/12\/fine-anno-2017-725x1024.jpeg 725w, https:\/\/www.caritasbaribitonto.it\/public\/home\/img\/uploads\/2017\/12\/fine-anno-2017-600x847.jpeg 600w, https:\/\/www.caritasbaribitonto.it\/public\/home\/img\/uploads\/2017\/12\/fine-anno-2017.jpeg 1133w\" sizes=\"auto, (max-width: 212px) 100vw, 212px\" \/><\/a><\/p>\n<p>Carissimi&nbsp;<br \/>\ncome ormai \u00e8 di tradizione,<br \/>\ntrascorriamo insieme ai nostri fratelli pi\u00f9 poveri i giorni del Natale del Signore e dell&#8217;arrivo del nuovo anno.<br \/>\nSono giorni importanti per tutti ma, per chi \u00e8 solo, sono giorni difficili!<br \/>\nVogliamo per questo intensificare la nostra presenza.<\/p>\n<p>Per questo, ci ritroviamo <strong>il 16 dicembre alle 19,30<\/strong> presso il&nbsp;<i>Centro don Vito Diana, in via Curzio dei Mille 74,<\/i>&nbsp;per preparare ed addobbare insieme il Centro &#8211; VIENI CON UN TUO ADDOBBO!- .<br \/>\nCi ricordiamo che&nbsp;<b>domenica 17 Dicembre<\/b>, Avvento di Fraternit\u00e0, tutto quanto sar\u00e0 raccolto nelle Celebrazioni Eucaristiche sar\u00e0 devoluto allo stesso Centro &#8220;don Vito Diana&#8221; per i fratelli senza dimora.<br \/>\nNello stesso luogo e con questi fratelli, attendiamo insieme l&#8217; arrivo del nuovo anno, cantando insieme il&nbsp;<i>TE DEUM,<\/i>&nbsp;celebrando l&#8217;Eucarestia con tutti i cristiani&nbsp; e con un momento di silenziosa preghiera che ci unisca tutti.<\/p>\n<p>Gli altri momenti di fraternit\u00e0 ci vedranno condividere l&#8217;Eucarestia e la cena con il nostro Arcivescovo e&nbsp; le suore di Madre Teresa <strong>il 25 dicembre<\/strong>;&nbsp;raggiungere la mensa di Santa Chiara <strong>il 31 dicembre<\/strong>,&nbsp;e gli amici della comunit\u00e0 Emmanuel di Triggiano .<\/p>\n<p>Intensifichiamo la nostra presenza in questo tempo&#8230; senza per\u00f2 trascurare l&#8217;ordinariet\u00e0 del nostro servizio!<\/p>\n<p>&#8220;Una notte al mese&#8221; al Centro don Vito Diana, il Centro d&#8217;Ascolto diocesano,&nbsp; l&#8217;impegno nelle Caritas parrocchiali, fanno s\u00ec che i singoli momenti di servizio ci aiutino ad assumere sempre pi\u00f9 uno stile di vita cristiano!<\/p>\n<p style=\"text-align: right;\"><em>Buon Avvento e buon Natale a tutti voi!<\/em><br \/>\n<em>don Vito, sr.Mariarosaria e l&#8217;Equipe diocesana&nbsp;&nbsp;<\/em><\/p>\n","protected":false},"excerpt":{"rendered":"<p>Carissimi&nbsp; come ormai \u00e8 di tradizione, trascorriamo insieme ai nostri fratelli pi\u00f9 poveri i giorni del Natale del Signore e [&hellip;]<\/p>\n","protected":false},"author":570,"featured_media":4788,"comment_status":"closed","ping_status":"open","sticky":false,"template":"","format":"standard","meta":{"_uag_custom_page_level_css":"","site-sidebar-layout":"default","site-content-layout":"","ast-site-content-layout":"default","site-content-style":"default","site-sidebar-style":"default","ast-global-header-display":"","ast-banner-title-visibility":"","ast-main-header-display":"","ast-hfb-above-header-display":"","ast-hfb-below-header-display":"","ast-hfb-mobile-header-display":"","site-post-title":"","ast-breadcrumbs-content":"","ast-featured-img":"","footer-sml-layout":"","theme-transparent-header-meta":"","adv-header-id-meta":"","stick-header-meta":"","header-above-stick-meta":"","header-main-stick-meta":"","header-below-stick-meta":"","astra-migrate-meta-layouts":"default","ast-page-background-enabled":"default","ast-page-background-meta":{"desktop":{"background-color":"var(--ast-global-color-5)","background-image":"","background-repeat":"repeat","background-position":"center center","background-size":"auto","background-attachment":"scroll","background-type":"","background-media":"","overlay-type":"","overlay-color":"","overlay-opacity":"","overlay-gradient":""},"tablet":{"background-color":"","background-image":"","background-repeat":"repeat","background-position":"center center","background-size":"auto","background-attachment":"scroll","background-type":"","background-media":"","overlay-type":"","overlay-color":"","overlay-opacity":"","overlay-gradient":""},"mobile":{"background-color":"","background-image":"","background-repeat":"repeat","background-position":"center center","background-size":"auto","background-attachment":"scroll","background-type":"","background-media":"","overlay-type":"","overlay-color":"","overlay-opacity":"","overlay-gradient":""}},"ast-content-background-meta":{"desktop":{"background-color":"var(--ast-global-color-4)","background-image":"","background-repeat":"repeat","background-position":"center center","background-size":"auto","background-attachment":"scroll","background-type":"","background-media":"","overlay-type":"","overlay-color":"","overlay-opacity":"","overlay-gradient":""},"tablet":{"background-color":"var(--ast-global-color-4)","background-image":"","background-repeat":"repeat","background-position":"center center","background-size":"auto","background-attachment":"scroll","background-type":"","background-media":"","overlay-type":"","overlay-color":"","overlay-opacity":"","overlay-gradient":""},"mobile":{"background-color":"var(--ast-global-color-4)","background-image":"","background-repeat":"repeat","background-position":"center center","background-size":"auto","background-attachment":"scroll","background-type":"","background-media":"","overlay-type":"","overlay-color":"","overlay-opacity":"","overlay-gradient":""}},"footnotes":""},"categories":[213,1],"tags":[331,304,333,334],"class_list":["post-4782","post","type-post","status-publish","format-standard","has-post-thumbnail","hentry","category-appuntamenti","category-generale","tag-caritasbaribitonto","tag-comesaledellaterra","tag-fineanno2017","tag-nuovoanno2018"],"gutentor_comment":0,"yoast_head":"<!-- This site is optimized with the Yoast SEO plugin v26.8 - https:\/\/yoast.com\/product\/yoast-seo-wordpress\/ -->\r\n<title>A mani aperte per finire il 2017 e ricominciare il 2018 - Caritas Diocesana Bari-Bitonto<\/title>\r\n<meta name=\"description\" content=\"Trascorriamo insieme ai nostri fratelli pi\u00f9 poveri i giorni del Natale del Signore e dell&#039;arrivo del nuovo anno.\" \/>\r\n<meta name=\"robots\" content=\"index, follow, max-snippet:-1, max-image-preview:large, max-video-preview:-1\" \/>\r\n<link rel=\"canonical\" href=\"https:\/\/www.caritasbaribitonto.it\/public\/home\/2017\/12\/a-mani-aperte-fine-2017-inizio-2018\/\" \/>\r\n<meta property=\"og:locale\" content=\"it_IT\" \/>\r\n<meta property=\"og:type\" content=\"article\" \/>\r\n<meta property=\"og:title\" content=\"A mani aperte per finire il 2017 e ricominciare il 2018 - Caritas Diocesana Bari-Bitonto\" \/>\r\n<meta property=\"og:description\" content=\"Trascorriamo insieme ai nostri fratelli pi\u00f9 poveri i giorni del Natale del Signore e dell&#039;arrivo del nuovo anno.\" \/>\r\n<meta property=\"og:url\" content=\"https:\/\/www.caritasbaribitonto.it\/public\/home\/2017\/12\/a-mani-aperte-fine-2017-inizio-2018\/\" \/>\r\n<meta property=\"og:site_name\" content=\"Caritas Diocesana Bari-Bitonto\" \/>\r\n<meta property=\"article:publisher\" content=\"https:\/\/www.facebook.com\/pages\/Caritas-Diocesana-Bari-Bitonto\/533981476753770\" \/>\r\n<meta property=\"article:published_time\" content=\"2017-12-07T18:16:47+00:00\" \/>\r\n<meta property=\"article:modified_time\" content=\"2017-12-13T15:28:46+00:00\" \/>\r\n<meta property=\"og:image\" content=\"https:\/\/www.caritasbaribitonto.it\/public\/home\/img\/uploads\/2017\/12\/anteprima-fine-anno-2017.png\" \/>\r\n\t<meta property=\"og:image:width\" content=\"600\" \/>\r\n\t<meta property=\"og:image:height\" content=\"315\" \/>\r\n\t<meta property=\"og:image:type\" content=\"image\/png\" \/>\r\n<meta name=\"author\" content=\"Francesco Scuccumarri\" \/>\r\n<meta name=\"twitter:card\" content=\"summary_large_image\" \/>\r\n<meta name=\"twitter:label1\" content=\"Scritto da\" \/>\n\t<meta name=\"twitter:data1\" content=\"Francesco Scuccumarri\" \/>\n\t<meta name=\"twitter:label2\" content=\"Tempo di lettura stimato\" \/>\n\t<meta name=\"twitter:data2\" content=\"1 minuto\" \/>\r\n<script type=\"application\/ld+json\" class=\"yoast-schema-graph\">{\"@context\":\"https:\/\/schema.org\",\"@graph\":[{\"@type\":\"Article\",\"@id\":\"https:\/\/www.caritasbaribitonto.it\/public\/home\/2017\/12\/a-mani-aperte-fine-2017-inizio-2018\/#article\",\"isPartOf\":{\"@id\":\"https:\/\/www.caritasbaribitonto.it\/public\/home\/2017\/12\/a-mani-aperte-fine-2017-inizio-2018\/\"},\"author\":{\"name\":\"Francesco Scuccumarri\",\"@id\":\"https:\/\/www.caritasbaribitonto.it\/public\/home\/#\/schema\/person\/de7e3a3d8d999f73c0dc1f498f3aba63\"},\"headline\":\"A mani aperte per finire il 2017 e ricominciare il 2018\",\"datePublished\":\"2017-12-07T18:16:47+00:00\",\"dateModified\":\"2017-12-13T15:28:46+00:00\",\"mainEntityOfPage\":{\"@id\":\"https:\/\/www.caritasbaribitonto.it\/public\/home\/2017\/12\/a-mani-aperte-fine-2017-inizio-2018\/\"},\"wordCount\":272,\"publisher\":{\"@id\":\"https:\/\/www.caritasbaribitonto.it\/public\/home\/#organization\"},\"image\":{\"@id\":\"https:\/\/www.caritasbaribitonto.it\/public\/home\/2017\/12\/a-mani-aperte-fine-2017-inizio-2018\/#primaryimage\"},\"thumbnailUrl\":\"https:\/\/www.caritasbaribitonto.it\/public\/home\/img\/uploads\/2017\/12\/anteprima-fine-anno-2017.png\",\"keywords\":[\"caritasbaribitonto\",\"comesaledellaterra\",\"fineanno2017\",\"nuovoanno2018\"],\"articleSection\":[\"Appuntamenti\",\"Generale\"],\"inLanguage\":\"it-IT\"},{\"@type\":\"WebPage\",\"@id\":\"https:\/\/www.caritasbaribitonto.it\/public\/home\/2017\/12\/a-mani-aperte-fine-2017-inizio-2018\/\",\"url\":\"https:\/\/www.caritasbaribitonto.it\/public\/home\/2017\/12\/a-mani-aperte-fine-2017-inizio-2018\/\",\"name\":\"A mani aperte per finire il 2017 e ricominciare il 2018 - Caritas Diocesana Bari-Bitonto\",\"isPartOf\":{\"@id\":\"https:\/\/www.caritasbaribitonto.it\/public\/home\/#website\"},\"primaryImageOfPage\":{\"@id\":\"https:\/\/www.caritasbaribitonto.it\/public\/home\/2017\/12\/a-mani-aperte-fine-2017-inizio-2018\/#primaryimage\"},\"image\":{\"@id\":\"https:\/\/www.caritasbaribitonto.it\/public\/home\/2017\/12\/a-mani-aperte-fine-2017-inizio-2018\/#primaryimage\"},\"thumbnailUrl\":\"https:\/\/www.caritasbaribitonto.it\/public\/home\/img\/uploads\/2017\/12\/anteprima-fine-anno-2017.png\",\"datePublished\":\"2017-12-07T18:16:47+00:00\",\"dateModified\":\"2017-12-13T15:28:46+00:00\",\"description\":\"Trascorriamo insieme ai nostri fratelli pi\u00f9 poveri i giorni del Natale del Signore e dell'arrivo del nuovo anno.\",\"breadcrumb\":{\"@id\":\"https:\/\/www.caritasbaribitonto.it\/public\/home\/2017\/12\/a-mani-aperte-fine-2017-inizio-2018\/#breadcrumb\"},\"inLanguage\":\"it-IT\",\"potentialAction\":[{\"@type\":\"ReadAction\",\"target\":[\"https:\/\/www.caritasbaribitonto.it\/public\/home\/2017\/12\/a-mani-aperte-fine-2017-inizio-2018\/\"]}]},{\"@type\":\"ImageObject\",\"inLanguage\":\"it-IT\",\"@id\":\"https:\/\/www.caritasbaribitonto.it\/public\/home\/2017\/12\/a-mani-aperte-fine-2017-inizio-2018\/#primaryimage\",\"url\":\"https:\/\/www.caritasbaribitonto.it\/public\/home\/img\/uploads\/2017\/12\/anteprima-fine-anno-2017.png\",\"contentUrl\":\"https:\/\/www.caritasbaribitonto.it\/public\/home\/img\/uploads\/2017\/12\/anteprima-fine-anno-2017.png\",\"width\":600,\"height\":315},{\"@type\":\"BreadcrumbList\",\"@id\":\"https:\/\/www.caritasbaribitonto.it\/public\/home\/2017\/12\/a-mani-aperte-fine-2017-inizio-2018\/#breadcrumb\",\"itemListElement\":[{\"@type\":\"ListItem\",\"position\":1,\"name\":\"Home\",\"item\":\"https:\/\/www.caritasbaribitonto.it\/public\/home\/\"},{\"@type\":\"ListItem\",\"position\":2,\"name\":\"A mani aperte per finire il 2017 e ricominciare il 2018\"}]},{\"@type\":\"WebSite\",\"@id\":\"https:\/\/www.caritasbaribitonto.it\/public\/home\/#website\",\"url\":\"https:\/\/www.caritasbaribitonto.it\/public\/home\/\",\"name\":\"Caritas Diocesana Bari-Bitonto\",\"description\":\"I santi della porta accanto\",\"publisher\":{\"@id\":\"https:\/\/www.caritasbaribitonto.it\/public\/home\/#organization\"},\"potentialAction\":[{\"@type\":\"SearchAction\",\"target\":{\"@type\":\"EntryPoint\",\"urlTemplate\":\"https:\/\/www.caritasbaribitonto.it\/public\/home\/?s={search_term_string}\"},\"query-input\":{\"@type\":\"PropertyValueSpecification\",\"valueRequired\":true,\"valueName\":\"search_term_string\"}}],\"inLanguage\":\"it-IT\"},{\"@type\":\"Organization\",\"@id\":\"https:\/\/www.caritasbaribitonto.it\/public\/home\/#organization\",\"name\":\"Caritas Diocesana Bari-Bitonto\",\"url\":\"https:\/\/www.caritasbaribitonto.it\/public\/home\/\",\"logo\":{\"@type\":\"ImageObject\",\"inLanguage\":\"it-IT\",\"@id\":\"https:\/\/www.caritasbaribitonto.it\/public\/home\/#\/schema\/logo\/image\/\",\"url\":\"https:\/\/www.caritasbaribitonto.it\/public\/home\/img\/uploads\/2025\/02\/cropped-cropped-caritas2025_350x112.png\",\"contentUrl\":\"https:\/\/www.caritasbaribitonto.it\/public\/home\/img\/uploads\/2025\/02\/cropped-cropped-caritas2025_350x112.png\",\"width\":350,\"height\":112,\"caption\":\"Caritas Diocesana Bari-Bitonto\"},\"image\":{\"@id\":\"https:\/\/www.caritasbaribitonto.it\/public\/home\/#\/schema\/logo\/image\/\"},\"sameAs\":[\"https:\/\/www.facebook.com\/pages\/Caritas-Diocesana-Bari-Bitonto\/533981476753770\"]},{\"@type\":\"Person\",\"@id\":\"https:\/\/www.caritasbaribitonto.it\/public\/home\/#\/schema\/person\/de7e3a3d8d999f73c0dc1f498f3aba63\",\"name\":\"Francesco Scuccumarri\",\"image\":{\"@type\":\"ImageObject\",\"inLanguage\":\"it-IT\",\"@id\":\"https:\/\/www.caritasbaribitonto.it\/public\/home\/#\/schema\/person\/image\/\",\"url\":\"https:\/\/secure.gravatar.com\/avatar\/3b4c8a868287ae75acd7ca6fb7565abecb3408776095327052ebdd2ca70a0b21?s=96&d=identicon&r=g\",\"contentUrl\":\"https:\/\/secure.gravatar.com\/avatar\/3b4c8a868287ae75acd7ca6fb7565abecb3408776095327052ebdd2ca70a0b21?s=96&d=identicon&r=g\",\"caption\":\"Francesco Scuccumarri\"},\"url\":\"https:\/\/www.caritasbaribitonto.it\/public\/home\/author\/francesco\/\"}]}<\/script>\r\n<!-- \/ Yoast SEO plugin. -->","yoast_head_json":{"title":"A mani aperte per finire il 2017 e ricominciare il 2018 - Caritas Diocesana Bari-Bitonto","description":"Trascorriamo insieme ai nostri fratelli pi\u00f9 poveri i giorni del Natale del Signore e dell'arrivo del nuovo anno.","robots":{"index":"index","follow":"follow","max-snippet":"max-snippet:-1","max-image-preview":"max-image-preview:large","max-video-preview":"max-video-preview:-1"},"canonical":"https:\/\/www.caritasbaribitonto.it\/public\/home\/2017\/12\/a-mani-aperte-fine-2017-inizio-2018\/","og_locale":"it_IT","og_type":"article","og_title":"A mani aperte per finire il 2017 e ricominciare il 2018 - Caritas Diocesana Bari-Bitonto","og_description":"Trascorriamo insieme ai nostri fratelli pi\u00f9 poveri i giorni del Natale del Signore e dell'arrivo del nuovo anno.","og_url":"https:\/\/www.caritasbaribitonto.it\/public\/home\/2017\/12\/a-mani-aperte-fine-2017-inizio-2018\/","og_site_name":"Caritas Diocesana Bari-Bitonto","article_publisher":"https:\/\/www.facebook.com\/pages\/Caritas-Diocesana-Bari-Bitonto\/533981476753770","article_published_time":"2017-12-07T18:16:47+00:00","article_modified_time":"2017-12-13T15:28:46+00:00","og_image":[{"width":600,"height":315,"url":"https:\/\/www.caritasbaribitonto.it\/public\/home\/img\/uploads\/2017\/12\/anteprima-fine-anno-2017.png","type":"image\/png"}],"author":"Francesco Scuccumarri","twitter_card":"summary_large_image","twitter_misc":{"Scritto da":"Francesco Scuccumarri","Tempo di lettura stimato":"1 minuto"},"schema":{"@context":"https:\/\/schema.org","@graph":[{"@type":"Article","@id":"https:\/\/www.caritasbaribitonto.it\/public\/home\/2017\/12\/a-mani-aperte-fine-2017-inizio-2018\/#article","isPartOf":{"@id":"https:\/\/www.caritasbaribitonto.it\/public\/home\/2017\/12\/a-mani-aperte-fine-2017-inizio-2018\/"},"author":{"name":"Francesco Scuccumarri","@id":"https:\/\/www.caritasbaribitonto.it\/public\/home\/#\/schema\/person\/de7e3a3d8d999f73c0dc1f498f3aba63"},"headline":"A mani aperte per finire il 2017 e ricominciare il 2018","datePublished":"2017-12-07T18:16:47+00:00","dateModified":"2017-12-13T15:28:46+00:00","mainEntityOfPage":{"@id":"https:\/\/www.caritasbaribitonto.it\/public\/home\/2017\/12\/a-mani-aperte-fine-2017-inizio-2018\/"},"wordCount":272,"publisher":{"@id":"https:\/\/www.caritasbaribitonto.it\/public\/home\/#organization"},"image":{"@id":"https:\/\/www.caritasbaribitonto.it\/public\/home\/2017\/12\/a-mani-aperte-fine-2017-inizio-2018\/#primaryimage"},"thumbnailUrl":"https:\/\/www.caritasbaribitonto.it\/public\/home\/img\/uploads\/2017\/12\/anteprima-fine-anno-2017.png","keywords":["caritasbaribitonto","comesaledellaterra","fineanno2017","nuovoanno2018"],"articleSection":["Appuntamenti","Generale"],"inLanguage":"it-IT"},{"@type":"WebPage","@id":"https:\/\/www.caritasbaribitonto.it\/public\/home\/2017\/12\/a-mani-aperte-fine-2017-inizio-2018\/","url":"https:\/\/www.caritasbaribitonto.it\/public\/home\/2017\/12\/a-mani-aperte-fine-2017-inizio-2018\/","name":"A mani aperte per finire il 2017 e ricominciare il 2018 - Caritas Diocesana Bari-Bitonto","isPartOf":{"@id":"https:\/\/www.caritasbaribitonto.it\/public\/home\/#website"},"primaryImageOfPage":{"@id":"https:\/\/www.caritasbaribitonto.it\/public\/home\/2017\/12\/a-mani-aperte-fine-2017-inizio-2018\/#primaryimage"},"image":{"@id":"https:\/\/www.caritasbaribitonto.it\/public\/home\/2017\/12\/a-mani-aperte-fine-2017-inizio-2018\/#primaryimage"},"thumbnailUrl":"https:\/\/www.caritasbaribitonto.it\/public\/home\/img\/uploads\/2017\/12\/anteprima-fine-anno-2017.png","datePublished":"2017-12-07T18:16:47+00:00","dateModified":"2017-12-13T15:28:46+00:00","description":"Trascorriamo insieme ai nostri fratelli pi\u00f9 poveri i giorni del Natale del Signore e dell'arrivo del nuovo anno.","breadcrumb":{"@id":"https:\/\/www.caritasbaribitonto.it\/public\/home\/2017\/12\/a-mani-aperte-fine-2017-inizio-2018\/#breadcrumb"},"inLanguage":"it-IT","potentialAction":[{"@type":"ReadAction","target":["https:\/\/www.caritasbaribitonto.it\/public\/home\/2017\/12\/a-mani-aperte-fine-2017-inizio-2018\/"]}]},{"@type":"ImageObject","inLanguage":"it-IT","@id":"https:\/\/www.caritasbaribitonto.it\/public\/home\/2017\/12\/a-mani-aperte-fine-2017-inizio-2018\/#primaryimage","url":"https:\/\/www.caritasbaribitonto.it\/public\/home\/img\/uploads\/2017\/12\/anteprima-fine-anno-2017.png","contentUrl":"https:\/\/www.caritasbaribitonto.it\/public\/home\/img\/uploads\/2017\/12\/anteprima-fine-anno-2017.png","width":600,"height":315},{"@type":"BreadcrumbList","@id":"https:\/\/www.caritasbaribitonto.it\/public\/home\/2017\/12\/a-mani-aperte-fine-2017-inizio-2018\/#breadcrumb","itemListElement":[{"@type":"ListItem","position":1,"name":"Home","item":"https:\/\/www.caritasbaribitonto.it\/public\/home\/"},{"@type":"ListItem","position":2,"name":"A mani aperte per finire il 2017 e ricominciare il 2018"}]},{"@type":"WebSite","@id":"https:\/\/www.caritasbaribitonto.it\/public\/home\/#website","url":"https:\/\/www.caritasbaribitonto.it\/public\/home\/","name":"Caritas Diocesana Bari-Bitonto","description":"I santi della porta accanto","publisher":{"@id":"https:\/\/www.caritasbaribitonto.it\/public\/home\/#organization"},"potentialAction":[{"@type":"SearchAction","target":{"@type":"EntryPoint","urlTemplate":"https:\/\/www.caritasbaribitonto.it\/public\/home\/?s={search_term_string}"},"query-input":{"@type":"PropertyValueSpecification","valueRequired":true,"valueName":"search_term_string"}}],"inLanguage":"it-IT"},{"@type":"Organization","@id":"https:\/\/www.caritasbaribitonto.it\/public\/home\/#organization","name":"Caritas Diocesana Bari-Bitonto","url":"https:\/\/www.caritasbaribitonto.it\/public\/home\/","logo":{"@type":"ImageObject","inLanguage":"it-IT","@id":"https:\/\/www.caritasbaribitonto.it\/public\/home\/#\/schema\/logo\/image\/","url":"https:\/\/www.caritasbaribitonto.it\/public\/home\/img\/uploads\/2025\/02\/cropped-cropped-caritas2025_350x112.png","contentUrl":"https:\/\/www.caritasbaribitonto.it\/public\/home\/img\/uploads\/2025\/02\/cropped-cropped-caritas2025_350x112.png","width":350,"height":112,"caption":"Caritas Diocesana Bari-Bitonto"},"image":{"@id":"https:\/\/www.caritasbaribitonto.it\/public\/home\/#\/schema\/logo\/image\/"},"sameAs":["https:\/\/www.facebook.com\/pages\/Caritas-Diocesana-Bari-Bitonto\/533981476753770"]},{"@type":"Person","@id":"https:\/\/www.caritasbaribitonto.it\/public\/home\/#\/schema\/person\/de7e3a3d8d999f73c0dc1f498f3aba63","name":"Francesco Scuccumarri","image":{"@type":"ImageObject","inLanguage":"it-IT","@id":"https:\/\/www.caritasbaribitonto.it\/public\/home\/#\/schema\/person\/image\/","url":"https:\/\/secure.gravatar.com\/avatar\/3b4c8a868287ae75acd7ca6fb7565abecb3408776095327052ebdd2ca70a0b21?s=96&d=identicon&r=g","contentUrl":"https:\/\/secure.gravatar.com\/avatar\/3b4c8a868287ae75acd7ca6fb7565abecb3408776095327052ebdd2ca70a0b21?s=96&d=identicon&r=g","caption":"Francesco Scuccumarri"},"url":"https:\/\/www.caritasbaribitonto.it\/public\/home\/author\/francesco\/"}]}},"jetpack_featured_media_url":"https:\/\/www.caritasbaribitonto.it\/public\/home\/img\/uploads\/2017\/12\/anteprima-fine-anno-2017.png","uagb_featured_image_src":{"full":["https:\/\/www.caritasbaribitonto.it\/public\/home\/img\/uploads\/2017\/12\/anteprima-fine-anno-2017.png",600,315,false],"thumbnail":["https:\/\/www.caritasbaribitonto.it\/public\/home\/img\/uploads\/2017\/12\/anteprima-fine-anno-2017-150x150.png",150,150,true],"medium":["https:\/\/www.caritasbaribitonto.it\/public\/home\/img\/uploads\/2017\/12\/anteprima-fine-anno-2017-300x158.png",300,158,true],"medium_large":["https:\/\/www.caritasbaribitonto.it\/public\/home\/img\/uploads\/2017\/12\/anteprima-fine-anno-2017.png",600,315,false],"large":["https:\/\/www.caritasbaribitonto.it\/public\/home\/img\/uploads\/2017\/12\/anteprima-fine-anno-2017.png",600,315,false],"1536x1536":["https:\/\/www.caritasbaribitonto.it\/public\/home\/img\/uploads\/2017\/12\/anteprima-fine-anno-2017.png",600,315,false],"2048x2048":["https:\/\/www.caritasbaribitonto.it\/public\/home\/img\/uploads\/2017\/12\/anteprima-fine-anno-2017.png",600,315,false]},"uagb_author_info":{"display_name":"Francesco Scuccumarri","author_link":"https:\/\/www.caritasbaribitonto.it\/public\/home\/author\/francesco\/"},"uagb_comment_info":0,"uagb_excerpt":"Carissimi&nbsp; come ormai \u00e8 di tradizione, trascorriamo insieme ai nostri fratelli pi\u00f9 poveri i giorni del Natale del Signore e [&hellip;]","_links":{"self":[{"href":"https:\/\/www.caritasbaribitonto.it\/public\/home\/wp-json\/wp\/v2\/posts\/4782","targetHints":{"allow":["GET"]}}],"collection":[{"href":"https:\/\/www.caritasbaribitonto.it\/public\/home\/wp-json\/wp\/v2\/posts"}],"about":[{"href":"https:\/\/www.caritasbaribitonto.it\/public\/home\/wp-json\/wp\/v2\/types\/post"}],"author":[{"embeddable":true,"href":"https:\/\/www.caritasbaribitonto.it\/public\/home\/wp-json\/wp\/v2\/users\/570"}],"replies":[{"embeddable":true,"href":"https:\/\/www.caritasbaribitonto.it\/public\/home\/wp-json\/wp\/v2\/comments?post=4782"}],"version-history":[{"count":0,"href":"https:\/\/www.caritasbaribitonto.it\/public\/home\/wp-json\/wp\/v2\/posts\/4782\/revisions"}],"wp:featuredmedia":[{"embeddable":true,"href":"https:\/\/www.caritasbaribitonto.it\/public\/home\/wp-json\/wp\/v2\/media\/4788"}],"wp:attachment":[{"href":"https:\/\/www.caritasbaribitonto.it\/public\/home\/wp-json\/wp\/v2\/media?parent=4782"}],"wp:term":[{"taxonomy":"category","embeddable":true,"href":"https:\/\/www.caritasbaribitonto.it\/public\/home\/wp-json\/wp\/v2\/categories?post=4782"},{"taxonomy":"post_tag","embeddable":true,"href":"https:\/\/www.caritasbaribitonto.it\/public\/home\/wp-json\/wp\/v2\/tags?post=4782"}],"curies":[{"name":"wp","href":"https:\/\/api.w.org\/{rel}","templated":true}]}}