{"id":4778,"date":"2017-12-05T09:14:45","date_gmt":"2017-12-05T08:14:45","guid":{"rendered":"http:\/\/www.caritasbaribitonto.it\/public\/home\/?p=4778"},"modified":"2017-12-12T09:40:24","modified_gmt":"2017-12-12T08:40:24","slug":"avvento-fraternita-2017","status":"publish","type":"post","link":"https:\/\/www.caritasbaribitonto.it\/public\/home\/2017\/12\/avvento-fraternita-2017\/","title":{"rendered":"Avvento di Fraternit\u00e0 2017"},"content":{"rendered":"<p><strong><em>\u201cSono in cerca dei miei fratelli\u201d (Gen 37,15-16)<\/em><\/strong><\/p>\n<p><a href=\"http:\/\/www.caritasbaribitonto.it\/public\/home\/img\/uploads\/2017\/12\/avventocarita_caritas.jpeg\"><img loading=\"lazy\" decoding=\"async\" class=\"alignright size-medium wp-image-4779\" src=\"http:\/\/www.caritasbaribitonto.it\/public\/home\/img\/uploads\/2017\/12\/avventocarita_caritas-212x300.jpeg\" alt=\"\" width=\"212\" height=\"300\" srcset=\"https:\/\/www.caritasbaribitonto.it\/public\/home\/img\/uploads\/2017\/12\/avventocarita_caritas-212x300.jpeg 212w, https:\/\/www.caritasbaribitonto.it\/public\/home\/img\/uploads\/2017\/12\/avventocarita_caritas-768x1086.jpeg 768w, https:\/\/www.caritasbaribitonto.it\/public\/home\/img\/uploads\/2017\/12\/avventocarita_caritas-724x1024.jpeg 724w, https:\/\/www.caritasbaribitonto.it\/public\/home\/img\/uploads\/2017\/12\/avventocarita_caritas-600x849.jpeg 600w, https:\/\/www.caritasbaribitonto.it\/public\/home\/img\/uploads\/2017\/12\/avventocarita_caritas.jpeg 1131w\" sizes=\"auto, (max-width: 212px) 100vw, 212px\" \/><\/a>Questo il riferimento all\u2019interno della storia di Giuseppe, affidato a noi da Padre Arcivescovo per l\u2019Avvento. Quale migliore traccia per coloro che sono chiamati ad essere animatori della Carit\u00e0 nella comunit\u00e0 parrocchiale e oltre?<\/p>\n<p>\u201c<strong>Cerco i miei fratelli<\/strong>\u201d sia il monito per questo tempo di Avvento che possa non solo disporci tutti ad accogliere il Signore che viene nel Suo Natale, ma anche i tanti fratelli e sorelle che ci vengono incontro, carne tenera e martoriata di Cristo. Ancor pi\u00f9, \u201ccerco i miei fratelli\u201d invita a metterci in cammino, partendo dall\u2019Altare di Cristo per cercare chi non viene verso di noi, per cercare chi vive nella solitudine o nell\u2019abbandono. Ma ancor pi\u00f9 prezioso sar\u00e0 questo \u201candare in cerca\u201d se sar\u00e0 vissuto tra famiglie.<br \/>\nIl piccolo nucleo familiare non dovrebbe isolarsi dalla famiglia allargata, dove ci sono i genitori, gli zii, i cugini ed anche i vicini. In tale famiglia larga ci possono essere alcuni che hanno bisogno di aiuto o almeno di compagnia e di gesti di affetto, o possono esserci grandi sofferenze che hanno bisogno di un conforto. L\u2019individualismo di questi tempi a volte conduce a rinchiudersi nella sicurezza di un piccolo nido e a percepire gli altri come un pericolo molesto. Tuttavia, tale isolamento non offre pi\u00f9 pace e felicit\u00e0, ma chiude il cuore della famiglia e la priva dell\u2019orizzonte ampio dell\u2019esistenza. (Amoris Laetizia 189)<br \/>\nQuesta citazione dell\u2019Amoris Laetizia ci aiuti a trovare nuove strategie per animare le famiglie della nostra comunit\u00e0 ad uscire dal \u201cpiccolo nido\u201d per giocarsi in una dimensione veramente cristiana della vita, quella dell\u2019andare verso l\u2019altro costruendo e seminando fraternit\u00e0.<br \/>\nCome Caritas diocesana ci permettiamo, come ogni anno, di dare alcuni piccoli suggerimenti.<\/p>\n<ul>\n<li>&nbsp;La prima proposta \u00e8 legata all\u2019<strong>ascolto<\/strong> e alla <strong>preghiera<\/strong>: suggeriamo alle Caritas, ma anche a tutti i gruppi parrocchiali che lo desiderano, di meditare il testo del Card. Martini che trovate in fondo alla lettera; vi chiediamo di tenerlo in vista per il tempo dell\u2019Avvento e di concludere i vostri incontri con la preghiera che trovate nel messaggio per la I Giornata Mondiale dei Poveri al num.5 e che riportiamo di seguito:<\/li>\n<\/ul>\n<pre style=\"padding-left: 30px;\"><em>Benedette le mani<\/em>\r\n<em> che si aprono ad accogliere i poveri e a soccorrerli:<\/em>\r\n<em> sono mani che portano speranza.<\/em>\r\n<em> Benedette le mani<\/em>\r\n<em> che superano ogni barriera di cultura,<\/em>\r\n<em> di religione e di nazionalit\u00e0<\/em>\r\n<em> versando olio di consolazione<\/em>\r\n<em> sulle piaghe dell\u2019umanit\u00e0.<\/em>\r\n<em> Benedette le mani che<\/em>\r\n<em> si aprono senza chiedere nulla in cambio,<\/em>\r\n<em> senza \u201cse\u201d, senza \u201cper\u00f2\u201d e senza \u201cforse\u201d:<\/em>\r\n<em> sono mani che fanno scendere sui fratelli la benedizione di Dio.<\/em><\/pre>\n<ul>\n<li>Un\u2019esperienza determinante per la rottura della relazione tra Giuseppe e i suoi fratelli, \u00e8 il sogno dei covoni di grano. Il grano, il pane sono elementi importanti in tutta la storia della famiglia di Giuseppe e sono prefigurazione dell\u2019Eucarestia<strong>. Alcune spighe di grano consegnate nella domenica di Carit\u00e0, potrebbero essere il segno di un impegno a vivere il quotidiano a partire dall\u2019Eucarestia<\/strong> costruendo ponti laddove ci sono rotture o muri, incontrando i vicini di casa o i parenti con i quali si \u00e8 interrotta la relazione. Papa Francesco nel Messaggio della I Giornata Mondiale dei Poveri cos\u00ec si esprime: \u201cIl Corpo di Cristo spezzato nella sacra liturgia, si lascia trovare dalla carit\u00e0 condivisa nei volti e nelle persone dei fratelli e sorelle pi\u00f9 deboli\u201d. Il pi\u00f9 forte \u00e8 colui che ama di pi\u00f9 ed \u00e8 l\u2019unico che ha la forza di perdonare le offese ricevute. Un segno concreto di quella ricerca dei fratelli. La preparazione delle spighe di grano pu\u00f2 essere affidata ad un gruppo giovanile della parrocchia, ai catechisti, al gruppo famiglie affiancati dalla Caritas parrocchiale coinvolgendo anche i nostri fratelli bisognosi.<\/li>\n<li>Infine, come da tradizione, nella<strong> III domenica di Avvento<\/strong> (dunque il prossimo 17 dicembre) si celebrer\u00e0 l\u2019<strong>Avvento di Fraternit\u00e0<\/strong>: quest\u2019anno, quanto sar\u00e0 raccolto in tutte le Celebrazioni Eucaristiche nelle chiese della nostra Diocesi, sar\u00e0 devoluto, su indicazione dell\u2019Arcivescovo, per <strong>l\u2019Accoglienza per persone senza dimora<\/strong> che, come sapete, dal 18 novembre \u00e8 in via Curzio dei Mille 74 a Bari. Raccomandiamo tanta generosit\u00e0! Quanto raccolto potr\u00e0 essere inviato nei seguenti modi:<br \/>\n\u2713 in Curia presso l\u2019 Economato diocesano;<br \/>\n\u2713 tramite bonifico: IBAN IT40Z0311104007000000007986 Arcidiocesi Bari-Bitonto\/Caritas diocesana \u2013 Causale: Avvento di fraternit\u00e0 2017<br \/>\n\u2713 tramite ccp: 000011938701 Arcidiocesi Bari-Bitonto\/Caritas diocesana \u2013 Causale: Avvento di fraternit\u00e0 2017<\/li>\n<li>Non di rado troviamo nei nostri condomini, nei nostri paesi famiglie che fanno fatica anche a vivere un momento di festa con altri. Perch\u00e9 non <strong>invitare una famiglia magari per il pranzo di Natale<\/strong> o per uno di quei giorni festivi? Magari si potrebbe chiedere ad altre famiglie di fare altrettanto.<\/li>\n<\/ul>\n<p>Restando disponibili per ogni eventualit\u00e0, vi auguriamo un Natale vero e vi salutiamo fraternamente.<\/p>\n<p style=\"text-align: right;\">don Vito, sr. Mariarosaria<br \/>\ne l\u2019equipe diocesana<\/p>\n<p style=\"text-align: center;\"><em>*tratto da Ritrovare se stessi del Card.C.M.Martini<\/em><\/p>\n<p style=\"text-align: center;\"><em>Uniamoci a tutti i fratelli e le sorelle che, insieme con noi,<\/em><br \/>\n<em> soffrono particolarmente debolezza e povert\u00e0 sulla via del Regno.<\/em><br \/>\n<em> Penso a coloro che sono vittime di violenza,<\/em><br \/>\n<em> a coloro che hanno una vita anche familiare faticosa,<\/em><br \/>\n<em> quasi al limite dell\u2019intollerabile, ai numerosi malati.<\/em><br \/>\n<em> Al bisogno che tanta gente ha del pane quotidiano della speranza,<\/em><br \/>\n<em> di quel respiro di forza che permette di vivere la giornata accogliendola.<\/em><br \/>\n<em> Ci sono poi coloro che mancano della prospettiva del Regno,<\/em><br \/>\n<em> che non credono a un progetto di Dio nella loro vita e perci\u00f2 non hanno un futuro,<\/em><br \/>\n<em> non sanno dove dirigersi, non hanno niente che li attragga o che li spinga a<\/em><br \/>\n<em> impegnarsi per un domani migliore.<\/em><br \/>\n<em> Impariamo a pregare per tutti, preghiamo con tutti, soprattutto con chi incontriamo ogni giorno<\/em><br \/>\n<em> e che vorremmo fare entrare nel nostro desiderio e, attraverso l\u2019invocazione del Padre,<\/em><br \/>\n<em> renderli partecipi di questa stupenda preghiera del senso della paternit\u00e0 di Dio che Ges\u00f9 ci dona di vivere.<\/em><\/p>\n","protected":false},"excerpt":{"rendered":"<p>\u201cSono in cerca dei miei fratelli\u201d (Gen 37,15-16) Questo il riferimento all\u2019interno della storia di Giuseppe, affidato a noi da [&hellip;]<\/p>\n","protected":false},"author":1,"featured_media":4779,"comment_status":"closed","ping_status":"open","sticky":false,"template":"","format":"standard","meta":{"_uag_custom_page_level_css":"","site-sidebar-layout":"default","site-content-layout":"","ast-site-content-layout":"default","site-content-style":"default","site-sidebar-style":"default","ast-global-header-display":"","ast-banner-title-visibility":"","ast-main-header-display":"","ast-hfb-above-header-display":"","ast-hfb-below-header-display":"","ast-hfb-mobile-header-display":"","site-post-title":"","ast-breadcrumbs-content":"","ast-featured-img":"","footer-sml-layout":"","theme-transparent-header-meta":"","adv-header-id-meta":"","stick-header-meta":"","header-above-stick-meta":"","header-main-stick-meta":"","header-below-stick-meta":"","astra-migrate-meta-layouts":"default","ast-page-background-enabled":"default","ast-page-background-meta":{"desktop":{"background-color":"var(--ast-global-color-5)","background-image":"","background-repeat":"repeat","background-position":"center center","background-size":"auto","background-attachment":"scroll","background-type":"","background-media":"","overlay-type":"","overlay-color":"","overlay-opacity":"","overlay-gradient":""},"tablet":{"background-color":"","background-image":"","background-repeat":"repeat","background-position":"center center","background-size":"auto","background-attachment":"scroll","background-type":"","background-media":"","overlay-type":"","overlay-color":"","overlay-opacity":"","overlay-gradient":""},"mobile":{"background-color":"","background-image":"","background-repeat":"repeat","background-position":"center center","background-size":"auto","background-attachment":"scroll","background-type":"","background-media":"","overlay-type":"","overlay-color":"","overlay-opacity":"","overlay-gradient":""}},"ast-content-background-meta":{"desktop":{"background-color":"var(--ast-global-color-4)","background-image":"","background-repeat":"repeat","background-position":"center center","background-size":"auto","background-attachment":"scroll","background-type":"","background-media":"","overlay-type":"","overlay-color":"","overlay-opacity":"","overlay-gradient":""},"tablet":{"background-color":"var(--ast-global-color-4)","background-image":"","background-repeat":"repeat","background-position":"center center","background-size":"auto","background-attachment":"scroll","background-type":"","background-media":"","overlay-type":"","overlay-color":"","overlay-opacity":"","overlay-gradient":""},"mobile":{"background-color":"var(--ast-global-color-4)","background-image":"","background-repeat":"repeat","background-position":"center center","background-size":"auto","background-attachment":"scroll","background-type":"","background-media":"","overlay-type":"","overlay-color":"","overlay-opacity":"","overlay-gradient":""}},"footnotes":""},"categories":[3,212,214],"tags":[],"class_list":["post-4778","post","type-post","status-publish","format-standard","has-post-thumbnail","hentry","category-avvisi","category-in-evidenza","category-iniziative"],"gutentor_comment":0,"yoast_head":"<!-- This site is optimized with the Yoast SEO plugin v26.8 - https:\/\/yoast.com\/product\/yoast-seo-wordpress\/ -->\r\n<title>Avvento di Fraternit\u00e0 2017 - Caritas Diocesana Bari-Bitonto<\/title>\r\n<meta name=\"description\" content=\"\u201cCerco i miei fratelli\u201d sia il monito per questo tempo di Avvento che possa non solo disporci tutti ad accogliere il Signore che viene nel Suo Natale\" \/>\r\n<meta name=\"robots\" content=\"index, follow, max-snippet:-1, max-image-preview:large, max-video-preview:-1\" \/>\r\n<link rel=\"canonical\" href=\"https:\/\/www.caritasbaribitonto.it\/public\/home\/2017\/12\/avvento-fraternita-2017\/\" \/>\r\n<meta property=\"og:locale\" content=\"it_IT\" \/>\r\n<meta property=\"og:type\" content=\"article\" \/>\r\n<meta property=\"og:title\" content=\"Avvento di Fraternit\u00e0 2017 - Caritas Diocesana Bari-Bitonto\" \/>\r\n<meta property=\"og:description\" content=\"\u201cCerco i miei fratelli\u201d sia il monito per questo tempo di Avvento che possa non solo disporci tutti ad accogliere il Signore che viene nel Suo Natale\" \/>\r\n<meta property=\"og:url\" content=\"https:\/\/www.caritasbaribitonto.it\/public\/home\/2017\/12\/avvento-fraternita-2017\/\" \/>\r\n<meta property=\"og:site_name\" content=\"Caritas Diocesana Bari-Bitonto\" \/>\r\n<meta property=\"article:publisher\" content=\"https:\/\/www.facebook.com\/pages\/Caritas-Diocesana-Bari-Bitonto\/533981476753770\" \/>\r\n<meta property=\"article:published_time\" content=\"2017-12-05T08:14:45+00:00\" \/>\r\n<meta property=\"article:modified_time\" content=\"2017-12-12T08:40:24+00:00\" \/>\r\n<meta property=\"og:image\" content=\"https:\/\/www.caritasbaribitonto.it\/public\/home\/img\/uploads\/2017\/12\/avventocarita_caritas.jpeg\" \/>\r\n\t<meta property=\"og:image:width\" content=\"1131\" \/>\r\n\t<meta property=\"og:image:height\" content=\"1600\" \/>\r\n\t<meta property=\"og:image:type\" content=\"image\/jpeg\" \/>\r\n<meta name=\"author\" content=\"Giovanni Caputo\" \/>\r\n<meta name=\"twitter:card\" content=\"summary_large_image\" \/>\r\n<meta name=\"twitter:label1\" content=\"Scritto da\" \/>\n\t<meta name=\"twitter:data1\" content=\"Giovanni Caputo\" \/>\n\t<meta name=\"twitter:label2\" content=\"Tempo di lettura stimato\" \/>\n\t<meta name=\"twitter:data2\" content=\"5 minuti\" \/>\r\n<script type=\"application\/ld+json\" class=\"yoast-schema-graph\">{\"@context\":\"https:\/\/schema.org\",\"@graph\":[{\"@type\":\"Article\",\"@id\":\"https:\/\/www.caritasbaribitonto.it\/public\/home\/2017\/12\/avvento-fraternita-2017\/#article\",\"isPartOf\":{\"@id\":\"https:\/\/www.caritasbaribitonto.it\/public\/home\/2017\/12\/avvento-fraternita-2017\/\"},\"author\":{\"name\":\"Giovanni Caputo\",\"@id\":\"https:\/\/www.caritasbaribitonto.it\/public\/home\/#\/schema\/person\/06b333402b70fdadb662b68974e8c97a\"},\"headline\":\"Avvento di Fraternit\u00e0 2017\",\"datePublished\":\"2017-12-05T08:14:45+00:00\",\"dateModified\":\"2017-12-12T08:40:24+00:00\",\"mainEntityOfPage\":{\"@id\":\"https:\/\/www.caritasbaribitonto.it\/public\/home\/2017\/12\/avvento-fraternita-2017\/\"},\"wordCount\":900,\"publisher\":{\"@id\":\"https:\/\/www.caritasbaribitonto.it\/public\/home\/#organization\"},\"image\":{\"@id\":\"https:\/\/www.caritasbaribitonto.it\/public\/home\/2017\/12\/avvento-fraternita-2017\/#primaryimage\"},\"thumbnailUrl\":\"https:\/\/www.caritasbaribitonto.it\/public\/home\/img\/uploads\/2017\/12\/avventocarita_caritas.jpeg\",\"articleSection\":[\"Avvisi\",\"In Evidenza\",\"Iniziative\"],\"inLanguage\":\"it-IT\"},{\"@type\":\"WebPage\",\"@id\":\"https:\/\/www.caritasbaribitonto.it\/public\/home\/2017\/12\/avvento-fraternita-2017\/\",\"url\":\"https:\/\/www.caritasbaribitonto.it\/public\/home\/2017\/12\/avvento-fraternita-2017\/\",\"name\":\"Avvento di Fraternit\u00e0 2017 - Caritas Diocesana Bari-Bitonto\",\"isPartOf\":{\"@id\":\"https:\/\/www.caritasbaribitonto.it\/public\/home\/#website\"},\"primaryImageOfPage\":{\"@id\":\"https:\/\/www.caritasbaribitonto.it\/public\/home\/2017\/12\/avvento-fraternita-2017\/#primaryimage\"},\"image\":{\"@id\":\"https:\/\/www.caritasbaribitonto.it\/public\/home\/2017\/12\/avvento-fraternita-2017\/#primaryimage\"},\"thumbnailUrl\":\"https:\/\/www.caritasbaribitonto.it\/public\/home\/img\/uploads\/2017\/12\/avventocarita_caritas.jpeg\",\"datePublished\":\"2017-12-05T08:14:45+00:00\",\"dateModified\":\"2017-12-12T08:40:24+00:00\",\"description\":\"\u201cCerco i miei fratelli\u201d sia il monito per questo tempo di Avvento che possa non solo disporci tutti ad accogliere il Signore che viene nel Suo Natale\",\"breadcrumb\":{\"@id\":\"https:\/\/www.caritasbaribitonto.it\/public\/home\/2017\/12\/avvento-fraternita-2017\/#breadcrumb\"},\"inLanguage\":\"it-IT\",\"potentialAction\":[{\"@type\":\"ReadAction\",\"target\":[\"https:\/\/www.caritasbaribitonto.it\/public\/home\/2017\/12\/avvento-fraternita-2017\/\"]}]},{\"@type\":\"ImageObject\",\"inLanguage\":\"it-IT\",\"@id\":\"https:\/\/www.caritasbaribitonto.it\/public\/home\/2017\/12\/avvento-fraternita-2017\/#primaryimage\",\"url\":\"https:\/\/www.caritasbaribitonto.it\/public\/home\/img\/uploads\/2017\/12\/avventocarita_caritas.jpeg\",\"contentUrl\":\"https:\/\/www.caritasbaribitonto.it\/public\/home\/img\/uploads\/2017\/12\/avventocarita_caritas.jpeg\",\"width\":1131,\"height\":1600},{\"@type\":\"BreadcrumbList\",\"@id\":\"https:\/\/www.caritasbaribitonto.it\/public\/home\/2017\/12\/avvento-fraternita-2017\/#breadcrumb\",\"itemListElement\":[{\"@type\":\"ListItem\",\"position\":1,\"name\":\"Home\",\"item\":\"https:\/\/www.caritasbaribitonto.it\/public\/home\/\"},{\"@type\":\"ListItem\",\"position\":2,\"name\":\"Avvento di Fraternit\u00e0 2017\"}]},{\"@type\":\"WebSite\",\"@id\":\"https:\/\/www.caritasbaribitonto.it\/public\/home\/#website\",\"url\":\"https:\/\/www.caritasbaribitonto.it\/public\/home\/\",\"name\":\"Caritas Diocesana Bari-Bitonto\",\"description\":\"I santi della porta accanto\",\"publisher\":{\"@id\":\"https:\/\/www.caritasbaribitonto.it\/public\/home\/#organization\"},\"potentialAction\":[{\"@type\":\"SearchAction\",\"target\":{\"@type\":\"EntryPoint\",\"urlTemplate\":\"https:\/\/www.caritasbaribitonto.it\/public\/home\/?s={search_term_string}\"},\"query-input\":{\"@type\":\"PropertyValueSpecification\",\"valueRequired\":true,\"valueName\":\"search_term_string\"}}],\"inLanguage\":\"it-IT\"},{\"@type\":\"Organization\",\"@id\":\"https:\/\/www.caritasbaribitonto.it\/public\/home\/#organization\",\"name\":\"Caritas Diocesana Bari-Bitonto\",\"url\":\"https:\/\/www.caritasbaribitonto.it\/public\/home\/\",\"logo\":{\"@type\":\"ImageObject\",\"inLanguage\":\"it-IT\",\"@id\":\"https:\/\/www.caritasbaribitonto.it\/public\/home\/#\/schema\/logo\/image\/\",\"url\":\"https:\/\/www.caritasbaribitonto.it\/public\/home\/img\/uploads\/2025\/02\/cropped-cropped-caritas2025_350x112.png\",\"contentUrl\":\"https:\/\/www.caritasbaribitonto.it\/public\/home\/img\/uploads\/2025\/02\/cropped-cropped-caritas2025_350x112.png\",\"width\":350,\"height\":112,\"caption\":\"Caritas Diocesana Bari-Bitonto\"},\"image\":{\"@id\":\"https:\/\/www.caritasbaribitonto.it\/public\/home\/#\/schema\/logo\/image\/\"},\"sameAs\":[\"https:\/\/www.facebook.com\/pages\/Caritas-Diocesana-Bari-Bitonto\/533981476753770\"]},{\"@type\":\"Person\",\"@id\":\"https:\/\/www.caritasbaribitonto.it\/public\/home\/#\/schema\/person\/06b333402b70fdadb662b68974e8c97a\",\"name\":\"Giovanni Caputo\",\"image\":{\"@type\":\"ImageObject\",\"inLanguage\":\"it-IT\",\"@id\":\"https:\/\/www.caritasbaribitonto.it\/public\/home\/#\/schema\/person\/image\/\",\"url\":\"https:\/\/secure.gravatar.com\/avatar\/6c7e9d4e1e2394bfa4e38377bd0b5e03cbf0c79e27918e6497d3f408f89d0d3b?s=96&d=identicon&r=g\",\"contentUrl\":\"https:\/\/secure.gravatar.com\/avatar\/6c7e9d4e1e2394bfa4e38377bd0b5e03cbf0c79e27918e6497d3f408f89d0d3b?s=96&d=identicon&r=g\",\"caption\":\"Giovanni Caputo\"},\"url\":\"https:\/\/www.caritasbaribitonto.it\/public\/home\/author\/admin\/\"}]}<\/script>\r\n<!-- \/ Yoast SEO plugin. -->","yoast_head_json":{"title":"Avvento di Fraternit\u00e0 2017 - Caritas Diocesana Bari-Bitonto","description":"\u201cCerco i miei fratelli\u201d sia il monito per questo tempo di Avvento che possa non solo disporci tutti ad accogliere il Signore che viene nel Suo Natale","robots":{"index":"index","follow":"follow","max-snippet":"max-snippet:-1","max-image-preview":"max-image-preview:large","max-video-preview":"max-video-preview:-1"},"canonical":"https:\/\/www.caritasbaribitonto.it\/public\/home\/2017\/12\/avvento-fraternita-2017\/","og_locale":"it_IT","og_type":"article","og_title":"Avvento di Fraternit\u00e0 2017 - Caritas Diocesana Bari-Bitonto","og_description":"\u201cCerco i miei fratelli\u201d sia il monito per questo tempo di Avvento che possa non solo disporci tutti ad accogliere il Signore che viene nel Suo Natale","og_url":"https:\/\/www.caritasbaribitonto.it\/public\/home\/2017\/12\/avvento-fraternita-2017\/","og_site_name":"Caritas Diocesana Bari-Bitonto","article_publisher":"https:\/\/www.facebook.com\/pages\/Caritas-Diocesana-Bari-Bitonto\/533981476753770","article_published_time":"2017-12-05T08:14:45+00:00","article_modified_time":"2017-12-12T08:40:24+00:00","og_image":[{"width":1131,"height":1600,"url":"https:\/\/www.caritasbaribitonto.it\/public\/home\/img\/uploads\/2017\/12\/avventocarita_caritas.jpeg","type":"image\/jpeg"}],"author":"Giovanni Caputo","twitter_card":"summary_large_image","twitter_misc":{"Scritto da":"Giovanni Caputo","Tempo di lettura stimato":"5 minuti"},"schema":{"@context":"https:\/\/schema.org","@graph":[{"@type":"Article","@id":"https:\/\/www.caritasbaribitonto.it\/public\/home\/2017\/12\/avvento-fraternita-2017\/#article","isPartOf":{"@id":"https:\/\/www.caritasbaribitonto.it\/public\/home\/2017\/12\/avvento-fraternita-2017\/"},"author":{"name":"Giovanni Caputo","@id":"https:\/\/www.caritasbaribitonto.it\/public\/home\/#\/schema\/person\/06b333402b70fdadb662b68974e8c97a"},"headline":"Avvento di Fraternit\u00e0 2017","datePublished":"2017-12-05T08:14:45+00:00","dateModified":"2017-12-12T08:40:24+00:00","mainEntityOfPage":{"@id":"https:\/\/www.caritasbaribitonto.it\/public\/home\/2017\/12\/avvento-fraternita-2017\/"},"wordCount":900,"publisher":{"@id":"https:\/\/www.caritasbaribitonto.it\/public\/home\/#organization"},"image":{"@id":"https:\/\/www.caritasbaribitonto.it\/public\/home\/2017\/12\/avvento-fraternita-2017\/#primaryimage"},"thumbnailUrl":"https:\/\/www.caritasbaribitonto.it\/public\/home\/img\/uploads\/2017\/12\/avventocarita_caritas.jpeg","articleSection":["Avvisi","In Evidenza","Iniziative"],"inLanguage":"it-IT"},{"@type":"WebPage","@id":"https:\/\/www.caritasbaribitonto.it\/public\/home\/2017\/12\/avvento-fraternita-2017\/","url":"https:\/\/www.caritasbaribitonto.it\/public\/home\/2017\/12\/avvento-fraternita-2017\/","name":"Avvento di Fraternit\u00e0 2017 - Caritas Diocesana Bari-Bitonto","isPartOf":{"@id":"https:\/\/www.caritasbaribitonto.it\/public\/home\/#website"},"primaryImageOfPage":{"@id":"https:\/\/www.caritasbaribitonto.it\/public\/home\/2017\/12\/avvento-fraternita-2017\/#primaryimage"},"image":{"@id":"https:\/\/www.caritasbaribitonto.it\/public\/home\/2017\/12\/avvento-fraternita-2017\/#primaryimage"},"thumbnailUrl":"https:\/\/www.caritasbaribitonto.it\/public\/home\/img\/uploads\/2017\/12\/avventocarita_caritas.jpeg","datePublished":"2017-12-05T08:14:45+00:00","dateModified":"2017-12-12T08:40:24+00:00","description":"\u201cCerco i miei fratelli\u201d sia il monito per questo tempo di Avvento che possa non solo disporci tutti ad accogliere il Signore che viene nel Suo Natale","breadcrumb":{"@id":"https:\/\/www.caritasbaribitonto.it\/public\/home\/2017\/12\/avvento-fraternita-2017\/#breadcrumb"},"inLanguage":"it-IT","potentialAction":[{"@type":"ReadAction","target":["https:\/\/www.caritasbaribitonto.it\/public\/home\/2017\/12\/avvento-fraternita-2017\/"]}]},{"@type":"ImageObject","inLanguage":"it-IT","@id":"https:\/\/www.caritasbaribitonto.it\/public\/home\/2017\/12\/avvento-fraternita-2017\/#primaryimage","url":"https:\/\/www.caritasbaribitonto.it\/public\/home\/img\/uploads\/2017\/12\/avventocarita_caritas.jpeg","contentUrl":"https:\/\/www.caritasbaribitonto.it\/public\/home\/img\/uploads\/2017\/12\/avventocarita_caritas.jpeg","width":1131,"height":1600},{"@type":"BreadcrumbList","@id":"https:\/\/www.caritasbaribitonto.it\/public\/home\/2017\/12\/avvento-fraternita-2017\/#breadcrumb","itemListElement":[{"@type":"ListItem","position":1,"name":"Home","item":"https:\/\/www.caritasbaribitonto.it\/public\/home\/"},{"@type":"ListItem","position":2,"name":"Avvento di Fraternit\u00e0 2017"}]},{"@type":"WebSite","@id":"https:\/\/www.caritasbaribitonto.it\/public\/home\/#website","url":"https:\/\/www.caritasbaribitonto.it\/public\/home\/","name":"Caritas Diocesana Bari-Bitonto","description":"I santi della porta accanto","publisher":{"@id":"https:\/\/www.caritasbaribitonto.it\/public\/home\/#organization"},"potentialAction":[{"@type":"SearchAction","target":{"@type":"EntryPoint","urlTemplate":"https:\/\/www.caritasbaribitonto.it\/public\/home\/?s={search_term_string}"},"query-input":{"@type":"PropertyValueSpecification","valueRequired":true,"valueName":"search_term_string"}}],"inLanguage":"it-IT"},{"@type":"Organization","@id":"https:\/\/www.caritasbaribitonto.it\/public\/home\/#organization","name":"Caritas Diocesana Bari-Bitonto","url":"https:\/\/www.caritasbaribitonto.it\/public\/home\/","logo":{"@type":"ImageObject","inLanguage":"it-IT","@id":"https:\/\/www.caritasbaribitonto.it\/public\/home\/#\/schema\/logo\/image\/","url":"https:\/\/www.caritasbaribitonto.it\/public\/home\/img\/uploads\/2025\/02\/cropped-cropped-caritas2025_350x112.png","contentUrl":"https:\/\/www.caritasbaribitonto.it\/public\/home\/img\/uploads\/2025\/02\/cropped-cropped-caritas2025_350x112.png","width":350,"height":112,"caption":"Caritas Diocesana Bari-Bitonto"},"image":{"@id":"https:\/\/www.caritasbaribitonto.it\/public\/home\/#\/schema\/logo\/image\/"},"sameAs":["https:\/\/www.facebook.com\/pages\/Caritas-Diocesana-Bari-Bitonto\/533981476753770"]},{"@type":"Person","@id":"https:\/\/www.caritasbaribitonto.it\/public\/home\/#\/schema\/person\/06b333402b70fdadb662b68974e8c97a","name":"Giovanni Caputo","image":{"@type":"ImageObject","inLanguage":"it-IT","@id":"https:\/\/www.caritasbaribitonto.it\/public\/home\/#\/schema\/person\/image\/","url":"https:\/\/secure.gravatar.com\/avatar\/6c7e9d4e1e2394bfa4e38377bd0b5e03cbf0c79e27918e6497d3f408f89d0d3b?s=96&d=identicon&r=g","contentUrl":"https:\/\/secure.gravatar.com\/avatar\/6c7e9d4e1e2394bfa4e38377bd0b5e03cbf0c79e27918e6497d3f408f89d0d3b?s=96&d=identicon&r=g","caption":"Giovanni Caputo"},"url":"https:\/\/www.caritasbaribitonto.it\/public\/home\/author\/admin\/"}]}},"jetpack_featured_media_url":"https:\/\/www.caritasbaribitonto.it\/public\/home\/img\/uploads\/2017\/12\/avventocarita_caritas.jpeg","uagb_featured_image_src":{"full":["https:\/\/www.caritasbaribitonto.it\/public\/home\/img\/uploads\/2017\/12\/avventocarita_caritas.jpeg",1131,1600,false],"thumbnail":["https:\/\/www.caritasbaribitonto.it\/public\/home\/img\/uploads\/2017\/12\/avventocarita_caritas-150x150.jpeg",150,150,true],"medium":["https:\/\/www.caritasbaribitonto.it\/public\/home\/img\/uploads\/2017\/12\/avventocarita_caritas-212x300.jpeg",212,300,true],"medium_large":["https:\/\/www.caritasbaribitonto.it\/public\/home\/img\/uploads\/2017\/12\/avventocarita_caritas-768x1086.jpeg",768,1086,true],"large":["https:\/\/www.caritasbaribitonto.it\/public\/home\/img\/uploads\/2017\/12\/avventocarita_caritas-724x1024.jpeg",724,1024,true],"1536x1536":["https:\/\/www.caritasbaribitonto.it\/public\/home\/img\/uploads\/2017\/12\/avventocarita_caritas.jpeg",1086,1536,false],"2048x2048":["https:\/\/www.caritasbaribitonto.it\/public\/home\/img\/uploads\/2017\/12\/avventocarita_caritas.jpeg",1131,1600,false]},"uagb_author_info":{"display_name":"Giovanni Caputo","author_link":"https:\/\/www.caritasbaribitonto.it\/public\/home\/author\/admin\/"},"uagb_comment_info":0,"uagb_excerpt":"\u201cSono in cerca dei miei fratelli\u201d (Gen 37,15-16) Questo il riferimento all\u2019interno della storia di Giuseppe, affidato a noi da [&hellip;]","_links":{"self":[{"href":"https:\/\/www.caritasbaribitonto.it\/public\/home\/wp-json\/wp\/v2\/posts\/4778","targetHints":{"allow":["GET"]}}],"collection":[{"href":"https:\/\/www.caritasbaribitonto.it\/public\/home\/wp-json\/wp\/v2\/posts"}],"about":[{"href":"https:\/\/www.caritasbaribitonto.it\/public\/home\/wp-json\/wp\/v2\/types\/post"}],"author":[{"embeddable":true,"href":"https:\/\/www.caritasbaribitonto.it\/public\/home\/wp-json\/wp\/v2\/users\/1"}],"replies":[{"embeddable":true,"href":"https:\/\/www.caritasbaribitonto.it\/public\/home\/wp-json\/wp\/v2\/comments?post=4778"}],"version-history":[{"count":0,"href":"https:\/\/www.caritasbaribitonto.it\/public\/home\/wp-json\/wp\/v2\/posts\/4778\/revisions"}],"wp:featuredmedia":[{"embeddable":true,"href":"https:\/\/www.caritasbaribitonto.it\/public\/home\/wp-json\/wp\/v2\/media\/4779"}],"wp:attachment":[{"href":"https:\/\/www.caritasbaribitonto.it\/public\/home\/wp-json\/wp\/v2\/media?parent=4778"}],"wp:term":[{"taxonomy":"category","embeddable":true,"href":"https:\/\/www.caritasbaribitonto.it\/public\/home\/wp-json\/wp\/v2\/categories?post=4778"},{"taxonomy":"post_tag","embeddable":true,"href":"https:\/\/www.caritasbaribitonto.it\/public\/home\/wp-json\/wp\/v2\/tags?post=4778"}],"curies":[{"name":"wp","href":"https:\/\/api.w.org\/{rel}","templated":true}]}}