{"id":464,"date":"2009-11-14T10:17:09","date_gmt":"2009-11-14T09:17:09","guid":{"rendered":"http:\/\/www.caritasbaribitonto.it\/public\/home\/?p=464"},"modified":"2009-11-21T16:38:56","modified_gmt":"2009-11-21T15:38:56","slug":"per-un-giorno-migliore-15-novembre-2009-xxiii-domenica-t-o","status":"publish","type":"post","link":"https:\/\/www.caritasbaribitonto.it\/public\/home\/2009\/11\/per-un-giorno-migliore-15-novembre-2009-xxiii-domenica-t-o\/","title":{"rendered":"Per un giorno migliore -15 novembre 2009 \u2013 XXXIII Domenica T.O."},"content":{"rendered":"<p><img loading=\"lazy\" decoding=\"async\" class=\"alignleft\" src=\"http:\/\/www.qumran2.net\/disegni\/archivio\/1075.gif\" alt=\"Per un giorno migliore\" width=\"125\" height=\"175\" \/><em><strong>Dal vangelo secondo Marco (Mc 12, 38-44)<\/strong><\/p>\n<p>In quel tempo, Ges\u00f9 disse ai suoi discepoli: \u00abIn quei giorni, dopo quella tribolazione, il sole si oscurer\u00e0, la luna non dar\u00e0 pi\u00f9 la sua luce, le stelle cadranno dal cielo e le potenze che sono nei cieli saranno sconvolte. Allora vedranno il Figlio dell&#8217;uomo venire sulle nubi con grande potenza e gloria. Egli mander\u00e0 gli angeli e raduner\u00e0 i suoi eletti dai quattro venti, dall&#8217;estremit\u00e0 della terra fino all&#8217;estremit\u00e0 del cielo. Dalla pianta di fico imparate la parabola: quando ormai il suo ramo diventa tenero e spuntano le foglie, sapete che l&#8217;estate \u00e8 vicina. Cos\u00ec anche voi: quando vedrete accadere queste cose, sappiate che egli \u00e8 vicino, \u00e8 alle porte. In verit\u00e0 io vi dico: non passer\u00e0 questa generazione prima che tutto questo avvenga. Il cielo e la terra passeranno, ma le mie parole non passeranno. Quanto per\u00f2 a quel giorno o a quell&#8217;ora, nessuno lo sa, n\u00e9 gli angeli nel cielo n\u00e9 il Figlio, eccetto il Padre\u00bb.<\/em><\/p>\n<p><em><br \/>\n<\/em><\/p>\n<p>Il brano evangelico non annuncia giorni di catastrofe o presagi di sventura. E\u2019 un brano che annuncia l\u2019incontro con il Figlio dell\u2019Uomo, colui che ha salvato e continuer\u00e0 a salvare l\u2019umanit\u00e0 anche nei momenti difficili. La storia dell\u2019umanit\u00e0 \u00e8 in funzione dell\u2019amore di Ges\u00f9 e non una sorta di resa dei conti per il da farsi o per ci\u00f2 che non \u00e8 stato fatto.<br \/>\nMarco alla comunit\u00e0 di Roma, perseguitata dal potere dittatoriale dei romani e beffeggiata dal popolo, invita i cristiani a non avere timore di professare la fede nel Cristo morto e risorto. Quando, infatti, anche i segni della natura sembrano far pensare che tutto \u00e8 ormai oscuro e non c\u2019\u00e8 altra via d\u2019uscita per vivere in un mondo di pace e giustizia, il Figlio dell\u2019Uomo si presenta all\u2019umanit\u00e0 con gesti di amore e di attenzione verso tutti, senza escludere nessuno.<br \/>\nE\u2019 proprio quest\u2019invito evangelico che oggi la comunit\u00e0 cristiana non pu\u00f2 lasciare cadere nel vuoto. Non si limita a guardare chi muore di fame, di sete, di malattie, d\u2019incuria, di veleni lasciati nell\u2019aria o nelle falde, ma sa essere profetica e vera. E\u2019 la comunit\u00e0 che non resta chiusa nei propri ambienti a piangere i <strong>deficit<\/strong> dell\u2019evangelizzazione o che si limita a recriminare per le celebrazioni liturgiche poco accorsate, ma ripropone la Parola di salvezza e sa essere fonte di speranza per chi ha ormai perso il senso di vivere. L\u2019accoglienza operosa della Parola trasforma l\u2019uomo nel profondo, lo libera dalla sua solitudine, soprattutto dalle sue paure e dai suoi egoismi e lo rende discepolo del Signore pronto all\u2019annuncio nella storia dell\u2019umanit\u00e0. La Parola di Dio sa dare risposte nella storia con i gesti di carit\u00e0 e non con funamboliche storie cantate nelle piazze, poich\u00e9 la Parola prepara e anticipa nel tempo penultimo la citt\u00e0 celeste, quel tempo ultimo in cui le parole scompariranno, e tutto sar\u00e0 vissuto nell\u2019amore.<br \/>\nCristo non \u00e8 il castigatore dei peccatori o il sentenzionatore di condanne, ma non \u00e8 neanche colui che desidera comunit\u00e0 alle soglie dell\u2019illusorio.<br \/>\nLe vere scelte nascono dal cuore di chi sta accanto all\u2019umanit\u00e0 afflitta e con il Vangelo nella sua mano non illude nessuno, ma sa essere servo di tutti. \u201c<strong>L\u2019amore di Dio ci chiama ad uscire da ci\u00f2 che \u00e8 limitato e non definito, ci d\u00e0 il coraggio di operare e di proseguire nella ricerca del bene di tutti, anche se non si realizza immediatamente, anche se quello che riusciamo ad attuare, \u00e8 sempre meno di ci\u00f2 che aneliamo. Dio ci d\u00e0 la forza di lottare e di soffrire per amore del bene comune, perch\u00e9 Egli \u00e8 il nostro Tutto, la nostra speranza pi\u00f9 grande<\/strong>\u201d (Benedetto XVI, <strong>Spes Salvi<\/strong>, 35).<\/p>\n<p>Il Direttore<\/p>\n<p>Antonio Ruccia<\/p>\n","protected":false},"excerpt":{"rendered":"<p>Dal vangelo secondo Marco (Mc 12, 38-44) In quel tempo, Ges\u00f9 disse ai suoi discepoli: \u00abIn quei giorni, dopo quella [&hellip;]<\/p>\n","protected":false},"author":1,"featured_media":0,"comment_status":"closed","ping_status":"open","sticky":false,"template":"","format":"standard","meta":{"_uag_custom_page_level_css":"","site-sidebar-layout":"default","site-content-layout":"","ast-site-content-layout":"default","site-content-style":"default","site-sidebar-style":"default","ast-global-header-display":"","ast-banner-title-visibility":"","ast-main-header-display":"","ast-hfb-above-header-display":"","ast-hfb-below-header-display":"","ast-hfb-mobile-header-display":"","site-post-title":"","ast-breadcrumbs-content":"","ast-featured-img":"","footer-sml-layout":"","theme-transparent-header-meta":"","adv-header-id-meta":"","stick-header-meta":"","header-above-stick-meta":"","header-main-stick-meta":"","header-below-stick-meta":"","astra-migrate-meta-layouts":"default","ast-page-background-enabled":"default","ast-page-background-meta":{"desktop":{"background-color":"var(--ast-global-color-5)","background-image":"","background-repeat":"repeat","background-position":"center center","background-size":"auto","background-attachment":"scroll","background-type":"","background-media":"","overlay-type":"","overlay-color":"","overlay-opacity":"","overlay-gradient":""},"tablet":{"background-color":"","background-image":"","background-repeat":"repeat","background-position":"center center","background-size":"auto","background-attachment":"scroll","background-type":"","background-media":"","overlay-type":"","overlay-color":"","overlay-opacity":"","overlay-gradient":""},"mobile":{"background-color":"","background-image":"","background-repeat":"repeat","background-position":"center center","background-size":"auto","background-attachment":"scroll","background-type":"","background-media":"","overlay-type":"","overlay-color":"","overlay-opacity":"","overlay-gradient":""}},"ast-content-background-meta":{"desktop":{"background-color":"var(--ast-global-color-4)","background-image":"","background-repeat":"repeat","background-position":"center center","background-size":"auto","background-attachment":"scroll","background-type":"","background-media":"","overlay-type":"","overlay-color":"","overlay-opacity":"","overlay-gradient":""},"tablet":{"background-color":"var(--ast-global-color-4)","background-image":"","background-repeat":"repeat","background-position":"center center","background-size":"auto","background-attachment":"scroll","background-type":"","background-media":"","overlay-type":"","overlay-color":"","overlay-opacity":"","overlay-gradient":""},"mobile":{"background-color":"var(--ast-global-color-4)","background-image":"","background-repeat":"repeat","background-position":"center center","background-size":"auto","background-attachment":"scroll","background-type":"","background-media":"","overlay-type":"","overlay-color":"","overlay-opacity":"","overlay-gradient":""}},"footnotes":""},"categories":[20],"tags":[47,27,35,48],"class_list":["post-464","post","type-post","status-publish","format-standard","hentry","category-commenti-vangelo","tag-antonio-ruccia","tag-caritas-diocesana-bari-bitonto","tag-commento-al-vangelo","tag-commento-al-vangelo-domenicale"],"gutentor_comment":0,"yoast_head":"<!-- This site is optimized with the Yoast SEO plugin v26.8 - https:\/\/yoast.com\/product\/yoast-seo-wordpress\/ -->\r\n<title>Per un giorno migliore -15 novembre 2009 \u2013 XXXIII Domenica T.O. - Caritas Diocesana Bari-Bitonto<\/title>\r\n<meta name=\"robots\" content=\"index, follow, max-snippet:-1, max-image-preview:large, max-video-preview:-1\" \/>\r\n<link rel=\"canonical\" href=\"https:\/\/www.caritasbaribitonto.it\/public\/home\/2009\/11\/per-un-giorno-migliore-15-novembre-2009-xxiii-domenica-t-o\/\" \/>\r\n<meta property=\"og:locale\" content=\"it_IT\" \/>\r\n<meta property=\"og:type\" content=\"article\" \/>\r\n<meta property=\"og:title\" content=\"Per un giorno migliore -15 novembre 2009 \u2013 XXXIII Domenica T.O. - Caritas Diocesana Bari-Bitonto\" \/>\r\n<meta property=\"og:description\" content=\"Dal vangelo secondo Marco (Mc 12, 38-44) In quel tempo, Ges\u00f9 disse ai suoi discepoli: \u00abIn quei giorni, dopo quella [&hellip;]\" \/>\r\n<meta property=\"og:url\" content=\"https:\/\/www.caritasbaribitonto.it\/public\/home\/2009\/11\/per-un-giorno-migliore-15-novembre-2009-xxiii-domenica-t-o\/\" \/>\r\n<meta property=\"og:site_name\" content=\"Caritas Diocesana Bari-Bitonto\" \/>\r\n<meta property=\"article:publisher\" content=\"https:\/\/www.facebook.com\/pages\/Caritas-Diocesana-Bari-Bitonto\/533981476753770\" \/>\r\n<meta property=\"article:published_time\" content=\"2009-11-14T09:17:09+00:00\" \/>\r\n<meta property=\"article:modified_time\" content=\"2009-11-21T15:38:56+00:00\" \/>\r\n<meta property=\"og:image\" content=\"http:\/\/www.qumran2.net\/disegni\/archivio\/1075.gif\" \/>\r\n<meta name=\"author\" content=\"Giovanni Caputo\" \/>\r\n<meta name=\"twitter:card\" content=\"summary_large_image\" \/>\r\n<meta name=\"twitter:label1\" content=\"Scritto da\" \/>\n\t<meta name=\"twitter:data1\" content=\"Giovanni Caputo\" \/>\n\t<meta name=\"twitter:label2\" content=\"Tempo di lettura stimato\" \/>\n\t<meta name=\"twitter:data2\" content=\"3 minuti\" \/>\r\n<script type=\"application\/ld+json\" class=\"yoast-schema-graph\">{\"@context\":\"https:\/\/schema.org\",\"@graph\":[{\"@type\":\"Article\",\"@id\":\"https:\/\/www.caritasbaribitonto.it\/public\/home\/2009\/11\/per-un-giorno-migliore-15-novembre-2009-xxiii-domenica-t-o\/#article\",\"isPartOf\":{\"@id\":\"https:\/\/www.caritasbaribitonto.it\/public\/home\/2009\/11\/per-un-giorno-migliore-15-novembre-2009-xxiii-domenica-t-o\/\"},\"author\":{\"name\":\"Giovanni Caputo\",\"@id\":\"https:\/\/www.caritasbaribitonto.it\/public\/home\/#\/schema\/person\/06b333402b70fdadb662b68974e8c97a\"},\"headline\":\"Per un giorno migliore -15 novembre 2009 \u2013 XXXIII Domenica T.O.\",\"datePublished\":\"2009-11-14T09:17:09+00:00\",\"dateModified\":\"2009-11-21T15:38:56+00:00\",\"mainEntityOfPage\":{\"@id\":\"https:\/\/www.caritasbaribitonto.it\/public\/home\/2009\/11\/per-un-giorno-migliore-15-novembre-2009-xxiii-domenica-t-o\/\"},\"wordCount\":636,\"publisher\":{\"@id\":\"https:\/\/www.caritasbaribitonto.it\/public\/home\/#organization\"},\"image\":{\"@id\":\"https:\/\/www.caritasbaribitonto.it\/public\/home\/2009\/11\/per-un-giorno-migliore-15-novembre-2009-xxiii-domenica-t-o\/#primaryimage\"},\"thumbnailUrl\":\"http:\/\/www.qumran2.net\/disegni\/archivio\/1075.gif\",\"keywords\":[\"Antonio Ruccia\",\"caritas diocesana bari-bitonto\",\"commento al vangelo\",\"commento al vangelo domenicale\"],\"articleSection\":[\"Commenti Vangelo\"],\"inLanguage\":\"it-IT\"},{\"@type\":\"WebPage\",\"@id\":\"https:\/\/www.caritasbaribitonto.it\/public\/home\/2009\/11\/per-un-giorno-migliore-15-novembre-2009-xxiii-domenica-t-o\/\",\"url\":\"https:\/\/www.caritasbaribitonto.it\/public\/home\/2009\/11\/per-un-giorno-migliore-15-novembre-2009-xxiii-domenica-t-o\/\",\"name\":\"Per un giorno migliore -15 novembre 2009 \u2013 XXXIII Domenica T.O. - Caritas Diocesana Bari-Bitonto\",\"isPartOf\":{\"@id\":\"https:\/\/www.caritasbaribitonto.it\/public\/home\/#website\"},\"primaryImageOfPage\":{\"@id\":\"https:\/\/www.caritasbaribitonto.it\/public\/home\/2009\/11\/per-un-giorno-migliore-15-novembre-2009-xxiii-domenica-t-o\/#primaryimage\"},\"image\":{\"@id\":\"https:\/\/www.caritasbaribitonto.it\/public\/home\/2009\/11\/per-un-giorno-migliore-15-novembre-2009-xxiii-domenica-t-o\/#primaryimage\"},\"thumbnailUrl\":\"http:\/\/www.qumran2.net\/disegni\/archivio\/1075.gif\",\"datePublished\":\"2009-11-14T09:17:09+00:00\",\"dateModified\":\"2009-11-21T15:38:56+00:00\",\"breadcrumb\":{\"@id\":\"https:\/\/www.caritasbaribitonto.it\/public\/home\/2009\/11\/per-un-giorno-migliore-15-novembre-2009-xxiii-domenica-t-o\/#breadcrumb\"},\"inLanguage\":\"it-IT\",\"potentialAction\":[{\"@type\":\"ReadAction\",\"target\":[\"https:\/\/www.caritasbaribitonto.it\/public\/home\/2009\/11\/per-un-giorno-migliore-15-novembre-2009-xxiii-domenica-t-o\/\"]}]},{\"@type\":\"ImageObject\",\"inLanguage\":\"it-IT\",\"@id\":\"https:\/\/www.caritasbaribitonto.it\/public\/home\/2009\/11\/per-un-giorno-migliore-15-novembre-2009-xxiii-domenica-t-o\/#primaryimage\",\"url\":\"http:\/\/www.qumran2.net\/disegni\/archivio\/1075.gif\",\"contentUrl\":\"http:\/\/www.qumran2.net\/disegni\/archivio\/1075.gif\"},{\"@type\":\"BreadcrumbList\",\"@id\":\"https:\/\/www.caritasbaribitonto.it\/public\/home\/2009\/11\/per-un-giorno-migliore-15-novembre-2009-xxiii-domenica-t-o\/#breadcrumb\",\"itemListElement\":[{\"@type\":\"ListItem\",\"position\":1,\"name\":\"Home\",\"item\":\"https:\/\/www.caritasbaribitonto.it\/public\/home\/\"},{\"@type\":\"ListItem\",\"position\":2,\"name\":\"Per un giorno migliore -15 novembre 2009 \u2013 XXXIII Domenica T.O.\"}]},{\"@type\":\"WebSite\",\"@id\":\"https:\/\/www.caritasbaribitonto.it\/public\/home\/#website\",\"url\":\"https:\/\/www.caritasbaribitonto.it\/public\/home\/\",\"name\":\"Caritas Diocesana Bari-Bitonto\",\"description\":\"I santi della porta accanto\",\"publisher\":{\"@id\":\"https:\/\/www.caritasbaribitonto.it\/public\/home\/#organization\"},\"potentialAction\":[{\"@type\":\"SearchAction\",\"target\":{\"@type\":\"EntryPoint\",\"urlTemplate\":\"https:\/\/www.caritasbaribitonto.it\/public\/home\/?s={search_term_string}\"},\"query-input\":{\"@type\":\"PropertyValueSpecification\",\"valueRequired\":true,\"valueName\":\"search_term_string\"}}],\"inLanguage\":\"it-IT\"},{\"@type\":\"Organization\",\"@id\":\"https:\/\/www.caritasbaribitonto.it\/public\/home\/#organization\",\"name\":\"Caritas Diocesana Bari-Bitonto\",\"url\":\"https:\/\/www.caritasbaribitonto.it\/public\/home\/\",\"logo\":{\"@type\":\"ImageObject\",\"inLanguage\":\"it-IT\",\"@id\":\"https:\/\/www.caritasbaribitonto.it\/public\/home\/#\/schema\/logo\/image\/\",\"url\":\"https:\/\/www.caritasbaribitonto.it\/public\/home\/img\/uploads\/2025\/02\/cropped-cropped-caritas2025_350x112.png\",\"contentUrl\":\"https:\/\/www.caritasbaribitonto.it\/public\/home\/img\/uploads\/2025\/02\/cropped-cropped-caritas2025_350x112.png\",\"width\":350,\"height\":112,\"caption\":\"Caritas Diocesana Bari-Bitonto\"},\"image\":{\"@id\":\"https:\/\/www.caritasbaribitonto.it\/public\/home\/#\/schema\/logo\/image\/\"},\"sameAs\":[\"https:\/\/www.facebook.com\/pages\/Caritas-Diocesana-Bari-Bitonto\/533981476753770\"]},{\"@type\":\"Person\",\"@id\":\"https:\/\/www.caritasbaribitonto.it\/public\/home\/#\/schema\/person\/06b333402b70fdadb662b68974e8c97a\",\"name\":\"Giovanni Caputo\",\"image\":{\"@type\":\"ImageObject\",\"inLanguage\":\"it-IT\",\"@id\":\"https:\/\/www.caritasbaribitonto.it\/public\/home\/#\/schema\/person\/image\/\",\"url\":\"https:\/\/secure.gravatar.com\/avatar\/6c7e9d4e1e2394bfa4e38377bd0b5e03cbf0c79e27918e6497d3f408f89d0d3b?s=96&d=identicon&r=g\",\"contentUrl\":\"https:\/\/secure.gravatar.com\/avatar\/6c7e9d4e1e2394bfa4e38377bd0b5e03cbf0c79e27918e6497d3f408f89d0d3b?s=96&d=identicon&r=g\",\"caption\":\"Giovanni Caputo\"},\"url\":\"https:\/\/www.caritasbaribitonto.it\/public\/home\/author\/admin\/\"}]}<\/script>\r\n<!-- \/ Yoast SEO plugin. -->","yoast_head_json":{"title":"Per un giorno migliore -15 novembre 2009 \u2013 XXXIII Domenica T.O. - Caritas Diocesana Bari-Bitonto","robots":{"index":"index","follow":"follow","max-snippet":"max-snippet:-1","max-image-preview":"max-image-preview:large","max-video-preview":"max-video-preview:-1"},"canonical":"https:\/\/www.caritasbaribitonto.it\/public\/home\/2009\/11\/per-un-giorno-migliore-15-novembre-2009-xxiii-domenica-t-o\/","og_locale":"it_IT","og_type":"article","og_title":"Per un giorno migliore -15 novembre 2009 \u2013 XXXIII Domenica T.O. - Caritas Diocesana Bari-Bitonto","og_description":"Dal vangelo secondo Marco (Mc 12, 38-44) In quel tempo, Ges\u00f9 disse ai suoi discepoli: \u00abIn quei giorni, dopo quella [&hellip;]","og_url":"https:\/\/www.caritasbaribitonto.it\/public\/home\/2009\/11\/per-un-giorno-migliore-15-novembre-2009-xxiii-domenica-t-o\/","og_site_name":"Caritas Diocesana Bari-Bitonto","article_publisher":"https:\/\/www.facebook.com\/pages\/Caritas-Diocesana-Bari-Bitonto\/533981476753770","article_published_time":"2009-11-14T09:17:09+00:00","article_modified_time":"2009-11-21T15:38:56+00:00","og_image":[{"url":"http:\/\/www.qumran2.net\/disegni\/archivio\/1075.gif","type":"","width":"","height":""}],"author":"Giovanni Caputo","twitter_card":"summary_large_image","twitter_misc":{"Scritto da":"Giovanni Caputo","Tempo di lettura stimato":"3 minuti"},"schema":{"@context":"https:\/\/schema.org","@graph":[{"@type":"Article","@id":"https:\/\/www.caritasbaribitonto.it\/public\/home\/2009\/11\/per-un-giorno-migliore-15-novembre-2009-xxiii-domenica-t-o\/#article","isPartOf":{"@id":"https:\/\/www.caritasbaribitonto.it\/public\/home\/2009\/11\/per-un-giorno-migliore-15-novembre-2009-xxiii-domenica-t-o\/"},"author":{"name":"Giovanni Caputo","@id":"https:\/\/www.caritasbaribitonto.it\/public\/home\/#\/schema\/person\/06b333402b70fdadb662b68974e8c97a"},"headline":"Per un giorno migliore -15 novembre 2009 \u2013 XXXIII Domenica T.O.","datePublished":"2009-11-14T09:17:09+00:00","dateModified":"2009-11-21T15:38:56+00:00","mainEntityOfPage":{"@id":"https:\/\/www.caritasbaribitonto.it\/public\/home\/2009\/11\/per-un-giorno-migliore-15-novembre-2009-xxiii-domenica-t-o\/"},"wordCount":636,"publisher":{"@id":"https:\/\/www.caritasbaribitonto.it\/public\/home\/#organization"},"image":{"@id":"https:\/\/www.caritasbaribitonto.it\/public\/home\/2009\/11\/per-un-giorno-migliore-15-novembre-2009-xxiii-domenica-t-o\/#primaryimage"},"thumbnailUrl":"http:\/\/www.qumran2.net\/disegni\/archivio\/1075.gif","keywords":["Antonio Ruccia","caritas diocesana bari-bitonto","commento al vangelo","commento al vangelo domenicale"],"articleSection":["Commenti Vangelo"],"inLanguage":"it-IT"},{"@type":"WebPage","@id":"https:\/\/www.caritasbaribitonto.it\/public\/home\/2009\/11\/per-un-giorno-migliore-15-novembre-2009-xxiii-domenica-t-o\/","url":"https:\/\/www.caritasbaribitonto.it\/public\/home\/2009\/11\/per-un-giorno-migliore-15-novembre-2009-xxiii-domenica-t-o\/","name":"Per un giorno migliore -15 novembre 2009 \u2013 XXXIII Domenica T.O. - Caritas Diocesana Bari-Bitonto","isPartOf":{"@id":"https:\/\/www.caritasbaribitonto.it\/public\/home\/#website"},"primaryImageOfPage":{"@id":"https:\/\/www.caritasbaribitonto.it\/public\/home\/2009\/11\/per-un-giorno-migliore-15-novembre-2009-xxiii-domenica-t-o\/#primaryimage"},"image":{"@id":"https:\/\/www.caritasbaribitonto.it\/public\/home\/2009\/11\/per-un-giorno-migliore-15-novembre-2009-xxiii-domenica-t-o\/#primaryimage"},"thumbnailUrl":"http:\/\/www.qumran2.net\/disegni\/archivio\/1075.gif","datePublished":"2009-11-14T09:17:09+00:00","dateModified":"2009-11-21T15:38:56+00:00","breadcrumb":{"@id":"https:\/\/www.caritasbaribitonto.it\/public\/home\/2009\/11\/per-un-giorno-migliore-15-novembre-2009-xxiii-domenica-t-o\/#breadcrumb"},"inLanguage":"it-IT","potentialAction":[{"@type":"ReadAction","target":["https:\/\/www.caritasbaribitonto.it\/public\/home\/2009\/11\/per-un-giorno-migliore-15-novembre-2009-xxiii-domenica-t-o\/"]}]},{"@type":"ImageObject","inLanguage":"it-IT","@id":"https:\/\/www.caritasbaribitonto.it\/public\/home\/2009\/11\/per-un-giorno-migliore-15-novembre-2009-xxiii-domenica-t-o\/#primaryimage","url":"http:\/\/www.qumran2.net\/disegni\/archivio\/1075.gif","contentUrl":"http:\/\/www.qumran2.net\/disegni\/archivio\/1075.gif"},{"@type":"BreadcrumbList","@id":"https:\/\/www.caritasbaribitonto.it\/public\/home\/2009\/11\/per-un-giorno-migliore-15-novembre-2009-xxiii-domenica-t-o\/#breadcrumb","itemListElement":[{"@type":"ListItem","position":1,"name":"Home","item":"https:\/\/www.caritasbaribitonto.it\/public\/home\/"},{"@type":"ListItem","position":2,"name":"Per un giorno migliore -15 novembre 2009 \u2013 XXXIII Domenica T.O."}]},{"@type":"WebSite","@id":"https:\/\/www.caritasbaribitonto.it\/public\/home\/#website","url":"https:\/\/www.caritasbaribitonto.it\/public\/home\/","name":"Caritas Diocesana Bari-Bitonto","description":"I santi della porta accanto","publisher":{"@id":"https:\/\/www.caritasbaribitonto.it\/public\/home\/#organization"},"potentialAction":[{"@type":"SearchAction","target":{"@type":"EntryPoint","urlTemplate":"https:\/\/www.caritasbaribitonto.it\/public\/home\/?s={search_term_string}"},"query-input":{"@type":"PropertyValueSpecification","valueRequired":true,"valueName":"search_term_string"}}],"inLanguage":"it-IT"},{"@type":"Organization","@id":"https:\/\/www.caritasbaribitonto.it\/public\/home\/#organization","name":"Caritas Diocesana Bari-Bitonto","url":"https:\/\/www.caritasbaribitonto.it\/public\/home\/","logo":{"@type":"ImageObject","inLanguage":"it-IT","@id":"https:\/\/www.caritasbaribitonto.it\/public\/home\/#\/schema\/logo\/image\/","url":"https:\/\/www.caritasbaribitonto.it\/public\/home\/img\/uploads\/2025\/02\/cropped-cropped-caritas2025_350x112.png","contentUrl":"https:\/\/www.caritasbaribitonto.it\/public\/home\/img\/uploads\/2025\/02\/cropped-cropped-caritas2025_350x112.png","width":350,"height":112,"caption":"Caritas Diocesana Bari-Bitonto"},"image":{"@id":"https:\/\/www.caritasbaribitonto.it\/public\/home\/#\/schema\/logo\/image\/"},"sameAs":["https:\/\/www.facebook.com\/pages\/Caritas-Diocesana-Bari-Bitonto\/533981476753770"]},{"@type":"Person","@id":"https:\/\/www.caritasbaribitonto.it\/public\/home\/#\/schema\/person\/06b333402b70fdadb662b68974e8c97a","name":"Giovanni Caputo","image":{"@type":"ImageObject","inLanguage":"it-IT","@id":"https:\/\/www.caritasbaribitonto.it\/public\/home\/#\/schema\/person\/image\/","url":"https:\/\/secure.gravatar.com\/avatar\/6c7e9d4e1e2394bfa4e38377bd0b5e03cbf0c79e27918e6497d3f408f89d0d3b?s=96&d=identicon&r=g","contentUrl":"https:\/\/secure.gravatar.com\/avatar\/6c7e9d4e1e2394bfa4e38377bd0b5e03cbf0c79e27918e6497d3f408f89d0d3b?s=96&d=identicon&r=g","caption":"Giovanni Caputo"},"url":"https:\/\/www.caritasbaribitonto.it\/public\/home\/author\/admin\/"}]}},"jetpack_featured_media_url":"","uagb_featured_image_src":{"full":false,"thumbnail":false,"medium":false,"medium_large":false,"large":false,"1536x1536":false,"2048x2048":false},"uagb_author_info":{"display_name":"Giovanni Caputo","author_link":"https:\/\/www.caritasbaribitonto.it\/public\/home\/author\/admin\/"},"uagb_comment_info":0,"uagb_excerpt":"Dal vangelo secondo Marco (Mc 12, 38-44) In quel tempo, Ges\u00f9 disse ai suoi discepoli: \u00abIn quei giorni, dopo quella [&hellip;]","_links":{"self":[{"href":"https:\/\/www.caritasbaribitonto.it\/public\/home\/wp-json\/wp\/v2\/posts\/464","targetHints":{"allow":["GET"]}}],"collection":[{"href":"https:\/\/www.caritasbaribitonto.it\/public\/home\/wp-json\/wp\/v2\/posts"}],"about":[{"href":"https:\/\/www.caritasbaribitonto.it\/public\/home\/wp-json\/wp\/v2\/types\/post"}],"author":[{"embeddable":true,"href":"https:\/\/www.caritasbaribitonto.it\/public\/home\/wp-json\/wp\/v2\/users\/1"}],"replies":[{"embeddable":true,"href":"https:\/\/www.caritasbaribitonto.it\/public\/home\/wp-json\/wp\/v2\/comments?post=464"}],"version-history":[{"count":0,"href":"https:\/\/www.caritasbaribitonto.it\/public\/home\/wp-json\/wp\/v2\/posts\/464\/revisions"}],"wp:attachment":[{"href":"https:\/\/www.caritasbaribitonto.it\/public\/home\/wp-json\/wp\/v2\/media?parent=464"}],"wp:term":[{"taxonomy":"category","embeddable":true,"href":"https:\/\/www.caritasbaribitonto.it\/public\/home\/wp-json\/wp\/v2\/categories?post=464"},{"taxonomy":"post_tag","embeddable":true,"href":"https:\/\/www.caritasbaribitonto.it\/public\/home\/wp-json\/wp\/v2\/tags?post=464"}],"curies":[{"name":"wp","href":"https:\/\/api.w.org\/{rel}","templated":true}]}}