{"id":4471,"date":"2016-11-16T20:40:54","date_gmt":"2016-11-16T19:40:54","guid":{"rendered":"http:\/\/www.caritasbaribitonto.it\/public\/home\/?p=4471"},"modified":"2017-02-23T22:13:32","modified_gmt":"2017-02-23T21:13:32","slug":"avvento-fraternita-2016-famiglieaccoglienti","status":"publish","type":"post","link":"https:\/\/www.caritasbaribitonto.it\/public\/home\/2016\/11\/avvento-fraternita-2016-famiglieaccoglienti\/","title":{"rendered":"Avvento di Fraternit\u00e0 2016 Famiglie+accoglienti"},"content":{"rendered":"<h2 style=\"text-align: center;\"><strong>Avvento di fraternit<\/strong><strong>\u00e0<\/strong><strong> 2016<\/strong><\/h2>\n<h3 style=\"text-align: center;\"><em> Famiglie+Accoglienti<\/em><\/h3>\n<p><a href=\"http:\/\/www.caritasbaribitonto.it\/public\/home\/img\/uploads\/2016\/11\/famiglieaccoglienti-e1479147017965.jpg\"><img loading=\"lazy\" decoding=\"async\" class=\"size-medium wp-image-4476 alignright\" src=\"http:\/\/www.caritasbaribitonto.it\/public\/home\/img\/uploads\/2016\/11\/famiglieaccoglienti-212x300.jpg\" alt=\"famiglieaccoglienti\" height=\"300\" width=\"212\"><\/a>\u201cIl giubileo della Misericordia sta per concludersi, ma non si esaurisce il nostro impegno e la nostra responsabilit\u00e0 per essere testimoni della Misericordia di Dio. L\u2019attenzione verso la famiglia dovr\u00e0 esserne segno eloquente.\u201d<\/p>\n<p>Nel solco tracciato dal Santo Padre con l\u2019<strong><em>Amoris Laetitia<\/em><\/strong>, il nostro Arcivescovo ci indica la via da percorrere in questo anno pastorale . Iniziamo questo Avvento, tempo forte dell\u2019Anno liturgico, tempo dell\u2019attesa , tempo del desiderio, chiedendo l\u2019intercessione della Santa Famiglia di Ges\u00f9, Giuseppe e Maria.<\/p>\n<p>Come Caritas diocesana, in collaborazione con l\u2019Ufficio di Pastorale familiare, vi offriamo alcune semplici proposte che ci aiutino a camminare insieme.<\/p>\n<ol>\n<li>La prima proposta \u00e8 legata all\u2019ascolto del Magistero: vi invitiamo a fermarvi sull\u2019Amoris Laetitia, in particolare il V capitolo, in cui papa Francesco ci aiuta ad entrare nello splendido Inno alla Carit\u00e0 che ritroviamo nella Lettera ai Corinzi di San Paolo apostolo, dal punto di vista dell\u2019amore coniugale. E\u2019 una bellissima occasione per potersi ritrovare insieme come comunit\u00e0 parrocchiale in questo tempo d\u2019Avvento e riflettere sulla Carit\u00e0 vissuta a partire dal dono dell\u2019amore familiare.<\/li>\n<li>Forti dell\u2019esperienza che in varie Caritas Diocesane si sta vivendo, vi suggeriamo il progetto Famiglie accoglienti. L\u2019obiettivo di questa esperienza \u00e8 quello di sensibilizzarsi come comunit\u00e0 parrocchiale ad avere particolare attenzione verso le famiglie, specie verso quelle pi\u00f9 in difficolt\u00e0. L \u2018attenzione cui facciamo riferimento non \u00e8 solo di ordine economico\/materiale, ma si tratta di scorgere le criticit\u00e0 in cui versano, offrendo un accompagnamento che tenga conto di diversi aspetti, a partire dalle risorse che esse presentano in un\u2019ottica promozionale pi\u00f9 che assistenziale.\n<ul>\n<li>Da subito, si potranno invitare tutte le famiglie della comunit\u00e0 a vivere una particolare prossimit\u00e0 verso un\u2019altra famiglia, italiana e\/o straniera , che viva nel condominio o nel vicinato; conosciuta attraverso le esperienze scolastiche o amicali dei propri figli, individuata tra i colleghi di lavoro, avendo un\u2019attenzione particolare alle ferite provocate da un lutto,dalla solitudine, dalla mancanza del lavoro, da separazioni coniugali.<\/li>\n<li>Favoriamo inoltre la possibilit\u00e0 di vivere l\u2019esperienza suindicata in maniera pi\u00f9 strutturata, individuando sul territorio, di concerto con il parroco e con il centro d\u2019Ascolto, due o tre famiglie che necessitano di un periodo di affiancamento, per poter riprendere in autonomia il loro cammino. Le famiglie vanno scelte sulla base di un effettivo bisogno. Queste famiglie saranno affiancate dall\u2018intera comunit\u00e0, attraverso l\u2019opera di due o tre corrispondenti famiglie (che chiameremo tutor). Le famiglie tutor possono essere appartenenti ad un gruppo famiglie della parrocchia, ad un gruppo di adulti della comunit\u00e0, ecc. Non si tratta di prendersi cura dei bambini o di sostenerli economicamente, ma di condividerne momenti ed esperienze, di orientare nella gestione delle specifiche complessit\u00e0, di sostenere in eventuali momenti di crisi, in semplicit\u00e0 e nell\u2019ascolto reciproco. Il Progetto non si esaurir\u00e0 ovviamente nel tempo dell\u2019Avvento, ma inizier\u00e0 in esso,attraverso l \u2018individuazione delle famiglie tutor e di quelle da affiancare. Le famiglie tutor parteciperanno a due incontri formativi,(\u2026\u2026\u2026), realizzati con l\u2019Ufficio di Pastorale Familiare, per darsi delle linee comuni per l\u2019accompagnamento di queste famiglie. Sar\u00e0 compito del parroco comunicare a Caritas diocesana i nominativi delle famiglie affiancanti individuate entro e non oltre il 7 gennaio, all\u2019indirizzo <strong><a href=\"mailto:cda@caritasbaribitonto.it\">cda@caritasbaribitonto.it<\/a>. <\/strong><\/li>\n<li>Infine, con la stessa attenzione, suggeriamo alle famiglie di invitare nella propria casa, per il pranzo di Natale, una famiglia in difficolt\u00e0, secondo le proprie possibilit\u00e0, aiutando soprattutto i figli a cogliere il valore di questi gesti di accoglienza con semplicit\u00e0 e letizia<\/li>\n<\/ul>\n<\/li>\n<li>Come da tradizione, nell<strong>a III domenica di Avvento <\/strong>(dunque il prossimo 11 dicembre) si celebrer\u00e0<strong> l\u2019Avvento di Fraternit\u00e0<\/strong>: quest\u2019anno, quanto sar\u00e0 raccolto in tutte le Celebrazioni Eucaristiche nelle chiese della nostra Diocesi, sar\u00e0 devoluto, su indicazione dell\u2019Arcivescovo, per le varie necessit\u00e0 della Caritas Diocesana (Dormitorio, Centro d\u2019Ascolto, OSA, ecc. )<\/li>\n<\/ol>\n<p>Quanto raccolto potr\u00e0 essere inviato nei seguenti modi:<\/p>\n<ul>\n<li>in Curia presso l\u2019 Economato diocesano;<\/li>\n<li>tramite bonifico: IBAN IT40Z0311104007000000007986 Arcidiocesi Bari-Bitonto\/Caritas diocesana \u2013 Causale: Avvento di fraternit\u00e0 2016<\/li>\n<li>tramite ccp: 000011938701 Arcidiocesi Bari-Bitonto\/Caritas diocesana \u2013 Causale: Avvento di fraternit\u00e0 2016<\/li>\n<\/ul>\n<p>Restando disponibili per ogni eventualit\u00e0, vi salutiamo fraternamente.<\/p>\n<p style=\"text-align: right;\">don Vito , sr.Mariarosaria<\/p>\n<p style=\"text-align: right;\">e l\u2019equipe della Caritas diocesana<\/p>\n","protected":false},"excerpt":{"rendered":"<p>Avvento di fraternit\u00e0 2016 Famiglie+Accoglienti \u201cIl giubileo della Misericordia sta per concludersi, ma non si esaurisce il nostro impegno e [&hellip;]<\/p>\n","protected":false},"author":1,"featured_media":4479,"comment_status":"closed","ping_status":"open","sticky":false,"template":"","format":"standard","meta":{"_uag_custom_page_level_css":"","site-sidebar-layout":"default","site-content-layout":"","ast-site-content-layout":"default","site-content-style":"default","site-sidebar-style":"default","ast-global-header-display":"","ast-banner-title-visibility":"","ast-main-header-display":"","ast-hfb-above-header-display":"","ast-hfb-below-header-display":"","ast-hfb-mobile-header-display":"","site-post-title":"","ast-breadcrumbs-content":"","ast-featured-img":"","footer-sml-layout":"","theme-transparent-header-meta":"","adv-header-id-meta":"","stick-header-meta":"","header-above-stick-meta":"","header-main-stick-meta":"","header-below-stick-meta":"","astra-migrate-meta-layouts":"default","ast-page-background-enabled":"default","ast-page-background-meta":{"desktop":{"background-color":"var(--ast-global-color-5)","background-image":"","background-repeat":"repeat","background-position":"center center","background-size":"auto","background-attachment":"scroll","background-type":"","background-media":"","overlay-type":"","overlay-color":"","overlay-opacity":"","overlay-gradient":""},"tablet":{"background-color":"","background-image":"","background-repeat":"repeat","background-position":"center center","background-size":"auto","background-attachment":"scroll","background-type":"","background-media":"","overlay-type":"","overlay-color":"","overlay-opacity":"","overlay-gradient":""},"mobile":{"background-color":"","background-image":"","background-repeat":"repeat","background-position":"center center","background-size":"auto","background-attachment":"scroll","background-type":"","background-media":"","overlay-type":"","overlay-color":"","overlay-opacity":"","overlay-gradient":""}},"ast-content-background-meta":{"desktop":{"background-color":"var(--ast-global-color-4)","background-image":"","background-repeat":"repeat","background-position":"center center","background-size":"auto","background-attachment":"scroll","background-type":"","background-media":"","overlay-type":"","overlay-color":"","overlay-opacity":"","overlay-gradient":""},"tablet":{"background-color":"var(--ast-global-color-4)","background-image":"","background-repeat":"repeat","background-position":"center center","background-size":"auto","background-attachment":"scroll","background-type":"","background-media":"","overlay-type":"","overlay-color":"","overlay-opacity":"","overlay-gradient":""},"mobile":{"background-color":"var(--ast-global-color-4)","background-image":"","background-repeat":"repeat","background-position":"center center","background-size":"auto","background-attachment":"scroll","background-type":"","background-media":"","overlay-type":"","overlay-color":"","overlay-opacity":"","overlay-gradient":""}},"footnotes":""},"categories":[1,214],"tags":[181,310,7],"class_list":["post-4471","post","type-post","status-publish","format-standard","has-post-thumbnail","hentry","category-generale","category-iniziative","tag-avvento","tag-avvento-di-fraternita","tag-caritas"],"gutentor_comment":0,"yoast_head":"<!-- This site is optimized with the Yoast SEO plugin v26.8 - https:\/\/yoast.com\/product\/yoast-seo-wordpress\/ -->\r\n<title>Avvento di Fraternit\u00e0 2016 Famiglie+accoglienti - Caritas Diocesana Bari-Bitonto<\/title>\r\n<meta name=\"robots\" content=\"index, follow, max-snippet:-1, max-image-preview:large, max-video-preview:-1\" \/>\r\n<link rel=\"canonical\" href=\"https:\/\/www.caritasbaribitonto.it\/public\/home\/2016\/11\/avvento-fraternita-2016-famiglieaccoglienti\/\" \/>\r\n<meta property=\"og:locale\" content=\"it_IT\" \/>\r\n<meta property=\"og:type\" content=\"article\" \/>\r\n<meta property=\"og:title\" content=\"Avvento di Fraternit\u00e0 2016 Famiglie+accoglienti - Caritas Diocesana Bari-Bitonto\" \/>\r\n<meta property=\"og:description\" content=\"Avvento di fraternit\u00e0 2016 Famiglie+Accoglienti \u201cIl giubileo della Misericordia sta per concludersi, ma non si esaurisce il nostro impegno e [&hellip;]\" \/>\r\n<meta property=\"og:url\" content=\"https:\/\/www.caritasbaribitonto.it\/public\/home\/2016\/11\/avvento-fraternita-2016-famiglieaccoglienti\/\" \/>\r\n<meta property=\"og:site_name\" content=\"Caritas Diocesana Bari-Bitonto\" \/>\r\n<meta property=\"article:publisher\" content=\"https:\/\/www.facebook.com\/pages\/Caritas-Diocesana-Bari-Bitonto\/533981476753770\" \/>\r\n<meta property=\"article:published_time\" content=\"2016-11-16T19:40:54+00:00\" \/>\r\n<meta property=\"article:modified_time\" content=\"2017-02-23T21:13:32+00:00\" \/>\r\n<meta property=\"og:image\" content=\"https:\/\/www.caritasbaribitonto.it\/public\/home\/img\/uploads\/2016\/11\/famiglieaccoglienti-1-e1479147452443.jpg\" \/>\r\n\t<meta property=\"og:image:width\" content=\"768\" \/>\r\n\t<meta property=\"og:image:height\" content=\"380\" \/>\r\n\t<meta property=\"og:image:type\" content=\"image\/jpeg\" \/>\r\n<meta name=\"author\" content=\"Giovanni Caputo\" \/>\r\n<meta name=\"twitter:card\" content=\"summary_large_image\" \/>\r\n<meta name=\"twitter:label1\" content=\"Scritto da\" \/>\n\t<meta name=\"twitter:data1\" content=\"Giovanni Caputo\" \/>\n\t<meta name=\"twitter:label2\" content=\"Tempo di lettura stimato\" \/>\n\t<meta name=\"twitter:data2\" content=\"3 minuti\" \/>\r\n<script type=\"application\/ld+json\" class=\"yoast-schema-graph\">{\"@context\":\"https:\/\/schema.org\",\"@graph\":[{\"@type\":\"Article\",\"@id\":\"https:\/\/www.caritasbaribitonto.it\/public\/home\/2016\/11\/avvento-fraternita-2016-famiglieaccoglienti\/#article\",\"isPartOf\":{\"@id\":\"https:\/\/www.caritasbaribitonto.it\/public\/home\/2016\/11\/avvento-fraternita-2016-famiglieaccoglienti\/\"},\"author\":{\"name\":\"Giovanni Caputo\",\"@id\":\"https:\/\/www.caritasbaribitonto.it\/public\/home\/#\/schema\/person\/06b333402b70fdadb662b68974e8c97a\"},\"headline\":\"Avvento di Fraternit\u00e0 2016 Famiglie+accoglienti\",\"datePublished\":\"2016-11-16T19:40:54+00:00\",\"dateModified\":\"2017-02-23T21:13:32+00:00\",\"mainEntityOfPage\":{\"@id\":\"https:\/\/www.caritasbaribitonto.it\/public\/home\/2016\/11\/avvento-fraternita-2016-famiglieaccoglienti\/\"},\"wordCount\":701,\"publisher\":{\"@id\":\"https:\/\/www.caritasbaribitonto.it\/public\/home\/#organization\"},\"image\":{\"@id\":\"https:\/\/www.caritasbaribitonto.it\/public\/home\/2016\/11\/avvento-fraternita-2016-famiglieaccoglienti\/#primaryimage\"},\"thumbnailUrl\":\"https:\/\/www.caritasbaribitonto.it\/public\/home\/img\/uploads\/2016\/11\/famiglieaccoglienti-1-e1479147452443.jpg\",\"keywords\":[\"Avvento\",\"avvento di fraternita\",\"caritas\"],\"articleSection\":[\"Generale\",\"Iniziative\"],\"inLanguage\":\"it-IT\"},{\"@type\":\"WebPage\",\"@id\":\"https:\/\/www.caritasbaribitonto.it\/public\/home\/2016\/11\/avvento-fraternita-2016-famiglieaccoglienti\/\",\"url\":\"https:\/\/www.caritasbaribitonto.it\/public\/home\/2016\/11\/avvento-fraternita-2016-famiglieaccoglienti\/\",\"name\":\"Avvento di Fraternit\u00e0 2016 Famiglie+accoglienti - Caritas Diocesana Bari-Bitonto\",\"isPartOf\":{\"@id\":\"https:\/\/www.caritasbaribitonto.it\/public\/home\/#website\"},\"primaryImageOfPage\":{\"@id\":\"https:\/\/www.caritasbaribitonto.it\/public\/home\/2016\/11\/avvento-fraternita-2016-famiglieaccoglienti\/#primaryimage\"},\"image\":{\"@id\":\"https:\/\/www.caritasbaribitonto.it\/public\/home\/2016\/11\/avvento-fraternita-2016-famiglieaccoglienti\/#primaryimage\"},\"thumbnailUrl\":\"https:\/\/www.caritasbaribitonto.it\/public\/home\/img\/uploads\/2016\/11\/famiglieaccoglienti-1-e1479147452443.jpg\",\"datePublished\":\"2016-11-16T19:40:54+00:00\",\"dateModified\":\"2017-02-23T21:13:32+00:00\",\"breadcrumb\":{\"@id\":\"https:\/\/www.caritasbaribitonto.it\/public\/home\/2016\/11\/avvento-fraternita-2016-famiglieaccoglienti\/#breadcrumb\"},\"inLanguage\":\"it-IT\",\"potentialAction\":[{\"@type\":\"ReadAction\",\"target\":[\"https:\/\/www.caritasbaribitonto.it\/public\/home\/2016\/11\/avvento-fraternita-2016-famiglieaccoglienti\/\"]}]},{\"@type\":\"ImageObject\",\"inLanguage\":\"it-IT\",\"@id\":\"https:\/\/www.caritasbaribitonto.it\/public\/home\/2016\/11\/avvento-fraternita-2016-famiglieaccoglienti\/#primaryimage\",\"url\":\"https:\/\/www.caritasbaribitonto.it\/public\/home\/img\/uploads\/2016\/11\/famiglieaccoglienti-1-e1479147452443.jpg\",\"contentUrl\":\"https:\/\/www.caritasbaribitonto.it\/public\/home\/img\/uploads\/2016\/11\/famiglieaccoglienti-1-e1479147452443.jpg\",\"width\":768,\"height\":380},{\"@type\":\"BreadcrumbList\",\"@id\":\"https:\/\/www.caritasbaribitonto.it\/public\/home\/2016\/11\/avvento-fraternita-2016-famiglieaccoglienti\/#breadcrumb\",\"itemListElement\":[{\"@type\":\"ListItem\",\"position\":1,\"name\":\"Home\",\"item\":\"https:\/\/www.caritasbaribitonto.it\/public\/home\/\"},{\"@type\":\"ListItem\",\"position\":2,\"name\":\"Avvento di Fraternit\u00e0 2016 Famiglie+accoglienti\"}]},{\"@type\":\"WebSite\",\"@id\":\"https:\/\/www.caritasbaribitonto.it\/public\/home\/#website\",\"url\":\"https:\/\/www.caritasbaribitonto.it\/public\/home\/\",\"name\":\"Caritas Diocesana Bari-Bitonto\",\"description\":\"I santi della porta accanto\",\"publisher\":{\"@id\":\"https:\/\/www.caritasbaribitonto.it\/public\/home\/#organization\"},\"potentialAction\":[{\"@type\":\"SearchAction\",\"target\":{\"@type\":\"EntryPoint\",\"urlTemplate\":\"https:\/\/www.caritasbaribitonto.it\/public\/home\/?s={search_term_string}\"},\"query-input\":{\"@type\":\"PropertyValueSpecification\",\"valueRequired\":true,\"valueName\":\"search_term_string\"}}],\"inLanguage\":\"it-IT\"},{\"@type\":\"Organization\",\"@id\":\"https:\/\/www.caritasbaribitonto.it\/public\/home\/#organization\",\"name\":\"Caritas Diocesana Bari-Bitonto\",\"url\":\"https:\/\/www.caritasbaribitonto.it\/public\/home\/\",\"logo\":{\"@type\":\"ImageObject\",\"inLanguage\":\"it-IT\",\"@id\":\"https:\/\/www.caritasbaribitonto.it\/public\/home\/#\/schema\/logo\/image\/\",\"url\":\"https:\/\/www.caritasbaribitonto.it\/public\/home\/img\/uploads\/2025\/02\/cropped-cropped-caritas2025_350x112.png\",\"contentUrl\":\"https:\/\/www.caritasbaribitonto.it\/public\/home\/img\/uploads\/2025\/02\/cropped-cropped-caritas2025_350x112.png\",\"width\":350,\"height\":112,\"caption\":\"Caritas Diocesana Bari-Bitonto\"},\"image\":{\"@id\":\"https:\/\/www.caritasbaribitonto.it\/public\/home\/#\/schema\/logo\/image\/\"},\"sameAs\":[\"https:\/\/www.facebook.com\/pages\/Caritas-Diocesana-Bari-Bitonto\/533981476753770\"]},{\"@type\":\"Person\",\"@id\":\"https:\/\/www.caritasbaribitonto.it\/public\/home\/#\/schema\/person\/06b333402b70fdadb662b68974e8c97a\",\"name\":\"Giovanni Caputo\",\"image\":{\"@type\":\"ImageObject\",\"inLanguage\":\"it-IT\",\"@id\":\"https:\/\/www.caritasbaribitonto.it\/public\/home\/#\/schema\/person\/image\/\",\"url\":\"https:\/\/secure.gravatar.com\/avatar\/6c7e9d4e1e2394bfa4e38377bd0b5e03cbf0c79e27918e6497d3f408f89d0d3b?s=96&d=identicon&r=g\",\"contentUrl\":\"https:\/\/secure.gravatar.com\/avatar\/6c7e9d4e1e2394bfa4e38377bd0b5e03cbf0c79e27918e6497d3f408f89d0d3b?s=96&d=identicon&r=g\",\"caption\":\"Giovanni Caputo\"},\"url\":\"https:\/\/www.caritasbaribitonto.it\/public\/home\/author\/admin\/\"}]}<\/script>\r\n<!-- \/ Yoast SEO plugin. -->","yoast_head_json":{"title":"Avvento di Fraternit\u00e0 2016 Famiglie+accoglienti - Caritas Diocesana Bari-Bitonto","robots":{"index":"index","follow":"follow","max-snippet":"max-snippet:-1","max-image-preview":"max-image-preview:large","max-video-preview":"max-video-preview:-1"},"canonical":"https:\/\/www.caritasbaribitonto.it\/public\/home\/2016\/11\/avvento-fraternita-2016-famiglieaccoglienti\/","og_locale":"it_IT","og_type":"article","og_title":"Avvento di Fraternit\u00e0 2016 Famiglie+accoglienti - Caritas Diocesana Bari-Bitonto","og_description":"Avvento di fraternit\u00e0 2016 Famiglie+Accoglienti \u201cIl giubileo della Misericordia sta per concludersi, ma non si esaurisce il nostro impegno e [&hellip;]","og_url":"https:\/\/www.caritasbaribitonto.it\/public\/home\/2016\/11\/avvento-fraternita-2016-famiglieaccoglienti\/","og_site_name":"Caritas Diocesana Bari-Bitonto","article_publisher":"https:\/\/www.facebook.com\/pages\/Caritas-Diocesana-Bari-Bitonto\/533981476753770","article_published_time":"2016-11-16T19:40:54+00:00","article_modified_time":"2017-02-23T21:13:32+00:00","og_image":[{"width":768,"height":380,"url":"https:\/\/www.caritasbaribitonto.it\/public\/home\/img\/uploads\/2016\/11\/famiglieaccoglienti-1-e1479147452443.jpg","type":"image\/jpeg"}],"author":"Giovanni Caputo","twitter_card":"summary_large_image","twitter_misc":{"Scritto da":"Giovanni Caputo","Tempo di lettura stimato":"3 minuti"},"schema":{"@context":"https:\/\/schema.org","@graph":[{"@type":"Article","@id":"https:\/\/www.caritasbaribitonto.it\/public\/home\/2016\/11\/avvento-fraternita-2016-famiglieaccoglienti\/#article","isPartOf":{"@id":"https:\/\/www.caritasbaribitonto.it\/public\/home\/2016\/11\/avvento-fraternita-2016-famiglieaccoglienti\/"},"author":{"name":"Giovanni Caputo","@id":"https:\/\/www.caritasbaribitonto.it\/public\/home\/#\/schema\/person\/06b333402b70fdadb662b68974e8c97a"},"headline":"Avvento di Fraternit\u00e0 2016 Famiglie+accoglienti","datePublished":"2016-11-16T19:40:54+00:00","dateModified":"2017-02-23T21:13:32+00:00","mainEntityOfPage":{"@id":"https:\/\/www.caritasbaribitonto.it\/public\/home\/2016\/11\/avvento-fraternita-2016-famiglieaccoglienti\/"},"wordCount":701,"publisher":{"@id":"https:\/\/www.caritasbaribitonto.it\/public\/home\/#organization"},"image":{"@id":"https:\/\/www.caritasbaribitonto.it\/public\/home\/2016\/11\/avvento-fraternita-2016-famiglieaccoglienti\/#primaryimage"},"thumbnailUrl":"https:\/\/www.caritasbaribitonto.it\/public\/home\/img\/uploads\/2016\/11\/famiglieaccoglienti-1-e1479147452443.jpg","keywords":["Avvento","avvento di fraternita","caritas"],"articleSection":["Generale","Iniziative"],"inLanguage":"it-IT"},{"@type":"WebPage","@id":"https:\/\/www.caritasbaribitonto.it\/public\/home\/2016\/11\/avvento-fraternita-2016-famiglieaccoglienti\/","url":"https:\/\/www.caritasbaribitonto.it\/public\/home\/2016\/11\/avvento-fraternita-2016-famiglieaccoglienti\/","name":"Avvento di Fraternit\u00e0 2016 Famiglie+accoglienti - Caritas Diocesana Bari-Bitonto","isPartOf":{"@id":"https:\/\/www.caritasbaribitonto.it\/public\/home\/#website"},"primaryImageOfPage":{"@id":"https:\/\/www.caritasbaribitonto.it\/public\/home\/2016\/11\/avvento-fraternita-2016-famiglieaccoglienti\/#primaryimage"},"image":{"@id":"https:\/\/www.caritasbaribitonto.it\/public\/home\/2016\/11\/avvento-fraternita-2016-famiglieaccoglienti\/#primaryimage"},"thumbnailUrl":"https:\/\/www.caritasbaribitonto.it\/public\/home\/img\/uploads\/2016\/11\/famiglieaccoglienti-1-e1479147452443.jpg","datePublished":"2016-11-16T19:40:54+00:00","dateModified":"2017-02-23T21:13:32+00:00","breadcrumb":{"@id":"https:\/\/www.caritasbaribitonto.it\/public\/home\/2016\/11\/avvento-fraternita-2016-famiglieaccoglienti\/#breadcrumb"},"inLanguage":"it-IT","potentialAction":[{"@type":"ReadAction","target":["https:\/\/www.caritasbaribitonto.it\/public\/home\/2016\/11\/avvento-fraternita-2016-famiglieaccoglienti\/"]}]},{"@type":"ImageObject","inLanguage":"it-IT","@id":"https:\/\/www.caritasbaribitonto.it\/public\/home\/2016\/11\/avvento-fraternita-2016-famiglieaccoglienti\/#primaryimage","url":"https:\/\/www.caritasbaribitonto.it\/public\/home\/img\/uploads\/2016\/11\/famiglieaccoglienti-1-e1479147452443.jpg","contentUrl":"https:\/\/www.caritasbaribitonto.it\/public\/home\/img\/uploads\/2016\/11\/famiglieaccoglienti-1-e1479147452443.jpg","width":768,"height":380},{"@type":"BreadcrumbList","@id":"https:\/\/www.caritasbaribitonto.it\/public\/home\/2016\/11\/avvento-fraternita-2016-famiglieaccoglienti\/#breadcrumb","itemListElement":[{"@type":"ListItem","position":1,"name":"Home","item":"https:\/\/www.caritasbaribitonto.it\/public\/home\/"},{"@type":"ListItem","position":2,"name":"Avvento di Fraternit\u00e0 2016 Famiglie+accoglienti"}]},{"@type":"WebSite","@id":"https:\/\/www.caritasbaribitonto.it\/public\/home\/#website","url":"https:\/\/www.caritasbaribitonto.it\/public\/home\/","name":"Caritas Diocesana Bari-Bitonto","description":"I santi della porta accanto","publisher":{"@id":"https:\/\/www.caritasbaribitonto.it\/public\/home\/#organization"},"potentialAction":[{"@type":"SearchAction","target":{"@type":"EntryPoint","urlTemplate":"https:\/\/www.caritasbaribitonto.it\/public\/home\/?s={search_term_string}"},"query-input":{"@type":"PropertyValueSpecification","valueRequired":true,"valueName":"search_term_string"}}],"inLanguage":"it-IT"},{"@type":"Organization","@id":"https:\/\/www.caritasbaribitonto.it\/public\/home\/#organization","name":"Caritas Diocesana Bari-Bitonto","url":"https:\/\/www.caritasbaribitonto.it\/public\/home\/","logo":{"@type":"ImageObject","inLanguage":"it-IT","@id":"https:\/\/www.caritasbaribitonto.it\/public\/home\/#\/schema\/logo\/image\/","url":"https:\/\/www.caritasbaribitonto.it\/public\/home\/img\/uploads\/2025\/02\/cropped-cropped-caritas2025_350x112.png","contentUrl":"https:\/\/www.caritasbaribitonto.it\/public\/home\/img\/uploads\/2025\/02\/cropped-cropped-caritas2025_350x112.png","width":350,"height":112,"caption":"Caritas Diocesana Bari-Bitonto"},"image":{"@id":"https:\/\/www.caritasbaribitonto.it\/public\/home\/#\/schema\/logo\/image\/"},"sameAs":["https:\/\/www.facebook.com\/pages\/Caritas-Diocesana-Bari-Bitonto\/533981476753770"]},{"@type":"Person","@id":"https:\/\/www.caritasbaribitonto.it\/public\/home\/#\/schema\/person\/06b333402b70fdadb662b68974e8c97a","name":"Giovanni Caputo","image":{"@type":"ImageObject","inLanguage":"it-IT","@id":"https:\/\/www.caritasbaribitonto.it\/public\/home\/#\/schema\/person\/image\/","url":"https:\/\/secure.gravatar.com\/avatar\/6c7e9d4e1e2394bfa4e38377bd0b5e03cbf0c79e27918e6497d3f408f89d0d3b?s=96&d=identicon&r=g","contentUrl":"https:\/\/secure.gravatar.com\/avatar\/6c7e9d4e1e2394bfa4e38377bd0b5e03cbf0c79e27918e6497d3f408f89d0d3b?s=96&d=identicon&r=g","caption":"Giovanni Caputo"},"url":"https:\/\/www.caritasbaribitonto.it\/public\/home\/author\/admin\/"}]}},"jetpack_featured_media_url":"https:\/\/www.caritasbaribitonto.it\/public\/home\/img\/uploads\/2016\/11\/famiglieaccoglienti-1-e1479147452443.jpg","uagb_featured_image_src":{"full":["https:\/\/www.caritasbaribitonto.it\/public\/home\/img\/uploads\/2016\/11\/famiglieaccoglienti-1-e1479147452443.jpg",768,380,false],"thumbnail":["https:\/\/www.caritasbaribitonto.it\/public\/home\/img\/uploads\/2016\/11\/famiglieaccoglienti-1-e1479147452443-150x150.jpg",150,150,true],"medium":["https:\/\/www.caritasbaribitonto.it\/public\/home\/img\/uploads\/2016\/11\/famiglieaccoglienti-1-e1479147452443-300x148.jpg",300,148,true],"medium_large":["https:\/\/www.caritasbaribitonto.it\/public\/home\/img\/uploads\/2016\/11\/famiglieaccoglienti-1-e1479147452443-768x380.jpg",768,380,true],"large":["https:\/\/www.caritasbaribitonto.it\/public\/home\/img\/uploads\/2016\/11\/famiglieaccoglienti-1-e1479147371597-1024x597.jpg",1024,597,true],"1536x1536":["https:\/\/www.caritasbaribitonto.it\/public\/home\/img\/uploads\/2016\/11\/famiglieaccoglienti-1-e1479147452443.jpg",768,380,false],"2048x2048":["https:\/\/www.caritasbaribitonto.it\/public\/home\/img\/uploads\/2016\/11\/famiglieaccoglienti-1-e1479147452443.jpg",768,380,false]},"uagb_author_info":{"display_name":"Giovanni Caputo","author_link":"https:\/\/www.caritasbaribitonto.it\/public\/home\/author\/admin\/"},"uagb_comment_info":0,"uagb_excerpt":"Avvento di fraternit\u00e0 2016 Famiglie+Accoglienti \u201cIl giubileo della Misericordia sta per concludersi, ma non si esaurisce il nostro impegno e [&hellip;]","_links":{"self":[{"href":"https:\/\/www.caritasbaribitonto.it\/public\/home\/wp-json\/wp\/v2\/posts\/4471","targetHints":{"allow":["GET"]}}],"collection":[{"href":"https:\/\/www.caritasbaribitonto.it\/public\/home\/wp-json\/wp\/v2\/posts"}],"about":[{"href":"https:\/\/www.caritasbaribitonto.it\/public\/home\/wp-json\/wp\/v2\/types\/post"}],"author":[{"embeddable":true,"href":"https:\/\/www.caritasbaribitonto.it\/public\/home\/wp-json\/wp\/v2\/users\/1"}],"replies":[{"embeddable":true,"href":"https:\/\/www.caritasbaribitonto.it\/public\/home\/wp-json\/wp\/v2\/comments?post=4471"}],"version-history":[{"count":0,"href":"https:\/\/www.caritasbaribitonto.it\/public\/home\/wp-json\/wp\/v2\/posts\/4471\/revisions"}],"wp:featuredmedia":[{"embeddable":true,"href":"https:\/\/www.caritasbaribitonto.it\/public\/home\/wp-json\/wp\/v2\/media\/4479"}],"wp:attachment":[{"href":"https:\/\/www.caritasbaribitonto.it\/public\/home\/wp-json\/wp\/v2\/media?parent=4471"}],"wp:term":[{"taxonomy":"category","embeddable":true,"href":"https:\/\/www.caritasbaribitonto.it\/public\/home\/wp-json\/wp\/v2\/categories?post=4471"},{"taxonomy":"post_tag","embeddable":true,"href":"https:\/\/www.caritasbaribitonto.it\/public\/home\/wp-json\/wp\/v2\/tags?post=4471"}],"curies":[{"name":"wp","href":"https:\/\/api.w.org\/{rel}","templated":true}]}}