{"id":4469,"date":"2016-11-08T09:47:32","date_gmt":"2016-11-08T08:47:32","guid":{"rendered":"http:\/\/www.caritasbaribitonto.it\/public\/home\/?p=4469"},"modified":"2017-02-23T22:13:52","modified_gmt":"2017-02-23T21:13:52","slug":"report-dormitorio-2016-don-vito-diana","status":"publish","type":"post","link":"https:\/\/www.caritasbaribitonto.it\/public\/home\/2016\/11\/report-dormitorio-2016-don-vito-diana\/","title":{"rendered":"Report Dormitorio 2016 \u201cDon Vito Diana\u201d"},"content":{"rendered":"<p style=\"text-align: center;\"><strong>\u201cA Sua Immagine \u2026\u201d<\/strong><\/p>\n<p style=\"text-align: center;\"><em> Dare voce e speranza a tanti volti e storie ai nostri fratelli senza fissa dimora<\/em><\/p>\n<p style=\"text-align: left;\">Il <strong>4 ottobre 2008 v<\/strong>eniva inaugurato dal nostro Padre Arcivescovo, mons. Francesco Cacucci, il Dormitorio \u201cDon Vito Diana\u201d; il 10 Novembre iniziava questo prezioso servizio, svolto nella nostra diocesi, accanto ai numerosi senza fissa dimora presenti sul nostro territorio. Vogliamo cogliere l\u2019occasione per ringraziare quanti, nei modi pi\u00f9 diversi modi, in questi anni hanno contribuito a sostenere questa opera segno e vi invitiamo a partecipare alla presentazione del Report annuale, realizzato dal Coordinamento del Dormitorio e dal nostro Osservatorio Diocesano Caritas.<\/p>\n<p style=\"text-align: left;\">In questo anno Giubilare, si \u00e8 registrato un forte aumento del numero di fratelli che sono stati ascoltati e accolti ogni giorno presso il dormitorio.<\/p>\n<p style=\"text-align: left;\">In questo ultimo anno sono stati accolti 380 ospiti, numero in forte crescita rispetto ai 228 ospiti accolti durante lo scorso anno. Il 39% dei fratelli accolti appartiene alla classe di et\u00e0 25-34 anni. Gli ospiti provengono per il 36% dai paesi dell\u2019Africa, seguiti da ospiti provenienti dagli Stati Asiatici nella misura del 29%; il 26% proviene da paesi UE (maggiormente rappresentati sono gli Italiani). Nel corso del periodo di Osservazione accanto alle analisi quantitative, sono state proposte anche analisi qualitative che hanno portato ad un approfondimento sul tema dei Bisogni e della situazione familiare dei nostri ospiti. Il 33% circa degli ospiti dichiara di essere coniugato, i separati e divorziati risultano essere il 12% del totale degli ospiti. Emerge, inoltre una certa difficolt\u00e0 nell\u2019aprirsi e raccontare della propria famiglia ed in particolare modo rispetto ai figli; infatti, il 50% degli ospiti non specifica se ha figli a fronte del 36% che dichiara di averli (14% Ue e 13% Africa). Nel corso della presentazione del report, che si svolger\u00e0 Luned\u00ec 14 Novembre alle h. 19.45 presso il Dormitorio, forniremo il punto sui servizi e le attivit\u00e0 offerte dal Dormitorio Diocesano ai nostri ospiti nel corso dell\u2019ultimo anno, ponendo l\u2019obiettivo di comprendere sempre meglio come essere strumento e servizio dei nostri fratelli senza fissa dimora, cercando spazi di confronto e collaborazione con le istituzioni del nostro territorio.<\/p>\n<p style=\"text-align: left;\">Per ulteriori informazioni \u00e8 possibile contattarci all\u2019indirizzo dell\u2019equipe dell\u2019 Osservatorio delle risorse e della Povert\u00e0 \u2013 Caritas Bari Bitonto: orp@caritasbaribitonto.it<\/p>\n<p style=\"text-align: left;\">Ricordiamo l&#8217;appuntamento dell&#8217;<a href=\"http:\/\/www.caritasbaribitonto.it\/public\/home\/2016\/10\/anniversario-inaugurazione-dormitorio\/\">anniversario del dormitorio<\/a> che si terr\u00e0 il prossimo 14 novembre 2016.<\/p>\n[pdfjs-viewer url=&#8221;http%3A%2F%2Fwww.caritasbaribitonto.it%2Fpublic%2Fhome%2Fimg%2Fuploads%2F2015%2F11%2FPresentazione_dormitorio_141116_definitiva.pdf&#8221; viewer_width=600px viewer_height=700px fullscreen=true download=true print=true]\n<p>&nbsp;<\/p>\n<p class=\"western\" align=\"justify\">Vi ricordiamo che \u00e8 possibile partecipare e sostenere i servizi di accoglienza e inclusione sociale per le persone senza dimora:<\/p>\n<ul>\n<li>\n<p align=\"justify\">diffondendo e sensibilizzando gli uomini delle vostre comunit\u00e0 a dare la propria disponibilit\u00e0 per \u201cuna notte al mese\u201d;<\/p>\n<\/li>\n<li>\n<p align=\"justify\">raccogliendo materiale utile al servizio che si pu\u00f2 consegnare direttamente presso il dormitorio : bicchieri di plastica -grandi e piccoli-, prodotti per l\u2019igiene personale, dentifrici e spazzolini, mutande, calze, lamette, guanti in lattice, etc ;<\/p>\n<\/li>\n<li>\n<p align=\"justify\">facendo un offerta tramite bonifico: <b>IBAN&nbsp;<\/b>IT40Z0311104007000000007986 Arcidiocesi Bari-Bitonto\/Caritas diocesana \u2013 Causale: dormitorio diocesano Don Vito Diana oppure tramite <b>ccp: 000011938701<\/b> Arcidiocesi Bari-Bitonto\/Caritas diocesana \u2013 Causale: pro dormitorio \u201cdon Vito Diana\u201d.<\/p>\n<\/li>\n<\/ul>\n","protected":false},"excerpt":{"rendered":"<p>\u201cA Sua Immagine \u2026\u201d Dare voce e speranza a tanti volti e storie ai nostri fratelli senza fissa dimora Il [&hellip;]<\/p>\n","protected":false},"author":1,"featured_media":3490,"comment_status":"closed","ping_status":"open","sticky":false,"template":"","format":"standard","meta":{"_uag_custom_page_level_css":"","site-sidebar-layout":"default","site-content-layout":"","ast-site-content-layout":"default","site-content-style":"default","site-sidebar-style":"default","ast-global-header-display":"","ast-banner-title-visibility":"","ast-main-header-display":"","ast-hfb-above-header-display":"","ast-hfb-below-header-display":"","ast-hfb-mobile-header-display":"","site-post-title":"","ast-breadcrumbs-content":"","ast-featured-img":"","footer-sml-layout":"","theme-transparent-header-meta":"","adv-header-id-meta":"","stick-header-meta":"","header-above-stick-meta":"","header-main-stick-meta":"","header-below-stick-meta":"","astra-migrate-meta-layouts":"default","ast-page-background-enabled":"default","ast-page-background-meta":{"desktop":{"background-color":"var(--ast-global-color-5)","background-image":"","background-repeat":"repeat","background-position":"center center","background-size":"auto","background-attachment":"scroll","background-type":"","background-media":"","overlay-type":"","overlay-color":"","overlay-opacity":"","overlay-gradient":""},"tablet":{"background-color":"","background-image":"","background-repeat":"repeat","background-position":"center center","background-size":"auto","background-attachment":"scroll","background-type":"","background-media":"","overlay-type":"","overlay-color":"","overlay-opacity":"","overlay-gradient":""},"mobile":{"background-color":"","background-image":"","background-repeat":"repeat","background-position":"center center","background-size":"auto","background-attachment":"scroll","background-type":"","background-media":"","overlay-type":"","overlay-color":"","overlay-opacity":"","overlay-gradient":""}},"ast-content-background-meta":{"desktop":{"background-color":"var(--ast-global-color-4)","background-image":"","background-repeat":"repeat","background-position":"center center","background-size":"auto","background-attachment":"scroll","background-type":"","background-media":"","overlay-type":"","overlay-color":"","overlay-opacity":"","overlay-gradient":""},"tablet":{"background-color":"var(--ast-global-color-4)","background-image":"","background-repeat":"repeat","background-position":"center center","background-size":"auto","background-attachment":"scroll","background-type":"","background-media":"","overlay-type":"","overlay-color":"","overlay-opacity":"","overlay-gradient":""},"mobile":{"background-color":"var(--ast-global-color-4)","background-image":"","background-repeat":"repeat","background-position":"center center","background-size":"auto","background-attachment":"scroll","background-type":"","background-media":"","overlay-type":"","overlay-color":"","overlay-opacity":"","overlay-gradient":""}},"footnotes":""},"categories":[3,222,1,212,252],"tags":[7,15,235],"class_list":["post-4469","post","type-post","status-publish","format-standard","has-post-thumbnail","hentry","category-avvisi","category-dormitorio","category-generale","category-in-evidenza","category-news-osservatorio","tag-caritas","tag-dormitorio","tag-dormitorio-bari"],"gutentor_comment":0,"yoast_head":"<!-- This site is optimized with the Yoast SEO plugin v26.8 - https:\/\/yoast.com\/product\/yoast-seo-wordpress\/ -->\r\n<title>Report Dormitorio 2016 \u201cDon Vito Diana\u201d - Caritas Diocesana Bari-Bitonto<\/title>\r\n<meta name=\"robots\" content=\"index, follow, max-snippet:-1, max-image-preview:large, max-video-preview:-1\" \/>\r\n<link rel=\"canonical\" href=\"https:\/\/www.caritasbaribitonto.it\/public\/home\/2016\/11\/report-dormitorio-2016-don-vito-diana\/\" \/>\r\n<meta property=\"og:locale\" content=\"it_IT\" \/>\r\n<meta property=\"og:type\" content=\"article\" \/>\r\n<meta property=\"og:title\" content=\"Report Dormitorio 2016 \u201cDon Vito Diana\u201d - Caritas Diocesana Bari-Bitonto\" \/>\r\n<meta property=\"og:description\" content=\"\u201cA Sua Immagine \u2026\u201d Dare voce e speranza a tanti volti e storie ai nostri fratelli senza fissa dimora Il [&hellip;]\" \/>\r\n<meta property=\"og:url\" content=\"https:\/\/www.caritasbaribitonto.it\/public\/home\/2016\/11\/report-dormitorio-2016-don-vito-diana\/\" \/>\r\n<meta property=\"og:site_name\" content=\"Caritas Diocesana Bari-Bitonto\" \/>\r\n<meta property=\"article:publisher\" content=\"https:\/\/www.facebook.com\/pages\/Caritas-Diocesana-Bari-Bitonto\/533981476753770\" \/>\r\n<meta property=\"article:published_time\" content=\"2016-11-08T08:47:32+00:00\" \/>\r\n<meta property=\"article:modified_time\" content=\"2017-02-23T21:13:52+00:00\" \/>\r\n<meta property=\"og:image\" content=\"https:\/\/www.caritasbaribitonto.it\/public\/home\/img\/uploads\/2015\/05\/dormitorio.jpg\" \/>\r\n\t<meta property=\"og:image:width\" content=\"398\" \/>\r\n\t<meta property=\"og:image:height\" content=\"251\" \/>\r\n\t<meta property=\"og:image:type\" content=\"image\/jpeg\" \/>\r\n<meta name=\"author\" content=\"Giovanni Caputo\" \/>\r\n<meta name=\"twitter:card\" content=\"summary_large_image\" \/>\r\n<meta name=\"twitter:label1\" content=\"Scritto da\" \/>\n\t<meta name=\"twitter:data1\" content=\"Giovanni Caputo\" \/>\n\t<meta name=\"twitter:label2\" content=\"Tempo di lettura stimato\" \/>\n\t<meta name=\"twitter:data2\" content=\"3 minuti\" \/>\r\n<script type=\"application\/ld+json\" class=\"yoast-schema-graph\">{\"@context\":\"https:\/\/schema.org\",\"@graph\":[{\"@type\":\"Article\",\"@id\":\"https:\/\/www.caritasbaribitonto.it\/public\/home\/2016\/11\/report-dormitorio-2016-don-vito-diana\/#article\",\"isPartOf\":{\"@id\":\"https:\/\/www.caritasbaribitonto.it\/public\/home\/2016\/11\/report-dormitorio-2016-don-vito-diana\/\"},\"author\":{\"name\":\"Giovanni Caputo\",\"@id\":\"https:\/\/www.caritasbaribitonto.it\/public\/home\/#\/schema\/person\/06b333402b70fdadb662b68974e8c97a\"},\"headline\":\"Report Dormitorio 2016 \u201cDon Vito Diana\u201d\",\"datePublished\":\"2016-11-08T08:47:32+00:00\",\"dateModified\":\"2017-02-23T21:13:52+00:00\",\"mainEntityOfPage\":{\"@id\":\"https:\/\/www.caritasbaribitonto.it\/public\/home\/2016\/11\/report-dormitorio-2016-don-vito-diana\/\"},\"wordCount\":511,\"publisher\":{\"@id\":\"https:\/\/www.caritasbaribitonto.it\/public\/home\/#organization\"},\"image\":{\"@id\":\"https:\/\/www.caritasbaribitonto.it\/public\/home\/2016\/11\/report-dormitorio-2016-don-vito-diana\/#primaryimage\"},\"thumbnailUrl\":\"https:\/\/www.caritasbaribitonto.it\/public\/home\/img\/uploads\/2015\/05\/dormitorio.jpg\",\"keywords\":[\"caritas\",\"dormitorio\",\"dormitorio bari\"],\"articleSection\":[\"Avvisi\",\"Dormitorio\",\"Generale\",\"In Evidenza\",\"News Osservatorio\"],\"inLanguage\":\"it-IT\"},{\"@type\":\"WebPage\",\"@id\":\"https:\/\/www.caritasbaribitonto.it\/public\/home\/2016\/11\/report-dormitorio-2016-don-vito-diana\/\",\"url\":\"https:\/\/www.caritasbaribitonto.it\/public\/home\/2016\/11\/report-dormitorio-2016-don-vito-diana\/\",\"name\":\"Report Dormitorio 2016 \u201cDon Vito Diana\u201d - Caritas Diocesana Bari-Bitonto\",\"isPartOf\":{\"@id\":\"https:\/\/www.caritasbaribitonto.it\/public\/home\/#website\"},\"primaryImageOfPage\":{\"@id\":\"https:\/\/www.caritasbaribitonto.it\/public\/home\/2016\/11\/report-dormitorio-2016-don-vito-diana\/#primaryimage\"},\"image\":{\"@id\":\"https:\/\/www.caritasbaribitonto.it\/public\/home\/2016\/11\/report-dormitorio-2016-don-vito-diana\/#primaryimage\"},\"thumbnailUrl\":\"https:\/\/www.caritasbaribitonto.it\/public\/home\/img\/uploads\/2015\/05\/dormitorio.jpg\",\"datePublished\":\"2016-11-08T08:47:32+00:00\",\"dateModified\":\"2017-02-23T21:13:52+00:00\",\"breadcrumb\":{\"@id\":\"https:\/\/www.caritasbaribitonto.it\/public\/home\/2016\/11\/report-dormitorio-2016-don-vito-diana\/#breadcrumb\"},\"inLanguage\":\"it-IT\",\"potentialAction\":[{\"@type\":\"ReadAction\",\"target\":[\"https:\/\/www.caritasbaribitonto.it\/public\/home\/2016\/11\/report-dormitorio-2016-don-vito-diana\/\"]}]},{\"@type\":\"ImageObject\",\"inLanguage\":\"it-IT\",\"@id\":\"https:\/\/www.caritasbaribitonto.it\/public\/home\/2016\/11\/report-dormitorio-2016-don-vito-diana\/#primaryimage\",\"url\":\"https:\/\/www.caritasbaribitonto.it\/public\/home\/img\/uploads\/2015\/05\/dormitorio.jpg\",\"contentUrl\":\"https:\/\/www.caritasbaribitonto.it\/public\/home\/img\/uploads\/2015\/05\/dormitorio.jpg\",\"width\":398,\"height\":251,\"caption\":\"Dormitorio don Vito Diana\"},{\"@type\":\"BreadcrumbList\",\"@id\":\"https:\/\/www.caritasbaribitonto.it\/public\/home\/2016\/11\/report-dormitorio-2016-don-vito-diana\/#breadcrumb\",\"itemListElement\":[{\"@type\":\"ListItem\",\"position\":1,\"name\":\"Home\",\"item\":\"https:\/\/www.caritasbaribitonto.it\/public\/home\/\"},{\"@type\":\"ListItem\",\"position\":2,\"name\":\"Report Dormitorio 2016 \u201cDon Vito Diana\u201d\"}]},{\"@type\":\"WebSite\",\"@id\":\"https:\/\/www.caritasbaribitonto.it\/public\/home\/#website\",\"url\":\"https:\/\/www.caritasbaribitonto.it\/public\/home\/\",\"name\":\"Caritas Diocesana Bari-Bitonto\",\"description\":\"I santi della porta accanto\",\"publisher\":{\"@id\":\"https:\/\/www.caritasbaribitonto.it\/public\/home\/#organization\"},\"potentialAction\":[{\"@type\":\"SearchAction\",\"target\":{\"@type\":\"EntryPoint\",\"urlTemplate\":\"https:\/\/www.caritasbaribitonto.it\/public\/home\/?s={search_term_string}\"},\"query-input\":{\"@type\":\"PropertyValueSpecification\",\"valueRequired\":true,\"valueName\":\"search_term_string\"}}],\"inLanguage\":\"it-IT\"},{\"@type\":\"Organization\",\"@id\":\"https:\/\/www.caritasbaribitonto.it\/public\/home\/#organization\",\"name\":\"Caritas Diocesana Bari-Bitonto\",\"url\":\"https:\/\/www.caritasbaribitonto.it\/public\/home\/\",\"logo\":{\"@type\":\"ImageObject\",\"inLanguage\":\"it-IT\",\"@id\":\"https:\/\/www.caritasbaribitonto.it\/public\/home\/#\/schema\/logo\/image\/\",\"url\":\"https:\/\/www.caritasbaribitonto.it\/public\/home\/img\/uploads\/2025\/02\/cropped-cropped-caritas2025_350x112.png\",\"contentUrl\":\"https:\/\/www.caritasbaribitonto.it\/public\/home\/img\/uploads\/2025\/02\/cropped-cropped-caritas2025_350x112.png\",\"width\":350,\"height\":112,\"caption\":\"Caritas Diocesana Bari-Bitonto\"},\"image\":{\"@id\":\"https:\/\/www.caritasbaribitonto.it\/public\/home\/#\/schema\/logo\/image\/\"},\"sameAs\":[\"https:\/\/www.facebook.com\/pages\/Caritas-Diocesana-Bari-Bitonto\/533981476753770\"]},{\"@type\":\"Person\",\"@id\":\"https:\/\/www.caritasbaribitonto.it\/public\/home\/#\/schema\/person\/06b333402b70fdadb662b68974e8c97a\",\"name\":\"Giovanni Caputo\",\"image\":{\"@type\":\"ImageObject\",\"inLanguage\":\"it-IT\",\"@id\":\"https:\/\/www.caritasbaribitonto.it\/public\/home\/#\/schema\/person\/image\/\",\"url\":\"https:\/\/secure.gravatar.com\/avatar\/6c7e9d4e1e2394bfa4e38377bd0b5e03cbf0c79e27918e6497d3f408f89d0d3b?s=96&d=identicon&r=g\",\"contentUrl\":\"https:\/\/secure.gravatar.com\/avatar\/6c7e9d4e1e2394bfa4e38377bd0b5e03cbf0c79e27918e6497d3f408f89d0d3b?s=96&d=identicon&r=g\",\"caption\":\"Giovanni Caputo\"},\"url\":\"https:\/\/www.caritasbaribitonto.it\/public\/home\/author\/admin\/\"}]}<\/script>\r\n<!-- \/ Yoast SEO plugin. -->","yoast_head_json":{"title":"Report Dormitorio 2016 \u201cDon Vito Diana\u201d - Caritas Diocesana Bari-Bitonto","robots":{"index":"index","follow":"follow","max-snippet":"max-snippet:-1","max-image-preview":"max-image-preview:large","max-video-preview":"max-video-preview:-1"},"canonical":"https:\/\/www.caritasbaribitonto.it\/public\/home\/2016\/11\/report-dormitorio-2016-don-vito-diana\/","og_locale":"it_IT","og_type":"article","og_title":"Report Dormitorio 2016 \u201cDon Vito Diana\u201d - Caritas Diocesana Bari-Bitonto","og_description":"\u201cA Sua Immagine \u2026\u201d Dare voce e speranza a tanti volti e storie ai nostri fratelli senza fissa dimora Il [&hellip;]","og_url":"https:\/\/www.caritasbaribitonto.it\/public\/home\/2016\/11\/report-dormitorio-2016-don-vito-diana\/","og_site_name":"Caritas Diocesana Bari-Bitonto","article_publisher":"https:\/\/www.facebook.com\/pages\/Caritas-Diocesana-Bari-Bitonto\/533981476753770","article_published_time":"2016-11-08T08:47:32+00:00","article_modified_time":"2017-02-23T21:13:52+00:00","og_image":[{"width":398,"height":251,"url":"https:\/\/www.caritasbaribitonto.it\/public\/home\/img\/uploads\/2015\/05\/dormitorio.jpg","type":"image\/jpeg"}],"author":"Giovanni Caputo","twitter_card":"summary_large_image","twitter_misc":{"Scritto da":"Giovanni Caputo","Tempo di lettura stimato":"3 minuti"},"schema":{"@context":"https:\/\/schema.org","@graph":[{"@type":"Article","@id":"https:\/\/www.caritasbaribitonto.it\/public\/home\/2016\/11\/report-dormitorio-2016-don-vito-diana\/#article","isPartOf":{"@id":"https:\/\/www.caritasbaribitonto.it\/public\/home\/2016\/11\/report-dormitorio-2016-don-vito-diana\/"},"author":{"name":"Giovanni Caputo","@id":"https:\/\/www.caritasbaribitonto.it\/public\/home\/#\/schema\/person\/06b333402b70fdadb662b68974e8c97a"},"headline":"Report Dormitorio 2016 \u201cDon Vito Diana\u201d","datePublished":"2016-11-08T08:47:32+00:00","dateModified":"2017-02-23T21:13:52+00:00","mainEntityOfPage":{"@id":"https:\/\/www.caritasbaribitonto.it\/public\/home\/2016\/11\/report-dormitorio-2016-don-vito-diana\/"},"wordCount":511,"publisher":{"@id":"https:\/\/www.caritasbaribitonto.it\/public\/home\/#organization"},"image":{"@id":"https:\/\/www.caritasbaribitonto.it\/public\/home\/2016\/11\/report-dormitorio-2016-don-vito-diana\/#primaryimage"},"thumbnailUrl":"https:\/\/www.caritasbaribitonto.it\/public\/home\/img\/uploads\/2015\/05\/dormitorio.jpg","keywords":["caritas","dormitorio","dormitorio bari"],"articleSection":["Avvisi","Dormitorio","Generale","In Evidenza","News Osservatorio"],"inLanguage":"it-IT"},{"@type":"WebPage","@id":"https:\/\/www.caritasbaribitonto.it\/public\/home\/2016\/11\/report-dormitorio-2016-don-vito-diana\/","url":"https:\/\/www.caritasbaribitonto.it\/public\/home\/2016\/11\/report-dormitorio-2016-don-vito-diana\/","name":"Report Dormitorio 2016 \u201cDon Vito Diana\u201d - Caritas Diocesana Bari-Bitonto","isPartOf":{"@id":"https:\/\/www.caritasbaribitonto.it\/public\/home\/#website"},"primaryImageOfPage":{"@id":"https:\/\/www.caritasbaribitonto.it\/public\/home\/2016\/11\/report-dormitorio-2016-don-vito-diana\/#primaryimage"},"image":{"@id":"https:\/\/www.caritasbaribitonto.it\/public\/home\/2016\/11\/report-dormitorio-2016-don-vito-diana\/#primaryimage"},"thumbnailUrl":"https:\/\/www.caritasbaribitonto.it\/public\/home\/img\/uploads\/2015\/05\/dormitorio.jpg","datePublished":"2016-11-08T08:47:32+00:00","dateModified":"2017-02-23T21:13:52+00:00","breadcrumb":{"@id":"https:\/\/www.caritasbaribitonto.it\/public\/home\/2016\/11\/report-dormitorio-2016-don-vito-diana\/#breadcrumb"},"inLanguage":"it-IT","potentialAction":[{"@type":"ReadAction","target":["https:\/\/www.caritasbaribitonto.it\/public\/home\/2016\/11\/report-dormitorio-2016-don-vito-diana\/"]}]},{"@type":"ImageObject","inLanguage":"it-IT","@id":"https:\/\/www.caritasbaribitonto.it\/public\/home\/2016\/11\/report-dormitorio-2016-don-vito-diana\/#primaryimage","url":"https:\/\/www.caritasbaribitonto.it\/public\/home\/img\/uploads\/2015\/05\/dormitorio.jpg","contentUrl":"https:\/\/www.caritasbaribitonto.it\/public\/home\/img\/uploads\/2015\/05\/dormitorio.jpg","width":398,"height":251,"caption":"Dormitorio don Vito Diana"},{"@type":"BreadcrumbList","@id":"https:\/\/www.caritasbaribitonto.it\/public\/home\/2016\/11\/report-dormitorio-2016-don-vito-diana\/#breadcrumb","itemListElement":[{"@type":"ListItem","position":1,"name":"Home","item":"https:\/\/www.caritasbaribitonto.it\/public\/home\/"},{"@type":"ListItem","position":2,"name":"Report Dormitorio 2016 \u201cDon Vito Diana\u201d"}]},{"@type":"WebSite","@id":"https:\/\/www.caritasbaribitonto.it\/public\/home\/#website","url":"https:\/\/www.caritasbaribitonto.it\/public\/home\/","name":"Caritas Diocesana Bari-Bitonto","description":"I santi della porta accanto","publisher":{"@id":"https:\/\/www.caritasbaribitonto.it\/public\/home\/#organization"},"potentialAction":[{"@type":"SearchAction","target":{"@type":"EntryPoint","urlTemplate":"https:\/\/www.caritasbaribitonto.it\/public\/home\/?s={search_term_string}"},"query-input":{"@type":"PropertyValueSpecification","valueRequired":true,"valueName":"search_term_string"}}],"inLanguage":"it-IT"},{"@type":"Organization","@id":"https:\/\/www.caritasbaribitonto.it\/public\/home\/#organization","name":"Caritas Diocesana Bari-Bitonto","url":"https:\/\/www.caritasbaribitonto.it\/public\/home\/","logo":{"@type":"ImageObject","inLanguage":"it-IT","@id":"https:\/\/www.caritasbaribitonto.it\/public\/home\/#\/schema\/logo\/image\/","url":"https:\/\/www.caritasbaribitonto.it\/public\/home\/img\/uploads\/2025\/02\/cropped-cropped-caritas2025_350x112.png","contentUrl":"https:\/\/www.caritasbaribitonto.it\/public\/home\/img\/uploads\/2025\/02\/cropped-cropped-caritas2025_350x112.png","width":350,"height":112,"caption":"Caritas Diocesana Bari-Bitonto"},"image":{"@id":"https:\/\/www.caritasbaribitonto.it\/public\/home\/#\/schema\/logo\/image\/"},"sameAs":["https:\/\/www.facebook.com\/pages\/Caritas-Diocesana-Bari-Bitonto\/533981476753770"]},{"@type":"Person","@id":"https:\/\/www.caritasbaribitonto.it\/public\/home\/#\/schema\/person\/06b333402b70fdadb662b68974e8c97a","name":"Giovanni Caputo","image":{"@type":"ImageObject","inLanguage":"it-IT","@id":"https:\/\/www.caritasbaribitonto.it\/public\/home\/#\/schema\/person\/image\/","url":"https:\/\/secure.gravatar.com\/avatar\/6c7e9d4e1e2394bfa4e38377bd0b5e03cbf0c79e27918e6497d3f408f89d0d3b?s=96&d=identicon&r=g","contentUrl":"https:\/\/secure.gravatar.com\/avatar\/6c7e9d4e1e2394bfa4e38377bd0b5e03cbf0c79e27918e6497d3f408f89d0d3b?s=96&d=identicon&r=g","caption":"Giovanni Caputo"},"url":"https:\/\/www.caritasbaribitonto.it\/public\/home\/author\/admin\/"}]}},"jetpack_featured_media_url":"https:\/\/www.caritasbaribitonto.it\/public\/home\/img\/uploads\/2015\/05\/dormitorio.jpg","uagb_featured_image_src":{"full":["https:\/\/www.caritasbaribitonto.it\/public\/home\/img\/uploads\/2015\/05\/dormitorio.jpg",398,251,false],"thumbnail":["https:\/\/www.caritasbaribitonto.it\/public\/home\/img\/uploads\/2015\/05\/dormitorio-150x150.jpg",150,150,true],"medium":["https:\/\/www.caritasbaribitonto.it\/public\/home\/img\/uploads\/2015\/05\/dormitorio-300x189.jpg",300,189,true],"medium_large":["https:\/\/www.caritasbaribitonto.it\/public\/home\/img\/uploads\/2015\/05\/dormitorio.jpg",398,251,false],"large":["https:\/\/www.caritasbaribitonto.it\/public\/home\/img\/uploads\/2015\/05\/dormitorio.jpg",398,251,false],"1536x1536":["https:\/\/www.caritasbaribitonto.it\/public\/home\/img\/uploads\/2015\/05\/dormitorio.jpg",398,251,false],"2048x2048":["https:\/\/www.caritasbaribitonto.it\/public\/home\/img\/uploads\/2015\/05\/dormitorio.jpg",398,251,false]},"uagb_author_info":{"display_name":"Giovanni Caputo","author_link":"https:\/\/www.caritasbaribitonto.it\/public\/home\/author\/admin\/"},"uagb_comment_info":0,"uagb_excerpt":"\u201cA Sua Immagine \u2026\u201d Dare voce e speranza a tanti volti e storie ai nostri fratelli senza fissa dimora Il [&hellip;]","_links":{"self":[{"href":"https:\/\/www.caritasbaribitonto.it\/public\/home\/wp-json\/wp\/v2\/posts\/4469","targetHints":{"allow":["GET"]}}],"collection":[{"href":"https:\/\/www.caritasbaribitonto.it\/public\/home\/wp-json\/wp\/v2\/posts"}],"about":[{"href":"https:\/\/www.caritasbaribitonto.it\/public\/home\/wp-json\/wp\/v2\/types\/post"}],"author":[{"embeddable":true,"href":"https:\/\/www.caritasbaribitonto.it\/public\/home\/wp-json\/wp\/v2\/users\/1"}],"replies":[{"embeddable":true,"href":"https:\/\/www.caritasbaribitonto.it\/public\/home\/wp-json\/wp\/v2\/comments?post=4469"}],"version-history":[{"count":0,"href":"https:\/\/www.caritasbaribitonto.it\/public\/home\/wp-json\/wp\/v2\/posts\/4469\/revisions"}],"wp:featuredmedia":[{"embeddable":true,"href":"https:\/\/www.caritasbaribitonto.it\/public\/home\/wp-json\/wp\/v2\/media\/3490"}],"wp:attachment":[{"href":"https:\/\/www.caritasbaribitonto.it\/public\/home\/wp-json\/wp\/v2\/media?parent=4469"}],"wp:term":[{"taxonomy":"category","embeddable":true,"href":"https:\/\/www.caritasbaribitonto.it\/public\/home\/wp-json\/wp\/v2\/categories?post=4469"},{"taxonomy":"post_tag","embeddable":true,"href":"https:\/\/www.caritasbaribitonto.it\/public\/home\/wp-json\/wp\/v2\/tags?post=4469"}],"curies":[{"name":"wp","href":"https:\/\/api.w.org\/{rel}","templated":true}]}}