{"id":392,"date":"2009-11-06T15:23:47","date_gmt":"2009-11-06T14:23:47","guid":{"rendered":"http:\/\/www.caritasbaribitonto.it\/public\/home\/?p=392"},"modified":"2009-11-06T15:25:28","modified_gmt":"2009-11-06T14:25:28","slug":"solo-i-poveri-sanno-donare-tutto-8-novembre-2009","status":"publish","type":"post","link":"https:\/\/www.caritasbaribitonto.it\/public\/home\/2009\/11\/solo-i-poveri-sanno-donare-tutto-8-novembre-2009\/","title":{"rendered":"Solo i poveri sanno donare \u2026 tutto &#8211; 8 novembre 2009 &#8211; XXXII Domenica T.O."},"content":{"rendered":"<p><img loading=\"lazy\" decoding=\"async\" class=\"alignleft\" src=\"http:\/\/www.qumran2.net\/disegni\/archivio\/1365.gif\" alt=\"\" width=\"105\" height=\"100\" \/><\/p>\n<p><em><strong>DAL VANGELO SECONDO MARCO (Mc 12, 38-44)<\/strong><br \/>\nIn quel tempo, Ges\u00f9 [nel tempio] diceva alla folla nel suo insegnamento: \u00abGuardatevi dagli scribi, che amano passeggiare in lunghe vesti, ricevere saluti nelle piazze, avere i primi seggi nelle sinagoghe e i primi posti nei banchetti. Divorano le case delle vedove e pregano a lungo per farsi vedere. Essi riceveranno una condanna pi\u00f9 severa\u00bb.<br \/>\nSeduto di fronte al tesoro, osservava come la folla vi gettava monete. Tanti ricchi ne gettavano molte. Ma, venuta una vedova povera, vi gett\u00f2 due monetine, che fanno un soldo.<br \/>\nAllora, chiamati a s\u00e9 i suoi discepoli, disse loro: \u00abIn verit\u00e0 io vi dico: questa vedova, cos\u00ec povera, ha gettato nel tesoro pi\u00f9 di tutti gli altri. Tutti infatti hanno gettato parte del loro superfluo. Lei invece, nella sua miseria, vi ha gettato tutto quello che aveva, tutto quanto aveva per vivere\u00bb.<\/em><\/p>\n<p><\/p>\n<p><strong>Solo i poveri sanno donare \u2026 tutto<\/strong><\/p>\n<p>Appare subito in questo brano evangelico un forte contrasto tra gli scribi e Ges\u00f9. I primi amano farsi guardare, Ges\u00f9 tende, al contrario, ad osservare ci\u00f2 che succede sotto i suoi occhi. Sembrerebbe una semplice visione ottica diversa. In realt\u00e0 non \u00e8 una questione di diottrie. E\u2019 una questione di essere e di operare nella vita d\u2019ogni giorno.<br \/>\nGli scribi non solo attendono il saluto e pretendono i primi posti nelle piazze e alle mense, ma soprattutto sanno escogitare modi raffinati per speculare nei confronti delle persone indifese. Ges\u00f9 ne incontra tanti, ma \u2026 non sa che farsene del loro denaro.<br \/>\nQuesta \u00e8 la Chiesa del doppio petto, che registra nei suoi ranghi tutti coloro che escono con grande facilit\u00e0 il denaro dal portafogli per una sorta di forma di appagamento. E\u2019 fatta da ricche signore che svolgono anche il volontariato, ma che non si sporcano mai le mani. E\u2019 una categoria formidabile che usa un linguaggio per strumentalizzare gli altri e non si lascia sfuggire l\u2019occasione per essere presente solo ed esclusivamente nelle grandi occasioni.<br \/>\nLa vedova, invece, quella delle monetine che getta nel tesoro del Tempio tutto quanto aveva per vivere \u00e8 la Chiesa dei poveri. Di coloro che non stanno a calcolare gli interessi e i giochi della borsa. E\u2019 la Chiesa che vive accanto a chi \u00e8 misero e soprattutto non \u00e8 mai in debito con chi non potr\u00e0 restituirgli tutto quanto ha donato.<br \/>\nLa vedova \u00e8 la Chiesa che s\u2019impegna a donare sempre il meglio che si ha. Chi dice di lavorare per i poveri e poi li considera o li tratta come persone scomode, ingombranti, che creano solo repulsione non riuscir\u00e0 mai ad essere ci\u00f2 che il Signore vuole.<br \/>\nHo incontrato giovani che nel momento di prendere la decisione di donarsi per sempre a Cristo, si sono tirati indietro; ho incontrato tante brave persone, ma alla fine non hanno mai preso una seria decisione nella loro vita e continuano ad arrovellarsi in tante parole anche durante incontri e ritiri spirituali; ho incontrato tante mamme pronte ad impegnarsi nel volontariato, ma sempre indisponibili nell\u2019accogliere un nuovo figlio o nell\u2019alloggiare in casa chi si fosse trovato in un\u2019emergenza \u2026 ho incontrato i poveri sempre pronti a chiederti qualcosa, ma sempre pi\u00f9 pronti di prima alla disponibilit\u00e0 e all\u2019amore.<br \/>\nLa vedova \u00e8 la Chiesa del \u201cs\u00ec\u201d. \u00c8 fatta di gente povera che pur non avendo nulla, ha gi\u00e0 il paradiso in tasca, perch\u00e9 solo i poveri aiutano gli altri poveri.<\/p>\n<p>Il Direttore<\/p>\n<p>Don Antonio Ruccia<\/p>\n","protected":false},"excerpt":{"rendered":"<p>DAL VANGELO SECONDO MARCO (Mc 12, 38-44) In quel tempo, Ges\u00f9 [nel tempio] diceva alla folla nel suo insegnamento: \u00abGuardatevi [&hellip;]<\/p>\n","protected":false},"author":1,"featured_media":0,"comment_status":"closed","ping_status":"open","sticky":false,"template":"","format":"standard","meta":{"_uag_custom_page_level_css":"","site-sidebar-layout":"default","site-content-layout":"","ast-site-content-layout":"default","site-content-style":"default","site-sidebar-style":"default","ast-global-header-display":"","ast-banner-title-visibility":"","ast-main-header-display":"","ast-hfb-above-header-display":"","ast-hfb-below-header-display":"","ast-hfb-mobile-header-display":"","site-post-title":"","ast-breadcrumbs-content":"","ast-featured-img":"","footer-sml-layout":"","theme-transparent-header-meta":"","adv-header-id-meta":"","stick-header-meta":"","header-above-stick-meta":"","header-main-stick-meta":"","header-below-stick-meta":"","astra-migrate-meta-layouts":"default","ast-page-background-enabled":"default","ast-page-background-meta":{"desktop":{"background-color":"var(--ast-global-color-5)","background-image":"","background-repeat":"repeat","background-position":"center center","background-size":"auto","background-attachment":"scroll","background-type":"","background-media":"","overlay-type":"","overlay-color":"","overlay-opacity":"","overlay-gradient":""},"tablet":{"background-color":"","background-image":"","background-repeat":"repeat","background-position":"center center","background-size":"auto","background-attachment":"scroll","background-type":"","background-media":"","overlay-type":"","overlay-color":"","overlay-opacity":"","overlay-gradient":""},"mobile":{"background-color":"","background-image":"","background-repeat":"repeat","background-position":"center center","background-size":"auto","background-attachment":"scroll","background-type":"","background-media":"","overlay-type":"","overlay-color":"","overlay-opacity":"","overlay-gradient":""}},"ast-content-background-meta":{"desktop":{"background-color":"var(--ast-global-color-4)","background-image":"","background-repeat":"repeat","background-position":"center center","background-size":"auto","background-attachment":"scroll","background-type":"","background-media":"","overlay-type":"","overlay-color":"","overlay-opacity":"","overlay-gradient":""},"tablet":{"background-color":"var(--ast-global-color-4)","background-image":"","background-repeat":"repeat","background-position":"center center","background-size":"auto","background-attachment":"scroll","background-type":"","background-media":"","overlay-type":"","overlay-color":"","overlay-opacity":"","overlay-gradient":""},"mobile":{"background-color":"var(--ast-global-color-4)","background-image":"","background-repeat":"repeat","background-position":"center center","background-size":"auto","background-attachment":"scroll","background-type":"","background-media":"","overlay-type":"","overlay-color":"","overlay-opacity":"","overlay-gradient":""}},"footnotes":""},"categories":[20],"tags":[7,35,24],"class_list":["post-392","post","type-post","status-publish","format-standard","hentry","category-commenti-vangelo","tag-caritas","tag-commento-al-vangelo","tag-don-antonio-ruccia"],"gutentor_comment":0,"yoast_head":"<!-- This site is optimized with the Yoast SEO plugin v26.8 - https:\/\/yoast.com\/product\/yoast-seo-wordpress\/ -->\r\n<title>Solo i poveri sanno donare \u2026 tutto - 8 novembre 2009 - XXXII Domenica T.O. - Caritas Diocesana Bari-Bitonto<\/title>\r\n<meta name=\"robots\" content=\"index, follow, max-snippet:-1, max-image-preview:large, max-video-preview:-1\" \/>\r\n<link rel=\"canonical\" href=\"https:\/\/www.caritasbaribitonto.it\/public\/home\/2009\/11\/solo-i-poveri-sanno-donare-tutto-8-novembre-2009\/\" \/>\r\n<meta property=\"og:locale\" content=\"it_IT\" \/>\r\n<meta property=\"og:type\" content=\"article\" \/>\r\n<meta property=\"og:title\" content=\"Solo i poveri sanno donare \u2026 tutto - 8 novembre 2009 - XXXII Domenica T.O. - Caritas Diocesana Bari-Bitonto\" \/>\r\n<meta property=\"og:description\" content=\"DAL VANGELO SECONDO MARCO (Mc 12, 38-44) In quel tempo, Ges\u00f9 [nel tempio] diceva alla folla nel suo insegnamento: \u00abGuardatevi [&hellip;]\" \/>\r\n<meta property=\"og:url\" content=\"https:\/\/www.caritasbaribitonto.it\/public\/home\/2009\/11\/solo-i-poveri-sanno-donare-tutto-8-novembre-2009\/\" \/>\r\n<meta property=\"og:site_name\" content=\"Caritas Diocesana Bari-Bitonto\" \/>\r\n<meta property=\"article:publisher\" content=\"https:\/\/www.facebook.com\/pages\/Caritas-Diocesana-Bari-Bitonto\/533981476753770\" \/>\r\n<meta property=\"article:published_time\" content=\"2009-11-06T14:23:47+00:00\" \/>\r\n<meta property=\"article:modified_time\" content=\"2009-11-06T14:25:28+00:00\" \/>\r\n<meta property=\"og:image\" content=\"http:\/\/www.qumran2.net\/disegni\/archivio\/1365.gif\" \/>\r\n<meta name=\"author\" content=\"Giovanni Caputo\" \/>\r\n<meta name=\"twitter:card\" content=\"summary_large_image\" \/>\r\n<meta name=\"twitter:label1\" content=\"Scritto da\" \/>\n\t<meta name=\"twitter:data1\" content=\"Giovanni Caputo\" \/>\n\t<meta name=\"twitter:label2\" content=\"Tempo di lettura stimato\" \/>\n\t<meta name=\"twitter:data2\" content=\"3 minuti\" \/>\r\n<script type=\"application\/ld+json\" class=\"yoast-schema-graph\">{\"@context\":\"https:\/\/schema.org\",\"@graph\":[{\"@type\":\"Article\",\"@id\":\"https:\/\/www.caritasbaribitonto.it\/public\/home\/2009\/11\/solo-i-poveri-sanno-donare-tutto-8-novembre-2009\/#article\",\"isPartOf\":{\"@id\":\"https:\/\/www.caritasbaribitonto.it\/public\/home\/2009\/11\/solo-i-poveri-sanno-donare-tutto-8-novembre-2009\/\"},\"author\":{\"name\":\"Giovanni Caputo\",\"@id\":\"https:\/\/www.caritasbaribitonto.it\/public\/home\/#\/schema\/person\/06b333402b70fdadb662b68974e8c97a\"},\"headline\":\"Solo i poveri sanno donare \u2026 tutto &#8211; 8 novembre 2009 &#8211; XXXII Domenica T.O.\",\"datePublished\":\"2009-11-06T14:23:47+00:00\",\"dateModified\":\"2009-11-06T14:25:28+00:00\",\"mainEntityOfPage\":{\"@id\":\"https:\/\/www.caritasbaribitonto.it\/public\/home\/2009\/11\/solo-i-poveri-sanno-donare-tutto-8-novembre-2009\/\"},\"wordCount\":577,\"publisher\":{\"@id\":\"https:\/\/www.caritasbaribitonto.it\/public\/home\/#organization\"},\"image\":{\"@id\":\"https:\/\/www.caritasbaribitonto.it\/public\/home\/2009\/11\/solo-i-poveri-sanno-donare-tutto-8-novembre-2009\/#primaryimage\"},\"thumbnailUrl\":\"http:\/\/www.qumran2.net\/disegni\/archivio\/1365.gif\",\"keywords\":[\"caritas\",\"commento al vangelo\",\"don antonio ruccia\"],\"articleSection\":[\"Commenti Vangelo\"],\"inLanguage\":\"it-IT\"},{\"@type\":\"WebPage\",\"@id\":\"https:\/\/www.caritasbaribitonto.it\/public\/home\/2009\/11\/solo-i-poveri-sanno-donare-tutto-8-novembre-2009\/\",\"url\":\"https:\/\/www.caritasbaribitonto.it\/public\/home\/2009\/11\/solo-i-poveri-sanno-donare-tutto-8-novembre-2009\/\",\"name\":\"Solo i poveri sanno donare \u2026 tutto - 8 novembre 2009 - XXXII Domenica T.O. - Caritas Diocesana Bari-Bitonto\",\"isPartOf\":{\"@id\":\"https:\/\/www.caritasbaribitonto.it\/public\/home\/#website\"},\"primaryImageOfPage\":{\"@id\":\"https:\/\/www.caritasbaribitonto.it\/public\/home\/2009\/11\/solo-i-poveri-sanno-donare-tutto-8-novembre-2009\/#primaryimage\"},\"image\":{\"@id\":\"https:\/\/www.caritasbaribitonto.it\/public\/home\/2009\/11\/solo-i-poveri-sanno-donare-tutto-8-novembre-2009\/#primaryimage\"},\"thumbnailUrl\":\"http:\/\/www.qumran2.net\/disegni\/archivio\/1365.gif\",\"datePublished\":\"2009-11-06T14:23:47+00:00\",\"dateModified\":\"2009-11-06T14:25:28+00:00\",\"breadcrumb\":{\"@id\":\"https:\/\/www.caritasbaribitonto.it\/public\/home\/2009\/11\/solo-i-poveri-sanno-donare-tutto-8-novembre-2009\/#breadcrumb\"},\"inLanguage\":\"it-IT\",\"potentialAction\":[{\"@type\":\"ReadAction\",\"target\":[\"https:\/\/www.caritasbaribitonto.it\/public\/home\/2009\/11\/solo-i-poveri-sanno-donare-tutto-8-novembre-2009\/\"]}]},{\"@type\":\"ImageObject\",\"inLanguage\":\"it-IT\",\"@id\":\"https:\/\/www.caritasbaribitonto.it\/public\/home\/2009\/11\/solo-i-poveri-sanno-donare-tutto-8-novembre-2009\/#primaryimage\",\"url\":\"http:\/\/www.qumran2.net\/disegni\/archivio\/1365.gif\",\"contentUrl\":\"http:\/\/www.qumran2.net\/disegni\/archivio\/1365.gif\"},{\"@type\":\"BreadcrumbList\",\"@id\":\"https:\/\/www.caritasbaribitonto.it\/public\/home\/2009\/11\/solo-i-poveri-sanno-donare-tutto-8-novembre-2009\/#breadcrumb\",\"itemListElement\":[{\"@type\":\"ListItem\",\"position\":1,\"name\":\"Home\",\"item\":\"https:\/\/www.caritasbaribitonto.it\/public\/home\/\"},{\"@type\":\"ListItem\",\"position\":2,\"name\":\"Solo i poveri sanno donare \u2026 tutto &#8211; 8 novembre 2009 &#8211; XXXII Domenica T.O.\"}]},{\"@type\":\"WebSite\",\"@id\":\"https:\/\/www.caritasbaribitonto.it\/public\/home\/#website\",\"url\":\"https:\/\/www.caritasbaribitonto.it\/public\/home\/\",\"name\":\"Caritas Diocesana Bari-Bitonto\",\"description\":\"I santi della porta accanto\",\"publisher\":{\"@id\":\"https:\/\/www.caritasbaribitonto.it\/public\/home\/#organization\"},\"potentialAction\":[{\"@type\":\"SearchAction\",\"target\":{\"@type\":\"EntryPoint\",\"urlTemplate\":\"https:\/\/www.caritasbaribitonto.it\/public\/home\/?s={search_term_string}\"},\"query-input\":{\"@type\":\"PropertyValueSpecification\",\"valueRequired\":true,\"valueName\":\"search_term_string\"}}],\"inLanguage\":\"it-IT\"},{\"@type\":\"Organization\",\"@id\":\"https:\/\/www.caritasbaribitonto.it\/public\/home\/#organization\",\"name\":\"Caritas Diocesana Bari-Bitonto\",\"url\":\"https:\/\/www.caritasbaribitonto.it\/public\/home\/\",\"logo\":{\"@type\":\"ImageObject\",\"inLanguage\":\"it-IT\",\"@id\":\"https:\/\/www.caritasbaribitonto.it\/public\/home\/#\/schema\/logo\/image\/\",\"url\":\"https:\/\/www.caritasbaribitonto.it\/public\/home\/img\/uploads\/2025\/02\/cropped-cropped-caritas2025_350x112.png\",\"contentUrl\":\"https:\/\/www.caritasbaribitonto.it\/public\/home\/img\/uploads\/2025\/02\/cropped-cropped-caritas2025_350x112.png\",\"width\":350,\"height\":112,\"caption\":\"Caritas Diocesana Bari-Bitonto\"},\"image\":{\"@id\":\"https:\/\/www.caritasbaribitonto.it\/public\/home\/#\/schema\/logo\/image\/\"},\"sameAs\":[\"https:\/\/www.facebook.com\/pages\/Caritas-Diocesana-Bari-Bitonto\/533981476753770\"]},{\"@type\":\"Person\",\"@id\":\"https:\/\/www.caritasbaribitonto.it\/public\/home\/#\/schema\/person\/06b333402b70fdadb662b68974e8c97a\",\"name\":\"Giovanni Caputo\",\"image\":{\"@type\":\"ImageObject\",\"inLanguage\":\"it-IT\",\"@id\":\"https:\/\/www.caritasbaribitonto.it\/public\/home\/#\/schema\/person\/image\/\",\"url\":\"https:\/\/secure.gravatar.com\/avatar\/6c7e9d4e1e2394bfa4e38377bd0b5e03cbf0c79e27918e6497d3f408f89d0d3b?s=96&d=identicon&r=g\",\"contentUrl\":\"https:\/\/secure.gravatar.com\/avatar\/6c7e9d4e1e2394bfa4e38377bd0b5e03cbf0c79e27918e6497d3f408f89d0d3b?s=96&d=identicon&r=g\",\"caption\":\"Giovanni Caputo\"},\"url\":\"https:\/\/www.caritasbaribitonto.it\/public\/home\/author\/admin\/\"}]}<\/script>\r\n<!-- \/ Yoast SEO plugin. -->","yoast_head_json":{"title":"Solo i poveri sanno donare \u2026 tutto - 8 novembre 2009 - XXXII Domenica T.O. - Caritas Diocesana Bari-Bitonto","robots":{"index":"index","follow":"follow","max-snippet":"max-snippet:-1","max-image-preview":"max-image-preview:large","max-video-preview":"max-video-preview:-1"},"canonical":"https:\/\/www.caritasbaribitonto.it\/public\/home\/2009\/11\/solo-i-poveri-sanno-donare-tutto-8-novembre-2009\/","og_locale":"it_IT","og_type":"article","og_title":"Solo i poveri sanno donare \u2026 tutto - 8 novembre 2009 - XXXII Domenica T.O. - Caritas Diocesana Bari-Bitonto","og_description":"DAL VANGELO SECONDO MARCO (Mc 12, 38-44) In quel tempo, Ges\u00f9 [nel tempio] diceva alla folla nel suo insegnamento: \u00abGuardatevi [&hellip;]","og_url":"https:\/\/www.caritasbaribitonto.it\/public\/home\/2009\/11\/solo-i-poveri-sanno-donare-tutto-8-novembre-2009\/","og_site_name":"Caritas Diocesana Bari-Bitonto","article_publisher":"https:\/\/www.facebook.com\/pages\/Caritas-Diocesana-Bari-Bitonto\/533981476753770","article_published_time":"2009-11-06T14:23:47+00:00","article_modified_time":"2009-11-06T14:25:28+00:00","og_image":[{"url":"http:\/\/www.qumran2.net\/disegni\/archivio\/1365.gif","type":"","width":"","height":""}],"author":"Giovanni Caputo","twitter_card":"summary_large_image","twitter_misc":{"Scritto da":"Giovanni Caputo","Tempo di lettura stimato":"3 minuti"},"schema":{"@context":"https:\/\/schema.org","@graph":[{"@type":"Article","@id":"https:\/\/www.caritasbaribitonto.it\/public\/home\/2009\/11\/solo-i-poveri-sanno-donare-tutto-8-novembre-2009\/#article","isPartOf":{"@id":"https:\/\/www.caritasbaribitonto.it\/public\/home\/2009\/11\/solo-i-poveri-sanno-donare-tutto-8-novembre-2009\/"},"author":{"name":"Giovanni Caputo","@id":"https:\/\/www.caritasbaribitonto.it\/public\/home\/#\/schema\/person\/06b333402b70fdadb662b68974e8c97a"},"headline":"Solo i poveri sanno donare \u2026 tutto &#8211; 8 novembre 2009 &#8211; XXXII Domenica T.O.","datePublished":"2009-11-06T14:23:47+00:00","dateModified":"2009-11-06T14:25:28+00:00","mainEntityOfPage":{"@id":"https:\/\/www.caritasbaribitonto.it\/public\/home\/2009\/11\/solo-i-poveri-sanno-donare-tutto-8-novembre-2009\/"},"wordCount":577,"publisher":{"@id":"https:\/\/www.caritasbaribitonto.it\/public\/home\/#organization"},"image":{"@id":"https:\/\/www.caritasbaribitonto.it\/public\/home\/2009\/11\/solo-i-poveri-sanno-donare-tutto-8-novembre-2009\/#primaryimage"},"thumbnailUrl":"http:\/\/www.qumran2.net\/disegni\/archivio\/1365.gif","keywords":["caritas","commento al vangelo","don antonio ruccia"],"articleSection":["Commenti Vangelo"],"inLanguage":"it-IT"},{"@type":"WebPage","@id":"https:\/\/www.caritasbaribitonto.it\/public\/home\/2009\/11\/solo-i-poveri-sanno-donare-tutto-8-novembre-2009\/","url":"https:\/\/www.caritasbaribitonto.it\/public\/home\/2009\/11\/solo-i-poveri-sanno-donare-tutto-8-novembre-2009\/","name":"Solo i poveri sanno donare \u2026 tutto - 8 novembre 2009 - XXXII Domenica T.O. - Caritas Diocesana Bari-Bitonto","isPartOf":{"@id":"https:\/\/www.caritasbaribitonto.it\/public\/home\/#website"},"primaryImageOfPage":{"@id":"https:\/\/www.caritasbaribitonto.it\/public\/home\/2009\/11\/solo-i-poveri-sanno-donare-tutto-8-novembre-2009\/#primaryimage"},"image":{"@id":"https:\/\/www.caritasbaribitonto.it\/public\/home\/2009\/11\/solo-i-poveri-sanno-donare-tutto-8-novembre-2009\/#primaryimage"},"thumbnailUrl":"http:\/\/www.qumran2.net\/disegni\/archivio\/1365.gif","datePublished":"2009-11-06T14:23:47+00:00","dateModified":"2009-11-06T14:25:28+00:00","breadcrumb":{"@id":"https:\/\/www.caritasbaribitonto.it\/public\/home\/2009\/11\/solo-i-poveri-sanno-donare-tutto-8-novembre-2009\/#breadcrumb"},"inLanguage":"it-IT","potentialAction":[{"@type":"ReadAction","target":["https:\/\/www.caritasbaribitonto.it\/public\/home\/2009\/11\/solo-i-poveri-sanno-donare-tutto-8-novembre-2009\/"]}]},{"@type":"ImageObject","inLanguage":"it-IT","@id":"https:\/\/www.caritasbaribitonto.it\/public\/home\/2009\/11\/solo-i-poveri-sanno-donare-tutto-8-novembre-2009\/#primaryimage","url":"http:\/\/www.qumran2.net\/disegni\/archivio\/1365.gif","contentUrl":"http:\/\/www.qumran2.net\/disegni\/archivio\/1365.gif"},{"@type":"BreadcrumbList","@id":"https:\/\/www.caritasbaribitonto.it\/public\/home\/2009\/11\/solo-i-poveri-sanno-donare-tutto-8-novembre-2009\/#breadcrumb","itemListElement":[{"@type":"ListItem","position":1,"name":"Home","item":"https:\/\/www.caritasbaribitonto.it\/public\/home\/"},{"@type":"ListItem","position":2,"name":"Solo i poveri sanno donare \u2026 tutto &#8211; 8 novembre 2009 &#8211; XXXII Domenica T.O."}]},{"@type":"WebSite","@id":"https:\/\/www.caritasbaribitonto.it\/public\/home\/#website","url":"https:\/\/www.caritasbaribitonto.it\/public\/home\/","name":"Caritas Diocesana Bari-Bitonto","description":"I santi della porta accanto","publisher":{"@id":"https:\/\/www.caritasbaribitonto.it\/public\/home\/#organization"},"potentialAction":[{"@type":"SearchAction","target":{"@type":"EntryPoint","urlTemplate":"https:\/\/www.caritasbaribitonto.it\/public\/home\/?s={search_term_string}"},"query-input":{"@type":"PropertyValueSpecification","valueRequired":true,"valueName":"search_term_string"}}],"inLanguage":"it-IT"},{"@type":"Organization","@id":"https:\/\/www.caritasbaribitonto.it\/public\/home\/#organization","name":"Caritas Diocesana Bari-Bitonto","url":"https:\/\/www.caritasbaribitonto.it\/public\/home\/","logo":{"@type":"ImageObject","inLanguage":"it-IT","@id":"https:\/\/www.caritasbaribitonto.it\/public\/home\/#\/schema\/logo\/image\/","url":"https:\/\/www.caritasbaribitonto.it\/public\/home\/img\/uploads\/2025\/02\/cropped-cropped-caritas2025_350x112.png","contentUrl":"https:\/\/www.caritasbaribitonto.it\/public\/home\/img\/uploads\/2025\/02\/cropped-cropped-caritas2025_350x112.png","width":350,"height":112,"caption":"Caritas Diocesana Bari-Bitonto"},"image":{"@id":"https:\/\/www.caritasbaribitonto.it\/public\/home\/#\/schema\/logo\/image\/"},"sameAs":["https:\/\/www.facebook.com\/pages\/Caritas-Diocesana-Bari-Bitonto\/533981476753770"]},{"@type":"Person","@id":"https:\/\/www.caritasbaribitonto.it\/public\/home\/#\/schema\/person\/06b333402b70fdadb662b68974e8c97a","name":"Giovanni Caputo","image":{"@type":"ImageObject","inLanguage":"it-IT","@id":"https:\/\/www.caritasbaribitonto.it\/public\/home\/#\/schema\/person\/image\/","url":"https:\/\/secure.gravatar.com\/avatar\/6c7e9d4e1e2394bfa4e38377bd0b5e03cbf0c79e27918e6497d3f408f89d0d3b?s=96&d=identicon&r=g","contentUrl":"https:\/\/secure.gravatar.com\/avatar\/6c7e9d4e1e2394bfa4e38377bd0b5e03cbf0c79e27918e6497d3f408f89d0d3b?s=96&d=identicon&r=g","caption":"Giovanni Caputo"},"url":"https:\/\/www.caritasbaribitonto.it\/public\/home\/author\/admin\/"}]}},"jetpack_featured_media_url":"","uagb_featured_image_src":{"full":false,"thumbnail":false,"medium":false,"medium_large":false,"large":false,"1536x1536":false,"2048x2048":false},"uagb_author_info":{"display_name":"Giovanni Caputo","author_link":"https:\/\/www.caritasbaribitonto.it\/public\/home\/author\/admin\/"},"uagb_comment_info":0,"uagb_excerpt":"DAL VANGELO SECONDO MARCO (Mc 12, 38-44) In quel tempo, Ges\u00f9 [nel tempio] diceva alla folla nel suo insegnamento: \u00abGuardatevi [&hellip;]","_links":{"self":[{"href":"https:\/\/www.caritasbaribitonto.it\/public\/home\/wp-json\/wp\/v2\/posts\/392","targetHints":{"allow":["GET"]}}],"collection":[{"href":"https:\/\/www.caritasbaribitonto.it\/public\/home\/wp-json\/wp\/v2\/posts"}],"about":[{"href":"https:\/\/www.caritasbaribitonto.it\/public\/home\/wp-json\/wp\/v2\/types\/post"}],"author":[{"embeddable":true,"href":"https:\/\/www.caritasbaribitonto.it\/public\/home\/wp-json\/wp\/v2\/users\/1"}],"replies":[{"embeddable":true,"href":"https:\/\/www.caritasbaribitonto.it\/public\/home\/wp-json\/wp\/v2\/comments?post=392"}],"version-history":[{"count":0,"href":"https:\/\/www.caritasbaribitonto.it\/public\/home\/wp-json\/wp\/v2\/posts\/392\/revisions"}],"wp:attachment":[{"href":"https:\/\/www.caritasbaribitonto.it\/public\/home\/wp-json\/wp\/v2\/media?parent=392"}],"wp:term":[{"taxonomy":"category","embeddable":true,"href":"https:\/\/www.caritasbaribitonto.it\/public\/home\/wp-json\/wp\/v2\/categories?post=392"},{"taxonomy":"post_tag","embeddable":true,"href":"https:\/\/www.caritasbaribitonto.it\/public\/home\/wp-json\/wp\/v2\/tags?post=392"}],"curies":[{"name":"wp","href":"https:\/\/api.w.org\/{rel}","templated":true}]}}