{"id":3859,"date":"2016-02-06T12:42:37","date_gmt":"2016-02-06T11:42:37","guid":{"rendered":"http:\/\/www.caritasbaribitonto.it\/public\/home\/?p=3859"},"modified":"2016-02-06T12:42:37","modified_gmt":"2016-02-06T11:42:37","slug":"quaresima-di-carita-2016","status":"publish","type":"post","link":"https:\/\/www.caritasbaribitonto.it\/public\/home\/2016\/02\/quaresima-di-carita-2016\/","title":{"rendered":"QUARESIMA DI CARITA\u2019 2016"},"content":{"rendered":"<p style=\"text-align: center;\"><div class=\"su-quote su-quote-style-default su-quote-has-cite\"><div class=\"su-quote-inner su-u-clearfix su-u-trim\">In Cristo, la Chiesa, Volto della Misericordia.<span class=\"su-quote-cite\">Da Gerusalemme a Gerico (Lc10,30)<\/span><\/div><\/div>\n<p><em>\u201cVieni in nostro aiuto, o Padre misericordioso, perch\u00e9 possiamo sempre vivere e agire in quella carit\u00e0 che spinse il Cristo tuo Figlio a dare la vita per noi\u201d.\u00a0 <\/em>Come indicato dal nostro Arcivescovo nella traccia pastorale, viviamo questo Tempo di Quaresima e di Pasqua mettendoci in cammino sull\u2019esempio di Ges\u00f9, che,\u201d ancor oggi come buon samaritano viene accanto ad ogni uomo piagato nel corpo e nello spirito e versa sulle sue ferite l\u2019olio della consolazione e il vino della speranza. Cristo \u00e8 il buon samaritano presentato dalla parabola; la sua carit\u00e0 \u00e8 la sua vita donata per noi.\u201d<\/p>\n<p>Come Caritas diocesana, ci permettiamo di offrire una semplice proposta, da arricchire e\/o integrare secondo le esigenze della comunit\u00e0 parrocchiale, che, all\u2019interno del ricco panorama di questo Giubileo straordinario della Misericordia, ci aiuti a camminare insieme.<\/p>\n<p>L\u2019esperienza del Giubileo ci ha richiamati all\u2019importanza del <strong><em>pellegrinaggio<\/em><\/strong> come \u00abstimolo alla conversione\u00bb attraverso la Misericordia, e simbolicamente per noi come desiderio di compiere il cammino <em>da Gerusalemme a Gerico<\/em>, facendoci prossimi di quanti il Signore ci dona di incontrare.<\/p>\n<p>Le \u201cporte sante\u201d che il Santo Padre ci invita ad attraversare, oltre a quelle delle Basiliche maggiori e quelle che straordinariamente ha chiesto di aprire nelle Cattedrali o nei Santuari di ogni Chiesa diocesana, sono anche quei luoghi che ci permettono di \u00ablasciarci abbracciare dalla misericordia di Dio\u00bb e che favoriscono l\u2019impegno \u00abad essere misericordiosi con gli altri come il Padre lo \u00e8 con noi\u00bb.<\/p>\n<ul>\n<li>La nostra proposta, <strong>Cammini di Misericordia<\/strong>, prevede che ogni comunit\u00e0 parrocchiale possa decidere di vivere una giornata di pellegrinaggio sui luoghi del servizio della nostra Diocesi. Potrete visitare una casa di riposo per anziani, per disabili, una comunit\u00e0 per tossicodipendenti, una mensa,il carcere; vivere il cammino verso questi luoghi come segno di pellegrinaggio accompagnandolo con la preghiera e il digiuno.<br \/>\nLa nostra equipe di Caritas diocesana, si rende disponibile, domenica 13 marzo e nelle domeniche 3 e 17 Aprile, <strong>Le Domeniche della Carit\u00e0<\/strong>, per accompagnarvi in questo pellegrinaggio laddove scegliate di .farlo nei servizi diocesani (Mensa, Dormitorio, Centro d\u2019Ascolto Diocesano)<br \/>\nPer aderire all\u2019iniziativa<strong> \u201cLe Domeniche della Carit\u00e0\u201d <\/strong>scrivere una mail all\u2019indirizzo <a href=\"mailto:info@caritasbaribitonto.it\"><strong>info@caritasbaribitonto.it<\/strong><\/a> entro e non oltre il <strong>22 febbraio 2016.<br \/>\n<\/strong><\/li>\n<\/ul>\n<ul>\n<li><strong>Vi suggeriamo anche , in questi tempi forti che ci accingiamo a vivere di leggere personalmente e di proporre alla riflessione comunitaria, i seguenti testi:<\/strong>\n<ul>\n<li>\u201cCon viscere di Misericordia\u201d \u2013 don Tonino Bello \u2013 ed INSIEME<\/li>\n<li>\u201cAmare\u201d- David Maria Turoldo \u2013 ed san Paolo<\/li>\n<\/ul>\n<\/li>\n<\/ul>\n<ul>\n<li><a href=\"http:\/\/www.caritasbaribitonto.it\/public\/home\/img\/uploads\/2016\/02\/Quaresima-di-Carita.png\" rel=\"attachment wp-att-3861\"><img loading=\"lazy\" decoding=\"async\" class=\"size-medium wp-image-3861 alignright\" src=\"http:\/\/www.caritasbaribitonto.it\/public\/home\/img\/uploads\/2016\/02\/Quaresima-di-Carita-216x300.png\" alt=\"Quaresima di Carita\" width=\"216\" height=\"300\" srcset=\"https:\/\/www.caritasbaribitonto.it\/public\/home\/img\/uploads\/2016\/02\/Quaresima-di-Carita-216x300.png 216w, https:\/\/www.caritasbaribitonto.it\/public\/home\/img\/uploads\/2016\/02\/Quaresima-di-Carita-768x1064.png 768w, https:\/\/www.caritasbaribitonto.it\/public\/home\/img\/uploads\/2016\/02\/Quaresima-di-Carita-739x1024.png 739w, https:\/\/www.caritasbaribitonto.it\/public\/home\/img\/uploads\/2016\/02\/Quaresima-di-Carita-600x831.png 600w, https:\/\/www.caritasbaribitonto.it\/public\/home\/img\/uploads\/2016\/02\/Quaresima-di-Carita.png 1024w\" sizes=\"auto, (max-width: 216px) 100vw, 216px\" \/><\/a>Come da tradizione, nella <strong><u>IV domenica di Quaresima<\/u><\/strong> (dunque il prossimo <u>6 marzo<\/u>) si celebrer\u00e0 la <strong>Quaresima di Carit\u00e0;<\/strong> quest\u2019anno, quanto raccolto in tutte le Celebrazioni Eucaristiche, sar\u00e0 interamente devoluto, come indicato dall\u2019Arcivescovo, per l\u2019opera missionaria in Etiopia, realizzata attraverso don Leonardo D\u2019Alessandro, sacerdote della nostra diocesi.<\/li>\n<\/ul>\n<p>In occasione del\u00a0Giubileo della Misericordia\u00a0 e su invito della Conferenza episcopale Italiana ,\u00e8 nata la campagna \u201cIl diritto di rimanere nella propria terra\u201d, cui partecipa anche Caritas Italiana, per promuovere e\u00a0garantire a ciascuno il diritto di restare nel proprio Paese vivendo in modo dignitoso.\u00a0 Il Consiglio Permanente della CEI ha approvato un\u00a0un vademecum\u00a0con una serie di indicazioni pratiche per le Diocesi italiane circa l\u2019accoglienza dei richiedenti asilo e rifugiati in Italia ma anche per la solidariet\u00e0 con i paesi di provenienza dei migranti. \u00a0Nell\u2019anno giubilare le Chiese in Italia si impegneranno a sostenere piccoli o grandi progetti \u201cnei Paesi di provenienza dei migranti in fuga da guerre, fame, disastri ambientali, persecuzioni politiche e religiose\u00bb. All\u2019interno di questo solco si inserisce anche la nostra Chiesa Diocesana.<\/p>\n<p>Quanto raccolto potr\u00e0 giungere alla Caritas diocesana nei seguenti modi:<\/p>\n<p style=\"padding-left: 30px;\">-in Curia presso l\u2019Economato diocesano;<\/p>\n<p style=\"padding-left: 30px;\">-tramite bonifico: IBAN IT80P0306704000000000007986 Arcidiocesi Bari-Bitonto\/Caritas diocesana \u2013 Causale: Quaresima di Carit\u00e0 2016;<\/p>\n<p style=\"padding-left: 30px;\">-tramite ccp: 000011938701 Caritas diocesana \u2013 Causale: Quaresima di carit\u00e0 2016.<\/p>\n<p>Restiamo a disposizione per ogni eventualit\u00e0 e auguriamo a voi e alle vostre realt\u00e0 ecclesiali un autentico cammino verso la Pasqua.<\/p>\n<p>&nbsp;<\/p>\n<p>Un fraterno saluto<\/p>\n<p style=\"text-align: right;\"><strong>Vito Piccinonna<\/strong><\/p>\n<p style=\"text-align: right;\"><strong>\u00a0\u00a0\u00a0\u00a0\u00a0\u00a0\u00a0\u00a0\u00a0\u00a0\u00a0\u00a0\u00a0\u00a0\u00a0\u00a0\u00a0\u00a0\u00a0\u00a0\u00a0\u00a0\u00a0\u00a0\u00a0\u00a0\u00a0\u00a0\u00a0\u00a0\u00a0\u00a0\u00a0\u00a0\u00a0\u00a0\u00a0\u00a0\u00a0\u00a0\u00a0\u00a0\u00a0\u00a0\u00a0\u00a0\u00a0\u00a0\u00a0\u00a0\u00a0\u00a0\u00a0\u00a0\u00a0\u00a0\u00a0\u00a0\u00a0\u00a0\u00a0\u00a0\u00a0\u00a0\u00a0\u00a0\u00a0\u00a0\u00a0\u00a0\u00a0\u00a0\u00a0\u00a0\u00a0\u00a0\u00a0\u00a0\u00a0\u00a0\u00a0\u00a0\u00a0\u00a0\u00a0\u00a0\u00a0\u00a0\u00a0\u00a0\u00a0\u00a0\u00a0\u00a0 e l<\/strong><strong>\u2019<\/strong><strong>Equipe diocesana<\/strong><\/p>\n<p>&nbsp;<\/p>\n","protected":false},"excerpt":{"rendered":"<p>\u201cVieni in nostro aiuto, o Padre misericordioso, perch\u00e9 possiamo sempre vivere e agire in quella carit\u00e0 che spinse il Cristo [&hellip;]<\/p>\n","protected":false},"author":1,"featured_media":3861,"comment_status":"closed","ping_status":"open","sticky":false,"template":"","format":"standard","meta":{"_uag_custom_page_level_css":"","site-sidebar-layout":"default","site-content-layout":"","ast-site-content-layout":"default","site-content-style":"default","site-sidebar-style":"default","ast-global-header-display":"","ast-banner-title-visibility":"","ast-main-header-display":"","ast-hfb-above-header-display":"","ast-hfb-below-header-display":"","ast-hfb-mobile-header-display":"","site-post-title":"","ast-breadcrumbs-content":"","ast-featured-img":"","footer-sml-layout":"","theme-transparent-header-meta":"","adv-header-id-meta":"","stick-header-meta":"","header-above-stick-meta":"","header-main-stick-meta":"","header-below-stick-meta":"","astra-migrate-meta-layouts":"default","ast-page-background-enabled":"default","ast-page-background-meta":{"desktop":{"background-color":"var(--ast-global-color-5)","background-image":"","background-repeat":"repeat","background-position":"center center","background-size":"auto","background-attachment":"scroll","background-type":"","background-media":"","overlay-type":"","overlay-color":"","overlay-opacity":"","overlay-gradient":""},"tablet":{"background-color":"","background-image":"","background-repeat":"repeat","background-position":"center center","background-size":"auto","background-attachment":"scroll","background-type":"","background-media":"","overlay-type":"","overlay-color":"","overlay-opacity":"","overlay-gradient":""},"mobile":{"background-color":"","background-image":"","background-repeat":"repeat","background-position":"center center","background-size":"auto","background-attachment":"scroll","background-type":"","background-media":"","overlay-type":"","overlay-color":"","overlay-opacity":"","overlay-gradient":""}},"ast-content-background-meta":{"desktop":{"background-color":"var(--ast-global-color-4)","background-image":"","background-repeat":"repeat","background-position":"center center","background-size":"auto","background-attachment":"scroll","background-type":"","background-media":"","overlay-type":"","overlay-color":"","overlay-opacity":"","overlay-gradient":""},"tablet":{"background-color":"var(--ast-global-color-4)","background-image":"","background-repeat":"repeat","background-position":"center center","background-size":"auto","background-attachment":"scroll","background-type":"","background-media":"","overlay-type":"","overlay-color":"","overlay-opacity":"","overlay-gradient":""},"mobile":{"background-color":"var(--ast-global-color-4)","background-image":"","background-repeat":"repeat","background-position":"center center","background-size":"auto","background-attachment":"scroll","background-type":"","background-media":"","overlay-type":"","overlay-color":"","overlay-opacity":"","overlay-gradient":""}},"footnotes":""},"categories":[212,214],"tags":[203,248,261,201],"class_list":["post-3859","post","type-post","status-publish","format-standard","has-post-thumbnail","hentry","category-in-evidenza","category-iniziative","tag-carita","tag-misericordia","tag-pellegrinaggio","tag-quaresima"],"gutentor_comment":0,"yoast_head":"<!-- This site is optimized with the Yoast SEO plugin v26.8 - https:\/\/yoast.com\/product\/yoast-seo-wordpress\/ -->\r\n<title>QUARESIMA DI CARITA&#039; 2016<\/title>\r\n<meta name=\"description\" content=\"Proposte quaresima di carit\u00e0 2016\" \/>\r\n<meta name=\"robots\" content=\"index, follow, max-snippet:-1, max-image-preview:large, max-video-preview:-1\" \/>\r\n<link rel=\"canonical\" href=\"https:\/\/www.caritasbaribitonto.it\/public\/home\/2016\/02\/quaresima-di-carita-2016\/\" \/>\r\n<meta property=\"og:locale\" content=\"it_IT\" \/>\r\n<meta property=\"og:type\" content=\"article\" \/>\r\n<meta property=\"og:title\" content=\"QUARESIMA DI CARITA&#039; 2016\" \/>\r\n<meta property=\"og:description\" content=\"Proposte quaresima di carit\u00e0 2016\" \/>\r\n<meta property=\"og:url\" content=\"https:\/\/www.caritasbaribitonto.it\/public\/home\/2016\/02\/quaresima-di-carita-2016\/\" \/>\r\n<meta property=\"og:site_name\" content=\"Caritas Diocesana Bari-Bitonto\" \/>\r\n<meta property=\"article:publisher\" content=\"https:\/\/www.facebook.com\/pages\/Caritas-Diocesana-Bari-Bitonto\/533981476753770\" \/>\r\n<meta property=\"article:published_time\" content=\"2016-02-06T11:42:37+00:00\" \/>\r\n<meta property=\"og:image\" content=\"https:\/\/www.caritasbaribitonto.it\/public\/home\/img\/uploads\/2016\/02\/Quaresima-di-Carita-739x1024.png\" \/>\r\n\t<meta property=\"og:image:width\" content=\"739\" \/>\r\n\t<meta property=\"og:image:height\" content=\"1024\" \/>\r\n\t<meta property=\"og:image:type\" content=\"image\/png\" \/>\r\n<meta name=\"author\" content=\"Giovanni Caputo\" \/>\r\n<meta name=\"twitter:card\" content=\"summary_large_image\" \/>\r\n<meta name=\"twitter:label1\" content=\"Scritto da\" \/>\n\t<meta name=\"twitter:data1\" content=\"Giovanni Caputo\" \/>\n\t<meta name=\"twitter:label2\" content=\"Tempo di lettura stimato\" \/>\n\t<meta name=\"twitter:data2\" content=\"3 minuti\" \/>\r\n<script type=\"application\/ld+json\" class=\"yoast-schema-graph\">{\"@context\":\"https:\/\/schema.org\",\"@graph\":[{\"@type\":\"Article\",\"@id\":\"https:\/\/www.caritasbaribitonto.it\/public\/home\/2016\/02\/quaresima-di-carita-2016\/#article\",\"isPartOf\":{\"@id\":\"https:\/\/www.caritasbaribitonto.it\/public\/home\/2016\/02\/quaresima-di-carita-2016\/\"},\"author\":{\"name\":\"Giovanni Caputo\",\"@id\":\"https:\/\/www.caritasbaribitonto.it\/public\/home\/#\/schema\/person\/06b333402b70fdadb662b68974e8c97a\"},\"headline\":\"QUARESIMA DI CARITA\u2019 2016\",\"datePublished\":\"2016-02-06T11:42:37+00:00\",\"mainEntityOfPage\":{\"@id\":\"https:\/\/www.caritasbaribitonto.it\/public\/home\/2016\/02\/quaresima-di-carita-2016\/\"},\"wordCount\":675,\"publisher\":{\"@id\":\"https:\/\/www.caritasbaribitonto.it\/public\/home\/#organization\"},\"image\":{\"@id\":\"https:\/\/www.caritasbaribitonto.it\/public\/home\/2016\/02\/quaresima-di-carita-2016\/#primaryimage\"},\"thumbnailUrl\":\"https:\/\/www.caritasbaribitonto.it\/public\/home\/img\/uploads\/2016\/02\/Quaresima-di-Carita.png\",\"keywords\":[\"carit\u00e0\",\"misericordia\",\"pellegrinaggio\",\"quaresima\"],\"articleSection\":[\"In Evidenza\",\"Iniziative\"],\"inLanguage\":\"it-IT\"},{\"@type\":\"WebPage\",\"@id\":\"https:\/\/www.caritasbaribitonto.it\/public\/home\/2016\/02\/quaresima-di-carita-2016\/\",\"url\":\"https:\/\/www.caritasbaribitonto.it\/public\/home\/2016\/02\/quaresima-di-carita-2016\/\",\"name\":\"QUARESIMA DI CARITA' 2016\",\"isPartOf\":{\"@id\":\"https:\/\/www.caritasbaribitonto.it\/public\/home\/#website\"},\"primaryImageOfPage\":{\"@id\":\"https:\/\/www.caritasbaribitonto.it\/public\/home\/2016\/02\/quaresima-di-carita-2016\/#primaryimage\"},\"image\":{\"@id\":\"https:\/\/www.caritasbaribitonto.it\/public\/home\/2016\/02\/quaresima-di-carita-2016\/#primaryimage\"},\"thumbnailUrl\":\"https:\/\/www.caritasbaribitonto.it\/public\/home\/img\/uploads\/2016\/02\/Quaresima-di-Carita.png\",\"datePublished\":\"2016-02-06T11:42:37+00:00\",\"description\":\"Proposte quaresima di carit\u00e0 2016\",\"breadcrumb\":{\"@id\":\"https:\/\/www.caritasbaribitonto.it\/public\/home\/2016\/02\/quaresima-di-carita-2016\/#breadcrumb\"},\"inLanguage\":\"it-IT\",\"potentialAction\":[{\"@type\":\"ReadAction\",\"target\":[\"https:\/\/www.caritasbaribitonto.it\/public\/home\/2016\/02\/quaresima-di-carita-2016\/\"]}]},{\"@type\":\"ImageObject\",\"inLanguage\":\"it-IT\",\"@id\":\"https:\/\/www.caritasbaribitonto.it\/public\/home\/2016\/02\/quaresima-di-carita-2016\/#primaryimage\",\"url\":\"https:\/\/www.caritasbaribitonto.it\/public\/home\/img\/uploads\/2016\/02\/Quaresima-di-Carita.png\",\"contentUrl\":\"https:\/\/www.caritasbaribitonto.it\/public\/home\/img\/uploads\/2016\/02\/Quaresima-di-Carita.png\",\"width\":1024,\"height\":1419},{\"@type\":\"BreadcrumbList\",\"@id\":\"https:\/\/www.caritasbaribitonto.it\/public\/home\/2016\/02\/quaresima-di-carita-2016\/#breadcrumb\",\"itemListElement\":[{\"@type\":\"ListItem\",\"position\":1,\"name\":\"Home\",\"item\":\"https:\/\/www.caritasbaribitonto.it\/public\/home\/\"},{\"@type\":\"ListItem\",\"position\":2,\"name\":\"QUARESIMA DI CARITA\u2019 2016\"}]},{\"@type\":\"WebSite\",\"@id\":\"https:\/\/www.caritasbaribitonto.it\/public\/home\/#website\",\"url\":\"https:\/\/www.caritasbaribitonto.it\/public\/home\/\",\"name\":\"Caritas Diocesana Bari-Bitonto\",\"description\":\"I santi della porta accanto\",\"publisher\":{\"@id\":\"https:\/\/www.caritasbaribitonto.it\/public\/home\/#organization\"},\"potentialAction\":[{\"@type\":\"SearchAction\",\"target\":{\"@type\":\"EntryPoint\",\"urlTemplate\":\"https:\/\/www.caritasbaribitonto.it\/public\/home\/?s={search_term_string}\"},\"query-input\":{\"@type\":\"PropertyValueSpecification\",\"valueRequired\":true,\"valueName\":\"search_term_string\"}}],\"inLanguage\":\"it-IT\"},{\"@type\":\"Organization\",\"@id\":\"https:\/\/www.caritasbaribitonto.it\/public\/home\/#organization\",\"name\":\"Caritas Diocesana Bari-Bitonto\",\"url\":\"https:\/\/www.caritasbaribitonto.it\/public\/home\/\",\"logo\":{\"@type\":\"ImageObject\",\"inLanguage\":\"it-IT\",\"@id\":\"https:\/\/www.caritasbaribitonto.it\/public\/home\/#\/schema\/logo\/image\/\",\"url\":\"https:\/\/www.caritasbaribitonto.it\/public\/home\/img\/uploads\/2025\/02\/cropped-cropped-caritas2025_350x112.png\",\"contentUrl\":\"https:\/\/www.caritasbaribitonto.it\/public\/home\/img\/uploads\/2025\/02\/cropped-cropped-caritas2025_350x112.png\",\"width\":350,\"height\":112,\"caption\":\"Caritas Diocesana Bari-Bitonto\"},\"image\":{\"@id\":\"https:\/\/www.caritasbaribitonto.it\/public\/home\/#\/schema\/logo\/image\/\"},\"sameAs\":[\"https:\/\/www.facebook.com\/pages\/Caritas-Diocesana-Bari-Bitonto\/533981476753770\"]},{\"@type\":\"Person\",\"@id\":\"https:\/\/www.caritasbaribitonto.it\/public\/home\/#\/schema\/person\/06b333402b70fdadb662b68974e8c97a\",\"name\":\"Giovanni Caputo\",\"image\":{\"@type\":\"ImageObject\",\"inLanguage\":\"it-IT\",\"@id\":\"https:\/\/www.caritasbaribitonto.it\/public\/home\/#\/schema\/person\/image\/\",\"url\":\"https:\/\/secure.gravatar.com\/avatar\/6c7e9d4e1e2394bfa4e38377bd0b5e03cbf0c79e27918e6497d3f408f89d0d3b?s=96&d=identicon&r=g\",\"contentUrl\":\"https:\/\/secure.gravatar.com\/avatar\/6c7e9d4e1e2394bfa4e38377bd0b5e03cbf0c79e27918e6497d3f408f89d0d3b?s=96&d=identicon&r=g\",\"caption\":\"Giovanni Caputo\"},\"url\":\"https:\/\/www.caritasbaribitonto.it\/public\/home\/author\/admin\/\"}]}<\/script>\r\n<!-- \/ Yoast SEO plugin. -->","yoast_head_json":{"title":"QUARESIMA DI CARITA' 2016","description":"Proposte quaresima di carit\u00e0 2016","robots":{"index":"index","follow":"follow","max-snippet":"max-snippet:-1","max-image-preview":"max-image-preview:large","max-video-preview":"max-video-preview:-1"},"canonical":"https:\/\/www.caritasbaribitonto.it\/public\/home\/2016\/02\/quaresima-di-carita-2016\/","og_locale":"it_IT","og_type":"article","og_title":"QUARESIMA DI CARITA' 2016","og_description":"Proposte quaresima di carit\u00e0 2016","og_url":"https:\/\/www.caritasbaribitonto.it\/public\/home\/2016\/02\/quaresima-di-carita-2016\/","og_site_name":"Caritas Diocesana Bari-Bitonto","article_publisher":"https:\/\/www.facebook.com\/pages\/Caritas-Diocesana-Bari-Bitonto\/533981476753770","article_published_time":"2016-02-06T11:42:37+00:00","og_image":[{"width":739,"height":1024,"url":"https:\/\/www.caritasbaribitonto.it\/public\/home\/img\/uploads\/2016\/02\/Quaresima-di-Carita-739x1024.png","type":"image\/png"}],"author":"Giovanni Caputo","twitter_card":"summary_large_image","twitter_misc":{"Scritto da":"Giovanni Caputo","Tempo di lettura stimato":"3 minuti"},"schema":{"@context":"https:\/\/schema.org","@graph":[{"@type":"Article","@id":"https:\/\/www.caritasbaribitonto.it\/public\/home\/2016\/02\/quaresima-di-carita-2016\/#article","isPartOf":{"@id":"https:\/\/www.caritasbaribitonto.it\/public\/home\/2016\/02\/quaresima-di-carita-2016\/"},"author":{"name":"Giovanni Caputo","@id":"https:\/\/www.caritasbaribitonto.it\/public\/home\/#\/schema\/person\/06b333402b70fdadb662b68974e8c97a"},"headline":"QUARESIMA DI CARITA\u2019 2016","datePublished":"2016-02-06T11:42:37+00:00","mainEntityOfPage":{"@id":"https:\/\/www.caritasbaribitonto.it\/public\/home\/2016\/02\/quaresima-di-carita-2016\/"},"wordCount":675,"publisher":{"@id":"https:\/\/www.caritasbaribitonto.it\/public\/home\/#organization"},"image":{"@id":"https:\/\/www.caritasbaribitonto.it\/public\/home\/2016\/02\/quaresima-di-carita-2016\/#primaryimage"},"thumbnailUrl":"https:\/\/www.caritasbaribitonto.it\/public\/home\/img\/uploads\/2016\/02\/Quaresima-di-Carita.png","keywords":["carit\u00e0","misericordia","pellegrinaggio","quaresima"],"articleSection":["In Evidenza","Iniziative"],"inLanguage":"it-IT"},{"@type":"WebPage","@id":"https:\/\/www.caritasbaribitonto.it\/public\/home\/2016\/02\/quaresima-di-carita-2016\/","url":"https:\/\/www.caritasbaribitonto.it\/public\/home\/2016\/02\/quaresima-di-carita-2016\/","name":"QUARESIMA DI CARITA' 2016","isPartOf":{"@id":"https:\/\/www.caritasbaribitonto.it\/public\/home\/#website"},"primaryImageOfPage":{"@id":"https:\/\/www.caritasbaribitonto.it\/public\/home\/2016\/02\/quaresima-di-carita-2016\/#primaryimage"},"image":{"@id":"https:\/\/www.caritasbaribitonto.it\/public\/home\/2016\/02\/quaresima-di-carita-2016\/#primaryimage"},"thumbnailUrl":"https:\/\/www.caritasbaribitonto.it\/public\/home\/img\/uploads\/2016\/02\/Quaresima-di-Carita.png","datePublished":"2016-02-06T11:42:37+00:00","description":"Proposte quaresima di carit\u00e0 2016","breadcrumb":{"@id":"https:\/\/www.caritasbaribitonto.it\/public\/home\/2016\/02\/quaresima-di-carita-2016\/#breadcrumb"},"inLanguage":"it-IT","potentialAction":[{"@type":"ReadAction","target":["https:\/\/www.caritasbaribitonto.it\/public\/home\/2016\/02\/quaresima-di-carita-2016\/"]}]},{"@type":"ImageObject","inLanguage":"it-IT","@id":"https:\/\/www.caritasbaribitonto.it\/public\/home\/2016\/02\/quaresima-di-carita-2016\/#primaryimage","url":"https:\/\/www.caritasbaribitonto.it\/public\/home\/img\/uploads\/2016\/02\/Quaresima-di-Carita.png","contentUrl":"https:\/\/www.caritasbaribitonto.it\/public\/home\/img\/uploads\/2016\/02\/Quaresima-di-Carita.png","width":1024,"height":1419},{"@type":"BreadcrumbList","@id":"https:\/\/www.caritasbaribitonto.it\/public\/home\/2016\/02\/quaresima-di-carita-2016\/#breadcrumb","itemListElement":[{"@type":"ListItem","position":1,"name":"Home","item":"https:\/\/www.caritasbaribitonto.it\/public\/home\/"},{"@type":"ListItem","position":2,"name":"QUARESIMA DI CARITA\u2019 2016"}]},{"@type":"WebSite","@id":"https:\/\/www.caritasbaribitonto.it\/public\/home\/#website","url":"https:\/\/www.caritasbaribitonto.it\/public\/home\/","name":"Caritas Diocesana Bari-Bitonto","description":"I santi della porta accanto","publisher":{"@id":"https:\/\/www.caritasbaribitonto.it\/public\/home\/#organization"},"potentialAction":[{"@type":"SearchAction","target":{"@type":"EntryPoint","urlTemplate":"https:\/\/www.caritasbaribitonto.it\/public\/home\/?s={search_term_string}"},"query-input":{"@type":"PropertyValueSpecification","valueRequired":true,"valueName":"search_term_string"}}],"inLanguage":"it-IT"},{"@type":"Organization","@id":"https:\/\/www.caritasbaribitonto.it\/public\/home\/#organization","name":"Caritas Diocesana Bari-Bitonto","url":"https:\/\/www.caritasbaribitonto.it\/public\/home\/","logo":{"@type":"ImageObject","inLanguage":"it-IT","@id":"https:\/\/www.caritasbaribitonto.it\/public\/home\/#\/schema\/logo\/image\/","url":"https:\/\/www.caritasbaribitonto.it\/public\/home\/img\/uploads\/2025\/02\/cropped-cropped-caritas2025_350x112.png","contentUrl":"https:\/\/www.caritasbaribitonto.it\/public\/home\/img\/uploads\/2025\/02\/cropped-cropped-caritas2025_350x112.png","width":350,"height":112,"caption":"Caritas Diocesana Bari-Bitonto"},"image":{"@id":"https:\/\/www.caritasbaribitonto.it\/public\/home\/#\/schema\/logo\/image\/"},"sameAs":["https:\/\/www.facebook.com\/pages\/Caritas-Diocesana-Bari-Bitonto\/533981476753770"]},{"@type":"Person","@id":"https:\/\/www.caritasbaribitonto.it\/public\/home\/#\/schema\/person\/06b333402b70fdadb662b68974e8c97a","name":"Giovanni Caputo","image":{"@type":"ImageObject","inLanguage":"it-IT","@id":"https:\/\/www.caritasbaribitonto.it\/public\/home\/#\/schema\/person\/image\/","url":"https:\/\/secure.gravatar.com\/avatar\/6c7e9d4e1e2394bfa4e38377bd0b5e03cbf0c79e27918e6497d3f408f89d0d3b?s=96&d=identicon&r=g","contentUrl":"https:\/\/secure.gravatar.com\/avatar\/6c7e9d4e1e2394bfa4e38377bd0b5e03cbf0c79e27918e6497d3f408f89d0d3b?s=96&d=identicon&r=g","caption":"Giovanni Caputo"},"url":"https:\/\/www.caritasbaribitonto.it\/public\/home\/author\/admin\/"}]}},"jetpack_featured_media_url":"https:\/\/www.caritasbaribitonto.it\/public\/home\/img\/uploads\/2016\/02\/Quaresima-di-Carita.png","uagb_featured_image_src":{"full":["https:\/\/www.caritasbaribitonto.it\/public\/home\/img\/uploads\/2016\/02\/Quaresima-di-Carita.png",1024,1419,false],"thumbnail":["https:\/\/www.caritasbaribitonto.it\/public\/home\/img\/uploads\/2016\/02\/Quaresima-di-Carita-150x150.png",150,150,true],"medium":["https:\/\/www.caritasbaribitonto.it\/public\/home\/img\/uploads\/2016\/02\/Quaresima-di-Carita-216x300.png",216,300,true],"medium_large":["https:\/\/www.caritasbaribitonto.it\/public\/home\/img\/uploads\/2016\/02\/Quaresima-di-Carita-768x1064.png",768,1064,true],"large":["https:\/\/www.caritasbaribitonto.it\/public\/home\/img\/uploads\/2016\/02\/Quaresima-di-Carita-739x1024.png",739,1024,true],"1536x1536":["https:\/\/www.caritasbaribitonto.it\/public\/home\/img\/uploads\/2016\/02\/Quaresima-di-Carita.png",1024,1419,false],"2048x2048":["https:\/\/www.caritasbaribitonto.it\/public\/home\/img\/uploads\/2016\/02\/Quaresima-di-Carita.png",1024,1419,false]},"uagb_author_info":{"display_name":"Giovanni Caputo","author_link":"https:\/\/www.caritasbaribitonto.it\/public\/home\/author\/admin\/"},"uagb_comment_info":0,"uagb_excerpt":"\u201cVieni in nostro aiuto, o Padre misericordioso, perch\u00e9 possiamo sempre vivere e agire in quella carit\u00e0 che spinse il Cristo [&hellip;]","_links":{"self":[{"href":"https:\/\/www.caritasbaribitonto.it\/public\/home\/wp-json\/wp\/v2\/posts\/3859","targetHints":{"allow":["GET"]}}],"collection":[{"href":"https:\/\/www.caritasbaribitonto.it\/public\/home\/wp-json\/wp\/v2\/posts"}],"about":[{"href":"https:\/\/www.caritasbaribitonto.it\/public\/home\/wp-json\/wp\/v2\/types\/post"}],"author":[{"embeddable":true,"href":"https:\/\/www.caritasbaribitonto.it\/public\/home\/wp-json\/wp\/v2\/users\/1"}],"replies":[{"embeddable":true,"href":"https:\/\/www.caritasbaribitonto.it\/public\/home\/wp-json\/wp\/v2\/comments?post=3859"}],"version-history":[{"count":0,"href":"https:\/\/www.caritasbaribitonto.it\/public\/home\/wp-json\/wp\/v2\/posts\/3859\/revisions"}],"wp:featuredmedia":[{"embeddable":true,"href":"https:\/\/www.caritasbaribitonto.it\/public\/home\/wp-json\/wp\/v2\/media\/3861"}],"wp:attachment":[{"href":"https:\/\/www.caritasbaribitonto.it\/public\/home\/wp-json\/wp\/v2\/media?parent=3859"}],"wp:term":[{"taxonomy":"category","embeddable":true,"href":"https:\/\/www.caritasbaribitonto.it\/public\/home\/wp-json\/wp\/v2\/categories?post=3859"},{"taxonomy":"post_tag","embeddable":true,"href":"https:\/\/www.caritasbaribitonto.it\/public\/home\/wp-json\/wp\/v2\/tags?post=3859"}],"curies":[{"name":"wp","href":"https:\/\/api.w.org\/{rel}","templated":true}]}}