{"id":3672,"date":"2015-11-25T14:41:24","date_gmt":"2015-11-25T13:41:24","guid":{"rendered":"http:\/\/www.caritasbaribitonto.it\/public\/home\/?p=3672"},"modified":"2016-04-30T09:24:26","modified_gmt":"2016-04-30T07:24:26","slug":"sguardi-di-misericordia-giovani-incontro-giovani","status":"publish","type":"post","link":"https:\/\/www.caritasbaribitonto.it\/public\/home\/2015\/11\/sguardi-di-misericordia-giovani-incontro-giovani\/","title":{"rendered":"SGUARDI DI MISERICORDIA &#8211; I giovani incontro ai giovani"},"content":{"rendered":"<p style=\"text-align: justify;\"><a href=\"http:\/\/www.caritasbaribitonto.it\/public\/home\/img\/uploads\/2015\/11\/sguardidiMisericordia.jpg\"><img loading=\"lazy\" decoding=\"async\" class=\"size-medium wp-image-3676 alignright\" src=\"http:\/\/www.caritasbaribitonto.it\/public\/home\/img\/uploads\/2015\/11\/sguardidiMisericordia-209x300.jpg\" alt=\"sguardidiMisericordia\" width=\"209\" height=\"300\" srcset=\"https:\/\/www.caritasbaribitonto.it\/public\/home\/img\/uploads\/2015\/11\/sguardidiMisericordia-209x300.jpg 209w, https:\/\/www.caritasbaribitonto.it\/public\/home\/img\/uploads\/2015\/11\/sguardidiMisericordia-600x862.jpg 600w, https:\/\/www.caritasbaribitonto.it\/public\/home\/img\/uploads\/2015\/11\/sguardidiMisericordia.jpg 627w\" sizes=\"auto, (max-width: 209px) 100vw, 209px\" \/><\/a>Carissimi,<br \/>\nabbiamo pensato, insieme al Servizio Diocesano per la Pastorale Giovanile, di proporre ai giovani delle nostra Diocesi un percorso formativo con l\u2019obiettivo di formarli alla coscienza critica su alcune tematiche attuali legate alla devianza giovanile e alla dottrina sociale della Chiesa in merito, aiutandoli a farsi prossimi di quelle realt\u00e0 giovanili pi\u00f9 lontane e che vivono maggiore disagio o dipendenze.<\/p>\n<p style=\"text-align: justify;\">Per questo il percorso \u00e8 finalizzato alla creazione di un\u00a0<strong>punto d\u2019ascolto Giovani<\/strong>, che sar\u00e0- lo auspichiamo! &#8211; nei prossimi anni possibile riproporre in pi\u00f9 territori della nostra Diocesi.<\/p>\n<p style=\"text-align: justify;\"><div class=\"su-button-center\"><a href=\"http:\/\/www.caritasbaribitonto.it\/public\/home\/2015\/12\/materiale-i-giovani-incontro-ai-giovani-sguardi-di-misericordia\/\" class=\"su-button su-button-style-default\" style=\"color:#FFFFFF;background-color:#109570;border-color:#0d785a;border-radius:9px\" target=\"_self\"><span style=\"color:#FFFFFF;padding:8px 24px;font-size:18px;line-height:27px;border-color:#58b59b;border-radius:9px;text-shadow:none\"><i class=\"sui sui-download\" style=\"font-size:18px;color:#FFFFFF\"><\/i> Download materiale<small style=\"padding-bottom:8px;color:#FFFFFF\">Vai alla pagina dedicata<\/small><\/span><\/a><\/div>\n<p style=\"text-align: justify;\">Ci saranno 4\u00a0\u00a0incontri di preparazione ai quali sono invitati tutti i giovani dai 18 ai 35 anni pi\u00f9 sensibili alle tematiche sviluppate:<\/p>\n<div class=\"su-box su-box-style-bubbles\" id=\"\" style=\"border-color:#7b0000;border-radius:3px;\"><div class=\"su-box-title\" style=\"background-color:#ae3131;color:#FFFFFF;border-top-left-radius:1px;border-top-right-radius:1px\">1. <em>Riconoscere lo<strong> sguardo <\/strong>di una Madre<\/em><\/div><div class=\"su-box-content su-u-clearfix su-u-trim\" style=\"border-bottom-left-radius:1px;border-bottom-right-radius:1px\">\n<p><strong>Interverr\u00e0 don Lino Modesto<br \/>\n<\/strong><\/p>\n<p>Ci lasciamo aiutare a riconoscere lo sguardo che la Chiesa ha, attraverso il Suo magistero, sulle problematiche pi\u00f9 attuali, legate al mondo giovanile.<\/p>\n<p><a href=\"http:\/\/www.caritasbaribitonto.it\/public\/home\/2015\/12\/foto-sguardi-di-misericordia-4-dicembre-2015\/\">GUARDA FOTO<\/a><\/p>\n<\/div><\/div>\n<div class=\"su-box su-box-style-bubbles\" id=\"\" style=\"border-color:#7b0000;border-radius:3px;\"><div class=\"su-box-title\" style=\"background-color:#ae3131;color:#FFFFFF;border-top-left-radius:1px;border-top-right-radius:1px\">2. <i>Uno <b>sguardo<\/b> al territorio<\/i><\/div><div class=\"su-box-content su-u-clearfix su-u-trim\" style=\"border-bottom-left-radius:1px;border-bottom-right-radius:1px\">\n<p><strong>Interverr\u00e0\u00a0\u00a0Orazio Nobile.<\/strong><\/p>\n<p>Saremo condotti ad\u00a0\u00a0avere uno sguardo pi\u00f9 approfondito e critico sulla realt\u00e0 barese: le sue problematiche e le sue risorse.<\/p>\n<\/div><\/div>\n<div class=\"su-box su-box-style-bubbles\" id=\"\" style=\"border-color:#7b0000;border-radius:3px;\"><div class=\"su-box-title\" style=\"background-color:#ae3131;color:#FFFFFF;border-top-left-radius:1px;border-top-right-radius:1px\">3. <i>Aguzziamo <b>lo sguardo<\/b>!<\/i><\/div><div class=\"su-box-content su-u-clearfix su-u-trim\" style=\"border-bottom-left-radius:1px;border-bottom-right-radius:1px\">\n<p><strong>Interverr\u00e0 il magistrato Giuseppe Gatti.<\/strong><\/p>\n<p>Parleremo dell\u2019incidenza sul vivere quotidiano delle forme strutturate di ingiustizia<\/p>\n<\/div><\/div>\n<div class=\"su-box su-box-style-bubbles\" id=\"\" style=\"border-color:#7b0000;border-radius:3px;\"><div class=\"su-box-title\" style=\"background-color:#ae3131;color:#FFFFFF;border-top-left-radius:1px;border-top-right-radius:1px\">4. <i>Punto d\u2019ascolto:una questione di <b>sguardi!<\/b><\/i><\/div><div class=\"su-box-content su-u-clearfix su-u-trim\" style=\"border-bottom-left-radius:1px;border-bottom-right-radius:1px\">\n<p><strong>Interverr\u00e0\u00a0\u00a0\u00a0Walter Nanni &#8211; Caritas Italiana<\/strong><\/p>\n<p>Elementi di ascolto \/ comunicazione<\/p>\n<p>Auto aiuto, nuove forme di solidariet\u00e0.<\/p>\n<\/div><\/div>\n<p style=\"text-align: justify;\">Il primo appuntamento con il <strong>Punto d\u2019Ascolto<\/strong> sar\u00e0\u00a0\u00a0il 29 Gennaio 2016 secondo il calendario che \u00e8 riportato in locandina.<\/p>\n<p style=\"text-align: justify;\">Durante queste serate saranno coinvolti\u00a0\u00a0\u201ctestimoni\u201d di giustizia e di carit\u00e0 del nostro territorio, spazi di confronto e di ascolto e, in quest\u2019anno della Misericordia, sar\u00e0 bello favorire anche la presenza di alcuni sacerdoti cos\u00ec da dare la possibilit\u00e0 a chi lo desidera di ricevere il Sacramento della Riconciliazione.<\/p>\n<p style=\"text-align: justify;\">Vi chiediamo di promuovere l\u2019iniziative presso i vostri gruppi giovanili!!<\/p>\n<p style=\"text-align: justify;\">Grazie<\/p>\n<p style=\"text-align: right;\">don Vito Piccinonna, sr.Mariarosaria<br \/>\ne l&#8217;equipe della Caritas Diocesana<\/p>\n<p style=\"text-align: right;\">\n","protected":false},"excerpt":{"rendered":"<p>Carissimi, abbiamo pensato, insieme al Servizio Diocesano per la Pastorale Giovanile, di proporre ai giovani delle nostra Diocesi un percorso [&hellip;]<\/p>\n","protected":false},"author":1,"featured_media":3676,"comment_status":"closed","ping_status":"open","sticky":false,"template":"","format":"standard","meta":{"_uag_custom_page_level_css":"","site-sidebar-layout":"default","site-content-layout":"","ast-site-content-layout":"default","site-content-style":"default","site-sidebar-style":"default","ast-global-header-display":"","ast-banner-title-visibility":"","ast-main-header-display":"","ast-hfb-above-header-display":"","ast-hfb-below-header-display":"","ast-hfb-mobile-header-display":"","site-post-title":"","ast-breadcrumbs-content":"","ast-featured-img":"","footer-sml-layout":"","theme-transparent-header-meta":"","adv-header-id-meta":"","stick-header-meta":"","header-above-stick-meta":"","header-main-stick-meta":"","header-below-stick-meta":"","astra-migrate-meta-layouts":"default","ast-page-background-enabled":"default","ast-page-background-meta":{"desktop":{"background-color":"var(--ast-global-color-5)","background-image":"","background-repeat":"repeat","background-position":"center center","background-size":"auto","background-attachment":"scroll","background-type":"","background-media":"","overlay-type":"","overlay-color":"","overlay-opacity":"","overlay-gradient":""},"tablet":{"background-color":"","background-image":"","background-repeat":"repeat","background-position":"center center","background-size":"auto","background-attachment":"scroll","background-type":"","background-media":"","overlay-type":"","overlay-color":"","overlay-opacity":"","overlay-gradient":""},"mobile":{"background-color":"","background-image":"","background-repeat":"repeat","background-position":"center center","background-size":"auto","background-attachment":"scroll","background-type":"","background-media":"","overlay-type":"","overlay-color":"","overlay-opacity":"","overlay-gradient":""}},"ast-content-background-meta":{"desktop":{"background-color":"var(--ast-global-color-4)","background-image":"","background-repeat":"repeat","background-position":"center center","background-size":"auto","background-attachment":"scroll","background-type":"","background-media":"","overlay-type":"","overlay-color":"","overlay-opacity":"","overlay-gradient":""},"tablet":{"background-color":"var(--ast-global-color-4)","background-image":"","background-repeat":"repeat","background-position":"center center","background-size":"auto","background-attachment":"scroll","background-type":"","background-media":"","overlay-type":"","overlay-color":"","overlay-opacity":"","overlay-gradient":""},"mobile":{"background-color":"var(--ast-global-color-4)","background-image":"","background-repeat":"repeat","background-position":"center center","background-size":"auto","background-attachment":"scroll","background-type":"","background-media":"","overlay-type":"","overlay-color":"","overlay-opacity":"","overlay-gradient":""}},"footnotes":""},"categories":[215,245,280],"tags":[7,248,249],"class_list":["post-3672","post","type-post","status-publish","format-standard","has-post-thumbnail","hentry","category-formazione","category-formazione-home","category-giovani","tag-caritas","tag-misericordia","tag-pastorale-giovanile"],"gutentor_comment":0,"yoast_head":"<!-- This site is optimized with the Yoast SEO plugin v26.8 - https:\/\/yoast.com\/product\/yoast-seo-wordpress\/ -->\r\n<title>SGUARDI DI MISERICORDIA - I Giovani \u00a0incontro ai giovani<\/title>\r\n<meta name=\"description\" content=\"Percorso formativo per giovani della diocesi\" \/>\r\n<meta name=\"robots\" content=\"index, follow, max-snippet:-1, max-image-preview:large, max-video-preview:-1\" \/>\r\n<link rel=\"canonical\" href=\"https:\/\/www.caritasbaribitonto.it\/public\/home\/2015\/11\/sguardi-di-misericordia-giovani-incontro-giovani\/\" \/>\r\n<meta property=\"og:locale\" content=\"it_IT\" \/>\r\n<meta property=\"og:type\" content=\"article\" \/>\r\n<meta property=\"og:title\" content=\"SGUARDI DI MISERICORDIA - I Giovani \u00a0incontro ai giovani\" \/>\r\n<meta property=\"og:description\" content=\"Percorso formativo per giovani della diocesi\" \/>\r\n<meta property=\"og:url\" content=\"https:\/\/www.caritasbaribitonto.it\/public\/home\/2015\/11\/sguardi-di-misericordia-giovani-incontro-giovani\/\" \/>\r\n<meta property=\"og:site_name\" content=\"Caritas Diocesana Bari-Bitonto\" \/>\r\n<meta property=\"article:publisher\" content=\"https:\/\/www.facebook.com\/pages\/Caritas-Diocesana-Bari-Bitonto\/533981476753770\" \/>\r\n<meta property=\"article:published_time\" content=\"2015-11-25T13:41:24+00:00\" \/>\r\n<meta property=\"article:modified_time\" content=\"2016-04-30T07:24:26+00:00\" \/>\r\n<meta property=\"og:image\" content=\"https:\/\/www.caritasbaribitonto.it\/public\/home\/img\/uploads\/2015\/11\/sguardidiMisericordia.jpg\" \/>\r\n\t<meta property=\"og:image:width\" content=\"627\" \/>\r\n\t<meta property=\"og:image:height\" content=\"901\" \/>\r\n\t<meta property=\"og:image:type\" content=\"image\/jpeg\" \/>\r\n<meta name=\"author\" content=\"Giovanni Caputo\" \/>\r\n<meta name=\"twitter:card\" content=\"summary_large_image\" \/>\r\n<meta name=\"twitter:label1\" content=\"Scritto da\" \/>\n\t<meta name=\"twitter:data1\" content=\"Giovanni Caputo\" \/>\n\t<meta name=\"twitter:label2\" content=\"Tempo di lettura stimato\" \/>\n\t<meta name=\"twitter:data2\" content=\"2 minuti\" \/>\r\n<script type=\"application\/ld+json\" class=\"yoast-schema-graph\">{\"@context\":\"https:\/\/schema.org\",\"@graph\":[{\"@type\":\"Article\",\"@id\":\"https:\/\/www.caritasbaribitonto.it\/public\/home\/2015\/11\/sguardi-di-misericordia-giovani-incontro-giovani\/#article\",\"isPartOf\":{\"@id\":\"https:\/\/www.caritasbaribitonto.it\/public\/home\/2015\/11\/sguardi-di-misericordia-giovani-incontro-giovani\/\"},\"author\":{\"name\":\"Giovanni Caputo\",\"@id\":\"https:\/\/www.caritasbaribitonto.it\/public\/home\/#\/schema\/person\/06b333402b70fdadb662b68974e8c97a\"},\"headline\":\"SGUARDI DI MISERICORDIA &#8211; I giovani incontro ai giovani\",\"datePublished\":\"2015-11-25T13:41:24+00:00\",\"dateModified\":\"2016-04-30T07:24:26+00:00\",\"mainEntityOfPage\":{\"@id\":\"https:\/\/www.caritasbaribitonto.it\/public\/home\/2015\/11\/sguardi-di-misericordia-giovani-incontro-giovani\/\"},\"wordCount\":382,\"publisher\":{\"@id\":\"https:\/\/www.caritasbaribitonto.it\/public\/home\/#organization\"},\"image\":{\"@id\":\"https:\/\/www.caritasbaribitonto.it\/public\/home\/2015\/11\/sguardi-di-misericordia-giovani-incontro-giovani\/#primaryimage\"},\"thumbnailUrl\":\"https:\/\/www.caritasbaribitonto.it\/public\/home\/img\/uploads\/2015\/11\/sguardidiMisericordia.jpg\",\"keywords\":[\"caritas\",\"misericordia\",\"Pastorale Giovanile\"],\"articleSection\":[\"Formazione\",\"Formazione-Home\",\"Giovani\"],\"inLanguage\":\"it-IT\"},{\"@type\":\"WebPage\",\"@id\":\"https:\/\/www.caritasbaribitonto.it\/public\/home\/2015\/11\/sguardi-di-misericordia-giovani-incontro-giovani\/\",\"url\":\"https:\/\/www.caritasbaribitonto.it\/public\/home\/2015\/11\/sguardi-di-misericordia-giovani-incontro-giovani\/\",\"name\":\"SGUARDI DI MISERICORDIA - I Giovani \u00a0incontro ai giovani\",\"isPartOf\":{\"@id\":\"https:\/\/www.caritasbaribitonto.it\/public\/home\/#website\"},\"primaryImageOfPage\":{\"@id\":\"https:\/\/www.caritasbaribitonto.it\/public\/home\/2015\/11\/sguardi-di-misericordia-giovani-incontro-giovani\/#primaryimage\"},\"image\":{\"@id\":\"https:\/\/www.caritasbaribitonto.it\/public\/home\/2015\/11\/sguardi-di-misericordia-giovani-incontro-giovani\/#primaryimage\"},\"thumbnailUrl\":\"https:\/\/www.caritasbaribitonto.it\/public\/home\/img\/uploads\/2015\/11\/sguardidiMisericordia.jpg\",\"datePublished\":\"2015-11-25T13:41:24+00:00\",\"dateModified\":\"2016-04-30T07:24:26+00:00\",\"description\":\"Percorso formativo per giovani della diocesi\",\"breadcrumb\":{\"@id\":\"https:\/\/www.caritasbaribitonto.it\/public\/home\/2015\/11\/sguardi-di-misericordia-giovani-incontro-giovani\/#breadcrumb\"},\"inLanguage\":\"it-IT\",\"potentialAction\":[{\"@type\":\"ReadAction\",\"target\":[\"https:\/\/www.caritasbaribitonto.it\/public\/home\/2015\/11\/sguardi-di-misericordia-giovani-incontro-giovani\/\"]}]},{\"@type\":\"ImageObject\",\"inLanguage\":\"it-IT\",\"@id\":\"https:\/\/www.caritasbaribitonto.it\/public\/home\/2015\/11\/sguardi-di-misericordia-giovani-incontro-giovani\/#primaryimage\",\"url\":\"https:\/\/www.caritasbaribitonto.it\/public\/home\/img\/uploads\/2015\/11\/sguardidiMisericordia.jpg\",\"contentUrl\":\"https:\/\/www.caritasbaribitonto.it\/public\/home\/img\/uploads\/2015\/11\/sguardidiMisericordia.jpg\",\"width\":627,\"height\":901},{\"@type\":\"BreadcrumbList\",\"@id\":\"https:\/\/www.caritasbaribitonto.it\/public\/home\/2015\/11\/sguardi-di-misericordia-giovani-incontro-giovani\/#breadcrumb\",\"itemListElement\":[{\"@type\":\"ListItem\",\"position\":1,\"name\":\"Home\",\"item\":\"https:\/\/www.caritasbaribitonto.it\/public\/home\/\"},{\"@type\":\"ListItem\",\"position\":2,\"name\":\"SGUARDI DI MISERICORDIA &#8211; I giovani incontro ai giovani\"}]},{\"@type\":\"WebSite\",\"@id\":\"https:\/\/www.caritasbaribitonto.it\/public\/home\/#website\",\"url\":\"https:\/\/www.caritasbaribitonto.it\/public\/home\/\",\"name\":\"Caritas Diocesana Bari-Bitonto\",\"description\":\"I santi della porta accanto\",\"publisher\":{\"@id\":\"https:\/\/www.caritasbaribitonto.it\/public\/home\/#organization\"},\"potentialAction\":[{\"@type\":\"SearchAction\",\"target\":{\"@type\":\"EntryPoint\",\"urlTemplate\":\"https:\/\/www.caritasbaribitonto.it\/public\/home\/?s={search_term_string}\"},\"query-input\":{\"@type\":\"PropertyValueSpecification\",\"valueRequired\":true,\"valueName\":\"search_term_string\"}}],\"inLanguage\":\"it-IT\"},{\"@type\":\"Organization\",\"@id\":\"https:\/\/www.caritasbaribitonto.it\/public\/home\/#organization\",\"name\":\"Caritas Diocesana Bari-Bitonto\",\"url\":\"https:\/\/www.caritasbaribitonto.it\/public\/home\/\",\"logo\":{\"@type\":\"ImageObject\",\"inLanguage\":\"it-IT\",\"@id\":\"https:\/\/www.caritasbaribitonto.it\/public\/home\/#\/schema\/logo\/image\/\",\"url\":\"https:\/\/www.caritasbaribitonto.it\/public\/home\/img\/uploads\/2025\/02\/cropped-cropped-caritas2025_350x112.png\",\"contentUrl\":\"https:\/\/www.caritasbaribitonto.it\/public\/home\/img\/uploads\/2025\/02\/cropped-cropped-caritas2025_350x112.png\",\"width\":350,\"height\":112,\"caption\":\"Caritas Diocesana Bari-Bitonto\"},\"image\":{\"@id\":\"https:\/\/www.caritasbaribitonto.it\/public\/home\/#\/schema\/logo\/image\/\"},\"sameAs\":[\"https:\/\/www.facebook.com\/pages\/Caritas-Diocesana-Bari-Bitonto\/533981476753770\"]},{\"@type\":\"Person\",\"@id\":\"https:\/\/www.caritasbaribitonto.it\/public\/home\/#\/schema\/person\/06b333402b70fdadb662b68974e8c97a\",\"name\":\"Giovanni Caputo\",\"image\":{\"@type\":\"ImageObject\",\"inLanguage\":\"it-IT\",\"@id\":\"https:\/\/www.caritasbaribitonto.it\/public\/home\/#\/schema\/person\/image\/\",\"url\":\"https:\/\/secure.gravatar.com\/avatar\/6c7e9d4e1e2394bfa4e38377bd0b5e03cbf0c79e27918e6497d3f408f89d0d3b?s=96&d=identicon&r=g\",\"contentUrl\":\"https:\/\/secure.gravatar.com\/avatar\/6c7e9d4e1e2394bfa4e38377bd0b5e03cbf0c79e27918e6497d3f408f89d0d3b?s=96&d=identicon&r=g\",\"caption\":\"Giovanni Caputo\"},\"url\":\"https:\/\/www.caritasbaribitonto.it\/public\/home\/author\/admin\/\"}]}<\/script>\r\n<!-- \/ Yoast SEO plugin. -->","yoast_head_json":{"title":"SGUARDI DI MISERICORDIA - I Giovani \u00a0incontro ai giovani","description":"Percorso formativo per giovani della diocesi","robots":{"index":"index","follow":"follow","max-snippet":"max-snippet:-1","max-image-preview":"max-image-preview:large","max-video-preview":"max-video-preview:-1"},"canonical":"https:\/\/www.caritasbaribitonto.it\/public\/home\/2015\/11\/sguardi-di-misericordia-giovani-incontro-giovani\/","og_locale":"it_IT","og_type":"article","og_title":"SGUARDI DI MISERICORDIA - I Giovani \u00a0incontro ai giovani","og_description":"Percorso formativo per giovani della diocesi","og_url":"https:\/\/www.caritasbaribitonto.it\/public\/home\/2015\/11\/sguardi-di-misericordia-giovani-incontro-giovani\/","og_site_name":"Caritas Diocesana Bari-Bitonto","article_publisher":"https:\/\/www.facebook.com\/pages\/Caritas-Diocesana-Bari-Bitonto\/533981476753770","article_published_time":"2015-11-25T13:41:24+00:00","article_modified_time":"2016-04-30T07:24:26+00:00","og_image":[{"width":627,"height":901,"url":"https:\/\/www.caritasbaribitonto.it\/public\/home\/img\/uploads\/2015\/11\/sguardidiMisericordia.jpg","type":"image\/jpeg"}],"author":"Giovanni Caputo","twitter_card":"summary_large_image","twitter_misc":{"Scritto da":"Giovanni Caputo","Tempo di lettura stimato":"2 minuti"},"schema":{"@context":"https:\/\/schema.org","@graph":[{"@type":"Article","@id":"https:\/\/www.caritasbaribitonto.it\/public\/home\/2015\/11\/sguardi-di-misericordia-giovani-incontro-giovani\/#article","isPartOf":{"@id":"https:\/\/www.caritasbaribitonto.it\/public\/home\/2015\/11\/sguardi-di-misericordia-giovani-incontro-giovani\/"},"author":{"name":"Giovanni Caputo","@id":"https:\/\/www.caritasbaribitonto.it\/public\/home\/#\/schema\/person\/06b333402b70fdadb662b68974e8c97a"},"headline":"SGUARDI DI MISERICORDIA &#8211; I giovani incontro ai giovani","datePublished":"2015-11-25T13:41:24+00:00","dateModified":"2016-04-30T07:24:26+00:00","mainEntityOfPage":{"@id":"https:\/\/www.caritasbaribitonto.it\/public\/home\/2015\/11\/sguardi-di-misericordia-giovani-incontro-giovani\/"},"wordCount":382,"publisher":{"@id":"https:\/\/www.caritasbaribitonto.it\/public\/home\/#organization"},"image":{"@id":"https:\/\/www.caritasbaribitonto.it\/public\/home\/2015\/11\/sguardi-di-misericordia-giovani-incontro-giovani\/#primaryimage"},"thumbnailUrl":"https:\/\/www.caritasbaribitonto.it\/public\/home\/img\/uploads\/2015\/11\/sguardidiMisericordia.jpg","keywords":["caritas","misericordia","Pastorale Giovanile"],"articleSection":["Formazione","Formazione-Home","Giovani"],"inLanguage":"it-IT"},{"@type":"WebPage","@id":"https:\/\/www.caritasbaribitonto.it\/public\/home\/2015\/11\/sguardi-di-misericordia-giovani-incontro-giovani\/","url":"https:\/\/www.caritasbaribitonto.it\/public\/home\/2015\/11\/sguardi-di-misericordia-giovani-incontro-giovani\/","name":"SGUARDI DI MISERICORDIA - I Giovani \u00a0incontro ai giovani","isPartOf":{"@id":"https:\/\/www.caritasbaribitonto.it\/public\/home\/#website"},"primaryImageOfPage":{"@id":"https:\/\/www.caritasbaribitonto.it\/public\/home\/2015\/11\/sguardi-di-misericordia-giovani-incontro-giovani\/#primaryimage"},"image":{"@id":"https:\/\/www.caritasbaribitonto.it\/public\/home\/2015\/11\/sguardi-di-misericordia-giovani-incontro-giovani\/#primaryimage"},"thumbnailUrl":"https:\/\/www.caritasbaribitonto.it\/public\/home\/img\/uploads\/2015\/11\/sguardidiMisericordia.jpg","datePublished":"2015-11-25T13:41:24+00:00","dateModified":"2016-04-30T07:24:26+00:00","description":"Percorso formativo per giovani della diocesi","breadcrumb":{"@id":"https:\/\/www.caritasbaribitonto.it\/public\/home\/2015\/11\/sguardi-di-misericordia-giovani-incontro-giovani\/#breadcrumb"},"inLanguage":"it-IT","potentialAction":[{"@type":"ReadAction","target":["https:\/\/www.caritasbaribitonto.it\/public\/home\/2015\/11\/sguardi-di-misericordia-giovani-incontro-giovani\/"]}]},{"@type":"ImageObject","inLanguage":"it-IT","@id":"https:\/\/www.caritasbaribitonto.it\/public\/home\/2015\/11\/sguardi-di-misericordia-giovani-incontro-giovani\/#primaryimage","url":"https:\/\/www.caritasbaribitonto.it\/public\/home\/img\/uploads\/2015\/11\/sguardidiMisericordia.jpg","contentUrl":"https:\/\/www.caritasbaribitonto.it\/public\/home\/img\/uploads\/2015\/11\/sguardidiMisericordia.jpg","width":627,"height":901},{"@type":"BreadcrumbList","@id":"https:\/\/www.caritasbaribitonto.it\/public\/home\/2015\/11\/sguardi-di-misericordia-giovani-incontro-giovani\/#breadcrumb","itemListElement":[{"@type":"ListItem","position":1,"name":"Home","item":"https:\/\/www.caritasbaribitonto.it\/public\/home\/"},{"@type":"ListItem","position":2,"name":"SGUARDI DI MISERICORDIA &#8211; I giovani incontro ai giovani"}]},{"@type":"WebSite","@id":"https:\/\/www.caritasbaribitonto.it\/public\/home\/#website","url":"https:\/\/www.caritasbaribitonto.it\/public\/home\/","name":"Caritas Diocesana Bari-Bitonto","description":"I santi della porta accanto","publisher":{"@id":"https:\/\/www.caritasbaribitonto.it\/public\/home\/#organization"},"potentialAction":[{"@type":"SearchAction","target":{"@type":"EntryPoint","urlTemplate":"https:\/\/www.caritasbaribitonto.it\/public\/home\/?s={search_term_string}"},"query-input":{"@type":"PropertyValueSpecification","valueRequired":true,"valueName":"search_term_string"}}],"inLanguage":"it-IT"},{"@type":"Organization","@id":"https:\/\/www.caritasbaribitonto.it\/public\/home\/#organization","name":"Caritas Diocesana Bari-Bitonto","url":"https:\/\/www.caritasbaribitonto.it\/public\/home\/","logo":{"@type":"ImageObject","inLanguage":"it-IT","@id":"https:\/\/www.caritasbaribitonto.it\/public\/home\/#\/schema\/logo\/image\/","url":"https:\/\/www.caritasbaribitonto.it\/public\/home\/img\/uploads\/2025\/02\/cropped-cropped-caritas2025_350x112.png","contentUrl":"https:\/\/www.caritasbaribitonto.it\/public\/home\/img\/uploads\/2025\/02\/cropped-cropped-caritas2025_350x112.png","width":350,"height":112,"caption":"Caritas Diocesana Bari-Bitonto"},"image":{"@id":"https:\/\/www.caritasbaribitonto.it\/public\/home\/#\/schema\/logo\/image\/"},"sameAs":["https:\/\/www.facebook.com\/pages\/Caritas-Diocesana-Bari-Bitonto\/533981476753770"]},{"@type":"Person","@id":"https:\/\/www.caritasbaribitonto.it\/public\/home\/#\/schema\/person\/06b333402b70fdadb662b68974e8c97a","name":"Giovanni Caputo","image":{"@type":"ImageObject","inLanguage":"it-IT","@id":"https:\/\/www.caritasbaribitonto.it\/public\/home\/#\/schema\/person\/image\/","url":"https:\/\/secure.gravatar.com\/avatar\/6c7e9d4e1e2394bfa4e38377bd0b5e03cbf0c79e27918e6497d3f408f89d0d3b?s=96&d=identicon&r=g","contentUrl":"https:\/\/secure.gravatar.com\/avatar\/6c7e9d4e1e2394bfa4e38377bd0b5e03cbf0c79e27918e6497d3f408f89d0d3b?s=96&d=identicon&r=g","caption":"Giovanni Caputo"},"url":"https:\/\/www.caritasbaribitonto.it\/public\/home\/author\/admin\/"}]}},"jetpack_featured_media_url":"https:\/\/www.caritasbaribitonto.it\/public\/home\/img\/uploads\/2015\/11\/sguardidiMisericordia.jpg","uagb_featured_image_src":{"full":["https:\/\/www.caritasbaribitonto.it\/public\/home\/img\/uploads\/2015\/11\/sguardidiMisericordia.jpg",627,901,false],"thumbnail":["https:\/\/www.caritasbaribitonto.it\/public\/home\/img\/uploads\/2015\/11\/sguardidiMisericordia-150x150.jpg",150,150,true],"medium":["https:\/\/www.caritasbaribitonto.it\/public\/home\/img\/uploads\/2015\/11\/sguardidiMisericordia-209x300.jpg",209,300,true],"medium_large":["https:\/\/www.caritasbaribitonto.it\/public\/home\/img\/uploads\/2015\/11\/sguardidiMisericordia.jpg",627,901,false],"large":["https:\/\/www.caritasbaribitonto.it\/public\/home\/img\/uploads\/2015\/11\/sguardidiMisericordia.jpg",627,901,false],"1536x1536":["https:\/\/www.caritasbaribitonto.it\/public\/home\/img\/uploads\/2015\/11\/sguardidiMisericordia.jpg",627,901,false],"2048x2048":["https:\/\/www.caritasbaribitonto.it\/public\/home\/img\/uploads\/2015\/11\/sguardidiMisericordia.jpg",627,901,false]},"uagb_author_info":{"display_name":"Giovanni Caputo","author_link":"https:\/\/www.caritasbaribitonto.it\/public\/home\/author\/admin\/"},"uagb_comment_info":0,"uagb_excerpt":"Carissimi, abbiamo pensato, insieme al Servizio Diocesano per la Pastorale Giovanile, di proporre ai giovani delle nostra Diocesi un percorso [&hellip;]","_links":{"self":[{"href":"https:\/\/www.caritasbaribitonto.it\/public\/home\/wp-json\/wp\/v2\/posts\/3672","targetHints":{"allow":["GET"]}}],"collection":[{"href":"https:\/\/www.caritasbaribitonto.it\/public\/home\/wp-json\/wp\/v2\/posts"}],"about":[{"href":"https:\/\/www.caritasbaribitonto.it\/public\/home\/wp-json\/wp\/v2\/types\/post"}],"author":[{"embeddable":true,"href":"https:\/\/www.caritasbaribitonto.it\/public\/home\/wp-json\/wp\/v2\/users\/1"}],"replies":[{"embeddable":true,"href":"https:\/\/www.caritasbaribitonto.it\/public\/home\/wp-json\/wp\/v2\/comments?post=3672"}],"version-history":[{"count":0,"href":"https:\/\/www.caritasbaribitonto.it\/public\/home\/wp-json\/wp\/v2\/posts\/3672\/revisions"}],"wp:featuredmedia":[{"embeddable":true,"href":"https:\/\/www.caritasbaribitonto.it\/public\/home\/wp-json\/wp\/v2\/media\/3676"}],"wp:attachment":[{"href":"https:\/\/www.caritasbaribitonto.it\/public\/home\/wp-json\/wp\/v2\/media?parent=3672"}],"wp:term":[{"taxonomy":"category","embeddable":true,"href":"https:\/\/www.caritasbaribitonto.it\/public\/home\/wp-json\/wp\/v2\/categories?post=3672"},{"taxonomy":"post_tag","embeddable":true,"href":"https:\/\/www.caritasbaribitonto.it\/public\/home\/wp-json\/wp\/v2\/tags?post=3672"}],"curies":[{"name":"wp","href":"https:\/\/api.w.org\/{rel}","templated":true}]}}