{"id":2575,"date":"2013-03-22T18:52:50","date_gmt":"2013-03-22T17:52:50","guid":{"rendered":"http:\/\/www.caritasbaribitonto.it\/public\/home\/?p=2575"},"modified":"2013-03-22T18:52:50","modified_gmt":"2013-03-22T17:52:50","slug":"la-comunita-della-strana-strada-domenica-24-marzo-2013","status":"publish","type":"post","link":"https:\/\/www.caritasbaribitonto.it\/public\/home\/2013\/03\/la-comunita-della-strana-strada-domenica-24-marzo-2013\/","title":{"rendered":"LA COMUNITA\u2019 DELLA STRANA STRADA &#8211; Domenica 24 Marzo 2013"},"content":{"rendered":"<p><span style=\"color: #993300;\"><em><strong>Dal Vangelo secondo Luca\u00a0(Lc 19,28-40)<\/strong><\/em><\/span><\/p>\n<p><span style=\"color: #993300;\"><em> <img loading=\"lazy\" decoding=\"async\" class=\"alignleft\" alt=\"\" src=\"http:\/\/lilla1979.files.wordpress.com\/2012\/04\/4171168colombe-de-la-paix-gif.png\" width=\"117\" height=\"103\" \/>In quel tempo, Ges\u00f9 camminava davanti a tutti salendo verso Gerusalemme. Quando fu vicino a B\u00e8tfage e a Bet\u00e0nia, presso il monte detto degli Ulivi, invi\u00f2 due discepoli dicendo: \u00abAndate nel villaggio di fronte; entrando, troverete un puledro legato, sul quale non \u00e8 mai salito nessuno. Slegatelo e conducetelo qui. E se qualcuno vi domanda: \u201cPerch\u00e9 lo slegate?\u201d, risponderete cos\u00ec: \u201cIl Signore ne ha bisogno\u201d\u00bb.\u00a0<\/em><\/span><br \/>\n<span style=\"color: #993300;\"><em> Gli inviati andarono e trovarono come aveva loro detto. Mentre slegavano il puledro, i proprietari dissero loro: \u00abPerch\u00e9 slegate il puledro?\u00bb. Essi risposero: \u00abIl Signore ne ha bisogno\u00bb.\u00a0<\/em><\/span><br \/>\n<span style=\"color: #993300;\"><em> Lo condussero allora da Ges\u00f9; e gettati i loro mantelli sul puledro, vi fecero salire Ges\u00f9. Mentre egli avanzava, stendevano i loro mantelli sulla strada. Era ormai vicino alla discesa del monte degli Ulivi, quando tutta la folla dei discepoli, pieni di gioia, cominci\u00f2 a lodare Dio a gran voce per tutti i prodigi che avevano veduto, dicendo:<\/em><\/span><br \/>\n<span style=\"color: #993300;\"><em> \u00abBenedetto colui che viene,<\/em><\/span><br \/>\n<span style=\"color: #993300;\"><em> il re, nel nome del Signore.<\/em><\/span><br \/>\n<span style=\"color: #993300;\"><em> Pace in cielo<\/em><\/span><br \/>\n<span style=\"color: #993300;\"><em> e gloria nel pi\u00f9 alto dei cieli!\u00bb.<\/em><\/span><br \/>\n<span style=\"color: #993300;\"><em> Alcuni farisei tra la folla gli dissero: \u00abMaestro, rimprovera i tuoi discepoli\u00bb. Ma egli rispose: \u00abIo vi dico che, se questi taceranno, grideranno le pietre\u00bb.\u00a0<\/em><\/span><\/p>\n<p>&nbsp;<\/p>\n<p style=\"text-align: center;\"><strong>LA COMUNITA\u2019 DELLA STRANA STRADA<\/strong><\/p>\n<p>\u00a0\u00a0\u00a0\u00a0\u00a0\u00a0\u00a0\u00a0\u00a0\u00a0\u00a0 Il cammino di Ges\u00f9 trova nell\u2019arrivo a Gerusalemme una manifestazione che sconvolge anche gli stessi discepoli. Il Maestro aveva parlato di sofferenza, di percosse, di tensioni e addirittura di morte che facevano da contraltare all\u2019entusiasmo di quanti, lo accolgono al suo arrivo.<\/p>\n<p>Un arrivo a dorso di un puledro e non di un cavallo bianco bardato a festa con i fregi della vittoria. Un Maestro che non passa gli onori militari mentre al suono delle chiarine si esaltano le gesta delle conquiste.<\/p>\n<p>Il Maestro entra in Gerusalemme da re povero ed umile. Il suo richiamo alla semplicit\u00e0 aveva fatto certamente scuola e nonostante tutti quelli che avevano remato contro la sua accoglienza aveva superato anche quelle dei tanti imperatori che obbligavano ai fasti e si facevano servire per gesta compiute da chi loro stessi avevano obbligato ad andare a combattere.<\/p>\n<p>La guerra, Ges\u00f9 l\u2019aveva combattuta a gesti d\u2019amori e di carezze, a parole pronunziate sui colli e in riva al mare; a peccatori e prostitute da perdonare; ad ammalati da risollevare e a bambini da far giocare; a scribi e farisei da far pensare e a poveri da far ricominciare.<\/p>\n<p>La guerra di Ges\u00f9 stava nella forza della pace, nell\u2019impegno verso gli altri e nella costruzione di barriere da abbattere e da gesti da far continuare in ogni casa, in ogni anfratto, in ogni cuore e in ogni escluso che la stessa societ\u00e0 aveva creato.<\/p>\n<p>E\u2019 la strada da percorrere ancora oggi nella comunit\u00e0 ecclesiale che deve uscire dalla logica dei trionfalismi e degli sfarzi per finire di combattere le guerre armate delle apologie difensivistiche che la pongono contro i muri degli increduli e dei lontani; dei massoni che le remano contro vestendola di facciate colorite e riempendola di denaro quando si trova in difficolt\u00e0.<\/p>\n<p>La comunit\u00e0 che percorre questa strana strada s\u2019impegna per il disarmo e non accetta qualunque tipo di guerra; educa, anche nelle difficolt\u00e0, a non accettare le spese militari e non rifiuta quell\u2019economia di giustizia che \u00e8 l\u2019altra parola della pace. L&#8217;ambiente e l\u2019appassionata cura del creato, la promozione della famiglia e l\u2019educazione alla legalit\u00e0 non va annunziata nella scadenza degli anniversari dei massacrati, ma va costruita quotidianamente nelle aule di catechismo e nella catechesi settimanale, come anche costruita nell\u2019impegno di ciascuno, magari quotidiano, di servire i pi\u00f9 deboli e pi\u00f9 poveri.<\/p>\n<p>E\u2019 questa strana chiesa che profetizza la pace che potr\u00e0 segnare la svolta della nuova evangelizzazione perch\u00e9 si rifiuter\u00e0 di rimanere legata al cappio di una casa (cos\u00ec come facevano coloro che lasciavano i loro animali prima di condurli nelle stalle) e si slegher\u00e0 dalla logica dei compromessi continuando a gridare l\u2019amore verso tutti. E\u2019 una chiesa senza banchi e organi che suonano perch\u00e9 oltre a non trovare posti dove potersi accomodare, a dettare il ritmo della musica nuova, non \u00e8 il ragliare dell\u2019asino ma la sinfonia del servizio e della disponibilit\u00e0.<\/p>\n<p>&nbsp;<\/p>\n<p>Il direttore<\/p>\n<p>Don Antonio Ruccia<\/p>\n","protected":false},"excerpt":{"rendered":"<p>Dal Vangelo secondo Luca\u00a0(Lc 19,28-40) In quel tempo, Ges\u00f9 camminava davanti a tutti salendo verso Gerusalemme. Quando fu vicino a [&hellip;]<\/p>\n","protected":false},"author":1,"featured_media":0,"comment_status":"closed","ping_status":"open","sticky":false,"template":"","format":"standard","meta":{"_uag_custom_page_level_css":"","site-sidebar-layout":"default","site-content-layout":"","ast-site-content-layout":"default","site-content-style":"default","site-sidebar-style":"default","ast-global-header-display":"","ast-banner-title-visibility":"","ast-main-header-display":"","ast-hfb-above-header-display":"","ast-hfb-below-header-display":"","ast-hfb-mobile-header-display":"","site-post-title":"","ast-breadcrumbs-content":"","ast-featured-img":"","footer-sml-layout":"","theme-transparent-header-meta":"","adv-header-id-meta":"","stick-header-meta":"","header-above-stick-meta":"","header-main-stick-meta":"","header-below-stick-meta":"","astra-migrate-meta-layouts":"default","ast-page-background-enabled":"default","ast-page-background-meta":{"desktop":{"background-color":"var(--ast-global-color-5)","background-image":"","background-repeat":"repeat","background-position":"center center","background-size":"auto","background-attachment":"scroll","background-type":"","background-media":"","overlay-type":"","overlay-color":"","overlay-opacity":"","overlay-gradient":""},"tablet":{"background-color":"","background-image":"","background-repeat":"repeat","background-position":"center center","background-size":"auto","background-attachment":"scroll","background-type":"","background-media":"","overlay-type":"","overlay-color":"","overlay-opacity":"","overlay-gradient":""},"mobile":{"background-color":"","background-image":"","background-repeat":"repeat","background-position":"center center","background-size":"auto","background-attachment":"scroll","background-type":"","background-media":"","overlay-type":"","overlay-color":"","overlay-opacity":"","overlay-gradient":""}},"ast-content-background-meta":{"desktop":{"background-color":"var(--ast-global-color-4)","background-image":"","background-repeat":"repeat","background-position":"center center","background-size":"auto","background-attachment":"scroll","background-type":"","background-media":"","overlay-type":"","overlay-color":"","overlay-opacity":"","overlay-gradient":""},"tablet":{"background-color":"var(--ast-global-color-4)","background-image":"","background-repeat":"repeat","background-position":"center center","background-size":"auto","background-attachment":"scroll","background-type":"","background-media":"","overlay-type":"","overlay-color":"","overlay-opacity":"","overlay-gradient":""},"mobile":{"background-color":"var(--ast-global-color-4)","background-image":"","background-repeat":"repeat","background-position":"center center","background-size":"auto","background-attachment":"scroll","background-type":"","background-media":"","overlay-type":"","overlay-color":"","overlay-opacity":"","overlay-gradient":""}},"footnotes":""},"categories":[20],"tags":[],"class_list":["post-2575","post","type-post","status-publish","format-standard","hentry","category-commenti-vangelo"],"gutentor_comment":0,"yoast_head":"<!-- This site is optimized with the Yoast SEO plugin v26.8 - https:\/\/yoast.com\/product\/yoast-seo-wordpress\/ -->\r\n<title>LA COMUNITA\u2019 DELLA STRANA STRADA - Domenica 24 Marzo 2013 - Caritas Diocesana Bari-Bitonto<\/title>\r\n<meta name=\"robots\" content=\"index, follow, max-snippet:-1, max-image-preview:large, max-video-preview:-1\" \/>\r\n<link rel=\"canonical\" href=\"https:\/\/www.caritasbaribitonto.it\/public\/home\/2013\/03\/la-comunita-della-strana-strada-domenica-24-marzo-2013\/\" \/>\r\n<meta property=\"og:locale\" content=\"it_IT\" \/>\r\n<meta property=\"og:type\" content=\"article\" \/>\r\n<meta property=\"og:title\" content=\"LA COMUNITA\u2019 DELLA STRANA STRADA - Domenica 24 Marzo 2013 - Caritas Diocesana Bari-Bitonto\" \/>\r\n<meta property=\"og:description\" content=\"Dal Vangelo secondo Luca\u00a0(Lc 19,28-40) In quel tempo, Ges\u00f9 camminava davanti a tutti salendo verso Gerusalemme. Quando fu vicino a [&hellip;]\" \/>\r\n<meta property=\"og:url\" content=\"https:\/\/www.caritasbaribitonto.it\/public\/home\/2013\/03\/la-comunita-della-strana-strada-domenica-24-marzo-2013\/\" \/>\r\n<meta property=\"og:site_name\" content=\"Caritas Diocesana Bari-Bitonto\" \/>\r\n<meta property=\"article:publisher\" content=\"https:\/\/www.facebook.com\/pages\/Caritas-Diocesana-Bari-Bitonto\/533981476753770\" \/>\r\n<meta property=\"article:published_time\" content=\"2013-03-22T17:52:50+00:00\" \/>\r\n<meta property=\"og:image\" content=\"http:\/\/lilla1979.files.wordpress.com\/2012\/04\/4171168colombe-de-la-paix-gif.png\" \/>\r\n<meta name=\"author\" content=\"Giovanni Caputo\" \/>\r\n<meta name=\"twitter:card\" content=\"summary_large_image\" \/>\r\n<meta name=\"twitter:label1\" content=\"Scritto da\" \/>\n\t<meta name=\"twitter:data1\" content=\"Giovanni Caputo\" \/>\n\t<meta name=\"twitter:label2\" content=\"Tempo di lettura stimato\" \/>\n\t<meta name=\"twitter:data2\" content=\"4 minuti\" \/>\r\n<script type=\"application\/ld+json\" class=\"yoast-schema-graph\">{\"@context\":\"https:\/\/schema.org\",\"@graph\":[{\"@type\":\"Article\",\"@id\":\"https:\/\/www.caritasbaribitonto.it\/public\/home\/2013\/03\/la-comunita-della-strana-strada-domenica-24-marzo-2013\/#article\",\"isPartOf\":{\"@id\":\"https:\/\/www.caritasbaribitonto.it\/public\/home\/2013\/03\/la-comunita-della-strana-strada-domenica-24-marzo-2013\/\"},\"author\":{\"name\":\"Giovanni Caputo\",\"@id\":\"https:\/\/www.caritasbaribitonto.it\/public\/home\/#\/schema\/person\/06b333402b70fdadb662b68974e8c97a\"},\"headline\":\"LA COMUNITA\u2019 DELLA STRANA STRADA &#8211; Domenica 24 Marzo 2013\",\"datePublished\":\"2013-03-22T17:52:50+00:00\",\"mainEntityOfPage\":{\"@id\":\"https:\/\/www.caritasbaribitonto.it\/public\/home\/2013\/03\/la-comunita-della-strana-strada-domenica-24-marzo-2013\/\"},\"wordCount\":713,\"publisher\":{\"@id\":\"https:\/\/www.caritasbaribitonto.it\/public\/home\/#organization\"},\"image\":{\"@id\":\"https:\/\/www.caritasbaribitonto.it\/public\/home\/2013\/03\/la-comunita-della-strana-strada-domenica-24-marzo-2013\/#primaryimage\"},\"thumbnailUrl\":\"http:\/\/lilla1979.files.wordpress.com\/2012\/04\/4171168colombe-de-la-paix-gif.png\",\"articleSection\":[\"Commenti Vangelo\"],\"inLanguage\":\"it-IT\"},{\"@type\":\"WebPage\",\"@id\":\"https:\/\/www.caritasbaribitonto.it\/public\/home\/2013\/03\/la-comunita-della-strana-strada-domenica-24-marzo-2013\/\",\"url\":\"https:\/\/www.caritasbaribitonto.it\/public\/home\/2013\/03\/la-comunita-della-strana-strada-domenica-24-marzo-2013\/\",\"name\":\"LA COMUNITA\u2019 DELLA STRANA STRADA - Domenica 24 Marzo 2013 - Caritas Diocesana Bari-Bitonto\",\"isPartOf\":{\"@id\":\"https:\/\/www.caritasbaribitonto.it\/public\/home\/#website\"},\"primaryImageOfPage\":{\"@id\":\"https:\/\/www.caritasbaribitonto.it\/public\/home\/2013\/03\/la-comunita-della-strana-strada-domenica-24-marzo-2013\/#primaryimage\"},\"image\":{\"@id\":\"https:\/\/www.caritasbaribitonto.it\/public\/home\/2013\/03\/la-comunita-della-strana-strada-domenica-24-marzo-2013\/#primaryimage\"},\"thumbnailUrl\":\"http:\/\/lilla1979.files.wordpress.com\/2012\/04\/4171168colombe-de-la-paix-gif.png\",\"datePublished\":\"2013-03-22T17:52:50+00:00\",\"breadcrumb\":{\"@id\":\"https:\/\/www.caritasbaribitonto.it\/public\/home\/2013\/03\/la-comunita-della-strana-strada-domenica-24-marzo-2013\/#breadcrumb\"},\"inLanguage\":\"it-IT\",\"potentialAction\":[{\"@type\":\"ReadAction\",\"target\":[\"https:\/\/www.caritasbaribitonto.it\/public\/home\/2013\/03\/la-comunita-della-strana-strada-domenica-24-marzo-2013\/\"]}]},{\"@type\":\"ImageObject\",\"inLanguage\":\"it-IT\",\"@id\":\"https:\/\/www.caritasbaribitonto.it\/public\/home\/2013\/03\/la-comunita-della-strana-strada-domenica-24-marzo-2013\/#primaryimage\",\"url\":\"http:\/\/lilla1979.files.wordpress.com\/2012\/04\/4171168colombe-de-la-paix-gif.png\",\"contentUrl\":\"http:\/\/lilla1979.files.wordpress.com\/2012\/04\/4171168colombe-de-la-paix-gif.png\"},{\"@type\":\"BreadcrumbList\",\"@id\":\"https:\/\/www.caritasbaribitonto.it\/public\/home\/2013\/03\/la-comunita-della-strana-strada-domenica-24-marzo-2013\/#breadcrumb\",\"itemListElement\":[{\"@type\":\"ListItem\",\"position\":1,\"name\":\"Home\",\"item\":\"https:\/\/www.caritasbaribitonto.it\/public\/home\/\"},{\"@type\":\"ListItem\",\"position\":2,\"name\":\"LA COMUNITA\u2019 DELLA STRANA STRADA &#8211; Domenica 24 Marzo 2013\"}]},{\"@type\":\"WebSite\",\"@id\":\"https:\/\/www.caritasbaribitonto.it\/public\/home\/#website\",\"url\":\"https:\/\/www.caritasbaribitonto.it\/public\/home\/\",\"name\":\"Caritas Diocesana Bari-Bitonto\",\"description\":\"I santi della porta accanto\",\"publisher\":{\"@id\":\"https:\/\/www.caritasbaribitonto.it\/public\/home\/#organization\"},\"potentialAction\":[{\"@type\":\"SearchAction\",\"target\":{\"@type\":\"EntryPoint\",\"urlTemplate\":\"https:\/\/www.caritasbaribitonto.it\/public\/home\/?s={search_term_string}\"},\"query-input\":{\"@type\":\"PropertyValueSpecification\",\"valueRequired\":true,\"valueName\":\"search_term_string\"}}],\"inLanguage\":\"it-IT\"},{\"@type\":\"Organization\",\"@id\":\"https:\/\/www.caritasbaribitonto.it\/public\/home\/#organization\",\"name\":\"Caritas Diocesana Bari-Bitonto\",\"url\":\"https:\/\/www.caritasbaribitonto.it\/public\/home\/\",\"logo\":{\"@type\":\"ImageObject\",\"inLanguage\":\"it-IT\",\"@id\":\"https:\/\/www.caritasbaribitonto.it\/public\/home\/#\/schema\/logo\/image\/\",\"url\":\"https:\/\/www.caritasbaribitonto.it\/public\/home\/img\/uploads\/2025\/02\/cropped-cropped-caritas2025_350x112.png\",\"contentUrl\":\"https:\/\/www.caritasbaribitonto.it\/public\/home\/img\/uploads\/2025\/02\/cropped-cropped-caritas2025_350x112.png\",\"width\":350,\"height\":112,\"caption\":\"Caritas Diocesana Bari-Bitonto\"},\"image\":{\"@id\":\"https:\/\/www.caritasbaribitonto.it\/public\/home\/#\/schema\/logo\/image\/\"},\"sameAs\":[\"https:\/\/www.facebook.com\/pages\/Caritas-Diocesana-Bari-Bitonto\/533981476753770\"]},{\"@type\":\"Person\",\"@id\":\"https:\/\/www.caritasbaribitonto.it\/public\/home\/#\/schema\/person\/06b333402b70fdadb662b68974e8c97a\",\"name\":\"Giovanni Caputo\",\"image\":{\"@type\":\"ImageObject\",\"inLanguage\":\"it-IT\",\"@id\":\"https:\/\/www.caritasbaribitonto.it\/public\/home\/#\/schema\/person\/image\/\",\"url\":\"https:\/\/secure.gravatar.com\/avatar\/6c7e9d4e1e2394bfa4e38377bd0b5e03cbf0c79e27918e6497d3f408f89d0d3b?s=96&d=identicon&r=g\",\"contentUrl\":\"https:\/\/secure.gravatar.com\/avatar\/6c7e9d4e1e2394bfa4e38377bd0b5e03cbf0c79e27918e6497d3f408f89d0d3b?s=96&d=identicon&r=g\",\"caption\":\"Giovanni Caputo\"},\"url\":\"https:\/\/www.caritasbaribitonto.it\/public\/home\/author\/admin\/\"}]}<\/script>\r\n<!-- \/ Yoast SEO plugin. -->","yoast_head_json":{"title":"LA COMUNITA\u2019 DELLA STRANA STRADA - Domenica 24 Marzo 2013 - Caritas Diocesana Bari-Bitonto","robots":{"index":"index","follow":"follow","max-snippet":"max-snippet:-1","max-image-preview":"max-image-preview:large","max-video-preview":"max-video-preview:-1"},"canonical":"https:\/\/www.caritasbaribitonto.it\/public\/home\/2013\/03\/la-comunita-della-strana-strada-domenica-24-marzo-2013\/","og_locale":"it_IT","og_type":"article","og_title":"LA COMUNITA\u2019 DELLA STRANA STRADA - Domenica 24 Marzo 2013 - Caritas Diocesana Bari-Bitonto","og_description":"Dal Vangelo secondo Luca\u00a0(Lc 19,28-40) In quel tempo, Ges\u00f9 camminava davanti a tutti salendo verso Gerusalemme. Quando fu vicino a [&hellip;]","og_url":"https:\/\/www.caritasbaribitonto.it\/public\/home\/2013\/03\/la-comunita-della-strana-strada-domenica-24-marzo-2013\/","og_site_name":"Caritas Diocesana Bari-Bitonto","article_publisher":"https:\/\/www.facebook.com\/pages\/Caritas-Diocesana-Bari-Bitonto\/533981476753770","article_published_time":"2013-03-22T17:52:50+00:00","og_image":[{"url":"http:\/\/lilla1979.files.wordpress.com\/2012\/04\/4171168colombe-de-la-paix-gif.png","type":"","width":"","height":""}],"author":"Giovanni Caputo","twitter_card":"summary_large_image","twitter_misc":{"Scritto da":"Giovanni Caputo","Tempo di lettura stimato":"4 minuti"},"schema":{"@context":"https:\/\/schema.org","@graph":[{"@type":"Article","@id":"https:\/\/www.caritasbaribitonto.it\/public\/home\/2013\/03\/la-comunita-della-strana-strada-domenica-24-marzo-2013\/#article","isPartOf":{"@id":"https:\/\/www.caritasbaribitonto.it\/public\/home\/2013\/03\/la-comunita-della-strana-strada-domenica-24-marzo-2013\/"},"author":{"name":"Giovanni Caputo","@id":"https:\/\/www.caritasbaribitonto.it\/public\/home\/#\/schema\/person\/06b333402b70fdadb662b68974e8c97a"},"headline":"LA COMUNITA\u2019 DELLA STRANA STRADA &#8211; Domenica 24 Marzo 2013","datePublished":"2013-03-22T17:52:50+00:00","mainEntityOfPage":{"@id":"https:\/\/www.caritasbaribitonto.it\/public\/home\/2013\/03\/la-comunita-della-strana-strada-domenica-24-marzo-2013\/"},"wordCount":713,"publisher":{"@id":"https:\/\/www.caritasbaribitonto.it\/public\/home\/#organization"},"image":{"@id":"https:\/\/www.caritasbaribitonto.it\/public\/home\/2013\/03\/la-comunita-della-strana-strada-domenica-24-marzo-2013\/#primaryimage"},"thumbnailUrl":"http:\/\/lilla1979.files.wordpress.com\/2012\/04\/4171168colombe-de-la-paix-gif.png","articleSection":["Commenti Vangelo"],"inLanguage":"it-IT"},{"@type":"WebPage","@id":"https:\/\/www.caritasbaribitonto.it\/public\/home\/2013\/03\/la-comunita-della-strana-strada-domenica-24-marzo-2013\/","url":"https:\/\/www.caritasbaribitonto.it\/public\/home\/2013\/03\/la-comunita-della-strana-strada-domenica-24-marzo-2013\/","name":"LA COMUNITA\u2019 DELLA STRANA STRADA - Domenica 24 Marzo 2013 - Caritas Diocesana Bari-Bitonto","isPartOf":{"@id":"https:\/\/www.caritasbaribitonto.it\/public\/home\/#website"},"primaryImageOfPage":{"@id":"https:\/\/www.caritasbaribitonto.it\/public\/home\/2013\/03\/la-comunita-della-strana-strada-domenica-24-marzo-2013\/#primaryimage"},"image":{"@id":"https:\/\/www.caritasbaribitonto.it\/public\/home\/2013\/03\/la-comunita-della-strana-strada-domenica-24-marzo-2013\/#primaryimage"},"thumbnailUrl":"http:\/\/lilla1979.files.wordpress.com\/2012\/04\/4171168colombe-de-la-paix-gif.png","datePublished":"2013-03-22T17:52:50+00:00","breadcrumb":{"@id":"https:\/\/www.caritasbaribitonto.it\/public\/home\/2013\/03\/la-comunita-della-strana-strada-domenica-24-marzo-2013\/#breadcrumb"},"inLanguage":"it-IT","potentialAction":[{"@type":"ReadAction","target":["https:\/\/www.caritasbaribitonto.it\/public\/home\/2013\/03\/la-comunita-della-strana-strada-domenica-24-marzo-2013\/"]}]},{"@type":"ImageObject","inLanguage":"it-IT","@id":"https:\/\/www.caritasbaribitonto.it\/public\/home\/2013\/03\/la-comunita-della-strana-strada-domenica-24-marzo-2013\/#primaryimage","url":"http:\/\/lilla1979.files.wordpress.com\/2012\/04\/4171168colombe-de-la-paix-gif.png","contentUrl":"http:\/\/lilla1979.files.wordpress.com\/2012\/04\/4171168colombe-de-la-paix-gif.png"},{"@type":"BreadcrumbList","@id":"https:\/\/www.caritasbaribitonto.it\/public\/home\/2013\/03\/la-comunita-della-strana-strada-domenica-24-marzo-2013\/#breadcrumb","itemListElement":[{"@type":"ListItem","position":1,"name":"Home","item":"https:\/\/www.caritasbaribitonto.it\/public\/home\/"},{"@type":"ListItem","position":2,"name":"LA COMUNITA\u2019 DELLA STRANA STRADA &#8211; Domenica 24 Marzo 2013"}]},{"@type":"WebSite","@id":"https:\/\/www.caritasbaribitonto.it\/public\/home\/#website","url":"https:\/\/www.caritasbaribitonto.it\/public\/home\/","name":"Caritas Diocesana Bari-Bitonto","description":"I santi della porta accanto","publisher":{"@id":"https:\/\/www.caritasbaribitonto.it\/public\/home\/#organization"},"potentialAction":[{"@type":"SearchAction","target":{"@type":"EntryPoint","urlTemplate":"https:\/\/www.caritasbaribitonto.it\/public\/home\/?s={search_term_string}"},"query-input":{"@type":"PropertyValueSpecification","valueRequired":true,"valueName":"search_term_string"}}],"inLanguage":"it-IT"},{"@type":"Organization","@id":"https:\/\/www.caritasbaribitonto.it\/public\/home\/#organization","name":"Caritas Diocesana Bari-Bitonto","url":"https:\/\/www.caritasbaribitonto.it\/public\/home\/","logo":{"@type":"ImageObject","inLanguage":"it-IT","@id":"https:\/\/www.caritasbaribitonto.it\/public\/home\/#\/schema\/logo\/image\/","url":"https:\/\/www.caritasbaribitonto.it\/public\/home\/img\/uploads\/2025\/02\/cropped-cropped-caritas2025_350x112.png","contentUrl":"https:\/\/www.caritasbaribitonto.it\/public\/home\/img\/uploads\/2025\/02\/cropped-cropped-caritas2025_350x112.png","width":350,"height":112,"caption":"Caritas Diocesana Bari-Bitonto"},"image":{"@id":"https:\/\/www.caritasbaribitonto.it\/public\/home\/#\/schema\/logo\/image\/"},"sameAs":["https:\/\/www.facebook.com\/pages\/Caritas-Diocesana-Bari-Bitonto\/533981476753770"]},{"@type":"Person","@id":"https:\/\/www.caritasbaribitonto.it\/public\/home\/#\/schema\/person\/06b333402b70fdadb662b68974e8c97a","name":"Giovanni Caputo","image":{"@type":"ImageObject","inLanguage":"it-IT","@id":"https:\/\/www.caritasbaribitonto.it\/public\/home\/#\/schema\/person\/image\/","url":"https:\/\/secure.gravatar.com\/avatar\/6c7e9d4e1e2394bfa4e38377bd0b5e03cbf0c79e27918e6497d3f408f89d0d3b?s=96&d=identicon&r=g","contentUrl":"https:\/\/secure.gravatar.com\/avatar\/6c7e9d4e1e2394bfa4e38377bd0b5e03cbf0c79e27918e6497d3f408f89d0d3b?s=96&d=identicon&r=g","caption":"Giovanni Caputo"},"url":"https:\/\/www.caritasbaribitonto.it\/public\/home\/author\/admin\/"}]}},"jetpack_featured_media_url":"","uagb_featured_image_src":{"full":false,"thumbnail":false,"medium":false,"medium_large":false,"large":false,"1536x1536":false,"2048x2048":false},"uagb_author_info":{"display_name":"Giovanni Caputo","author_link":"https:\/\/www.caritasbaribitonto.it\/public\/home\/author\/admin\/"},"uagb_comment_info":0,"uagb_excerpt":"Dal Vangelo secondo Luca\u00a0(Lc 19,28-40) In quel tempo, Ges\u00f9 camminava davanti a tutti salendo verso Gerusalemme. Quando fu vicino a [&hellip;]","_links":{"self":[{"href":"https:\/\/www.caritasbaribitonto.it\/public\/home\/wp-json\/wp\/v2\/posts\/2575","targetHints":{"allow":["GET"]}}],"collection":[{"href":"https:\/\/www.caritasbaribitonto.it\/public\/home\/wp-json\/wp\/v2\/posts"}],"about":[{"href":"https:\/\/www.caritasbaribitonto.it\/public\/home\/wp-json\/wp\/v2\/types\/post"}],"author":[{"embeddable":true,"href":"https:\/\/www.caritasbaribitonto.it\/public\/home\/wp-json\/wp\/v2\/users\/1"}],"replies":[{"embeddable":true,"href":"https:\/\/www.caritasbaribitonto.it\/public\/home\/wp-json\/wp\/v2\/comments?post=2575"}],"version-history":[{"count":0,"href":"https:\/\/www.caritasbaribitonto.it\/public\/home\/wp-json\/wp\/v2\/posts\/2575\/revisions"}],"wp:attachment":[{"href":"https:\/\/www.caritasbaribitonto.it\/public\/home\/wp-json\/wp\/v2\/media?parent=2575"}],"wp:term":[{"taxonomy":"category","embeddable":true,"href":"https:\/\/www.caritasbaribitonto.it\/public\/home\/wp-json\/wp\/v2\/categories?post=2575"},{"taxonomy":"post_tag","embeddable":true,"href":"https:\/\/www.caritasbaribitonto.it\/public\/home\/wp-json\/wp\/v2\/tags?post=2575"}],"curies":[{"name":"wp","href":"https:\/\/api.w.org\/{rel}","templated":true}]}}