{"id":2569,"date":"2013-03-09T00:40:00","date_gmt":"2013-03-08T23:40:00","guid":{"rendered":"http:\/\/www.caritasbaribitonto.it\/public\/home\/?p=2569"},"modified":"2013-03-09T00:40:00","modified_gmt":"2013-03-08T23:40:00","slug":"la-casa-dellaccoglienza-domenica-10-marzo-2013","status":"publish","type":"post","link":"https:\/\/www.caritasbaribitonto.it\/public\/home\/2013\/03\/la-casa-dellaccoglienza-domenica-10-marzo-2013\/","title":{"rendered":"La casa dell\u2019accoglienza &#8211; Domenica 10 Marzo 2013"},"content":{"rendered":"<p><em><span style=\"color: #993300;\"><strong>Dal Vangelo secondo Luca (Lc 15,1-3.11-32)\u00a0<\/strong><\/span><\/em><\/p>\n<p><em><span style=\"color: #993300;\"> <img loading=\"lazy\" decoding=\"async\" class=\"alignleft\" alt=\"\" src=\"http:\/\/www.lachiesa.it\/liturgia\/allegati\/icone\/CQ040.jpg\" width=\"97\" height=\"119\" \/>In quel tempo, si avvicinavano a Ges\u00f9 tutti i pubblicani e i peccatori per ascoltarlo. I farisei e gli scribi mormoravano dicendo: \u00abCostui accoglie i peccatori e mangia con loro\u00bb.\u00a0<\/span><\/em><br \/>\n<em><span style=\"color: #993300;\"> Ed egli disse loro questa parabola: \u00abUn uomo aveva due figli. Il pi\u00f9 giovane dei due disse al padre: \u201cPadre, dammi la parte di patrimonio che mi spetta\u201d. Ed egli divise tra loro le sue sostanze. Pochi giorni dopo, il figlio pi\u00f9 giovane, raccolte tutte le sue cose, part\u00ec per un paese lontano e l\u00e0 sperper\u00f2 il suo patrimonio vivendo in modo dissoluto. Quando ebbe speso tutto, sopraggiunse in quel paese una grande carestia ed egli cominci\u00f2 a trovarsi nel bisogno. Allora and\u00f2 a mettersi al servizio di uno degli abitanti di quella regione, che lo mand\u00f2 nei suoi campi a pascolare i porci. Avrebbe voluto saziarsi con le carrube di cui si nutrivano i porci; ma nessuno gli dava nulla. Allora ritorn\u00f2 in s\u00e9 e disse: \u201cQuanti salariati di mio padre hanno pane in abbondanza e io qui muoio di fame! Mi alzer\u00f2, andr\u00f2 da mio padre e gli dir\u00f2: Padre, ho peccato verso il Cielo e davanti a te; non sono pi\u00f9 degno di essere chiamato tuo figlio. Trattami come uno dei tuoi salariati\u201d. Si alz\u00f2 e torn\u00f2 da suo padre.<\/span><\/em><br \/>\n<em><span style=\"color: #993300;\"> Quando era ancora lontano, suo padre lo vide, ebbe compassione, gli corse incontro, gli si gett\u00f2 al collo e lo baci\u00f2. Il figlio gli disse: \u201cPadre, ho peccato verso il Cielo e davanti a te; non sono pi\u00f9 degno di essere chiamato tuo figlio\u201d. Ma il padre disse ai servi: \u201cPresto, portate qui il vestito pi\u00f9 bello e fateglielo indossare, mettetegli l\u2019anello al dito e i sandali ai piedi. Prendete il vitello grasso, ammazzatelo, mangiamo e facciamo festa, perch\u00e9 questo mio figlio era morto ed \u00e8 tornato in vita, era perduto ed \u00e8 stato ritrovato\u201d. E cominciarono a far festa.<\/span><\/em><br \/>\n<em><span style=\"color: #993300;\"> Il figlio maggiore si trovava nei campi. Al ritorno, quando fu vicino a casa, ud\u00ec la musica e le danze; chiam\u00f2 uno dei servi e gli domand\u00f2 che cosa fosse tutto questo. Quello gli rispose: \u201cTuo fratello \u00e8 qui e tuo padre ha fatto ammazzare il vitello grasso, perch\u00e9 lo ha riavuto sano e salvo\u201d. Egli si indign\u00f2, e non voleva entrare. Suo padre allora usc\u00ec a supplicarlo. Ma egli rispose a suo padre: \u201cEcco, io ti servo da tanti anni e non ho mai disobbedito a un tuo comando, e tu non mi hai mai dato un capretto per far festa con i miei amici. Ma ora che \u00e8 tornato questo tuo figlio, il quale ha divorato le tue sostanze con le prostitute, per lui hai ammazzato il vitello grasso\u201d. Gli rispose il padre: \u201cFiglio, tu sei sempre con me e tutto ci\u00f2 che \u00e8 mio \u00e8 tuo; ma bisognava far festa e rallegrarsi, perch\u00e9 questo tuo fratello era morto ed \u00e8 tornato in vita, era perduto ed \u00e8 stato ritrovato\u201d\u00bb.<\/span><\/em><\/p>\n<p style=\"text-align: center;\"><strong>La casa dell\u2019accoglienza<\/strong><\/p>\n<p>\u00a0\u00a0\u00a0\u00a0\u00a0\u00a0\u00a0\u00a0\u00a0\u00a0\u00a0 Nella famiglia della parabola in cui emerge una famiglia, senza mamma, ma tutta dedita al lavoro e ben consolidata con una salda base economica, due figli sembrano prendere direzioni diametralmente opposte pur di non sottostare l\u2019uno all\u2019altro. Il pi\u00f9 giovane preferisce la via dell\u2019inventiva e, senza pretendere nulla di pi\u00f9 quanto gli spetti, parte per un paese lontano. Presto si accorge delle difficolt\u00e0 della vita e con una cattiva gestione del denaro si ritrova tra i porci senza poter usufruire del loro cibo. Il pi\u00f9 grande, tutto casa e lavoro, si ritrova a dover fare i conti con il suo orgoglio e la sua invidia, posto al bivio di una decisione: entrare o ignorare la proposta del padre di far festa con il fratello tornato alla casa dopo aver sperperato tutto.<\/p>\n<p>Resta comunque il padre, il grande protagonista del racconto. Il verbo fondamentale per scoprire quanto sia stato importante il suo ruolo e quanto ancora oggi questa sia la strategia giusta per vivere la fede non pu\u00f2 che essere: <b>uscire<\/b>.<\/p>\n<p>Egli, infatti, visto arrivare il pi\u00f9 giovane <b>esce<\/b> e corre da lui; lo abbraccia e lo bacia. Sembra, inoltre, essere sordo alle parole imparare per l\u2019occasione dallo stesso figlio che invoca il perdono e si affretta a preparargli una festa incomparabile.<\/p>\n<p>Ma \u2026 fa lo stesso nei confronti del figlio maggiore. Oserei dire, fa di pi\u00f9 di quello che ci si attende. <b>Esce <\/b>a pregarlo affinch\u00e9 non manchi alla festa per il ritorno di un figlio morto che \u00e8 tornato in vita.<\/p>\n<p>La casa del padre premuroso prima, buono dopo e gratificante per il futuro \u00e8 il prototipo della chiesa dell\u2019accoglienza che oggi tanti si attendono.\u00a0 Infatti, non si chiede pi\u00f9 una chiesa dei soli sacramenti, ma una comunit\u00e0 che sia accogliente e che oltre l\u2019educazione porga continuamente la sua mano agli allontanati e ai testardi, ai figli discoli e a quelli dalle vedute ristrette. E\u2019 quella chiesa ricercata soprattutto dalla gente in difficolt\u00e0, dalle donne che hanno perso la dignit\u00e0, dai giovani estroversi e contestatori, da chi vuole ancora trovare speranza di fronte ad un mondo di perfetti ed esclusivi che emargina e seleziona solo chi pu\u00f2 dare profitto e convenienza.<\/p>\n<p>E\u2019 la comunit\u00e0 dell\u2019accoglienza che il Signore ci invita a realizzare attraverso la strategia della misericordia che pu\u00f2 permettere di interrogare gli assenti e far meditare i presenti. E\u2019 la comunit\u00e0 dove le porte restano aperte anche di notte e dove il ciborio non richiede la chiave. E\u2019 la comunit\u00e0 di Cristo che non usa la scura e ha le braccia allargate, le ginocchia piegate ed \u00e8 sempre pronta a dare un bacio di affetto anche a chi ha sbagliato.<\/p>\n<p>Per costruire la comunit\u00e0 dell\u2019accoglienza bisogna tornare ad essere una chiesa che diventi casa di tutti, per tutti e con tutti. Per costruire questa struttura <i>dalle bande larghe<\/i> bisogna solo <b>uscire <\/b>e finire di rintanarsi nelle paure del rischio nascosto dietro l\u2019angolo, perch\u00e9 dietro quell\u2019angolo c\u2019\u00e8 sempre un figlio da abbracciare e pregare.<\/p>\n<p>&nbsp;<\/p>\n<p>Il direttore<\/p>\n<p>Don Antonio Ruccia<\/p>\n","protected":false},"excerpt":{"rendered":"<p>Dal Vangelo secondo Luca (Lc 15,1-3.11-32)\u00a0 In quel tempo, si avvicinavano a Ges\u00f9 tutti i pubblicani e i peccatori per [&hellip;]<\/p>\n","protected":false},"author":1,"featured_media":0,"comment_status":"closed","ping_status":"open","sticky":false,"template":"","format":"standard","meta":{"_uag_custom_page_level_css":"","site-sidebar-layout":"default","site-content-layout":"","ast-site-content-layout":"default","site-content-style":"default","site-sidebar-style":"default","ast-global-header-display":"","ast-banner-title-visibility":"","ast-main-header-display":"","ast-hfb-above-header-display":"","ast-hfb-below-header-display":"","ast-hfb-mobile-header-display":"","site-post-title":"","ast-breadcrumbs-content":"","ast-featured-img":"","footer-sml-layout":"","theme-transparent-header-meta":"","adv-header-id-meta":"","stick-header-meta":"","header-above-stick-meta":"","header-main-stick-meta":"","header-below-stick-meta":"","astra-migrate-meta-layouts":"default","ast-page-background-enabled":"default","ast-page-background-meta":{"desktop":{"background-color":"var(--ast-global-color-5)","background-image":"","background-repeat":"repeat","background-position":"center center","background-size":"auto","background-attachment":"scroll","background-type":"","background-media":"","overlay-type":"","overlay-color":"","overlay-opacity":"","overlay-gradient":""},"tablet":{"background-color":"","background-image":"","background-repeat":"repeat","background-position":"center center","background-size":"auto","background-attachment":"scroll","background-type":"","background-media":"","overlay-type":"","overlay-color":"","overlay-opacity":"","overlay-gradient":""},"mobile":{"background-color":"","background-image":"","background-repeat":"repeat","background-position":"center center","background-size":"auto","background-attachment":"scroll","background-type":"","background-media":"","overlay-type":"","overlay-color":"","overlay-opacity":"","overlay-gradient":""}},"ast-content-background-meta":{"desktop":{"background-color":"var(--ast-global-color-4)","background-image":"","background-repeat":"repeat","background-position":"center center","background-size":"auto","background-attachment":"scroll","background-type":"","background-media":"","overlay-type":"","overlay-color":"","overlay-opacity":"","overlay-gradient":""},"tablet":{"background-color":"var(--ast-global-color-4)","background-image":"","background-repeat":"repeat","background-position":"center center","background-size":"auto","background-attachment":"scroll","background-type":"","background-media":"","overlay-type":"","overlay-color":"","overlay-opacity":"","overlay-gradient":""},"mobile":{"background-color":"var(--ast-global-color-4)","background-image":"","background-repeat":"repeat","background-position":"center center","background-size":"auto","background-attachment":"scroll","background-type":"","background-media":"","overlay-type":"","overlay-color":"","overlay-opacity":"","overlay-gradient":""}},"footnotes":""},"categories":[20],"tags":[29,30,62],"class_list":["post-2569","post","type-post","status-publish","format-standard","hentry","category-commenti-vangelo","tag-commento-vangelo","tag-commento-vangelo-don-antonio-ruccia","tag-vangelo-domenicale"],"gutentor_comment":0,"yoast_head":"<!-- This site is optimized with the Yoast SEO plugin v26.8 - https:\/\/yoast.com\/product\/yoast-seo-wordpress\/ -->\r\n<title>La casa dell\u2019accoglienza - Domenica 10 Marzo 2013 - Caritas Diocesana Bari-Bitonto<\/title>\r\n<meta name=\"robots\" content=\"index, follow, max-snippet:-1, max-image-preview:large, max-video-preview:-1\" \/>\r\n<link rel=\"canonical\" href=\"https:\/\/www.caritasbaribitonto.it\/public\/home\/2013\/03\/la-casa-dellaccoglienza-domenica-10-marzo-2013\/\" \/>\r\n<meta property=\"og:locale\" content=\"it_IT\" \/>\r\n<meta property=\"og:type\" content=\"article\" \/>\r\n<meta property=\"og:title\" content=\"La casa dell\u2019accoglienza - Domenica 10 Marzo 2013 - Caritas Diocesana Bari-Bitonto\" \/>\r\n<meta property=\"og:description\" content=\"Dal Vangelo secondo Luca (Lc 15,1-3.11-32)\u00a0 In quel tempo, si avvicinavano a Ges\u00f9 tutti i pubblicani e i peccatori per [&hellip;]\" \/>\r\n<meta property=\"og:url\" content=\"https:\/\/www.caritasbaribitonto.it\/public\/home\/2013\/03\/la-casa-dellaccoglienza-domenica-10-marzo-2013\/\" \/>\r\n<meta property=\"og:site_name\" content=\"Caritas Diocesana Bari-Bitonto\" \/>\r\n<meta property=\"article:publisher\" content=\"https:\/\/www.facebook.com\/pages\/Caritas-Diocesana-Bari-Bitonto\/533981476753770\" \/>\r\n<meta property=\"article:published_time\" content=\"2013-03-08T23:40:00+00:00\" \/>\r\n<meta property=\"og:image\" content=\"http:\/\/www.lachiesa.it\/liturgia\/allegati\/icone\/CQ040.jpg\" \/>\r\n<meta name=\"author\" content=\"Giovanni Caputo\" \/>\r\n<meta name=\"twitter:card\" content=\"summary_large_image\" \/>\r\n<meta name=\"twitter:label1\" content=\"Scritto da\" \/>\n\t<meta name=\"twitter:data1\" content=\"Giovanni Caputo\" \/>\n\t<meta name=\"twitter:label2\" content=\"Tempo di lettura stimato\" \/>\n\t<meta name=\"twitter:data2\" content=\"5 minuti\" \/>\r\n<script type=\"application\/ld+json\" class=\"yoast-schema-graph\">{\"@context\":\"https:\/\/schema.org\",\"@graph\":[{\"@type\":\"Article\",\"@id\":\"https:\/\/www.caritasbaribitonto.it\/public\/home\/2013\/03\/la-casa-dellaccoglienza-domenica-10-marzo-2013\/#article\",\"isPartOf\":{\"@id\":\"https:\/\/www.caritasbaribitonto.it\/public\/home\/2013\/03\/la-casa-dellaccoglienza-domenica-10-marzo-2013\/\"},\"author\":{\"name\":\"Giovanni Caputo\",\"@id\":\"https:\/\/www.caritasbaribitonto.it\/public\/home\/#\/schema\/person\/06b333402b70fdadb662b68974e8c97a\"},\"headline\":\"La casa dell\u2019accoglienza &#8211; Domenica 10 Marzo 2013\",\"datePublished\":\"2013-03-08T23:40:00+00:00\",\"mainEntityOfPage\":{\"@id\":\"https:\/\/www.caritasbaribitonto.it\/public\/home\/2013\/03\/la-casa-dellaccoglienza-domenica-10-marzo-2013\/\"},\"wordCount\":1003,\"publisher\":{\"@id\":\"https:\/\/www.caritasbaribitonto.it\/public\/home\/#organization\"},\"image\":{\"@id\":\"https:\/\/www.caritasbaribitonto.it\/public\/home\/2013\/03\/la-casa-dellaccoglienza-domenica-10-marzo-2013\/#primaryimage\"},\"thumbnailUrl\":\"http:\/\/www.lachiesa.it\/liturgia\/allegati\/icone\/CQ040.jpg\",\"keywords\":[\"commento vangelo\",\"commento vangelo don antonio ruccia\",\"vangelo domenicale\"],\"articleSection\":[\"Commenti Vangelo\"],\"inLanguage\":\"it-IT\"},{\"@type\":\"WebPage\",\"@id\":\"https:\/\/www.caritasbaribitonto.it\/public\/home\/2013\/03\/la-casa-dellaccoglienza-domenica-10-marzo-2013\/\",\"url\":\"https:\/\/www.caritasbaribitonto.it\/public\/home\/2013\/03\/la-casa-dellaccoglienza-domenica-10-marzo-2013\/\",\"name\":\"La casa dell\u2019accoglienza - Domenica 10 Marzo 2013 - Caritas Diocesana Bari-Bitonto\",\"isPartOf\":{\"@id\":\"https:\/\/www.caritasbaribitonto.it\/public\/home\/#website\"},\"primaryImageOfPage\":{\"@id\":\"https:\/\/www.caritasbaribitonto.it\/public\/home\/2013\/03\/la-casa-dellaccoglienza-domenica-10-marzo-2013\/#primaryimage\"},\"image\":{\"@id\":\"https:\/\/www.caritasbaribitonto.it\/public\/home\/2013\/03\/la-casa-dellaccoglienza-domenica-10-marzo-2013\/#primaryimage\"},\"thumbnailUrl\":\"http:\/\/www.lachiesa.it\/liturgia\/allegati\/icone\/CQ040.jpg\",\"datePublished\":\"2013-03-08T23:40:00+00:00\",\"breadcrumb\":{\"@id\":\"https:\/\/www.caritasbaribitonto.it\/public\/home\/2013\/03\/la-casa-dellaccoglienza-domenica-10-marzo-2013\/#breadcrumb\"},\"inLanguage\":\"it-IT\",\"potentialAction\":[{\"@type\":\"ReadAction\",\"target\":[\"https:\/\/www.caritasbaribitonto.it\/public\/home\/2013\/03\/la-casa-dellaccoglienza-domenica-10-marzo-2013\/\"]}]},{\"@type\":\"ImageObject\",\"inLanguage\":\"it-IT\",\"@id\":\"https:\/\/www.caritasbaribitonto.it\/public\/home\/2013\/03\/la-casa-dellaccoglienza-domenica-10-marzo-2013\/#primaryimage\",\"url\":\"http:\/\/www.lachiesa.it\/liturgia\/allegati\/icone\/CQ040.jpg\",\"contentUrl\":\"http:\/\/www.lachiesa.it\/liturgia\/allegati\/icone\/CQ040.jpg\"},{\"@type\":\"BreadcrumbList\",\"@id\":\"https:\/\/www.caritasbaribitonto.it\/public\/home\/2013\/03\/la-casa-dellaccoglienza-domenica-10-marzo-2013\/#breadcrumb\",\"itemListElement\":[{\"@type\":\"ListItem\",\"position\":1,\"name\":\"Home\",\"item\":\"https:\/\/www.caritasbaribitonto.it\/public\/home\/\"},{\"@type\":\"ListItem\",\"position\":2,\"name\":\"La casa dell\u2019accoglienza &#8211; Domenica 10 Marzo 2013\"}]},{\"@type\":\"WebSite\",\"@id\":\"https:\/\/www.caritasbaribitonto.it\/public\/home\/#website\",\"url\":\"https:\/\/www.caritasbaribitonto.it\/public\/home\/\",\"name\":\"Caritas Diocesana Bari-Bitonto\",\"description\":\"I santi della porta accanto\",\"publisher\":{\"@id\":\"https:\/\/www.caritasbaribitonto.it\/public\/home\/#organization\"},\"potentialAction\":[{\"@type\":\"SearchAction\",\"target\":{\"@type\":\"EntryPoint\",\"urlTemplate\":\"https:\/\/www.caritasbaribitonto.it\/public\/home\/?s={search_term_string}\"},\"query-input\":{\"@type\":\"PropertyValueSpecification\",\"valueRequired\":true,\"valueName\":\"search_term_string\"}}],\"inLanguage\":\"it-IT\"},{\"@type\":\"Organization\",\"@id\":\"https:\/\/www.caritasbaribitonto.it\/public\/home\/#organization\",\"name\":\"Caritas Diocesana Bari-Bitonto\",\"url\":\"https:\/\/www.caritasbaribitonto.it\/public\/home\/\",\"logo\":{\"@type\":\"ImageObject\",\"inLanguage\":\"it-IT\",\"@id\":\"https:\/\/www.caritasbaribitonto.it\/public\/home\/#\/schema\/logo\/image\/\",\"url\":\"https:\/\/www.caritasbaribitonto.it\/public\/home\/img\/uploads\/2025\/02\/cropped-cropped-caritas2025_350x112.png\",\"contentUrl\":\"https:\/\/www.caritasbaribitonto.it\/public\/home\/img\/uploads\/2025\/02\/cropped-cropped-caritas2025_350x112.png\",\"width\":350,\"height\":112,\"caption\":\"Caritas Diocesana Bari-Bitonto\"},\"image\":{\"@id\":\"https:\/\/www.caritasbaribitonto.it\/public\/home\/#\/schema\/logo\/image\/\"},\"sameAs\":[\"https:\/\/www.facebook.com\/pages\/Caritas-Diocesana-Bari-Bitonto\/533981476753770\"]},{\"@type\":\"Person\",\"@id\":\"https:\/\/www.caritasbaribitonto.it\/public\/home\/#\/schema\/person\/06b333402b70fdadb662b68974e8c97a\",\"name\":\"Giovanni Caputo\",\"image\":{\"@type\":\"ImageObject\",\"inLanguage\":\"it-IT\",\"@id\":\"https:\/\/www.caritasbaribitonto.it\/public\/home\/#\/schema\/person\/image\/\",\"url\":\"https:\/\/secure.gravatar.com\/avatar\/6c7e9d4e1e2394bfa4e38377bd0b5e03cbf0c79e27918e6497d3f408f89d0d3b?s=96&d=identicon&r=g\",\"contentUrl\":\"https:\/\/secure.gravatar.com\/avatar\/6c7e9d4e1e2394bfa4e38377bd0b5e03cbf0c79e27918e6497d3f408f89d0d3b?s=96&d=identicon&r=g\",\"caption\":\"Giovanni Caputo\"},\"url\":\"https:\/\/www.caritasbaribitonto.it\/public\/home\/author\/admin\/\"}]}<\/script>\r\n<!-- \/ Yoast SEO plugin. -->","yoast_head_json":{"title":"La casa dell\u2019accoglienza - Domenica 10 Marzo 2013 - Caritas Diocesana Bari-Bitonto","robots":{"index":"index","follow":"follow","max-snippet":"max-snippet:-1","max-image-preview":"max-image-preview:large","max-video-preview":"max-video-preview:-1"},"canonical":"https:\/\/www.caritasbaribitonto.it\/public\/home\/2013\/03\/la-casa-dellaccoglienza-domenica-10-marzo-2013\/","og_locale":"it_IT","og_type":"article","og_title":"La casa dell\u2019accoglienza - Domenica 10 Marzo 2013 - Caritas Diocesana Bari-Bitonto","og_description":"Dal Vangelo secondo Luca (Lc 15,1-3.11-32)\u00a0 In quel tempo, si avvicinavano a Ges\u00f9 tutti i pubblicani e i peccatori per [&hellip;]","og_url":"https:\/\/www.caritasbaribitonto.it\/public\/home\/2013\/03\/la-casa-dellaccoglienza-domenica-10-marzo-2013\/","og_site_name":"Caritas Diocesana Bari-Bitonto","article_publisher":"https:\/\/www.facebook.com\/pages\/Caritas-Diocesana-Bari-Bitonto\/533981476753770","article_published_time":"2013-03-08T23:40:00+00:00","og_image":[{"url":"http:\/\/www.lachiesa.it\/liturgia\/allegati\/icone\/CQ040.jpg","type":"","width":"","height":""}],"author":"Giovanni Caputo","twitter_card":"summary_large_image","twitter_misc":{"Scritto da":"Giovanni Caputo","Tempo di lettura stimato":"5 minuti"},"schema":{"@context":"https:\/\/schema.org","@graph":[{"@type":"Article","@id":"https:\/\/www.caritasbaribitonto.it\/public\/home\/2013\/03\/la-casa-dellaccoglienza-domenica-10-marzo-2013\/#article","isPartOf":{"@id":"https:\/\/www.caritasbaribitonto.it\/public\/home\/2013\/03\/la-casa-dellaccoglienza-domenica-10-marzo-2013\/"},"author":{"name":"Giovanni Caputo","@id":"https:\/\/www.caritasbaribitonto.it\/public\/home\/#\/schema\/person\/06b333402b70fdadb662b68974e8c97a"},"headline":"La casa dell\u2019accoglienza &#8211; Domenica 10 Marzo 2013","datePublished":"2013-03-08T23:40:00+00:00","mainEntityOfPage":{"@id":"https:\/\/www.caritasbaribitonto.it\/public\/home\/2013\/03\/la-casa-dellaccoglienza-domenica-10-marzo-2013\/"},"wordCount":1003,"publisher":{"@id":"https:\/\/www.caritasbaribitonto.it\/public\/home\/#organization"},"image":{"@id":"https:\/\/www.caritasbaribitonto.it\/public\/home\/2013\/03\/la-casa-dellaccoglienza-domenica-10-marzo-2013\/#primaryimage"},"thumbnailUrl":"http:\/\/www.lachiesa.it\/liturgia\/allegati\/icone\/CQ040.jpg","keywords":["commento vangelo","commento vangelo don antonio ruccia","vangelo domenicale"],"articleSection":["Commenti Vangelo"],"inLanguage":"it-IT"},{"@type":"WebPage","@id":"https:\/\/www.caritasbaribitonto.it\/public\/home\/2013\/03\/la-casa-dellaccoglienza-domenica-10-marzo-2013\/","url":"https:\/\/www.caritasbaribitonto.it\/public\/home\/2013\/03\/la-casa-dellaccoglienza-domenica-10-marzo-2013\/","name":"La casa dell\u2019accoglienza - Domenica 10 Marzo 2013 - Caritas Diocesana Bari-Bitonto","isPartOf":{"@id":"https:\/\/www.caritasbaribitonto.it\/public\/home\/#website"},"primaryImageOfPage":{"@id":"https:\/\/www.caritasbaribitonto.it\/public\/home\/2013\/03\/la-casa-dellaccoglienza-domenica-10-marzo-2013\/#primaryimage"},"image":{"@id":"https:\/\/www.caritasbaribitonto.it\/public\/home\/2013\/03\/la-casa-dellaccoglienza-domenica-10-marzo-2013\/#primaryimage"},"thumbnailUrl":"http:\/\/www.lachiesa.it\/liturgia\/allegati\/icone\/CQ040.jpg","datePublished":"2013-03-08T23:40:00+00:00","breadcrumb":{"@id":"https:\/\/www.caritasbaribitonto.it\/public\/home\/2013\/03\/la-casa-dellaccoglienza-domenica-10-marzo-2013\/#breadcrumb"},"inLanguage":"it-IT","potentialAction":[{"@type":"ReadAction","target":["https:\/\/www.caritasbaribitonto.it\/public\/home\/2013\/03\/la-casa-dellaccoglienza-domenica-10-marzo-2013\/"]}]},{"@type":"ImageObject","inLanguage":"it-IT","@id":"https:\/\/www.caritasbaribitonto.it\/public\/home\/2013\/03\/la-casa-dellaccoglienza-domenica-10-marzo-2013\/#primaryimage","url":"http:\/\/www.lachiesa.it\/liturgia\/allegati\/icone\/CQ040.jpg","contentUrl":"http:\/\/www.lachiesa.it\/liturgia\/allegati\/icone\/CQ040.jpg"},{"@type":"BreadcrumbList","@id":"https:\/\/www.caritasbaribitonto.it\/public\/home\/2013\/03\/la-casa-dellaccoglienza-domenica-10-marzo-2013\/#breadcrumb","itemListElement":[{"@type":"ListItem","position":1,"name":"Home","item":"https:\/\/www.caritasbaribitonto.it\/public\/home\/"},{"@type":"ListItem","position":2,"name":"La casa dell\u2019accoglienza &#8211; Domenica 10 Marzo 2013"}]},{"@type":"WebSite","@id":"https:\/\/www.caritasbaribitonto.it\/public\/home\/#website","url":"https:\/\/www.caritasbaribitonto.it\/public\/home\/","name":"Caritas Diocesana Bari-Bitonto","description":"I santi della porta accanto","publisher":{"@id":"https:\/\/www.caritasbaribitonto.it\/public\/home\/#organization"},"potentialAction":[{"@type":"SearchAction","target":{"@type":"EntryPoint","urlTemplate":"https:\/\/www.caritasbaribitonto.it\/public\/home\/?s={search_term_string}"},"query-input":{"@type":"PropertyValueSpecification","valueRequired":true,"valueName":"search_term_string"}}],"inLanguage":"it-IT"},{"@type":"Organization","@id":"https:\/\/www.caritasbaribitonto.it\/public\/home\/#organization","name":"Caritas Diocesana Bari-Bitonto","url":"https:\/\/www.caritasbaribitonto.it\/public\/home\/","logo":{"@type":"ImageObject","inLanguage":"it-IT","@id":"https:\/\/www.caritasbaribitonto.it\/public\/home\/#\/schema\/logo\/image\/","url":"https:\/\/www.caritasbaribitonto.it\/public\/home\/img\/uploads\/2025\/02\/cropped-cropped-caritas2025_350x112.png","contentUrl":"https:\/\/www.caritasbaribitonto.it\/public\/home\/img\/uploads\/2025\/02\/cropped-cropped-caritas2025_350x112.png","width":350,"height":112,"caption":"Caritas Diocesana Bari-Bitonto"},"image":{"@id":"https:\/\/www.caritasbaribitonto.it\/public\/home\/#\/schema\/logo\/image\/"},"sameAs":["https:\/\/www.facebook.com\/pages\/Caritas-Diocesana-Bari-Bitonto\/533981476753770"]},{"@type":"Person","@id":"https:\/\/www.caritasbaribitonto.it\/public\/home\/#\/schema\/person\/06b333402b70fdadb662b68974e8c97a","name":"Giovanni Caputo","image":{"@type":"ImageObject","inLanguage":"it-IT","@id":"https:\/\/www.caritasbaribitonto.it\/public\/home\/#\/schema\/person\/image\/","url":"https:\/\/secure.gravatar.com\/avatar\/6c7e9d4e1e2394bfa4e38377bd0b5e03cbf0c79e27918e6497d3f408f89d0d3b?s=96&d=identicon&r=g","contentUrl":"https:\/\/secure.gravatar.com\/avatar\/6c7e9d4e1e2394bfa4e38377bd0b5e03cbf0c79e27918e6497d3f408f89d0d3b?s=96&d=identicon&r=g","caption":"Giovanni Caputo"},"url":"https:\/\/www.caritasbaribitonto.it\/public\/home\/author\/admin\/"}]}},"jetpack_featured_media_url":"","uagb_featured_image_src":{"full":false,"thumbnail":false,"medium":false,"medium_large":false,"large":false,"1536x1536":false,"2048x2048":false},"uagb_author_info":{"display_name":"Giovanni Caputo","author_link":"https:\/\/www.caritasbaribitonto.it\/public\/home\/author\/admin\/"},"uagb_comment_info":0,"uagb_excerpt":"Dal Vangelo secondo Luca (Lc 15,1-3.11-32)\u00a0 In quel tempo, si avvicinavano a Ges\u00f9 tutti i pubblicani e i peccatori per [&hellip;]","_links":{"self":[{"href":"https:\/\/www.caritasbaribitonto.it\/public\/home\/wp-json\/wp\/v2\/posts\/2569","targetHints":{"allow":["GET"]}}],"collection":[{"href":"https:\/\/www.caritasbaribitonto.it\/public\/home\/wp-json\/wp\/v2\/posts"}],"about":[{"href":"https:\/\/www.caritasbaribitonto.it\/public\/home\/wp-json\/wp\/v2\/types\/post"}],"author":[{"embeddable":true,"href":"https:\/\/www.caritasbaribitonto.it\/public\/home\/wp-json\/wp\/v2\/users\/1"}],"replies":[{"embeddable":true,"href":"https:\/\/www.caritasbaribitonto.it\/public\/home\/wp-json\/wp\/v2\/comments?post=2569"}],"version-history":[{"count":0,"href":"https:\/\/www.caritasbaribitonto.it\/public\/home\/wp-json\/wp\/v2\/posts\/2569\/revisions"}],"wp:attachment":[{"href":"https:\/\/www.caritasbaribitonto.it\/public\/home\/wp-json\/wp\/v2\/media?parent=2569"}],"wp:term":[{"taxonomy":"category","embeddable":true,"href":"https:\/\/www.caritasbaribitonto.it\/public\/home\/wp-json\/wp\/v2\/categories?post=2569"},{"taxonomy":"post_tag","embeddable":true,"href":"https:\/\/www.caritasbaribitonto.it\/public\/home\/wp-json\/wp\/v2\/tags?post=2569"}],"curies":[{"name":"wp","href":"https:\/\/api.w.org\/{rel}","templated":true}]}}