{"id":2560,"date":"2013-02-16T10:26:14","date_gmt":"2013-02-16T09:26:14","guid":{"rendered":"http:\/\/www.caritasbaribitonto.it\/public\/home\/?p=2560"},"modified":"2013-02-16T10:26:14","modified_gmt":"2013-02-16T09:26:14","slug":"proposte-e-risposte-domenica-17-febbraio-2013","status":"publish","type":"post","link":"https:\/\/www.caritasbaribitonto.it\/public\/home\/2013\/02\/proposte-e-risposte-domenica-17-febbraio-2013\/","title":{"rendered":"Proposte e risposte &#8211; Domenica 17 Febbraio 2013"},"content":{"rendered":"<p><em><span style=\"color: #993300;\"><strong>Dal Vangelo secondo Luca (Lc 4,1-13)<\/strong><\/span><\/em><\/p>\n<p><em><span style=\"color: #993300;\"> <img loading=\"lazy\" decoding=\"async\" class=\"alignleft\" alt=\"\" src=\"http:\/\/www.lachiesa.it\/liturgia\/allegati\/icone\/CQ010.jpg\" width=\"86\" height=\"105\" \/>In quel tempo, Ges\u00f9, pieno di Spirito Santo, si allontan\u00f2 dal Giordano ed era guidato dallo Spirito nel deserto, per quaranta giorni, tentato dal diavolo. Non mangi\u00f2 nulla in quei giorni, ma quando furono terminati, ebbe fame. Allora il diavolo gli disse: \u00abSe tu sei Figlio di Dio, di\u2019 a questa pietra che diventi pane\u00bb. Ges\u00f9 gli rispose: \u00abSta scritto: \u201cNon di solo pane vivr\u00e0 l\u2019uomo\u201d\u00bb.<\/span><\/em><br \/>\n<em><span style=\"color: #993300;\"> Il diavolo lo condusse in alto, gli mostr\u00f2 in un istante tutti i regni della terra e gli disse: \u00abTi dar\u00f2 tutto questo potere e la loro gloria, perch\u00e9 a me \u00e8 stata data e io la do a chi voglio. Perci\u00f2, se ti prostrerai in adorazione dinanzi a me, tutto sar\u00e0 tuo\u00bb. Ges\u00f9 gli rispose: \u00abSta scritto: \u201cIl Signore, Dio tuo, adorerai: a lui solo renderai culto\u201d\u00bb.<\/span><\/em><br \/>\n<em><span style=\"color: #993300;\"> Lo condusse a Gerusalemme, lo pose sul punto pi\u00f9 alto del tempio e gli disse: \u00abSe tu sei Figlio di Dio, g\u00e8ttati gi\u00f9 di qui; sta scritto infatti: \u201cAi suoi angeli dar\u00e0 ordini a tuo riguardo affinch\u00e9 essi ti custodiscano\u201d; e anche: \u201cEssi ti porteranno sulle loro mani perch\u00e9 il tuo piede non inciampi in una pietra\u201d\u00bb. Ges\u00f9 gli rispose: \u00ab\u00c8 stato detto: \u201cNon metterai alla prova il Signore Dio tuo\u201d\u00bb.\u00a0<\/span><\/em><br \/>\n<em><span style=\"color: #993300;\"> Dopo aver esaurito ogni tentazione, il diavolo si allontan\u00f2 da lui fino al momento fissato.<\/span><\/em><\/p>\n<p>&nbsp;<\/p>\n<p align=\"center\"><b>Proposte e risposte<\/b><\/p>\n<p>Nel cammino Ges\u00f9 sembra dover superare grossi ostacoli prima di giungere alla m\u00e8ta. Sono gli ostacoli che non appaiono trincerati sotto falsi modi di concepire i traguardi della vita e soprattutto sono le luci appariscenti che restano miraggi del deserto.<\/p>\n<p>Lo Spirito aveva condotto Ges\u00f9 sulla strada del deserto e il diavolo non aveva disdegnato di fare il medesimo percorso. Il miraggio del pane, del potere e del successo sono sempre dietro l\u2019angolo e sembrano non stentare mai ad essere tralasciati.<\/p>\n<p><b>Arraffare, assoggettare e assolutizzare<\/b> tutto e tutti sono le tre grandi tentazioni di sempre. Avere tutto e sentirsi grande senza che alcuno possa contraddire quanto affermato. E\u2019 la voglia di quel primeggiare che c\u2019\u00e8 in ciascuno di noi e che scatena la voglia di essere sempre pi\u00f9 grande, di afferrare tutto quanto \u00e8 possibile e a tutti i costi pur di vedere gli altri, compreso Dio, al di sotto di noi.<\/p>\n<p>Sono i desideri intrinseci che si annidano sempre di pi\u00f9 dietro le diverse vicende umane e che nascondono i sotterfugi, le scorciatoie e le supremazie di ogni giorno. Sono i desideri che aiutano a sfuggire dagli impegni e dalla costanza di essere disposti a costruire il domani. Sono le tentazioni che permettono la realizzazione dell\u2019oggi e che tralasciano il domani. Sono i risultati pessimi che quotidianamente distruggono l\u2019uomo e lo rendono intrattabile. Sono le logiche che creano solo avversari prima e nemici dopo.<\/p>\n<p>Ges\u00f9 ci offre risposte chiare e ci indica un itinerario di vita che non \u00e8 cos\u00ec difficile da essere realizzato. Senza il confronto con la Parola di Dio, le ginocchia piegate e il servizio non si costruisce mai nessuna personalit\u00e0 umana. Senza un cammino percorso insieme con gli altri e con gli altri tutto diventa demoniaco.<\/p>\n<p>La tentazione vera dell\u2019uomo \u00e8 quella di essere solo ed unico. La risposta di Ges\u00f9 \u00e8 fin troppo chiara: solo insieme e con gli altri \u00e8 possibile raggiungere risultati inaspettati.\u00a0 La vera risposta all\u2019uomo solo, a quello che contabilizza e che cerca di emergere sugli altri sta in una scelta comunitaria che lo spinga ad andare oltre: oltre se stesso, le proprie voglie e le proprie strategie di potere dove non ci sono miraggi ma certezze. E\u2019 la strategia del servizio e dell\u2019amore disinteressato.<\/p>\n<p>La vera risposta alle tentazioni quotidiane sta nel costruire la comunit\u00e0 della disponibilit\u00e0 e del coinvolgimento che non lascia nessuno solo nel proprio mondo egoistico e che disegna itinerari di amore. La Parola, la preghiera, il servizio sono le metodologie applicative per vivere annunzi nuovi, un culto coinvolgente e un servizio che costruisce una societ\u00e0 migliore.<\/p>\n<p>La quaresima non \u00e8 orientata al venerd\u00ec santo, ma alla Pasqua di risurrezione. Per questo non \u00e8 tempo di mortificazioni, ma di vivificazioni. Si tratta di scoprire forme nuove, originali, inedite, di perdono, di generosit\u00e0 e di servizio, che innalzano la qualit\u00e0 del proprio amore per metterlo in sintonia con quello del Vivente, e cos\u00ec sperimentare la Pasqua come pienezza della vita del Cristo e della comunit\u00e0 ecclesiale.<\/p>\n<p>La chiesa dello <i>stand by<\/i> \u00e8 quella che resta nella tentazione e crolla di fronte nella sua cecit\u00e0 intravedendo miraggi di potere, arrivismo e supremazia dimenticando che la vera scelta indicata da Ges\u00f9 sta nel costruire la comunit\u00e0 dello <i>start up, una comunit\u00e0 dagli sguardi lungimiranti e in continuo movimento<\/i>. E\u2019 la chiesa per tutti, dove oltre ogni logica non s\u2019intravede altro che un uomo da salvare, un bambino da accarezzare, una donna da stracciare alla violenza, un povero da abbracciare, un giovane da consolare, un mondo da amare.<\/p>\n<p>&nbsp;<\/p>\n<p>Il direttore<\/p>\n<style><!--\n\/* Font Definitions *\/\n@font-face\n\t{font-family:\"Cambria Math\";\n\tpanose-1:2 4 5 3 5 4 6 3 2 4;\n\tmso-font-charset:0;\n\tmso-generic-font-family:auto;\n\tmso-font-pitch:variable;\n\tmso-font-signature:3 0 0 0 1 0;}\n@font-face\n\t{font-family:Calibri;\n\tpanose-1:2 15 5 2 2 2 4 3 2 4;\n\tmso-font-charset:0;\n\tmso-generic-font-family:auto;\n\tmso-font-pitch:variable;\n\tmso-font-signature:-520092929 1073786111 9 0 415 0;}\n \/* Style Definitions *\/\np.MsoNormal, li.MsoNormal, div.MsoNormal\n\t{mso-style-unhide:no;\n\tmso-style-qformat:yes;\n\tmso-style-parent:\"\";\n\tmargin-top:0cm;\n\tmargin-right:0cm;\n\tmargin-bottom:10.0pt;\n\tmargin-left:0cm;\n\tline-height:115%;\n\tmso-pagination:widow-orphan;\n\tfont-size:11.0pt;\n\tfont-family:Calibri;\n\tmso-ascii-font-family:Calibri;\n\tmso-ascii-theme-font:minor-latin;\n\tmso-fareast-font-family:Calibri;\n\tmso-fareast-theme-font:minor-latin;\n\tmso-hansi-font-family:Calibri;\n\tmso-hansi-theme-font:minor-latin;\n\tmso-bidi-font-family:\"Times New Roman\";\n\tmso-bidi-theme-font:minor-bidi;\n\tmso-fareast-language:EN-US;}\np\n\t{mso-style-noshow:yes;\n\tmso-style-priority:99;\n\tmso-margin-top-alt:auto;\n\tmargin-right:0cm;\n\tmso-margin-bottom-alt:auto;\n\tmargin-left:0cm;\n\tmso-pagination:widow-orphan;\n\tfont-size:12.0pt;\n\tfont-family:\"Times New Roman\";\n\tmso-fareast-font-family:\"Times New Roman\";}\n.MsoChpDefault\n\t{mso-style-type:export-only;\n\tmso-default-props:yes;\n\tfont-size:11.0pt;\n\tmso-ansi-font-size:11.0pt;\n\tmso-bidi-font-size:11.0pt;\n\tfont-family:Calibri;\n\tmso-ascii-font-family:Calibri;\n\tmso-ascii-theme-font:minor-latin;\n\tmso-fareast-font-family:Calibri;\n\tmso-fareast-theme-font:minor-latin;\n\tmso-hansi-font-family:Calibri;\n\tmso-hansi-theme-font:minor-latin;\n\tmso-bidi-font-family:\"Times New Roman\";\n\tmso-bidi-theme-font:minor-bidi;\n\tmso-fareast-language:EN-US;}\n.MsoPapDefault\n\t{mso-style-type:export-only;\n\tmargin-bottom:10.0pt;\n\tline-height:115%;}\n@page WordSection1\n\t{size:612.0pt 792.0pt;\n\tmargin:70.85pt 2.0cm 2.0cm 2.0cm;\n\tmso-header-margin:36.0pt;\n\tmso-footer-margin:36.0pt;\n\tmso-paper-source:0;}\ndiv.WordSection1\n\t{page:WordSection1;}\n--><\/style>\n<p>Don Antonio Ruccia<\/p>\n","protected":false},"excerpt":{"rendered":"<p>Dal Vangelo secondo Luca (Lc 4,1-13) In quel tempo, Ges\u00f9, pieno di Spirito Santo, si allontan\u00f2 dal Giordano ed era [&hellip;]<\/p>\n","protected":false},"author":1,"featured_media":0,"comment_status":"closed","ping_status":"open","sticky":false,"template":"","format":"standard","meta":{"_uag_custom_page_level_css":"","site-sidebar-layout":"default","site-content-layout":"","ast-site-content-layout":"default","site-content-style":"default","site-sidebar-style":"default","ast-global-header-display":"","ast-banner-title-visibility":"","ast-main-header-display":"","ast-hfb-above-header-display":"","ast-hfb-below-header-display":"","ast-hfb-mobile-header-display":"","site-post-title":"","ast-breadcrumbs-content":"","ast-featured-img":"","footer-sml-layout":"","theme-transparent-header-meta":"","adv-header-id-meta":"","stick-header-meta":"","header-above-stick-meta":"","header-main-stick-meta":"","header-below-stick-meta":"","astra-migrate-meta-layouts":"default","ast-page-background-enabled":"default","ast-page-background-meta":{"desktop":{"background-color":"var(--ast-global-color-5)","background-image":"","background-repeat":"repeat","background-position":"center center","background-size":"auto","background-attachment":"scroll","background-type":"","background-media":"","overlay-type":"","overlay-color":"","overlay-opacity":"","overlay-gradient":""},"tablet":{"background-color":"","background-image":"","background-repeat":"repeat","background-position":"center center","background-size":"auto","background-attachment":"scroll","background-type":"","background-media":"","overlay-type":"","overlay-color":"","overlay-opacity":"","overlay-gradient":""},"mobile":{"background-color":"","background-image":"","background-repeat":"repeat","background-position":"center center","background-size":"auto","background-attachment":"scroll","background-type":"","background-media":"","overlay-type":"","overlay-color":"","overlay-opacity":"","overlay-gradient":""}},"ast-content-background-meta":{"desktop":{"background-color":"var(--ast-global-color-4)","background-image":"","background-repeat":"repeat","background-position":"center center","background-size":"auto","background-attachment":"scroll","background-type":"","background-media":"","overlay-type":"","overlay-color":"","overlay-opacity":"","overlay-gradient":""},"tablet":{"background-color":"var(--ast-global-color-4)","background-image":"","background-repeat":"repeat","background-position":"center center","background-size":"auto","background-attachment":"scroll","background-type":"","background-media":"","overlay-type":"","overlay-color":"","overlay-opacity":"","overlay-gradient":""},"mobile":{"background-color":"var(--ast-global-color-4)","background-image":"","background-repeat":"repeat","background-position":"center center","background-size":"auto","background-attachment":"scroll","background-type":"","background-media":"","overlay-type":"","overlay-color":"","overlay-opacity":"","overlay-gradient":""}},"footnotes":""},"categories":[20],"tags":[35,62],"class_list":["post-2560","post","type-post","status-publish","format-standard","hentry","category-commenti-vangelo","tag-commento-al-vangelo","tag-vangelo-domenicale"],"gutentor_comment":0,"yoast_head":"<!-- This site is optimized with the Yoast SEO plugin v26.8 - https:\/\/yoast.com\/product\/yoast-seo-wordpress\/ -->\r\n<title>Proposte e risposte - Domenica 17 Febbraio 2013 - Caritas Diocesana Bari-Bitonto<\/title>\r\n<meta name=\"robots\" content=\"index, follow, max-snippet:-1, max-image-preview:large, max-video-preview:-1\" \/>\r\n<link rel=\"canonical\" href=\"https:\/\/www.caritasbaribitonto.it\/public\/home\/2013\/02\/proposte-e-risposte-domenica-17-febbraio-2013\/\" \/>\r\n<meta property=\"og:locale\" content=\"it_IT\" \/>\r\n<meta property=\"og:type\" content=\"article\" \/>\r\n<meta property=\"og:title\" content=\"Proposte e risposte - Domenica 17 Febbraio 2013 - Caritas Diocesana Bari-Bitonto\" \/>\r\n<meta property=\"og:description\" content=\"Dal Vangelo secondo Luca (Lc 4,1-13) In quel tempo, Ges\u00f9, pieno di Spirito Santo, si allontan\u00f2 dal Giordano ed era [&hellip;]\" \/>\r\n<meta property=\"og:url\" content=\"https:\/\/www.caritasbaribitonto.it\/public\/home\/2013\/02\/proposte-e-risposte-domenica-17-febbraio-2013\/\" \/>\r\n<meta property=\"og:site_name\" content=\"Caritas Diocesana Bari-Bitonto\" \/>\r\n<meta property=\"article:publisher\" content=\"https:\/\/www.facebook.com\/pages\/Caritas-Diocesana-Bari-Bitonto\/533981476753770\" \/>\r\n<meta property=\"article:published_time\" content=\"2013-02-16T09:26:14+00:00\" \/>\r\n<meta property=\"og:image\" content=\"http:\/\/www.lachiesa.it\/liturgia\/allegati\/icone\/CQ010.jpg\" \/>\r\n<meta name=\"author\" content=\"Giovanni Caputo\" \/>\r\n<meta name=\"twitter:card\" content=\"summary_large_image\" \/>\r\n<meta name=\"twitter:label1\" content=\"Scritto da\" \/>\n\t<meta name=\"twitter:data1\" content=\"Giovanni Caputo\" \/>\n\t<meta name=\"twitter:label2\" content=\"Tempo di lettura stimato\" \/>\n\t<meta name=\"twitter:data2\" content=\"4 minuti\" \/>\r\n<script type=\"application\/ld+json\" class=\"yoast-schema-graph\">{\"@context\":\"https:\/\/schema.org\",\"@graph\":[{\"@type\":\"Article\",\"@id\":\"https:\/\/www.caritasbaribitonto.it\/public\/home\/2013\/02\/proposte-e-risposte-domenica-17-febbraio-2013\/#article\",\"isPartOf\":{\"@id\":\"https:\/\/www.caritasbaribitonto.it\/public\/home\/2013\/02\/proposte-e-risposte-domenica-17-febbraio-2013\/\"},\"author\":{\"name\":\"Giovanni Caputo\",\"@id\":\"https:\/\/www.caritasbaribitonto.it\/public\/home\/#\/schema\/person\/06b333402b70fdadb662b68974e8c97a\"},\"headline\":\"Proposte e risposte &#8211; Domenica 17 Febbraio 2013\",\"datePublished\":\"2013-02-16T09:26:14+00:00\",\"mainEntityOfPage\":{\"@id\":\"https:\/\/www.caritasbaribitonto.it\/public\/home\/2013\/02\/proposte-e-risposte-domenica-17-febbraio-2013\/\"},\"wordCount\":830,\"publisher\":{\"@id\":\"https:\/\/www.caritasbaribitonto.it\/public\/home\/#organization\"},\"image\":{\"@id\":\"https:\/\/www.caritasbaribitonto.it\/public\/home\/2013\/02\/proposte-e-risposte-domenica-17-febbraio-2013\/#primaryimage\"},\"thumbnailUrl\":\"http:\/\/www.lachiesa.it\/liturgia\/allegati\/icone\/CQ010.jpg\",\"keywords\":[\"commento al vangelo\",\"vangelo domenicale\"],\"articleSection\":[\"Commenti Vangelo\"],\"inLanguage\":\"it-IT\"},{\"@type\":\"WebPage\",\"@id\":\"https:\/\/www.caritasbaribitonto.it\/public\/home\/2013\/02\/proposte-e-risposte-domenica-17-febbraio-2013\/\",\"url\":\"https:\/\/www.caritasbaribitonto.it\/public\/home\/2013\/02\/proposte-e-risposte-domenica-17-febbraio-2013\/\",\"name\":\"Proposte e risposte - Domenica 17 Febbraio 2013 - Caritas Diocesana Bari-Bitonto\",\"isPartOf\":{\"@id\":\"https:\/\/www.caritasbaribitonto.it\/public\/home\/#website\"},\"primaryImageOfPage\":{\"@id\":\"https:\/\/www.caritasbaribitonto.it\/public\/home\/2013\/02\/proposte-e-risposte-domenica-17-febbraio-2013\/#primaryimage\"},\"image\":{\"@id\":\"https:\/\/www.caritasbaribitonto.it\/public\/home\/2013\/02\/proposte-e-risposte-domenica-17-febbraio-2013\/#primaryimage\"},\"thumbnailUrl\":\"http:\/\/www.lachiesa.it\/liturgia\/allegati\/icone\/CQ010.jpg\",\"datePublished\":\"2013-02-16T09:26:14+00:00\",\"breadcrumb\":{\"@id\":\"https:\/\/www.caritasbaribitonto.it\/public\/home\/2013\/02\/proposte-e-risposte-domenica-17-febbraio-2013\/#breadcrumb\"},\"inLanguage\":\"it-IT\",\"potentialAction\":[{\"@type\":\"ReadAction\",\"target\":[\"https:\/\/www.caritasbaribitonto.it\/public\/home\/2013\/02\/proposte-e-risposte-domenica-17-febbraio-2013\/\"]}]},{\"@type\":\"ImageObject\",\"inLanguage\":\"it-IT\",\"@id\":\"https:\/\/www.caritasbaribitonto.it\/public\/home\/2013\/02\/proposte-e-risposte-domenica-17-febbraio-2013\/#primaryimage\",\"url\":\"http:\/\/www.lachiesa.it\/liturgia\/allegati\/icone\/CQ010.jpg\",\"contentUrl\":\"http:\/\/www.lachiesa.it\/liturgia\/allegati\/icone\/CQ010.jpg\"},{\"@type\":\"BreadcrumbList\",\"@id\":\"https:\/\/www.caritasbaribitonto.it\/public\/home\/2013\/02\/proposte-e-risposte-domenica-17-febbraio-2013\/#breadcrumb\",\"itemListElement\":[{\"@type\":\"ListItem\",\"position\":1,\"name\":\"Home\",\"item\":\"https:\/\/www.caritasbaribitonto.it\/public\/home\/\"},{\"@type\":\"ListItem\",\"position\":2,\"name\":\"Proposte e risposte &#8211; Domenica 17 Febbraio 2013\"}]},{\"@type\":\"WebSite\",\"@id\":\"https:\/\/www.caritasbaribitonto.it\/public\/home\/#website\",\"url\":\"https:\/\/www.caritasbaribitonto.it\/public\/home\/\",\"name\":\"Caritas Diocesana Bari-Bitonto\",\"description\":\"I santi della porta accanto\",\"publisher\":{\"@id\":\"https:\/\/www.caritasbaribitonto.it\/public\/home\/#organization\"},\"potentialAction\":[{\"@type\":\"SearchAction\",\"target\":{\"@type\":\"EntryPoint\",\"urlTemplate\":\"https:\/\/www.caritasbaribitonto.it\/public\/home\/?s={search_term_string}\"},\"query-input\":{\"@type\":\"PropertyValueSpecification\",\"valueRequired\":true,\"valueName\":\"search_term_string\"}}],\"inLanguage\":\"it-IT\"},{\"@type\":\"Organization\",\"@id\":\"https:\/\/www.caritasbaribitonto.it\/public\/home\/#organization\",\"name\":\"Caritas Diocesana Bari-Bitonto\",\"url\":\"https:\/\/www.caritasbaribitonto.it\/public\/home\/\",\"logo\":{\"@type\":\"ImageObject\",\"inLanguage\":\"it-IT\",\"@id\":\"https:\/\/www.caritasbaribitonto.it\/public\/home\/#\/schema\/logo\/image\/\",\"url\":\"https:\/\/www.caritasbaribitonto.it\/public\/home\/img\/uploads\/2025\/02\/cropped-cropped-caritas2025_350x112.png\",\"contentUrl\":\"https:\/\/www.caritasbaribitonto.it\/public\/home\/img\/uploads\/2025\/02\/cropped-cropped-caritas2025_350x112.png\",\"width\":350,\"height\":112,\"caption\":\"Caritas Diocesana Bari-Bitonto\"},\"image\":{\"@id\":\"https:\/\/www.caritasbaribitonto.it\/public\/home\/#\/schema\/logo\/image\/\"},\"sameAs\":[\"https:\/\/www.facebook.com\/pages\/Caritas-Diocesana-Bari-Bitonto\/533981476753770\"]},{\"@type\":\"Person\",\"@id\":\"https:\/\/www.caritasbaribitonto.it\/public\/home\/#\/schema\/person\/06b333402b70fdadb662b68974e8c97a\",\"name\":\"Giovanni Caputo\",\"image\":{\"@type\":\"ImageObject\",\"inLanguage\":\"it-IT\",\"@id\":\"https:\/\/www.caritasbaribitonto.it\/public\/home\/#\/schema\/person\/image\/\",\"url\":\"https:\/\/secure.gravatar.com\/avatar\/6c7e9d4e1e2394bfa4e38377bd0b5e03cbf0c79e27918e6497d3f408f89d0d3b?s=96&d=identicon&r=g\",\"contentUrl\":\"https:\/\/secure.gravatar.com\/avatar\/6c7e9d4e1e2394bfa4e38377bd0b5e03cbf0c79e27918e6497d3f408f89d0d3b?s=96&d=identicon&r=g\",\"caption\":\"Giovanni Caputo\"},\"url\":\"https:\/\/www.caritasbaribitonto.it\/public\/home\/author\/admin\/\"}]}<\/script>\r\n<!-- \/ Yoast SEO plugin. -->","yoast_head_json":{"title":"Proposte e risposte - Domenica 17 Febbraio 2013 - Caritas Diocesana Bari-Bitonto","robots":{"index":"index","follow":"follow","max-snippet":"max-snippet:-1","max-image-preview":"max-image-preview:large","max-video-preview":"max-video-preview:-1"},"canonical":"https:\/\/www.caritasbaribitonto.it\/public\/home\/2013\/02\/proposte-e-risposte-domenica-17-febbraio-2013\/","og_locale":"it_IT","og_type":"article","og_title":"Proposte e risposte - Domenica 17 Febbraio 2013 - Caritas Diocesana Bari-Bitonto","og_description":"Dal Vangelo secondo Luca (Lc 4,1-13) In quel tempo, Ges\u00f9, pieno di Spirito Santo, si allontan\u00f2 dal Giordano ed era [&hellip;]","og_url":"https:\/\/www.caritasbaribitonto.it\/public\/home\/2013\/02\/proposte-e-risposte-domenica-17-febbraio-2013\/","og_site_name":"Caritas Diocesana Bari-Bitonto","article_publisher":"https:\/\/www.facebook.com\/pages\/Caritas-Diocesana-Bari-Bitonto\/533981476753770","article_published_time":"2013-02-16T09:26:14+00:00","og_image":[{"url":"http:\/\/www.lachiesa.it\/liturgia\/allegati\/icone\/CQ010.jpg","type":"","width":"","height":""}],"author":"Giovanni Caputo","twitter_card":"summary_large_image","twitter_misc":{"Scritto da":"Giovanni Caputo","Tempo di lettura stimato":"4 minuti"},"schema":{"@context":"https:\/\/schema.org","@graph":[{"@type":"Article","@id":"https:\/\/www.caritasbaribitonto.it\/public\/home\/2013\/02\/proposte-e-risposte-domenica-17-febbraio-2013\/#article","isPartOf":{"@id":"https:\/\/www.caritasbaribitonto.it\/public\/home\/2013\/02\/proposte-e-risposte-domenica-17-febbraio-2013\/"},"author":{"name":"Giovanni Caputo","@id":"https:\/\/www.caritasbaribitonto.it\/public\/home\/#\/schema\/person\/06b333402b70fdadb662b68974e8c97a"},"headline":"Proposte e risposte &#8211; Domenica 17 Febbraio 2013","datePublished":"2013-02-16T09:26:14+00:00","mainEntityOfPage":{"@id":"https:\/\/www.caritasbaribitonto.it\/public\/home\/2013\/02\/proposte-e-risposte-domenica-17-febbraio-2013\/"},"wordCount":830,"publisher":{"@id":"https:\/\/www.caritasbaribitonto.it\/public\/home\/#organization"},"image":{"@id":"https:\/\/www.caritasbaribitonto.it\/public\/home\/2013\/02\/proposte-e-risposte-domenica-17-febbraio-2013\/#primaryimage"},"thumbnailUrl":"http:\/\/www.lachiesa.it\/liturgia\/allegati\/icone\/CQ010.jpg","keywords":["commento al vangelo","vangelo domenicale"],"articleSection":["Commenti Vangelo"],"inLanguage":"it-IT"},{"@type":"WebPage","@id":"https:\/\/www.caritasbaribitonto.it\/public\/home\/2013\/02\/proposte-e-risposte-domenica-17-febbraio-2013\/","url":"https:\/\/www.caritasbaribitonto.it\/public\/home\/2013\/02\/proposte-e-risposte-domenica-17-febbraio-2013\/","name":"Proposte e risposte - Domenica 17 Febbraio 2013 - Caritas Diocesana Bari-Bitonto","isPartOf":{"@id":"https:\/\/www.caritasbaribitonto.it\/public\/home\/#website"},"primaryImageOfPage":{"@id":"https:\/\/www.caritasbaribitonto.it\/public\/home\/2013\/02\/proposte-e-risposte-domenica-17-febbraio-2013\/#primaryimage"},"image":{"@id":"https:\/\/www.caritasbaribitonto.it\/public\/home\/2013\/02\/proposte-e-risposte-domenica-17-febbraio-2013\/#primaryimage"},"thumbnailUrl":"http:\/\/www.lachiesa.it\/liturgia\/allegati\/icone\/CQ010.jpg","datePublished":"2013-02-16T09:26:14+00:00","breadcrumb":{"@id":"https:\/\/www.caritasbaribitonto.it\/public\/home\/2013\/02\/proposte-e-risposte-domenica-17-febbraio-2013\/#breadcrumb"},"inLanguage":"it-IT","potentialAction":[{"@type":"ReadAction","target":["https:\/\/www.caritasbaribitonto.it\/public\/home\/2013\/02\/proposte-e-risposte-domenica-17-febbraio-2013\/"]}]},{"@type":"ImageObject","inLanguage":"it-IT","@id":"https:\/\/www.caritasbaribitonto.it\/public\/home\/2013\/02\/proposte-e-risposte-domenica-17-febbraio-2013\/#primaryimage","url":"http:\/\/www.lachiesa.it\/liturgia\/allegati\/icone\/CQ010.jpg","contentUrl":"http:\/\/www.lachiesa.it\/liturgia\/allegati\/icone\/CQ010.jpg"},{"@type":"BreadcrumbList","@id":"https:\/\/www.caritasbaribitonto.it\/public\/home\/2013\/02\/proposte-e-risposte-domenica-17-febbraio-2013\/#breadcrumb","itemListElement":[{"@type":"ListItem","position":1,"name":"Home","item":"https:\/\/www.caritasbaribitonto.it\/public\/home\/"},{"@type":"ListItem","position":2,"name":"Proposte e risposte &#8211; Domenica 17 Febbraio 2013"}]},{"@type":"WebSite","@id":"https:\/\/www.caritasbaribitonto.it\/public\/home\/#website","url":"https:\/\/www.caritasbaribitonto.it\/public\/home\/","name":"Caritas Diocesana Bari-Bitonto","description":"I santi della porta accanto","publisher":{"@id":"https:\/\/www.caritasbaribitonto.it\/public\/home\/#organization"},"potentialAction":[{"@type":"SearchAction","target":{"@type":"EntryPoint","urlTemplate":"https:\/\/www.caritasbaribitonto.it\/public\/home\/?s={search_term_string}"},"query-input":{"@type":"PropertyValueSpecification","valueRequired":true,"valueName":"search_term_string"}}],"inLanguage":"it-IT"},{"@type":"Organization","@id":"https:\/\/www.caritasbaribitonto.it\/public\/home\/#organization","name":"Caritas Diocesana Bari-Bitonto","url":"https:\/\/www.caritasbaribitonto.it\/public\/home\/","logo":{"@type":"ImageObject","inLanguage":"it-IT","@id":"https:\/\/www.caritasbaribitonto.it\/public\/home\/#\/schema\/logo\/image\/","url":"https:\/\/www.caritasbaribitonto.it\/public\/home\/img\/uploads\/2025\/02\/cropped-cropped-caritas2025_350x112.png","contentUrl":"https:\/\/www.caritasbaribitonto.it\/public\/home\/img\/uploads\/2025\/02\/cropped-cropped-caritas2025_350x112.png","width":350,"height":112,"caption":"Caritas Diocesana Bari-Bitonto"},"image":{"@id":"https:\/\/www.caritasbaribitonto.it\/public\/home\/#\/schema\/logo\/image\/"},"sameAs":["https:\/\/www.facebook.com\/pages\/Caritas-Diocesana-Bari-Bitonto\/533981476753770"]},{"@type":"Person","@id":"https:\/\/www.caritasbaribitonto.it\/public\/home\/#\/schema\/person\/06b333402b70fdadb662b68974e8c97a","name":"Giovanni Caputo","image":{"@type":"ImageObject","inLanguage":"it-IT","@id":"https:\/\/www.caritasbaribitonto.it\/public\/home\/#\/schema\/person\/image\/","url":"https:\/\/secure.gravatar.com\/avatar\/6c7e9d4e1e2394bfa4e38377bd0b5e03cbf0c79e27918e6497d3f408f89d0d3b?s=96&d=identicon&r=g","contentUrl":"https:\/\/secure.gravatar.com\/avatar\/6c7e9d4e1e2394bfa4e38377bd0b5e03cbf0c79e27918e6497d3f408f89d0d3b?s=96&d=identicon&r=g","caption":"Giovanni Caputo"},"url":"https:\/\/www.caritasbaribitonto.it\/public\/home\/author\/admin\/"}]}},"jetpack_featured_media_url":"","uagb_featured_image_src":{"full":false,"thumbnail":false,"medium":false,"medium_large":false,"large":false,"1536x1536":false,"2048x2048":false},"uagb_author_info":{"display_name":"Giovanni Caputo","author_link":"https:\/\/www.caritasbaribitonto.it\/public\/home\/author\/admin\/"},"uagb_comment_info":0,"uagb_excerpt":"Dal Vangelo secondo Luca (Lc 4,1-13) In quel tempo, Ges\u00f9, pieno di Spirito Santo, si allontan\u00f2 dal Giordano ed era [&hellip;]","_links":{"self":[{"href":"https:\/\/www.caritasbaribitonto.it\/public\/home\/wp-json\/wp\/v2\/posts\/2560","targetHints":{"allow":["GET"]}}],"collection":[{"href":"https:\/\/www.caritasbaribitonto.it\/public\/home\/wp-json\/wp\/v2\/posts"}],"about":[{"href":"https:\/\/www.caritasbaribitonto.it\/public\/home\/wp-json\/wp\/v2\/types\/post"}],"author":[{"embeddable":true,"href":"https:\/\/www.caritasbaribitonto.it\/public\/home\/wp-json\/wp\/v2\/users\/1"}],"replies":[{"embeddable":true,"href":"https:\/\/www.caritasbaribitonto.it\/public\/home\/wp-json\/wp\/v2\/comments?post=2560"}],"version-history":[{"count":0,"href":"https:\/\/www.caritasbaribitonto.it\/public\/home\/wp-json\/wp\/v2\/posts\/2560\/revisions"}],"wp:attachment":[{"href":"https:\/\/www.caritasbaribitonto.it\/public\/home\/wp-json\/wp\/v2\/media?parent=2560"}],"wp:term":[{"taxonomy":"category","embeddable":true,"href":"https:\/\/www.caritasbaribitonto.it\/public\/home\/wp-json\/wp\/v2\/categories?post=2560"},{"taxonomy":"post_tag","embeddable":true,"href":"https:\/\/www.caritasbaribitonto.it\/public\/home\/wp-json\/wp\/v2\/tags?post=2560"}],"curies":[{"name":"wp","href":"https:\/\/api.w.org\/{rel}","templated":true}]}}