{"id":2171,"date":"2011-12-31T00:35:04","date_gmt":"2011-12-30T23:35:04","guid":{"rendered":"http:\/\/www.caritasbaribitonto.it\/public\/home\/?p=2171"},"modified":"2011-12-31T00:35:04","modified_gmt":"2011-12-30T23:35:04","slug":"maria-donna-di-pace-domenica-1-gennaio-2012","status":"publish","type":"post","link":"https:\/\/www.caritasbaribitonto.it\/public\/home\/2011\/12\/maria-donna-di-pace-domenica-1-gennaio-2012\/","title":{"rendered":"MARIA DONNA DI PACE &#8211; Domenica 1 Gennaio 2012"},"content":{"rendered":"<p><strong><em><\/em><span style=\"color: #993300;\">Dal Vangelo secondo Luca <em>(Lc 2,16-21)<\/em> <\/span><\/strong><\/p>\n<p><span style=\"color: #993300;\"> <img loading=\"lazy\" decoding=\"async\" class=\"alignleft\" src=\"http:\/\/www.lachiesa.it\/liturgia\/allegati\/icone\/S0101.jpg\" alt=\"\" width=\"89\" height=\"114\" \/>In quel tempo, andarono, senza indugio, e trovarono Maria e Giuseppe e il bambino, adagiato nella mangiatoia. E dopo averlo visto, riferirono ci\u00f2 che del bambino era stato detto loro. <\/span><br \/>\n<span style=\"color: #993300;\"> Tutti quelli che udivano si stupirono delle cose dette loro dai pastori. Maria, da parte sua, custodiva tutte queste cose, meditandole nel suo cuore.<\/span><br \/>\n<span style=\"color: #993300;\"> I pastori se ne tornarono, glorificando e lodando Dio per tutto quello che avevano udito e visto, com\u2019era stato detto loro.<\/span><br \/>\n<span style=\"color: #993300;\"> Quando furono compiuti gli otto giorni prescritti per la circoncisione, gli fu messo nome Ges\u00f9, come era stato chiamato dall\u2019angelo prima che fosse concepito nel grembo.<\/span><\/p>\n<p align=\"center\"><strong>MARIA DONNA DI PACE<\/strong><\/p>\n<p>\u00a0\u00a0\u00a0\u00a0\u00a0\u00a0\u00a0\u00a0\u00a0\u00a0\u00a0 I pastori, increduli con il loro incedere lento, raggiunsero la grotta e trovarono <em>Maria e Giuseppe e il bambino, adagiato nella mangiatoia<\/em>. Non avevano capito che erano stati i primi ad essere stati scelti per annunziare al mondo una notizia cos\u00ec importante da dover trasmettere, tanto \u00e8 vero che a coloro che riferirono la notizia, trovarono incredulit\u00e0.<\/p>\n<p>Maria che aveva custodito amorevolmente per nove mesi il Bambino in s\u00e9, lo consegnava idealmente a ciascuno di loro perch\u00e9 loro stessi lo consegnassero al mondo.<\/p>\n<p>E\u2019 Maria che c\u2019insegna ancora oggi a non essere una chiesa delle gelosie e delle realt\u00e0 da nascondere. Lei \u00e8 la donna che vuole una comunit\u00e0 che sappia investire e che s\u2019immerga in annunci nuovi. Il Bambino di Betlemme non \u00e8 qualcosa da conservare gelosamente, ma un dono da portare.<\/p>\n<p>E\u2019 Maria la donna che ci chiede di essere costruttori di comunit\u00e0 di pace e di speranza educando alla collaborazione e a ridare certezze ad un mondo che appare precipitante verso il nulla e l\u2019isolamento.<\/p>\n<p>E\u2019 Maria la donna di pace che ci chiede di essere educatori denunziando a tutti che il muro di Betlemme vada abbattuto e che le popolazioni non siano rinchiuse in un nuovo lager a cielo aperto.<\/p>\n<p>E\u2019 Maria la donna di pace che ci chiede di educare tutti i bambini del mondo a cominciare da quelli betlemmiti che non vedono futuro. Ci chiede di essere educatori nelle periferie dove i pi\u00f9 piccoli sembrano che abbiamo perso il senso di amore e la gioia di conoscere attraverso lo studio e l\u2019amore.<\/p>\n<p>E\u2019 Maria la donna di pace che ci invita ad essere comunit\u00e0 che canta con voce forte il Magnificat per far conoscere a tutti che nessuno deve rimanere un passo dietro e dipendente dall\u2019altro. E\u2019 Maria la donna di pace che oggi ci chiede di far diventare i cristiani protagonisti di questa storia che discrimina tanti. E\u2019 Maria la donna di pace che ci chiede di essere accanto a quanti non hanno pi\u00f9 la voglia di vivere e si rintanano nell\u2019egoismo.<\/p>\n<p>E\u2019 Maria la donna di pace che ci chiede di diventare <strong>comunit\u00e0 di collaboratori <\/strong>che sanno di portare annunci di vita nuova e di solidariet\u00e0. La pace si costruisce solo se cantiamo insieme il Magnificat per tutti e con tutti.<\/p>\n<p>&nbsp;<\/p>\n<p>Il Direttore<\/p>\n<p>Don Antonio Ruccia<\/p>\n","protected":false},"excerpt":{"rendered":"<p>Dal Vangelo secondo Luca (Lc 2,16-21) In quel tempo, andarono, senza indugio, e trovarono Maria e Giuseppe e il bambino, [&hellip;]<\/p>\n","protected":false},"author":1,"featured_media":0,"comment_status":"closed","ping_status":"open","sticky":false,"template":"","format":"standard","meta":{"_uag_custom_page_level_css":"","site-sidebar-layout":"default","site-content-layout":"","ast-site-content-layout":"default","site-content-style":"default","site-sidebar-style":"default","ast-global-header-display":"","ast-banner-title-visibility":"","ast-main-header-display":"","ast-hfb-above-header-display":"","ast-hfb-below-header-display":"","ast-hfb-mobile-header-display":"","site-post-title":"","ast-breadcrumbs-content":"","ast-featured-img":"","footer-sml-layout":"","theme-transparent-header-meta":"","adv-header-id-meta":"","stick-header-meta":"","header-above-stick-meta":"","header-main-stick-meta":"","header-below-stick-meta":"","astra-migrate-meta-layouts":"default","ast-page-background-enabled":"default","ast-page-background-meta":{"desktop":{"background-color":"var(--ast-global-color-5)","background-image":"","background-repeat":"repeat","background-position":"center center","background-size":"auto","background-attachment":"scroll","background-type":"","background-media":"","overlay-type":"","overlay-color":"","overlay-opacity":"","overlay-gradient":""},"tablet":{"background-color":"","background-image":"","background-repeat":"repeat","background-position":"center center","background-size":"auto","background-attachment":"scroll","background-type":"","background-media":"","overlay-type":"","overlay-color":"","overlay-opacity":"","overlay-gradient":""},"mobile":{"background-color":"","background-image":"","background-repeat":"repeat","background-position":"center center","background-size":"auto","background-attachment":"scroll","background-type":"","background-media":"","overlay-type":"","overlay-color":"","overlay-opacity":"","overlay-gradient":""}},"ast-content-background-meta":{"desktop":{"background-color":"var(--ast-global-color-4)","background-image":"","background-repeat":"repeat","background-position":"center center","background-size":"auto","background-attachment":"scroll","background-type":"","background-media":"","overlay-type":"","overlay-color":"","overlay-opacity":"","overlay-gradient":""},"tablet":{"background-color":"var(--ast-global-color-4)","background-image":"","background-repeat":"repeat","background-position":"center center","background-size":"auto","background-attachment":"scroll","background-type":"","background-media":"","overlay-type":"","overlay-color":"","overlay-opacity":"","overlay-gradient":""},"mobile":{"background-color":"var(--ast-global-color-4)","background-image":"","background-repeat":"repeat","background-position":"center center","background-size":"auto","background-attachment":"scroll","background-type":"","background-media":"","overlay-type":"","overlay-color":"","overlay-opacity":"","overlay-gradient":""}},"footnotes":""},"categories":[20],"tags":[],"class_list":["post-2171","post","type-post","status-publish","format-standard","hentry","category-commenti-vangelo"],"gutentor_comment":0,"yoast_head":"<!-- This site is optimized with the Yoast SEO plugin v26.8 - https:\/\/yoast.com\/product\/yoast-seo-wordpress\/ -->\r\n<title>MARIA DONNA DI PACE - Domenica 1 Gennaio 2012 - Caritas Diocesana Bari-Bitonto<\/title>\r\n<meta name=\"robots\" content=\"index, follow, max-snippet:-1, max-image-preview:large, max-video-preview:-1\" \/>\r\n<link rel=\"canonical\" href=\"https:\/\/www.caritasbaribitonto.it\/public\/home\/2011\/12\/maria-donna-di-pace-domenica-1-gennaio-2012\/\" \/>\r\n<meta property=\"og:locale\" content=\"it_IT\" \/>\r\n<meta property=\"og:type\" content=\"article\" \/>\r\n<meta property=\"og:title\" content=\"MARIA DONNA DI PACE - Domenica 1 Gennaio 2012 - Caritas Diocesana Bari-Bitonto\" \/>\r\n<meta property=\"og:description\" content=\"Dal Vangelo secondo Luca (Lc 2,16-21) In quel tempo, andarono, senza indugio, e trovarono Maria e Giuseppe e il bambino, [&hellip;]\" \/>\r\n<meta property=\"og:url\" content=\"https:\/\/www.caritasbaribitonto.it\/public\/home\/2011\/12\/maria-donna-di-pace-domenica-1-gennaio-2012\/\" \/>\r\n<meta property=\"og:site_name\" content=\"Caritas Diocesana Bari-Bitonto\" \/>\r\n<meta property=\"article:publisher\" content=\"https:\/\/www.facebook.com\/pages\/Caritas-Diocesana-Bari-Bitonto\/533981476753770\" \/>\r\n<meta property=\"article:published_time\" content=\"2011-12-30T23:35:04+00:00\" \/>\r\n<meta property=\"og:image\" content=\"http:\/\/www.lachiesa.it\/liturgia\/allegati\/icone\/S0101.jpg\" \/>\r\n<meta name=\"author\" content=\"Giovanni Caputo\" \/>\r\n<meta name=\"twitter:card\" content=\"summary_large_image\" \/>\r\n<meta name=\"twitter:label1\" content=\"Scritto da\" \/>\n\t<meta name=\"twitter:data1\" content=\"Giovanni Caputo\" \/>\n\t<meta name=\"twitter:label2\" content=\"Tempo di lettura stimato\" \/>\n\t<meta name=\"twitter:data2\" content=\"3 minuti\" \/>\r\n<script type=\"application\/ld+json\" class=\"yoast-schema-graph\">{\"@context\":\"https:\/\/schema.org\",\"@graph\":[{\"@type\":\"Article\",\"@id\":\"https:\/\/www.caritasbaribitonto.it\/public\/home\/2011\/12\/maria-donna-di-pace-domenica-1-gennaio-2012\/#article\",\"isPartOf\":{\"@id\":\"https:\/\/www.caritasbaribitonto.it\/public\/home\/2011\/12\/maria-donna-di-pace-domenica-1-gennaio-2012\/\"},\"author\":{\"name\":\"Giovanni Caputo\",\"@id\":\"https:\/\/www.caritasbaribitonto.it\/public\/home\/#\/schema\/person\/06b333402b70fdadb662b68974e8c97a\"},\"headline\":\"MARIA DONNA DI PACE &#8211; Domenica 1 Gennaio 2012\",\"datePublished\":\"2011-12-30T23:35:04+00:00\",\"mainEntityOfPage\":{\"@id\":\"https:\/\/www.caritasbaribitonto.it\/public\/home\/2011\/12\/maria-donna-di-pace-domenica-1-gennaio-2012\/\"},\"wordCount\":508,\"publisher\":{\"@id\":\"https:\/\/www.caritasbaribitonto.it\/public\/home\/#organization\"},\"image\":{\"@id\":\"https:\/\/www.caritasbaribitonto.it\/public\/home\/2011\/12\/maria-donna-di-pace-domenica-1-gennaio-2012\/#primaryimage\"},\"thumbnailUrl\":\"http:\/\/www.lachiesa.it\/liturgia\/allegati\/icone\/S0101.jpg\",\"articleSection\":[\"Commenti Vangelo\"],\"inLanguage\":\"it-IT\"},{\"@type\":\"WebPage\",\"@id\":\"https:\/\/www.caritasbaribitonto.it\/public\/home\/2011\/12\/maria-donna-di-pace-domenica-1-gennaio-2012\/\",\"url\":\"https:\/\/www.caritasbaribitonto.it\/public\/home\/2011\/12\/maria-donna-di-pace-domenica-1-gennaio-2012\/\",\"name\":\"MARIA DONNA DI PACE - Domenica 1 Gennaio 2012 - Caritas Diocesana Bari-Bitonto\",\"isPartOf\":{\"@id\":\"https:\/\/www.caritasbaribitonto.it\/public\/home\/#website\"},\"primaryImageOfPage\":{\"@id\":\"https:\/\/www.caritasbaribitonto.it\/public\/home\/2011\/12\/maria-donna-di-pace-domenica-1-gennaio-2012\/#primaryimage\"},\"image\":{\"@id\":\"https:\/\/www.caritasbaribitonto.it\/public\/home\/2011\/12\/maria-donna-di-pace-domenica-1-gennaio-2012\/#primaryimage\"},\"thumbnailUrl\":\"http:\/\/www.lachiesa.it\/liturgia\/allegati\/icone\/S0101.jpg\",\"datePublished\":\"2011-12-30T23:35:04+00:00\",\"breadcrumb\":{\"@id\":\"https:\/\/www.caritasbaribitonto.it\/public\/home\/2011\/12\/maria-donna-di-pace-domenica-1-gennaio-2012\/#breadcrumb\"},\"inLanguage\":\"it-IT\",\"potentialAction\":[{\"@type\":\"ReadAction\",\"target\":[\"https:\/\/www.caritasbaribitonto.it\/public\/home\/2011\/12\/maria-donna-di-pace-domenica-1-gennaio-2012\/\"]}]},{\"@type\":\"ImageObject\",\"inLanguage\":\"it-IT\",\"@id\":\"https:\/\/www.caritasbaribitonto.it\/public\/home\/2011\/12\/maria-donna-di-pace-domenica-1-gennaio-2012\/#primaryimage\",\"url\":\"http:\/\/www.lachiesa.it\/liturgia\/allegati\/icone\/S0101.jpg\",\"contentUrl\":\"http:\/\/www.lachiesa.it\/liturgia\/allegati\/icone\/S0101.jpg\"},{\"@type\":\"BreadcrumbList\",\"@id\":\"https:\/\/www.caritasbaribitonto.it\/public\/home\/2011\/12\/maria-donna-di-pace-domenica-1-gennaio-2012\/#breadcrumb\",\"itemListElement\":[{\"@type\":\"ListItem\",\"position\":1,\"name\":\"Home\",\"item\":\"https:\/\/www.caritasbaribitonto.it\/public\/home\/\"},{\"@type\":\"ListItem\",\"position\":2,\"name\":\"MARIA DONNA DI PACE &#8211; Domenica 1 Gennaio 2012\"}]},{\"@type\":\"WebSite\",\"@id\":\"https:\/\/www.caritasbaribitonto.it\/public\/home\/#website\",\"url\":\"https:\/\/www.caritasbaribitonto.it\/public\/home\/\",\"name\":\"Caritas Diocesana Bari-Bitonto\",\"description\":\"I santi della porta accanto\",\"publisher\":{\"@id\":\"https:\/\/www.caritasbaribitonto.it\/public\/home\/#organization\"},\"potentialAction\":[{\"@type\":\"SearchAction\",\"target\":{\"@type\":\"EntryPoint\",\"urlTemplate\":\"https:\/\/www.caritasbaribitonto.it\/public\/home\/?s={search_term_string}\"},\"query-input\":{\"@type\":\"PropertyValueSpecification\",\"valueRequired\":true,\"valueName\":\"search_term_string\"}}],\"inLanguage\":\"it-IT\"},{\"@type\":\"Organization\",\"@id\":\"https:\/\/www.caritasbaribitonto.it\/public\/home\/#organization\",\"name\":\"Caritas Diocesana Bari-Bitonto\",\"url\":\"https:\/\/www.caritasbaribitonto.it\/public\/home\/\",\"logo\":{\"@type\":\"ImageObject\",\"inLanguage\":\"it-IT\",\"@id\":\"https:\/\/www.caritasbaribitonto.it\/public\/home\/#\/schema\/logo\/image\/\",\"url\":\"https:\/\/www.caritasbaribitonto.it\/public\/home\/img\/uploads\/2025\/02\/cropped-cropped-caritas2025_350x112.png\",\"contentUrl\":\"https:\/\/www.caritasbaribitonto.it\/public\/home\/img\/uploads\/2025\/02\/cropped-cropped-caritas2025_350x112.png\",\"width\":350,\"height\":112,\"caption\":\"Caritas Diocesana Bari-Bitonto\"},\"image\":{\"@id\":\"https:\/\/www.caritasbaribitonto.it\/public\/home\/#\/schema\/logo\/image\/\"},\"sameAs\":[\"https:\/\/www.facebook.com\/pages\/Caritas-Diocesana-Bari-Bitonto\/533981476753770\"]},{\"@type\":\"Person\",\"@id\":\"https:\/\/www.caritasbaribitonto.it\/public\/home\/#\/schema\/person\/06b333402b70fdadb662b68974e8c97a\",\"name\":\"Giovanni Caputo\",\"image\":{\"@type\":\"ImageObject\",\"inLanguage\":\"it-IT\",\"@id\":\"https:\/\/www.caritasbaribitonto.it\/public\/home\/#\/schema\/person\/image\/\",\"url\":\"https:\/\/secure.gravatar.com\/avatar\/6c7e9d4e1e2394bfa4e38377bd0b5e03cbf0c79e27918e6497d3f408f89d0d3b?s=96&d=identicon&r=g\",\"contentUrl\":\"https:\/\/secure.gravatar.com\/avatar\/6c7e9d4e1e2394bfa4e38377bd0b5e03cbf0c79e27918e6497d3f408f89d0d3b?s=96&d=identicon&r=g\",\"caption\":\"Giovanni Caputo\"},\"url\":\"https:\/\/www.caritasbaribitonto.it\/public\/home\/author\/admin\/\"}]}<\/script>\r\n<!-- \/ Yoast SEO plugin. -->","yoast_head_json":{"title":"MARIA DONNA DI PACE - Domenica 1 Gennaio 2012 - Caritas Diocesana Bari-Bitonto","robots":{"index":"index","follow":"follow","max-snippet":"max-snippet:-1","max-image-preview":"max-image-preview:large","max-video-preview":"max-video-preview:-1"},"canonical":"https:\/\/www.caritasbaribitonto.it\/public\/home\/2011\/12\/maria-donna-di-pace-domenica-1-gennaio-2012\/","og_locale":"it_IT","og_type":"article","og_title":"MARIA DONNA DI PACE - Domenica 1 Gennaio 2012 - Caritas Diocesana Bari-Bitonto","og_description":"Dal Vangelo secondo Luca (Lc 2,16-21) In quel tempo, andarono, senza indugio, e trovarono Maria e Giuseppe e il bambino, [&hellip;]","og_url":"https:\/\/www.caritasbaribitonto.it\/public\/home\/2011\/12\/maria-donna-di-pace-domenica-1-gennaio-2012\/","og_site_name":"Caritas Diocesana Bari-Bitonto","article_publisher":"https:\/\/www.facebook.com\/pages\/Caritas-Diocesana-Bari-Bitonto\/533981476753770","article_published_time":"2011-12-30T23:35:04+00:00","og_image":[{"url":"http:\/\/www.lachiesa.it\/liturgia\/allegati\/icone\/S0101.jpg","type":"","width":"","height":""}],"author":"Giovanni Caputo","twitter_card":"summary_large_image","twitter_misc":{"Scritto da":"Giovanni Caputo","Tempo di lettura stimato":"3 minuti"},"schema":{"@context":"https:\/\/schema.org","@graph":[{"@type":"Article","@id":"https:\/\/www.caritasbaribitonto.it\/public\/home\/2011\/12\/maria-donna-di-pace-domenica-1-gennaio-2012\/#article","isPartOf":{"@id":"https:\/\/www.caritasbaribitonto.it\/public\/home\/2011\/12\/maria-donna-di-pace-domenica-1-gennaio-2012\/"},"author":{"name":"Giovanni Caputo","@id":"https:\/\/www.caritasbaribitonto.it\/public\/home\/#\/schema\/person\/06b333402b70fdadb662b68974e8c97a"},"headline":"MARIA DONNA DI PACE &#8211; Domenica 1 Gennaio 2012","datePublished":"2011-12-30T23:35:04+00:00","mainEntityOfPage":{"@id":"https:\/\/www.caritasbaribitonto.it\/public\/home\/2011\/12\/maria-donna-di-pace-domenica-1-gennaio-2012\/"},"wordCount":508,"publisher":{"@id":"https:\/\/www.caritasbaribitonto.it\/public\/home\/#organization"},"image":{"@id":"https:\/\/www.caritasbaribitonto.it\/public\/home\/2011\/12\/maria-donna-di-pace-domenica-1-gennaio-2012\/#primaryimage"},"thumbnailUrl":"http:\/\/www.lachiesa.it\/liturgia\/allegati\/icone\/S0101.jpg","articleSection":["Commenti Vangelo"],"inLanguage":"it-IT"},{"@type":"WebPage","@id":"https:\/\/www.caritasbaribitonto.it\/public\/home\/2011\/12\/maria-donna-di-pace-domenica-1-gennaio-2012\/","url":"https:\/\/www.caritasbaribitonto.it\/public\/home\/2011\/12\/maria-donna-di-pace-domenica-1-gennaio-2012\/","name":"MARIA DONNA DI PACE - Domenica 1 Gennaio 2012 - Caritas Diocesana Bari-Bitonto","isPartOf":{"@id":"https:\/\/www.caritasbaribitonto.it\/public\/home\/#website"},"primaryImageOfPage":{"@id":"https:\/\/www.caritasbaribitonto.it\/public\/home\/2011\/12\/maria-donna-di-pace-domenica-1-gennaio-2012\/#primaryimage"},"image":{"@id":"https:\/\/www.caritasbaribitonto.it\/public\/home\/2011\/12\/maria-donna-di-pace-domenica-1-gennaio-2012\/#primaryimage"},"thumbnailUrl":"http:\/\/www.lachiesa.it\/liturgia\/allegati\/icone\/S0101.jpg","datePublished":"2011-12-30T23:35:04+00:00","breadcrumb":{"@id":"https:\/\/www.caritasbaribitonto.it\/public\/home\/2011\/12\/maria-donna-di-pace-domenica-1-gennaio-2012\/#breadcrumb"},"inLanguage":"it-IT","potentialAction":[{"@type":"ReadAction","target":["https:\/\/www.caritasbaribitonto.it\/public\/home\/2011\/12\/maria-donna-di-pace-domenica-1-gennaio-2012\/"]}]},{"@type":"ImageObject","inLanguage":"it-IT","@id":"https:\/\/www.caritasbaribitonto.it\/public\/home\/2011\/12\/maria-donna-di-pace-domenica-1-gennaio-2012\/#primaryimage","url":"http:\/\/www.lachiesa.it\/liturgia\/allegati\/icone\/S0101.jpg","contentUrl":"http:\/\/www.lachiesa.it\/liturgia\/allegati\/icone\/S0101.jpg"},{"@type":"BreadcrumbList","@id":"https:\/\/www.caritasbaribitonto.it\/public\/home\/2011\/12\/maria-donna-di-pace-domenica-1-gennaio-2012\/#breadcrumb","itemListElement":[{"@type":"ListItem","position":1,"name":"Home","item":"https:\/\/www.caritasbaribitonto.it\/public\/home\/"},{"@type":"ListItem","position":2,"name":"MARIA DONNA DI PACE &#8211; Domenica 1 Gennaio 2012"}]},{"@type":"WebSite","@id":"https:\/\/www.caritasbaribitonto.it\/public\/home\/#website","url":"https:\/\/www.caritasbaribitonto.it\/public\/home\/","name":"Caritas Diocesana Bari-Bitonto","description":"I santi della porta accanto","publisher":{"@id":"https:\/\/www.caritasbaribitonto.it\/public\/home\/#organization"},"potentialAction":[{"@type":"SearchAction","target":{"@type":"EntryPoint","urlTemplate":"https:\/\/www.caritasbaribitonto.it\/public\/home\/?s={search_term_string}"},"query-input":{"@type":"PropertyValueSpecification","valueRequired":true,"valueName":"search_term_string"}}],"inLanguage":"it-IT"},{"@type":"Organization","@id":"https:\/\/www.caritasbaribitonto.it\/public\/home\/#organization","name":"Caritas Diocesana Bari-Bitonto","url":"https:\/\/www.caritasbaribitonto.it\/public\/home\/","logo":{"@type":"ImageObject","inLanguage":"it-IT","@id":"https:\/\/www.caritasbaribitonto.it\/public\/home\/#\/schema\/logo\/image\/","url":"https:\/\/www.caritasbaribitonto.it\/public\/home\/img\/uploads\/2025\/02\/cropped-cropped-caritas2025_350x112.png","contentUrl":"https:\/\/www.caritasbaribitonto.it\/public\/home\/img\/uploads\/2025\/02\/cropped-cropped-caritas2025_350x112.png","width":350,"height":112,"caption":"Caritas Diocesana Bari-Bitonto"},"image":{"@id":"https:\/\/www.caritasbaribitonto.it\/public\/home\/#\/schema\/logo\/image\/"},"sameAs":["https:\/\/www.facebook.com\/pages\/Caritas-Diocesana-Bari-Bitonto\/533981476753770"]},{"@type":"Person","@id":"https:\/\/www.caritasbaribitonto.it\/public\/home\/#\/schema\/person\/06b333402b70fdadb662b68974e8c97a","name":"Giovanni Caputo","image":{"@type":"ImageObject","inLanguage":"it-IT","@id":"https:\/\/www.caritasbaribitonto.it\/public\/home\/#\/schema\/person\/image\/","url":"https:\/\/secure.gravatar.com\/avatar\/6c7e9d4e1e2394bfa4e38377bd0b5e03cbf0c79e27918e6497d3f408f89d0d3b?s=96&d=identicon&r=g","contentUrl":"https:\/\/secure.gravatar.com\/avatar\/6c7e9d4e1e2394bfa4e38377bd0b5e03cbf0c79e27918e6497d3f408f89d0d3b?s=96&d=identicon&r=g","caption":"Giovanni Caputo"},"url":"https:\/\/www.caritasbaribitonto.it\/public\/home\/author\/admin\/"}]}},"jetpack_featured_media_url":"","uagb_featured_image_src":{"full":false,"thumbnail":false,"medium":false,"medium_large":false,"large":false,"1536x1536":false,"2048x2048":false},"uagb_author_info":{"display_name":"Giovanni Caputo","author_link":"https:\/\/www.caritasbaribitonto.it\/public\/home\/author\/admin\/"},"uagb_comment_info":0,"uagb_excerpt":"Dal Vangelo secondo Luca (Lc 2,16-21) In quel tempo, andarono, senza indugio, e trovarono Maria e Giuseppe e il bambino, [&hellip;]","_links":{"self":[{"href":"https:\/\/www.caritasbaribitonto.it\/public\/home\/wp-json\/wp\/v2\/posts\/2171","targetHints":{"allow":["GET"]}}],"collection":[{"href":"https:\/\/www.caritasbaribitonto.it\/public\/home\/wp-json\/wp\/v2\/posts"}],"about":[{"href":"https:\/\/www.caritasbaribitonto.it\/public\/home\/wp-json\/wp\/v2\/types\/post"}],"author":[{"embeddable":true,"href":"https:\/\/www.caritasbaribitonto.it\/public\/home\/wp-json\/wp\/v2\/users\/1"}],"replies":[{"embeddable":true,"href":"https:\/\/www.caritasbaribitonto.it\/public\/home\/wp-json\/wp\/v2\/comments?post=2171"}],"version-history":[{"count":0,"href":"https:\/\/www.caritasbaribitonto.it\/public\/home\/wp-json\/wp\/v2\/posts\/2171\/revisions"}],"wp:attachment":[{"href":"https:\/\/www.caritasbaribitonto.it\/public\/home\/wp-json\/wp\/v2\/media?parent=2171"}],"wp:term":[{"taxonomy":"category","embeddable":true,"href":"https:\/\/www.caritasbaribitonto.it\/public\/home\/wp-json\/wp\/v2\/categories?post=2171"},{"taxonomy":"post_tag","embeddable":true,"href":"https:\/\/www.caritasbaribitonto.it\/public\/home\/wp-json\/wp\/v2\/tags?post=2171"}],"curies":[{"name":"wp","href":"https:\/\/api.w.org\/{rel}","templated":true}]}}