{"id":2168,"date":"2011-12-24T13:55:45","date_gmt":"2011-12-24T12:55:45","guid":{"rendered":"http:\/\/www.caritasbaribitonto.it\/public\/home\/?p=2168"},"modified":"2011-12-24T13:56:12","modified_gmt":"2011-12-24T12:56:12","slug":"la-chiesa-del-presepe-della-nuova-evangelizzazione-domenica-25-dicembre-2011","status":"publish","type":"post","link":"https:\/\/www.caritasbaribitonto.it\/public\/home\/2011\/12\/la-chiesa-del-presepe-della-nuova-evangelizzazione-domenica-25-dicembre-2011\/","title":{"rendered":"LA CHIESA DEL PRESEPE DELLA NUOVA EVANGELIZZAZIONE &#8211; Domenica 25 Dicembre 2011"},"content":{"rendered":"<p><strong><em><span style=\"color: #993300;\">Dal Vangelo secondo Luca (Lc 2, 1-14)<\/span><\/em><\/strong><br style=\"color: #993300;\" \/> <img loading=\"lazy\" decoding=\"async\" class=\"alignleft\" src=\"http:\/\/photos.elle.it\/photo\/1726448726\/natale-natale-ricominciare\/natale-nascita-bambino-3981ab9.jpg\" alt=\"\" width=\"258\" height=\"163\" \/><em><span style=\"color: #993300;\">In quei giorni un decreto di Cesare Augusto ordin\u00f2 che si facesse il censimento di tutta la terra. Questo primo censimento fu fatto quando Quirinio era governatore della Siria. Tutti andavano a farsi censire, ciascuno nella propria citt\u00e0. <\/span><\/em><br \/>\n<em><span style=\"color: #993300;\"> Anche Giuseppe, dalla Galilea, dalla citt\u00e0 di N\u00e0zaret, sal\u00ec in Giudea alla citt\u00e0 di Davide chiamata Betlemme: egli apparteneva infatti alla casa e alla famiglia di Davide. Doveva farsi censire insieme a Maria, sua sposa, che era incinta. <\/span><\/em><br \/>\n<em><span style=\"color: #993300;\"> Mentre si trovavano in quel luogo, si compirono per lei i giorni del parto. Diede alla luce il suo figlio primogenito, lo avvolse in fasce e lo pose in una mangiatoia, perch\u00e9 per loro non c\u2019era posto nell\u2019alloggio.<\/span><\/em><br \/>\n<em><span style=\"color: #993300;\"> C\u2019erano in quella regione alcuni pastori che, pernottando all\u2019aperto, vegliavano tutta la notte facendo la guardia al loro gregge. Un angelo del Signore si present\u00f2 a loro e la gloria del Signore li avvolse di luce. Essi furono presi da grande timore, ma l\u2019angelo disse loro: \u00abNon temete: ecco, vi annuncio una grande gioia, che sar\u00e0 di tutto il popolo: oggi, nella citt\u00e0 di Davide, \u00e8 nato per voi un Salvatore, che \u00e8 Cristo Signore. Questo per voi il segno: troverete un bambino avvolto in fasce, adagiato in una mangiatoia\u00bb. <\/span><\/em><br \/>\n<em><span style=\"color: #993300;\"> E subito apparve con l\u2019angelo una moltitudine dell\u2019esercito celeste, che lodava Dio e diceva:<\/span><\/em><br \/>\n<em><span style=\"color: #993300;\"> \u00abGloria a Dio nel pi\u00f9 alto dei cieli<\/span><\/em><br \/>\n<em><span style=\"color: #993300;\"> e sulla terra pace agli uomini, che egli ama\u00bb.<\/span><\/em><\/p>\n<p align=\"center\"><strong>LA CHIESA DEL PRESEPE DELLA NUOVA EVANGELIZZAZIONE<\/strong><\/p>\n<p>&nbsp;<\/p>\n<p>Al centro della storia e della cronaca balzano due villaggi periferici d\u2019Israele. Il viaggio da Nazaret a Betlemme \u00e8 l\u2019esperienza riproposta anche per noi dopo duemila anni di strada. La storia dell\u2019imperatore Augusto s\u2019incrocia con quella di una povera famiglia e s\u2019interseca con la nostra che dopo oltre due secoli crede ancora che stia nascendo qualcosa di nuovo.<\/p>\n<p>A Betlemme nasce un Bambino, avvolto in fasce che \u00e8 deposto in una mangiatoia. Oggi rinasce ancora tra le fasce di chi avvolge le situazioni difficili e precarie di un\u2019umanit\u00e0 inquieta che \u00e8 chiamata a deporre orgoglio e invidia e ricostruire un ideale presepe con l\u2019esperienza di una comunit\u00e0 ecclesiale scossa nella notte dall\u2019annuncio dei messaggeri del Signore.<\/p>\n<p>Il presepe della chiesa della nuova evangelizzazione \u00e8 composto da chi \u00e8 chiamato a educare alla sobriet\u00e0 e alla disponibilit\u00e0, dalle mamme che non si arrendono nel riproporre il messaggio irenico del Natale non con la logica delle retribuzioni affettive, ma con il cuore dell\u2019amore. E\u2019 fatto dai nuovi laici che ripercorrono la strada dei pastori per raggiungere la grotta del nascituro e rinnovare nelle diverse vicende umane il dono della salvezza concessa gratuitamente a ciascuno.<\/p>\n<p>Il presepe della nuova evangelizzazione vede stramazzati nell\u2019angolo le vittime delle guerre conosciute e dimenticate, la gente distratta dalla caoticit\u00e0 delle citt\u00e0 del primo mondo che mancano da troppo tempo all\u2019appello che incessantemente viene riproposto loro, dagli scaricatori di porto che fanno fatica a svuotare gli arsenali dalle armi accatastate all\u2019interno e che attendono di essere utilizzate, dai benpensanti dei poteri forti dell\u2019economia che affama i deboli e dai piangenti che hanno perso il lavoro e si ritrovano a dover far fronte ai pagamenti sottoscritti.<\/p>\n<p>Il presepe della nuova evangelizzazione pu\u00f2 essere costruito solo da comunit\u00e0 che si rimettono in strada e, oltre ad annunziare la nascita di Ges\u00f9, ripropongono nello spirito della semplicit\u00e0 quanto avvenuto tempo fa. Un annuncio di pace, un impegno nonviolento, un Vangelo per la famiglia, un cuore da donare.<\/p>\n<p>Educare nello spirito di questo modello vuol dire impegnarsi a costruire scuole, ospedali, palestre di vita dove non ci sono, ma soprattutto a rievangelizzare tutti prendendo in braccio il Bambino della grotta.<\/p>\n<p>Provaci anche tu, tendi le tue braccia e bacialo perch\u00e9 \u00e8 tuo fratello!<\/p>\n<p>&nbsp;<\/p>\n<p>Il direttore<\/p>\n<p>Don Antonio Ruccia<\/p>\n","protected":false},"excerpt":{"rendered":"<p>Dal Vangelo secondo Luca (Lc 2, 1-14) In quei giorni un decreto di Cesare Augusto ordin\u00f2 che si facesse il [&hellip;]<\/p>\n","protected":false},"author":1,"featured_media":0,"comment_status":"closed","ping_status":"open","sticky":false,"template":"","format":"standard","meta":{"_uag_custom_page_level_css":"","site-sidebar-layout":"default","site-content-layout":"","ast-site-content-layout":"default","site-content-style":"default","site-sidebar-style":"default","ast-global-header-display":"","ast-banner-title-visibility":"","ast-main-header-display":"","ast-hfb-above-header-display":"","ast-hfb-below-header-display":"","ast-hfb-mobile-header-display":"","site-post-title":"","ast-breadcrumbs-content":"","ast-featured-img":"","footer-sml-layout":"","theme-transparent-header-meta":"","adv-header-id-meta":"","stick-header-meta":"","header-above-stick-meta":"","header-main-stick-meta":"","header-below-stick-meta":"","astra-migrate-meta-layouts":"default","ast-page-background-enabled":"default","ast-page-background-meta":{"desktop":{"background-color":"var(--ast-global-color-5)","background-image":"","background-repeat":"repeat","background-position":"center center","background-size":"auto","background-attachment":"scroll","background-type":"","background-media":"","overlay-type":"","overlay-color":"","overlay-opacity":"","overlay-gradient":""},"tablet":{"background-color":"","background-image":"","background-repeat":"repeat","background-position":"center center","background-size":"auto","background-attachment":"scroll","background-type":"","background-media":"","overlay-type":"","overlay-color":"","overlay-opacity":"","overlay-gradient":""},"mobile":{"background-color":"","background-image":"","background-repeat":"repeat","background-position":"center center","background-size":"auto","background-attachment":"scroll","background-type":"","background-media":"","overlay-type":"","overlay-color":"","overlay-opacity":"","overlay-gradient":""}},"ast-content-background-meta":{"desktop":{"background-color":"var(--ast-global-color-4)","background-image":"","background-repeat":"repeat","background-position":"center center","background-size":"auto","background-attachment":"scroll","background-type":"","background-media":"","overlay-type":"","overlay-color":"","overlay-opacity":"","overlay-gradient":""},"tablet":{"background-color":"var(--ast-global-color-4)","background-image":"","background-repeat":"repeat","background-position":"center center","background-size":"auto","background-attachment":"scroll","background-type":"","background-media":"","overlay-type":"","overlay-color":"","overlay-opacity":"","overlay-gradient":""},"mobile":{"background-color":"var(--ast-global-color-4)","background-image":"","background-repeat":"repeat","background-position":"center center","background-size":"auto","background-attachment":"scroll","background-type":"","background-media":"","overlay-type":"","overlay-color":"","overlay-opacity":"","overlay-gradient":""}},"footnotes":""},"categories":[20],"tags":[35,62],"class_list":["post-2168","post","type-post","status-publish","format-standard","hentry","category-commenti-vangelo","tag-commento-al-vangelo","tag-vangelo-domenicale"],"gutentor_comment":0,"yoast_head":"<!-- This site is optimized with the Yoast SEO plugin v26.8 - https:\/\/yoast.com\/product\/yoast-seo-wordpress\/ -->\r\n<title>LA CHIESA DEL PRESEPE DELLA NUOVA EVANGELIZZAZIONE - Domenica 25 Dicembre 2011 - Caritas Diocesana Bari-Bitonto<\/title>\r\n<meta name=\"robots\" content=\"index, follow, max-snippet:-1, max-image-preview:large, max-video-preview:-1\" \/>\r\n<link rel=\"canonical\" href=\"https:\/\/www.caritasbaribitonto.it\/public\/home\/2011\/12\/la-chiesa-del-presepe-della-nuova-evangelizzazione-domenica-25-dicembre-2011\/\" \/>\r\n<meta property=\"og:locale\" content=\"it_IT\" \/>\r\n<meta property=\"og:type\" content=\"article\" \/>\r\n<meta property=\"og:title\" content=\"LA CHIESA DEL PRESEPE DELLA NUOVA EVANGELIZZAZIONE - Domenica 25 Dicembre 2011 - Caritas Diocesana Bari-Bitonto\" \/>\r\n<meta property=\"og:description\" content=\"Dal Vangelo secondo Luca (Lc 2, 1-14) In quei giorni un decreto di Cesare Augusto ordin\u00f2 che si facesse il [&hellip;]\" \/>\r\n<meta property=\"og:url\" content=\"https:\/\/www.caritasbaribitonto.it\/public\/home\/2011\/12\/la-chiesa-del-presepe-della-nuova-evangelizzazione-domenica-25-dicembre-2011\/\" \/>\r\n<meta property=\"og:site_name\" content=\"Caritas Diocesana Bari-Bitonto\" \/>\r\n<meta property=\"article:publisher\" content=\"https:\/\/www.facebook.com\/pages\/Caritas-Diocesana-Bari-Bitonto\/533981476753770\" \/>\r\n<meta property=\"article:published_time\" content=\"2011-12-24T12:55:45+00:00\" \/>\r\n<meta property=\"article:modified_time\" content=\"2011-12-24T12:56:12+00:00\" \/>\r\n<meta property=\"og:image\" content=\"http:\/\/photos.elle.it\/photo\/1726448726\/natale-natale-ricominciare\/natale-nascita-bambino-3981ab9.jpg\" \/>\r\n<meta name=\"author\" content=\"Giovanni Caputo\" \/>\r\n<meta name=\"twitter:card\" content=\"summary_large_image\" \/>\r\n<meta name=\"twitter:label1\" content=\"Scritto da\" \/>\n\t<meta name=\"twitter:data1\" content=\"Giovanni Caputo\" \/>\n\t<meta name=\"twitter:label2\" content=\"Tempo di lettura stimato\" \/>\n\t<meta name=\"twitter:data2\" content=\"3 minuti\" \/>\r\n<script type=\"application\/ld+json\" class=\"yoast-schema-graph\">{\"@context\":\"https:\/\/schema.org\",\"@graph\":[{\"@type\":\"Article\",\"@id\":\"https:\/\/www.caritasbaribitonto.it\/public\/home\/2011\/12\/la-chiesa-del-presepe-della-nuova-evangelizzazione-domenica-25-dicembre-2011\/#article\",\"isPartOf\":{\"@id\":\"https:\/\/www.caritasbaribitonto.it\/public\/home\/2011\/12\/la-chiesa-del-presepe-della-nuova-evangelizzazione-domenica-25-dicembre-2011\/\"},\"author\":{\"name\":\"Giovanni Caputo\",\"@id\":\"https:\/\/www.caritasbaribitonto.it\/public\/home\/#\/schema\/person\/06b333402b70fdadb662b68974e8c97a\"},\"headline\":\"LA CHIESA DEL PRESEPE DELLA NUOVA EVANGELIZZAZIONE &#8211; Domenica 25 Dicembre 2011\",\"datePublished\":\"2011-12-24T12:55:45+00:00\",\"dateModified\":\"2011-12-24T12:56:12+00:00\",\"mainEntityOfPage\":{\"@id\":\"https:\/\/www.caritasbaribitonto.it\/public\/home\/2011\/12\/la-chiesa-del-presepe-della-nuova-evangelizzazione-domenica-25-dicembre-2011\/\"},\"wordCount\":649,\"publisher\":{\"@id\":\"https:\/\/www.caritasbaribitonto.it\/public\/home\/#organization\"},\"image\":{\"@id\":\"https:\/\/www.caritasbaribitonto.it\/public\/home\/2011\/12\/la-chiesa-del-presepe-della-nuova-evangelizzazione-domenica-25-dicembre-2011\/#primaryimage\"},\"thumbnailUrl\":\"http:\/\/photos.elle.it\/photo\/1726448726\/natale-natale-ricominciare\/natale-nascita-bambino-3981ab9.jpg\",\"keywords\":[\"commento al vangelo\",\"vangelo domenicale\"],\"articleSection\":[\"Commenti Vangelo\"],\"inLanguage\":\"it-IT\"},{\"@type\":\"WebPage\",\"@id\":\"https:\/\/www.caritasbaribitonto.it\/public\/home\/2011\/12\/la-chiesa-del-presepe-della-nuova-evangelizzazione-domenica-25-dicembre-2011\/\",\"url\":\"https:\/\/www.caritasbaribitonto.it\/public\/home\/2011\/12\/la-chiesa-del-presepe-della-nuova-evangelizzazione-domenica-25-dicembre-2011\/\",\"name\":\"LA CHIESA DEL PRESEPE DELLA NUOVA EVANGELIZZAZIONE - Domenica 25 Dicembre 2011 - Caritas Diocesana Bari-Bitonto\",\"isPartOf\":{\"@id\":\"https:\/\/www.caritasbaribitonto.it\/public\/home\/#website\"},\"primaryImageOfPage\":{\"@id\":\"https:\/\/www.caritasbaribitonto.it\/public\/home\/2011\/12\/la-chiesa-del-presepe-della-nuova-evangelizzazione-domenica-25-dicembre-2011\/#primaryimage\"},\"image\":{\"@id\":\"https:\/\/www.caritasbaribitonto.it\/public\/home\/2011\/12\/la-chiesa-del-presepe-della-nuova-evangelizzazione-domenica-25-dicembre-2011\/#primaryimage\"},\"thumbnailUrl\":\"http:\/\/photos.elle.it\/photo\/1726448726\/natale-natale-ricominciare\/natale-nascita-bambino-3981ab9.jpg\",\"datePublished\":\"2011-12-24T12:55:45+00:00\",\"dateModified\":\"2011-12-24T12:56:12+00:00\",\"breadcrumb\":{\"@id\":\"https:\/\/www.caritasbaribitonto.it\/public\/home\/2011\/12\/la-chiesa-del-presepe-della-nuova-evangelizzazione-domenica-25-dicembre-2011\/#breadcrumb\"},\"inLanguage\":\"it-IT\",\"potentialAction\":[{\"@type\":\"ReadAction\",\"target\":[\"https:\/\/www.caritasbaribitonto.it\/public\/home\/2011\/12\/la-chiesa-del-presepe-della-nuova-evangelizzazione-domenica-25-dicembre-2011\/\"]}]},{\"@type\":\"ImageObject\",\"inLanguage\":\"it-IT\",\"@id\":\"https:\/\/www.caritasbaribitonto.it\/public\/home\/2011\/12\/la-chiesa-del-presepe-della-nuova-evangelizzazione-domenica-25-dicembre-2011\/#primaryimage\",\"url\":\"http:\/\/photos.elle.it\/photo\/1726448726\/natale-natale-ricominciare\/natale-nascita-bambino-3981ab9.jpg\",\"contentUrl\":\"http:\/\/photos.elle.it\/photo\/1726448726\/natale-natale-ricominciare\/natale-nascita-bambino-3981ab9.jpg\"},{\"@type\":\"BreadcrumbList\",\"@id\":\"https:\/\/www.caritasbaribitonto.it\/public\/home\/2011\/12\/la-chiesa-del-presepe-della-nuova-evangelizzazione-domenica-25-dicembre-2011\/#breadcrumb\",\"itemListElement\":[{\"@type\":\"ListItem\",\"position\":1,\"name\":\"Home\",\"item\":\"https:\/\/www.caritasbaribitonto.it\/public\/home\/\"},{\"@type\":\"ListItem\",\"position\":2,\"name\":\"LA CHIESA DEL PRESEPE DELLA NUOVA EVANGELIZZAZIONE &#8211; Domenica 25 Dicembre 2011\"}]},{\"@type\":\"WebSite\",\"@id\":\"https:\/\/www.caritasbaribitonto.it\/public\/home\/#website\",\"url\":\"https:\/\/www.caritasbaribitonto.it\/public\/home\/\",\"name\":\"Caritas Diocesana Bari-Bitonto\",\"description\":\"I santi della porta accanto\",\"publisher\":{\"@id\":\"https:\/\/www.caritasbaribitonto.it\/public\/home\/#organization\"},\"potentialAction\":[{\"@type\":\"SearchAction\",\"target\":{\"@type\":\"EntryPoint\",\"urlTemplate\":\"https:\/\/www.caritasbaribitonto.it\/public\/home\/?s={search_term_string}\"},\"query-input\":{\"@type\":\"PropertyValueSpecification\",\"valueRequired\":true,\"valueName\":\"search_term_string\"}}],\"inLanguage\":\"it-IT\"},{\"@type\":\"Organization\",\"@id\":\"https:\/\/www.caritasbaribitonto.it\/public\/home\/#organization\",\"name\":\"Caritas Diocesana Bari-Bitonto\",\"url\":\"https:\/\/www.caritasbaribitonto.it\/public\/home\/\",\"logo\":{\"@type\":\"ImageObject\",\"inLanguage\":\"it-IT\",\"@id\":\"https:\/\/www.caritasbaribitonto.it\/public\/home\/#\/schema\/logo\/image\/\",\"url\":\"https:\/\/www.caritasbaribitonto.it\/public\/home\/img\/uploads\/2025\/02\/cropped-cropped-caritas2025_350x112.png\",\"contentUrl\":\"https:\/\/www.caritasbaribitonto.it\/public\/home\/img\/uploads\/2025\/02\/cropped-cropped-caritas2025_350x112.png\",\"width\":350,\"height\":112,\"caption\":\"Caritas Diocesana Bari-Bitonto\"},\"image\":{\"@id\":\"https:\/\/www.caritasbaribitonto.it\/public\/home\/#\/schema\/logo\/image\/\"},\"sameAs\":[\"https:\/\/www.facebook.com\/pages\/Caritas-Diocesana-Bari-Bitonto\/533981476753770\"]},{\"@type\":\"Person\",\"@id\":\"https:\/\/www.caritasbaribitonto.it\/public\/home\/#\/schema\/person\/06b333402b70fdadb662b68974e8c97a\",\"name\":\"Giovanni Caputo\",\"image\":{\"@type\":\"ImageObject\",\"inLanguage\":\"it-IT\",\"@id\":\"https:\/\/www.caritasbaribitonto.it\/public\/home\/#\/schema\/person\/image\/\",\"url\":\"https:\/\/secure.gravatar.com\/avatar\/6c7e9d4e1e2394bfa4e38377bd0b5e03cbf0c79e27918e6497d3f408f89d0d3b?s=96&d=identicon&r=g\",\"contentUrl\":\"https:\/\/secure.gravatar.com\/avatar\/6c7e9d4e1e2394bfa4e38377bd0b5e03cbf0c79e27918e6497d3f408f89d0d3b?s=96&d=identicon&r=g\",\"caption\":\"Giovanni Caputo\"},\"url\":\"https:\/\/www.caritasbaribitonto.it\/public\/home\/author\/admin\/\"}]}<\/script>\r\n<!-- \/ Yoast SEO plugin. -->","yoast_head_json":{"title":"LA CHIESA DEL PRESEPE DELLA NUOVA EVANGELIZZAZIONE - Domenica 25 Dicembre 2011 - Caritas Diocesana Bari-Bitonto","robots":{"index":"index","follow":"follow","max-snippet":"max-snippet:-1","max-image-preview":"max-image-preview:large","max-video-preview":"max-video-preview:-1"},"canonical":"https:\/\/www.caritasbaribitonto.it\/public\/home\/2011\/12\/la-chiesa-del-presepe-della-nuova-evangelizzazione-domenica-25-dicembre-2011\/","og_locale":"it_IT","og_type":"article","og_title":"LA CHIESA DEL PRESEPE DELLA NUOVA EVANGELIZZAZIONE - Domenica 25 Dicembre 2011 - Caritas Diocesana Bari-Bitonto","og_description":"Dal Vangelo secondo Luca (Lc 2, 1-14) In quei giorni un decreto di Cesare Augusto ordin\u00f2 che si facesse il [&hellip;]","og_url":"https:\/\/www.caritasbaribitonto.it\/public\/home\/2011\/12\/la-chiesa-del-presepe-della-nuova-evangelizzazione-domenica-25-dicembre-2011\/","og_site_name":"Caritas Diocesana Bari-Bitonto","article_publisher":"https:\/\/www.facebook.com\/pages\/Caritas-Diocesana-Bari-Bitonto\/533981476753770","article_published_time":"2011-12-24T12:55:45+00:00","article_modified_time":"2011-12-24T12:56:12+00:00","og_image":[{"url":"http:\/\/photos.elle.it\/photo\/1726448726\/natale-natale-ricominciare\/natale-nascita-bambino-3981ab9.jpg","type":"","width":"","height":""}],"author":"Giovanni Caputo","twitter_card":"summary_large_image","twitter_misc":{"Scritto da":"Giovanni Caputo","Tempo di lettura stimato":"3 minuti"},"schema":{"@context":"https:\/\/schema.org","@graph":[{"@type":"Article","@id":"https:\/\/www.caritasbaribitonto.it\/public\/home\/2011\/12\/la-chiesa-del-presepe-della-nuova-evangelizzazione-domenica-25-dicembre-2011\/#article","isPartOf":{"@id":"https:\/\/www.caritasbaribitonto.it\/public\/home\/2011\/12\/la-chiesa-del-presepe-della-nuova-evangelizzazione-domenica-25-dicembre-2011\/"},"author":{"name":"Giovanni Caputo","@id":"https:\/\/www.caritasbaribitonto.it\/public\/home\/#\/schema\/person\/06b333402b70fdadb662b68974e8c97a"},"headline":"LA CHIESA DEL PRESEPE DELLA NUOVA EVANGELIZZAZIONE &#8211; Domenica 25 Dicembre 2011","datePublished":"2011-12-24T12:55:45+00:00","dateModified":"2011-12-24T12:56:12+00:00","mainEntityOfPage":{"@id":"https:\/\/www.caritasbaribitonto.it\/public\/home\/2011\/12\/la-chiesa-del-presepe-della-nuova-evangelizzazione-domenica-25-dicembre-2011\/"},"wordCount":649,"publisher":{"@id":"https:\/\/www.caritasbaribitonto.it\/public\/home\/#organization"},"image":{"@id":"https:\/\/www.caritasbaribitonto.it\/public\/home\/2011\/12\/la-chiesa-del-presepe-della-nuova-evangelizzazione-domenica-25-dicembre-2011\/#primaryimage"},"thumbnailUrl":"http:\/\/photos.elle.it\/photo\/1726448726\/natale-natale-ricominciare\/natale-nascita-bambino-3981ab9.jpg","keywords":["commento al vangelo","vangelo domenicale"],"articleSection":["Commenti Vangelo"],"inLanguage":"it-IT"},{"@type":"WebPage","@id":"https:\/\/www.caritasbaribitonto.it\/public\/home\/2011\/12\/la-chiesa-del-presepe-della-nuova-evangelizzazione-domenica-25-dicembre-2011\/","url":"https:\/\/www.caritasbaribitonto.it\/public\/home\/2011\/12\/la-chiesa-del-presepe-della-nuova-evangelizzazione-domenica-25-dicembre-2011\/","name":"LA CHIESA DEL PRESEPE DELLA NUOVA EVANGELIZZAZIONE - Domenica 25 Dicembre 2011 - Caritas Diocesana Bari-Bitonto","isPartOf":{"@id":"https:\/\/www.caritasbaribitonto.it\/public\/home\/#website"},"primaryImageOfPage":{"@id":"https:\/\/www.caritasbaribitonto.it\/public\/home\/2011\/12\/la-chiesa-del-presepe-della-nuova-evangelizzazione-domenica-25-dicembre-2011\/#primaryimage"},"image":{"@id":"https:\/\/www.caritasbaribitonto.it\/public\/home\/2011\/12\/la-chiesa-del-presepe-della-nuova-evangelizzazione-domenica-25-dicembre-2011\/#primaryimage"},"thumbnailUrl":"http:\/\/photos.elle.it\/photo\/1726448726\/natale-natale-ricominciare\/natale-nascita-bambino-3981ab9.jpg","datePublished":"2011-12-24T12:55:45+00:00","dateModified":"2011-12-24T12:56:12+00:00","breadcrumb":{"@id":"https:\/\/www.caritasbaribitonto.it\/public\/home\/2011\/12\/la-chiesa-del-presepe-della-nuova-evangelizzazione-domenica-25-dicembre-2011\/#breadcrumb"},"inLanguage":"it-IT","potentialAction":[{"@type":"ReadAction","target":["https:\/\/www.caritasbaribitonto.it\/public\/home\/2011\/12\/la-chiesa-del-presepe-della-nuova-evangelizzazione-domenica-25-dicembre-2011\/"]}]},{"@type":"ImageObject","inLanguage":"it-IT","@id":"https:\/\/www.caritasbaribitonto.it\/public\/home\/2011\/12\/la-chiesa-del-presepe-della-nuova-evangelizzazione-domenica-25-dicembre-2011\/#primaryimage","url":"http:\/\/photos.elle.it\/photo\/1726448726\/natale-natale-ricominciare\/natale-nascita-bambino-3981ab9.jpg","contentUrl":"http:\/\/photos.elle.it\/photo\/1726448726\/natale-natale-ricominciare\/natale-nascita-bambino-3981ab9.jpg"},{"@type":"BreadcrumbList","@id":"https:\/\/www.caritasbaribitonto.it\/public\/home\/2011\/12\/la-chiesa-del-presepe-della-nuova-evangelizzazione-domenica-25-dicembre-2011\/#breadcrumb","itemListElement":[{"@type":"ListItem","position":1,"name":"Home","item":"https:\/\/www.caritasbaribitonto.it\/public\/home\/"},{"@type":"ListItem","position":2,"name":"LA CHIESA DEL PRESEPE DELLA NUOVA EVANGELIZZAZIONE &#8211; Domenica 25 Dicembre 2011"}]},{"@type":"WebSite","@id":"https:\/\/www.caritasbaribitonto.it\/public\/home\/#website","url":"https:\/\/www.caritasbaribitonto.it\/public\/home\/","name":"Caritas Diocesana Bari-Bitonto","description":"I santi della porta accanto","publisher":{"@id":"https:\/\/www.caritasbaribitonto.it\/public\/home\/#organization"},"potentialAction":[{"@type":"SearchAction","target":{"@type":"EntryPoint","urlTemplate":"https:\/\/www.caritasbaribitonto.it\/public\/home\/?s={search_term_string}"},"query-input":{"@type":"PropertyValueSpecification","valueRequired":true,"valueName":"search_term_string"}}],"inLanguage":"it-IT"},{"@type":"Organization","@id":"https:\/\/www.caritasbaribitonto.it\/public\/home\/#organization","name":"Caritas Diocesana Bari-Bitonto","url":"https:\/\/www.caritasbaribitonto.it\/public\/home\/","logo":{"@type":"ImageObject","inLanguage":"it-IT","@id":"https:\/\/www.caritasbaribitonto.it\/public\/home\/#\/schema\/logo\/image\/","url":"https:\/\/www.caritasbaribitonto.it\/public\/home\/img\/uploads\/2025\/02\/cropped-cropped-caritas2025_350x112.png","contentUrl":"https:\/\/www.caritasbaribitonto.it\/public\/home\/img\/uploads\/2025\/02\/cropped-cropped-caritas2025_350x112.png","width":350,"height":112,"caption":"Caritas Diocesana Bari-Bitonto"},"image":{"@id":"https:\/\/www.caritasbaribitonto.it\/public\/home\/#\/schema\/logo\/image\/"},"sameAs":["https:\/\/www.facebook.com\/pages\/Caritas-Diocesana-Bari-Bitonto\/533981476753770"]},{"@type":"Person","@id":"https:\/\/www.caritasbaribitonto.it\/public\/home\/#\/schema\/person\/06b333402b70fdadb662b68974e8c97a","name":"Giovanni Caputo","image":{"@type":"ImageObject","inLanguage":"it-IT","@id":"https:\/\/www.caritasbaribitonto.it\/public\/home\/#\/schema\/person\/image\/","url":"https:\/\/secure.gravatar.com\/avatar\/6c7e9d4e1e2394bfa4e38377bd0b5e03cbf0c79e27918e6497d3f408f89d0d3b?s=96&d=identicon&r=g","contentUrl":"https:\/\/secure.gravatar.com\/avatar\/6c7e9d4e1e2394bfa4e38377bd0b5e03cbf0c79e27918e6497d3f408f89d0d3b?s=96&d=identicon&r=g","caption":"Giovanni Caputo"},"url":"https:\/\/www.caritasbaribitonto.it\/public\/home\/author\/admin\/"}]}},"jetpack_featured_media_url":"","uagb_featured_image_src":{"full":false,"thumbnail":false,"medium":false,"medium_large":false,"large":false,"1536x1536":false,"2048x2048":false},"uagb_author_info":{"display_name":"Giovanni Caputo","author_link":"https:\/\/www.caritasbaribitonto.it\/public\/home\/author\/admin\/"},"uagb_comment_info":0,"uagb_excerpt":"Dal Vangelo secondo Luca (Lc 2, 1-14) In quei giorni un decreto di Cesare Augusto ordin\u00f2 che si facesse il [&hellip;]","_links":{"self":[{"href":"https:\/\/www.caritasbaribitonto.it\/public\/home\/wp-json\/wp\/v2\/posts\/2168","targetHints":{"allow":["GET"]}}],"collection":[{"href":"https:\/\/www.caritasbaribitonto.it\/public\/home\/wp-json\/wp\/v2\/posts"}],"about":[{"href":"https:\/\/www.caritasbaribitonto.it\/public\/home\/wp-json\/wp\/v2\/types\/post"}],"author":[{"embeddable":true,"href":"https:\/\/www.caritasbaribitonto.it\/public\/home\/wp-json\/wp\/v2\/users\/1"}],"replies":[{"embeddable":true,"href":"https:\/\/www.caritasbaribitonto.it\/public\/home\/wp-json\/wp\/v2\/comments?post=2168"}],"version-history":[{"count":0,"href":"https:\/\/www.caritasbaribitonto.it\/public\/home\/wp-json\/wp\/v2\/posts\/2168\/revisions"}],"wp:attachment":[{"href":"https:\/\/www.caritasbaribitonto.it\/public\/home\/wp-json\/wp\/v2\/media?parent=2168"}],"wp:term":[{"taxonomy":"category","embeddable":true,"href":"https:\/\/www.caritasbaribitonto.it\/public\/home\/wp-json\/wp\/v2\/categories?post=2168"},{"taxonomy":"post_tag","embeddable":true,"href":"https:\/\/www.caritasbaribitonto.it\/public\/home\/wp-json\/wp\/v2\/tags?post=2168"}],"curies":[{"name":"wp","href":"https:\/\/api.w.org\/{rel}","templated":true}]}}