{"id":2148,"date":"2011-12-17T00:49:35","date_gmt":"2011-12-16T23:49:35","guid":{"rendered":"http:\/\/www.caritasbaribitonto.it\/public\/home\/?p=2148"},"modified":"2011-12-17T00:49:35","modified_gmt":"2011-12-16T23:49:35","slug":"donna-decisiva-domenica-18-dicembre-2011","status":"publish","type":"post","link":"https:\/\/www.caritasbaribitonto.it\/public\/home\/2011\/12\/donna-decisiva-domenica-18-dicembre-2011\/","title":{"rendered":"DONNA DECISIVA &#8211; Domenica 18 Dicembre 2011"},"content":{"rendered":"<p><span style=\"color: #993300;\"><strong><em><img loading=\"lazy\" decoding=\"async\" class=\"alignleft\" src=\"http:\/\/www.lachiesa.it\/liturgia\/allegati\/icone\/BA040.jpg\" alt=\"\" width=\"95\" height=\"127\" \/>Dal vangelo secondo Luca (Vangelo\u00a0 Lc 1, 26-38 )<\/em><\/strong><\/span><br \/>\n<em><span style=\"color: #993300;\"> In quel tempo, l\u2019angelo Gabriele fu mandato da Dio in una citt\u00e0 della Galilea, chiamata N\u00e0zaret, a una vergine, promessa sposa di un uomo della casa di Davide, di nome Giuseppe. La vergine si chiamava Maria. Entrando da lei, disse: \u00abRall\u00e8grati, piena di grazia: il Signore \u00e8 con te\u00bb.<\/span><\/em><br \/>\n<em><span style=\"color: #993300;\"> A queste parole ella fu molto turbata e si domandava che senso avesse un saluto come questo. L\u2019angelo le disse: \u00abNon temere, Maria, perch\u00e9 hai trovato grazia presso Dio. Ed ecco, concepirai un figlio, lo darai alla luce e lo chiamerai Ges\u00f9. Sar\u00e0 grande e verr\u00e0 chiamato Figlio dell\u2019Altissimo; il Signore Dio gli dar\u00e0 il trono di Davide suo padre e regner\u00e0 per sempre sulla casa di Giacobbe e il suo regno non avr\u00e0 fine\u00bb.<\/span><\/em><br \/>\n<em><span style=\"color: #993300;\"> Allora Maria disse all\u2019angelo: \u00abCome avverr\u00e0 questo, poich\u00e9 non conosco uomo?\u00bb. Le rispose l\u2019angelo: \u00abLo Spirito Santo scender\u00e0 su di te e la potenza dell\u2019Altissimo ti coprir\u00e0 con la sua ombra. Perci\u00f2 colui che nascer\u00e0 sar\u00e0 santo e sar\u00e0 chiamato Figlio di Dio. Ed ecco, Elisabetta, tua parente, nella sua vecchiaia ha concepito anch\u2019essa un figlio e questo \u00e8 il sesto mese per lei, che era detta sterile: nulla \u00e8 impossibile a Dio\u00bb. <\/span><\/em><br \/>\n<em><span style=\"color: #993300;\"> Allora Maria disse: \u00abEcco la serva del Signore: avvenga per me secondo la tua parola\u00bb. E l\u2019angelo si allontan\u00f2 da lei.<strong>\u00a0<\/strong><\/span><\/em><\/p>\n<p><strong>\u00a0<\/strong><\/p>\n<p align=\"center\"><strong>DONNA DECISIVA<\/strong><\/p>\n<p>La vita riserva sempre delle sorprese e quando sono gradite, sembra che dirigono la stessa vita verso obiettivi che riempiono di gioia. Maria a Nazareth ha vissuto un\u2019esperienza oscillante tra il turbamento e la gioia: quella della paura per l\u2019improvviso e inaspettato arrivo del messaggero di Dio e quella della gioia per dover diventare subito madre e per giunta di Ges\u00f9.<\/p>\n<p>Maria rivela i due sentimenti che spesso contraddistinguo le scelte: la paura e la gioia. Il primo sentimento \u00e8 sempre legato a quanto potrebbe avvenire nel futuro e il secondo alla difficolt\u00e0 di dover essere all\u2019altezza della situazione.<\/p>\n<p>Ma \u2026 anche quest\u2019anno il Signore torna da noi! Il suo \u00e8 un Natale dal volto diverso con i tratti che Maria di Nazareth ci ha chiaramente mostrato nel suo colloquio con l\u2019angelo.<\/p>\n<p>Non dobbiamo essere comunit\u00e0 delle paure. Dobbiamo imparare a dare il meglio di noi stessi come Maria, anche quando ci costa e il peso degli impegni sembra essere abbondante. Uscire da quei timori riverenziali che ci tengono ancorati e non ci fanno mai prendere decisioni importanti nella vita.<\/p>\n<p>Maria di Nazareth \u00e8 un esempio per i tanti giovani che rimandano le scelte del loro matrimonio, per chi stenta a prendere decisioni per donare la propria vita al Signore, per chi ha deciso di vivere di rendita o di essere un parassita della societ\u00e0 trascinandosi con le lamentele e finendo per non fare mai nulla.<\/p>\n<p>Maria di Nazareth \u00e8 donna della decisione immediata che insegna soprattutto a tante comunit\u00e0 ecclesiali che la prudenza non \u00e8 il non fare o l\u2019attendere \u201cla discesa dello Spirito Santo\u201d, ma \u00e8 il contrario: dare spazio allo Spirito Santo come lei l\u2019ha fatto dando spazio a Ges\u00f9 nel suo grembo.<\/p>\n<p>Maria di Nazareth \u00e8 donna decisiva e forte perch\u00e9 lungimirante. Ha pensato anche a noi, ci ha permesso di ottenere la salvezza e di incontrare il Cristo.<\/p>\n<p>Ora tocca a noi essere comunit\u00e0 delle decisioni e non dei ritardi che non assumono mai responsabilit\u00e0 nell\u2019evangelizzazione, nell\u2019attenzione agli ammalati, alle persone sole e abbandonate, ai deboli, alle mamme che si domandano se portate avanti le gravidanze e soprattutto ad essere comunit\u00e0 di Natale che oltre Ges\u00f9 danno vita a ci\u00f2 che ancora nascosto dentro di ciascuno per paura di non farcela.<\/p>\n<p>Il direttore<\/p>\n<p>Don Antonio Ruccia<\/p>\n","protected":false},"excerpt":{"rendered":"<p>Dal vangelo secondo Luca (Vangelo\u00a0 Lc 1, 26-38 ) In quel tempo, l\u2019angelo Gabriele fu mandato da Dio in una [&hellip;]<\/p>\n","protected":false},"author":1,"featured_media":0,"comment_status":"closed","ping_status":"open","sticky":false,"template":"","format":"standard","meta":{"_uag_custom_page_level_css":"","site-sidebar-layout":"default","site-content-layout":"","ast-site-content-layout":"default","site-content-style":"default","site-sidebar-style":"default","ast-global-header-display":"","ast-banner-title-visibility":"","ast-main-header-display":"","ast-hfb-above-header-display":"","ast-hfb-below-header-display":"","ast-hfb-mobile-header-display":"","site-post-title":"","ast-breadcrumbs-content":"","ast-featured-img":"","footer-sml-layout":"","theme-transparent-header-meta":"","adv-header-id-meta":"","stick-header-meta":"","header-above-stick-meta":"","header-main-stick-meta":"","header-below-stick-meta":"","astra-migrate-meta-layouts":"default","ast-page-background-enabled":"default","ast-page-background-meta":{"desktop":{"background-color":"var(--ast-global-color-5)","background-image":"","background-repeat":"repeat","background-position":"center center","background-size":"auto","background-attachment":"scroll","background-type":"","background-media":"","overlay-type":"","overlay-color":"","overlay-opacity":"","overlay-gradient":""},"tablet":{"background-color":"","background-image":"","background-repeat":"repeat","background-position":"center center","background-size":"auto","background-attachment":"scroll","background-type":"","background-media":"","overlay-type":"","overlay-color":"","overlay-opacity":"","overlay-gradient":""},"mobile":{"background-color":"","background-image":"","background-repeat":"repeat","background-position":"center center","background-size":"auto","background-attachment":"scroll","background-type":"","background-media":"","overlay-type":"","overlay-color":"","overlay-opacity":"","overlay-gradient":""}},"ast-content-background-meta":{"desktop":{"background-color":"var(--ast-global-color-4)","background-image":"","background-repeat":"repeat","background-position":"center center","background-size":"auto","background-attachment":"scroll","background-type":"","background-media":"","overlay-type":"","overlay-color":"","overlay-opacity":"","overlay-gradient":""},"tablet":{"background-color":"var(--ast-global-color-4)","background-image":"","background-repeat":"repeat","background-position":"center center","background-size":"auto","background-attachment":"scroll","background-type":"","background-media":"","overlay-type":"","overlay-color":"","overlay-opacity":"","overlay-gradient":""},"mobile":{"background-color":"var(--ast-global-color-4)","background-image":"","background-repeat":"repeat","background-position":"center center","background-size":"auto","background-attachment":"scroll","background-type":"","background-media":"","overlay-type":"","overlay-color":"","overlay-opacity":"","overlay-gradient":""}},"footnotes":""},"categories":[20],"tags":[62],"class_list":["post-2148","post","type-post","status-publish","format-standard","hentry","category-commenti-vangelo","tag-vangelo-domenicale"],"gutentor_comment":0,"yoast_head":"<!-- This site is optimized with the Yoast SEO plugin v26.8 - https:\/\/yoast.com\/product\/yoast-seo-wordpress\/ -->\r\n<title>DONNA DECISIVA - Domenica 18 Dicembre 2011 - Caritas Diocesana Bari-Bitonto<\/title>\r\n<meta name=\"robots\" content=\"index, follow, max-snippet:-1, max-image-preview:large, max-video-preview:-1\" \/>\r\n<link rel=\"canonical\" href=\"https:\/\/www.caritasbaribitonto.it\/public\/home\/2011\/12\/donna-decisiva-domenica-18-dicembre-2011\/\" \/>\r\n<meta property=\"og:locale\" content=\"it_IT\" \/>\r\n<meta property=\"og:type\" content=\"article\" \/>\r\n<meta property=\"og:title\" content=\"DONNA DECISIVA - Domenica 18 Dicembre 2011 - Caritas Diocesana Bari-Bitonto\" \/>\r\n<meta property=\"og:description\" content=\"Dal vangelo secondo Luca (Vangelo\u00a0 Lc 1, 26-38 ) In quel tempo, l\u2019angelo Gabriele fu mandato da Dio in una [&hellip;]\" \/>\r\n<meta property=\"og:url\" content=\"https:\/\/www.caritasbaribitonto.it\/public\/home\/2011\/12\/donna-decisiva-domenica-18-dicembre-2011\/\" \/>\r\n<meta property=\"og:site_name\" content=\"Caritas Diocesana Bari-Bitonto\" \/>\r\n<meta property=\"article:publisher\" content=\"https:\/\/www.facebook.com\/pages\/Caritas-Diocesana-Bari-Bitonto\/533981476753770\" \/>\r\n<meta property=\"article:published_time\" content=\"2011-12-16T23:49:35+00:00\" \/>\r\n<meta property=\"og:image\" content=\"http:\/\/www.lachiesa.it\/liturgia\/allegati\/icone\/BA040.jpg\" \/>\r\n<meta name=\"author\" content=\"Giovanni Caputo\" \/>\r\n<meta name=\"twitter:card\" content=\"summary_large_image\" \/>\r\n<meta name=\"twitter:label1\" content=\"Scritto da\" \/>\n\t<meta name=\"twitter:data1\" content=\"Giovanni Caputo\" \/>\n\t<meta name=\"twitter:label2\" content=\"Tempo di lettura stimato\" \/>\n\t<meta name=\"twitter:data2\" content=\"3 minuti\" \/>\r\n<script type=\"application\/ld+json\" class=\"yoast-schema-graph\">{\"@context\":\"https:\/\/schema.org\",\"@graph\":[{\"@type\":\"Article\",\"@id\":\"https:\/\/www.caritasbaribitonto.it\/public\/home\/2011\/12\/donna-decisiva-domenica-18-dicembre-2011\/#article\",\"isPartOf\":{\"@id\":\"https:\/\/www.caritasbaribitonto.it\/public\/home\/2011\/12\/donna-decisiva-domenica-18-dicembre-2011\/\"},\"author\":{\"name\":\"Giovanni Caputo\",\"@id\":\"https:\/\/www.caritasbaribitonto.it\/public\/home\/#\/schema\/person\/06b333402b70fdadb662b68974e8c97a\"},\"headline\":\"DONNA DECISIVA &#8211; Domenica 18 Dicembre 2011\",\"datePublished\":\"2011-12-16T23:49:35+00:00\",\"mainEntityOfPage\":{\"@id\":\"https:\/\/www.caritasbaribitonto.it\/public\/home\/2011\/12\/donna-decisiva-domenica-18-dicembre-2011\/\"},\"wordCount\":621,\"publisher\":{\"@id\":\"https:\/\/www.caritasbaribitonto.it\/public\/home\/#organization\"},\"image\":{\"@id\":\"https:\/\/www.caritasbaribitonto.it\/public\/home\/2011\/12\/donna-decisiva-domenica-18-dicembre-2011\/#primaryimage\"},\"thumbnailUrl\":\"http:\/\/www.lachiesa.it\/liturgia\/allegati\/icone\/BA040.jpg\",\"keywords\":[\"vangelo domenicale\"],\"articleSection\":[\"Commenti Vangelo\"],\"inLanguage\":\"it-IT\"},{\"@type\":\"WebPage\",\"@id\":\"https:\/\/www.caritasbaribitonto.it\/public\/home\/2011\/12\/donna-decisiva-domenica-18-dicembre-2011\/\",\"url\":\"https:\/\/www.caritasbaribitonto.it\/public\/home\/2011\/12\/donna-decisiva-domenica-18-dicembre-2011\/\",\"name\":\"DONNA DECISIVA - Domenica 18 Dicembre 2011 - Caritas Diocesana Bari-Bitonto\",\"isPartOf\":{\"@id\":\"https:\/\/www.caritasbaribitonto.it\/public\/home\/#website\"},\"primaryImageOfPage\":{\"@id\":\"https:\/\/www.caritasbaribitonto.it\/public\/home\/2011\/12\/donna-decisiva-domenica-18-dicembre-2011\/#primaryimage\"},\"image\":{\"@id\":\"https:\/\/www.caritasbaribitonto.it\/public\/home\/2011\/12\/donna-decisiva-domenica-18-dicembre-2011\/#primaryimage\"},\"thumbnailUrl\":\"http:\/\/www.lachiesa.it\/liturgia\/allegati\/icone\/BA040.jpg\",\"datePublished\":\"2011-12-16T23:49:35+00:00\",\"breadcrumb\":{\"@id\":\"https:\/\/www.caritasbaribitonto.it\/public\/home\/2011\/12\/donna-decisiva-domenica-18-dicembre-2011\/#breadcrumb\"},\"inLanguage\":\"it-IT\",\"potentialAction\":[{\"@type\":\"ReadAction\",\"target\":[\"https:\/\/www.caritasbaribitonto.it\/public\/home\/2011\/12\/donna-decisiva-domenica-18-dicembre-2011\/\"]}]},{\"@type\":\"ImageObject\",\"inLanguage\":\"it-IT\",\"@id\":\"https:\/\/www.caritasbaribitonto.it\/public\/home\/2011\/12\/donna-decisiva-domenica-18-dicembre-2011\/#primaryimage\",\"url\":\"http:\/\/www.lachiesa.it\/liturgia\/allegati\/icone\/BA040.jpg\",\"contentUrl\":\"http:\/\/www.lachiesa.it\/liturgia\/allegati\/icone\/BA040.jpg\"},{\"@type\":\"BreadcrumbList\",\"@id\":\"https:\/\/www.caritasbaribitonto.it\/public\/home\/2011\/12\/donna-decisiva-domenica-18-dicembre-2011\/#breadcrumb\",\"itemListElement\":[{\"@type\":\"ListItem\",\"position\":1,\"name\":\"Home\",\"item\":\"https:\/\/www.caritasbaribitonto.it\/public\/home\/\"},{\"@type\":\"ListItem\",\"position\":2,\"name\":\"DONNA DECISIVA &#8211; Domenica 18 Dicembre 2011\"}]},{\"@type\":\"WebSite\",\"@id\":\"https:\/\/www.caritasbaribitonto.it\/public\/home\/#website\",\"url\":\"https:\/\/www.caritasbaribitonto.it\/public\/home\/\",\"name\":\"Caritas Diocesana Bari-Bitonto\",\"description\":\"I santi della porta accanto\",\"publisher\":{\"@id\":\"https:\/\/www.caritasbaribitonto.it\/public\/home\/#organization\"},\"potentialAction\":[{\"@type\":\"SearchAction\",\"target\":{\"@type\":\"EntryPoint\",\"urlTemplate\":\"https:\/\/www.caritasbaribitonto.it\/public\/home\/?s={search_term_string}\"},\"query-input\":{\"@type\":\"PropertyValueSpecification\",\"valueRequired\":true,\"valueName\":\"search_term_string\"}}],\"inLanguage\":\"it-IT\"},{\"@type\":\"Organization\",\"@id\":\"https:\/\/www.caritasbaribitonto.it\/public\/home\/#organization\",\"name\":\"Caritas Diocesana Bari-Bitonto\",\"url\":\"https:\/\/www.caritasbaribitonto.it\/public\/home\/\",\"logo\":{\"@type\":\"ImageObject\",\"inLanguage\":\"it-IT\",\"@id\":\"https:\/\/www.caritasbaribitonto.it\/public\/home\/#\/schema\/logo\/image\/\",\"url\":\"https:\/\/www.caritasbaribitonto.it\/public\/home\/img\/uploads\/2025\/02\/cropped-cropped-caritas2025_350x112.png\",\"contentUrl\":\"https:\/\/www.caritasbaribitonto.it\/public\/home\/img\/uploads\/2025\/02\/cropped-cropped-caritas2025_350x112.png\",\"width\":350,\"height\":112,\"caption\":\"Caritas Diocesana Bari-Bitonto\"},\"image\":{\"@id\":\"https:\/\/www.caritasbaribitonto.it\/public\/home\/#\/schema\/logo\/image\/\"},\"sameAs\":[\"https:\/\/www.facebook.com\/pages\/Caritas-Diocesana-Bari-Bitonto\/533981476753770\"]},{\"@type\":\"Person\",\"@id\":\"https:\/\/www.caritasbaribitonto.it\/public\/home\/#\/schema\/person\/06b333402b70fdadb662b68974e8c97a\",\"name\":\"Giovanni Caputo\",\"image\":{\"@type\":\"ImageObject\",\"inLanguage\":\"it-IT\",\"@id\":\"https:\/\/www.caritasbaribitonto.it\/public\/home\/#\/schema\/person\/image\/\",\"url\":\"https:\/\/secure.gravatar.com\/avatar\/6c7e9d4e1e2394bfa4e38377bd0b5e03cbf0c79e27918e6497d3f408f89d0d3b?s=96&d=identicon&r=g\",\"contentUrl\":\"https:\/\/secure.gravatar.com\/avatar\/6c7e9d4e1e2394bfa4e38377bd0b5e03cbf0c79e27918e6497d3f408f89d0d3b?s=96&d=identicon&r=g\",\"caption\":\"Giovanni Caputo\"},\"url\":\"https:\/\/www.caritasbaribitonto.it\/public\/home\/author\/admin\/\"}]}<\/script>\r\n<!-- \/ Yoast SEO plugin. -->","yoast_head_json":{"title":"DONNA DECISIVA - Domenica 18 Dicembre 2011 - Caritas Diocesana Bari-Bitonto","robots":{"index":"index","follow":"follow","max-snippet":"max-snippet:-1","max-image-preview":"max-image-preview:large","max-video-preview":"max-video-preview:-1"},"canonical":"https:\/\/www.caritasbaribitonto.it\/public\/home\/2011\/12\/donna-decisiva-domenica-18-dicembre-2011\/","og_locale":"it_IT","og_type":"article","og_title":"DONNA DECISIVA - Domenica 18 Dicembre 2011 - Caritas Diocesana Bari-Bitonto","og_description":"Dal vangelo secondo Luca (Vangelo\u00a0 Lc 1, 26-38 ) In quel tempo, l\u2019angelo Gabriele fu mandato da Dio in una [&hellip;]","og_url":"https:\/\/www.caritasbaribitonto.it\/public\/home\/2011\/12\/donna-decisiva-domenica-18-dicembre-2011\/","og_site_name":"Caritas Diocesana Bari-Bitonto","article_publisher":"https:\/\/www.facebook.com\/pages\/Caritas-Diocesana-Bari-Bitonto\/533981476753770","article_published_time":"2011-12-16T23:49:35+00:00","og_image":[{"url":"http:\/\/www.lachiesa.it\/liturgia\/allegati\/icone\/BA040.jpg","type":"","width":"","height":""}],"author":"Giovanni Caputo","twitter_card":"summary_large_image","twitter_misc":{"Scritto da":"Giovanni Caputo","Tempo di lettura stimato":"3 minuti"},"schema":{"@context":"https:\/\/schema.org","@graph":[{"@type":"Article","@id":"https:\/\/www.caritasbaribitonto.it\/public\/home\/2011\/12\/donna-decisiva-domenica-18-dicembre-2011\/#article","isPartOf":{"@id":"https:\/\/www.caritasbaribitonto.it\/public\/home\/2011\/12\/donna-decisiva-domenica-18-dicembre-2011\/"},"author":{"name":"Giovanni Caputo","@id":"https:\/\/www.caritasbaribitonto.it\/public\/home\/#\/schema\/person\/06b333402b70fdadb662b68974e8c97a"},"headline":"DONNA DECISIVA &#8211; Domenica 18 Dicembre 2011","datePublished":"2011-12-16T23:49:35+00:00","mainEntityOfPage":{"@id":"https:\/\/www.caritasbaribitonto.it\/public\/home\/2011\/12\/donna-decisiva-domenica-18-dicembre-2011\/"},"wordCount":621,"publisher":{"@id":"https:\/\/www.caritasbaribitonto.it\/public\/home\/#organization"},"image":{"@id":"https:\/\/www.caritasbaribitonto.it\/public\/home\/2011\/12\/donna-decisiva-domenica-18-dicembre-2011\/#primaryimage"},"thumbnailUrl":"http:\/\/www.lachiesa.it\/liturgia\/allegati\/icone\/BA040.jpg","keywords":["vangelo domenicale"],"articleSection":["Commenti Vangelo"],"inLanguage":"it-IT"},{"@type":"WebPage","@id":"https:\/\/www.caritasbaribitonto.it\/public\/home\/2011\/12\/donna-decisiva-domenica-18-dicembre-2011\/","url":"https:\/\/www.caritasbaribitonto.it\/public\/home\/2011\/12\/donna-decisiva-domenica-18-dicembre-2011\/","name":"DONNA DECISIVA - Domenica 18 Dicembre 2011 - Caritas Diocesana Bari-Bitonto","isPartOf":{"@id":"https:\/\/www.caritasbaribitonto.it\/public\/home\/#website"},"primaryImageOfPage":{"@id":"https:\/\/www.caritasbaribitonto.it\/public\/home\/2011\/12\/donna-decisiva-domenica-18-dicembre-2011\/#primaryimage"},"image":{"@id":"https:\/\/www.caritasbaribitonto.it\/public\/home\/2011\/12\/donna-decisiva-domenica-18-dicembre-2011\/#primaryimage"},"thumbnailUrl":"http:\/\/www.lachiesa.it\/liturgia\/allegati\/icone\/BA040.jpg","datePublished":"2011-12-16T23:49:35+00:00","breadcrumb":{"@id":"https:\/\/www.caritasbaribitonto.it\/public\/home\/2011\/12\/donna-decisiva-domenica-18-dicembre-2011\/#breadcrumb"},"inLanguage":"it-IT","potentialAction":[{"@type":"ReadAction","target":["https:\/\/www.caritasbaribitonto.it\/public\/home\/2011\/12\/donna-decisiva-domenica-18-dicembre-2011\/"]}]},{"@type":"ImageObject","inLanguage":"it-IT","@id":"https:\/\/www.caritasbaribitonto.it\/public\/home\/2011\/12\/donna-decisiva-domenica-18-dicembre-2011\/#primaryimage","url":"http:\/\/www.lachiesa.it\/liturgia\/allegati\/icone\/BA040.jpg","contentUrl":"http:\/\/www.lachiesa.it\/liturgia\/allegati\/icone\/BA040.jpg"},{"@type":"BreadcrumbList","@id":"https:\/\/www.caritasbaribitonto.it\/public\/home\/2011\/12\/donna-decisiva-domenica-18-dicembre-2011\/#breadcrumb","itemListElement":[{"@type":"ListItem","position":1,"name":"Home","item":"https:\/\/www.caritasbaribitonto.it\/public\/home\/"},{"@type":"ListItem","position":2,"name":"DONNA DECISIVA &#8211; Domenica 18 Dicembre 2011"}]},{"@type":"WebSite","@id":"https:\/\/www.caritasbaribitonto.it\/public\/home\/#website","url":"https:\/\/www.caritasbaribitonto.it\/public\/home\/","name":"Caritas Diocesana Bari-Bitonto","description":"I santi della porta accanto","publisher":{"@id":"https:\/\/www.caritasbaribitonto.it\/public\/home\/#organization"},"potentialAction":[{"@type":"SearchAction","target":{"@type":"EntryPoint","urlTemplate":"https:\/\/www.caritasbaribitonto.it\/public\/home\/?s={search_term_string}"},"query-input":{"@type":"PropertyValueSpecification","valueRequired":true,"valueName":"search_term_string"}}],"inLanguage":"it-IT"},{"@type":"Organization","@id":"https:\/\/www.caritasbaribitonto.it\/public\/home\/#organization","name":"Caritas Diocesana Bari-Bitonto","url":"https:\/\/www.caritasbaribitonto.it\/public\/home\/","logo":{"@type":"ImageObject","inLanguage":"it-IT","@id":"https:\/\/www.caritasbaribitonto.it\/public\/home\/#\/schema\/logo\/image\/","url":"https:\/\/www.caritasbaribitonto.it\/public\/home\/img\/uploads\/2025\/02\/cropped-cropped-caritas2025_350x112.png","contentUrl":"https:\/\/www.caritasbaribitonto.it\/public\/home\/img\/uploads\/2025\/02\/cropped-cropped-caritas2025_350x112.png","width":350,"height":112,"caption":"Caritas Diocesana Bari-Bitonto"},"image":{"@id":"https:\/\/www.caritasbaribitonto.it\/public\/home\/#\/schema\/logo\/image\/"},"sameAs":["https:\/\/www.facebook.com\/pages\/Caritas-Diocesana-Bari-Bitonto\/533981476753770"]},{"@type":"Person","@id":"https:\/\/www.caritasbaribitonto.it\/public\/home\/#\/schema\/person\/06b333402b70fdadb662b68974e8c97a","name":"Giovanni Caputo","image":{"@type":"ImageObject","inLanguage":"it-IT","@id":"https:\/\/www.caritasbaribitonto.it\/public\/home\/#\/schema\/person\/image\/","url":"https:\/\/secure.gravatar.com\/avatar\/6c7e9d4e1e2394bfa4e38377bd0b5e03cbf0c79e27918e6497d3f408f89d0d3b?s=96&d=identicon&r=g","contentUrl":"https:\/\/secure.gravatar.com\/avatar\/6c7e9d4e1e2394bfa4e38377bd0b5e03cbf0c79e27918e6497d3f408f89d0d3b?s=96&d=identicon&r=g","caption":"Giovanni Caputo"},"url":"https:\/\/www.caritasbaribitonto.it\/public\/home\/author\/admin\/"}]}},"jetpack_featured_media_url":"","uagb_featured_image_src":{"full":false,"thumbnail":false,"medium":false,"medium_large":false,"large":false,"1536x1536":false,"2048x2048":false},"uagb_author_info":{"display_name":"Giovanni Caputo","author_link":"https:\/\/www.caritasbaribitonto.it\/public\/home\/author\/admin\/"},"uagb_comment_info":0,"uagb_excerpt":"Dal vangelo secondo Luca (Vangelo\u00a0 Lc 1, 26-38 ) In quel tempo, l\u2019angelo Gabriele fu mandato da Dio in una [&hellip;]","_links":{"self":[{"href":"https:\/\/www.caritasbaribitonto.it\/public\/home\/wp-json\/wp\/v2\/posts\/2148","targetHints":{"allow":["GET"]}}],"collection":[{"href":"https:\/\/www.caritasbaribitonto.it\/public\/home\/wp-json\/wp\/v2\/posts"}],"about":[{"href":"https:\/\/www.caritasbaribitonto.it\/public\/home\/wp-json\/wp\/v2\/types\/post"}],"author":[{"embeddable":true,"href":"https:\/\/www.caritasbaribitonto.it\/public\/home\/wp-json\/wp\/v2\/users\/1"}],"replies":[{"embeddable":true,"href":"https:\/\/www.caritasbaribitonto.it\/public\/home\/wp-json\/wp\/v2\/comments?post=2148"}],"version-history":[{"count":0,"href":"https:\/\/www.caritasbaribitonto.it\/public\/home\/wp-json\/wp\/v2\/posts\/2148\/revisions"}],"wp:attachment":[{"href":"https:\/\/www.caritasbaribitonto.it\/public\/home\/wp-json\/wp\/v2\/media?parent=2148"}],"wp:term":[{"taxonomy":"category","embeddable":true,"href":"https:\/\/www.caritasbaribitonto.it\/public\/home\/wp-json\/wp\/v2\/categories?post=2148"},{"taxonomy":"post_tag","embeddable":true,"href":"https:\/\/www.caritasbaribitonto.it\/public\/home\/wp-json\/wp\/v2\/tags?post=2148"}],"curies":[{"name":"wp","href":"https:\/\/api.w.org\/{rel}","templated":true}]}}