{"id":2145,"date":"2011-12-10T14:30:07","date_gmt":"2011-12-10T13:30:07","guid":{"rendered":"http:\/\/www.caritasbaribitonto.it\/public\/home\/?p=2145"},"modified":"2011-12-17T17:53:15","modified_gmt":"2011-12-17T16:53:15","slug":"la-comunita-della-gioia-domenica-11-dicembre-2011","status":"publish","type":"post","link":"https:\/\/www.caritasbaribitonto.it\/public\/home\/2011\/12\/la-comunita-della-gioia-domenica-11-dicembre-2011\/","title":{"rendered":"LA COMUNITA\u2019 DELLA GIOIA- Domenica 11 Dicembre 2011"},"content":{"rendered":"<p><span style=\"color: #993300;\"><em><strong>Dal Vangelo secondo Giovanni (Gv 1,6-8.19-28)<\/strong><\/em><\/span><\/p>\n<p><span style=\"color: #993300;\"><em><img loading=\"lazy\" decoding=\"async\" class=\"alignleft size-thumbnail wp-image-2146\" title=\"Giovanni-Battista-Pizzicaro\" src=\"http:\/\/www.caritasbaribitonto.it\/public\/home\/img\/uploads\/2011\/12\/Giovanni-Battista-Pizzicaro-150x150.jpg\" alt=\"\" width=\"150\" height=\"150\" \/>Venne un uomo mandato da Dio:<\/em><\/span><br \/>\n<span style=\"color: #993300;\"><em> il suo nome era Giovanni.<\/em><\/span><br \/>\n<span style=\"color: #993300;\"><em> Egli venne come testimone<\/em><\/span><br \/>\n<span style=\"color: #993300;\"><em> per dare testimonianza alla luce,<\/em><\/span><br \/>\n<span style=\"color: #993300;\"><em> perch\u00e9 tutti credessero per mezzo di lui.<\/em><\/span><br \/>\n<span style=\"color: #993300;\"><em> Non era lui la luce,<\/em><\/span><br \/>\n<span style=\"color: #993300;\"><em> ma doveva dare testimonianza alla luce.<\/em><\/span><br \/>\n<span style=\"color: #993300;\"><em> Questa \u00e8 la testimonianza di Giovanni, quando i Giudei gli inviarono da Gerusalemme sacerdoti e lev\u00ecti a interrogarlo: \u00abTu, chi sei?\u00bb. Egli confess\u00f2 e non neg\u00f2. Confess\u00f2: \u00abIo non sono il Cristo\u00bb. Allora gli chiesero: \u00abChi sei, dunque? Sei tu Elia?\u00bb. \u00abNon lo sono\u00bb, disse. \u00abSei tu il profeta?\u00bb. \u00abNo\u00bb, rispose. Gli dissero allora: \u00abChi sei? Perch\u00e9 possiamo dare una risposta a coloro che ci hanno mandato. Che cosa dici di te stesso?\u00bb. Rispose: \u00abIo sono voce di uno che grida nel deserto: Rendete diritta la via del Signore, come disse il profeta Isa\u00eca\u00bb.<\/em><\/span><br \/>\n<span style=\"color: #993300;\"><em> Quelli che erano stati inviati venivano dai farisei. Essi lo interrogarono e gli dissero: \u00abPerch\u00e9 dunque tu battezzi, se non sei il Cristo, n\u00e9 Elia, n\u00e9 il profeta?\u00bb. Giovanni rispose loro: \u00abIo battezzo nell&#8217;acqua. In mezzo a voi sta uno che voi non conoscete, colui che viene dopo di me: a lui io non sono degno di slegare il laccio del sandalo\u00bb.<\/em><\/span><br \/>\n<span style=\"color: #993300;\"><em> Questo avvenne in Bet\u00e0nia, al di l\u00e0 del Giordano, dove Giovanni stava battezzando.<\/em><\/span><\/p>\n<p>&nbsp;<\/p>\n<p style=\"text-align: center;\"><strong>LA COMUNITA\u2019 DELLA GIOIA<\/strong><\/p>\n<p>&nbsp;<\/p>\n<p>I sacerdoti e i leviti inviati da Gerusalemme a Giovanni il Battista la sua identit\u00e0 rivela quanto nella casta sacerdotale fossero sorti seri dubbi circa il ruolo di quest\u2019ultimo. In alcuni i dubbi derivano dall\u2019attribuire proprio al Battista il ruolo di quell\u2019atteso dall\u2019eternit\u00e0 in cui credeva\u00a0 tutto il popolo ebraico.<\/p>\n<p>Eppure il Battista oltre alla sua voce possente nel deserto stava indicando a tutti, compresi anche gli esperti del Tempio, la conversione del cuore riproponendo la Parola di Jahv\u00e8 come strumento per ritornare ad essere in sintonia con quanto a loro era stato proposto fin dall\u2019esperienza del Sinai.<\/p>\n<p>La sua risposta appare chiara. E\u2019 il battezzatore che prepara strade nuove all\u2019accoglienza di Ges\u00f9 di cui non si\u00a0 ritiene degno di sciogliere i legacci dei suoi sandali. Ges\u00f9 sar\u00e0 colui che battezzer\u00e0 nello Spirito Santo realizzando l\u2019antica profezia isaiana di portare l\u2019annnuncio ai poveri, di riconquistare quanti si erano dileguati dalla Legge, di liberare coloro che vivevano ogni tipo di schiavit\u00f9 e soprattutto di azzerare quanti per anni aveva avuto pendenze.<\/p>\n<p>Il modello indicato da Giovanni il Battista \u00e8 quello che oggi la Chiesa \u00e8 invitata a realizzare nella costruzione di \u00a0una comunit\u00e0 della profezia. Una comunit\u00e0 di stampo missionario, che opta e opera a favore degli ultimi, che s\u2019impegna nello slegare l\u2019umanit\u00e0 dalle schivit\u00f9 del denaro, del potere edell\u2019orgoglio, di ricominciare quotidianamente senza rinvangare continuamente il passato.<\/p>\n<p>E\u2019 la comunit\u00e0 che si pone dalla parte dei bisognosi, che non disdegna di mettere al centro l\u2019evangelizzazione verso le famiglie e che mostra nell\u2019impegno sociale, politico ed economico il suo carattere profetico.<\/p>\n<p>Questa \u00e8 una comunit\u00e0 dai piedi scalzi che <strong>gioisce<\/strong> per ogni uomo e ogni donna che sa generare il Cristo nella propria vita e che cammina continuamente alla ricerca di altri che ancora non sono in grado di generare la vita che nasce<\/p>\n<p>&nbsp;<\/p>\n<p>Il direttore<\/p>\n<p>Don Antonio Ruccia<\/p>\n","protected":false},"excerpt":{"rendered":"<p>Dal Vangelo secondo Giovanni (Gv 1,6-8.19-28) Venne un uomo mandato da Dio: il suo nome era Giovanni. Egli venne come [&hellip;]<\/p>\n","protected":false},"author":1,"featured_media":0,"comment_status":"closed","ping_status":"open","sticky":false,"template":"","format":"standard","meta":{"_uag_custom_page_level_css":"","site-sidebar-layout":"default","site-content-layout":"","ast-site-content-layout":"default","site-content-style":"default","site-sidebar-style":"default","ast-global-header-display":"","ast-banner-title-visibility":"","ast-main-header-display":"","ast-hfb-above-header-display":"","ast-hfb-below-header-display":"","ast-hfb-mobile-header-display":"","site-post-title":"","ast-breadcrumbs-content":"","ast-featured-img":"","footer-sml-layout":"","theme-transparent-header-meta":"","adv-header-id-meta":"","stick-header-meta":"","header-above-stick-meta":"","header-main-stick-meta":"","header-below-stick-meta":"","astra-migrate-meta-layouts":"default","ast-page-background-enabled":"default","ast-page-background-meta":{"desktop":{"background-color":"var(--ast-global-color-5)","background-image":"","background-repeat":"repeat","background-position":"center center","background-size":"auto","background-attachment":"scroll","background-type":"","background-media":"","overlay-type":"","overlay-color":"","overlay-opacity":"","overlay-gradient":""},"tablet":{"background-color":"","background-image":"","background-repeat":"repeat","background-position":"center center","background-size":"auto","background-attachment":"scroll","background-type":"","background-media":"","overlay-type":"","overlay-color":"","overlay-opacity":"","overlay-gradient":""},"mobile":{"background-color":"","background-image":"","background-repeat":"repeat","background-position":"center center","background-size":"auto","background-attachment":"scroll","background-type":"","background-media":"","overlay-type":"","overlay-color":"","overlay-opacity":"","overlay-gradient":""}},"ast-content-background-meta":{"desktop":{"background-color":"var(--ast-global-color-4)","background-image":"","background-repeat":"repeat","background-position":"center center","background-size":"auto","background-attachment":"scroll","background-type":"","background-media":"","overlay-type":"","overlay-color":"","overlay-opacity":"","overlay-gradient":""},"tablet":{"background-color":"var(--ast-global-color-4)","background-image":"","background-repeat":"repeat","background-position":"center center","background-size":"auto","background-attachment":"scroll","background-type":"","background-media":"","overlay-type":"","overlay-color":"","overlay-opacity":"","overlay-gradient":""},"mobile":{"background-color":"var(--ast-global-color-4)","background-image":"","background-repeat":"repeat","background-position":"center center","background-size":"auto","background-attachment":"scroll","background-type":"","background-media":"","overlay-type":"","overlay-color":"","overlay-opacity":"","overlay-gradient":""}},"footnotes":""},"categories":[20],"tags":[35,62],"class_list":["post-2145","post","type-post","status-publish","format-standard","hentry","category-commenti-vangelo","tag-commento-al-vangelo","tag-vangelo-domenicale"],"gutentor_comment":0,"yoast_head":"<!-- This site is optimized with the Yoast SEO plugin v26.8 - https:\/\/yoast.com\/product\/yoast-seo-wordpress\/ -->\r\n<title>LA COMUNITA\u2019 DELLA GIOIA- Domenica 11 Dicembre 2011 - Caritas Diocesana Bari-Bitonto<\/title>\r\n<meta name=\"robots\" content=\"index, follow, max-snippet:-1, max-image-preview:large, max-video-preview:-1\" \/>\r\n<link rel=\"canonical\" href=\"https:\/\/www.caritasbaribitonto.it\/public\/home\/2011\/12\/la-comunita-della-gioia-domenica-11-dicembre-2011\/\" \/>\r\n<meta property=\"og:locale\" content=\"it_IT\" \/>\r\n<meta property=\"og:type\" content=\"article\" \/>\r\n<meta property=\"og:title\" content=\"LA COMUNITA\u2019 DELLA GIOIA- Domenica 11 Dicembre 2011 - Caritas Diocesana Bari-Bitonto\" \/>\r\n<meta property=\"og:description\" content=\"Dal Vangelo secondo Giovanni (Gv 1,6-8.19-28) Venne un uomo mandato da Dio: il suo nome era Giovanni. Egli venne come [&hellip;]\" \/>\r\n<meta property=\"og:url\" content=\"https:\/\/www.caritasbaribitonto.it\/public\/home\/2011\/12\/la-comunita-della-gioia-domenica-11-dicembre-2011\/\" \/>\r\n<meta property=\"og:site_name\" content=\"Caritas Diocesana Bari-Bitonto\" \/>\r\n<meta property=\"article:publisher\" content=\"https:\/\/www.facebook.com\/pages\/Caritas-Diocesana-Bari-Bitonto\/533981476753770\" \/>\r\n<meta property=\"article:published_time\" content=\"2011-12-10T13:30:07+00:00\" \/>\r\n<meta property=\"article:modified_time\" content=\"2011-12-17T16:53:15+00:00\" \/>\r\n<meta property=\"og:image\" content=\"http:\/\/www.caritasbaribitonto.it\/public\/home\/img\/uploads\/2011\/12\/Giovanni-Battista-Pizzicaro-150x150.jpg\" \/>\r\n<meta name=\"author\" content=\"Giovanni Caputo\" \/>\r\n<meta name=\"twitter:card\" content=\"summary_large_image\" \/>\r\n<meta name=\"twitter:label1\" content=\"Scritto da\" \/>\n\t<meta name=\"twitter:data1\" content=\"Giovanni Caputo\" \/>\n\t<meta name=\"twitter:label2\" content=\"Tempo di lettura stimato\" \/>\n\t<meta name=\"twitter:data2\" content=\"3 minuti\" \/>\r\n<script type=\"application\/ld+json\" class=\"yoast-schema-graph\">{\"@context\":\"https:\/\/schema.org\",\"@graph\":[{\"@type\":\"Article\",\"@id\":\"https:\/\/www.caritasbaribitonto.it\/public\/home\/2011\/12\/la-comunita-della-gioia-domenica-11-dicembre-2011\/#article\",\"isPartOf\":{\"@id\":\"https:\/\/www.caritasbaribitonto.it\/public\/home\/2011\/12\/la-comunita-della-gioia-domenica-11-dicembre-2011\/\"},\"author\":{\"name\":\"Giovanni Caputo\",\"@id\":\"https:\/\/www.caritasbaribitonto.it\/public\/home\/#\/schema\/person\/06b333402b70fdadb662b68974e8c97a\"},\"headline\":\"LA COMUNITA\u2019 DELLA GIOIA- Domenica 11 Dicembre 2011\",\"datePublished\":\"2011-12-10T13:30:07+00:00\",\"dateModified\":\"2011-12-17T16:53:15+00:00\",\"mainEntityOfPage\":{\"@id\":\"https:\/\/www.caritasbaribitonto.it\/public\/home\/2011\/12\/la-comunita-della-gioia-domenica-11-dicembre-2011\/\"},\"wordCount\":548,\"publisher\":{\"@id\":\"https:\/\/www.caritasbaribitonto.it\/public\/home\/#organization\"},\"image\":{\"@id\":\"https:\/\/www.caritasbaribitonto.it\/public\/home\/2011\/12\/la-comunita-della-gioia-domenica-11-dicembre-2011\/#primaryimage\"},\"thumbnailUrl\":\"http:\/\/www.caritasbaribitonto.it\/public\/home\/img\/uploads\/2011\/12\/Giovanni-Battista-Pizzicaro-150x150.jpg\",\"keywords\":[\"commento al vangelo\",\"vangelo domenicale\"],\"articleSection\":[\"Commenti Vangelo\"],\"inLanguage\":\"it-IT\"},{\"@type\":\"WebPage\",\"@id\":\"https:\/\/www.caritasbaribitonto.it\/public\/home\/2011\/12\/la-comunita-della-gioia-domenica-11-dicembre-2011\/\",\"url\":\"https:\/\/www.caritasbaribitonto.it\/public\/home\/2011\/12\/la-comunita-della-gioia-domenica-11-dicembre-2011\/\",\"name\":\"LA COMUNITA\u2019 DELLA GIOIA- Domenica 11 Dicembre 2011 - Caritas Diocesana Bari-Bitonto\",\"isPartOf\":{\"@id\":\"https:\/\/www.caritasbaribitonto.it\/public\/home\/#website\"},\"primaryImageOfPage\":{\"@id\":\"https:\/\/www.caritasbaribitonto.it\/public\/home\/2011\/12\/la-comunita-della-gioia-domenica-11-dicembre-2011\/#primaryimage\"},\"image\":{\"@id\":\"https:\/\/www.caritasbaribitonto.it\/public\/home\/2011\/12\/la-comunita-della-gioia-domenica-11-dicembre-2011\/#primaryimage\"},\"thumbnailUrl\":\"http:\/\/www.caritasbaribitonto.it\/public\/home\/img\/uploads\/2011\/12\/Giovanni-Battista-Pizzicaro-150x150.jpg\",\"datePublished\":\"2011-12-10T13:30:07+00:00\",\"dateModified\":\"2011-12-17T16:53:15+00:00\",\"breadcrumb\":{\"@id\":\"https:\/\/www.caritasbaribitonto.it\/public\/home\/2011\/12\/la-comunita-della-gioia-domenica-11-dicembre-2011\/#breadcrumb\"},\"inLanguage\":\"it-IT\",\"potentialAction\":[{\"@type\":\"ReadAction\",\"target\":[\"https:\/\/www.caritasbaribitonto.it\/public\/home\/2011\/12\/la-comunita-della-gioia-domenica-11-dicembre-2011\/\"]}]},{\"@type\":\"ImageObject\",\"inLanguage\":\"it-IT\",\"@id\":\"https:\/\/www.caritasbaribitonto.it\/public\/home\/2011\/12\/la-comunita-della-gioia-domenica-11-dicembre-2011\/#primaryimage\",\"url\":\"http:\/\/www.caritasbaribitonto.it\/public\/home\/img\/uploads\/2011\/12\/Giovanni-Battista-Pizzicaro-150x150.jpg\",\"contentUrl\":\"http:\/\/www.caritasbaribitonto.it\/public\/home\/img\/uploads\/2011\/12\/Giovanni-Battista-Pizzicaro-150x150.jpg\"},{\"@type\":\"BreadcrumbList\",\"@id\":\"https:\/\/www.caritasbaribitonto.it\/public\/home\/2011\/12\/la-comunita-della-gioia-domenica-11-dicembre-2011\/#breadcrumb\",\"itemListElement\":[{\"@type\":\"ListItem\",\"position\":1,\"name\":\"Home\",\"item\":\"https:\/\/www.caritasbaribitonto.it\/public\/home\/\"},{\"@type\":\"ListItem\",\"position\":2,\"name\":\"LA COMUNITA\u2019 DELLA GIOIA- Domenica 11 Dicembre 2011\"}]},{\"@type\":\"WebSite\",\"@id\":\"https:\/\/www.caritasbaribitonto.it\/public\/home\/#website\",\"url\":\"https:\/\/www.caritasbaribitonto.it\/public\/home\/\",\"name\":\"Caritas Diocesana Bari-Bitonto\",\"description\":\"I santi della porta accanto\",\"publisher\":{\"@id\":\"https:\/\/www.caritasbaribitonto.it\/public\/home\/#organization\"},\"potentialAction\":[{\"@type\":\"SearchAction\",\"target\":{\"@type\":\"EntryPoint\",\"urlTemplate\":\"https:\/\/www.caritasbaribitonto.it\/public\/home\/?s={search_term_string}\"},\"query-input\":{\"@type\":\"PropertyValueSpecification\",\"valueRequired\":true,\"valueName\":\"search_term_string\"}}],\"inLanguage\":\"it-IT\"},{\"@type\":\"Organization\",\"@id\":\"https:\/\/www.caritasbaribitonto.it\/public\/home\/#organization\",\"name\":\"Caritas Diocesana Bari-Bitonto\",\"url\":\"https:\/\/www.caritasbaribitonto.it\/public\/home\/\",\"logo\":{\"@type\":\"ImageObject\",\"inLanguage\":\"it-IT\",\"@id\":\"https:\/\/www.caritasbaribitonto.it\/public\/home\/#\/schema\/logo\/image\/\",\"url\":\"https:\/\/www.caritasbaribitonto.it\/public\/home\/img\/uploads\/2025\/02\/cropped-cropped-caritas2025_350x112.png\",\"contentUrl\":\"https:\/\/www.caritasbaribitonto.it\/public\/home\/img\/uploads\/2025\/02\/cropped-cropped-caritas2025_350x112.png\",\"width\":350,\"height\":112,\"caption\":\"Caritas Diocesana Bari-Bitonto\"},\"image\":{\"@id\":\"https:\/\/www.caritasbaribitonto.it\/public\/home\/#\/schema\/logo\/image\/\"},\"sameAs\":[\"https:\/\/www.facebook.com\/pages\/Caritas-Diocesana-Bari-Bitonto\/533981476753770\"]},{\"@type\":\"Person\",\"@id\":\"https:\/\/www.caritasbaribitonto.it\/public\/home\/#\/schema\/person\/06b333402b70fdadb662b68974e8c97a\",\"name\":\"Giovanni Caputo\",\"image\":{\"@type\":\"ImageObject\",\"inLanguage\":\"it-IT\",\"@id\":\"https:\/\/www.caritasbaribitonto.it\/public\/home\/#\/schema\/person\/image\/\",\"url\":\"https:\/\/secure.gravatar.com\/avatar\/6c7e9d4e1e2394bfa4e38377bd0b5e03cbf0c79e27918e6497d3f408f89d0d3b?s=96&d=identicon&r=g\",\"contentUrl\":\"https:\/\/secure.gravatar.com\/avatar\/6c7e9d4e1e2394bfa4e38377bd0b5e03cbf0c79e27918e6497d3f408f89d0d3b?s=96&d=identicon&r=g\",\"caption\":\"Giovanni Caputo\"},\"url\":\"https:\/\/www.caritasbaribitonto.it\/public\/home\/author\/admin\/\"}]}<\/script>\r\n<!-- \/ Yoast SEO plugin. -->","yoast_head_json":{"title":"LA COMUNITA\u2019 DELLA GIOIA- Domenica 11 Dicembre 2011 - Caritas Diocesana Bari-Bitonto","robots":{"index":"index","follow":"follow","max-snippet":"max-snippet:-1","max-image-preview":"max-image-preview:large","max-video-preview":"max-video-preview:-1"},"canonical":"https:\/\/www.caritasbaribitonto.it\/public\/home\/2011\/12\/la-comunita-della-gioia-domenica-11-dicembre-2011\/","og_locale":"it_IT","og_type":"article","og_title":"LA COMUNITA\u2019 DELLA GIOIA- Domenica 11 Dicembre 2011 - Caritas Diocesana Bari-Bitonto","og_description":"Dal Vangelo secondo Giovanni (Gv 1,6-8.19-28) Venne un uomo mandato da Dio: il suo nome era Giovanni. Egli venne come [&hellip;]","og_url":"https:\/\/www.caritasbaribitonto.it\/public\/home\/2011\/12\/la-comunita-della-gioia-domenica-11-dicembre-2011\/","og_site_name":"Caritas Diocesana Bari-Bitonto","article_publisher":"https:\/\/www.facebook.com\/pages\/Caritas-Diocesana-Bari-Bitonto\/533981476753770","article_published_time":"2011-12-10T13:30:07+00:00","article_modified_time":"2011-12-17T16:53:15+00:00","og_image":[{"url":"http:\/\/www.caritasbaribitonto.it\/public\/home\/img\/uploads\/2011\/12\/Giovanni-Battista-Pizzicaro-150x150.jpg","type":"","width":"","height":""}],"author":"Giovanni Caputo","twitter_card":"summary_large_image","twitter_misc":{"Scritto da":"Giovanni Caputo","Tempo di lettura stimato":"3 minuti"},"schema":{"@context":"https:\/\/schema.org","@graph":[{"@type":"Article","@id":"https:\/\/www.caritasbaribitonto.it\/public\/home\/2011\/12\/la-comunita-della-gioia-domenica-11-dicembre-2011\/#article","isPartOf":{"@id":"https:\/\/www.caritasbaribitonto.it\/public\/home\/2011\/12\/la-comunita-della-gioia-domenica-11-dicembre-2011\/"},"author":{"name":"Giovanni Caputo","@id":"https:\/\/www.caritasbaribitonto.it\/public\/home\/#\/schema\/person\/06b333402b70fdadb662b68974e8c97a"},"headline":"LA COMUNITA\u2019 DELLA GIOIA- Domenica 11 Dicembre 2011","datePublished":"2011-12-10T13:30:07+00:00","dateModified":"2011-12-17T16:53:15+00:00","mainEntityOfPage":{"@id":"https:\/\/www.caritasbaribitonto.it\/public\/home\/2011\/12\/la-comunita-della-gioia-domenica-11-dicembre-2011\/"},"wordCount":548,"publisher":{"@id":"https:\/\/www.caritasbaribitonto.it\/public\/home\/#organization"},"image":{"@id":"https:\/\/www.caritasbaribitonto.it\/public\/home\/2011\/12\/la-comunita-della-gioia-domenica-11-dicembre-2011\/#primaryimage"},"thumbnailUrl":"http:\/\/www.caritasbaribitonto.it\/public\/home\/img\/uploads\/2011\/12\/Giovanni-Battista-Pizzicaro-150x150.jpg","keywords":["commento al vangelo","vangelo domenicale"],"articleSection":["Commenti Vangelo"],"inLanguage":"it-IT"},{"@type":"WebPage","@id":"https:\/\/www.caritasbaribitonto.it\/public\/home\/2011\/12\/la-comunita-della-gioia-domenica-11-dicembre-2011\/","url":"https:\/\/www.caritasbaribitonto.it\/public\/home\/2011\/12\/la-comunita-della-gioia-domenica-11-dicembre-2011\/","name":"LA COMUNITA\u2019 DELLA GIOIA- Domenica 11 Dicembre 2011 - Caritas Diocesana Bari-Bitonto","isPartOf":{"@id":"https:\/\/www.caritasbaribitonto.it\/public\/home\/#website"},"primaryImageOfPage":{"@id":"https:\/\/www.caritasbaribitonto.it\/public\/home\/2011\/12\/la-comunita-della-gioia-domenica-11-dicembre-2011\/#primaryimage"},"image":{"@id":"https:\/\/www.caritasbaribitonto.it\/public\/home\/2011\/12\/la-comunita-della-gioia-domenica-11-dicembre-2011\/#primaryimage"},"thumbnailUrl":"http:\/\/www.caritasbaribitonto.it\/public\/home\/img\/uploads\/2011\/12\/Giovanni-Battista-Pizzicaro-150x150.jpg","datePublished":"2011-12-10T13:30:07+00:00","dateModified":"2011-12-17T16:53:15+00:00","breadcrumb":{"@id":"https:\/\/www.caritasbaribitonto.it\/public\/home\/2011\/12\/la-comunita-della-gioia-domenica-11-dicembre-2011\/#breadcrumb"},"inLanguage":"it-IT","potentialAction":[{"@type":"ReadAction","target":["https:\/\/www.caritasbaribitonto.it\/public\/home\/2011\/12\/la-comunita-della-gioia-domenica-11-dicembre-2011\/"]}]},{"@type":"ImageObject","inLanguage":"it-IT","@id":"https:\/\/www.caritasbaribitonto.it\/public\/home\/2011\/12\/la-comunita-della-gioia-domenica-11-dicembre-2011\/#primaryimage","url":"http:\/\/www.caritasbaribitonto.it\/public\/home\/img\/uploads\/2011\/12\/Giovanni-Battista-Pizzicaro-150x150.jpg","contentUrl":"http:\/\/www.caritasbaribitonto.it\/public\/home\/img\/uploads\/2011\/12\/Giovanni-Battista-Pizzicaro-150x150.jpg"},{"@type":"BreadcrumbList","@id":"https:\/\/www.caritasbaribitonto.it\/public\/home\/2011\/12\/la-comunita-della-gioia-domenica-11-dicembre-2011\/#breadcrumb","itemListElement":[{"@type":"ListItem","position":1,"name":"Home","item":"https:\/\/www.caritasbaribitonto.it\/public\/home\/"},{"@type":"ListItem","position":2,"name":"LA COMUNITA\u2019 DELLA GIOIA- Domenica 11 Dicembre 2011"}]},{"@type":"WebSite","@id":"https:\/\/www.caritasbaribitonto.it\/public\/home\/#website","url":"https:\/\/www.caritasbaribitonto.it\/public\/home\/","name":"Caritas Diocesana Bari-Bitonto","description":"I santi della porta accanto","publisher":{"@id":"https:\/\/www.caritasbaribitonto.it\/public\/home\/#organization"},"potentialAction":[{"@type":"SearchAction","target":{"@type":"EntryPoint","urlTemplate":"https:\/\/www.caritasbaribitonto.it\/public\/home\/?s={search_term_string}"},"query-input":{"@type":"PropertyValueSpecification","valueRequired":true,"valueName":"search_term_string"}}],"inLanguage":"it-IT"},{"@type":"Organization","@id":"https:\/\/www.caritasbaribitonto.it\/public\/home\/#organization","name":"Caritas Diocesana Bari-Bitonto","url":"https:\/\/www.caritasbaribitonto.it\/public\/home\/","logo":{"@type":"ImageObject","inLanguage":"it-IT","@id":"https:\/\/www.caritasbaribitonto.it\/public\/home\/#\/schema\/logo\/image\/","url":"https:\/\/www.caritasbaribitonto.it\/public\/home\/img\/uploads\/2025\/02\/cropped-cropped-caritas2025_350x112.png","contentUrl":"https:\/\/www.caritasbaribitonto.it\/public\/home\/img\/uploads\/2025\/02\/cropped-cropped-caritas2025_350x112.png","width":350,"height":112,"caption":"Caritas Diocesana Bari-Bitonto"},"image":{"@id":"https:\/\/www.caritasbaribitonto.it\/public\/home\/#\/schema\/logo\/image\/"},"sameAs":["https:\/\/www.facebook.com\/pages\/Caritas-Diocesana-Bari-Bitonto\/533981476753770"]},{"@type":"Person","@id":"https:\/\/www.caritasbaribitonto.it\/public\/home\/#\/schema\/person\/06b333402b70fdadb662b68974e8c97a","name":"Giovanni Caputo","image":{"@type":"ImageObject","inLanguage":"it-IT","@id":"https:\/\/www.caritasbaribitonto.it\/public\/home\/#\/schema\/person\/image\/","url":"https:\/\/secure.gravatar.com\/avatar\/6c7e9d4e1e2394bfa4e38377bd0b5e03cbf0c79e27918e6497d3f408f89d0d3b?s=96&d=identicon&r=g","contentUrl":"https:\/\/secure.gravatar.com\/avatar\/6c7e9d4e1e2394bfa4e38377bd0b5e03cbf0c79e27918e6497d3f408f89d0d3b?s=96&d=identicon&r=g","caption":"Giovanni Caputo"},"url":"https:\/\/www.caritasbaribitonto.it\/public\/home\/author\/admin\/"}]}},"jetpack_featured_media_url":"","uagb_featured_image_src":{"full":false,"thumbnail":false,"medium":false,"medium_large":false,"large":false,"1536x1536":false,"2048x2048":false},"uagb_author_info":{"display_name":"Giovanni Caputo","author_link":"https:\/\/www.caritasbaribitonto.it\/public\/home\/author\/admin\/"},"uagb_comment_info":0,"uagb_excerpt":"Dal Vangelo secondo Giovanni (Gv 1,6-8.19-28) Venne un uomo mandato da Dio: il suo nome era Giovanni. Egli venne come [&hellip;]","_links":{"self":[{"href":"https:\/\/www.caritasbaribitonto.it\/public\/home\/wp-json\/wp\/v2\/posts\/2145","targetHints":{"allow":["GET"]}}],"collection":[{"href":"https:\/\/www.caritasbaribitonto.it\/public\/home\/wp-json\/wp\/v2\/posts"}],"about":[{"href":"https:\/\/www.caritasbaribitonto.it\/public\/home\/wp-json\/wp\/v2\/types\/post"}],"author":[{"embeddable":true,"href":"https:\/\/www.caritasbaribitonto.it\/public\/home\/wp-json\/wp\/v2\/users\/1"}],"replies":[{"embeddable":true,"href":"https:\/\/www.caritasbaribitonto.it\/public\/home\/wp-json\/wp\/v2\/comments?post=2145"}],"version-history":[{"count":0,"href":"https:\/\/www.caritasbaribitonto.it\/public\/home\/wp-json\/wp\/v2\/posts\/2145\/revisions"}],"wp:attachment":[{"href":"https:\/\/www.caritasbaribitonto.it\/public\/home\/wp-json\/wp\/v2\/media?parent=2145"}],"wp:term":[{"taxonomy":"category","embeddable":true,"href":"https:\/\/www.caritasbaribitonto.it\/public\/home\/wp-json\/wp\/v2\/categories?post=2145"},{"taxonomy":"post_tag","embeddable":true,"href":"https:\/\/www.caritasbaribitonto.it\/public\/home\/wp-json\/wp\/v2\/tags?post=2145"}],"curies":[{"name":"wp","href":"https:\/\/api.w.org\/{rel}","templated":true}]}}