{"id":2142,"date":"2011-12-08T01:08:29","date_gmt":"2011-12-08T00:08:29","guid":{"rendered":"http:\/\/www.caritasbaribitonto.it\/public\/home\/?p=2142"},"modified":"2011-12-17T17:53:11","modified_gmt":"2011-12-17T16:53:11","slug":"maria-donna-della-presenza-icona-della-nuova-evangelizzazione-giovedi-8-dicembre-2011","status":"publish","type":"post","link":"https:\/\/www.caritasbaribitonto.it\/public\/home\/2011\/12\/maria-donna-della-presenza-icona-della-nuova-evangelizzazione-giovedi-8-dicembre-2011\/","title":{"rendered":"MARIA DONNA DELLA PRESENZA \u2013 ICONA DELLA NUOVA EVANGELIZZAZIONE &#8211; Giovedi 8 Dicembre 2011"},"content":{"rendered":"<p><span style=\"color: #993300;\"><em>Dal Vangelo secondo Luca (Lc 1, 26-38)<\/em><\/span><\/p>\n<p><span style=\"color: #993300;\"><em> <img loading=\"lazy\" decoding=\"async\" class=\"alignleft\" src=\"http:\/\/www.preghiereagesuemaria.it\/images\/immacolata_30.jpg\" alt=\"\" width=\"116\" height=\"165\" \/>In quel tempo, l\u2019angelo Gabriele fu mandato da Dio in una citt\u00e0 della Galilea, chiamata N\u00e0zaret, a una vergine, promessa sposa di un uomo della casa di Davide, di nome Giuseppe. La vergine si chiamava Maria. Entrando da lei, disse: \u00abRall\u00e8grati, piena di grazia: il Signore \u00e8 con te\u00bb.<\/em><\/span><br \/>\n<span style=\"color: #993300;\"><em> A queste parole ella fu molto turbata e si domandava che senso avesse un saluto come questo. L\u2019angelo le disse: \u00abNon temere, Maria, perch\u00e9 hai trovato grazia presso Dio. Ed ecco, concepirai un figlio, lo darai alla luce e lo chiamerai Ges\u00f9. Sar\u00e0 grande e verr\u00e0 chiamato Figlio dell\u2019Altissimo; il Signore Dio gli dar\u00e0 il trono di Davide suo padre e regner\u00e0 per sempre sulla casa di Giacobbe e il suo regno non avr\u00e0 fine\u00bb.<\/em><\/span><br \/>\n<span style=\"color: #993300;\"><em> Allora Maria disse all\u2019angelo: \u00abCome avverr\u00e0 questo, poich\u00e9 non conosco uomo?\u00bb. Le rispose l\u2019angelo: \u00abLo Spirito Santo scender\u00e0 su di te e la potenza dell\u2019Altissimo ti coprir\u00e0 con la sua ombra. Perci\u00f2 colui che nascer\u00e0 sar\u00e0 santo e sar\u00e0 chiamato Figlio di Dio. Ed ecco, Elisabetta, tua parente, nella sua vecchiaia ha concepito anch\u2019essa un figlio e questo \u00e8 il sesto mese per lei, che era detta sterile: nulla \u00e8 impossibile a Dio\u00bb. <\/em><\/span><br \/>\n<span style=\"color: #993300;\"><em> Allora Maria disse: \u00abEcco la serva del Signore: avvenga per me secondo la tua parola\u00bb. E l\u2019angelo si allontan\u00f2 da lei. <\/em><\/span><\/p>\n<p style=\"text-align: center;\"><strong>MARIA DONNA DELLA PRESENZA \u2013 ICONA DELLA NUOVA EVANGELIZZAZIONE<\/strong><\/p>\n<p>Uno strano annuncio in una citt\u00e0 sconosciuta dell\u2019alta Galilea ad una giovane ragazza prossima al matrimonio e sconvolta nella sua casa dalla presenza di un messaggero del Signore, \u00e8 solo l\u2019inizio di un impegno che ancora oggi ci viene domandato come comunit\u00e0 e come semplici cristiani di questo terzo millennio.<\/p>\n<p>In una citt\u00e0 \u201cfuori dai target\u201d e spesso dimenticata dalle news pubblicate sui media, Maria di Nazaret diventa un\u2019icona, piuttosto che una star per il suo tempo e per tutto il resto dell\u2019umanit\u00e0.<\/p>\n<p>Maria \u00e8 <em>donna fotograta da Dio<\/em> non per la sua estetica o per le sue virt\u00f9 eroiche, ma per\u00a0 amore incondizionato dall\u2019eternit\u00e0. Colta nell\u2019esperienza della sua quotidianit\u00e0 e pronta a domandarsi il da farsi, ella rigetta la logica della staticit\u00e0 e delle consuetudini perch\u00e9 \u00e8 pronta a <em>mettere in luce<\/em> (educare). Il motivo della sue scelte dipendono dal proiettarsi nel futuro per indicare alla comunit\u00e0 ecclesiale che non pi\u00f9 il tempo della <em>chiesa delle statistiche, <\/em>ma della <em>comunit\u00e0 della presenza. <\/em><\/p>\n<p>In questa icona della presenza, nella societ\u00e0 dei massacri e della violenza, Maria da Nazaret ci mostra la strada da intraprendere nel prendere atto che non si pu\u00f2 tacere di fronte alle violenze di ogni tipo perpetuati su donne, uomini e bambini; sulle notizie dimenticate dei paesi affamati e di chi continua a morire per difendere la fede; sui deserti dell\u2019indifferenza dove manca la presa d\u2019atto di ogni tipo di responsabilit\u00e0.<\/p>\n<p>Maria c\u2019insegna che non \u00e8 la chiesa delle marce trionfali o dei sacramenti che dobbiamo percorrere, ma di quella che sta accanto ad ogni persona. Il ritorno alla Parola di Dio, l\u2019attenzione verso l\u2019Eucarestia e la testimonianza di carit\u00e0 \u00e8 la risposta che oggi Maria ci chiede per essere una <strong>comunit\u00e0 immacolata <\/strong>che deve rispondere con la sua presenza.<\/p>\n<p>&nbsp;<\/p>\n<p>Il direttore<\/p>\n<p>don Antonio Ruccia<\/p>\n<p>&nbsp;<\/p>\n<p>&nbsp;<\/p>\n","protected":false},"excerpt":{"rendered":"<p>Dal Vangelo secondo Luca (Lc 1, 26-38) In quel tempo, l\u2019angelo Gabriele fu mandato da Dio in una citt\u00e0 della [&hellip;]<\/p>\n","protected":false},"author":1,"featured_media":0,"comment_status":"closed","ping_status":"open","sticky":false,"template":"","format":"standard","meta":{"_uag_custom_page_level_css":"","site-sidebar-layout":"default","site-content-layout":"","ast-site-content-layout":"default","site-content-style":"default","site-sidebar-style":"default","ast-global-header-display":"","ast-banner-title-visibility":"","ast-main-header-display":"","ast-hfb-above-header-display":"","ast-hfb-below-header-display":"","ast-hfb-mobile-header-display":"","site-post-title":"","ast-breadcrumbs-content":"","ast-featured-img":"","footer-sml-layout":"","theme-transparent-header-meta":"","adv-header-id-meta":"","stick-header-meta":"","header-above-stick-meta":"","header-main-stick-meta":"","header-below-stick-meta":"","astra-migrate-meta-layouts":"default","ast-page-background-enabled":"default","ast-page-background-meta":{"desktop":{"background-color":"var(--ast-global-color-5)","background-image":"","background-repeat":"repeat","background-position":"center center","background-size":"auto","background-attachment":"scroll","background-type":"","background-media":"","overlay-type":"","overlay-color":"","overlay-opacity":"","overlay-gradient":""},"tablet":{"background-color":"","background-image":"","background-repeat":"repeat","background-position":"center center","background-size":"auto","background-attachment":"scroll","background-type":"","background-media":"","overlay-type":"","overlay-color":"","overlay-opacity":"","overlay-gradient":""},"mobile":{"background-color":"","background-image":"","background-repeat":"repeat","background-position":"center center","background-size":"auto","background-attachment":"scroll","background-type":"","background-media":"","overlay-type":"","overlay-color":"","overlay-opacity":"","overlay-gradient":""}},"ast-content-background-meta":{"desktop":{"background-color":"var(--ast-global-color-4)","background-image":"","background-repeat":"repeat","background-position":"center center","background-size":"auto","background-attachment":"scroll","background-type":"","background-media":"","overlay-type":"","overlay-color":"","overlay-opacity":"","overlay-gradient":""},"tablet":{"background-color":"var(--ast-global-color-4)","background-image":"","background-repeat":"repeat","background-position":"center center","background-size":"auto","background-attachment":"scroll","background-type":"","background-media":"","overlay-type":"","overlay-color":"","overlay-opacity":"","overlay-gradient":""},"mobile":{"background-color":"var(--ast-global-color-4)","background-image":"","background-repeat":"repeat","background-position":"center center","background-size":"auto","background-attachment":"scroll","background-type":"","background-media":"","overlay-type":"","overlay-color":"","overlay-opacity":"","overlay-gradient":""}},"footnotes":""},"categories":[20],"tags":[35],"class_list":["post-2142","post","type-post","status-publish","format-standard","hentry","category-commenti-vangelo","tag-commento-al-vangelo"],"gutentor_comment":0,"yoast_head":"<!-- This site is optimized with the Yoast SEO plugin v26.8 - https:\/\/yoast.com\/product\/yoast-seo-wordpress\/ -->\r\n<title>MARIA DONNA DELLA PRESENZA \u2013 ICONA DELLA NUOVA EVANGELIZZAZIONE - Giovedi 8 Dicembre 2011 - Caritas Diocesana Bari-Bitonto<\/title>\r\n<meta name=\"robots\" content=\"index, follow, max-snippet:-1, max-image-preview:large, max-video-preview:-1\" \/>\r\n<link rel=\"canonical\" href=\"https:\/\/www.caritasbaribitonto.it\/public\/home\/2011\/12\/maria-donna-della-presenza-icona-della-nuova-evangelizzazione-giovedi-8-dicembre-2011\/\" \/>\r\n<meta property=\"og:locale\" content=\"it_IT\" \/>\r\n<meta property=\"og:type\" content=\"article\" \/>\r\n<meta property=\"og:title\" content=\"MARIA DONNA DELLA PRESENZA \u2013 ICONA DELLA NUOVA EVANGELIZZAZIONE - Giovedi 8 Dicembre 2011 - Caritas Diocesana Bari-Bitonto\" \/>\r\n<meta property=\"og:description\" content=\"Dal Vangelo secondo Luca (Lc 1, 26-38) In quel tempo, l\u2019angelo Gabriele fu mandato da Dio in una citt\u00e0 della [&hellip;]\" \/>\r\n<meta property=\"og:url\" content=\"https:\/\/www.caritasbaribitonto.it\/public\/home\/2011\/12\/maria-donna-della-presenza-icona-della-nuova-evangelizzazione-giovedi-8-dicembre-2011\/\" \/>\r\n<meta property=\"og:site_name\" content=\"Caritas Diocesana Bari-Bitonto\" \/>\r\n<meta property=\"article:publisher\" content=\"https:\/\/www.facebook.com\/pages\/Caritas-Diocesana-Bari-Bitonto\/533981476753770\" \/>\r\n<meta property=\"article:published_time\" content=\"2011-12-08T00:08:29+00:00\" \/>\r\n<meta property=\"article:modified_time\" content=\"2011-12-17T16:53:11+00:00\" \/>\r\n<meta property=\"og:image\" content=\"http:\/\/www.preghiereagesuemaria.it\/images\/immacolata_30.jpg\" \/>\r\n<meta name=\"author\" content=\"Giovanni Caputo\" \/>\r\n<meta name=\"twitter:card\" content=\"summary_large_image\" \/>\r\n<meta name=\"twitter:label1\" content=\"Scritto da\" \/>\n\t<meta name=\"twitter:data1\" content=\"Giovanni Caputo\" \/>\n\t<meta name=\"twitter:label2\" content=\"Tempo di lettura stimato\" \/>\n\t<meta name=\"twitter:data2\" content=\"3 minuti\" \/>\r\n<script type=\"application\/ld+json\" class=\"yoast-schema-graph\">{\"@context\":\"https:\/\/schema.org\",\"@graph\":[{\"@type\":\"Article\",\"@id\":\"https:\/\/www.caritasbaribitonto.it\/public\/home\/2011\/12\/maria-donna-della-presenza-icona-della-nuova-evangelizzazione-giovedi-8-dicembre-2011\/#article\",\"isPartOf\":{\"@id\":\"https:\/\/www.caritasbaribitonto.it\/public\/home\/2011\/12\/maria-donna-della-presenza-icona-della-nuova-evangelizzazione-giovedi-8-dicembre-2011\/\"},\"author\":{\"name\":\"Giovanni Caputo\",\"@id\":\"https:\/\/www.caritasbaribitonto.it\/public\/home\/#\/schema\/person\/06b333402b70fdadb662b68974e8c97a\"},\"headline\":\"MARIA DONNA DELLA PRESENZA \u2013 ICONA DELLA NUOVA EVANGELIZZAZIONE &#8211; Giovedi 8 Dicembre 2011\",\"datePublished\":\"2011-12-08T00:08:29+00:00\",\"dateModified\":\"2011-12-17T16:53:11+00:00\",\"mainEntityOfPage\":{\"@id\":\"https:\/\/www.caritasbaribitonto.it\/public\/home\/2011\/12\/maria-donna-della-presenza-icona-della-nuova-evangelizzazione-giovedi-8-dicembre-2011\/\"},\"wordCount\":557,\"publisher\":{\"@id\":\"https:\/\/www.caritasbaribitonto.it\/public\/home\/#organization\"},\"image\":{\"@id\":\"https:\/\/www.caritasbaribitonto.it\/public\/home\/2011\/12\/maria-donna-della-presenza-icona-della-nuova-evangelizzazione-giovedi-8-dicembre-2011\/#primaryimage\"},\"thumbnailUrl\":\"http:\/\/www.preghiereagesuemaria.it\/images\/immacolata_30.jpg\",\"keywords\":[\"commento al vangelo\"],\"articleSection\":[\"Commenti Vangelo\"],\"inLanguage\":\"it-IT\"},{\"@type\":\"WebPage\",\"@id\":\"https:\/\/www.caritasbaribitonto.it\/public\/home\/2011\/12\/maria-donna-della-presenza-icona-della-nuova-evangelizzazione-giovedi-8-dicembre-2011\/\",\"url\":\"https:\/\/www.caritasbaribitonto.it\/public\/home\/2011\/12\/maria-donna-della-presenza-icona-della-nuova-evangelizzazione-giovedi-8-dicembre-2011\/\",\"name\":\"MARIA DONNA DELLA PRESENZA \u2013 ICONA DELLA NUOVA EVANGELIZZAZIONE - Giovedi 8 Dicembre 2011 - Caritas Diocesana Bari-Bitonto\",\"isPartOf\":{\"@id\":\"https:\/\/www.caritasbaribitonto.it\/public\/home\/#website\"},\"primaryImageOfPage\":{\"@id\":\"https:\/\/www.caritasbaribitonto.it\/public\/home\/2011\/12\/maria-donna-della-presenza-icona-della-nuova-evangelizzazione-giovedi-8-dicembre-2011\/#primaryimage\"},\"image\":{\"@id\":\"https:\/\/www.caritasbaribitonto.it\/public\/home\/2011\/12\/maria-donna-della-presenza-icona-della-nuova-evangelizzazione-giovedi-8-dicembre-2011\/#primaryimage\"},\"thumbnailUrl\":\"http:\/\/www.preghiereagesuemaria.it\/images\/immacolata_30.jpg\",\"datePublished\":\"2011-12-08T00:08:29+00:00\",\"dateModified\":\"2011-12-17T16:53:11+00:00\",\"breadcrumb\":{\"@id\":\"https:\/\/www.caritasbaribitonto.it\/public\/home\/2011\/12\/maria-donna-della-presenza-icona-della-nuova-evangelizzazione-giovedi-8-dicembre-2011\/#breadcrumb\"},\"inLanguage\":\"it-IT\",\"potentialAction\":[{\"@type\":\"ReadAction\",\"target\":[\"https:\/\/www.caritasbaribitonto.it\/public\/home\/2011\/12\/maria-donna-della-presenza-icona-della-nuova-evangelizzazione-giovedi-8-dicembre-2011\/\"]}]},{\"@type\":\"ImageObject\",\"inLanguage\":\"it-IT\",\"@id\":\"https:\/\/www.caritasbaribitonto.it\/public\/home\/2011\/12\/maria-donna-della-presenza-icona-della-nuova-evangelizzazione-giovedi-8-dicembre-2011\/#primaryimage\",\"url\":\"http:\/\/www.preghiereagesuemaria.it\/images\/immacolata_30.jpg\",\"contentUrl\":\"http:\/\/www.preghiereagesuemaria.it\/images\/immacolata_30.jpg\"},{\"@type\":\"BreadcrumbList\",\"@id\":\"https:\/\/www.caritasbaribitonto.it\/public\/home\/2011\/12\/maria-donna-della-presenza-icona-della-nuova-evangelizzazione-giovedi-8-dicembre-2011\/#breadcrumb\",\"itemListElement\":[{\"@type\":\"ListItem\",\"position\":1,\"name\":\"Home\",\"item\":\"https:\/\/www.caritasbaribitonto.it\/public\/home\/\"},{\"@type\":\"ListItem\",\"position\":2,\"name\":\"MARIA DONNA DELLA PRESENZA \u2013 ICONA DELLA NUOVA EVANGELIZZAZIONE &#8211; Giovedi 8 Dicembre 2011\"}]},{\"@type\":\"WebSite\",\"@id\":\"https:\/\/www.caritasbaribitonto.it\/public\/home\/#website\",\"url\":\"https:\/\/www.caritasbaribitonto.it\/public\/home\/\",\"name\":\"Caritas Diocesana Bari-Bitonto\",\"description\":\"I santi della porta accanto\",\"publisher\":{\"@id\":\"https:\/\/www.caritasbaribitonto.it\/public\/home\/#organization\"},\"potentialAction\":[{\"@type\":\"SearchAction\",\"target\":{\"@type\":\"EntryPoint\",\"urlTemplate\":\"https:\/\/www.caritasbaribitonto.it\/public\/home\/?s={search_term_string}\"},\"query-input\":{\"@type\":\"PropertyValueSpecification\",\"valueRequired\":true,\"valueName\":\"search_term_string\"}}],\"inLanguage\":\"it-IT\"},{\"@type\":\"Organization\",\"@id\":\"https:\/\/www.caritasbaribitonto.it\/public\/home\/#organization\",\"name\":\"Caritas Diocesana Bari-Bitonto\",\"url\":\"https:\/\/www.caritasbaribitonto.it\/public\/home\/\",\"logo\":{\"@type\":\"ImageObject\",\"inLanguage\":\"it-IT\",\"@id\":\"https:\/\/www.caritasbaribitonto.it\/public\/home\/#\/schema\/logo\/image\/\",\"url\":\"https:\/\/www.caritasbaribitonto.it\/public\/home\/img\/uploads\/2025\/02\/cropped-cropped-caritas2025_350x112.png\",\"contentUrl\":\"https:\/\/www.caritasbaribitonto.it\/public\/home\/img\/uploads\/2025\/02\/cropped-cropped-caritas2025_350x112.png\",\"width\":350,\"height\":112,\"caption\":\"Caritas Diocesana Bari-Bitonto\"},\"image\":{\"@id\":\"https:\/\/www.caritasbaribitonto.it\/public\/home\/#\/schema\/logo\/image\/\"},\"sameAs\":[\"https:\/\/www.facebook.com\/pages\/Caritas-Diocesana-Bari-Bitonto\/533981476753770\"]},{\"@type\":\"Person\",\"@id\":\"https:\/\/www.caritasbaribitonto.it\/public\/home\/#\/schema\/person\/06b333402b70fdadb662b68974e8c97a\",\"name\":\"Giovanni Caputo\",\"image\":{\"@type\":\"ImageObject\",\"inLanguage\":\"it-IT\",\"@id\":\"https:\/\/www.caritasbaribitonto.it\/public\/home\/#\/schema\/person\/image\/\",\"url\":\"https:\/\/secure.gravatar.com\/avatar\/6c7e9d4e1e2394bfa4e38377bd0b5e03cbf0c79e27918e6497d3f408f89d0d3b?s=96&d=identicon&r=g\",\"contentUrl\":\"https:\/\/secure.gravatar.com\/avatar\/6c7e9d4e1e2394bfa4e38377bd0b5e03cbf0c79e27918e6497d3f408f89d0d3b?s=96&d=identicon&r=g\",\"caption\":\"Giovanni Caputo\"},\"url\":\"https:\/\/www.caritasbaribitonto.it\/public\/home\/author\/admin\/\"}]}<\/script>\r\n<!-- \/ Yoast SEO plugin. -->","yoast_head_json":{"title":"MARIA DONNA DELLA PRESENZA \u2013 ICONA DELLA NUOVA EVANGELIZZAZIONE - Giovedi 8 Dicembre 2011 - Caritas Diocesana Bari-Bitonto","robots":{"index":"index","follow":"follow","max-snippet":"max-snippet:-1","max-image-preview":"max-image-preview:large","max-video-preview":"max-video-preview:-1"},"canonical":"https:\/\/www.caritasbaribitonto.it\/public\/home\/2011\/12\/maria-donna-della-presenza-icona-della-nuova-evangelizzazione-giovedi-8-dicembre-2011\/","og_locale":"it_IT","og_type":"article","og_title":"MARIA DONNA DELLA PRESENZA \u2013 ICONA DELLA NUOVA EVANGELIZZAZIONE - Giovedi 8 Dicembre 2011 - Caritas Diocesana Bari-Bitonto","og_description":"Dal Vangelo secondo Luca (Lc 1, 26-38) In quel tempo, l\u2019angelo Gabriele fu mandato da Dio in una citt\u00e0 della [&hellip;]","og_url":"https:\/\/www.caritasbaribitonto.it\/public\/home\/2011\/12\/maria-donna-della-presenza-icona-della-nuova-evangelizzazione-giovedi-8-dicembre-2011\/","og_site_name":"Caritas Diocesana Bari-Bitonto","article_publisher":"https:\/\/www.facebook.com\/pages\/Caritas-Diocesana-Bari-Bitonto\/533981476753770","article_published_time":"2011-12-08T00:08:29+00:00","article_modified_time":"2011-12-17T16:53:11+00:00","og_image":[{"url":"http:\/\/www.preghiereagesuemaria.it\/images\/immacolata_30.jpg","type":"","width":"","height":""}],"author":"Giovanni Caputo","twitter_card":"summary_large_image","twitter_misc":{"Scritto da":"Giovanni Caputo","Tempo di lettura stimato":"3 minuti"},"schema":{"@context":"https:\/\/schema.org","@graph":[{"@type":"Article","@id":"https:\/\/www.caritasbaribitonto.it\/public\/home\/2011\/12\/maria-donna-della-presenza-icona-della-nuova-evangelizzazione-giovedi-8-dicembre-2011\/#article","isPartOf":{"@id":"https:\/\/www.caritasbaribitonto.it\/public\/home\/2011\/12\/maria-donna-della-presenza-icona-della-nuova-evangelizzazione-giovedi-8-dicembre-2011\/"},"author":{"name":"Giovanni Caputo","@id":"https:\/\/www.caritasbaribitonto.it\/public\/home\/#\/schema\/person\/06b333402b70fdadb662b68974e8c97a"},"headline":"MARIA DONNA DELLA PRESENZA \u2013 ICONA DELLA NUOVA EVANGELIZZAZIONE &#8211; Giovedi 8 Dicembre 2011","datePublished":"2011-12-08T00:08:29+00:00","dateModified":"2011-12-17T16:53:11+00:00","mainEntityOfPage":{"@id":"https:\/\/www.caritasbaribitonto.it\/public\/home\/2011\/12\/maria-donna-della-presenza-icona-della-nuova-evangelizzazione-giovedi-8-dicembre-2011\/"},"wordCount":557,"publisher":{"@id":"https:\/\/www.caritasbaribitonto.it\/public\/home\/#organization"},"image":{"@id":"https:\/\/www.caritasbaribitonto.it\/public\/home\/2011\/12\/maria-donna-della-presenza-icona-della-nuova-evangelizzazione-giovedi-8-dicembre-2011\/#primaryimage"},"thumbnailUrl":"http:\/\/www.preghiereagesuemaria.it\/images\/immacolata_30.jpg","keywords":["commento al vangelo"],"articleSection":["Commenti Vangelo"],"inLanguage":"it-IT"},{"@type":"WebPage","@id":"https:\/\/www.caritasbaribitonto.it\/public\/home\/2011\/12\/maria-donna-della-presenza-icona-della-nuova-evangelizzazione-giovedi-8-dicembre-2011\/","url":"https:\/\/www.caritasbaribitonto.it\/public\/home\/2011\/12\/maria-donna-della-presenza-icona-della-nuova-evangelizzazione-giovedi-8-dicembre-2011\/","name":"MARIA DONNA DELLA PRESENZA \u2013 ICONA DELLA NUOVA EVANGELIZZAZIONE - Giovedi 8 Dicembre 2011 - Caritas Diocesana Bari-Bitonto","isPartOf":{"@id":"https:\/\/www.caritasbaribitonto.it\/public\/home\/#website"},"primaryImageOfPage":{"@id":"https:\/\/www.caritasbaribitonto.it\/public\/home\/2011\/12\/maria-donna-della-presenza-icona-della-nuova-evangelizzazione-giovedi-8-dicembre-2011\/#primaryimage"},"image":{"@id":"https:\/\/www.caritasbaribitonto.it\/public\/home\/2011\/12\/maria-donna-della-presenza-icona-della-nuova-evangelizzazione-giovedi-8-dicembre-2011\/#primaryimage"},"thumbnailUrl":"http:\/\/www.preghiereagesuemaria.it\/images\/immacolata_30.jpg","datePublished":"2011-12-08T00:08:29+00:00","dateModified":"2011-12-17T16:53:11+00:00","breadcrumb":{"@id":"https:\/\/www.caritasbaribitonto.it\/public\/home\/2011\/12\/maria-donna-della-presenza-icona-della-nuova-evangelizzazione-giovedi-8-dicembre-2011\/#breadcrumb"},"inLanguage":"it-IT","potentialAction":[{"@type":"ReadAction","target":["https:\/\/www.caritasbaribitonto.it\/public\/home\/2011\/12\/maria-donna-della-presenza-icona-della-nuova-evangelizzazione-giovedi-8-dicembre-2011\/"]}]},{"@type":"ImageObject","inLanguage":"it-IT","@id":"https:\/\/www.caritasbaribitonto.it\/public\/home\/2011\/12\/maria-donna-della-presenza-icona-della-nuova-evangelizzazione-giovedi-8-dicembre-2011\/#primaryimage","url":"http:\/\/www.preghiereagesuemaria.it\/images\/immacolata_30.jpg","contentUrl":"http:\/\/www.preghiereagesuemaria.it\/images\/immacolata_30.jpg"},{"@type":"BreadcrumbList","@id":"https:\/\/www.caritasbaribitonto.it\/public\/home\/2011\/12\/maria-donna-della-presenza-icona-della-nuova-evangelizzazione-giovedi-8-dicembre-2011\/#breadcrumb","itemListElement":[{"@type":"ListItem","position":1,"name":"Home","item":"https:\/\/www.caritasbaribitonto.it\/public\/home\/"},{"@type":"ListItem","position":2,"name":"MARIA DONNA DELLA PRESENZA \u2013 ICONA DELLA NUOVA EVANGELIZZAZIONE &#8211; Giovedi 8 Dicembre 2011"}]},{"@type":"WebSite","@id":"https:\/\/www.caritasbaribitonto.it\/public\/home\/#website","url":"https:\/\/www.caritasbaribitonto.it\/public\/home\/","name":"Caritas Diocesana Bari-Bitonto","description":"I santi della porta accanto","publisher":{"@id":"https:\/\/www.caritasbaribitonto.it\/public\/home\/#organization"},"potentialAction":[{"@type":"SearchAction","target":{"@type":"EntryPoint","urlTemplate":"https:\/\/www.caritasbaribitonto.it\/public\/home\/?s={search_term_string}"},"query-input":{"@type":"PropertyValueSpecification","valueRequired":true,"valueName":"search_term_string"}}],"inLanguage":"it-IT"},{"@type":"Organization","@id":"https:\/\/www.caritasbaribitonto.it\/public\/home\/#organization","name":"Caritas Diocesana Bari-Bitonto","url":"https:\/\/www.caritasbaribitonto.it\/public\/home\/","logo":{"@type":"ImageObject","inLanguage":"it-IT","@id":"https:\/\/www.caritasbaribitonto.it\/public\/home\/#\/schema\/logo\/image\/","url":"https:\/\/www.caritasbaribitonto.it\/public\/home\/img\/uploads\/2025\/02\/cropped-cropped-caritas2025_350x112.png","contentUrl":"https:\/\/www.caritasbaribitonto.it\/public\/home\/img\/uploads\/2025\/02\/cropped-cropped-caritas2025_350x112.png","width":350,"height":112,"caption":"Caritas Diocesana Bari-Bitonto"},"image":{"@id":"https:\/\/www.caritasbaribitonto.it\/public\/home\/#\/schema\/logo\/image\/"},"sameAs":["https:\/\/www.facebook.com\/pages\/Caritas-Diocesana-Bari-Bitonto\/533981476753770"]},{"@type":"Person","@id":"https:\/\/www.caritasbaribitonto.it\/public\/home\/#\/schema\/person\/06b333402b70fdadb662b68974e8c97a","name":"Giovanni Caputo","image":{"@type":"ImageObject","inLanguage":"it-IT","@id":"https:\/\/www.caritasbaribitonto.it\/public\/home\/#\/schema\/person\/image\/","url":"https:\/\/secure.gravatar.com\/avatar\/6c7e9d4e1e2394bfa4e38377bd0b5e03cbf0c79e27918e6497d3f408f89d0d3b?s=96&d=identicon&r=g","contentUrl":"https:\/\/secure.gravatar.com\/avatar\/6c7e9d4e1e2394bfa4e38377bd0b5e03cbf0c79e27918e6497d3f408f89d0d3b?s=96&d=identicon&r=g","caption":"Giovanni Caputo"},"url":"https:\/\/www.caritasbaribitonto.it\/public\/home\/author\/admin\/"}]}},"jetpack_featured_media_url":"","uagb_featured_image_src":{"full":false,"thumbnail":false,"medium":false,"medium_large":false,"large":false,"1536x1536":false,"2048x2048":false},"uagb_author_info":{"display_name":"Giovanni Caputo","author_link":"https:\/\/www.caritasbaribitonto.it\/public\/home\/author\/admin\/"},"uagb_comment_info":0,"uagb_excerpt":"Dal Vangelo secondo Luca (Lc 1, 26-38) In quel tempo, l\u2019angelo Gabriele fu mandato da Dio in una citt\u00e0 della [&hellip;]","_links":{"self":[{"href":"https:\/\/www.caritasbaribitonto.it\/public\/home\/wp-json\/wp\/v2\/posts\/2142","targetHints":{"allow":["GET"]}}],"collection":[{"href":"https:\/\/www.caritasbaribitonto.it\/public\/home\/wp-json\/wp\/v2\/posts"}],"about":[{"href":"https:\/\/www.caritasbaribitonto.it\/public\/home\/wp-json\/wp\/v2\/types\/post"}],"author":[{"embeddable":true,"href":"https:\/\/www.caritasbaribitonto.it\/public\/home\/wp-json\/wp\/v2\/users\/1"}],"replies":[{"embeddable":true,"href":"https:\/\/www.caritasbaribitonto.it\/public\/home\/wp-json\/wp\/v2\/comments?post=2142"}],"version-history":[{"count":0,"href":"https:\/\/www.caritasbaribitonto.it\/public\/home\/wp-json\/wp\/v2\/posts\/2142\/revisions"}],"wp:attachment":[{"href":"https:\/\/www.caritasbaribitonto.it\/public\/home\/wp-json\/wp\/v2\/media?parent=2142"}],"wp:term":[{"taxonomy":"category","embeddable":true,"href":"https:\/\/www.caritasbaribitonto.it\/public\/home\/wp-json\/wp\/v2\/categories?post=2142"},{"taxonomy":"post_tag","embeddable":true,"href":"https:\/\/www.caritasbaribitonto.it\/public\/home\/wp-json\/wp\/v2\/tags?post=2142"}],"curies":[{"name":"wp","href":"https:\/\/api.w.org\/{rel}","templated":true}]}}