{"id":2131,"date":"2011-11-25T20:05:04","date_gmt":"2011-11-25T19:05:04","guid":{"rendered":"http:\/\/www.caritasbaribitonto.it\/public\/home\/?p=2131"},"modified":"2011-11-30T23:43:52","modified_gmt":"2011-11-30T22:43:52","slug":"la-comunita-che-non-dimentica-domenica-27-novembr-2011","status":"publish","type":"post","link":"https:\/\/www.caritasbaribitonto.it\/public\/home\/2011\/11\/la-comunita-che-non-dimentica-domenica-27-novembr-2011\/","title":{"rendered":"LA COMUNITA\u2019 CHE NON DIMENTICA &#8211; Domenica 27 Novembre 2011"},"content":{"rendered":"<p><span style=\"color: #993300;\"><em><strong>Dal Vangelo Secondo Marco\u00a0 (Mc 13,33-37)<\/strong> <\/em><\/span><br \/>\n<span style=\"color: #993300;\"><em><img loading=\"lazy\" decoding=\"async\" class=\"alignleft\" src=\"http:\/\/www.lachiesa.it\/liturgia\/allegati\/icone\/BA010.jpg\" alt=\"\" width=\"128\" height=\"170\" \/><\/em><\/span><\/p>\n<p><span style=\"color: #993300;\"><em>In quel tempo, Ges\u00f9 disse ai suoi discepoli: <\/em><\/span><br \/>\n<span style=\"color: #993300;\"><em> \u00abFate attenzione, vegliate, perch\u00e9 non sapete quando \u00e8 il momento. \u00c8 come un uomo, che \u00e8 partito dopo aver lasciato la propria casa e dato il potere ai suoi servi, a ciascuno il suo compito, e ha ordinato al portiere di vegliare. <\/em><\/span><br \/>\n<span style=\"color: #993300;\"><em> Vegliate dunque: voi non sapete quando il padrone di casa ritorner\u00e0, se alla sera o a mezzanotte o al canto del gallo o al mattino; fate in modo che, giungendo all\u2019improvviso, non vi trovi addormentati. <\/em><\/span><br \/>\n<span style=\"color: #993300;\"><em> Quello che dico a voi, lo dico a tutti: vegliate!\u00bb.\u00a0<\/em><\/span><\/p>\n<p>&nbsp;<\/p>\n<p align=\"center\"><strong>LA COMUNITA\u2019 CHE NON DIMENTICA<\/strong><\/p>\n<p>Il ritorno a casa del padrone non \u00e8 inatteso, ma resta un incontro senza orari. Ai servi cui aveva concesso la sua fiducia, il padrone, aveva ordinato di essere all\u2019erta, di non dormire e di non lasciarsi andare.\u00a0 Per questo momento non \u00e8 possibile sincronizzare gli orologi n\u00e9 al calare, n\u00e9 al sorgere del sole; n\u00e9 a mezzogiorno, n\u00e9 a mezzanotte. Il padrone arriva sempre e chiede nuovamente di essere pronti.<\/p>\n<p>L\u2019avvento non \u00e8 il tempo delle buone intenzioni e di ripartire con il sacco pieno di speranze o di sogni da dover realizzare. L\u2019avvento \u00e8 il tempo della comunit\u00e0 che, sebbene affannosamente, continua ad essere pronta in ogni ora e in ogni momento a portare l\u2019annuncio di Cristo, a farlo conoscere avendo il capo alzato.<\/p>\n<p>L\u2019avvento \u00e8 il tempo della comunit\u00e0 che non dimentica e che si risolleva dalle sacche della pigrizia e dell\u2019apatia sapendo bene che ogni volta che dovr\u00e0 annunciare che Cristo nasce ancora, s&#8217;impegner\u00e0 a mostrarlo non certo con gli occhi stanchi di chi ripete sempre le medesime cose, ma chi guarda lontano e ha ancora fiducia.<\/p>\n<p>L\u2019avvento \u00e8 il tempo della comunit\u00e0 nuova che educa ad amare e ad avere fiducia nel futuro nelle strade, negli oratori, nelle aule delle classi scolastiche; ma \u00e8 anche quella che \u00e8 possibile incontrarla dinanzi ai cancelli delle fabbriche chiuse per mancanza di lavoro pronta ad asciugare le lacrime dei tanti padri di famiglia che si vedono cadere il mondo addosso. E\u2019 la comunit\u00e0 che investe sui beni ecclesiali lasciati cadere in disuso e pronti per essere riutilizzati a favore dei giovani e dei poveri. E\u2019 la comunit\u00e0 che non accetta di tacere e con voce forte rilancia il Vangelo non come baluardo di difesa, ma come strumento di amore e di riconciliazione.<\/p>\n<p>L\u2019avvento \u00e8 il tempo della comunit\u00e0 che sa attendere che nasca ogni bambino e che s\u2019impegna a dargli un futuro. E\u2019 la comunit\u00e0 che pone al centro dell\u2019evangelizzazione la vita che non va soppressa n\u00e9 prima del vagito, n\u00e9 quando si attende che emetta l\u2019ultimo respiro, che educa all\u2019accoglienza e che riesce a trovare sempre un luogo di rifugio a chi l\u2019ha perso.<\/p>\n<p>L\u2019avvento \u00e8 il tempo della comunit\u00e0 che esce fuori dall\u2019utero delle proprie sicurezze, dall\u2019arnia delle proprie dolcezze, dalla casa delle proprie sicurezze. E\u2019 la chiesa che oggi tanti ci chiedono. E\u2019 la comunit\u00e0 che siamo chiamati a concretizzare. E\u2019 la comunit\u00e0 che cammina e che crede che sia possibile vivere e soprattutto far vivere con lo stile del vangelo che annuncia pace e giustizia. E\u2019 la comunit\u00e0 che attende sempre, in ogni ora e in ogni momento quel pap\u00e0 che torna ancora e che vuole abbracciarlo e baciarlo e dirgli: grazie di essere tra noi.<\/p>\n<p>Il direttore<\/p>\n<p>Don Antonio Ruccia<\/p>\n<p>&nbsp;<\/p>\n","protected":false},"excerpt":{"rendered":"<p>Dal Vangelo Secondo Marco\u00a0 (Mc 13,33-37) In quel tempo, Ges\u00f9 disse ai suoi discepoli: \u00abFate attenzione, vegliate, perch\u00e9 non sapete [&hellip;]<\/p>\n","protected":false},"author":1,"featured_media":0,"comment_status":"closed","ping_status":"open","sticky":false,"template":"","format":"standard","meta":{"_uag_custom_page_level_css":"","site-sidebar-layout":"default","site-content-layout":"","ast-site-content-layout":"default","site-content-style":"default","site-sidebar-style":"default","ast-global-header-display":"","ast-banner-title-visibility":"","ast-main-header-display":"","ast-hfb-above-header-display":"","ast-hfb-below-header-display":"","ast-hfb-mobile-header-display":"","site-post-title":"","ast-breadcrumbs-content":"","ast-featured-img":"","footer-sml-layout":"","theme-transparent-header-meta":"","adv-header-id-meta":"","stick-header-meta":"","header-above-stick-meta":"","header-main-stick-meta":"","header-below-stick-meta":"","astra-migrate-meta-layouts":"default","ast-page-background-enabled":"default","ast-page-background-meta":{"desktop":{"background-color":"var(--ast-global-color-5)","background-image":"","background-repeat":"repeat","background-position":"center center","background-size":"auto","background-attachment":"scroll","background-type":"","background-media":"","overlay-type":"","overlay-color":"","overlay-opacity":"","overlay-gradient":""},"tablet":{"background-color":"","background-image":"","background-repeat":"repeat","background-position":"center center","background-size":"auto","background-attachment":"scroll","background-type":"","background-media":"","overlay-type":"","overlay-color":"","overlay-opacity":"","overlay-gradient":""},"mobile":{"background-color":"","background-image":"","background-repeat":"repeat","background-position":"center center","background-size":"auto","background-attachment":"scroll","background-type":"","background-media":"","overlay-type":"","overlay-color":"","overlay-opacity":"","overlay-gradient":""}},"ast-content-background-meta":{"desktop":{"background-color":"var(--ast-global-color-4)","background-image":"","background-repeat":"repeat","background-position":"center center","background-size":"auto","background-attachment":"scroll","background-type":"","background-media":"","overlay-type":"","overlay-color":"","overlay-opacity":"","overlay-gradient":""},"tablet":{"background-color":"var(--ast-global-color-4)","background-image":"","background-repeat":"repeat","background-position":"center center","background-size":"auto","background-attachment":"scroll","background-type":"","background-media":"","overlay-type":"","overlay-color":"","overlay-opacity":"","overlay-gradient":""},"mobile":{"background-color":"var(--ast-global-color-4)","background-image":"","background-repeat":"repeat","background-position":"center center","background-size":"auto","background-attachment":"scroll","background-type":"","background-media":"","overlay-type":"","overlay-color":"","overlay-opacity":"","overlay-gradient":""}},"footnotes":""},"categories":[20],"tags":[],"class_list":["post-2131","post","type-post","status-publish","format-standard","hentry","category-commenti-vangelo"],"gutentor_comment":0,"yoast_head":"<!-- This site is optimized with the Yoast SEO plugin v26.8 - https:\/\/yoast.com\/product\/yoast-seo-wordpress\/ -->\r\n<title>LA COMUNITA\u2019 CHE NON DIMENTICA - Domenica 27 Novembre 2011 - Caritas Diocesana Bari-Bitonto<\/title>\r\n<meta name=\"robots\" content=\"index, follow, max-snippet:-1, max-image-preview:large, max-video-preview:-1\" \/>\r\n<link rel=\"canonical\" href=\"https:\/\/www.caritasbaribitonto.it\/public\/home\/2011\/11\/la-comunita-che-non-dimentica-domenica-27-novembr-2011\/\" \/>\r\n<meta property=\"og:locale\" content=\"it_IT\" \/>\r\n<meta property=\"og:type\" content=\"article\" \/>\r\n<meta property=\"og:title\" content=\"LA COMUNITA\u2019 CHE NON DIMENTICA - Domenica 27 Novembre 2011 - Caritas Diocesana Bari-Bitonto\" \/>\r\n<meta property=\"og:description\" content=\"Dal Vangelo Secondo Marco\u00a0 (Mc 13,33-37) In quel tempo, Ges\u00f9 disse ai suoi discepoli: \u00abFate attenzione, vegliate, perch\u00e9 non sapete [&hellip;]\" \/>\r\n<meta property=\"og:url\" content=\"https:\/\/www.caritasbaribitonto.it\/public\/home\/2011\/11\/la-comunita-che-non-dimentica-domenica-27-novembr-2011\/\" \/>\r\n<meta property=\"og:site_name\" content=\"Caritas Diocesana Bari-Bitonto\" \/>\r\n<meta property=\"article:publisher\" content=\"https:\/\/www.facebook.com\/pages\/Caritas-Diocesana-Bari-Bitonto\/533981476753770\" \/>\r\n<meta property=\"article:published_time\" content=\"2011-11-25T19:05:04+00:00\" \/>\r\n<meta property=\"article:modified_time\" content=\"2011-11-30T22:43:52+00:00\" \/>\r\n<meta property=\"og:image\" content=\"http:\/\/www.lachiesa.it\/liturgia\/allegati\/icone\/BA010.jpg\" \/>\r\n<meta name=\"author\" content=\"Giovanni Caputo\" \/>\r\n<meta name=\"twitter:card\" content=\"summary_large_image\" \/>\r\n<meta name=\"twitter:label1\" content=\"Scritto da\" \/>\n\t<meta name=\"twitter:data1\" content=\"Giovanni Caputo\" \/>\n\t<meta name=\"twitter:label2\" content=\"Tempo di lettura stimato\" \/>\n\t<meta name=\"twitter:data2\" content=\"3 minuti\" \/>\r\n<script type=\"application\/ld+json\" class=\"yoast-schema-graph\">{\"@context\":\"https:\/\/schema.org\",\"@graph\":[{\"@type\":\"Article\",\"@id\":\"https:\/\/www.caritasbaribitonto.it\/public\/home\/2011\/11\/la-comunita-che-non-dimentica-domenica-27-novembr-2011\/#article\",\"isPartOf\":{\"@id\":\"https:\/\/www.caritasbaribitonto.it\/public\/home\/2011\/11\/la-comunita-che-non-dimentica-domenica-27-novembr-2011\/\"},\"author\":{\"name\":\"Giovanni Caputo\",\"@id\":\"https:\/\/www.caritasbaribitonto.it\/public\/home\/#\/schema\/person\/06b333402b70fdadb662b68974e8c97a\"},\"headline\":\"LA COMUNITA\u2019 CHE NON DIMENTICA &#8211; Domenica 27 Novembre 2011\",\"datePublished\":\"2011-11-25T19:05:04+00:00\",\"dateModified\":\"2011-11-30T22:43:52+00:00\",\"mainEntityOfPage\":{\"@id\":\"https:\/\/www.caritasbaribitonto.it\/public\/home\/2011\/11\/la-comunita-che-non-dimentica-domenica-27-novembr-2011\/\"},\"wordCount\":578,\"publisher\":{\"@id\":\"https:\/\/www.caritasbaribitonto.it\/public\/home\/#organization\"},\"image\":{\"@id\":\"https:\/\/www.caritasbaribitonto.it\/public\/home\/2011\/11\/la-comunita-che-non-dimentica-domenica-27-novembr-2011\/#primaryimage\"},\"thumbnailUrl\":\"http:\/\/www.lachiesa.it\/liturgia\/allegati\/icone\/BA010.jpg\",\"articleSection\":[\"Commenti Vangelo\"],\"inLanguage\":\"it-IT\"},{\"@type\":\"WebPage\",\"@id\":\"https:\/\/www.caritasbaribitonto.it\/public\/home\/2011\/11\/la-comunita-che-non-dimentica-domenica-27-novembr-2011\/\",\"url\":\"https:\/\/www.caritasbaribitonto.it\/public\/home\/2011\/11\/la-comunita-che-non-dimentica-domenica-27-novembr-2011\/\",\"name\":\"LA COMUNITA\u2019 CHE NON DIMENTICA - Domenica 27 Novembre 2011 - Caritas Diocesana Bari-Bitonto\",\"isPartOf\":{\"@id\":\"https:\/\/www.caritasbaribitonto.it\/public\/home\/#website\"},\"primaryImageOfPage\":{\"@id\":\"https:\/\/www.caritasbaribitonto.it\/public\/home\/2011\/11\/la-comunita-che-non-dimentica-domenica-27-novembr-2011\/#primaryimage\"},\"image\":{\"@id\":\"https:\/\/www.caritasbaribitonto.it\/public\/home\/2011\/11\/la-comunita-che-non-dimentica-domenica-27-novembr-2011\/#primaryimage\"},\"thumbnailUrl\":\"http:\/\/www.lachiesa.it\/liturgia\/allegati\/icone\/BA010.jpg\",\"datePublished\":\"2011-11-25T19:05:04+00:00\",\"dateModified\":\"2011-11-30T22:43:52+00:00\",\"breadcrumb\":{\"@id\":\"https:\/\/www.caritasbaribitonto.it\/public\/home\/2011\/11\/la-comunita-che-non-dimentica-domenica-27-novembr-2011\/#breadcrumb\"},\"inLanguage\":\"it-IT\",\"potentialAction\":[{\"@type\":\"ReadAction\",\"target\":[\"https:\/\/www.caritasbaribitonto.it\/public\/home\/2011\/11\/la-comunita-che-non-dimentica-domenica-27-novembr-2011\/\"]}]},{\"@type\":\"ImageObject\",\"inLanguage\":\"it-IT\",\"@id\":\"https:\/\/www.caritasbaribitonto.it\/public\/home\/2011\/11\/la-comunita-che-non-dimentica-domenica-27-novembr-2011\/#primaryimage\",\"url\":\"http:\/\/www.lachiesa.it\/liturgia\/allegati\/icone\/BA010.jpg\",\"contentUrl\":\"http:\/\/www.lachiesa.it\/liturgia\/allegati\/icone\/BA010.jpg\"},{\"@type\":\"BreadcrumbList\",\"@id\":\"https:\/\/www.caritasbaribitonto.it\/public\/home\/2011\/11\/la-comunita-che-non-dimentica-domenica-27-novembr-2011\/#breadcrumb\",\"itemListElement\":[{\"@type\":\"ListItem\",\"position\":1,\"name\":\"Home\",\"item\":\"https:\/\/www.caritasbaribitonto.it\/public\/home\/\"},{\"@type\":\"ListItem\",\"position\":2,\"name\":\"LA COMUNITA\u2019 CHE NON DIMENTICA &#8211; Domenica 27 Novembre 2011\"}]},{\"@type\":\"WebSite\",\"@id\":\"https:\/\/www.caritasbaribitonto.it\/public\/home\/#website\",\"url\":\"https:\/\/www.caritasbaribitonto.it\/public\/home\/\",\"name\":\"Caritas Diocesana Bari-Bitonto\",\"description\":\"I santi della porta accanto\",\"publisher\":{\"@id\":\"https:\/\/www.caritasbaribitonto.it\/public\/home\/#organization\"},\"potentialAction\":[{\"@type\":\"SearchAction\",\"target\":{\"@type\":\"EntryPoint\",\"urlTemplate\":\"https:\/\/www.caritasbaribitonto.it\/public\/home\/?s={search_term_string}\"},\"query-input\":{\"@type\":\"PropertyValueSpecification\",\"valueRequired\":true,\"valueName\":\"search_term_string\"}}],\"inLanguage\":\"it-IT\"},{\"@type\":\"Organization\",\"@id\":\"https:\/\/www.caritasbaribitonto.it\/public\/home\/#organization\",\"name\":\"Caritas Diocesana Bari-Bitonto\",\"url\":\"https:\/\/www.caritasbaribitonto.it\/public\/home\/\",\"logo\":{\"@type\":\"ImageObject\",\"inLanguage\":\"it-IT\",\"@id\":\"https:\/\/www.caritasbaribitonto.it\/public\/home\/#\/schema\/logo\/image\/\",\"url\":\"https:\/\/www.caritasbaribitonto.it\/public\/home\/img\/uploads\/2025\/02\/cropped-cropped-caritas2025_350x112.png\",\"contentUrl\":\"https:\/\/www.caritasbaribitonto.it\/public\/home\/img\/uploads\/2025\/02\/cropped-cropped-caritas2025_350x112.png\",\"width\":350,\"height\":112,\"caption\":\"Caritas Diocesana Bari-Bitonto\"},\"image\":{\"@id\":\"https:\/\/www.caritasbaribitonto.it\/public\/home\/#\/schema\/logo\/image\/\"},\"sameAs\":[\"https:\/\/www.facebook.com\/pages\/Caritas-Diocesana-Bari-Bitonto\/533981476753770\"]},{\"@type\":\"Person\",\"@id\":\"https:\/\/www.caritasbaribitonto.it\/public\/home\/#\/schema\/person\/06b333402b70fdadb662b68974e8c97a\",\"name\":\"Giovanni Caputo\",\"image\":{\"@type\":\"ImageObject\",\"inLanguage\":\"it-IT\",\"@id\":\"https:\/\/www.caritasbaribitonto.it\/public\/home\/#\/schema\/person\/image\/\",\"url\":\"https:\/\/secure.gravatar.com\/avatar\/6c7e9d4e1e2394bfa4e38377bd0b5e03cbf0c79e27918e6497d3f408f89d0d3b?s=96&d=identicon&r=g\",\"contentUrl\":\"https:\/\/secure.gravatar.com\/avatar\/6c7e9d4e1e2394bfa4e38377bd0b5e03cbf0c79e27918e6497d3f408f89d0d3b?s=96&d=identicon&r=g\",\"caption\":\"Giovanni Caputo\"},\"url\":\"https:\/\/www.caritasbaribitonto.it\/public\/home\/author\/admin\/\"}]}<\/script>\r\n<!-- \/ Yoast SEO plugin. -->","yoast_head_json":{"title":"LA COMUNITA\u2019 CHE NON DIMENTICA - Domenica 27 Novembre 2011 - Caritas Diocesana Bari-Bitonto","robots":{"index":"index","follow":"follow","max-snippet":"max-snippet:-1","max-image-preview":"max-image-preview:large","max-video-preview":"max-video-preview:-1"},"canonical":"https:\/\/www.caritasbaribitonto.it\/public\/home\/2011\/11\/la-comunita-che-non-dimentica-domenica-27-novembr-2011\/","og_locale":"it_IT","og_type":"article","og_title":"LA COMUNITA\u2019 CHE NON DIMENTICA - Domenica 27 Novembre 2011 - Caritas Diocesana Bari-Bitonto","og_description":"Dal Vangelo Secondo Marco\u00a0 (Mc 13,33-37) In quel tempo, Ges\u00f9 disse ai suoi discepoli: \u00abFate attenzione, vegliate, perch\u00e9 non sapete [&hellip;]","og_url":"https:\/\/www.caritasbaribitonto.it\/public\/home\/2011\/11\/la-comunita-che-non-dimentica-domenica-27-novembr-2011\/","og_site_name":"Caritas Diocesana Bari-Bitonto","article_publisher":"https:\/\/www.facebook.com\/pages\/Caritas-Diocesana-Bari-Bitonto\/533981476753770","article_published_time":"2011-11-25T19:05:04+00:00","article_modified_time":"2011-11-30T22:43:52+00:00","og_image":[{"url":"http:\/\/www.lachiesa.it\/liturgia\/allegati\/icone\/BA010.jpg","type":"","width":"","height":""}],"author":"Giovanni Caputo","twitter_card":"summary_large_image","twitter_misc":{"Scritto da":"Giovanni Caputo","Tempo di lettura stimato":"3 minuti"},"schema":{"@context":"https:\/\/schema.org","@graph":[{"@type":"Article","@id":"https:\/\/www.caritasbaribitonto.it\/public\/home\/2011\/11\/la-comunita-che-non-dimentica-domenica-27-novembr-2011\/#article","isPartOf":{"@id":"https:\/\/www.caritasbaribitonto.it\/public\/home\/2011\/11\/la-comunita-che-non-dimentica-domenica-27-novembr-2011\/"},"author":{"name":"Giovanni Caputo","@id":"https:\/\/www.caritasbaribitonto.it\/public\/home\/#\/schema\/person\/06b333402b70fdadb662b68974e8c97a"},"headline":"LA COMUNITA\u2019 CHE NON DIMENTICA &#8211; Domenica 27 Novembre 2011","datePublished":"2011-11-25T19:05:04+00:00","dateModified":"2011-11-30T22:43:52+00:00","mainEntityOfPage":{"@id":"https:\/\/www.caritasbaribitonto.it\/public\/home\/2011\/11\/la-comunita-che-non-dimentica-domenica-27-novembr-2011\/"},"wordCount":578,"publisher":{"@id":"https:\/\/www.caritasbaribitonto.it\/public\/home\/#organization"},"image":{"@id":"https:\/\/www.caritasbaribitonto.it\/public\/home\/2011\/11\/la-comunita-che-non-dimentica-domenica-27-novembr-2011\/#primaryimage"},"thumbnailUrl":"http:\/\/www.lachiesa.it\/liturgia\/allegati\/icone\/BA010.jpg","articleSection":["Commenti Vangelo"],"inLanguage":"it-IT"},{"@type":"WebPage","@id":"https:\/\/www.caritasbaribitonto.it\/public\/home\/2011\/11\/la-comunita-che-non-dimentica-domenica-27-novembr-2011\/","url":"https:\/\/www.caritasbaribitonto.it\/public\/home\/2011\/11\/la-comunita-che-non-dimentica-domenica-27-novembr-2011\/","name":"LA COMUNITA\u2019 CHE NON DIMENTICA - Domenica 27 Novembre 2011 - Caritas Diocesana Bari-Bitonto","isPartOf":{"@id":"https:\/\/www.caritasbaribitonto.it\/public\/home\/#website"},"primaryImageOfPage":{"@id":"https:\/\/www.caritasbaribitonto.it\/public\/home\/2011\/11\/la-comunita-che-non-dimentica-domenica-27-novembr-2011\/#primaryimage"},"image":{"@id":"https:\/\/www.caritasbaribitonto.it\/public\/home\/2011\/11\/la-comunita-che-non-dimentica-domenica-27-novembr-2011\/#primaryimage"},"thumbnailUrl":"http:\/\/www.lachiesa.it\/liturgia\/allegati\/icone\/BA010.jpg","datePublished":"2011-11-25T19:05:04+00:00","dateModified":"2011-11-30T22:43:52+00:00","breadcrumb":{"@id":"https:\/\/www.caritasbaribitonto.it\/public\/home\/2011\/11\/la-comunita-che-non-dimentica-domenica-27-novembr-2011\/#breadcrumb"},"inLanguage":"it-IT","potentialAction":[{"@type":"ReadAction","target":["https:\/\/www.caritasbaribitonto.it\/public\/home\/2011\/11\/la-comunita-che-non-dimentica-domenica-27-novembr-2011\/"]}]},{"@type":"ImageObject","inLanguage":"it-IT","@id":"https:\/\/www.caritasbaribitonto.it\/public\/home\/2011\/11\/la-comunita-che-non-dimentica-domenica-27-novembr-2011\/#primaryimage","url":"http:\/\/www.lachiesa.it\/liturgia\/allegati\/icone\/BA010.jpg","contentUrl":"http:\/\/www.lachiesa.it\/liturgia\/allegati\/icone\/BA010.jpg"},{"@type":"BreadcrumbList","@id":"https:\/\/www.caritasbaribitonto.it\/public\/home\/2011\/11\/la-comunita-che-non-dimentica-domenica-27-novembr-2011\/#breadcrumb","itemListElement":[{"@type":"ListItem","position":1,"name":"Home","item":"https:\/\/www.caritasbaribitonto.it\/public\/home\/"},{"@type":"ListItem","position":2,"name":"LA COMUNITA\u2019 CHE NON DIMENTICA &#8211; Domenica 27 Novembre 2011"}]},{"@type":"WebSite","@id":"https:\/\/www.caritasbaribitonto.it\/public\/home\/#website","url":"https:\/\/www.caritasbaribitonto.it\/public\/home\/","name":"Caritas Diocesana Bari-Bitonto","description":"I santi della porta accanto","publisher":{"@id":"https:\/\/www.caritasbaribitonto.it\/public\/home\/#organization"},"potentialAction":[{"@type":"SearchAction","target":{"@type":"EntryPoint","urlTemplate":"https:\/\/www.caritasbaribitonto.it\/public\/home\/?s={search_term_string}"},"query-input":{"@type":"PropertyValueSpecification","valueRequired":true,"valueName":"search_term_string"}}],"inLanguage":"it-IT"},{"@type":"Organization","@id":"https:\/\/www.caritasbaribitonto.it\/public\/home\/#organization","name":"Caritas Diocesana Bari-Bitonto","url":"https:\/\/www.caritasbaribitonto.it\/public\/home\/","logo":{"@type":"ImageObject","inLanguage":"it-IT","@id":"https:\/\/www.caritasbaribitonto.it\/public\/home\/#\/schema\/logo\/image\/","url":"https:\/\/www.caritasbaribitonto.it\/public\/home\/img\/uploads\/2025\/02\/cropped-cropped-caritas2025_350x112.png","contentUrl":"https:\/\/www.caritasbaribitonto.it\/public\/home\/img\/uploads\/2025\/02\/cropped-cropped-caritas2025_350x112.png","width":350,"height":112,"caption":"Caritas Diocesana Bari-Bitonto"},"image":{"@id":"https:\/\/www.caritasbaribitonto.it\/public\/home\/#\/schema\/logo\/image\/"},"sameAs":["https:\/\/www.facebook.com\/pages\/Caritas-Diocesana-Bari-Bitonto\/533981476753770"]},{"@type":"Person","@id":"https:\/\/www.caritasbaribitonto.it\/public\/home\/#\/schema\/person\/06b333402b70fdadb662b68974e8c97a","name":"Giovanni Caputo","image":{"@type":"ImageObject","inLanguage":"it-IT","@id":"https:\/\/www.caritasbaribitonto.it\/public\/home\/#\/schema\/person\/image\/","url":"https:\/\/secure.gravatar.com\/avatar\/6c7e9d4e1e2394bfa4e38377bd0b5e03cbf0c79e27918e6497d3f408f89d0d3b?s=96&d=identicon&r=g","contentUrl":"https:\/\/secure.gravatar.com\/avatar\/6c7e9d4e1e2394bfa4e38377bd0b5e03cbf0c79e27918e6497d3f408f89d0d3b?s=96&d=identicon&r=g","caption":"Giovanni Caputo"},"url":"https:\/\/www.caritasbaribitonto.it\/public\/home\/author\/admin\/"}]}},"jetpack_featured_media_url":"","uagb_featured_image_src":{"full":false,"thumbnail":false,"medium":false,"medium_large":false,"large":false,"1536x1536":false,"2048x2048":false},"uagb_author_info":{"display_name":"Giovanni Caputo","author_link":"https:\/\/www.caritasbaribitonto.it\/public\/home\/author\/admin\/"},"uagb_comment_info":0,"uagb_excerpt":"Dal Vangelo Secondo Marco\u00a0 (Mc 13,33-37) In quel tempo, Ges\u00f9 disse ai suoi discepoli: \u00abFate attenzione, vegliate, perch\u00e9 non sapete [&hellip;]","_links":{"self":[{"href":"https:\/\/www.caritasbaribitonto.it\/public\/home\/wp-json\/wp\/v2\/posts\/2131","targetHints":{"allow":["GET"]}}],"collection":[{"href":"https:\/\/www.caritasbaribitonto.it\/public\/home\/wp-json\/wp\/v2\/posts"}],"about":[{"href":"https:\/\/www.caritasbaribitonto.it\/public\/home\/wp-json\/wp\/v2\/types\/post"}],"author":[{"embeddable":true,"href":"https:\/\/www.caritasbaribitonto.it\/public\/home\/wp-json\/wp\/v2\/users\/1"}],"replies":[{"embeddable":true,"href":"https:\/\/www.caritasbaribitonto.it\/public\/home\/wp-json\/wp\/v2\/comments?post=2131"}],"version-history":[{"count":0,"href":"https:\/\/www.caritasbaribitonto.it\/public\/home\/wp-json\/wp\/v2\/posts\/2131\/revisions"}],"wp:attachment":[{"href":"https:\/\/www.caritasbaribitonto.it\/public\/home\/wp-json\/wp\/v2\/media?parent=2131"}],"wp:term":[{"taxonomy":"category","embeddable":true,"href":"https:\/\/www.caritasbaribitonto.it\/public\/home\/wp-json\/wp\/v2\/categories?post=2131"},{"taxonomy":"post_tag","embeddable":true,"href":"https:\/\/www.caritasbaribitonto.it\/public\/home\/wp-json\/wp\/v2\/tags?post=2131"}],"curies":[{"name":"wp","href":"https:\/\/api.w.org\/{rel}","templated":true}]}}