{"id":2122,"date":"2011-11-18T19:16:16","date_gmt":"2011-11-18T18:16:16","guid":{"rendered":"http:\/\/www.caritasbaribitonto.it\/public\/home\/?p=2122"},"modified":"2011-11-18T19:16:16","modified_gmt":"2011-11-18T18:16:16","slug":"la-chiesa-delle-attenzioni-domenica-20-novembre-2011","status":"publish","type":"post","link":"https:\/\/www.caritasbaribitonto.it\/public\/home\/2011\/11\/la-chiesa-delle-attenzioni-domenica-20-novembre-2011\/","title":{"rendered":"La chiesa delle attenzioni  &#8211; Domenica 20 Novembre 2011"},"content":{"rendered":"<p><strong><em><span style=\"color: #993300;\">Dal Vangelo secondo Matteo (Mt 25, 31-46)<\/span><\/em><\/strong><\/p>\n<p><em><span style=\"color: #993300;\"><img loading=\"lazy\" decoding=\"async\" class=\"alignleft\" src=\"http:\/\/www.lachiesa.it\/liturgia\/allegati\/icone\/AO340.jpg\" alt=\"\" width=\"133\" height=\"170\" \/>In quel tempo, Ges\u00f9 disse ai suoi discepoli:<\/span><\/em><br \/>\n<em><span style=\"color: #993300;\"> \u00abQuando il Figlio dell\u2019uomo verr\u00e0 nella sua gloria, e tutti gli angeli con lui, sieder\u00e0 sul trono della sua gloria. Davanti a lui verranno radunati tutti i popoli. Egli separer\u00e0 gli uni dagli altri, come il pastore separa le pecore dalle capre, e porr\u00e0 le pecore alla sua destra e le capre alla sinistra.<\/span><\/em><br \/>\n<em><span style=\"color: #993300;\"> Allora il re dir\u00e0 a quelli che saranno alla sua destra: \u201cVenite, benedetti del Padre mio, ricevete in eredit\u00e0 il regno preparato per voi fin dalla creazione del mondo, perch\u00e9 ho avuto fame e mi avete dato da mangiare, ho avuto sete e mi avete dato da bere, ero straniero e mi avete accolto, nudo e mi avete vestito, malato e mi avete visitato, ero in carcere e siete venuti a trovarmi\u201d.<\/span><\/em><br \/>\n<em><span style=\"color: #993300;\"> Allora i giusti gli risponderanno: \u201cSignore, quando ti abbiamo visto affamato e ti abbiamo dato da mangiare, o assetato e ti abbiamo dato da bere? Quando mai ti abbiamo visto straniero e ti abbiamo accolto, o nudo e ti abbiamo vestito? Quando mai ti abbiamo visto malato o in carcere e siamo venuti a visitarti?\u201d. E il re risponder\u00e0 loro: \u201cIn verit\u00e0 io vi dico: tutto quello che avete fatto a uno solo di questi miei fratelli pi\u00f9 piccoli, l\u2019avete fatto a me\u201d.<\/span><\/em><br \/>\n<em><span style=\"color: #993300;\"> Poi dir\u00e0 anche a quelli che saranno alla sinistra: \u201cVia, lontano da me, maledetti, nel fuoco eterno, preparato per il diavolo e per i suoi angeli, perch\u00e9 ho avuto fame e non mi avete dato da mangiare, ho avuto sete e non mi avete dato da bere, ero straniero e non mi avete accolto, nudo e non mi avete vestito, malato e in carcere e non mi avete visitato\u201d.<\/span><\/em><br \/>\n<em><span style=\"color: #993300;\"> Anch\u2019essi allora risponderanno: \u201cSignore, quando ti abbiamo visto affamato o assetato o straniero o nudo o malato o in carcere, e non ti abbiamo servito?\u201d. Allora egli risponder\u00e0 loro: \u201cIn verit\u00e0 io vi dico: tutto quello che non avete fatto a uno solo di questi pi\u00f9 piccoli, non l\u2019avete fatto a me\u201d.<\/span><\/em><br \/>\n<em><span style=\"color: #993300;\"> E se ne andranno: questi al supplizio eterno, i giusti invece alla vita eterna\u00bb.<\/span><\/em><\/p>\n<p align=\"center\"><strong>La chiesa delle attenzioni<\/strong><\/p>\n<p>\u00a0A prima vista il re seduto su un trono che divide pecore e capri sembra essere una persona che compie le divisioni e tirare le somme per quanto \u00e8 stato o non \u00e8 stato fatto nel corso della vita. In realt\u00e0 il trono del Figlio dell\u2019uomo \u00e8 una croce e intorno ad essa non c\u2019\u00e8 una folla di ossequianti che chinano il capo fino a terra per riverirlo. Intorno alla croce di Ges\u00f9 c\u2019\u00e8 una schiera di strani personaggi che procedono con mano i segni delle rispettive necessit\u00e0.<\/p>\n<p>Il pane, l\u2019acqua, la casa, il vestiario, le medicine e il lavoro sono le domande su cui anche noi siamo chiamati a offrire delle risposte concrete non per mettere in risalto le doti e le potenzialit\u00e0 di qualcuno nella risoluzione dei problemi, ma piuttosto nel credere fermamente che se offriamo la soluzione alle richieste, avremo contribuito a realizzare il regno di Dio che \u00e8 pace e amore, oltre che giustizia e fedelt\u00e0 a Cristo.<\/p>\n<p>Il Cristo ha il volto scarnito di chi chiede da mangiare; quello scalfito dalla disidratazione di chi chiede da bere; quello piangente di chi si ritrova per strada o \u00e8 stato violentato perdendo tutta la dignit\u00e0 umana; quello sofferente di chi ancora oggi non pu\u00f2 accedere ai medicinali e continua a morire negli ospedali o addirittura per strada; quello disperato di chi \u00e8 finito dietro le sbarre per aver commesso un reato.<\/p>\n<p>Tutto ci\u00f2 ci stimola ad essere una <strong>comunit\u00e0 delle attenzioni.<\/strong> Ges\u00f9 si nasconde dietro il volto di tutti queste persone che ci sollecitano nella societ\u00e0 della profittuit\u00e0 e delle mancate rendicotazioni d\u2019amore ad essere pronti ad un\u2019evangelizzazione che va oltre i canoni della semplice sacramentalizzazione e a scendere per strada nel ricominciare a porre attenzione verso chi vive ai suoi margini. La carit\u00e0 non \u00e8 un\u2019opera fattiva, ma un\u2019espressione dell\u2019evangelizzazione.<\/p>\n<p>La comunit\u00e0 delle attenzioni non realizza solo i pozzi o gli acquedotti, dove manca l\u2019acqua; non \u00e8 sollecitata solo quando la carestia ha raggiunto livelli di massima indigenza con una semplice raccolta economica, ma \u00e8 quella che s&#8217;impegna ad offrire accoglienza e stimola le istituzioni perch\u00e9 a tutti sia offerto un luogo dove posare il capo. E\u2019 la comunit\u00e0 che si preoccupa che a ciascuno sia possibile accedere ai medicinali e non dimentica che si muore ancora per diarrea o tetano in alcune parti del pianeta. E\u2019 la comunit\u00e0 che mette a disposizione le sue risorse, spesso dismesse, per chi ha perso il lavoro ed \u00e8 finito nel giro delle mafie e delle nefandezze.<\/p>\n<p><strong>La comunit\u00e0 delle attenzioni<\/strong> non ha tempo per danzare sotto la croce, n\u00e9 di festeggiare per qualche risultato conseguito. Questa comunit\u00e0 va oltre la croce perch\u00e9 a tutti sia concessa l\u2019opportunit\u00e0 di vivere dignitosamente e di incontrare <em>il Cristo dell\u2019attenzione<\/em> che non dimentica e che c\u2019insegna ad amare sempre riconoscendolo nel volto degli ultimi che sono spesso accanto a noi.<\/p>\n<p>Il direttore<\/p>\n<p>Don Antonio Ruccia<\/p>\n","protected":false},"excerpt":{"rendered":"<p>Dal Vangelo secondo Matteo (Mt 25, 31-46) In quel tempo, Ges\u00f9 disse ai suoi discepoli: \u00abQuando il Figlio dell\u2019uomo verr\u00e0 [&hellip;]<\/p>\n","protected":false},"author":1,"featured_media":0,"comment_status":"closed","ping_status":"open","sticky":false,"template":"","format":"standard","meta":{"_uag_custom_page_level_css":"","site-sidebar-layout":"default","site-content-layout":"","ast-site-content-layout":"default","site-content-style":"default","site-sidebar-style":"default","ast-global-header-display":"","ast-banner-title-visibility":"","ast-main-header-display":"","ast-hfb-above-header-display":"","ast-hfb-below-header-display":"","ast-hfb-mobile-header-display":"","site-post-title":"","ast-breadcrumbs-content":"","ast-featured-img":"","footer-sml-layout":"","theme-transparent-header-meta":"","adv-header-id-meta":"","stick-header-meta":"","header-above-stick-meta":"","header-main-stick-meta":"","header-below-stick-meta":"","astra-migrate-meta-layouts":"default","ast-page-background-enabled":"default","ast-page-background-meta":{"desktop":{"background-color":"var(--ast-global-color-5)","background-image":"","background-repeat":"repeat","background-position":"center center","background-size":"auto","background-attachment":"scroll","background-type":"","background-media":"","overlay-type":"","overlay-color":"","overlay-opacity":"","overlay-gradient":""},"tablet":{"background-color":"","background-image":"","background-repeat":"repeat","background-position":"center center","background-size":"auto","background-attachment":"scroll","background-type":"","background-media":"","overlay-type":"","overlay-color":"","overlay-opacity":"","overlay-gradient":""},"mobile":{"background-color":"","background-image":"","background-repeat":"repeat","background-position":"center center","background-size":"auto","background-attachment":"scroll","background-type":"","background-media":"","overlay-type":"","overlay-color":"","overlay-opacity":"","overlay-gradient":""}},"ast-content-background-meta":{"desktop":{"background-color":"var(--ast-global-color-4)","background-image":"","background-repeat":"repeat","background-position":"center center","background-size":"auto","background-attachment":"scroll","background-type":"","background-media":"","overlay-type":"","overlay-color":"","overlay-opacity":"","overlay-gradient":""},"tablet":{"background-color":"var(--ast-global-color-4)","background-image":"","background-repeat":"repeat","background-position":"center center","background-size":"auto","background-attachment":"scroll","background-type":"","background-media":"","overlay-type":"","overlay-color":"","overlay-opacity":"","overlay-gradient":""},"mobile":{"background-color":"var(--ast-global-color-4)","background-image":"","background-repeat":"repeat","background-position":"center center","background-size":"auto","background-attachment":"scroll","background-type":"","background-media":"","overlay-type":"","overlay-color":"","overlay-opacity":"","overlay-gradient":""}},"footnotes":""},"categories":[20],"tags":[],"class_list":["post-2122","post","type-post","status-publish","format-standard","hentry","category-commenti-vangelo"],"gutentor_comment":0,"yoast_head":"<!-- This site is optimized with the Yoast SEO plugin v26.8 - https:\/\/yoast.com\/product\/yoast-seo-wordpress\/ -->\r\n<title>La chiesa delle attenzioni - Domenica 20 Novembre 2011 - Caritas Diocesana Bari-Bitonto<\/title>\r\n<meta name=\"robots\" content=\"index, follow, max-snippet:-1, max-image-preview:large, max-video-preview:-1\" \/>\r\n<link rel=\"canonical\" href=\"https:\/\/www.caritasbaribitonto.it\/public\/home\/2011\/11\/la-chiesa-delle-attenzioni-domenica-20-novembre-2011\/\" \/>\r\n<meta property=\"og:locale\" content=\"it_IT\" \/>\r\n<meta property=\"og:type\" content=\"article\" \/>\r\n<meta property=\"og:title\" content=\"La chiesa delle attenzioni - Domenica 20 Novembre 2011 - Caritas Diocesana Bari-Bitonto\" \/>\r\n<meta property=\"og:description\" content=\"Dal Vangelo secondo Matteo (Mt 25, 31-46) In quel tempo, Ges\u00f9 disse ai suoi discepoli: \u00abQuando il Figlio dell\u2019uomo verr\u00e0 [&hellip;]\" \/>\r\n<meta property=\"og:url\" content=\"https:\/\/www.caritasbaribitonto.it\/public\/home\/2011\/11\/la-chiesa-delle-attenzioni-domenica-20-novembre-2011\/\" \/>\r\n<meta property=\"og:site_name\" content=\"Caritas Diocesana Bari-Bitonto\" \/>\r\n<meta property=\"article:publisher\" content=\"https:\/\/www.facebook.com\/pages\/Caritas-Diocesana-Bari-Bitonto\/533981476753770\" \/>\r\n<meta property=\"article:published_time\" content=\"2011-11-18T18:16:16+00:00\" \/>\r\n<meta property=\"og:image\" content=\"http:\/\/www.lachiesa.it\/liturgia\/allegati\/icone\/AO340.jpg\" \/>\r\n<meta name=\"author\" content=\"Giovanni Caputo\" \/>\r\n<meta name=\"twitter:card\" content=\"summary_large_image\" \/>\r\n<meta name=\"twitter:label1\" content=\"Scritto da\" \/>\n\t<meta name=\"twitter:data1\" content=\"Giovanni Caputo\" \/>\n\t<meta name=\"twitter:label2\" content=\"Tempo di lettura stimato\" \/>\n\t<meta name=\"twitter:data2\" content=\"4 minuti\" \/>\r\n<script type=\"application\/ld+json\" class=\"yoast-schema-graph\">{\"@context\":\"https:\/\/schema.org\",\"@graph\":[{\"@type\":\"Article\",\"@id\":\"https:\/\/www.caritasbaribitonto.it\/public\/home\/2011\/11\/la-chiesa-delle-attenzioni-domenica-20-novembre-2011\/#article\",\"isPartOf\":{\"@id\":\"https:\/\/www.caritasbaribitonto.it\/public\/home\/2011\/11\/la-chiesa-delle-attenzioni-domenica-20-novembre-2011\/\"},\"author\":{\"name\":\"Giovanni Caputo\",\"@id\":\"https:\/\/www.caritasbaribitonto.it\/public\/home\/#\/schema\/person\/06b333402b70fdadb662b68974e8c97a\"},\"headline\":\"La chiesa delle attenzioni &#8211; Domenica 20 Novembre 2011\",\"datePublished\":\"2011-11-18T18:16:16+00:00\",\"mainEntityOfPage\":{\"@id\":\"https:\/\/www.caritasbaribitonto.it\/public\/home\/2011\/11\/la-chiesa-delle-attenzioni-domenica-20-novembre-2011\/\"},\"wordCount\":858,\"publisher\":{\"@id\":\"https:\/\/www.caritasbaribitonto.it\/public\/home\/#organization\"},\"image\":{\"@id\":\"https:\/\/www.caritasbaribitonto.it\/public\/home\/2011\/11\/la-chiesa-delle-attenzioni-domenica-20-novembre-2011\/#primaryimage\"},\"thumbnailUrl\":\"http:\/\/www.lachiesa.it\/liturgia\/allegati\/icone\/AO340.jpg\",\"articleSection\":[\"Commenti Vangelo\"],\"inLanguage\":\"it-IT\"},{\"@type\":\"WebPage\",\"@id\":\"https:\/\/www.caritasbaribitonto.it\/public\/home\/2011\/11\/la-chiesa-delle-attenzioni-domenica-20-novembre-2011\/\",\"url\":\"https:\/\/www.caritasbaribitonto.it\/public\/home\/2011\/11\/la-chiesa-delle-attenzioni-domenica-20-novembre-2011\/\",\"name\":\"La chiesa delle attenzioni - Domenica 20 Novembre 2011 - Caritas Diocesana Bari-Bitonto\",\"isPartOf\":{\"@id\":\"https:\/\/www.caritasbaribitonto.it\/public\/home\/#website\"},\"primaryImageOfPage\":{\"@id\":\"https:\/\/www.caritasbaribitonto.it\/public\/home\/2011\/11\/la-chiesa-delle-attenzioni-domenica-20-novembre-2011\/#primaryimage\"},\"image\":{\"@id\":\"https:\/\/www.caritasbaribitonto.it\/public\/home\/2011\/11\/la-chiesa-delle-attenzioni-domenica-20-novembre-2011\/#primaryimage\"},\"thumbnailUrl\":\"http:\/\/www.lachiesa.it\/liturgia\/allegati\/icone\/AO340.jpg\",\"datePublished\":\"2011-11-18T18:16:16+00:00\",\"breadcrumb\":{\"@id\":\"https:\/\/www.caritasbaribitonto.it\/public\/home\/2011\/11\/la-chiesa-delle-attenzioni-domenica-20-novembre-2011\/#breadcrumb\"},\"inLanguage\":\"it-IT\",\"potentialAction\":[{\"@type\":\"ReadAction\",\"target\":[\"https:\/\/www.caritasbaribitonto.it\/public\/home\/2011\/11\/la-chiesa-delle-attenzioni-domenica-20-novembre-2011\/\"]}]},{\"@type\":\"ImageObject\",\"inLanguage\":\"it-IT\",\"@id\":\"https:\/\/www.caritasbaribitonto.it\/public\/home\/2011\/11\/la-chiesa-delle-attenzioni-domenica-20-novembre-2011\/#primaryimage\",\"url\":\"http:\/\/www.lachiesa.it\/liturgia\/allegati\/icone\/AO340.jpg\",\"contentUrl\":\"http:\/\/www.lachiesa.it\/liturgia\/allegati\/icone\/AO340.jpg\"},{\"@type\":\"BreadcrumbList\",\"@id\":\"https:\/\/www.caritasbaribitonto.it\/public\/home\/2011\/11\/la-chiesa-delle-attenzioni-domenica-20-novembre-2011\/#breadcrumb\",\"itemListElement\":[{\"@type\":\"ListItem\",\"position\":1,\"name\":\"Home\",\"item\":\"https:\/\/www.caritasbaribitonto.it\/public\/home\/\"},{\"@type\":\"ListItem\",\"position\":2,\"name\":\"La chiesa delle attenzioni &#8211; Domenica 20 Novembre 2011\"}]},{\"@type\":\"WebSite\",\"@id\":\"https:\/\/www.caritasbaribitonto.it\/public\/home\/#website\",\"url\":\"https:\/\/www.caritasbaribitonto.it\/public\/home\/\",\"name\":\"Caritas Diocesana Bari-Bitonto\",\"description\":\"I santi della porta accanto\",\"publisher\":{\"@id\":\"https:\/\/www.caritasbaribitonto.it\/public\/home\/#organization\"},\"potentialAction\":[{\"@type\":\"SearchAction\",\"target\":{\"@type\":\"EntryPoint\",\"urlTemplate\":\"https:\/\/www.caritasbaribitonto.it\/public\/home\/?s={search_term_string}\"},\"query-input\":{\"@type\":\"PropertyValueSpecification\",\"valueRequired\":true,\"valueName\":\"search_term_string\"}}],\"inLanguage\":\"it-IT\"},{\"@type\":\"Organization\",\"@id\":\"https:\/\/www.caritasbaribitonto.it\/public\/home\/#organization\",\"name\":\"Caritas Diocesana Bari-Bitonto\",\"url\":\"https:\/\/www.caritasbaribitonto.it\/public\/home\/\",\"logo\":{\"@type\":\"ImageObject\",\"inLanguage\":\"it-IT\",\"@id\":\"https:\/\/www.caritasbaribitonto.it\/public\/home\/#\/schema\/logo\/image\/\",\"url\":\"https:\/\/www.caritasbaribitonto.it\/public\/home\/img\/uploads\/2025\/02\/cropped-cropped-caritas2025_350x112.png\",\"contentUrl\":\"https:\/\/www.caritasbaribitonto.it\/public\/home\/img\/uploads\/2025\/02\/cropped-cropped-caritas2025_350x112.png\",\"width\":350,\"height\":112,\"caption\":\"Caritas Diocesana Bari-Bitonto\"},\"image\":{\"@id\":\"https:\/\/www.caritasbaribitonto.it\/public\/home\/#\/schema\/logo\/image\/\"},\"sameAs\":[\"https:\/\/www.facebook.com\/pages\/Caritas-Diocesana-Bari-Bitonto\/533981476753770\"]},{\"@type\":\"Person\",\"@id\":\"https:\/\/www.caritasbaribitonto.it\/public\/home\/#\/schema\/person\/06b333402b70fdadb662b68974e8c97a\",\"name\":\"Giovanni Caputo\",\"image\":{\"@type\":\"ImageObject\",\"inLanguage\":\"it-IT\",\"@id\":\"https:\/\/www.caritasbaribitonto.it\/public\/home\/#\/schema\/person\/image\/\",\"url\":\"https:\/\/secure.gravatar.com\/avatar\/6c7e9d4e1e2394bfa4e38377bd0b5e03cbf0c79e27918e6497d3f408f89d0d3b?s=96&d=identicon&r=g\",\"contentUrl\":\"https:\/\/secure.gravatar.com\/avatar\/6c7e9d4e1e2394bfa4e38377bd0b5e03cbf0c79e27918e6497d3f408f89d0d3b?s=96&d=identicon&r=g\",\"caption\":\"Giovanni Caputo\"},\"url\":\"https:\/\/www.caritasbaribitonto.it\/public\/home\/author\/admin\/\"}]}<\/script>\r\n<!-- \/ Yoast SEO plugin. -->","yoast_head_json":{"title":"La chiesa delle attenzioni - Domenica 20 Novembre 2011 - Caritas Diocesana Bari-Bitonto","robots":{"index":"index","follow":"follow","max-snippet":"max-snippet:-1","max-image-preview":"max-image-preview:large","max-video-preview":"max-video-preview:-1"},"canonical":"https:\/\/www.caritasbaribitonto.it\/public\/home\/2011\/11\/la-chiesa-delle-attenzioni-domenica-20-novembre-2011\/","og_locale":"it_IT","og_type":"article","og_title":"La chiesa delle attenzioni - Domenica 20 Novembre 2011 - Caritas Diocesana Bari-Bitonto","og_description":"Dal Vangelo secondo Matteo (Mt 25, 31-46) In quel tempo, Ges\u00f9 disse ai suoi discepoli: \u00abQuando il Figlio dell\u2019uomo verr\u00e0 [&hellip;]","og_url":"https:\/\/www.caritasbaribitonto.it\/public\/home\/2011\/11\/la-chiesa-delle-attenzioni-domenica-20-novembre-2011\/","og_site_name":"Caritas Diocesana Bari-Bitonto","article_publisher":"https:\/\/www.facebook.com\/pages\/Caritas-Diocesana-Bari-Bitonto\/533981476753770","article_published_time":"2011-11-18T18:16:16+00:00","og_image":[{"url":"http:\/\/www.lachiesa.it\/liturgia\/allegati\/icone\/AO340.jpg","type":"","width":"","height":""}],"author":"Giovanni Caputo","twitter_card":"summary_large_image","twitter_misc":{"Scritto da":"Giovanni Caputo","Tempo di lettura stimato":"4 minuti"},"schema":{"@context":"https:\/\/schema.org","@graph":[{"@type":"Article","@id":"https:\/\/www.caritasbaribitonto.it\/public\/home\/2011\/11\/la-chiesa-delle-attenzioni-domenica-20-novembre-2011\/#article","isPartOf":{"@id":"https:\/\/www.caritasbaribitonto.it\/public\/home\/2011\/11\/la-chiesa-delle-attenzioni-domenica-20-novembre-2011\/"},"author":{"name":"Giovanni Caputo","@id":"https:\/\/www.caritasbaribitonto.it\/public\/home\/#\/schema\/person\/06b333402b70fdadb662b68974e8c97a"},"headline":"La chiesa delle attenzioni &#8211; Domenica 20 Novembre 2011","datePublished":"2011-11-18T18:16:16+00:00","mainEntityOfPage":{"@id":"https:\/\/www.caritasbaribitonto.it\/public\/home\/2011\/11\/la-chiesa-delle-attenzioni-domenica-20-novembre-2011\/"},"wordCount":858,"publisher":{"@id":"https:\/\/www.caritasbaribitonto.it\/public\/home\/#organization"},"image":{"@id":"https:\/\/www.caritasbaribitonto.it\/public\/home\/2011\/11\/la-chiesa-delle-attenzioni-domenica-20-novembre-2011\/#primaryimage"},"thumbnailUrl":"http:\/\/www.lachiesa.it\/liturgia\/allegati\/icone\/AO340.jpg","articleSection":["Commenti Vangelo"],"inLanguage":"it-IT"},{"@type":"WebPage","@id":"https:\/\/www.caritasbaribitonto.it\/public\/home\/2011\/11\/la-chiesa-delle-attenzioni-domenica-20-novembre-2011\/","url":"https:\/\/www.caritasbaribitonto.it\/public\/home\/2011\/11\/la-chiesa-delle-attenzioni-domenica-20-novembre-2011\/","name":"La chiesa delle attenzioni - Domenica 20 Novembre 2011 - Caritas Diocesana Bari-Bitonto","isPartOf":{"@id":"https:\/\/www.caritasbaribitonto.it\/public\/home\/#website"},"primaryImageOfPage":{"@id":"https:\/\/www.caritasbaribitonto.it\/public\/home\/2011\/11\/la-chiesa-delle-attenzioni-domenica-20-novembre-2011\/#primaryimage"},"image":{"@id":"https:\/\/www.caritasbaribitonto.it\/public\/home\/2011\/11\/la-chiesa-delle-attenzioni-domenica-20-novembre-2011\/#primaryimage"},"thumbnailUrl":"http:\/\/www.lachiesa.it\/liturgia\/allegati\/icone\/AO340.jpg","datePublished":"2011-11-18T18:16:16+00:00","breadcrumb":{"@id":"https:\/\/www.caritasbaribitonto.it\/public\/home\/2011\/11\/la-chiesa-delle-attenzioni-domenica-20-novembre-2011\/#breadcrumb"},"inLanguage":"it-IT","potentialAction":[{"@type":"ReadAction","target":["https:\/\/www.caritasbaribitonto.it\/public\/home\/2011\/11\/la-chiesa-delle-attenzioni-domenica-20-novembre-2011\/"]}]},{"@type":"ImageObject","inLanguage":"it-IT","@id":"https:\/\/www.caritasbaribitonto.it\/public\/home\/2011\/11\/la-chiesa-delle-attenzioni-domenica-20-novembre-2011\/#primaryimage","url":"http:\/\/www.lachiesa.it\/liturgia\/allegati\/icone\/AO340.jpg","contentUrl":"http:\/\/www.lachiesa.it\/liturgia\/allegati\/icone\/AO340.jpg"},{"@type":"BreadcrumbList","@id":"https:\/\/www.caritasbaribitonto.it\/public\/home\/2011\/11\/la-chiesa-delle-attenzioni-domenica-20-novembre-2011\/#breadcrumb","itemListElement":[{"@type":"ListItem","position":1,"name":"Home","item":"https:\/\/www.caritasbaribitonto.it\/public\/home\/"},{"@type":"ListItem","position":2,"name":"La chiesa delle attenzioni &#8211; Domenica 20 Novembre 2011"}]},{"@type":"WebSite","@id":"https:\/\/www.caritasbaribitonto.it\/public\/home\/#website","url":"https:\/\/www.caritasbaribitonto.it\/public\/home\/","name":"Caritas Diocesana Bari-Bitonto","description":"I santi della porta accanto","publisher":{"@id":"https:\/\/www.caritasbaribitonto.it\/public\/home\/#organization"},"potentialAction":[{"@type":"SearchAction","target":{"@type":"EntryPoint","urlTemplate":"https:\/\/www.caritasbaribitonto.it\/public\/home\/?s={search_term_string}"},"query-input":{"@type":"PropertyValueSpecification","valueRequired":true,"valueName":"search_term_string"}}],"inLanguage":"it-IT"},{"@type":"Organization","@id":"https:\/\/www.caritasbaribitonto.it\/public\/home\/#organization","name":"Caritas Diocesana Bari-Bitonto","url":"https:\/\/www.caritasbaribitonto.it\/public\/home\/","logo":{"@type":"ImageObject","inLanguage":"it-IT","@id":"https:\/\/www.caritasbaribitonto.it\/public\/home\/#\/schema\/logo\/image\/","url":"https:\/\/www.caritasbaribitonto.it\/public\/home\/img\/uploads\/2025\/02\/cropped-cropped-caritas2025_350x112.png","contentUrl":"https:\/\/www.caritasbaribitonto.it\/public\/home\/img\/uploads\/2025\/02\/cropped-cropped-caritas2025_350x112.png","width":350,"height":112,"caption":"Caritas Diocesana Bari-Bitonto"},"image":{"@id":"https:\/\/www.caritasbaribitonto.it\/public\/home\/#\/schema\/logo\/image\/"},"sameAs":["https:\/\/www.facebook.com\/pages\/Caritas-Diocesana-Bari-Bitonto\/533981476753770"]},{"@type":"Person","@id":"https:\/\/www.caritasbaribitonto.it\/public\/home\/#\/schema\/person\/06b333402b70fdadb662b68974e8c97a","name":"Giovanni Caputo","image":{"@type":"ImageObject","inLanguage":"it-IT","@id":"https:\/\/www.caritasbaribitonto.it\/public\/home\/#\/schema\/person\/image\/","url":"https:\/\/secure.gravatar.com\/avatar\/6c7e9d4e1e2394bfa4e38377bd0b5e03cbf0c79e27918e6497d3f408f89d0d3b?s=96&d=identicon&r=g","contentUrl":"https:\/\/secure.gravatar.com\/avatar\/6c7e9d4e1e2394bfa4e38377bd0b5e03cbf0c79e27918e6497d3f408f89d0d3b?s=96&d=identicon&r=g","caption":"Giovanni Caputo"},"url":"https:\/\/www.caritasbaribitonto.it\/public\/home\/author\/admin\/"}]}},"jetpack_featured_media_url":"","uagb_featured_image_src":{"full":false,"thumbnail":false,"medium":false,"medium_large":false,"large":false,"1536x1536":false,"2048x2048":false},"uagb_author_info":{"display_name":"Giovanni Caputo","author_link":"https:\/\/www.caritasbaribitonto.it\/public\/home\/author\/admin\/"},"uagb_comment_info":0,"uagb_excerpt":"Dal Vangelo secondo Matteo (Mt 25, 31-46) In quel tempo, Ges\u00f9 disse ai suoi discepoli: \u00abQuando il Figlio dell\u2019uomo verr\u00e0 [&hellip;]","_links":{"self":[{"href":"https:\/\/www.caritasbaribitonto.it\/public\/home\/wp-json\/wp\/v2\/posts\/2122","targetHints":{"allow":["GET"]}}],"collection":[{"href":"https:\/\/www.caritasbaribitonto.it\/public\/home\/wp-json\/wp\/v2\/posts"}],"about":[{"href":"https:\/\/www.caritasbaribitonto.it\/public\/home\/wp-json\/wp\/v2\/types\/post"}],"author":[{"embeddable":true,"href":"https:\/\/www.caritasbaribitonto.it\/public\/home\/wp-json\/wp\/v2\/users\/1"}],"replies":[{"embeddable":true,"href":"https:\/\/www.caritasbaribitonto.it\/public\/home\/wp-json\/wp\/v2\/comments?post=2122"}],"version-history":[{"count":0,"href":"https:\/\/www.caritasbaribitonto.it\/public\/home\/wp-json\/wp\/v2\/posts\/2122\/revisions"}],"wp:attachment":[{"href":"https:\/\/www.caritasbaribitonto.it\/public\/home\/wp-json\/wp\/v2\/media?parent=2122"}],"wp:term":[{"taxonomy":"category","embeddable":true,"href":"https:\/\/www.caritasbaribitonto.it\/public\/home\/wp-json\/wp\/v2\/categories?post=2122"},{"taxonomy":"post_tag","embeddable":true,"href":"https:\/\/www.caritasbaribitonto.it\/public\/home\/wp-json\/wp\/v2\/tags?post=2122"}],"curies":[{"name":"wp","href":"https:\/\/api.w.org\/{rel}","templated":true}]}}