{"id":2089,"date":"2011-11-04T19:43:49","date_gmt":"2011-11-04T18:43:49","guid":{"rendered":"http:\/\/www.caritasbaribitonto.it\/public\/home\/?p=2089"},"modified":"2011-12-17T17:55:56","modified_gmt":"2011-12-17T16:55:56","slug":"e-solo-un-piccolo-passo-domenica-6-novembre-2011","status":"publish","type":"post","link":"https:\/\/www.caritasbaribitonto.it\/public\/home\/2011\/11\/e-solo-un-piccolo-passo-domenica-6-novembre-2011\/","title":{"rendered":"E\u2019 SOLO UN PICCOLO PASSO &#8211; Domenica 6 Novembre 2011"},"content":{"rendered":"<p><span style=\"color: #993300;\"><em>Dal Vangelo secondo Matteo<strong> <\/strong>(Mt 25,1-13) <\/em><\/span><br \/>\n<span style=\"color: #993300;\"><em> <img loading=\"lazy\" decoding=\"async\" class=\"alignleft\" src=\"http:\/\/www.lachiesa.it\/liturgia\/allegati\/icone\/AO320.jpg\" alt=\"\" width=\"133\" height=\"170\" \/>In quel tempo, Ges\u00f9 disse ai suoi discepoli questa parabola: <\/em><\/span><br \/>\n<span style=\"color: #993300;\"><em> \u00abIl regno dei cieli sar\u00e0 simile a dieci vergini che presero le loro lampade e uscirono incontro allo sposo. Cinque di esse erano stolte e cinque sagge; le stolte presero le loro lampade, ma non presero con s\u00e9 l\u2019olio; le sagge invece, insieme alle loro lampade, presero anche l\u2019olio in piccoli vasi. Poich\u00e9 lo sposo tardava, si assopirono tutte e si addormentarono. <\/em><\/span><br \/>\n<span style=\"color: #993300;\"><em> A mezzanotte si alz\u00f2 un grido: \u201cEcco lo sposo! Andategli incontro!\u201d. Allora tutte quelle vergini si destarono e prepararono le loro lampade. Le stolte dissero alle sagge: \u201cDateci un po\u2019 del vostro olio, perch\u00e9 le nostre lampade si spengono\u201d. Le sagge risposero: \u201cNo, perch\u00e9 non venga a mancare a noi e a voi; andate piuttosto dai venditori e compratevene\u201d. <\/em><\/span><br \/>\n<span style=\"color: #993300;\"><em> Ora, mentre quelle andavano a comprare l\u2019olio, arriv\u00f2 lo sposo e le vergini che erano pronte entrarono con lui alle nozze, e la porta fu chiusa. Pi\u00f9 tardi arrivarono anche le altre vergini e incominciarono a dire: \u201cSignore, signore, aprici!\u201d. Ma egli rispose: \u201cIn verit\u00e0 io vi dico: non vi conosco\u201d. <\/em><\/span><br \/>\n<span style=\"color: #993300;\"><em> Vegliate dunque, perch\u00e9 non sapete n\u00e9 il giorno n\u00e9 l\u2019ora\u00bb.<\/em><\/span><\/p>\n<p>&nbsp;<\/p>\n<p style=\"text-align: center;\"><strong>E\u2019 SOLO UN PICCOLO PASSO<\/strong><\/p>\n<p>\u00a0\u00a0\u00a0\u00a0\u00a0\u00a0\u00a0\u00a0\u00a0\u00a0\u00a0 Il messaggio della parabola \u00e8 un\u2019ennesima occasione per Ges\u00f9 di proporre una metodologia d\u2019amore che coinvolga e che spinga ad essere lungimiranti.<\/p>\n<p>Dieci vergini sono chiamate a fare la scelta di andare incontro allo sposo. Non si tratta di un harem dopo questi dovr\u00e0 operare una scelta tra di loro. E\u2019 esattamente il contrario. Tutte sono invitate all\u2019incontro e soprattutto a lasciarsi coinvolgere per festeggiare questo momento importante. La distinzione tra un gruppo e l\u2019altro sta in quanto olio hanno di riserva.<\/p>\n<p>E\u2019 la scelta concreta della comunit\u00e0 ecclesiale che anche oggi \u00e8 chiamata ad operare scelte non finalizzate alle limitazioni o alla sopravvivenza ma opera affinch\u00e9 prevenendo possa essere in grado di \u201csposare\u201d il Cristo. Perch\u00e9 questo avvenga si tratta di prepararsi preoccupandosi del futuro e del tempo in cui lo stesso sposo si mostrer\u00e0 a tutti.<\/p>\n<p>Questa \u00e8 la comunit\u00e0 che pre-viene. In altri termini che viene prima, che non compie i propri gesti solo per circostanza o perch\u00e9 l\u2019imminenza di un qualcosa la spinge ad essere presente. E\u2019 quella comunit\u00e0 che nell\u2019educazione non dimentica che ogni giorno \u00e8 quello buono perch\u00e9 ci possa essere l\u2019incontro con Cristo. Si tratta solamente si avere la scorta e di non cadere nella logica risparmina di chi si limita alle sufficienze dimenticando che c\u2019\u00e8 un dopo e che lo sposo arriva in ogni momento. La comunit\u00e0 che ha l\u2019olio di scorta \u00e8 quella che lavora nell\u2019evangelizzazione soprattutto delle nuove generazioni e dei giovani. Non sa, infatti, quanto tempo potr\u00e0 essere utile affinch\u00e9 il messaggio penetri nel cuore di ognuno. Essa, per\u00f2, ha fiducia e soprattutto non si limita ad aspettare, ma va incontro.<\/p>\n<p>La nuova evangelizzazione \u00e8 rappresentata proprio da questo tipo di vergini perch\u00e9 oggi la comunit\u00e0 ecclesiale oltre che prevenire in ogni campo attraverso la catechesi sistematica, la liturgia coinvolgente e la carit\u00e0 propositiva deve pre-venire nell\u2019annunzio di Cristo ai lontani. Deve andare incontro con tanto di luce e non limitarsi a gesti che non incidono nel tessuto di quanti avrebbero bisogno di rincontrare lo Sposo. \u00a0La nostra evangelizzazione oggi rasenta proprio questa logica limitativa e dimentica che \u00e8 necessario essere missionari nella scuola, nel mondo del lavoro, nel mondo economico e in ogni luogo dove il messaggio deve penetrare.<\/p>\n<p>L\u2019ora giusta sta nel pre-venire per passare dalla chiesa dell\u2019attesa spesso spenta e senza proposte alla comunit\u00e0 che coinvolge perch\u00e9 la sua luce detta i passi dell\u2019incontro con\u00a0 il Cristo che pu\u00f2 solo tardare, ma \u00e8 certo che viene a noi. L&#8217;olio conservato \u00e8 quella stimolo affinch\u00e9 si possa andare incontro allo Sposo. Questo \u00e8 solo un piccolo passo per la comunit\u00e0 missionaria della nuova evangelizzazione.<\/p>\n<p>&nbsp;<\/p>\n<p>Il Direttore<\/p>\n<p>Don Antonio Ruccia<\/p>\n","protected":false},"excerpt":{"rendered":"<p>Dal Vangelo secondo Matteo (Mt 25,1-13) In quel tempo, Ges\u00f9 disse ai suoi discepoli questa parabola: \u00abIl regno dei cieli [&hellip;]<\/p>\n","protected":false},"author":1,"featured_media":0,"comment_status":"closed","ping_status":"open","sticky":false,"template":"","format":"standard","meta":{"_uag_custom_page_level_css":"","site-sidebar-layout":"default","site-content-layout":"","ast-site-content-layout":"default","site-content-style":"default","site-sidebar-style":"default","ast-global-header-display":"","ast-banner-title-visibility":"","ast-main-header-display":"","ast-hfb-above-header-display":"","ast-hfb-below-header-display":"","ast-hfb-mobile-header-display":"","site-post-title":"","ast-breadcrumbs-content":"","ast-featured-img":"","footer-sml-layout":"","theme-transparent-header-meta":"","adv-header-id-meta":"","stick-header-meta":"","header-above-stick-meta":"","header-main-stick-meta":"","header-below-stick-meta":"","astra-migrate-meta-layouts":"default","ast-page-background-enabled":"default","ast-page-background-meta":{"desktop":{"background-color":"var(--ast-global-color-5)","background-image":"","background-repeat":"repeat","background-position":"center center","background-size":"auto","background-attachment":"scroll","background-type":"","background-media":"","overlay-type":"","overlay-color":"","overlay-opacity":"","overlay-gradient":""},"tablet":{"background-color":"","background-image":"","background-repeat":"repeat","background-position":"center center","background-size":"auto","background-attachment":"scroll","background-type":"","background-media":"","overlay-type":"","overlay-color":"","overlay-opacity":"","overlay-gradient":""},"mobile":{"background-color":"","background-image":"","background-repeat":"repeat","background-position":"center center","background-size":"auto","background-attachment":"scroll","background-type":"","background-media":"","overlay-type":"","overlay-color":"","overlay-opacity":"","overlay-gradient":""}},"ast-content-background-meta":{"desktop":{"background-color":"var(--ast-global-color-4)","background-image":"","background-repeat":"repeat","background-position":"center center","background-size":"auto","background-attachment":"scroll","background-type":"","background-media":"","overlay-type":"","overlay-color":"","overlay-opacity":"","overlay-gradient":""},"tablet":{"background-color":"var(--ast-global-color-4)","background-image":"","background-repeat":"repeat","background-position":"center center","background-size":"auto","background-attachment":"scroll","background-type":"","background-media":"","overlay-type":"","overlay-color":"","overlay-opacity":"","overlay-gradient":""},"mobile":{"background-color":"var(--ast-global-color-4)","background-image":"","background-repeat":"repeat","background-position":"center center","background-size":"auto","background-attachment":"scroll","background-type":"","background-media":"","overlay-type":"","overlay-color":"","overlay-opacity":"","overlay-gradient":""}},"footnotes":""},"categories":[20],"tags":[52,62],"class_list":["post-2089","post","type-post","status-publish","format-standard","hentry","category-commenti-vangelo","tag-commenti-al-vangelo","tag-vangelo-domenicale"],"gutentor_comment":0,"yoast_head":"<!-- This site is optimized with the Yoast SEO plugin v26.8 - https:\/\/yoast.com\/product\/yoast-seo-wordpress\/ -->\r\n<title>E\u2019 SOLO UN PICCOLO PASSO - Domenica 6 Novembre 2011 - Caritas Diocesana Bari-Bitonto<\/title>\r\n<meta name=\"robots\" content=\"index, follow, max-snippet:-1, max-image-preview:large, max-video-preview:-1\" \/>\r\n<link rel=\"canonical\" href=\"https:\/\/www.caritasbaribitonto.it\/public\/home\/2011\/11\/e-solo-un-piccolo-passo-domenica-6-novembre-2011\/\" \/>\r\n<meta property=\"og:locale\" content=\"it_IT\" \/>\r\n<meta property=\"og:type\" content=\"article\" \/>\r\n<meta property=\"og:title\" content=\"E\u2019 SOLO UN PICCOLO PASSO - Domenica 6 Novembre 2011 - Caritas Diocesana Bari-Bitonto\" \/>\r\n<meta property=\"og:description\" content=\"Dal Vangelo secondo Matteo (Mt 25,1-13) In quel tempo, Ges\u00f9 disse ai suoi discepoli questa parabola: \u00abIl regno dei cieli [&hellip;]\" \/>\r\n<meta property=\"og:url\" content=\"https:\/\/www.caritasbaribitonto.it\/public\/home\/2011\/11\/e-solo-un-piccolo-passo-domenica-6-novembre-2011\/\" \/>\r\n<meta property=\"og:site_name\" content=\"Caritas Diocesana Bari-Bitonto\" \/>\r\n<meta property=\"article:publisher\" content=\"https:\/\/www.facebook.com\/pages\/Caritas-Diocesana-Bari-Bitonto\/533981476753770\" \/>\r\n<meta property=\"article:published_time\" content=\"2011-11-04T18:43:49+00:00\" \/>\r\n<meta property=\"article:modified_time\" content=\"2011-12-17T16:55:56+00:00\" \/>\r\n<meta property=\"og:image\" content=\"http:\/\/www.lachiesa.it\/liturgia\/allegati\/icone\/AO320.jpg\" \/>\r\n<meta name=\"author\" content=\"Giovanni Caputo\" \/>\r\n<meta name=\"twitter:card\" content=\"summary_large_image\" \/>\r\n<meta name=\"twitter:label1\" content=\"Scritto da\" \/>\n\t<meta name=\"twitter:data1\" content=\"Giovanni Caputo\" \/>\n\t<meta name=\"twitter:label2\" content=\"Tempo di lettura stimato\" \/>\n\t<meta name=\"twitter:data2\" content=\"3 minuti\" \/>\r\n<script type=\"application\/ld+json\" class=\"yoast-schema-graph\">{\"@context\":\"https:\/\/schema.org\",\"@graph\":[{\"@type\":\"Article\",\"@id\":\"https:\/\/www.caritasbaribitonto.it\/public\/home\/2011\/11\/e-solo-un-piccolo-passo-domenica-6-novembre-2011\/#article\",\"isPartOf\":{\"@id\":\"https:\/\/www.caritasbaribitonto.it\/public\/home\/2011\/11\/e-solo-un-piccolo-passo-domenica-6-novembre-2011\/\"},\"author\":{\"name\":\"Giovanni Caputo\",\"@id\":\"https:\/\/www.caritasbaribitonto.it\/public\/home\/#\/schema\/person\/06b333402b70fdadb662b68974e8c97a\"},\"headline\":\"E\u2019 SOLO UN PICCOLO PASSO &#8211; Domenica 6 Novembre 2011\",\"datePublished\":\"2011-11-04T18:43:49+00:00\",\"dateModified\":\"2011-12-17T16:55:56+00:00\",\"mainEntityOfPage\":{\"@id\":\"https:\/\/www.caritasbaribitonto.it\/public\/home\/2011\/11\/e-solo-un-piccolo-passo-domenica-6-novembre-2011\/\"},\"wordCount\":663,\"publisher\":{\"@id\":\"https:\/\/www.caritasbaribitonto.it\/public\/home\/#organization\"},\"image\":{\"@id\":\"https:\/\/www.caritasbaribitonto.it\/public\/home\/2011\/11\/e-solo-un-piccolo-passo-domenica-6-novembre-2011\/#primaryimage\"},\"thumbnailUrl\":\"http:\/\/www.lachiesa.it\/liturgia\/allegati\/icone\/AO320.jpg\",\"keywords\":[\"commenti al Vangelo\",\"vangelo domenicale\"],\"articleSection\":[\"Commenti Vangelo\"],\"inLanguage\":\"it-IT\"},{\"@type\":\"WebPage\",\"@id\":\"https:\/\/www.caritasbaribitonto.it\/public\/home\/2011\/11\/e-solo-un-piccolo-passo-domenica-6-novembre-2011\/\",\"url\":\"https:\/\/www.caritasbaribitonto.it\/public\/home\/2011\/11\/e-solo-un-piccolo-passo-domenica-6-novembre-2011\/\",\"name\":\"E\u2019 SOLO UN PICCOLO PASSO - Domenica 6 Novembre 2011 - Caritas Diocesana Bari-Bitonto\",\"isPartOf\":{\"@id\":\"https:\/\/www.caritasbaribitonto.it\/public\/home\/#website\"},\"primaryImageOfPage\":{\"@id\":\"https:\/\/www.caritasbaribitonto.it\/public\/home\/2011\/11\/e-solo-un-piccolo-passo-domenica-6-novembre-2011\/#primaryimage\"},\"image\":{\"@id\":\"https:\/\/www.caritasbaribitonto.it\/public\/home\/2011\/11\/e-solo-un-piccolo-passo-domenica-6-novembre-2011\/#primaryimage\"},\"thumbnailUrl\":\"http:\/\/www.lachiesa.it\/liturgia\/allegati\/icone\/AO320.jpg\",\"datePublished\":\"2011-11-04T18:43:49+00:00\",\"dateModified\":\"2011-12-17T16:55:56+00:00\",\"breadcrumb\":{\"@id\":\"https:\/\/www.caritasbaribitonto.it\/public\/home\/2011\/11\/e-solo-un-piccolo-passo-domenica-6-novembre-2011\/#breadcrumb\"},\"inLanguage\":\"it-IT\",\"potentialAction\":[{\"@type\":\"ReadAction\",\"target\":[\"https:\/\/www.caritasbaribitonto.it\/public\/home\/2011\/11\/e-solo-un-piccolo-passo-domenica-6-novembre-2011\/\"]}]},{\"@type\":\"ImageObject\",\"inLanguage\":\"it-IT\",\"@id\":\"https:\/\/www.caritasbaribitonto.it\/public\/home\/2011\/11\/e-solo-un-piccolo-passo-domenica-6-novembre-2011\/#primaryimage\",\"url\":\"http:\/\/www.lachiesa.it\/liturgia\/allegati\/icone\/AO320.jpg\",\"contentUrl\":\"http:\/\/www.lachiesa.it\/liturgia\/allegati\/icone\/AO320.jpg\"},{\"@type\":\"BreadcrumbList\",\"@id\":\"https:\/\/www.caritasbaribitonto.it\/public\/home\/2011\/11\/e-solo-un-piccolo-passo-domenica-6-novembre-2011\/#breadcrumb\",\"itemListElement\":[{\"@type\":\"ListItem\",\"position\":1,\"name\":\"Home\",\"item\":\"https:\/\/www.caritasbaribitonto.it\/public\/home\/\"},{\"@type\":\"ListItem\",\"position\":2,\"name\":\"E\u2019 SOLO UN PICCOLO PASSO &#8211; Domenica 6 Novembre 2011\"}]},{\"@type\":\"WebSite\",\"@id\":\"https:\/\/www.caritasbaribitonto.it\/public\/home\/#website\",\"url\":\"https:\/\/www.caritasbaribitonto.it\/public\/home\/\",\"name\":\"Caritas Diocesana Bari-Bitonto\",\"description\":\"I santi della porta accanto\",\"publisher\":{\"@id\":\"https:\/\/www.caritasbaribitonto.it\/public\/home\/#organization\"},\"potentialAction\":[{\"@type\":\"SearchAction\",\"target\":{\"@type\":\"EntryPoint\",\"urlTemplate\":\"https:\/\/www.caritasbaribitonto.it\/public\/home\/?s={search_term_string}\"},\"query-input\":{\"@type\":\"PropertyValueSpecification\",\"valueRequired\":true,\"valueName\":\"search_term_string\"}}],\"inLanguage\":\"it-IT\"},{\"@type\":\"Organization\",\"@id\":\"https:\/\/www.caritasbaribitonto.it\/public\/home\/#organization\",\"name\":\"Caritas Diocesana Bari-Bitonto\",\"url\":\"https:\/\/www.caritasbaribitonto.it\/public\/home\/\",\"logo\":{\"@type\":\"ImageObject\",\"inLanguage\":\"it-IT\",\"@id\":\"https:\/\/www.caritasbaribitonto.it\/public\/home\/#\/schema\/logo\/image\/\",\"url\":\"https:\/\/www.caritasbaribitonto.it\/public\/home\/img\/uploads\/2025\/02\/cropped-cropped-caritas2025_350x112.png\",\"contentUrl\":\"https:\/\/www.caritasbaribitonto.it\/public\/home\/img\/uploads\/2025\/02\/cropped-cropped-caritas2025_350x112.png\",\"width\":350,\"height\":112,\"caption\":\"Caritas Diocesana Bari-Bitonto\"},\"image\":{\"@id\":\"https:\/\/www.caritasbaribitonto.it\/public\/home\/#\/schema\/logo\/image\/\"},\"sameAs\":[\"https:\/\/www.facebook.com\/pages\/Caritas-Diocesana-Bari-Bitonto\/533981476753770\"]},{\"@type\":\"Person\",\"@id\":\"https:\/\/www.caritasbaribitonto.it\/public\/home\/#\/schema\/person\/06b333402b70fdadb662b68974e8c97a\",\"name\":\"Giovanni Caputo\",\"image\":{\"@type\":\"ImageObject\",\"inLanguage\":\"it-IT\",\"@id\":\"https:\/\/www.caritasbaribitonto.it\/public\/home\/#\/schema\/person\/image\/\",\"url\":\"https:\/\/secure.gravatar.com\/avatar\/6c7e9d4e1e2394bfa4e38377bd0b5e03cbf0c79e27918e6497d3f408f89d0d3b?s=96&d=identicon&r=g\",\"contentUrl\":\"https:\/\/secure.gravatar.com\/avatar\/6c7e9d4e1e2394bfa4e38377bd0b5e03cbf0c79e27918e6497d3f408f89d0d3b?s=96&d=identicon&r=g\",\"caption\":\"Giovanni Caputo\"},\"url\":\"https:\/\/www.caritasbaribitonto.it\/public\/home\/author\/admin\/\"}]}<\/script>\r\n<!-- \/ Yoast SEO plugin. -->","yoast_head_json":{"title":"E\u2019 SOLO UN PICCOLO PASSO - Domenica 6 Novembre 2011 - Caritas Diocesana Bari-Bitonto","robots":{"index":"index","follow":"follow","max-snippet":"max-snippet:-1","max-image-preview":"max-image-preview:large","max-video-preview":"max-video-preview:-1"},"canonical":"https:\/\/www.caritasbaribitonto.it\/public\/home\/2011\/11\/e-solo-un-piccolo-passo-domenica-6-novembre-2011\/","og_locale":"it_IT","og_type":"article","og_title":"E\u2019 SOLO UN PICCOLO PASSO - Domenica 6 Novembre 2011 - Caritas Diocesana Bari-Bitonto","og_description":"Dal Vangelo secondo Matteo (Mt 25,1-13) In quel tempo, Ges\u00f9 disse ai suoi discepoli questa parabola: \u00abIl regno dei cieli [&hellip;]","og_url":"https:\/\/www.caritasbaribitonto.it\/public\/home\/2011\/11\/e-solo-un-piccolo-passo-domenica-6-novembre-2011\/","og_site_name":"Caritas Diocesana Bari-Bitonto","article_publisher":"https:\/\/www.facebook.com\/pages\/Caritas-Diocesana-Bari-Bitonto\/533981476753770","article_published_time":"2011-11-04T18:43:49+00:00","article_modified_time":"2011-12-17T16:55:56+00:00","og_image":[{"url":"http:\/\/www.lachiesa.it\/liturgia\/allegati\/icone\/AO320.jpg","type":"","width":"","height":""}],"author":"Giovanni Caputo","twitter_card":"summary_large_image","twitter_misc":{"Scritto da":"Giovanni Caputo","Tempo di lettura stimato":"3 minuti"},"schema":{"@context":"https:\/\/schema.org","@graph":[{"@type":"Article","@id":"https:\/\/www.caritasbaribitonto.it\/public\/home\/2011\/11\/e-solo-un-piccolo-passo-domenica-6-novembre-2011\/#article","isPartOf":{"@id":"https:\/\/www.caritasbaribitonto.it\/public\/home\/2011\/11\/e-solo-un-piccolo-passo-domenica-6-novembre-2011\/"},"author":{"name":"Giovanni Caputo","@id":"https:\/\/www.caritasbaribitonto.it\/public\/home\/#\/schema\/person\/06b333402b70fdadb662b68974e8c97a"},"headline":"E\u2019 SOLO UN PICCOLO PASSO &#8211; Domenica 6 Novembre 2011","datePublished":"2011-11-04T18:43:49+00:00","dateModified":"2011-12-17T16:55:56+00:00","mainEntityOfPage":{"@id":"https:\/\/www.caritasbaribitonto.it\/public\/home\/2011\/11\/e-solo-un-piccolo-passo-domenica-6-novembre-2011\/"},"wordCount":663,"publisher":{"@id":"https:\/\/www.caritasbaribitonto.it\/public\/home\/#organization"},"image":{"@id":"https:\/\/www.caritasbaribitonto.it\/public\/home\/2011\/11\/e-solo-un-piccolo-passo-domenica-6-novembre-2011\/#primaryimage"},"thumbnailUrl":"http:\/\/www.lachiesa.it\/liturgia\/allegati\/icone\/AO320.jpg","keywords":["commenti al Vangelo","vangelo domenicale"],"articleSection":["Commenti Vangelo"],"inLanguage":"it-IT"},{"@type":"WebPage","@id":"https:\/\/www.caritasbaribitonto.it\/public\/home\/2011\/11\/e-solo-un-piccolo-passo-domenica-6-novembre-2011\/","url":"https:\/\/www.caritasbaribitonto.it\/public\/home\/2011\/11\/e-solo-un-piccolo-passo-domenica-6-novembre-2011\/","name":"E\u2019 SOLO UN PICCOLO PASSO - Domenica 6 Novembre 2011 - Caritas Diocesana Bari-Bitonto","isPartOf":{"@id":"https:\/\/www.caritasbaribitonto.it\/public\/home\/#website"},"primaryImageOfPage":{"@id":"https:\/\/www.caritasbaribitonto.it\/public\/home\/2011\/11\/e-solo-un-piccolo-passo-domenica-6-novembre-2011\/#primaryimage"},"image":{"@id":"https:\/\/www.caritasbaribitonto.it\/public\/home\/2011\/11\/e-solo-un-piccolo-passo-domenica-6-novembre-2011\/#primaryimage"},"thumbnailUrl":"http:\/\/www.lachiesa.it\/liturgia\/allegati\/icone\/AO320.jpg","datePublished":"2011-11-04T18:43:49+00:00","dateModified":"2011-12-17T16:55:56+00:00","breadcrumb":{"@id":"https:\/\/www.caritasbaribitonto.it\/public\/home\/2011\/11\/e-solo-un-piccolo-passo-domenica-6-novembre-2011\/#breadcrumb"},"inLanguage":"it-IT","potentialAction":[{"@type":"ReadAction","target":["https:\/\/www.caritasbaribitonto.it\/public\/home\/2011\/11\/e-solo-un-piccolo-passo-domenica-6-novembre-2011\/"]}]},{"@type":"ImageObject","inLanguage":"it-IT","@id":"https:\/\/www.caritasbaribitonto.it\/public\/home\/2011\/11\/e-solo-un-piccolo-passo-domenica-6-novembre-2011\/#primaryimage","url":"http:\/\/www.lachiesa.it\/liturgia\/allegati\/icone\/AO320.jpg","contentUrl":"http:\/\/www.lachiesa.it\/liturgia\/allegati\/icone\/AO320.jpg"},{"@type":"BreadcrumbList","@id":"https:\/\/www.caritasbaribitonto.it\/public\/home\/2011\/11\/e-solo-un-piccolo-passo-domenica-6-novembre-2011\/#breadcrumb","itemListElement":[{"@type":"ListItem","position":1,"name":"Home","item":"https:\/\/www.caritasbaribitonto.it\/public\/home\/"},{"@type":"ListItem","position":2,"name":"E\u2019 SOLO UN PICCOLO PASSO &#8211; Domenica 6 Novembre 2011"}]},{"@type":"WebSite","@id":"https:\/\/www.caritasbaribitonto.it\/public\/home\/#website","url":"https:\/\/www.caritasbaribitonto.it\/public\/home\/","name":"Caritas Diocesana Bari-Bitonto","description":"I santi della porta accanto","publisher":{"@id":"https:\/\/www.caritasbaribitonto.it\/public\/home\/#organization"},"potentialAction":[{"@type":"SearchAction","target":{"@type":"EntryPoint","urlTemplate":"https:\/\/www.caritasbaribitonto.it\/public\/home\/?s={search_term_string}"},"query-input":{"@type":"PropertyValueSpecification","valueRequired":true,"valueName":"search_term_string"}}],"inLanguage":"it-IT"},{"@type":"Organization","@id":"https:\/\/www.caritasbaribitonto.it\/public\/home\/#organization","name":"Caritas Diocesana Bari-Bitonto","url":"https:\/\/www.caritasbaribitonto.it\/public\/home\/","logo":{"@type":"ImageObject","inLanguage":"it-IT","@id":"https:\/\/www.caritasbaribitonto.it\/public\/home\/#\/schema\/logo\/image\/","url":"https:\/\/www.caritasbaribitonto.it\/public\/home\/img\/uploads\/2025\/02\/cropped-cropped-caritas2025_350x112.png","contentUrl":"https:\/\/www.caritasbaribitonto.it\/public\/home\/img\/uploads\/2025\/02\/cropped-cropped-caritas2025_350x112.png","width":350,"height":112,"caption":"Caritas Diocesana Bari-Bitonto"},"image":{"@id":"https:\/\/www.caritasbaribitonto.it\/public\/home\/#\/schema\/logo\/image\/"},"sameAs":["https:\/\/www.facebook.com\/pages\/Caritas-Diocesana-Bari-Bitonto\/533981476753770"]},{"@type":"Person","@id":"https:\/\/www.caritasbaribitonto.it\/public\/home\/#\/schema\/person\/06b333402b70fdadb662b68974e8c97a","name":"Giovanni Caputo","image":{"@type":"ImageObject","inLanguage":"it-IT","@id":"https:\/\/www.caritasbaribitonto.it\/public\/home\/#\/schema\/person\/image\/","url":"https:\/\/secure.gravatar.com\/avatar\/6c7e9d4e1e2394bfa4e38377bd0b5e03cbf0c79e27918e6497d3f408f89d0d3b?s=96&d=identicon&r=g","contentUrl":"https:\/\/secure.gravatar.com\/avatar\/6c7e9d4e1e2394bfa4e38377bd0b5e03cbf0c79e27918e6497d3f408f89d0d3b?s=96&d=identicon&r=g","caption":"Giovanni Caputo"},"url":"https:\/\/www.caritasbaribitonto.it\/public\/home\/author\/admin\/"}]}},"jetpack_featured_media_url":"","uagb_featured_image_src":{"full":false,"thumbnail":false,"medium":false,"medium_large":false,"large":false,"1536x1536":false,"2048x2048":false},"uagb_author_info":{"display_name":"Giovanni Caputo","author_link":"https:\/\/www.caritasbaribitonto.it\/public\/home\/author\/admin\/"},"uagb_comment_info":0,"uagb_excerpt":"Dal Vangelo secondo Matteo (Mt 25,1-13) In quel tempo, Ges\u00f9 disse ai suoi discepoli questa parabola: \u00abIl regno dei cieli [&hellip;]","_links":{"self":[{"href":"https:\/\/www.caritasbaribitonto.it\/public\/home\/wp-json\/wp\/v2\/posts\/2089","targetHints":{"allow":["GET"]}}],"collection":[{"href":"https:\/\/www.caritasbaribitonto.it\/public\/home\/wp-json\/wp\/v2\/posts"}],"about":[{"href":"https:\/\/www.caritasbaribitonto.it\/public\/home\/wp-json\/wp\/v2\/types\/post"}],"author":[{"embeddable":true,"href":"https:\/\/www.caritasbaribitonto.it\/public\/home\/wp-json\/wp\/v2\/users\/1"}],"replies":[{"embeddable":true,"href":"https:\/\/www.caritasbaribitonto.it\/public\/home\/wp-json\/wp\/v2\/comments?post=2089"}],"version-history":[{"count":0,"href":"https:\/\/www.caritasbaribitonto.it\/public\/home\/wp-json\/wp\/v2\/posts\/2089\/revisions"}],"wp:attachment":[{"href":"https:\/\/www.caritasbaribitonto.it\/public\/home\/wp-json\/wp\/v2\/media?parent=2089"}],"wp:term":[{"taxonomy":"category","embeddable":true,"href":"https:\/\/www.caritasbaribitonto.it\/public\/home\/wp-json\/wp\/v2\/categories?post=2089"},{"taxonomy":"post_tag","embeddable":true,"href":"https:\/\/www.caritasbaribitonto.it\/public\/home\/wp-json\/wp\/v2\/tags?post=2089"}],"curies":[{"name":"wp","href":"https:\/\/api.w.org\/{rel}","templated":true}]}}