{"id":2042,"date":"2011-10-21T18:48:10","date_gmt":"2011-10-21T16:48:10","guid":{"rendered":"http:\/\/www.caritasbaribitonto.it\/public\/home\/?p=2042"},"modified":"2011-10-23T13:07:50","modified_gmt":"2011-10-23T11:07:50","slug":"formazione-al-caritas-baby-hospital-di-betlemme","status":"publish","type":"post","link":"https:\/\/www.caritasbaribitonto.it\/public\/home\/2011\/10\/formazione-al-caritas-baby-hospital-di-betlemme\/","title":{"rendered":"FORMAZIONE AL CARITAS BABY HOSPITAL di BETLEMME"},"content":{"rendered":"<h5 align=\"center\"><strong>Relazione circa lo stage di formazione del personale infermieristico <\/strong><\/h5>\n<h5 align=\"center\"><strong>dell\u2019 \u201cOutpatient Clinic\u201d del Caritas Baby Hospital di Betlemme dal 24 settembre al 1 ottobre 2011. <\/strong><\/h5>\n<p>&nbsp;<\/p>\n<p style=\"text-align: center;\">\n<img loading=\"lazy\" decoding=\"async\" class=\"aligncenter\" src=\"http:\/\/www.caritasbaribitonto.it\/public\/home\/img\/uploads\/2011\/10\/Baby_Hospital_Betlemme.png\" alt=\"\" width=\"176\" height=\"132\" \/> <\/p>\n<p> In data 24 settembre, il sottoscritto, Direttore della Neonatologia e Terapia Intensiva Neonatale dell\u2019A.O. Universitaria Consorziale Policlinico, insieme a Lucia Mitarotonda e Cinzia Mitarotonda, Infermiere professionali presso la medesima U.O., si \u00e8 recato presso il Caritas Baby Hospital di Betlemme, accogliendo il graditissimo invito del Direttore della Caritas di Bari, don Antonio Ruccia, per un periodo di istruzione alle infermiere dell\u2019ambulatorio di pediatria del Caritas Baby Hospital di Betlemme.<\/p>\n<p><!--more--><\/p>\n<p>Il 24 settembre siamo arrivati a Tel Aviv dove siamo stati accolti ed accompagnati a Betlemme da Suor Donatella, la Direttrice del Programma di Educazione Continua del Caritas Baby Hospital, con cui avevamo pianificato, attraverso un fitto scambio di e-mail, il nostro lavoro, che si sarebbe svolto nei cinque giorni lavorativi della settimana dal 26 al 30 settembre.<\/p>\n<p>Era stato pianificato un programma di incontri con tutto il personale infermieristico che si occupa dei bambini che arrivano in pronto soccorso e\/o negli ambulatori dell\u2019Ospedale, composto sia di lezioni teoriche del sottoscritto della durata di circa due ore, sia di prove pratiche di gestione di casi clinici, con la tecnica della simulazione, e con la partecipazione mia e delle due infermiere, per ulteriori tre ore.<\/p>\n<p>Da luned\u00ec 26 abbiamo cominciato il programma di formazione, cos\u00ec come avevamo pianificato, incontrando ogni mattina, dal luned\u00ec al venerd\u00ec, tre-quattro unit\u00e0 del personale infermieristico, un numero volutamente limitato per potere avere un contatto diretto e assai proficuo tra docenti e discenti.<\/p>\n<p>Le lezioni teoriche da me tenute hanno riguardato le problematiche respiratorie del bambino, con particolare riguardo alle situazioni di emergenza, lo shock in et\u00e0 pediatrica e la gestione del bambino politraumatizzato.<\/p>\n<p>Ciascuna lezione si \u00e8 svolta con modalit\u00e0 interattiva, attraverso una discussione dei punti salienti, per approfondire le problematiche relative alla gestione concreta delle emergenze, in relazione allo specifico setting del Caritas Baby Hospital,<\/p>\n<p>Punto fondamentale di questo percorso di formazione \u00e8 stato, infatti, quello di perfezionare gli interventi assistenziali locali, cercando di intervenire sulle criticit\u00e0 secondarie all\u2019assenza di protocolli standardizzati e, in particolare, sulla mancanza di organizzazione del lavoro in team, agendo, in questa prima fase, sulle modalit\u00e0 di intervento del personale infermieristico.<\/p>\n<p style=\"text-align: center;\">\n<img loading=\"lazy\" decoding=\"async\" class=\"size-full wp-image-2044 aligncenter\" title=\"baby_hospital_infermiere\" src=\"http:\/\/www.caritasbaribitonto.it\/public\/home\/img\/uploads\/2011\/10\/baby_hospital_infermiere.png\" alt=\"\" width=\"200\" height=\"142\" \/> <\/p>\n<p>\u00c8 oggi un dato consolidato che la migliore e pi\u00f9 efficace gestione delle emergenze passa attraverso l\u2019organizzazione del lavoro in squadra di tutte le realt\u00e0 professionali che sono deputate a gestire il momento dell\u2019emergenza ed \u00e8 stato pertanto un obiettivo eccellente quello di intervenire su questo aspetto con le modalit\u00e0 suddescritte, che hanno trovato straordinaria risposta da parte dei discenti.<\/p>\n<p>Ancor pi\u00f9 interessante ed efficace \u00e8 stata la parte \u201cpratica\u201d della formazione che si \u00e8 sviluppata, come detto, attraverso la simulazione di casi clinici di emergenza, ideati da me e dalle due infermiere, rappresentati utilizzando come \u201cattori\u201d il personale infermieristico locale, che ha gestito il caso come se fosse un caso reale.<\/p>\n<p>Questa modalit\u00e0 di simulazione consente sia di affinare al meglio le procedure di intervento in casi di emergenza, riducendo gli errori, le perdite di tempo, la confusione, sia di gettare le basi per un lavoro d\u2019equipe, fondamentale nella gestione di problematiche assai delicate come quelle delle emergenze in et\u00e0 pediatrica.<\/p>\n<p>Ogni mattina si \u00e8 sviluppata, attraverso la teoria e la pratica, con una partecipazione eccellente da parte del personale infermierisitico, assai interessato a \u201cmettersi in gioco\u201d e a\u00a0 sperimentare modelli di istruzione nuovi, assai ben coordinati e stimolati dalla caposala sig.ra Rima.<\/p>\n<p>Alla fine del percorso di istruzione, insieme alle due infermiere, abbiamo curato la redazione di protocolli scritti per il lavoro quotidiano e di memorandum dedicati a sintetizzare approcci assistenziali con frasi semplici ed efficaci.<\/p>\n<p>Alla fine del percorso posso dire che \u00e8 stata un\u2019esperienza straordinaria da tanti punti di vista.<\/p>\n<p>\u00c8 stata eccellente la risposta ottenuta per il programma di formazione che \u00e8 stato coinvolgente e che ritengo \u00e8 stato in grado di raggiungere gli obiettivi prefissati da Suor Donatella, ma, come in ogni situazione di confronto con altre realt\u00e0 e altra umanit\u00e0, \u00e8 stata anche un\u2019esperienza che ha arricchito me e le mie due collaboratrici, posso dirlo senza tema di smentita da parte loro, per il contatto con la gente che abbiamo incontrato.<\/p>\n<p>In primis la straordinaria Suor Donatella, una donna eccezionale da tanti punti di vista, capace di gestire la complessa realt\u00e0 di quell\u2019ospedale, in quel territorio, con grandissima professionalit\u00e0 ed umanit\u00e0, con il sorriso e con l\u2019amore per i piccoli, che ci ha accolto con grande affetto e ci ha fatto sentire a casa.<\/p>\n<p>Poi la caposala Rima che \u00e8 stato il tramite con le infermiere, anche lei donna straordinaria, dedita al lavoro, con grande curiosit\u00e0 e interesse, fondamentale per migliorare la loro offerta assistenziale, gi\u00e0 di elevato livello.<\/p>\n<p style=\"text-align: center;\">\n<img loading=\"lazy\" decoding=\"async\" class=\"size-full wp-image-2045 aligncenter\" title=\"baby_\" src=\"http:\/\/www.caritasbaribitonto.it\/public\/home\/img\/uploads\/2011\/10\/baby_.png\" alt=\"\" width=\"156\" height=\"104\" \/>\n<\/p>\n<p>&nbsp;<\/p>\n<p>Poi con i medici e le infermiere di Palestina, spaccato di un popolo meraviglioso, accogliente, di grande dignit\u00e0, purtroppo vessato e tenuto prigioniero dentro un muro.<\/p>\n<p>Nessuna ragione di sicurezza pu\u00f2 giustificare la perdita di libert\u00e0 di questa gente, gente che lavora, che costruisce futuro e famiglie con il limite di un confine imposto che li costringe addirittura a rinunciare agli affetti, se magari sono in territori diversi (anche solo nella vicina Gerusalemme) e che limita ampiamente le loro possibilit\u00e0 di crescita, economica, umana e relazionale.<\/p>\n<p>Noi siamo stati felici di aver dato un piccolo contributo a questa gente e a questo popolo, e mi auguro davvero che questa terra possa vivere appieno della libert\u00e0 che merita.<\/p>\n<p style=\"text-align: right;\">\u00a0Prof. Nicola Laforgia<\/p>\n<p style=\"text-align: right;\">Primario della Clinica di Neonatologia del Policlinico di Bari<\/p>\n","protected":false},"excerpt":{"rendered":"<p>Relazione circa lo stage di formazione del personale infermieristico dell\u2019 \u201cOutpatient Clinic\u201d del Caritas Baby Hospital di Betlemme dal 24 [&hellip;]<\/p>\n","protected":false},"author":1,"featured_media":0,"comment_status":"closed","ping_status":"open","sticky":false,"template":"","format":"standard","meta":{"_uag_custom_page_level_css":"","site-sidebar-layout":"default","site-content-layout":"","ast-site-content-layout":"default","site-content-style":"default","site-sidebar-style":"default","ast-global-header-display":"","ast-banner-title-visibility":"","ast-main-header-display":"","ast-hfb-above-header-display":"","ast-hfb-below-header-display":"","ast-hfb-mobile-header-display":"","site-post-title":"","ast-breadcrumbs-content":"","ast-featured-img":"","footer-sml-layout":"","theme-transparent-header-meta":"","adv-header-id-meta":"","stick-header-meta":"","header-above-stick-meta":"","header-main-stick-meta":"","header-below-stick-meta":"","astra-migrate-meta-layouts":"default","ast-page-background-enabled":"default","ast-page-background-meta":{"desktop":{"background-color":"var(--ast-global-color-5)","background-image":"","background-repeat":"repeat","background-position":"center center","background-size":"auto","background-attachment":"scroll","background-type":"","background-media":"","overlay-type":"","overlay-color":"","overlay-opacity":"","overlay-gradient":""},"tablet":{"background-color":"","background-image":"","background-repeat":"repeat","background-position":"center center","background-size":"auto","background-attachment":"scroll","background-type":"","background-media":"","overlay-type":"","overlay-color":"","overlay-opacity":"","overlay-gradient":""},"mobile":{"background-color":"","background-image":"","background-repeat":"repeat","background-position":"center center","background-size":"auto","background-attachment":"scroll","background-type":"","background-media":"","overlay-type":"","overlay-color":"","overlay-opacity":"","overlay-gradient":""}},"ast-content-background-meta":{"desktop":{"background-color":"var(--ast-global-color-4)","background-image":"","background-repeat":"repeat","background-position":"center center","background-size":"auto","background-attachment":"scroll","background-type":"","background-media":"","overlay-type":"","overlay-color":"","overlay-opacity":"","overlay-gradient":""},"tablet":{"background-color":"var(--ast-global-color-4)","background-image":"","background-repeat":"repeat","background-position":"center center","background-size":"auto","background-attachment":"scroll","background-type":"","background-media":"","overlay-type":"","overlay-color":"","overlay-opacity":"","overlay-gradient":""},"mobile":{"background-color":"var(--ast-global-color-4)","background-image":"","background-repeat":"repeat","background-position":"center center","background-size":"auto","background-attachment":"scroll","background-type":"","background-media":"","overlay-type":"","overlay-color":"","overlay-opacity":"","overlay-gradient":""}},"footnotes":""},"categories":[165,1],"tags":[],"class_list":["post-2042","post","type-post","status-publish","format-standard","hentry","category-esperienze-e-testimonianze","category-generale"],"gutentor_comment":0,"yoast_head":"<!-- This site is optimized with the Yoast SEO plugin v26.8 - https:\/\/yoast.com\/product\/yoast-seo-wordpress\/ -->\r\n<title>FORMAZIONE AL CARITAS BABY HOSPITAL di BETLEMME - Caritas Diocesana Bari-Bitonto<\/title>\r\n<meta name=\"robots\" content=\"index, follow, max-snippet:-1, max-image-preview:large, max-video-preview:-1\" \/>\r\n<link rel=\"canonical\" href=\"https:\/\/www.caritasbaribitonto.it\/public\/home\/2011\/10\/formazione-al-caritas-baby-hospital-di-betlemme\/\" \/>\r\n<meta property=\"og:locale\" content=\"it_IT\" \/>\r\n<meta property=\"og:type\" content=\"article\" \/>\r\n<meta property=\"og:title\" content=\"FORMAZIONE AL CARITAS BABY HOSPITAL di BETLEMME - Caritas Diocesana Bari-Bitonto\" \/>\r\n<meta property=\"og:description\" content=\"Relazione circa lo stage di formazione del personale infermieristico dell\u2019 \u201cOutpatient Clinic\u201d del Caritas Baby Hospital di Betlemme dal 24 [&hellip;]\" \/>\r\n<meta property=\"og:url\" content=\"https:\/\/www.caritasbaribitonto.it\/public\/home\/2011\/10\/formazione-al-caritas-baby-hospital-di-betlemme\/\" \/>\r\n<meta property=\"og:site_name\" content=\"Caritas Diocesana Bari-Bitonto\" \/>\r\n<meta property=\"article:publisher\" content=\"https:\/\/www.facebook.com\/pages\/Caritas-Diocesana-Bari-Bitonto\/533981476753770\" \/>\r\n<meta property=\"article:published_time\" content=\"2011-10-21T16:48:10+00:00\" \/>\r\n<meta property=\"article:modified_time\" content=\"2011-10-23T11:07:50+00:00\" \/>\r\n<meta property=\"og:image\" content=\"http:\/\/www.caritasbaribitonto.it\/public\/home\/img\/uploads\/2011\/10\/Baby_Hospital_Betlemme.png\" \/>\r\n<meta name=\"author\" content=\"Giovanni Caputo\" \/>\r\n<meta name=\"twitter:card\" content=\"summary_large_image\" \/>\r\n<meta name=\"twitter:label1\" content=\"Scritto da\" \/>\n\t<meta name=\"twitter:data1\" content=\"Giovanni Caputo\" \/>\n\t<meta name=\"twitter:label2\" content=\"Tempo di lettura stimato\" \/>\n\t<meta name=\"twitter:data2\" content=\"5 minuti\" \/>\r\n<script type=\"application\/ld+json\" class=\"yoast-schema-graph\">{\"@context\":\"https:\/\/schema.org\",\"@graph\":[{\"@type\":\"Article\",\"@id\":\"https:\/\/www.caritasbaribitonto.it\/public\/home\/2011\/10\/formazione-al-caritas-baby-hospital-di-betlemme\/#article\",\"isPartOf\":{\"@id\":\"https:\/\/www.caritasbaribitonto.it\/public\/home\/2011\/10\/formazione-al-caritas-baby-hospital-di-betlemme\/\"},\"author\":{\"name\":\"Giovanni Caputo\",\"@id\":\"https:\/\/www.caritasbaribitonto.it\/public\/home\/#\/schema\/person\/06b333402b70fdadb662b68974e8c97a\"},\"headline\":\"FORMAZIONE AL CARITAS BABY HOSPITAL di BETLEMME\",\"datePublished\":\"2011-10-21T16:48:10+00:00\",\"dateModified\":\"2011-10-23T11:07:50+00:00\",\"mainEntityOfPage\":{\"@id\":\"https:\/\/www.caritasbaribitonto.it\/public\/home\/2011\/10\/formazione-al-caritas-baby-hospital-di-betlemme\/\"},\"wordCount\":921,\"publisher\":{\"@id\":\"https:\/\/www.caritasbaribitonto.it\/public\/home\/#organization\"},\"image\":{\"@id\":\"https:\/\/www.caritasbaribitonto.it\/public\/home\/2011\/10\/formazione-al-caritas-baby-hospital-di-betlemme\/#primaryimage\"},\"thumbnailUrl\":\"http:\/\/www.caritasbaribitonto.it\/public\/home\/img\/uploads\/2011\/10\/Baby_Hospital_Betlemme.png\",\"articleSection\":[\"Esperienze e Testimonianze\",\"Generale\"],\"inLanguage\":\"it-IT\"},{\"@type\":\"WebPage\",\"@id\":\"https:\/\/www.caritasbaribitonto.it\/public\/home\/2011\/10\/formazione-al-caritas-baby-hospital-di-betlemme\/\",\"url\":\"https:\/\/www.caritasbaribitonto.it\/public\/home\/2011\/10\/formazione-al-caritas-baby-hospital-di-betlemme\/\",\"name\":\"FORMAZIONE AL CARITAS BABY HOSPITAL di BETLEMME - Caritas Diocesana Bari-Bitonto\",\"isPartOf\":{\"@id\":\"https:\/\/www.caritasbaribitonto.it\/public\/home\/#website\"},\"primaryImageOfPage\":{\"@id\":\"https:\/\/www.caritasbaribitonto.it\/public\/home\/2011\/10\/formazione-al-caritas-baby-hospital-di-betlemme\/#primaryimage\"},\"image\":{\"@id\":\"https:\/\/www.caritasbaribitonto.it\/public\/home\/2011\/10\/formazione-al-caritas-baby-hospital-di-betlemme\/#primaryimage\"},\"thumbnailUrl\":\"http:\/\/www.caritasbaribitonto.it\/public\/home\/img\/uploads\/2011\/10\/Baby_Hospital_Betlemme.png\",\"datePublished\":\"2011-10-21T16:48:10+00:00\",\"dateModified\":\"2011-10-23T11:07:50+00:00\",\"breadcrumb\":{\"@id\":\"https:\/\/www.caritasbaribitonto.it\/public\/home\/2011\/10\/formazione-al-caritas-baby-hospital-di-betlemme\/#breadcrumb\"},\"inLanguage\":\"it-IT\",\"potentialAction\":[{\"@type\":\"ReadAction\",\"target\":[\"https:\/\/www.caritasbaribitonto.it\/public\/home\/2011\/10\/formazione-al-caritas-baby-hospital-di-betlemme\/\"]}]},{\"@type\":\"ImageObject\",\"inLanguage\":\"it-IT\",\"@id\":\"https:\/\/www.caritasbaribitonto.it\/public\/home\/2011\/10\/formazione-al-caritas-baby-hospital-di-betlemme\/#primaryimage\",\"url\":\"http:\/\/www.caritasbaribitonto.it\/public\/home\/img\/uploads\/2011\/10\/Baby_Hospital_Betlemme.png\",\"contentUrl\":\"http:\/\/www.caritasbaribitonto.it\/public\/home\/img\/uploads\/2011\/10\/Baby_Hospital_Betlemme.png\"},{\"@type\":\"BreadcrumbList\",\"@id\":\"https:\/\/www.caritasbaribitonto.it\/public\/home\/2011\/10\/formazione-al-caritas-baby-hospital-di-betlemme\/#breadcrumb\",\"itemListElement\":[{\"@type\":\"ListItem\",\"position\":1,\"name\":\"Home\",\"item\":\"https:\/\/www.caritasbaribitonto.it\/public\/home\/\"},{\"@type\":\"ListItem\",\"position\":2,\"name\":\"FORMAZIONE AL CARITAS BABY HOSPITAL di BETLEMME\"}]},{\"@type\":\"WebSite\",\"@id\":\"https:\/\/www.caritasbaribitonto.it\/public\/home\/#website\",\"url\":\"https:\/\/www.caritasbaribitonto.it\/public\/home\/\",\"name\":\"Caritas Diocesana Bari-Bitonto\",\"description\":\"I santi della porta accanto\",\"publisher\":{\"@id\":\"https:\/\/www.caritasbaribitonto.it\/public\/home\/#organization\"},\"potentialAction\":[{\"@type\":\"SearchAction\",\"target\":{\"@type\":\"EntryPoint\",\"urlTemplate\":\"https:\/\/www.caritasbaribitonto.it\/public\/home\/?s={search_term_string}\"},\"query-input\":{\"@type\":\"PropertyValueSpecification\",\"valueRequired\":true,\"valueName\":\"search_term_string\"}}],\"inLanguage\":\"it-IT\"},{\"@type\":\"Organization\",\"@id\":\"https:\/\/www.caritasbaribitonto.it\/public\/home\/#organization\",\"name\":\"Caritas Diocesana Bari-Bitonto\",\"url\":\"https:\/\/www.caritasbaribitonto.it\/public\/home\/\",\"logo\":{\"@type\":\"ImageObject\",\"inLanguage\":\"it-IT\",\"@id\":\"https:\/\/www.caritasbaribitonto.it\/public\/home\/#\/schema\/logo\/image\/\",\"url\":\"https:\/\/www.caritasbaribitonto.it\/public\/home\/img\/uploads\/2025\/02\/cropped-cropped-caritas2025_350x112.png\",\"contentUrl\":\"https:\/\/www.caritasbaribitonto.it\/public\/home\/img\/uploads\/2025\/02\/cropped-cropped-caritas2025_350x112.png\",\"width\":350,\"height\":112,\"caption\":\"Caritas Diocesana Bari-Bitonto\"},\"image\":{\"@id\":\"https:\/\/www.caritasbaribitonto.it\/public\/home\/#\/schema\/logo\/image\/\"},\"sameAs\":[\"https:\/\/www.facebook.com\/pages\/Caritas-Diocesana-Bari-Bitonto\/533981476753770\"]},{\"@type\":\"Person\",\"@id\":\"https:\/\/www.caritasbaribitonto.it\/public\/home\/#\/schema\/person\/06b333402b70fdadb662b68974e8c97a\",\"name\":\"Giovanni Caputo\",\"image\":{\"@type\":\"ImageObject\",\"inLanguage\":\"it-IT\",\"@id\":\"https:\/\/www.caritasbaribitonto.it\/public\/home\/#\/schema\/person\/image\/\",\"url\":\"https:\/\/secure.gravatar.com\/avatar\/6c7e9d4e1e2394bfa4e38377bd0b5e03cbf0c79e27918e6497d3f408f89d0d3b?s=96&d=identicon&r=g\",\"contentUrl\":\"https:\/\/secure.gravatar.com\/avatar\/6c7e9d4e1e2394bfa4e38377bd0b5e03cbf0c79e27918e6497d3f408f89d0d3b?s=96&d=identicon&r=g\",\"caption\":\"Giovanni Caputo\"},\"url\":\"https:\/\/www.caritasbaribitonto.it\/public\/home\/author\/admin\/\"}]}<\/script>\r\n<!-- \/ Yoast SEO plugin. -->","yoast_head_json":{"title":"FORMAZIONE AL CARITAS BABY HOSPITAL di BETLEMME - Caritas Diocesana Bari-Bitonto","robots":{"index":"index","follow":"follow","max-snippet":"max-snippet:-1","max-image-preview":"max-image-preview:large","max-video-preview":"max-video-preview:-1"},"canonical":"https:\/\/www.caritasbaribitonto.it\/public\/home\/2011\/10\/formazione-al-caritas-baby-hospital-di-betlemme\/","og_locale":"it_IT","og_type":"article","og_title":"FORMAZIONE AL CARITAS BABY HOSPITAL di BETLEMME - Caritas Diocesana Bari-Bitonto","og_description":"Relazione circa lo stage di formazione del personale infermieristico dell\u2019 \u201cOutpatient Clinic\u201d del Caritas Baby Hospital di Betlemme dal 24 [&hellip;]","og_url":"https:\/\/www.caritasbaribitonto.it\/public\/home\/2011\/10\/formazione-al-caritas-baby-hospital-di-betlemme\/","og_site_name":"Caritas Diocesana Bari-Bitonto","article_publisher":"https:\/\/www.facebook.com\/pages\/Caritas-Diocesana-Bari-Bitonto\/533981476753770","article_published_time":"2011-10-21T16:48:10+00:00","article_modified_time":"2011-10-23T11:07:50+00:00","og_image":[{"url":"http:\/\/www.caritasbaribitonto.it\/public\/home\/img\/uploads\/2011\/10\/Baby_Hospital_Betlemme.png","type":"","width":"","height":""}],"author":"Giovanni Caputo","twitter_card":"summary_large_image","twitter_misc":{"Scritto da":"Giovanni Caputo","Tempo di lettura stimato":"5 minuti"},"schema":{"@context":"https:\/\/schema.org","@graph":[{"@type":"Article","@id":"https:\/\/www.caritasbaribitonto.it\/public\/home\/2011\/10\/formazione-al-caritas-baby-hospital-di-betlemme\/#article","isPartOf":{"@id":"https:\/\/www.caritasbaribitonto.it\/public\/home\/2011\/10\/formazione-al-caritas-baby-hospital-di-betlemme\/"},"author":{"name":"Giovanni Caputo","@id":"https:\/\/www.caritasbaribitonto.it\/public\/home\/#\/schema\/person\/06b333402b70fdadb662b68974e8c97a"},"headline":"FORMAZIONE AL CARITAS BABY HOSPITAL di BETLEMME","datePublished":"2011-10-21T16:48:10+00:00","dateModified":"2011-10-23T11:07:50+00:00","mainEntityOfPage":{"@id":"https:\/\/www.caritasbaribitonto.it\/public\/home\/2011\/10\/formazione-al-caritas-baby-hospital-di-betlemme\/"},"wordCount":921,"publisher":{"@id":"https:\/\/www.caritasbaribitonto.it\/public\/home\/#organization"},"image":{"@id":"https:\/\/www.caritasbaribitonto.it\/public\/home\/2011\/10\/formazione-al-caritas-baby-hospital-di-betlemme\/#primaryimage"},"thumbnailUrl":"http:\/\/www.caritasbaribitonto.it\/public\/home\/img\/uploads\/2011\/10\/Baby_Hospital_Betlemme.png","articleSection":["Esperienze e Testimonianze","Generale"],"inLanguage":"it-IT"},{"@type":"WebPage","@id":"https:\/\/www.caritasbaribitonto.it\/public\/home\/2011\/10\/formazione-al-caritas-baby-hospital-di-betlemme\/","url":"https:\/\/www.caritasbaribitonto.it\/public\/home\/2011\/10\/formazione-al-caritas-baby-hospital-di-betlemme\/","name":"FORMAZIONE AL CARITAS BABY HOSPITAL di BETLEMME - Caritas Diocesana Bari-Bitonto","isPartOf":{"@id":"https:\/\/www.caritasbaribitonto.it\/public\/home\/#website"},"primaryImageOfPage":{"@id":"https:\/\/www.caritasbaribitonto.it\/public\/home\/2011\/10\/formazione-al-caritas-baby-hospital-di-betlemme\/#primaryimage"},"image":{"@id":"https:\/\/www.caritasbaribitonto.it\/public\/home\/2011\/10\/formazione-al-caritas-baby-hospital-di-betlemme\/#primaryimage"},"thumbnailUrl":"http:\/\/www.caritasbaribitonto.it\/public\/home\/img\/uploads\/2011\/10\/Baby_Hospital_Betlemme.png","datePublished":"2011-10-21T16:48:10+00:00","dateModified":"2011-10-23T11:07:50+00:00","breadcrumb":{"@id":"https:\/\/www.caritasbaribitonto.it\/public\/home\/2011\/10\/formazione-al-caritas-baby-hospital-di-betlemme\/#breadcrumb"},"inLanguage":"it-IT","potentialAction":[{"@type":"ReadAction","target":["https:\/\/www.caritasbaribitonto.it\/public\/home\/2011\/10\/formazione-al-caritas-baby-hospital-di-betlemme\/"]}]},{"@type":"ImageObject","inLanguage":"it-IT","@id":"https:\/\/www.caritasbaribitonto.it\/public\/home\/2011\/10\/formazione-al-caritas-baby-hospital-di-betlemme\/#primaryimage","url":"http:\/\/www.caritasbaribitonto.it\/public\/home\/img\/uploads\/2011\/10\/Baby_Hospital_Betlemme.png","contentUrl":"http:\/\/www.caritasbaribitonto.it\/public\/home\/img\/uploads\/2011\/10\/Baby_Hospital_Betlemme.png"},{"@type":"BreadcrumbList","@id":"https:\/\/www.caritasbaribitonto.it\/public\/home\/2011\/10\/formazione-al-caritas-baby-hospital-di-betlemme\/#breadcrumb","itemListElement":[{"@type":"ListItem","position":1,"name":"Home","item":"https:\/\/www.caritasbaribitonto.it\/public\/home\/"},{"@type":"ListItem","position":2,"name":"FORMAZIONE AL CARITAS BABY HOSPITAL di BETLEMME"}]},{"@type":"WebSite","@id":"https:\/\/www.caritasbaribitonto.it\/public\/home\/#website","url":"https:\/\/www.caritasbaribitonto.it\/public\/home\/","name":"Caritas Diocesana Bari-Bitonto","description":"I santi della porta accanto","publisher":{"@id":"https:\/\/www.caritasbaribitonto.it\/public\/home\/#organization"},"potentialAction":[{"@type":"SearchAction","target":{"@type":"EntryPoint","urlTemplate":"https:\/\/www.caritasbaribitonto.it\/public\/home\/?s={search_term_string}"},"query-input":{"@type":"PropertyValueSpecification","valueRequired":true,"valueName":"search_term_string"}}],"inLanguage":"it-IT"},{"@type":"Organization","@id":"https:\/\/www.caritasbaribitonto.it\/public\/home\/#organization","name":"Caritas Diocesana Bari-Bitonto","url":"https:\/\/www.caritasbaribitonto.it\/public\/home\/","logo":{"@type":"ImageObject","inLanguage":"it-IT","@id":"https:\/\/www.caritasbaribitonto.it\/public\/home\/#\/schema\/logo\/image\/","url":"https:\/\/www.caritasbaribitonto.it\/public\/home\/img\/uploads\/2025\/02\/cropped-cropped-caritas2025_350x112.png","contentUrl":"https:\/\/www.caritasbaribitonto.it\/public\/home\/img\/uploads\/2025\/02\/cropped-cropped-caritas2025_350x112.png","width":350,"height":112,"caption":"Caritas Diocesana Bari-Bitonto"},"image":{"@id":"https:\/\/www.caritasbaribitonto.it\/public\/home\/#\/schema\/logo\/image\/"},"sameAs":["https:\/\/www.facebook.com\/pages\/Caritas-Diocesana-Bari-Bitonto\/533981476753770"]},{"@type":"Person","@id":"https:\/\/www.caritasbaribitonto.it\/public\/home\/#\/schema\/person\/06b333402b70fdadb662b68974e8c97a","name":"Giovanni Caputo","image":{"@type":"ImageObject","inLanguage":"it-IT","@id":"https:\/\/www.caritasbaribitonto.it\/public\/home\/#\/schema\/person\/image\/","url":"https:\/\/secure.gravatar.com\/avatar\/6c7e9d4e1e2394bfa4e38377bd0b5e03cbf0c79e27918e6497d3f408f89d0d3b?s=96&d=identicon&r=g","contentUrl":"https:\/\/secure.gravatar.com\/avatar\/6c7e9d4e1e2394bfa4e38377bd0b5e03cbf0c79e27918e6497d3f408f89d0d3b?s=96&d=identicon&r=g","caption":"Giovanni Caputo"},"url":"https:\/\/www.caritasbaribitonto.it\/public\/home\/author\/admin\/"}]}},"jetpack_featured_media_url":"","uagb_featured_image_src":{"full":false,"thumbnail":false,"medium":false,"medium_large":false,"large":false,"1536x1536":false,"2048x2048":false},"uagb_author_info":{"display_name":"Giovanni Caputo","author_link":"https:\/\/www.caritasbaribitonto.it\/public\/home\/author\/admin\/"},"uagb_comment_info":0,"uagb_excerpt":"Relazione circa lo stage di formazione del personale infermieristico dell\u2019 \u201cOutpatient Clinic\u201d del Caritas Baby Hospital di Betlemme dal 24 [&hellip;]","_links":{"self":[{"href":"https:\/\/www.caritasbaribitonto.it\/public\/home\/wp-json\/wp\/v2\/posts\/2042","targetHints":{"allow":["GET"]}}],"collection":[{"href":"https:\/\/www.caritasbaribitonto.it\/public\/home\/wp-json\/wp\/v2\/posts"}],"about":[{"href":"https:\/\/www.caritasbaribitonto.it\/public\/home\/wp-json\/wp\/v2\/types\/post"}],"author":[{"embeddable":true,"href":"https:\/\/www.caritasbaribitonto.it\/public\/home\/wp-json\/wp\/v2\/users\/1"}],"replies":[{"embeddable":true,"href":"https:\/\/www.caritasbaribitonto.it\/public\/home\/wp-json\/wp\/v2\/comments?post=2042"}],"version-history":[{"count":0,"href":"https:\/\/www.caritasbaribitonto.it\/public\/home\/wp-json\/wp\/v2\/posts\/2042\/revisions"}],"wp:attachment":[{"href":"https:\/\/www.caritasbaribitonto.it\/public\/home\/wp-json\/wp\/v2\/media?parent=2042"}],"wp:term":[{"taxonomy":"category","embeddable":true,"href":"https:\/\/www.caritasbaribitonto.it\/public\/home\/wp-json\/wp\/v2\/categories?post=2042"},{"taxonomy":"post_tag","embeddable":true,"href":"https:\/\/www.caritasbaribitonto.it\/public\/home\/wp-json\/wp\/v2\/tags?post=2042"}],"curies":[{"name":"wp","href":"https:\/\/api.w.org\/{rel}","templated":true}]}}