{"id":1697,"date":"2011-03-28T06:29:34","date_gmt":"2011-03-28T04:29:34","guid":{"rendered":"http:\/\/www.caritasbaribitonto.it\/public\/home\/?p=1697"},"modified":"2011-08-27T12:57:08","modified_gmt":"2011-08-27T10:57:08","slug":"testimonianza-di-anna-cutrone","status":"publish","type":"post","link":"https:\/\/www.caritasbaribitonto.it\/public\/home\/2011\/03\/testimonianza-di-anna-cutrone\/","title":{"rendered":"Testimonianza di Anna Cutrone"},"content":{"rendered":"<p>\ufeffSono  convinta che la Chiesa sia fondata su un principio di corresponsabilit\u00e0  ove i laici, insieme ai sacerdoti, contribuiscono a comunicare a tutti  la fede attraverso l\u2019impegno nelle istituzioni civili, culturali, sociali e  politiche.<\/p>\n<p>L\u2019impegnarsi,  fare della propria vita una continua testimonianza di fede comporta  sacrificio, ma \u00e8 pi\u00f9 appagante di qualsiasi azione o pensiero.<\/p>\n<p>La  scuola, il mondo del lavoro, le realt\u00e0 associate hanno bisogno di  un\u2019anima e quest\u2019anima non pu\u00f2 essere solo quella del consacrato e del  prete, ma di tutti i battezzati che si adoperano perch\u00e9 in ogni luogo il  cristianesimo sia vivo.<\/p>\n<p>Per  quanto mi riguarda, dopo aver trascorso quasi vent\u2019anni della mia vita  nelle Vincenziane e prestato attivit\u00e0 di catechista presso la mia  vecchia Parrocchia di appartenenza, da circa 5 anni <strong>vivo  una nuova esperienza parrocchiale, dove il cammino viene svolto in  forma comunitaria. Insieme con altri e coordinati dal parroco<\/strong> abbiamo  cercato di venire incontro alle esigenze del territorio attraverso  l\u2019ascolto di quella fascia di famiglie che sempre pi\u00f9 vengono poste ai  margini della societ\u00e0.<\/p>\n<p>Oggi  \u00a0la soglia di povert\u00e0 si \u00e8 elevata a causa della crisi economica. E\u2019  aumentato il numero di famiglie che, pur avendo un minimo stipendio in  casa, non riescono ad arrivare a fine mese e, come avvocato, posso  testimoniare che il numero degli sfratti per morosit\u00e0 \u00e8 aumentato  vertiginosamente negli ultimi anni.<\/p>\n<p>Affrontiamo  spesso il problema dei carcerati che, scontata la pena, non trovano  fuori assolutamente nulla perch\u00e9 le istituzioni non si preoccupano del  loro reinserimento sociale.Per non parlare di coloro che sono agli  arresti domiciliari che devono sostenersi da soli, ma non possono  lavorare perch\u00e9 non possono uscire e allora come fanno? Spesso accade  che mantengono i contatti con la malavita per far fronte alle necessit\u00e0  quotidiane.<\/p>\n<p>La  tossicodipendenza, il gioco d\u2019azzardo, l\u2019usura sono problemi che la  nostra parrocchia \u00e8 continuamente chiamata ad affrontare. Tutto questo  dimostra che il sacerdote, da solo, non pu\u00f2 assolutamente far nulla a  meno che non si crei una rete di laici che mettano a disposizione le  proprie competenze e risorse per trovare una soluzione.<\/p>\n<p>L\u2019optimum sarebbe una collaborazione con i servizi sociali \u00a0che, purtroppo, sembra latitare.<\/p>\n<p>Da  circa due anni accogliamo nella canonica della parrocchia famiglie  giovani in difficolt\u00e0 che rimangono con noi sino a quando non riescono a  trovare una sistemazione pi\u00f9 adeguata ed un lavoro decente. Tutta la  comunit\u00e0 \u00e8 chiamata a collaborare perch\u00e9 quello che cerchiamo di far  comprendere \u00e8 la necessit\u00e0 che ci si senta chiamati in prima persona e  che le famiglie comunitarie prendano a cuore le sorti di famiglie che  non ce la fanno.<\/p>\n<p><strong>LA CARITA\u2019 NON E\u2019 UN DONARE MA UN DONARSI.<\/strong><\/p>\n<p>La Caritas parrocchiale ha un compito di coordinamento.<\/p>\n<p>Molti uomini della nostra parrocchia svolgono volontariato presso il dormitorio per i senza fissa dimora <em>don Vito Diana <\/em>a Bari.<\/p>\n<p>Ad  aprile dello scorso anno abbiamo appreso da Don Antonio \u00a0che era sorta a  Palese una casa di accoglienza per donne e bambini in difficolt\u00e0 e che  occorreva un po\u2019 di tutto.<\/p>\n<p>Cos\u00ec,  con alcuni membri della comunit\u00e0 parrocchiale, abbiamo cominciato a  frequentare questo luogo di accoglienza dove si respira amore grazie al  lavoro instancabile di Suor Giovanna e Suor Noemi.<\/p>\n<p>Le  donne accolte con i loro bambini hanno storie tragiche di abbandono, di  solitudine e di disperazione. In questo luogo si cerca di ridare loro  una dignit\u00e0, ricostruire quella parte di se stessi che gli eventi della  vita hanno distrutto e per me \u00e8 importante ridare speranza perch\u00e9 la  disperazione \u00e8 proprio mancanza di speranza.<\/p>\n<p>Spesso  porto con me mio figlio pi\u00f9 piccolo di 10 anni perch\u00e9, avendo ormai  legato molto con i bambini ospitati \u00e8 sempre desideroso di incontrarli.  Questo \u00e8 un aspetto importantissimo da affrontare. La nostra societ\u00e0  benpensante cerca di evitare che i bambini affrontino cos\u00ec piccoli certi  problemi cos\u00ec grandi. Penso, invece, che sia sano e salutare per i  nostri figli sapere che non esistono solo le grandi case, le play  station, i telefonini, i viaggi ecc., i vestiti firmati, ma che ci sono  bambini che vivono in case di accoglienza perch\u00e9 non hanno nulla, che ci  sono bambini \u00a0a cui la societ\u00e0 ha tolto il diritto di essere bambini.<\/p>\n<p>La  sensazione che io ho quando mi reco l\u00ec \u00e8 una sensazione di libert\u00e0  perch\u00e9 non vi sono sovrastrutture che ci separano, ma solo donne che si  sentono legate da qualcosa di pi\u00f9 grande, donne che, al di l\u00e0 del loro  credo religioso,sono vicine le une alle altre perch\u00e9 figlie di uno  stesso tempo.<\/p>\n<p>&nbsp;<\/p>\n<p>Anna Cutrone<\/p>\n<p>Parrocchia S. Maria Assunta \u2013 Palo del Colle<\/p>\n<p><img decoding=\"async\" src=\"file:\/\/\/C:\/DOCUME%7E1\/ADMINI%7E1\/LOCALS%7E1\/Temp\/moz-screenshot.png\" alt=\"\" \/><img decoding=\"async\" src=\"file:\/\/\/C:\/DOCUME%7E1\/ADMINI%7E1\/LOCALS%7E1\/Temp\/moz-screenshot-1.png\" alt=\"\" \/><\/p>\n","protected":false},"excerpt":{"rendered":"<p>\ufeffSono convinta che la Chiesa sia fondata su un principio di corresponsabilit\u00e0 ove i laici, insieme ai sacerdoti, contribuiscono a [&hellip;]<\/p>\n","protected":false},"author":1,"featured_media":0,"comment_status":"closed","ping_status":"open","sticky":false,"template":"","format":"standard","meta":{"_uag_custom_page_level_css":"","site-sidebar-layout":"default","site-content-layout":"","ast-site-content-layout":"default","site-content-style":"default","site-sidebar-style":"default","ast-global-header-display":"","ast-banner-title-visibility":"","ast-main-header-display":"","ast-hfb-above-header-display":"","ast-hfb-below-header-display":"","ast-hfb-mobile-header-display":"","site-post-title":"","ast-breadcrumbs-content":"","ast-featured-img":"","footer-sml-layout":"","theme-transparent-header-meta":"","adv-header-id-meta":"","stick-header-meta":"","header-above-stick-meta":"","header-main-stick-meta":"","header-below-stick-meta":"","astra-migrate-meta-layouts":"default","ast-page-background-enabled":"default","ast-page-background-meta":{"desktop":{"background-color":"var(--ast-global-color-5)","background-image":"","background-repeat":"repeat","background-position":"center center","background-size":"auto","background-attachment":"scroll","background-type":"","background-media":"","overlay-type":"","overlay-color":"","overlay-opacity":"","overlay-gradient":""},"tablet":{"background-color":"","background-image":"","background-repeat":"repeat","background-position":"center center","background-size":"auto","background-attachment":"scroll","background-type":"","background-media":"","overlay-type":"","overlay-color":"","overlay-opacity":"","overlay-gradient":""},"mobile":{"background-color":"","background-image":"","background-repeat":"repeat","background-position":"center center","background-size":"auto","background-attachment":"scroll","background-type":"","background-media":"","overlay-type":"","overlay-color":"","overlay-opacity":"","overlay-gradient":""}},"ast-content-background-meta":{"desktop":{"background-color":"var(--ast-global-color-4)","background-image":"","background-repeat":"repeat","background-position":"center center","background-size":"auto","background-attachment":"scroll","background-type":"","background-media":"","overlay-type":"","overlay-color":"","overlay-opacity":"","overlay-gradient":""},"tablet":{"background-color":"var(--ast-global-color-4)","background-image":"","background-repeat":"repeat","background-position":"center center","background-size":"auto","background-attachment":"scroll","background-type":"","background-media":"","overlay-type":"","overlay-color":"","overlay-opacity":"","overlay-gradient":""},"mobile":{"background-color":"var(--ast-global-color-4)","background-image":"","background-repeat":"repeat","background-position":"center center","background-size":"auto","background-attachment":"scroll","background-type":"","background-media":"","overlay-type":"","overlay-color":"","overlay-opacity":"","overlay-gradient":""}},"footnotes":""},"categories":[165,1],"tags":[158],"class_list":["post-1697","post","type-post","status-publish","format-standard","hentry","category-esperienze-e-testimonianze","category-generale","tag-testimonianza-di-carita"],"gutentor_comment":0,"yoast_head":"<!-- This site is optimized with the Yoast SEO plugin v26.8 - https:\/\/yoast.com\/product\/yoast-seo-wordpress\/ -->\r\n<title>Testimonianza di Anna Cutrone - Caritas Diocesana Bari-Bitonto<\/title>\r\n<meta name=\"robots\" content=\"index, follow, max-snippet:-1, max-image-preview:large, max-video-preview:-1\" \/>\r\n<link rel=\"canonical\" href=\"https:\/\/www.caritasbaribitonto.it\/public\/home\/2011\/03\/testimonianza-di-anna-cutrone\/\" \/>\r\n<meta property=\"og:locale\" content=\"it_IT\" \/>\r\n<meta property=\"og:type\" content=\"article\" \/>\r\n<meta property=\"og:title\" content=\"Testimonianza di Anna Cutrone - Caritas Diocesana Bari-Bitonto\" \/>\r\n<meta property=\"og:description\" content=\"\ufeffSono convinta che la Chiesa sia fondata su un principio di corresponsabilit\u00e0 ove i laici, insieme ai sacerdoti, contribuiscono a [&hellip;]\" \/>\r\n<meta property=\"og:url\" content=\"https:\/\/www.caritasbaribitonto.it\/public\/home\/2011\/03\/testimonianza-di-anna-cutrone\/\" \/>\r\n<meta property=\"og:site_name\" content=\"Caritas Diocesana Bari-Bitonto\" \/>\r\n<meta property=\"article:publisher\" content=\"https:\/\/www.facebook.com\/pages\/Caritas-Diocesana-Bari-Bitonto\/533981476753770\" \/>\r\n<meta property=\"article:published_time\" content=\"2011-03-28T04:29:34+00:00\" \/>\r\n<meta property=\"article:modified_time\" content=\"2011-08-27T10:57:08+00:00\" \/>\r\n<meta property=\"og:image\" content=\"\" \/>\r\n<meta name=\"author\" content=\"Giovanni Caputo\" \/>\r\n<meta name=\"twitter:card\" content=\"summary_large_image\" \/>\r\n<meta name=\"twitter:label1\" content=\"Scritto da\" \/>\n\t<meta name=\"twitter:data1\" content=\"Giovanni Caputo\" \/>\n\t<meta name=\"twitter:label2\" content=\"Tempo di lettura stimato\" \/>\n\t<meta name=\"twitter:data2\" content=\"4 minuti\" \/>\r\n<script type=\"application\/ld+json\" class=\"yoast-schema-graph\">{\"@context\":\"https:\/\/schema.org\",\"@graph\":[{\"@type\":\"Article\",\"@id\":\"https:\/\/www.caritasbaribitonto.it\/public\/home\/2011\/03\/testimonianza-di-anna-cutrone\/#article\",\"isPartOf\":{\"@id\":\"https:\/\/www.caritasbaribitonto.it\/public\/home\/2011\/03\/testimonianza-di-anna-cutrone\/\"},\"author\":{\"name\":\"Giovanni Caputo\",\"@id\":\"https:\/\/www.caritasbaribitonto.it\/public\/home\/#\/schema\/person\/06b333402b70fdadb662b68974e8c97a\"},\"headline\":\"Testimonianza di Anna Cutrone\",\"datePublished\":\"2011-03-28T04:29:34+00:00\",\"dateModified\":\"2011-08-27T10:57:08+00:00\",\"mainEntityOfPage\":{\"@id\":\"https:\/\/www.caritasbaribitonto.it\/public\/home\/2011\/03\/testimonianza-di-anna-cutrone\/\"},\"wordCount\":756,\"publisher\":{\"@id\":\"https:\/\/www.caritasbaribitonto.it\/public\/home\/#organization\"},\"image\":{\"@id\":\"https:\/\/www.caritasbaribitonto.it\/public\/home\/2011\/03\/testimonianza-di-anna-cutrone\/#primaryimage\"},\"thumbnailUrl\":\"file:\/\/\/C:\/DOCUME%7E1\/ADMINI%7E1\/LOCALS%7E1\/Temp\/moz-screenshot.png\",\"keywords\":[\"testimonianza di carit\u00e0\"],\"articleSection\":[\"Esperienze e Testimonianze\",\"Generale\"],\"inLanguage\":\"it-IT\"},{\"@type\":\"WebPage\",\"@id\":\"https:\/\/www.caritasbaribitonto.it\/public\/home\/2011\/03\/testimonianza-di-anna-cutrone\/\",\"url\":\"https:\/\/www.caritasbaribitonto.it\/public\/home\/2011\/03\/testimonianza-di-anna-cutrone\/\",\"name\":\"Testimonianza di Anna Cutrone - Caritas Diocesana Bari-Bitonto\",\"isPartOf\":{\"@id\":\"https:\/\/www.caritasbaribitonto.it\/public\/home\/#website\"},\"primaryImageOfPage\":{\"@id\":\"https:\/\/www.caritasbaribitonto.it\/public\/home\/2011\/03\/testimonianza-di-anna-cutrone\/#primaryimage\"},\"image\":{\"@id\":\"https:\/\/www.caritasbaribitonto.it\/public\/home\/2011\/03\/testimonianza-di-anna-cutrone\/#primaryimage\"},\"thumbnailUrl\":\"file:\/\/\/C:\/DOCUME%7E1\/ADMINI%7E1\/LOCALS%7E1\/Temp\/moz-screenshot.png\",\"datePublished\":\"2011-03-28T04:29:34+00:00\",\"dateModified\":\"2011-08-27T10:57:08+00:00\",\"breadcrumb\":{\"@id\":\"https:\/\/www.caritasbaribitonto.it\/public\/home\/2011\/03\/testimonianza-di-anna-cutrone\/#breadcrumb\"},\"inLanguage\":\"it-IT\",\"potentialAction\":[{\"@type\":\"ReadAction\",\"target\":[\"https:\/\/www.caritasbaribitonto.it\/public\/home\/2011\/03\/testimonianza-di-anna-cutrone\/\"]}]},{\"@type\":\"ImageObject\",\"inLanguage\":\"it-IT\",\"@id\":\"https:\/\/www.caritasbaribitonto.it\/public\/home\/2011\/03\/testimonianza-di-anna-cutrone\/#primaryimage\",\"url\":\"file:\/\/\/C:\/DOCUME%7E1\/ADMINI%7E1\/LOCALS%7E1\/Temp\/moz-screenshot.png\",\"contentUrl\":\"file:\/\/\/C:\/DOCUME%7E1\/ADMINI%7E1\/LOCALS%7E1\/Temp\/moz-screenshot.png\"},{\"@type\":\"BreadcrumbList\",\"@id\":\"https:\/\/www.caritasbaribitonto.it\/public\/home\/2011\/03\/testimonianza-di-anna-cutrone\/#breadcrumb\",\"itemListElement\":[{\"@type\":\"ListItem\",\"position\":1,\"name\":\"Home\",\"item\":\"https:\/\/www.caritasbaribitonto.it\/public\/home\/\"},{\"@type\":\"ListItem\",\"position\":2,\"name\":\"Testimonianza di Anna Cutrone\"}]},{\"@type\":\"WebSite\",\"@id\":\"https:\/\/www.caritasbaribitonto.it\/public\/home\/#website\",\"url\":\"https:\/\/www.caritasbaribitonto.it\/public\/home\/\",\"name\":\"Caritas Diocesana Bari-Bitonto\",\"description\":\"I santi della porta accanto\",\"publisher\":{\"@id\":\"https:\/\/www.caritasbaribitonto.it\/public\/home\/#organization\"},\"potentialAction\":[{\"@type\":\"SearchAction\",\"target\":{\"@type\":\"EntryPoint\",\"urlTemplate\":\"https:\/\/www.caritasbaribitonto.it\/public\/home\/?s={search_term_string}\"},\"query-input\":{\"@type\":\"PropertyValueSpecification\",\"valueRequired\":true,\"valueName\":\"search_term_string\"}}],\"inLanguage\":\"it-IT\"},{\"@type\":\"Organization\",\"@id\":\"https:\/\/www.caritasbaribitonto.it\/public\/home\/#organization\",\"name\":\"Caritas Diocesana Bari-Bitonto\",\"url\":\"https:\/\/www.caritasbaribitonto.it\/public\/home\/\",\"logo\":{\"@type\":\"ImageObject\",\"inLanguage\":\"it-IT\",\"@id\":\"https:\/\/www.caritasbaribitonto.it\/public\/home\/#\/schema\/logo\/image\/\",\"url\":\"https:\/\/www.caritasbaribitonto.it\/public\/home\/img\/uploads\/2025\/02\/cropped-cropped-caritas2025_350x112.png\",\"contentUrl\":\"https:\/\/www.caritasbaribitonto.it\/public\/home\/img\/uploads\/2025\/02\/cropped-cropped-caritas2025_350x112.png\",\"width\":350,\"height\":112,\"caption\":\"Caritas Diocesana Bari-Bitonto\"},\"image\":{\"@id\":\"https:\/\/www.caritasbaribitonto.it\/public\/home\/#\/schema\/logo\/image\/\"},\"sameAs\":[\"https:\/\/www.facebook.com\/pages\/Caritas-Diocesana-Bari-Bitonto\/533981476753770\"]},{\"@type\":\"Person\",\"@id\":\"https:\/\/www.caritasbaribitonto.it\/public\/home\/#\/schema\/person\/06b333402b70fdadb662b68974e8c97a\",\"name\":\"Giovanni Caputo\",\"image\":{\"@type\":\"ImageObject\",\"inLanguage\":\"it-IT\",\"@id\":\"https:\/\/www.caritasbaribitonto.it\/public\/home\/#\/schema\/person\/image\/\",\"url\":\"https:\/\/secure.gravatar.com\/avatar\/6c7e9d4e1e2394bfa4e38377bd0b5e03cbf0c79e27918e6497d3f408f89d0d3b?s=96&d=identicon&r=g\",\"contentUrl\":\"https:\/\/secure.gravatar.com\/avatar\/6c7e9d4e1e2394bfa4e38377bd0b5e03cbf0c79e27918e6497d3f408f89d0d3b?s=96&d=identicon&r=g\",\"caption\":\"Giovanni Caputo\"},\"url\":\"https:\/\/www.caritasbaribitonto.it\/public\/home\/author\/admin\/\"}]}<\/script>\r\n<!-- \/ Yoast SEO plugin. -->","yoast_head_json":{"title":"Testimonianza di Anna Cutrone - Caritas Diocesana Bari-Bitonto","robots":{"index":"index","follow":"follow","max-snippet":"max-snippet:-1","max-image-preview":"max-image-preview:large","max-video-preview":"max-video-preview:-1"},"canonical":"https:\/\/www.caritasbaribitonto.it\/public\/home\/2011\/03\/testimonianza-di-anna-cutrone\/","og_locale":"it_IT","og_type":"article","og_title":"Testimonianza di Anna Cutrone - Caritas Diocesana Bari-Bitonto","og_description":"\ufeffSono convinta che la Chiesa sia fondata su un principio di corresponsabilit\u00e0 ove i laici, insieme ai sacerdoti, contribuiscono a [&hellip;]","og_url":"https:\/\/www.caritasbaribitonto.it\/public\/home\/2011\/03\/testimonianza-di-anna-cutrone\/","og_site_name":"Caritas Diocesana Bari-Bitonto","article_publisher":"https:\/\/www.facebook.com\/pages\/Caritas-Diocesana-Bari-Bitonto\/533981476753770","article_published_time":"2011-03-28T04:29:34+00:00","article_modified_time":"2011-08-27T10:57:08+00:00","og_image":[{"url":"file:\/\/\/C:\/DOCUME%7E1\/ADMINI%7E1\/LOCALS%7E1\/Temp\/moz-screenshot.png","type":"","width":"","height":""}],"author":"Giovanni Caputo","twitter_card":"summary_large_image","twitter_misc":{"Scritto da":"Giovanni Caputo","Tempo di lettura stimato":"4 minuti"},"schema":{"@context":"https:\/\/schema.org","@graph":[{"@type":"Article","@id":"https:\/\/www.caritasbaribitonto.it\/public\/home\/2011\/03\/testimonianza-di-anna-cutrone\/#article","isPartOf":{"@id":"https:\/\/www.caritasbaribitonto.it\/public\/home\/2011\/03\/testimonianza-di-anna-cutrone\/"},"author":{"name":"Giovanni Caputo","@id":"https:\/\/www.caritasbaribitonto.it\/public\/home\/#\/schema\/person\/06b333402b70fdadb662b68974e8c97a"},"headline":"Testimonianza di Anna Cutrone","datePublished":"2011-03-28T04:29:34+00:00","dateModified":"2011-08-27T10:57:08+00:00","mainEntityOfPage":{"@id":"https:\/\/www.caritasbaribitonto.it\/public\/home\/2011\/03\/testimonianza-di-anna-cutrone\/"},"wordCount":756,"publisher":{"@id":"https:\/\/www.caritasbaribitonto.it\/public\/home\/#organization"},"image":{"@id":"https:\/\/www.caritasbaribitonto.it\/public\/home\/2011\/03\/testimonianza-di-anna-cutrone\/#primaryimage"},"thumbnailUrl":"file:\/\/\/C:\/DOCUME%7E1\/ADMINI%7E1\/LOCALS%7E1\/Temp\/moz-screenshot.png","keywords":["testimonianza di carit\u00e0"],"articleSection":["Esperienze e Testimonianze","Generale"],"inLanguage":"it-IT"},{"@type":"WebPage","@id":"https:\/\/www.caritasbaribitonto.it\/public\/home\/2011\/03\/testimonianza-di-anna-cutrone\/","url":"https:\/\/www.caritasbaribitonto.it\/public\/home\/2011\/03\/testimonianza-di-anna-cutrone\/","name":"Testimonianza di Anna Cutrone - Caritas Diocesana Bari-Bitonto","isPartOf":{"@id":"https:\/\/www.caritasbaribitonto.it\/public\/home\/#website"},"primaryImageOfPage":{"@id":"https:\/\/www.caritasbaribitonto.it\/public\/home\/2011\/03\/testimonianza-di-anna-cutrone\/#primaryimage"},"image":{"@id":"https:\/\/www.caritasbaribitonto.it\/public\/home\/2011\/03\/testimonianza-di-anna-cutrone\/#primaryimage"},"thumbnailUrl":"file:\/\/\/C:\/DOCUME%7E1\/ADMINI%7E1\/LOCALS%7E1\/Temp\/moz-screenshot.png","datePublished":"2011-03-28T04:29:34+00:00","dateModified":"2011-08-27T10:57:08+00:00","breadcrumb":{"@id":"https:\/\/www.caritasbaribitonto.it\/public\/home\/2011\/03\/testimonianza-di-anna-cutrone\/#breadcrumb"},"inLanguage":"it-IT","potentialAction":[{"@type":"ReadAction","target":["https:\/\/www.caritasbaribitonto.it\/public\/home\/2011\/03\/testimonianza-di-anna-cutrone\/"]}]},{"@type":"ImageObject","inLanguage":"it-IT","@id":"https:\/\/www.caritasbaribitonto.it\/public\/home\/2011\/03\/testimonianza-di-anna-cutrone\/#primaryimage","url":"file:\/\/\/C:\/DOCUME%7E1\/ADMINI%7E1\/LOCALS%7E1\/Temp\/moz-screenshot.png","contentUrl":"file:\/\/\/C:\/DOCUME%7E1\/ADMINI%7E1\/LOCALS%7E1\/Temp\/moz-screenshot.png"},{"@type":"BreadcrumbList","@id":"https:\/\/www.caritasbaribitonto.it\/public\/home\/2011\/03\/testimonianza-di-anna-cutrone\/#breadcrumb","itemListElement":[{"@type":"ListItem","position":1,"name":"Home","item":"https:\/\/www.caritasbaribitonto.it\/public\/home\/"},{"@type":"ListItem","position":2,"name":"Testimonianza di Anna Cutrone"}]},{"@type":"WebSite","@id":"https:\/\/www.caritasbaribitonto.it\/public\/home\/#website","url":"https:\/\/www.caritasbaribitonto.it\/public\/home\/","name":"Caritas Diocesana Bari-Bitonto","description":"I santi della porta accanto","publisher":{"@id":"https:\/\/www.caritasbaribitonto.it\/public\/home\/#organization"},"potentialAction":[{"@type":"SearchAction","target":{"@type":"EntryPoint","urlTemplate":"https:\/\/www.caritasbaribitonto.it\/public\/home\/?s={search_term_string}"},"query-input":{"@type":"PropertyValueSpecification","valueRequired":true,"valueName":"search_term_string"}}],"inLanguage":"it-IT"},{"@type":"Organization","@id":"https:\/\/www.caritasbaribitonto.it\/public\/home\/#organization","name":"Caritas Diocesana Bari-Bitonto","url":"https:\/\/www.caritasbaribitonto.it\/public\/home\/","logo":{"@type":"ImageObject","inLanguage":"it-IT","@id":"https:\/\/www.caritasbaribitonto.it\/public\/home\/#\/schema\/logo\/image\/","url":"https:\/\/www.caritasbaribitonto.it\/public\/home\/img\/uploads\/2025\/02\/cropped-cropped-caritas2025_350x112.png","contentUrl":"https:\/\/www.caritasbaribitonto.it\/public\/home\/img\/uploads\/2025\/02\/cropped-cropped-caritas2025_350x112.png","width":350,"height":112,"caption":"Caritas Diocesana Bari-Bitonto"},"image":{"@id":"https:\/\/www.caritasbaribitonto.it\/public\/home\/#\/schema\/logo\/image\/"},"sameAs":["https:\/\/www.facebook.com\/pages\/Caritas-Diocesana-Bari-Bitonto\/533981476753770"]},{"@type":"Person","@id":"https:\/\/www.caritasbaribitonto.it\/public\/home\/#\/schema\/person\/06b333402b70fdadb662b68974e8c97a","name":"Giovanni Caputo","image":{"@type":"ImageObject","inLanguage":"it-IT","@id":"https:\/\/www.caritasbaribitonto.it\/public\/home\/#\/schema\/person\/image\/","url":"https:\/\/secure.gravatar.com\/avatar\/6c7e9d4e1e2394bfa4e38377bd0b5e03cbf0c79e27918e6497d3f408f89d0d3b?s=96&d=identicon&r=g","contentUrl":"https:\/\/secure.gravatar.com\/avatar\/6c7e9d4e1e2394bfa4e38377bd0b5e03cbf0c79e27918e6497d3f408f89d0d3b?s=96&d=identicon&r=g","caption":"Giovanni Caputo"},"url":"https:\/\/www.caritasbaribitonto.it\/public\/home\/author\/admin\/"}]}},"jetpack_featured_media_url":"","uagb_featured_image_src":{"full":false,"thumbnail":false,"medium":false,"medium_large":false,"large":false,"1536x1536":false,"2048x2048":false},"uagb_author_info":{"display_name":"Giovanni Caputo","author_link":"https:\/\/www.caritasbaribitonto.it\/public\/home\/author\/admin\/"},"uagb_comment_info":0,"uagb_excerpt":"\ufeffSono convinta che la Chiesa sia fondata su un principio di corresponsabilit\u00e0 ove i laici, insieme ai sacerdoti, contribuiscono a [&hellip;]","_links":{"self":[{"href":"https:\/\/www.caritasbaribitonto.it\/public\/home\/wp-json\/wp\/v2\/posts\/1697","targetHints":{"allow":["GET"]}}],"collection":[{"href":"https:\/\/www.caritasbaribitonto.it\/public\/home\/wp-json\/wp\/v2\/posts"}],"about":[{"href":"https:\/\/www.caritasbaribitonto.it\/public\/home\/wp-json\/wp\/v2\/types\/post"}],"author":[{"embeddable":true,"href":"https:\/\/www.caritasbaribitonto.it\/public\/home\/wp-json\/wp\/v2\/users\/1"}],"replies":[{"embeddable":true,"href":"https:\/\/www.caritasbaribitonto.it\/public\/home\/wp-json\/wp\/v2\/comments?post=1697"}],"version-history":[{"count":0,"href":"https:\/\/www.caritasbaribitonto.it\/public\/home\/wp-json\/wp\/v2\/posts\/1697\/revisions"}],"wp:attachment":[{"href":"https:\/\/www.caritasbaribitonto.it\/public\/home\/wp-json\/wp\/v2\/media?parent=1697"}],"wp:term":[{"taxonomy":"category","embeddable":true,"href":"https:\/\/www.caritasbaribitonto.it\/public\/home\/wp-json\/wp\/v2\/categories?post=1697"},{"taxonomy":"post_tag","embeddable":true,"href":"https:\/\/www.caritasbaribitonto.it\/public\/home\/wp-json\/wp\/v2\/tags?post=1697"}],"curies":[{"name":"wp","href":"https:\/\/api.w.org\/{rel}","templated":true}]}}