{"id":1675,"date":"2011-03-01T20:15:59","date_gmt":"2011-03-01T19:15:59","guid":{"rendered":"http:\/\/www.caritasbaribitonto.it\/public\/home\/?p=1675"},"modified":"2011-03-01T20:18:05","modified_gmt":"2011-03-01T19:18:05","slug":"quaresima-2011","status":"publish","type":"post","link":"https:\/\/www.caritasbaribitonto.it\/public\/home\/2011\/03\/quaresima-2011\/","title":{"rendered":"Quaresima 2011"},"content":{"rendered":"<p style=\"text-align: center;\"><img decoding=\"async\" class=\"aligncenter\" src=\"http:\/\/www.caritasbaribitonto.it\/public\/home\/img\/quaresima2011\/header.png\" alt=\"INIZIATIVE QUARESIMA 2011\" \/><\/p>\n<p><em>Carissimi parroci e comunit\u00e0 parrocchiali della Arcidiocesi Bari-Bitonto,<\/em><br \/>\n<em>la quaresima \u00e8 un tempo favorevole per ricercare il senso della conversione e della riconciliazione attraverso i gesti di carit\u00e0 che sono espressione dell\u2019esperienza dell\u2019o\u00adblativit\u00e0 a cui tutti quanti siamo chiamati. <\/em><br \/>\n<em>La scelta diocesana per questa tappa dell\u2019anno liturgico pur cercando di non disperdere ci\u00f2 che \u00e8 gi\u00e0 stato svolto precedentemente ruoter\u00e0 intorno all\u2019iniziativa<\/em><\/p>\n<h3><span style=\"color: #993300;\"><strong>DIAMO UNA MANO ALLE POPOLAZIONI ALLUVIONATE DEL BRASILE<\/strong><\/span><\/h3>\n<p><img decoding=\"async\" class=\"alignright\" src=\"http:\/\/www.caritasbaribitonto.it\/public\/home\/img\/quaresima2011\/alluvioneBrasile.png\" alt=\"alluvione Brasile 2011\" \/><br \/>\nL\u2019appello \u00e8 giunto all\u2019Arcivescovo da parte di mons. Filippo Santoro, vescovo di Petropolis, che chiede di aiutare la parrocchia di <strong>Nostra Signora di Fatima<\/strong><em>. <\/em> La somma complessiva per la ri\u00adco\u00adstru\u00adzio\u00adne \u00e8 stata valutata intorno ai <strong>164.500,00 Euro<\/strong>. Il contributo delle co\u00admunit\u00e0 potr\u00e0 essere di aiuto a rico\u00admin\u00adciare l\u2019opera di evangelizzazione di questa regione del Brasile che ha subito l\u2019al\u00adluvione il 12 gennaio scorso.<\/p>\n<h2><span style=\"color: #003366;\"><strong><em>In merito alle iniziative gi\u00e0 avviate<\/em><\/strong><\/span><\/h2>\n<p><img decoding=\"async\" class=\"alignright\" src=\"http:\/\/www.caritasbaribitonto.it\/public\/home\/img\/quaresima2011\/dormitorio.png\" alt=\"Dormitorio don Vito Diana\" \/><a title=\"Dormitorio per senza fissa dimora\" href=\"http:\/\/www.caritasbaribitonto.it\/public\/home\/index.php\/attivita\/dormitorio-don-vito-diana\/\" target=\"_blank\"><strong>Il Dormitorio per i Senza Fissa Dimora don Vito Diana<\/strong><\/a> \u00e8 sempre pieno ogni sera e continua ad accogliere\u00a0\u00a0 44 ospiti. Le comunit\u00e0 continuano a mostrare il loro contributo sia economico, sia con l\u2019offerta dei prodotti per l\u2019igiene, sia con l\u2019iniziativa <em>un bicchiere di latte al giorno. <\/em>Nel chiedere di proseguire anche dopo la quaresima in questa direzione, vi inviterei a non far mancare la presenza delle comunit\u00e0 con <strong>l\u2019apporto dei volontari soprattutto perch\u00e9 c\u2019\u00e8 sempre bisogno ogni sera di due uomini (giovani o adulti) che diano una mano.<\/strong><\/p>\n<p><img loading=\"lazy\" decoding=\"async\" class=\"alignleft\" src=\"http:\/\/www.caritasbaribitonto.it\/public\/home\/img\/quaresima2011\/casaRagazzeMadri.png\" alt=\"Casa Ragazze Madri\" width=\"117\" height=\"90\" \/><strong><a title=\"Casa per ragazze madri\" href=\"http:\/\/www.caritasbaribitonto.it\/public\/home\/index.php\/attivita\/casa-per-ragazze-madri\/\" target=\"_blank\">La casa per le ragazze madri<\/a> <\/strong>ha visto coinvolte molte comunit\u00e0 parrocchiali con la visita e l\u2019incontro con le suore e le ospiti. Vi pregherei di non far mancare mai il vostro apporto soprattutto con i viveri, visto che le ospiti vivono tutto il giorno nella struttura con i rispettivi bambini.<\/p>\n<p><img decoding=\"async\" class=\"alignright\" src=\"http:\/\/www.caritasbaribitonto.it\/public\/home\/img\/quaresima2011\/BabyOspitalBetlemme.png\" alt=\"Baby\" \/>L\u2019ultima iniziativa a favore del <a title=\"Ospedale Pediatrico Betlemme\" href=\"http:\/\/www.caritasbaribitonto.it\/public\/home\/index.php\/2010\/11\/propoposte-caritative-per-i-tempi-di-avvento-e-natale#ospedalePediatricoBetlemme\"><strong>Caritas Baby Ospital di Betlemme in Palestina<\/strong><\/a> continua nel silenzio e con l\u2019at\u00adten\u00adzione di coloro che nelle comunit\u00e0 sono sensibili ai problemi dei bambini. Sono tornato solo ieri (27.2.2011) da Betlemme con una delegazione composta oltre che da me, da un neo\u00adna\u00adtologo e da una biologa. L\u2019iniziativa continuer\u00e0 in futuro con la presenza di un medico e due infermiere che si renderanno disponibili per andare a Betlemme per formare le infermiere e auspichiamo che successivamente alcune infermiere che lavorano a Betlemme possano essere nostre ospiti per ve\u00adri\u00adfi\u00adca\u00adre nei nostri ospedali le pos\u00adsibilit\u00e0 di realizzare anche \u201cal di l\u00e0 del muro\u201d ci\u00f2 che \u00e8 stato pro\u00adposto loro. \u00a0Ci auguriamo che\u00a0 questa iniziativa possa essere presentata anche nelle par\u00adroc\u00adchie.<\/p>\n<p><em>Ulteriori informazioni possono essere richieste alla Caritas Diocesana ai numeri<\/em> <strong>0805237311<\/strong> oppure al <strong>3394909894<\/strong><\/p>\n<p><strong>Il numero del conto corrente postale \u00e8: <\/strong><strong>11938701 <\/strong><strong> <\/strong><\/p>\n<p>intestato a<strong> Caritas Diocesana Bari Bitonto <\/strong>con causale<strong> \u201cQuaresima 2011\u201d.<\/strong><\/p>\n","protected":false},"excerpt":{"rendered":"<p>Carissimi parroci e comunit\u00e0 parrocchiali della Arcidiocesi Bari-Bitonto, la quaresima \u00e8 un tempo favorevole per ricercare il senso della conversione [&hellip;]<\/p>\n","protected":false},"author":1,"featured_media":0,"comment_status":"closed","ping_status":"open","sticky":false,"template":"","format":"standard","meta":{"_uag_custom_page_level_css":"","site-sidebar-layout":"default","site-content-layout":"","ast-site-content-layout":"default","site-content-style":"default","site-sidebar-style":"default","ast-global-header-display":"","ast-banner-title-visibility":"","ast-main-header-display":"","ast-hfb-above-header-display":"","ast-hfb-below-header-display":"","ast-hfb-mobile-header-display":"","site-post-title":"","ast-breadcrumbs-content":"","ast-featured-img":"","footer-sml-layout":"","theme-transparent-header-meta":"","adv-header-id-meta":"","stick-header-meta":"","header-above-stick-meta":"","header-main-stick-meta":"","header-below-stick-meta":"","astra-migrate-meta-layouts":"default","ast-page-background-enabled":"default","ast-page-background-meta":{"desktop":{"background-color":"var(--ast-global-color-5)","background-image":"","background-repeat":"repeat","background-position":"center center","background-size":"auto","background-attachment":"scroll","background-type":"","background-media":"","overlay-type":"","overlay-color":"","overlay-opacity":"","overlay-gradient":""},"tablet":{"background-color":"","background-image":"","background-repeat":"repeat","background-position":"center center","background-size":"auto","background-attachment":"scroll","background-type":"","background-media":"","overlay-type":"","overlay-color":"","overlay-opacity":"","overlay-gradient":""},"mobile":{"background-color":"","background-image":"","background-repeat":"repeat","background-position":"center center","background-size":"auto","background-attachment":"scroll","background-type":"","background-media":"","overlay-type":"","overlay-color":"","overlay-opacity":"","overlay-gradient":""}},"ast-content-background-meta":{"desktop":{"background-color":"var(--ast-global-color-4)","background-image":"","background-repeat":"repeat","background-position":"center center","background-size":"auto","background-attachment":"scroll","background-type":"","background-media":"","overlay-type":"","overlay-color":"","overlay-opacity":"","overlay-gradient":""},"tablet":{"background-color":"var(--ast-global-color-4)","background-image":"","background-repeat":"repeat","background-position":"center center","background-size":"auto","background-attachment":"scroll","background-type":"","background-media":"","overlay-type":"","overlay-color":"","overlay-opacity":"","overlay-gradient":""},"mobile":{"background-color":"var(--ast-global-color-4)","background-image":"","background-repeat":"repeat","background-position":"center center","background-size":"auto","background-attachment":"scroll","background-type":"","background-media":"","overlay-type":"","overlay-color":"","overlay-opacity":"","overlay-gradient":""}},"footnotes":""},"categories":[1],"tags":[],"class_list":["post-1675","post","type-post","status-publish","format-standard","hentry","category-generale"],"gutentor_comment":0,"yoast_head":"<!-- This site is optimized with the Yoast SEO plugin v26.8 - https:\/\/yoast.com\/product\/yoast-seo-wordpress\/ -->\r\n<title>Quaresima 2011 - Caritas Diocesana Bari-Bitonto<\/title>\r\n<meta name=\"robots\" content=\"index, follow, max-snippet:-1, max-image-preview:large, max-video-preview:-1\" \/>\r\n<link rel=\"canonical\" href=\"https:\/\/www.caritasbaribitonto.it\/public\/home\/2011\/03\/quaresima-2011\/\" \/>\r\n<meta property=\"og:locale\" content=\"it_IT\" \/>\r\n<meta property=\"og:type\" content=\"article\" \/>\r\n<meta property=\"og:title\" content=\"Quaresima 2011 - Caritas Diocesana Bari-Bitonto\" \/>\r\n<meta property=\"og:description\" content=\"Carissimi parroci e comunit\u00e0 parrocchiali della Arcidiocesi Bari-Bitonto, la quaresima \u00e8 un tempo favorevole per ricercare il senso della conversione [&hellip;]\" \/>\r\n<meta property=\"og:url\" content=\"https:\/\/www.caritasbaribitonto.it\/public\/home\/2011\/03\/quaresima-2011\/\" \/>\r\n<meta property=\"og:site_name\" content=\"Caritas Diocesana Bari-Bitonto\" \/>\r\n<meta property=\"article:publisher\" content=\"https:\/\/www.facebook.com\/pages\/Caritas-Diocesana-Bari-Bitonto\/533981476753770\" \/>\r\n<meta property=\"article:published_time\" content=\"2011-03-01T19:15:59+00:00\" \/>\r\n<meta property=\"article:modified_time\" content=\"2011-03-01T19:18:05+00:00\" \/>\r\n<meta property=\"og:image\" content=\"http:\/\/www.caritasbaribitonto.it\/public\/home\/img\/quaresima2011\/header.png\" \/>\r\n<meta name=\"author\" content=\"Giovanni Caputo\" \/>\r\n<meta name=\"twitter:card\" content=\"summary_large_image\" \/>\r\n<meta name=\"twitter:label1\" content=\"Scritto da\" \/>\n\t<meta name=\"twitter:data1\" content=\"Giovanni Caputo\" \/>\n\t<meta name=\"twitter:label2\" content=\"Tempo di lettura stimato\" \/>\n\t<meta name=\"twitter:data2\" content=\"2 minuti\" \/>\r\n<script type=\"application\/ld+json\" class=\"yoast-schema-graph\">{\"@context\":\"https:\/\/schema.org\",\"@graph\":[{\"@type\":\"Article\",\"@id\":\"https:\/\/www.caritasbaribitonto.it\/public\/home\/2011\/03\/quaresima-2011\/#article\",\"isPartOf\":{\"@id\":\"https:\/\/www.caritasbaribitonto.it\/public\/home\/2011\/03\/quaresima-2011\/\"},\"author\":{\"name\":\"Giovanni Caputo\",\"@id\":\"https:\/\/www.caritasbaribitonto.it\/public\/home\/#\/schema\/person\/06b333402b70fdadb662b68974e8c97a\"},\"headline\":\"Quaresima 2011\",\"datePublished\":\"2011-03-01T19:15:59+00:00\",\"dateModified\":\"2011-03-01T19:18:05+00:00\",\"mainEntityOfPage\":{\"@id\":\"https:\/\/www.caritasbaribitonto.it\/public\/home\/2011\/03\/quaresima-2011\/\"},\"wordCount\":456,\"publisher\":{\"@id\":\"https:\/\/www.caritasbaribitonto.it\/public\/home\/#organization\"},\"image\":{\"@id\":\"https:\/\/www.caritasbaribitonto.it\/public\/home\/2011\/03\/quaresima-2011\/#primaryimage\"},\"thumbnailUrl\":\"http:\/\/www.caritasbaribitonto.it\/public\/home\/img\/quaresima2011\/header.png\",\"articleSection\":[\"Generale\"],\"inLanguage\":\"it-IT\"},{\"@type\":\"WebPage\",\"@id\":\"https:\/\/www.caritasbaribitonto.it\/public\/home\/2011\/03\/quaresima-2011\/\",\"url\":\"https:\/\/www.caritasbaribitonto.it\/public\/home\/2011\/03\/quaresima-2011\/\",\"name\":\"Quaresima 2011 - Caritas Diocesana Bari-Bitonto\",\"isPartOf\":{\"@id\":\"https:\/\/www.caritasbaribitonto.it\/public\/home\/#website\"},\"primaryImageOfPage\":{\"@id\":\"https:\/\/www.caritasbaribitonto.it\/public\/home\/2011\/03\/quaresima-2011\/#primaryimage\"},\"image\":{\"@id\":\"https:\/\/www.caritasbaribitonto.it\/public\/home\/2011\/03\/quaresima-2011\/#primaryimage\"},\"thumbnailUrl\":\"http:\/\/www.caritasbaribitonto.it\/public\/home\/img\/quaresima2011\/header.png\",\"datePublished\":\"2011-03-01T19:15:59+00:00\",\"dateModified\":\"2011-03-01T19:18:05+00:00\",\"breadcrumb\":{\"@id\":\"https:\/\/www.caritasbaribitonto.it\/public\/home\/2011\/03\/quaresima-2011\/#breadcrumb\"},\"inLanguage\":\"it-IT\",\"potentialAction\":[{\"@type\":\"ReadAction\",\"target\":[\"https:\/\/www.caritasbaribitonto.it\/public\/home\/2011\/03\/quaresima-2011\/\"]}]},{\"@type\":\"ImageObject\",\"inLanguage\":\"it-IT\",\"@id\":\"https:\/\/www.caritasbaribitonto.it\/public\/home\/2011\/03\/quaresima-2011\/#primaryimage\",\"url\":\"http:\/\/www.caritasbaribitonto.it\/public\/home\/img\/quaresima2011\/header.png\",\"contentUrl\":\"http:\/\/www.caritasbaribitonto.it\/public\/home\/img\/quaresima2011\/header.png\"},{\"@type\":\"BreadcrumbList\",\"@id\":\"https:\/\/www.caritasbaribitonto.it\/public\/home\/2011\/03\/quaresima-2011\/#breadcrumb\",\"itemListElement\":[{\"@type\":\"ListItem\",\"position\":1,\"name\":\"Home\",\"item\":\"https:\/\/www.caritasbaribitonto.it\/public\/home\/\"},{\"@type\":\"ListItem\",\"position\":2,\"name\":\"Quaresima 2011\"}]},{\"@type\":\"WebSite\",\"@id\":\"https:\/\/www.caritasbaribitonto.it\/public\/home\/#website\",\"url\":\"https:\/\/www.caritasbaribitonto.it\/public\/home\/\",\"name\":\"Caritas Diocesana Bari-Bitonto\",\"description\":\"I santi della porta accanto\",\"publisher\":{\"@id\":\"https:\/\/www.caritasbaribitonto.it\/public\/home\/#organization\"},\"potentialAction\":[{\"@type\":\"SearchAction\",\"target\":{\"@type\":\"EntryPoint\",\"urlTemplate\":\"https:\/\/www.caritasbaribitonto.it\/public\/home\/?s={search_term_string}\"},\"query-input\":{\"@type\":\"PropertyValueSpecification\",\"valueRequired\":true,\"valueName\":\"search_term_string\"}}],\"inLanguage\":\"it-IT\"},{\"@type\":\"Organization\",\"@id\":\"https:\/\/www.caritasbaribitonto.it\/public\/home\/#organization\",\"name\":\"Caritas Diocesana Bari-Bitonto\",\"url\":\"https:\/\/www.caritasbaribitonto.it\/public\/home\/\",\"logo\":{\"@type\":\"ImageObject\",\"inLanguage\":\"it-IT\",\"@id\":\"https:\/\/www.caritasbaribitonto.it\/public\/home\/#\/schema\/logo\/image\/\",\"url\":\"https:\/\/www.caritasbaribitonto.it\/public\/home\/img\/uploads\/2025\/02\/cropped-cropped-caritas2025_350x112.png\",\"contentUrl\":\"https:\/\/www.caritasbaribitonto.it\/public\/home\/img\/uploads\/2025\/02\/cropped-cropped-caritas2025_350x112.png\",\"width\":350,\"height\":112,\"caption\":\"Caritas Diocesana Bari-Bitonto\"},\"image\":{\"@id\":\"https:\/\/www.caritasbaribitonto.it\/public\/home\/#\/schema\/logo\/image\/\"},\"sameAs\":[\"https:\/\/www.facebook.com\/pages\/Caritas-Diocesana-Bari-Bitonto\/533981476753770\"]},{\"@type\":\"Person\",\"@id\":\"https:\/\/www.caritasbaribitonto.it\/public\/home\/#\/schema\/person\/06b333402b70fdadb662b68974e8c97a\",\"name\":\"Giovanni Caputo\",\"image\":{\"@type\":\"ImageObject\",\"inLanguage\":\"it-IT\",\"@id\":\"https:\/\/www.caritasbaribitonto.it\/public\/home\/#\/schema\/person\/image\/\",\"url\":\"https:\/\/secure.gravatar.com\/avatar\/6c7e9d4e1e2394bfa4e38377bd0b5e03cbf0c79e27918e6497d3f408f89d0d3b?s=96&d=identicon&r=g\",\"contentUrl\":\"https:\/\/secure.gravatar.com\/avatar\/6c7e9d4e1e2394bfa4e38377bd0b5e03cbf0c79e27918e6497d3f408f89d0d3b?s=96&d=identicon&r=g\",\"caption\":\"Giovanni Caputo\"},\"url\":\"https:\/\/www.caritasbaribitonto.it\/public\/home\/author\/admin\/\"}]}<\/script>\r\n<!-- \/ Yoast SEO plugin. -->","yoast_head_json":{"title":"Quaresima 2011 - Caritas Diocesana Bari-Bitonto","robots":{"index":"index","follow":"follow","max-snippet":"max-snippet:-1","max-image-preview":"max-image-preview:large","max-video-preview":"max-video-preview:-1"},"canonical":"https:\/\/www.caritasbaribitonto.it\/public\/home\/2011\/03\/quaresima-2011\/","og_locale":"it_IT","og_type":"article","og_title":"Quaresima 2011 - Caritas Diocesana Bari-Bitonto","og_description":"Carissimi parroci e comunit\u00e0 parrocchiali della Arcidiocesi Bari-Bitonto, la quaresima \u00e8 un tempo favorevole per ricercare il senso della conversione [&hellip;]","og_url":"https:\/\/www.caritasbaribitonto.it\/public\/home\/2011\/03\/quaresima-2011\/","og_site_name":"Caritas Diocesana Bari-Bitonto","article_publisher":"https:\/\/www.facebook.com\/pages\/Caritas-Diocesana-Bari-Bitonto\/533981476753770","article_published_time":"2011-03-01T19:15:59+00:00","article_modified_time":"2011-03-01T19:18:05+00:00","og_image":[{"url":"http:\/\/www.caritasbaribitonto.it\/public\/home\/img\/quaresima2011\/header.png","type":"","width":"","height":""}],"author":"Giovanni Caputo","twitter_card":"summary_large_image","twitter_misc":{"Scritto da":"Giovanni Caputo","Tempo di lettura stimato":"2 minuti"},"schema":{"@context":"https:\/\/schema.org","@graph":[{"@type":"Article","@id":"https:\/\/www.caritasbaribitonto.it\/public\/home\/2011\/03\/quaresima-2011\/#article","isPartOf":{"@id":"https:\/\/www.caritasbaribitonto.it\/public\/home\/2011\/03\/quaresima-2011\/"},"author":{"name":"Giovanni Caputo","@id":"https:\/\/www.caritasbaribitonto.it\/public\/home\/#\/schema\/person\/06b333402b70fdadb662b68974e8c97a"},"headline":"Quaresima 2011","datePublished":"2011-03-01T19:15:59+00:00","dateModified":"2011-03-01T19:18:05+00:00","mainEntityOfPage":{"@id":"https:\/\/www.caritasbaribitonto.it\/public\/home\/2011\/03\/quaresima-2011\/"},"wordCount":456,"publisher":{"@id":"https:\/\/www.caritasbaribitonto.it\/public\/home\/#organization"},"image":{"@id":"https:\/\/www.caritasbaribitonto.it\/public\/home\/2011\/03\/quaresima-2011\/#primaryimage"},"thumbnailUrl":"http:\/\/www.caritasbaribitonto.it\/public\/home\/img\/quaresima2011\/header.png","articleSection":["Generale"],"inLanguage":"it-IT"},{"@type":"WebPage","@id":"https:\/\/www.caritasbaribitonto.it\/public\/home\/2011\/03\/quaresima-2011\/","url":"https:\/\/www.caritasbaribitonto.it\/public\/home\/2011\/03\/quaresima-2011\/","name":"Quaresima 2011 - Caritas Diocesana Bari-Bitonto","isPartOf":{"@id":"https:\/\/www.caritasbaribitonto.it\/public\/home\/#website"},"primaryImageOfPage":{"@id":"https:\/\/www.caritasbaribitonto.it\/public\/home\/2011\/03\/quaresima-2011\/#primaryimage"},"image":{"@id":"https:\/\/www.caritasbaribitonto.it\/public\/home\/2011\/03\/quaresima-2011\/#primaryimage"},"thumbnailUrl":"http:\/\/www.caritasbaribitonto.it\/public\/home\/img\/quaresima2011\/header.png","datePublished":"2011-03-01T19:15:59+00:00","dateModified":"2011-03-01T19:18:05+00:00","breadcrumb":{"@id":"https:\/\/www.caritasbaribitonto.it\/public\/home\/2011\/03\/quaresima-2011\/#breadcrumb"},"inLanguage":"it-IT","potentialAction":[{"@type":"ReadAction","target":["https:\/\/www.caritasbaribitonto.it\/public\/home\/2011\/03\/quaresima-2011\/"]}]},{"@type":"ImageObject","inLanguage":"it-IT","@id":"https:\/\/www.caritasbaribitonto.it\/public\/home\/2011\/03\/quaresima-2011\/#primaryimage","url":"http:\/\/www.caritasbaribitonto.it\/public\/home\/img\/quaresima2011\/header.png","contentUrl":"http:\/\/www.caritasbaribitonto.it\/public\/home\/img\/quaresima2011\/header.png"},{"@type":"BreadcrumbList","@id":"https:\/\/www.caritasbaribitonto.it\/public\/home\/2011\/03\/quaresima-2011\/#breadcrumb","itemListElement":[{"@type":"ListItem","position":1,"name":"Home","item":"https:\/\/www.caritasbaribitonto.it\/public\/home\/"},{"@type":"ListItem","position":2,"name":"Quaresima 2011"}]},{"@type":"WebSite","@id":"https:\/\/www.caritasbaribitonto.it\/public\/home\/#website","url":"https:\/\/www.caritasbaribitonto.it\/public\/home\/","name":"Caritas Diocesana Bari-Bitonto","description":"I santi della porta accanto","publisher":{"@id":"https:\/\/www.caritasbaribitonto.it\/public\/home\/#organization"},"potentialAction":[{"@type":"SearchAction","target":{"@type":"EntryPoint","urlTemplate":"https:\/\/www.caritasbaribitonto.it\/public\/home\/?s={search_term_string}"},"query-input":{"@type":"PropertyValueSpecification","valueRequired":true,"valueName":"search_term_string"}}],"inLanguage":"it-IT"},{"@type":"Organization","@id":"https:\/\/www.caritasbaribitonto.it\/public\/home\/#organization","name":"Caritas Diocesana Bari-Bitonto","url":"https:\/\/www.caritasbaribitonto.it\/public\/home\/","logo":{"@type":"ImageObject","inLanguage":"it-IT","@id":"https:\/\/www.caritasbaribitonto.it\/public\/home\/#\/schema\/logo\/image\/","url":"https:\/\/www.caritasbaribitonto.it\/public\/home\/img\/uploads\/2025\/02\/cropped-cropped-caritas2025_350x112.png","contentUrl":"https:\/\/www.caritasbaribitonto.it\/public\/home\/img\/uploads\/2025\/02\/cropped-cropped-caritas2025_350x112.png","width":350,"height":112,"caption":"Caritas Diocesana Bari-Bitonto"},"image":{"@id":"https:\/\/www.caritasbaribitonto.it\/public\/home\/#\/schema\/logo\/image\/"},"sameAs":["https:\/\/www.facebook.com\/pages\/Caritas-Diocesana-Bari-Bitonto\/533981476753770"]},{"@type":"Person","@id":"https:\/\/www.caritasbaribitonto.it\/public\/home\/#\/schema\/person\/06b333402b70fdadb662b68974e8c97a","name":"Giovanni Caputo","image":{"@type":"ImageObject","inLanguage":"it-IT","@id":"https:\/\/www.caritasbaribitonto.it\/public\/home\/#\/schema\/person\/image\/","url":"https:\/\/secure.gravatar.com\/avatar\/6c7e9d4e1e2394bfa4e38377bd0b5e03cbf0c79e27918e6497d3f408f89d0d3b?s=96&d=identicon&r=g","contentUrl":"https:\/\/secure.gravatar.com\/avatar\/6c7e9d4e1e2394bfa4e38377bd0b5e03cbf0c79e27918e6497d3f408f89d0d3b?s=96&d=identicon&r=g","caption":"Giovanni Caputo"},"url":"https:\/\/www.caritasbaribitonto.it\/public\/home\/author\/admin\/"}]}},"jetpack_featured_media_url":"","uagb_featured_image_src":{"full":false,"thumbnail":false,"medium":false,"medium_large":false,"large":false,"1536x1536":false,"2048x2048":false},"uagb_author_info":{"display_name":"Giovanni Caputo","author_link":"https:\/\/www.caritasbaribitonto.it\/public\/home\/author\/admin\/"},"uagb_comment_info":0,"uagb_excerpt":"Carissimi parroci e comunit\u00e0 parrocchiali della Arcidiocesi Bari-Bitonto, la quaresima \u00e8 un tempo favorevole per ricercare il senso della conversione [&hellip;]","_links":{"self":[{"href":"https:\/\/www.caritasbaribitonto.it\/public\/home\/wp-json\/wp\/v2\/posts\/1675","targetHints":{"allow":["GET"]}}],"collection":[{"href":"https:\/\/www.caritasbaribitonto.it\/public\/home\/wp-json\/wp\/v2\/posts"}],"about":[{"href":"https:\/\/www.caritasbaribitonto.it\/public\/home\/wp-json\/wp\/v2\/types\/post"}],"author":[{"embeddable":true,"href":"https:\/\/www.caritasbaribitonto.it\/public\/home\/wp-json\/wp\/v2\/users\/1"}],"replies":[{"embeddable":true,"href":"https:\/\/www.caritasbaribitonto.it\/public\/home\/wp-json\/wp\/v2\/comments?post=1675"}],"version-history":[{"count":0,"href":"https:\/\/www.caritasbaribitonto.it\/public\/home\/wp-json\/wp\/v2\/posts\/1675\/revisions"}],"wp:attachment":[{"href":"https:\/\/www.caritasbaribitonto.it\/public\/home\/wp-json\/wp\/v2\/media?parent=1675"}],"wp:term":[{"taxonomy":"category","embeddable":true,"href":"https:\/\/www.caritasbaribitonto.it\/public\/home\/wp-json\/wp\/v2\/categories?post=1675"},{"taxonomy":"post_tag","embeddable":true,"href":"https:\/\/www.caritasbaribitonto.it\/public\/home\/wp-json\/wp\/v2\/tags?post=1675"}],"curies":[{"name":"wp","href":"https:\/\/api.w.org\/{rel}","templated":true}]}}