{"id":1361,"date":"2010-09-24T20:23:12","date_gmt":"2010-09-24T18:23:12","guid":{"rendered":"http:\/\/www.caritasbaribitonto.it\/public\/home\/?p=1361"},"modified":"2010-09-24T20:23:40","modified_gmt":"2010-09-24T18:23:40","slug":"una-tavola-per-tutti-domenica-26-2010","status":"publish","type":"post","link":"https:\/\/www.caritasbaribitonto.it\/public\/home\/2010\/09\/una-tavola-per-tutti-domenica-26-2010\/","title":{"rendered":"UNA TAVOLA PER TUTTI  &#8211; Domenica 26 2010"},"content":{"rendered":"<p><span style=\"color: #993300;\"><strong><em><br \/>\nDal Vangelo secondo Luca (Lc 16,19-31) <\/em><\/strong><\/span><\/p>\n<p><img loading=\"lazy\" decoding=\"async\" class=\"alignleft\" src=\"http:\/\/www.lachiesa.it\/liturgia\/allegati\/icone\/CO260.jpg\" alt=\"http:\/\/www.lachiesa.it\/liturgia\/allegati\/icone\/CO260.jpg\" width=\"85\" height=\"109\" \/><span style=\"color: #993300;\"><em>In quel tempo, Ges\u00f9 disse ai farisei:<br \/>\n\u00abC\u2019era un uomo ricco, che indossava vestiti di porpora e di lino finissimo, e ogni giorno si dava a lauti banchetti. Un povero, di nome Lazzaro, stava alla sua porta, coperto di piaghe, bramoso di sfamarsi con quello che cadeva dalla tavola del ricco; ma erano i cani che venivano a leccare le sue piaghe.<br \/>\nUn giorno il povero mor\u00ec e fu portato dagli angeli accanto ad Abramo. Mor\u00ec anche il ricco e fu sepolto. Stando negli inferi fra i tormenti, alz\u00f2 gli occhi e vide di lontano Abramo, e Lazzaro accanto a lui. Allora gridando disse: \u201cPadre Abramo, abbi piet\u00e0 di me e manda Lazzaro a intingere nell\u2019acqua la punta del dito e a bagnarmi la lingua, perch\u00e9 soffro terribilmente in questa fiamma\u201d.<br \/>\nMa Abramo rispose: \u201cFiglio, ric\u00f2rdati che, nella vita, tu hai ricevuto i tuoi beni, e Lazzaro i suoi mali; ma ora in questo modo lui \u00e8 consolato, tu invece sei in mezzo ai tormenti. Per di pi\u00f9, tra noi e voi \u00e8 stato fissato un grande abisso: coloro che di qui vogliono passare da voi, non possono, n\u00e9 di l\u00ec possono giungere fino a noi\u201d.<br \/>\nE quello replic\u00f2: \u201cAllora, padre, ti prego di mandare Lazzaro a casa di mio padre, perch\u00e9 ho cinque fratelli. Li ammonisca severamente, perch\u00e9 non vengano anch\u2019essi in questo luogo di tormento\u201d. Ma Abramo rispose: \u201cHanno Mos\u00e8 e i Profeti; ascoltino loro\u201d. E lui replic\u00f2: \u201cNo, padre Abramo, ma se dai morti qualcuno andr\u00e0 da loro, si convertiranno\u201d. Abramo rispose: \u201cSe non ascoltano Mos\u00e8 e i Profeti, non saranno persuasi neanche se uno risorgesse dai morti\u201d\u00bb.<\/em><\/span><\/p>\n<p style=\"text-align: center;\"><strong>UNA TAVOLA PER TUTTI<\/strong><\/p>\n<p>Questa non \u00e8 una parabola dai toni manichei in cui il mondo sembra dividersi in ricchi e poveri, gente dell\u2019alta finanza e straccioni da marciapiede. E\u2019 un esplicito invito a riflettere e meditare sulle scelte concrete che la comunit\u00e0 ecclesiale \u00e8 chiamata ad operare e soprattutto in quale direzione dover andare per poter concretizzare il vangelo di Ges\u00f9.<\/p>\n<p>L\u2019anonimo uomo riconoscibile dalle tasche piene di denaro e certamente da un\u2019epa triclicerizzata, che aveva l\u2019abitudine di gozzovigliare, s\u2019imbatte nel povero Lazzaro che con i suoi cenci aveva poco per dimostrare l\u2019attendibilit\u00e0 dinanzi agli altri. Questi stava dietro la porta dell\u2019opulento magnate e proviamo ad immaginarlo con la mano tesa e crocifisso sulla strada della vita, avendo accanto a s\u00e9 solo chi \u00e8 escluso dalla logica economica di questo mondo.<\/p>\n<p>La morte ribalta la situazione e Lazzaro vive l\u2019esperienza dell\u2019essere felice, al contrario di quell\u2019uomo ricco che si ritrova angosciato e soprattutto solo tra le fiamme. Anche l\u00ec non mette da parte l\u2019orgoglio e chiede che Lazzaro lo refrigeri sulla lingua. Chiede, inoltre, che sia messaggero di liete notizie ai fratelli che non avevano nessuna voglia di confrontarsi con la Legge.<\/p>\n<p>Il nostro mondo \u00e8 riscontrabile in questa parabola. L\u2019uomo solo pronto a contare i suoi soldi o a pensare come procurarseli senza sudare, ha messo da parte tutti, tanto da creare un mondo, in cui i poveri non hanno futuro. Hanno annullato Dio finendo per ridurlo ad un nulla. Il mondo appare diviso in due blocchi: quello dei commercianti di armi, dei traffici illeciti, dei giocattoli cancerogeni, della vendita degli organi umani e quello dei senza casa, dei senza lavoro, dei senza famiglia, dei senza futuro, dei senza conti correnti e dei senza nome.<\/p>\n<p>Ma c\u2019\u00e8 un futuro per questo mondo? C\u2019\u00e8 una speranza per chi non crede pi\u00f9 in nulla?<\/p>\n<p>Questo \u00e8 il tempo della comunit\u00e0 ecclesiale che non \u00e8 chiamata a fare elemosina, ma a creare futuro respingendo le logiche economico che fruttano capitali nelle mani di speculatori che affamano i pi\u00f9 deboli. Queste scelte non possono lasciare indifferenti le comunit\u00e0 ottimamente impegnate nelle animazioni liturgiche o nelle sensibilizzazioni catechetiche. Questa \u00e8 l\u2019ora in cui si passi <strong>dalla comunit\u00e0 degli obesi alla comunit\u00e0 onesti<\/strong>. Non una comunit\u00e0 dei silenzi e degli accomodamenti, ma di chi sa rischiare con il Vangelo nella mano per creare e pensare un futuro migliore e diverso in cui anche i poveri possano sedersi alla stessa mensa per consumare ci\u00f2 che il Signore ci dona ogni giorno.<\/p>\n<p>Il direttore<\/p>\n<p>Don Antonio Ruccia<\/p>\n","protected":false},"excerpt":{"rendered":"<p>Dal Vangelo secondo Luca (Lc 16,19-31) In quel tempo, Ges\u00f9 disse ai farisei: \u00abC\u2019era un uomo ricco, che indossava vestiti [&hellip;]<\/p>\n","protected":false},"author":1,"featured_media":0,"comment_status":"closed","ping_status":"open","sticky":false,"template":"","format":"standard","meta":{"_uag_custom_page_level_css":"","site-sidebar-layout":"default","site-content-layout":"","ast-site-content-layout":"default","site-content-style":"default","site-sidebar-style":"default","ast-global-header-display":"","ast-banner-title-visibility":"","ast-main-header-display":"","ast-hfb-above-header-display":"","ast-hfb-below-header-display":"","ast-hfb-mobile-header-display":"","site-post-title":"","ast-breadcrumbs-content":"","ast-featured-img":"","footer-sml-layout":"","theme-transparent-header-meta":"","adv-header-id-meta":"","stick-header-meta":"","header-above-stick-meta":"","header-main-stick-meta":"","header-below-stick-meta":"","astra-migrate-meta-layouts":"default","ast-page-background-enabled":"default","ast-page-background-meta":{"desktop":{"background-color":"var(--ast-global-color-5)","background-image":"","background-repeat":"repeat","background-position":"center center","background-size":"auto","background-attachment":"scroll","background-type":"","background-media":"","overlay-type":"","overlay-color":"","overlay-opacity":"","overlay-gradient":""},"tablet":{"background-color":"","background-image":"","background-repeat":"repeat","background-position":"center center","background-size":"auto","background-attachment":"scroll","background-type":"","background-media":"","overlay-type":"","overlay-color":"","overlay-opacity":"","overlay-gradient":""},"mobile":{"background-color":"","background-image":"","background-repeat":"repeat","background-position":"center center","background-size":"auto","background-attachment":"scroll","background-type":"","background-media":"","overlay-type":"","overlay-color":"","overlay-opacity":"","overlay-gradient":""}},"ast-content-background-meta":{"desktop":{"background-color":"var(--ast-global-color-4)","background-image":"","background-repeat":"repeat","background-position":"center center","background-size":"auto","background-attachment":"scroll","background-type":"","background-media":"","overlay-type":"","overlay-color":"","overlay-opacity":"","overlay-gradient":""},"tablet":{"background-color":"var(--ast-global-color-4)","background-image":"","background-repeat":"repeat","background-position":"center center","background-size":"auto","background-attachment":"scroll","background-type":"","background-media":"","overlay-type":"","overlay-color":"","overlay-opacity":"","overlay-gradient":""},"mobile":{"background-color":"var(--ast-global-color-4)","background-image":"","background-repeat":"repeat","background-position":"center center","background-size":"auto","background-attachment":"scroll","background-type":"","background-media":"","overlay-type":"","overlay-color":"","overlay-opacity":"","overlay-gradient":""}},"footnotes":""},"categories":[20],"tags":[],"class_list":["post-1361","post","type-post","status-publish","format-standard","hentry","category-commenti-vangelo"],"gutentor_comment":0,"yoast_head":"<!-- This site is optimized with the Yoast SEO plugin v26.8 - https:\/\/yoast.com\/product\/yoast-seo-wordpress\/ -->\r\n<title>UNA TAVOLA PER TUTTI - Domenica 26 2010 - Caritas Diocesana Bari-Bitonto<\/title>\r\n<meta name=\"robots\" content=\"index, follow, max-snippet:-1, max-image-preview:large, max-video-preview:-1\" \/>\r\n<link rel=\"canonical\" href=\"https:\/\/www.caritasbaribitonto.it\/public\/home\/2010\/09\/una-tavola-per-tutti-domenica-26-2010\/\" \/>\r\n<meta property=\"og:locale\" content=\"it_IT\" \/>\r\n<meta property=\"og:type\" content=\"article\" \/>\r\n<meta property=\"og:title\" content=\"UNA TAVOLA PER TUTTI - Domenica 26 2010 - Caritas Diocesana Bari-Bitonto\" \/>\r\n<meta property=\"og:description\" content=\"Dal Vangelo secondo Luca (Lc 16,19-31) In quel tempo, Ges\u00f9 disse ai farisei: \u00abC\u2019era un uomo ricco, che indossava vestiti [&hellip;]\" \/>\r\n<meta property=\"og:url\" content=\"https:\/\/www.caritasbaribitonto.it\/public\/home\/2010\/09\/una-tavola-per-tutti-domenica-26-2010\/\" \/>\r\n<meta property=\"og:site_name\" content=\"Caritas Diocesana Bari-Bitonto\" \/>\r\n<meta property=\"article:publisher\" content=\"https:\/\/www.facebook.com\/pages\/Caritas-Diocesana-Bari-Bitonto\/533981476753770\" \/>\r\n<meta property=\"article:published_time\" content=\"2010-09-24T18:23:12+00:00\" \/>\r\n<meta property=\"article:modified_time\" content=\"2010-09-24T18:23:40+00:00\" \/>\r\n<meta property=\"og:image\" content=\"http:\/\/www.lachiesa.it\/liturgia\/allegati\/icone\/CO260.jpg\" \/>\r\n<meta name=\"author\" content=\"Giovanni Caputo\" \/>\r\n<meta name=\"twitter:card\" content=\"summary_large_image\" \/>\r\n<meta name=\"twitter:label1\" content=\"Scritto da\" \/>\n\t<meta name=\"twitter:data1\" content=\"Giovanni Caputo\" \/>\n\t<meta name=\"twitter:label2\" content=\"Tempo di lettura stimato\" \/>\n\t<meta name=\"twitter:data2\" content=\"4 minuti\" \/>\r\n<script type=\"application\/ld+json\" class=\"yoast-schema-graph\">{\"@context\":\"https:\/\/schema.org\",\"@graph\":[{\"@type\":\"Article\",\"@id\":\"https:\/\/www.caritasbaribitonto.it\/public\/home\/2010\/09\/una-tavola-per-tutti-domenica-26-2010\/#article\",\"isPartOf\":{\"@id\":\"https:\/\/www.caritasbaribitonto.it\/public\/home\/2010\/09\/una-tavola-per-tutti-domenica-26-2010\/\"},\"author\":{\"name\":\"Giovanni Caputo\",\"@id\":\"https:\/\/www.caritasbaribitonto.it\/public\/home\/#\/schema\/person\/06b333402b70fdadb662b68974e8c97a\"},\"headline\":\"UNA TAVOLA PER TUTTI &#8211; Domenica 26 2010\",\"datePublished\":\"2010-09-24T18:23:12+00:00\",\"dateModified\":\"2010-09-24T18:23:40+00:00\",\"mainEntityOfPage\":{\"@id\":\"https:\/\/www.caritasbaribitonto.it\/public\/home\/2010\/09\/una-tavola-per-tutti-domenica-26-2010\/\"},\"wordCount\":712,\"publisher\":{\"@id\":\"https:\/\/www.caritasbaribitonto.it\/public\/home\/#organization\"},\"image\":{\"@id\":\"https:\/\/www.caritasbaribitonto.it\/public\/home\/2010\/09\/una-tavola-per-tutti-domenica-26-2010\/#primaryimage\"},\"thumbnailUrl\":\"http:\/\/www.lachiesa.it\/liturgia\/allegati\/icone\/CO260.jpg\",\"articleSection\":[\"Commenti Vangelo\"],\"inLanguage\":\"it-IT\"},{\"@type\":\"WebPage\",\"@id\":\"https:\/\/www.caritasbaribitonto.it\/public\/home\/2010\/09\/una-tavola-per-tutti-domenica-26-2010\/\",\"url\":\"https:\/\/www.caritasbaribitonto.it\/public\/home\/2010\/09\/una-tavola-per-tutti-domenica-26-2010\/\",\"name\":\"UNA TAVOLA PER TUTTI - Domenica 26 2010 - Caritas Diocesana Bari-Bitonto\",\"isPartOf\":{\"@id\":\"https:\/\/www.caritasbaribitonto.it\/public\/home\/#website\"},\"primaryImageOfPage\":{\"@id\":\"https:\/\/www.caritasbaribitonto.it\/public\/home\/2010\/09\/una-tavola-per-tutti-domenica-26-2010\/#primaryimage\"},\"image\":{\"@id\":\"https:\/\/www.caritasbaribitonto.it\/public\/home\/2010\/09\/una-tavola-per-tutti-domenica-26-2010\/#primaryimage\"},\"thumbnailUrl\":\"http:\/\/www.lachiesa.it\/liturgia\/allegati\/icone\/CO260.jpg\",\"datePublished\":\"2010-09-24T18:23:12+00:00\",\"dateModified\":\"2010-09-24T18:23:40+00:00\",\"breadcrumb\":{\"@id\":\"https:\/\/www.caritasbaribitonto.it\/public\/home\/2010\/09\/una-tavola-per-tutti-domenica-26-2010\/#breadcrumb\"},\"inLanguage\":\"it-IT\",\"potentialAction\":[{\"@type\":\"ReadAction\",\"target\":[\"https:\/\/www.caritasbaribitonto.it\/public\/home\/2010\/09\/una-tavola-per-tutti-domenica-26-2010\/\"]}]},{\"@type\":\"ImageObject\",\"inLanguage\":\"it-IT\",\"@id\":\"https:\/\/www.caritasbaribitonto.it\/public\/home\/2010\/09\/una-tavola-per-tutti-domenica-26-2010\/#primaryimage\",\"url\":\"http:\/\/www.lachiesa.it\/liturgia\/allegati\/icone\/CO260.jpg\",\"contentUrl\":\"http:\/\/www.lachiesa.it\/liturgia\/allegati\/icone\/CO260.jpg\"},{\"@type\":\"BreadcrumbList\",\"@id\":\"https:\/\/www.caritasbaribitonto.it\/public\/home\/2010\/09\/una-tavola-per-tutti-domenica-26-2010\/#breadcrumb\",\"itemListElement\":[{\"@type\":\"ListItem\",\"position\":1,\"name\":\"Home\",\"item\":\"https:\/\/www.caritasbaribitonto.it\/public\/home\/\"},{\"@type\":\"ListItem\",\"position\":2,\"name\":\"UNA TAVOLA PER TUTTI &#8211; Domenica 26 2010\"}]},{\"@type\":\"WebSite\",\"@id\":\"https:\/\/www.caritasbaribitonto.it\/public\/home\/#website\",\"url\":\"https:\/\/www.caritasbaribitonto.it\/public\/home\/\",\"name\":\"Caritas Diocesana Bari-Bitonto\",\"description\":\"I santi della porta accanto\",\"publisher\":{\"@id\":\"https:\/\/www.caritasbaribitonto.it\/public\/home\/#organization\"},\"potentialAction\":[{\"@type\":\"SearchAction\",\"target\":{\"@type\":\"EntryPoint\",\"urlTemplate\":\"https:\/\/www.caritasbaribitonto.it\/public\/home\/?s={search_term_string}\"},\"query-input\":{\"@type\":\"PropertyValueSpecification\",\"valueRequired\":true,\"valueName\":\"search_term_string\"}}],\"inLanguage\":\"it-IT\"},{\"@type\":\"Organization\",\"@id\":\"https:\/\/www.caritasbaribitonto.it\/public\/home\/#organization\",\"name\":\"Caritas Diocesana Bari-Bitonto\",\"url\":\"https:\/\/www.caritasbaribitonto.it\/public\/home\/\",\"logo\":{\"@type\":\"ImageObject\",\"inLanguage\":\"it-IT\",\"@id\":\"https:\/\/www.caritasbaribitonto.it\/public\/home\/#\/schema\/logo\/image\/\",\"url\":\"https:\/\/www.caritasbaribitonto.it\/public\/home\/img\/uploads\/2025\/02\/cropped-cropped-caritas2025_350x112.png\",\"contentUrl\":\"https:\/\/www.caritasbaribitonto.it\/public\/home\/img\/uploads\/2025\/02\/cropped-cropped-caritas2025_350x112.png\",\"width\":350,\"height\":112,\"caption\":\"Caritas Diocesana Bari-Bitonto\"},\"image\":{\"@id\":\"https:\/\/www.caritasbaribitonto.it\/public\/home\/#\/schema\/logo\/image\/\"},\"sameAs\":[\"https:\/\/www.facebook.com\/pages\/Caritas-Diocesana-Bari-Bitonto\/533981476753770\"]},{\"@type\":\"Person\",\"@id\":\"https:\/\/www.caritasbaribitonto.it\/public\/home\/#\/schema\/person\/06b333402b70fdadb662b68974e8c97a\",\"name\":\"Giovanni Caputo\",\"image\":{\"@type\":\"ImageObject\",\"inLanguage\":\"it-IT\",\"@id\":\"https:\/\/www.caritasbaribitonto.it\/public\/home\/#\/schema\/person\/image\/\",\"url\":\"https:\/\/secure.gravatar.com\/avatar\/6c7e9d4e1e2394bfa4e38377bd0b5e03cbf0c79e27918e6497d3f408f89d0d3b?s=96&d=identicon&r=g\",\"contentUrl\":\"https:\/\/secure.gravatar.com\/avatar\/6c7e9d4e1e2394bfa4e38377bd0b5e03cbf0c79e27918e6497d3f408f89d0d3b?s=96&d=identicon&r=g\",\"caption\":\"Giovanni Caputo\"},\"url\":\"https:\/\/www.caritasbaribitonto.it\/public\/home\/author\/admin\/\"}]}<\/script>\r\n<!-- \/ Yoast SEO plugin. -->","yoast_head_json":{"title":"UNA TAVOLA PER TUTTI - Domenica 26 2010 - Caritas Diocesana Bari-Bitonto","robots":{"index":"index","follow":"follow","max-snippet":"max-snippet:-1","max-image-preview":"max-image-preview:large","max-video-preview":"max-video-preview:-1"},"canonical":"https:\/\/www.caritasbaribitonto.it\/public\/home\/2010\/09\/una-tavola-per-tutti-domenica-26-2010\/","og_locale":"it_IT","og_type":"article","og_title":"UNA TAVOLA PER TUTTI - Domenica 26 2010 - Caritas Diocesana Bari-Bitonto","og_description":"Dal Vangelo secondo Luca (Lc 16,19-31) In quel tempo, Ges\u00f9 disse ai farisei: \u00abC\u2019era un uomo ricco, che indossava vestiti [&hellip;]","og_url":"https:\/\/www.caritasbaribitonto.it\/public\/home\/2010\/09\/una-tavola-per-tutti-domenica-26-2010\/","og_site_name":"Caritas Diocesana Bari-Bitonto","article_publisher":"https:\/\/www.facebook.com\/pages\/Caritas-Diocesana-Bari-Bitonto\/533981476753770","article_published_time":"2010-09-24T18:23:12+00:00","article_modified_time":"2010-09-24T18:23:40+00:00","og_image":[{"url":"http:\/\/www.lachiesa.it\/liturgia\/allegati\/icone\/CO260.jpg","type":"","width":"","height":""}],"author":"Giovanni Caputo","twitter_card":"summary_large_image","twitter_misc":{"Scritto da":"Giovanni Caputo","Tempo di lettura stimato":"4 minuti"},"schema":{"@context":"https:\/\/schema.org","@graph":[{"@type":"Article","@id":"https:\/\/www.caritasbaribitonto.it\/public\/home\/2010\/09\/una-tavola-per-tutti-domenica-26-2010\/#article","isPartOf":{"@id":"https:\/\/www.caritasbaribitonto.it\/public\/home\/2010\/09\/una-tavola-per-tutti-domenica-26-2010\/"},"author":{"name":"Giovanni Caputo","@id":"https:\/\/www.caritasbaribitonto.it\/public\/home\/#\/schema\/person\/06b333402b70fdadb662b68974e8c97a"},"headline":"UNA TAVOLA PER TUTTI &#8211; Domenica 26 2010","datePublished":"2010-09-24T18:23:12+00:00","dateModified":"2010-09-24T18:23:40+00:00","mainEntityOfPage":{"@id":"https:\/\/www.caritasbaribitonto.it\/public\/home\/2010\/09\/una-tavola-per-tutti-domenica-26-2010\/"},"wordCount":712,"publisher":{"@id":"https:\/\/www.caritasbaribitonto.it\/public\/home\/#organization"},"image":{"@id":"https:\/\/www.caritasbaribitonto.it\/public\/home\/2010\/09\/una-tavola-per-tutti-domenica-26-2010\/#primaryimage"},"thumbnailUrl":"http:\/\/www.lachiesa.it\/liturgia\/allegati\/icone\/CO260.jpg","articleSection":["Commenti Vangelo"],"inLanguage":"it-IT"},{"@type":"WebPage","@id":"https:\/\/www.caritasbaribitonto.it\/public\/home\/2010\/09\/una-tavola-per-tutti-domenica-26-2010\/","url":"https:\/\/www.caritasbaribitonto.it\/public\/home\/2010\/09\/una-tavola-per-tutti-domenica-26-2010\/","name":"UNA TAVOLA PER TUTTI - Domenica 26 2010 - Caritas Diocesana Bari-Bitonto","isPartOf":{"@id":"https:\/\/www.caritasbaribitonto.it\/public\/home\/#website"},"primaryImageOfPage":{"@id":"https:\/\/www.caritasbaribitonto.it\/public\/home\/2010\/09\/una-tavola-per-tutti-domenica-26-2010\/#primaryimage"},"image":{"@id":"https:\/\/www.caritasbaribitonto.it\/public\/home\/2010\/09\/una-tavola-per-tutti-domenica-26-2010\/#primaryimage"},"thumbnailUrl":"http:\/\/www.lachiesa.it\/liturgia\/allegati\/icone\/CO260.jpg","datePublished":"2010-09-24T18:23:12+00:00","dateModified":"2010-09-24T18:23:40+00:00","breadcrumb":{"@id":"https:\/\/www.caritasbaribitonto.it\/public\/home\/2010\/09\/una-tavola-per-tutti-domenica-26-2010\/#breadcrumb"},"inLanguage":"it-IT","potentialAction":[{"@type":"ReadAction","target":["https:\/\/www.caritasbaribitonto.it\/public\/home\/2010\/09\/una-tavola-per-tutti-domenica-26-2010\/"]}]},{"@type":"ImageObject","inLanguage":"it-IT","@id":"https:\/\/www.caritasbaribitonto.it\/public\/home\/2010\/09\/una-tavola-per-tutti-domenica-26-2010\/#primaryimage","url":"http:\/\/www.lachiesa.it\/liturgia\/allegati\/icone\/CO260.jpg","contentUrl":"http:\/\/www.lachiesa.it\/liturgia\/allegati\/icone\/CO260.jpg"},{"@type":"BreadcrumbList","@id":"https:\/\/www.caritasbaribitonto.it\/public\/home\/2010\/09\/una-tavola-per-tutti-domenica-26-2010\/#breadcrumb","itemListElement":[{"@type":"ListItem","position":1,"name":"Home","item":"https:\/\/www.caritasbaribitonto.it\/public\/home\/"},{"@type":"ListItem","position":2,"name":"UNA TAVOLA PER TUTTI &#8211; Domenica 26 2010"}]},{"@type":"WebSite","@id":"https:\/\/www.caritasbaribitonto.it\/public\/home\/#website","url":"https:\/\/www.caritasbaribitonto.it\/public\/home\/","name":"Caritas Diocesana Bari-Bitonto","description":"I santi della porta accanto","publisher":{"@id":"https:\/\/www.caritasbaribitonto.it\/public\/home\/#organization"},"potentialAction":[{"@type":"SearchAction","target":{"@type":"EntryPoint","urlTemplate":"https:\/\/www.caritasbaribitonto.it\/public\/home\/?s={search_term_string}"},"query-input":{"@type":"PropertyValueSpecification","valueRequired":true,"valueName":"search_term_string"}}],"inLanguage":"it-IT"},{"@type":"Organization","@id":"https:\/\/www.caritasbaribitonto.it\/public\/home\/#organization","name":"Caritas Diocesana Bari-Bitonto","url":"https:\/\/www.caritasbaribitonto.it\/public\/home\/","logo":{"@type":"ImageObject","inLanguage":"it-IT","@id":"https:\/\/www.caritasbaribitonto.it\/public\/home\/#\/schema\/logo\/image\/","url":"https:\/\/www.caritasbaribitonto.it\/public\/home\/img\/uploads\/2025\/02\/cropped-cropped-caritas2025_350x112.png","contentUrl":"https:\/\/www.caritasbaribitonto.it\/public\/home\/img\/uploads\/2025\/02\/cropped-cropped-caritas2025_350x112.png","width":350,"height":112,"caption":"Caritas Diocesana Bari-Bitonto"},"image":{"@id":"https:\/\/www.caritasbaribitonto.it\/public\/home\/#\/schema\/logo\/image\/"},"sameAs":["https:\/\/www.facebook.com\/pages\/Caritas-Diocesana-Bari-Bitonto\/533981476753770"]},{"@type":"Person","@id":"https:\/\/www.caritasbaribitonto.it\/public\/home\/#\/schema\/person\/06b333402b70fdadb662b68974e8c97a","name":"Giovanni Caputo","image":{"@type":"ImageObject","inLanguage":"it-IT","@id":"https:\/\/www.caritasbaribitonto.it\/public\/home\/#\/schema\/person\/image\/","url":"https:\/\/secure.gravatar.com\/avatar\/6c7e9d4e1e2394bfa4e38377bd0b5e03cbf0c79e27918e6497d3f408f89d0d3b?s=96&d=identicon&r=g","contentUrl":"https:\/\/secure.gravatar.com\/avatar\/6c7e9d4e1e2394bfa4e38377bd0b5e03cbf0c79e27918e6497d3f408f89d0d3b?s=96&d=identicon&r=g","caption":"Giovanni Caputo"},"url":"https:\/\/www.caritasbaribitonto.it\/public\/home\/author\/admin\/"}]}},"jetpack_featured_media_url":"","uagb_featured_image_src":{"full":false,"thumbnail":false,"medium":false,"medium_large":false,"large":false,"1536x1536":false,"2048x2048":false},"uagb_author_info":{"display_name":"Giovanni Caputo","author_link":"https:\/\/www.caritasbaribitonto.it\/public\/home\/author\/admin\/"},"uagb_comment_info":0,"uagb_excerpt":"Dal Vangelo secondo Luca (Lc 16,19-31) In quel tempo, Ges\u00f9 disse ai farisei: \u00abC\u2019era un uomo ricco, che indossava vestiti [&hellip;]","_links":{"self":[{"href":"https:\/\/www.caritasbaribitonto.it\/public\/home\/wp-json\/wp\/v2\/posts\/1361","targetHints":{"allow":["GET"]}}],"collection":[{"href":"https:\/\/www.caritasbaribitonto.it\/public\/home\/wp-json\/wp\/v2\/posts"}],"about":[{"href":"https:\/\/www.caritasbaribitonto.it\/public\/home\/wp-json\/wp\/v2\/types\/post"}],"author":[{"embeddable":true,"href":"https:\/\/www.caritasbaribitonto.it\/public\/home\/wp-json\/wp\/v2\/users\/1"}],"replies":[{"embeddable":true,"href":"https:\/\/www.caritasbaribitonto.it\/public\/home\/wp-json\/wp\/v2\/comments?post=1361"}],"version-history":[{"count":0,"href":"https:\/\/www.caritasbaribitonto.it\/public\/home\/wp-json\/wp\/v2\/posts\/1361\/revisions"}],"wp:attachment":[{"href":"https:\/\/www.caritasbaribitonto.it\/public\/home\/wp-json\/wp\/v2\/media?parent=1361"}],"wp:term":[{"taxonomy":"category","embeddable":true,"href":"https:\/\/www.caritasbaribitonto.it\/public\/home\/wp-json\/wp\/v2\/categories?post=1361"},{"taxonomy":"post_tag","embeddable":true,"href":"https:\/\/www.caritasbaribitonto.it\/public\/home\/wp-json\/wp\/v2\/tags?post=1361"}],"curies":[{"name":"wp","href":"https:\/\/api.w.org\/{rel}","templated":true}]}}