{"id":1346,"date":"2010-09-16T21:32:59","date_gmt":"2010-09-16T19:32:59","guid":{"rendered":"http:\/\/www.caritasbaribitonto.it\/public\/home\/?p=1346"},"modified":"2010-09-17T21:32:27","modified_gmt":"2010-09-17T19:32:27","slug":"pronti-a-ricominciare-domenica-19-settembre-2010","status":"publish","type":"post","link":"https:\/\/www.caritasbaribitonto.it\/public\/home\/2010\/09\/pronti-a-ricominciare-domenica-19-settembre-2010\/","title":{"rendered":"PRONTI A RICOMINCIARE &#8211; Domenica 19 Settembre 2010"},"content":{"rendered":"<p><!-- p.MsoNormal, li.MsoNormal, div.MsoNormal { margin: 0cm 0cm 0.0001pt; font-size: 12pt; font-family: \"Times New Roman\"; }p { margin-right: 0cm; margin-left: 0cm; font-size: 12pt; font-family: \"Times New Roman\"; }div.Section1 { page: Section1; } --><strong><em>Dal Vangelo secondo Luca\u00a0 (<\/em><\/strong><em><strong>16,1-13)<\/strong><\/em><\/p>\n<p><em><img loading=\"lazy\" decoding=\"async\" class=\"alignleft\" src=\"http:\/\/www.lachiesa.it\/liturgia\/allegati\/icone\/CO250.jpg\" alt=\"\" width=\"87\" height=\"111\" \/>In quel tempo, Ges\u00f9 diceva ai discepoli: <\/em> <em><br \/>\n\u00abUn uomo ricco aveva un amministratore, e questi fu accusato dinanzi a lui di sperperare i suoi averi. Lo chiam\u00f2 e gli disse: \u201cChe cosa sento dire di te? Rendi conto della tua amministrazione, perch\u00e9 non potrai pi\u00f9 amministrare\u201d.<br \/>\nL\u2019amministratore disse tra s\u00e9: \u201cChe cosa far\u00f2, ora che il mio padrone mi toglie l\u2019amministrazione? Zappare, non ne ho la forza; mendicare, mi vergogno. So io che cosa far\u00f2 perch\u00e9, quando sar\u00f2 stato allontanato dall\u2019amministrazione, ci sia qualcuno che mi accolga in casa sua\u201d.<br \/>\nChiam\u00f2 uno per uno i debitori del suo padrone e disse al primo: \u201cTu quanto devi al mio padrone?\u201d. Quello rispose: \u201cCento barili d\u2019olio\u201d. Gli disse: \u201cPrendi la tua ricevuta, siediti subito e scrivi cinquanta\u201d. Poi disse a un altro: \u201cTu quanto devi?\u201d. Rispose: \u201cCento misure di grano\u201d. Gli disse: \u201cPrendi la tua ricevuta e scrivi ottanta\u201d.<br \/>\nIl padrone lod\u00f2 quell\u2019amministratore disonesto, perch\u00e9 aveva agito con scaltrezza. I figli di questo mondo, infatti, verso i loro pari sono pi\u00f9 scaltri dei figli della luce.<br \/>\nEbbene, io vi dico: fatevi degli amici con la ricchezza disonesta, perch\u00e9, quando questa verr\u00e0 a mancare, essi vi accolgano nelle dimore eterne.<br \/>\nChi \u00e8 fedele in cose di poco conto, \u00e8 fedele anche in cose importanti; e chi \u00e8 disonesto in cose di poco conto, \u00e8 disonesto anche in cose importanti. Se dunque non siete stati fedeli nella ricchezza disonesta, chi vi affider\u00e0 quella vera? E se non siete stati fedeli nella ricchezza altrui, chi vi dar\u00e0 la vostra?<br \/>\nNessun servitore pu\u00f2 servire due padroni, perch\u00e9 o odier\u00e0 l\u2019uno e amer\u00e0 l\u2019altro, oppure si affezioner\u00e0 all\u2019uno e disprezzer\u00e0 l\u2019altro. Non potete servire Dio e la ricchezza\u00bb.<\/em><\/p>\n<p><!-- p.MsoNormal, li.MsoNormal, div.MsoNormal { margin: 0cm 0cm 0.0001pt; font-size: 12pt; font-family: \"Times New Roman\"; }p { margin-right: 0cm; margin-left: 0cm; font-size: 12pt; font-family: \"Times New Roman\"; }div.Section1 { page: Section1; } --><\/p>\n<p style=\"text-align: center;\"><strong>PRONTI A RICOMINCIARE<\/strong><\/p>\n<p>La parabola dell\u2019amministratore stratega e furbo, pronto ad escogitare nuove strategie per non cadere nel baratro, sembra essere stata raccontata da uno strano Ges\u00f9. Lui che \u00e8 sempre dalla parte dei piccoli, dei poveri, degli ultimi, degli esclusi, delle donne maltrattate e dei pubblici peccatori, ora sembra si ponga dalla parte di un uomo che sa ben sfruttare anche le situazioni disastrose.<\/p>\n<p>In realt\u00e0, anche questa parabola, \u00e8 una vera proposta per chi \u00e8 un malcapitato, o addirittura precipitato nel baratro. L\u2019amministratore disonesto \u00e8 colui che sa ricominciare dopo la disfatta e ha il coraggio di rimettersi in discussione rischiando in prima persona.<\/p>\n<p>La parabola \u00e8 un invito esplicito ad ogni comunit\u00e0 a rivedere il proprio modo di operare nell\u2019evangelizzazione e nell\u2019annuncio del Vangelo. Convegni e conferenze, oltre a fiumi di parole sul come affrontare il relativismo e l\u2019indifferenza religiosa dei nostri giorni appaiono molto sterili ed insignificanti. E\u2019 questo il tempo in cui, senza riciclaggi o strategie d\u2019urto, la comunit\u00e0 ecclesiale \u00e8 chiamata, innovando le strategie, a progettare la <strong>nuova evangelizzazione. <\/strong>Questo richiede il ridimensionare l\u2019operato secondo schemi tradizionali e di pietismo e proiettarsi in un annuncio da operare soprattutto negli ambienti di lavoro, nelle aule scolastiche, nei luoghi pi\u00f9 abbandonati dove sembra non esserci posto per Ges\u00f9, l\u2019escluso da tutti che ha ricominciato a ri-vivere dalla discarica di Gerusalemme, quel luogo dove solo gli schiavi potevano essere crocifissi e dove \u00e8 cominciata la nostra salvezza.<\/p>\n<p><strong>Non \u00e8 tempo di riciclarsi, ma \u00e8 tempo di rinnovarsi. <\/strong>Operare in questo tipo di chiesa-comunit\u00e0, vuol dire essere sempre pronti a vivere con e per il V angelo.<\/p>\n<p>Il direttore<\/p>\n<p>Don Antonio Ruccia<strong> <\/strong><\/p>\n","protected":false},"excerpt":{"rendered":"<p>Dal Vangelo secondo Luca\u00a0 (16,1-13) In quel tempo, Ges\u00f9 diceva ai discepoli: \u00abUn uomo ricco aveva un amministratore, e questi [&hellip;]<\/p>\n","protected":false},"author":1,"featured_media":0,"comment_status":"closed","ping_status":"open","sticky":false,"template":"","format":"standard","meta":{"_uag_custom_page_level_css":"","site-sidebar-layout":"default","site-content-layout":"","ast-site-content-layout":"default","site-content-style":"default","site-sidebar-style":"default","ast-global-header-display":"","ast-banner-title-visibility":"","ast-main-header-display":"","ast-hfb-above-header-display":"","ast-hfb-below-header-display":"","ast-hfb-mobile-header-display":"","site-post-title":"","ast-breadcrumbs-content":"","ast-featured-img":"","footer-sml-layout":"","theme-transparent-header-meta":"","adv-header-id-meta":"","stick-header-meta":"","header-above-stick-meta":"","header-main-stick-meta":"","header-below-stick-meta":"","astra-migrate-meta-layouts":"default","ast-page-background-enabled":"default","ast-page-background-meta":{"desktop":{"background-color":"var(--ast-global-color-5)","background-image":"","background-repeat":"repeat","background-position":"center center","background-size":"auto","background-attachment":"scroll","background-type":"","background-media":"","overlay-type":"","overlay-color":"","overlay-opacity":"","overlay-gradient":""},"tablet":{"background-color":"","background-image":"","background-repeat":"repeat","background-position":"center center","background-size":"auto","background-attachment":"scroll","background-type":"","background-media":"","overlay-type":"","overlay-color":"","overlay-opacity":"","overlay-gradient":""},"mobile":{"background-color":"","background-image":"","background-repeat":"repeat","background-position":"center center","background-size":"auto","background-attachment":"scroll","background-type":"","background-media":"","overlay-type":"","overlay-color":"","overlay-opacity":"","overlay-gradient":""}},"ast-content-background-meta":{"desktop":{"background-color":"var(--ast-global-color-4)","background-image":"","background-repeat":"repeat","background-position":"center center","background-size":"auto","background-attachment":"scroll","background-type":"","background-media":"","overlay-type":"","overlay-color":"","overlay-opacity":"","overlay-gradient":""},"tablet":{"background-color":"var(--ast-global-color-4)","background-image":"","background-repeat":"repeat","background-position":"center center","background-size":"auto","background-attachment":"scroll","background-type":"","background-media":"","overlay-type":"","overlay-color":"","overlay-opacity":"","overlay-gradient":""},"mobile":{"background-color":"var(--ast-global-color-4)","background-image":"","background-repeat":"repeat","background-position":"center center","background-size":"auto","background-attachment":"scroll","background-type":"","background-media":"","overlay-type":"","overlay-color":"","overlay-opacity":"","overlay-gradient":""}},"footnotes":""},"categories":[20],"tags":[35,62],"class_list":["post-1346","post","type-post","status-publish","format-standard","hentry","category-commenti-vangelo","tag-commento-al-vangelo","tag-vangelo-domenicale"],"gutentor_comment":0,"yoast_head":"<!-- This site is optimized with the Yoast SEO plugin v26.8 - https:\/\/yoast.com\/product\/yoast-seo-wordpress\/ -->\r\n<title>PRONTI A RICOMINCIARE - Domenica 19 Settembre 2010 - Caritas Diocesana Bari-Bitonto<\/title>\r\n<meta name=\"robots\" content=\"index, follow, max-snippet:-1, max-image-preview:large, max-video-preview:-1\" \/>\r\n<link rel=\"canonical\" href=\"https:\/\/www.caritasbaribitonto.it\/public\/home\/2010\/09\/pronti-a-ricominciare-domenica-19-settembre-2010\/\" \/>\r\n<meta property=\"og:locale\" content=\"it_IT\" \/>\r\n<meta property=\"og:type\" content=\"article\" \/>\r\n<meta property=\"og:title\" content=\"PRONTI A RICOMINCIARE - Domenica 19 Settembre 2010 - Caritas Diocesana Bari-Bitonto\" \/>\r\n<meta property=\"og:description\" content=\"Dal Vangelo secondo Luca\u00a0 (16,1-13) In quel tempo, Ges\u00f9 diceva ai discepoli: \u00abUn uomo ricco aveva un amministratore, e questi [&hellip;]\" \/>\r\n<meta property=\"og:url\" content=\"https:\/\/www.caritasbaribitonto.it\/public\/home\/2010\/09\/pronti-a-ricominciare-domenica-19-settembre-2010\/\" \/>\r\n<meta property=\"og:site_name\" content=\"Caritas Diocesana Bari-Bitonto\" \/>\r\n<meta property=\"article:publisher\" content=\"https:\/\/www.facebook.com\/pages\/Caritas-Diocesana-Bari-Bitonto\/533981476753770\" \/>\r\n<meta property=\"article:published_time\" content=\"2010-09-16T19:32:59+00:00\" \/>\r\n<meta property=\"article:modified_time\" content=\"2010-09-17T19:32:27+00:00\" \/>\r\n<meta property=\"og:image\" content=\"http:\/\/www.lachiesa.it\/liturgia\/allegati\/icone\/CO250.jpg\" \/>\r\n<meta name=\"author\" content=\"Giovanni Caputo\" \/>\r\n<meta name=\"twitter:card\" content=\"summary_large_image\" \/>\r\n<meta name=\"twitter:label1\" content=\"Scritto da\" \/>\n\t<meta name=\"twitter:data1\" content=\"Giovanni Caputo\" \/>\n\t<meta name=\"twitter:label2\" content=\"Tempo di lettura stimato\" \/>\n\t<meta name=\"twitter:data2\" content=\"3 minuti\" \/>\r\n<script type=\"application\/ld+json\" class=\"yoast-schema-graph\">{\"@context\":\"https:\/\/schema.org\",\"@graph\":[{\"@type\":\"Article\",\"@id\":\"https:\/\/www.caritasbaribitonto.it\/public\/home\/2010\/09\/pronti-a-ricominciare-domenica-19-settembre-2010\/#article\",\"isPartOf\":{\"@id\":\"https:\/\/www.caritasbaribitonto.it\/public\/home\/2010\/09\/pronti-a-ricominciare-domenica-19-settembre-2010\/\"},\"author\":{\"name\":\"Giovanni Caputo\",\"@id\":\"https:\/\/www.caritasbaribitonto.it\/public\/home\/#\/schema\/person\/06b333402b70fdadb662b68974e8c97a\"},\"headline\":\"PRONTI A RICOMINCIARE &#8211; Domenica 19 Settembre 2010\",\"datePublished\":\"2010-09-16T19:32:59+00:00\",\"dateModified\":\"2010-09-17T19:32:27+00:00\",\"mainEntityOfPage\":{\"@id\":\"https:\/\/www.caritasbaribitonto.it\/public\/home\/2010\/09\/pronti-a-ricominciare-domenica-19-settembre-2010\/\"},\"wordCount\":570,\"publisher\":{\"@id\":\"https:\/\/www.caritasbaribitonto.it\/public\/home\/#organization\"},\"image\":{\"@id\":\"https:\/\/www.caritasbaribitonto.it\/public\/home\/2010\/09\/pronti-a-ricominciare-domenica-19-settembre-2010\/#primaryimage\"},\"thumbnailUrl\":\"http:\/\/www.lachiesa.it\/liturgia\/allegati\/icone\/CO250.jpg\",\"keywords\":[\"commento al vangelo\",\"vangelo domenicale\"],\"articleSection\":[\"Commenti Vangelo\"],\"inLanguage\":\"it-IT\"},{\"@type\":\"WebPage\",\"@id\":\"https:\/\/www.caritasbaribitonto.it\/public\/home\/2010\/09\/pronti-a-ricominciare-domenica-19-settembre-2010\/\",\"url\":\"https:\/\/www.caritasbaribitonto.it\/public\/home\/2010\/09\/pronti-a-ricominciare-domenica-19-settembre-2010\/\",\"name\":\"PRONTI A RICOMINCIARE - Domenica 19 Settembre 2010 - Caritas Diocesana Bari-Bitonto\",\"isPartOf\":{\"@id\":\"https:\/\/www.caritasbaribitonto.it\/public\/home\/#website\"},\"primaryImageOfPage\":{\"@id\":\"https:\/\/www.caritasbaribitonto.it\/public\/home\/2010\/09\/pronti-a-ricominciare-domenica-19-settembre-2010\/#primaryimage\"},\"image\":{\"@id\":\"https:\/\/www.caritasbaribitonto.it\/public\/home\/2010\/09\/pronti-a-ricominciare-domenica-19-settembre-2010\/#primaryimage\"},\"thumbnailUrl\":\"http:\/\/www.lachiesa.it\/liturgia\/allegati\/icone\/CO250.jpg\",\"datePublished\":\"2010-09-16T19:32:59+00:00\",\"dateModified\":\"2010-09-17T19:32:27+00:00\",\"breadcrumb\":{\"@id\":\"https:\/\/www.caritasbaribitonto.it\/public\/home\/2010\/09\/pronti-a-ricominciare-domenica-19-settembre-2010\/#breadcrumb\"},\"inLanguage\":\"it-IT\",\"potentialAction\":[{\"@type\":\"ReadAction\",\"target\":[\"https:\/\/www.caritasbaribitonto.it\/public\/home\/2010\/09\/pronti-a-ricominciare-domenica-19-settembre-2010\/\"]}]},{\"@type\":\"ImageObject\",\"inLanguage\":\"it-IT\",\"@id\":\"https:\/\/www.caritasbaribitonto.it\/public\/home\/2010\/09\/pronti-a-ricominciare-domenica-19-settembre-2010\/#primaryimage\",\"url\":\"http:\/\/www.lachiesa.it\/liturgia\/allegati\/icone\/CO250.jpg\",\"contentUrl\":\"http:\/\/www.lachiesa.it\/liturgia\/allegati\/icone\/CO250.jpg\"},{\"@type\":\"BreadcrumbList\",\"@id\":\"https:\/\/www.caritasbaribitonto.it\/public\/home\/2010\/09\/pronti-a-ricominciare-domenica-19-settembre-2010\/#breadcrumb\",\"itemListElement\":[{\"@type\":\"ListItem\",\"position\":1,\"name\":\"Home\",\"item\":\"https:\/\/www.caritasbaribitonto.it\/public\/home\/\"},{\"@type\":\"ListItem\",\"position\":2,\"name\":\"PRONTI A RICOMINCIARE &#8211; Domenica 19 Settembre 2010\"}]},{\"@type\":\"WebSite\",\"@id\":\"https:\/\/www.caritasbaribitonto.it\/public\/home\/#website\",\"url\":\"https:\/\/www.caritasbaribitonto.it\/public\/home\/\",\"name\":\"Caritas Diocesana Bari-Bitonto\",\"description\":\"I santi della porta accanto\",\"publisher\":{\"@id\":\"https:\/\/www.caritasbaribitonto.it\/public\/home\/#organization\"},\"potentialAction\":[{\"@type\":\"SearchAction\",\"target\":{\"@type\":\"EntryPoint\",\"urlTemplate\":\"https:\/\/www.caritasbaribitonto.it\/public\/home\/?s={search_term_string}\"},\"query-input\":{\"@type\":\"PropertyValueSpecification\",\"valueRequired\":true,\"valueName\":\"search_term_string\"}}],\"inLanguage\":\"it-IT\"},{\"@type\":\"Organization\",\"@id\":\"https:\/\/www.caritasbaribitonto.it\/public\/home\/#organization\",\"name\":\"Caritas Diocesana Bari-Bitonto\",\"url\":\"https:\/\/www.caritasbaribitonto.it\/public\/home\/\",\"logo\":{\"@type\":\"ImageObject\",\"inLanguage\":\"it-IT\",\"@id\":\"https:\/\/www.caritasbaribitonto.it\/public\/home\/#\/schema\/logo\/image\/\",\"url\":\"https:\/\/www.caritasbaribitonto.it\/public\/home\/img\/uploads\/2025\/02\/cropped-cropped-caritas2025_350x112.png\",\"contentUrl\":\"https:\/\/www.caritasbaribitonto.it\/public\/home\/img\/uploads\/2025\/02\/cropped-cropped-caritas2025_350x112.png\",\"width\":350,\"height\":112,\"caption\":\"Caritas Diocesana Bari-Bitonto\"},\"image\":{\"@id\":\"https:\/\/www.caritasbaribitonto.it\/public\/home\/#\/schema\/logo\/image\/\"},\"sameAs\":[\"https:\/\/www.facebook.com\/pages\/Caritas-Diocesana-Bari-Bitonto\/533981476753770\"]},{\"@type\":\"Person\",\"@id\":\"https:\/\/www.caritasbaribitonto.it\/public\/home\/#\/schema\/person\/06b333402b70fdadb662b68974e8c97a\",\"name\":\"Giovanni Caputo\",\"image\":{\"@type\":\"ImageObject\",\"inLanguage\":\"it-IT\",\"@id\":\"https:\/\/www.caritasbaribitonto.it\/public\/home\/#\/schema\/person\/image\/\",\"url\":\"https:\/\/secure.gravatar.com\/avatar\/6c7e9d4e1e2394bfa4e38377bd0b5e03cbf0c79e27918e6497d3f408f89d0d3b?s=96&d=identicon&r=g\",\"contentUrl\":\"https:\/\/secure.gravatar.com\/avatar\/6c7e9d4e1e2394bfa4e38377bd0b5e03cbf0c79e27918e6497d3f408f89d0d3b?s=96&d=identicon&r=g\",\"caption\":\"Giovanni Caputo\"},\"url\":\"https:\/\/www.caritasbaribitonto.it\/public\/home\/author\/admin\/\"}]}<\/script>\r\n<!-- \/ Yoast SEO plugin. -->","yoast_head_json":{"title":"PRONTI A RICOMINCIARE - Domenica 19 Settembre 2010 - Caritas Diocesana Bari-Bitonto","robots":{"index":"index","follow":"follow","max-snippet":"max-snippet:-1","max-image-preview":"max-image-preview:large","max-video-preview":"max-video-preview:-1"},"canonical":"https:\/\/www.caritasbaribitonto.it\/public\/home\/2010\/09\/pronti-a-ricominciare-domenica-19-settembre-2010\/","og_locale":"it_IT","og_type":"article","og_title":"PRONTI A RICOMINCIARE - Domenica 19 Settembre 2010 - Caritas Diocesana Bari-Bitonto","og_description":"Dal Vangelo secondo Luca\u00a0 (16,1-13) In quel tempo, Ges\u00f9 diceva ai discepoli: \u00abUn uomo ricco aveva un amministratore, e questi [&hellip;]","og_url":"https:\/\/www.caritasbaribitonto.it\/public\/home\/2010\/09\/pronti-a-ricominciare-domenica-19-settembre-2010\/","og_site_name":"Caritas Diocesana Bari-Bitonto","article_publisher":"https:\/\/www.facebook.com\/pages\/Caritas-Diocesana-Bari-Bitonto\/533981476753770","article_published_time":"2010-09-16T19:32:59+00:00","article_modified_time":"2010-09-17T19:32:27+00:00","og_image":[{"url":"http:\/\/www.lachiesa.it\/liturgia\/allegati\/icone\/CO250.jpg","type":"","width":"","height":""}],"author":"Giovanni Caputo","twitter_card":"summary_large_image","twitter_misc":{"Scritto da":"Giovanni Caputo","Tempo di lettura stimato":"3 minuti"},"schema":{"@context":"https:\/\/schema.org","@graph":[{"@type":"Article","@id":"https:\/\/www.caritasbaribitonto.it\/public\/home\/2010\/09\/pronti-a-ricominciare-domenica-19-settembre-2010\/#article","isPartOf":{"@id":"https:\/\/www.caritasbaribitonto.it\/public\/home\/2010\/09\/pronti-a-ricominciare-domenica-19-settembre-2010\/"},"author":{"name":"Giovanni Caputo","@id":"https:\/\/www.caritasbaribitonto.it\/public\/home\/#\/schema\/person\/06b333402b70fdadb662b68974e8c97a"},"headline":"PRONTI A RICOMINCIARE &#8211; Domenica 19 Settembre 2010","datePublished":"2010-09-16T19:32:59+00:00","dateModified":"2010-09-17T19:32:27+00:00","mainEntityOfPage":{"@id":"https:\/\/www.caritasbaribitonto.it\/public\/home\/2010\/09\/pronti-a-ricominciare-domenica-19-settembre-2010\/"},"wordCount":570,"publisher":{"@id":"https:\/\/www.caritasbaribitonto.it\/public\/home\/#organization"},"image":{"@id":"https:\/\/www.caritasbaribitonto.it\/public\/home\/2010\/09\/pronti-a-ricominciare-domenica-19-settembre-2010\/#primaryimage"},"thumbnailUrl":"http:\/\/www.lachiesa.it\/liturgia\/allegati\/icone\/CO250.jpg","keywords":["commento al vangelo","vangelo domenicale"],"articleSection":["Commenti Vangelo"],"inLanguage":"it-IT"},{"@type":"WebPage","@id":"https:\/\/www.caritasbaribitonto.it\/public\/home\/2010\/09\/pronti-a-ricominciare-domenica-19-settembre-2010\/","url":"https:\/\/www.caritasbaribitonto.it\/public\/home\/2010\/09\/pronti-a-ricominciare-domenica-19-settembre-2010\/","name":"PRONTI A RICOMINCIARE - Domenica 19 Settembre 2010 - Caritas Diocesana Bari-Bitonto","isPartOf":{"@id":"https:\/\/www.caritasbaribitonto.it\/public\/home\/#website"},"primaryImageOfPage":{"@id":"https:\/\/www.caritasbaribitonto.it\/public\/home\/2010\/09\/pronti-a-ricominciare-domenica-19-settembre-2010\/#primaryimage"},"image":{"@id":"https:\/\/www.caritasbaribitonto.it\/public\/home\/2010\/09\/pronti-a-ricominciare-domenica-19-settembre-2010\/#primaryimage"},"thumbnailUrl":"http:\/\/www.lachiesa.it\/liturgia\/allegati\/icone\/CO250.jpg","datePublished":"2010-09-16T19:32:59+00:00","dateModified":"2010-09-17T19:32:27+00:00","breadcrumb":{"@id":"https:\/\/www.caritasbaribitonto.it\/public\/home\/2010\/09\/pronti-a-ricominciare-domenica-19-settembre-2010\/#breadcrumb"},"inLanguage":"it-IT","potentialAction":[{"@type":"ReadAction","target":["https:\/\/www.caritasbaribitonto.it\/public\/home\/2010\/09\/pronti-a-ricominciare-domenica-19-settembre-2010\/"]}]},{"@type":"ImageObject","inLanguage":"it-IT","@id":"https:\/\/www.caritasbaribitonto.it\/public\/home\/2010\/09\/pronti-a-ricominciare-domenica-19-settembre-2010\/#primaryimage","url":"http:\/\/www.lachiesa.it\/liturgia\/allegati\/icone\/CO250.jpg","contentUrl":"http:\/\/www.lachiesa.it\/liturgia\/allegati\/icone\/CO250.jpg"},{"@type":"BreadcrumbList","@id":"https:\/\/www.caritasbaribitonto.it\/public\/home\/2010\/09\/pronti-a-ricominciare-domenica-19-settembre-2010\/#breadcrumb","itemListElement":[{"@type":"ListItem","position":1,"name":"Home","item":"https:\/\/www.caritasbaribitonto.it\/public\/home\/"},{"@type":"ListItem","position":2,"name":"PRONTI A RICOMINCIARE &#8211; Domenica 19 Settembre 2010"}]},{"@type":"WebSite","@id":"https:\/\/www.caritasbaribitonto.it\/public\/home\/#website","url":"https:\/\/www.caritasbaribitonto.it\/public\/home\/","name":"Caritas Diocesana Bari-Bitonto","description":"I santi della porta accanto","publisher":{"@id":"https:\/\/www.caritasbaribitonto.it\/public\/home\/#organization"},"potentialAction":[{"@type":"SearchAction","target":{"@type":"EntryPoint","urlTemplate":"https:\/\/www.caritasbaribitonto.it\/public\/home\/?s={search_term_string}"},"query-input":{"@type":"PropertyValueSpecification","valueRequired":true,"valueName":"search_term_string"}}],"inLanguage":"it-IT"},{"@type":"Organization","@id":"https:\/\/www.caritasbaribitonto.it\/public\/home\/#organization","name":"Caritas Diocesana Bari-Bitonto","url":"https:\/\/www.caritasbaribitonto.it\/public\/home\/","logo":{"@type":"ImageObject","inLanguage":"it-IT","@id":"https:\/\/www.caritasbaribitonto.it\/public\/home\/#\/schema\/logo\/image\/","url":"https:\/\/www.caritasbaribitonto.it\/public\/home\/img\/uploads\/2025\/02\/cropped-cropped-caritas2025_350x112.png","contentUrl":"https:\/\/www.caritasbaribitonto.it\/public\/home\/img\/uploads\/2025\/02\/cropped-cropped-caritas2025_350x112.png","width":350,"height":112,"caption":"Caritas Diocesana Bari-Bitonto"},"image":{"@id":"https:\/\/www.caritasbaribitonto.it\/public\/home\/#\/schema\/logo\/image\/"},"sameAs":["https:\/\/www.facebook.com\/pages\/Caritas-Diocesana-Bari-Bitonto\/533981476753770"]},{"@type":"Person","@id":"https:\/\/www.caritasbaribitonto.it\/public\/home\/#\/schema\/person\/06b333402b70fdadb662b68974e8c97a","name":"Giovanni Caputo","image":{"@type":"ImageObject","inLanguage":"it-IT","@id":"https:\/\/www.caritasbaribitonto.it\/public\/home\/#\/schema\/person\/image\/","url":"https:\/\/secure.gravatar.com\/avatar\/6c7e9d4e1e2394bfa4e38377bd0b5e03cbf0c79e27918e6497d3f408f89d0d3b?s=96&d=identicon&r=g","contentUrl":"https:\/\/secure.gravatar.com\/avatar\/6c7e9d4e1e2394bfa4e38377bd0b5e03cbf0c79e27918e6497d3f408f89d0d3b?s=96&d=identicon&r=g","caption":"Giovanni Caputo"},"url":"https:\/\/www.caritasbaribitonto.it\/public\/home\/author\/admin\/"}]}},"jetpack_featured_media_url":"","uagb_featured_image_src":{"full":false,"thumbnail":false,"medium":false,"medium_large":false,"large":false,"1536x1536":false,"2048x2048":false},"uagb_author_info":{"display_name":"Giovanni Caputo","author_link":"https:\/\/www.caritasbaribitonto.it\/public\/home\/author\/admin\/"},"uagb_comment_info":0,"uagb_excerpt":"Dal Vangelo secondo Luca\u00a0 (16,1-13) In quel tempo, Ges\u00f9 diceva ai discepoli: \u00abUn uomo ricco aveva un amministratore, e questi [&hellip;]","_links":{"self":[{"href":"https:\/\/www.caritasbaribitonto.it\/public\/home\/wp-json\/wp\/v2\/posts\/1346","targetHints":{"allow":["GET"]}}],"collection":[{"href":"https:\/\/www.caritasbaribitonto.it\/public\/home\/wp-json\/wp\/v2\/posts"}],"about":[{"href":"https:\/\/www.caritasbaribitonto.it\/public\/home\/wp-json\/wp\/v2\/types\/post"}],"author":[{"embeddable":true,"href":"https:\/\/www.caritasbaribitonto.it\/public\/home\/wp-json\/wp\/v2\/users\/1"}],"replies":[{"embeddable":true,"href":"https:\/\/www.caritasbaribitonto.it\/public\/home\/wp-json\/wp\/v2\/comments?post=1346"}],"version-history":[{"count":0,"href":"https:\/\/www.caritasbaribitonto.it\/public\/home\/wp-json\/wp\/v2\/posts\/1346\/revisions"}],"wp:attachment":[{"href":"https:\/\/www.caritasbaribitonto.it\/public\/home\/wp-json\/wp\/v2\/media?parent=1346"}],"wp:term":[{"taxonomy":"category","embeddable":true,"href":"https:\/\/www.caritasbaribitonto.it\/public\/home\/wp-json\/wp\/v2\/categories?post=1346"},{"taxonomy":"post_tag","embeddable":true,"href":"https:\/\/www.caritasbaribitonto.it\/public\/home\/wp-json\/wp\/v2\/tags?post=1346"}],"curies":[{"name":"wp","href":"https:\/\/api.w.org\/{rel}","templated":true}]}}