{"id":1302,"date":"2010-09-10T19:46:46","date_gmt":"2010-09-10T17:46:46","guid":{"rendered":"http:\/\/www.caritasbaribitonto.it\/public\/home\/?p=1302"},"modified":"2010-09-10T19:46:46","modified_gmt":"2010-09-10T17:46:46","slug":"lo-scandalo-della-misericordia-domenica-12-settembre-2010","status":"publish","type":"post","link":"https:\/\/www.caritasbaribitonto.it\/public\/home\/2010\/09\/lo-scandalo-della-misericordia-domenica-12-settembre-2010\/","title":{"rendered":"LO SCANDALO DELLA MISERICORDIA &#8211; Domenica 12 Settembre 2010"},"content":{"rendered":"<p><em><span style=\"color: #993300;\"><strong>Dal Vangelo secondo Luca (Lc 15, 1-32)<\/strong><br \/>\n<\/span><\/em><\/p>\n<p><em><span style=\"color: #993300;\"><img loading=\"lazy\" decoding=\"async\" class=\"alignleft\" src=\"http:\/\/www.lachiesa.it\/liturgia\/allegati\/icone\/CO240.jpg\" alt=\"\" width=\"98\" height=\"126\" \/>In quel tempo, si avvicinavano a Ges\u00f9 tutti i pubblicani e i peccatori per ascoltarlo. I farisei e gli scribi mormoravano dicendo: \u00abCostui accoglie i peccatori e mangia con loro\u00bb.<br \/>\nEd egli disse loro questa parabola: \u00abChi di voi, se ha cento pecore e ne perde una, non lascia le novantanove nel deserto e va in cerca di quella perduta, finch\u00e9 non la trova? Quando l\u2019ha trovata, pieno di gioia se la carica sulle spalle, va a casa, chiama gli amici e i vicini e dice loro: \u201cRallegratevi con me, perch\u00e9 ho trovato la mia pecora, quella che si era perduta\u201d. Io vi dico: cos\u00ec vi sar\u00e0 gioia nel cielo per un solo peccatore che si converte, pi\u00f9 che per novantanove giusti i quali non hanno bisogno di conversione.<br \/>\nOppure, quale donna, se ha dieci monete e ne perde una, non accende la lampada e spazza la casa e cerca accuratamente finch\u00e9 non la trova? E dopo averla trovata, chiama le amiche e le vicine, e dice: \u201cRallegratevi con me, perch\u00e9 ho trovato la moneta che avevo perduto\u201d. Cos\u00ec, io vi dico, vi \u00e8 gioia davanti agli angeli di Dio per un solo peccatore che si converte\u00bb.<br \/>\nDisse ancora: \u00abUn uomo aveva due figli. Il pi\u00f9 giovane dei due disse al padre: \u201cPadre, dammi la parte di patrimonio che mi spetta\u201d. Ed egli divise tra loro le sue sostanze. Pochi giorni dopo, il figlio pi\u00f9 giovane, raccolte tutte le sue cose, part\u00ec per un paese lontano e l\u00e0 sperper\u00f2 il suo patrimonio vivendo in modo dissoluto. Quando ebbe speso tutto, sopraggiunse in quel paese una grande carestia ed egli cominci\u00f2 a trovarsi nel bisogno. Allora and\u00f2 a mettersi al servizio di uno degli abitanti di quella regione, che lo mand\u00f2 nei suoi campi a pascolare i porci. Avrebbe voluto saziarsi con le carrube di cui si nutrivano i porci; ma nessuno gli dava nulla. Allora ritorn\u00f2 in s\u00e9 e disse: \u201cQuanti salariati di mio padre hanno pane in abbondanza e io qui muoio di fame! Mi alzer\u00f2, andr\u00f2 da mio padre e gli dir\u00f2: Padre, ho peccato verso il Cielo e davanti a te; non sono pi\u00f9 degno di essere chiamato tuo figlio. Trattami come uno dei tuoi salariati\u201d. Si alz\u00f2 e torn\u00f2 da suo padre.<br \/>\nQuando era ancora lontano, suo padre lo vide, ebbe compassione, gli corse incontro, gli si gett\u00f2 al collo e lo baci\u00f2. Il figlio gli disse: \u201cPadre, ho peccato verso il Cielo e davanti a te; non sono pi\u00f9 degno di essere chiamato tuo figlio\u201d. Ma il padre disse ai servi: \u201cPresto, portate qui il vestito pi\u00f9 bello e fateglielo indossare, mettetegli l\u2019anello al dito e i sandali ai piedi. Prendete il vitello grasso, ammazzatelo, mangiamo e facciamo festa, perch\u00e9 questo mio figlio era morto ed \u00e8 tornato in vita, era perduto ed \u00e8 stato ritrovato\u201d. E cominciarono a far festa.<br \/>\nIl figlio maggiore si trovava nei campi. Al ritorno, quando fu vicino a casa, ud\u00ec la musica e le danze; chiam\u00f2 uno dei servi e gli domand\u00f2 che cosa fosse tutto questo. Quello gli rispose: \u201cTuo fratello \u00e8 qui e tuo padre ha fatto ammazzare il vitello grasso, perch\u00e9 lo ha riavuto sano e salvo\u201d. Egli si indign\u00f2, e non voleva entrare. Suo padre allora usc\u00ec a supplicarlo. Ma egli rispose a suo padre: \u201cEcco, io ti servo da tanti anni e non ho mai disobbedito a un tuo comando, e tu non mi hai mai dato un capretto per far festa con i miei amici. Ma ora che \u00e8 tornato questo tuo figlio, il quale ha divorato le tue sostanze con le prostitute, per lui hai ammazzato il vitello grasso\u201d. Gli rispose il padre: \u201cFiglio, tu sei sempre con me e tutto ci\u00f2 che \u00e8 mio \u00e8 tuo; ma bisognava far festa e rallegrarsi, perch\u00e9 questo tuo fratello era morto ed \u00e8 tornato in vita, era perduto ed \u00e8 stato ritrovato\u201d\u00bb.<\/span><\/em><\/p>\n<p>Il brano evangelico racchiude in sintesi la proposta di Luca a vivere operando secondo una prassi di misericordia e di riconciliazione. Luca in questo modo si pone in maniera diametralmente opposta alla legge ebraica. Infatti, non solo non accetta che si risponda violentemente quando si \u00e8 procurato nei confronti di qualcuno un\u2019offesa, ma addirittura propone un patto di amore e di amicizia che permette di instaurare una nuova dimensione di vita. Tutto ci\u00f2 appare come uno <strong>scandalo<\/strong>. La misericordia diventa il vero scandalo di una scelta a cui la comunit\u00e0 cristiana e ognuno personalmente siamo invitati per accomodarci alla tavola imbandita dal padre e a non rifiutare di entrare quando siamo sollecitati per la nostra caparbiet\u00e0 e testardaggine.<\/p>\n<p>La pecora perduta, la dracma smarrita e il figlio ritornato e accolto sono la direzione da percorrere per concretizzare la proposta di Ges\u00f9. Non basta operare per il bene, ma \u00e8 necessario che costruiamo insieme un mondo di pace e di giustizia. Un mondo in cui anche chi \u00e8 distante dall\u2019amore possa ritrovare un senso nuovo alla sua esistenza.<\/p>\n<p>La crisi economica della nostra societ\u00e0 globalizzata, la ricerca delle strategie militari, il potenziamento degli armamenti, la logica dei leghismi discriminatori devono spingerci ad agire usando la logica della misericordia e a costruire un mondo in cui \u00a0il metodo dell\u2019agape prenda sempre pi\u00f9 spazio e mostri comunit\u00e0 che scandalizzano con il tendere le mani verso l\u2019altro, proporre l\u2019abbraccio da chi la pensa diversamente da noi, usare la strategia del dialogo, operare costruendo la pace. Dobbiamo, in altri termini, essere pronti a creare spazi riconciliativi senza la pretesa di emettere sentenze di condanna.<\/p>\n<p>Il bene non si costruisce con un\u2019educazione alla rigidit\u00e0, ma l\u2019educazione all\u2019attenzione, al perdono, alla fiducia; questo significa anche comprendere e capire e soprattutto indicare che tutti possono sempre ricominciare, anche se \u2026 di errori ne sono stati fatti. Accogliere un immigrato o una ragazza-madre non basta, bisogna pensare a donare loro un futuro. Questo vuol dire avere e creare certezze. \u00a0Ogni giorno dobbiamo impegnarci in mezzo alle delusioni, alla monotonia quotidiana, agli insuccessi che spesso non mancano e soprattutto contro tutte le forme di violenza che serpeggiano nella nostra societ\u00e0.<\/p>\n<p>Dinanzi ad una <strong><em>logica di<\/em><\/strong><em> <strong>guerra<\/strong><\/em> e di supremazia, dove appaiono palesemente le finalit\u00e0 economiche a favore dei potenti della terra, \u00e8 necessario, inoltre, recuperare una <strong><em>spiritualit\u00e0<\/em><\/strong> profonda che ci riporti alle radici del nostro essere e motivi e illumini la nostra azione, perch\u00e9 sia un impegno di comunit\u00e0 che allarghi sempre pi\u00f9 lo sguardo e mostri misericordia e amore, sul modello del Padre misericordioso che non fa preferenze per i suoi figli. Una spiritualit\u00e0 che rivaluti le relazioni tra le persone, con Dio e con l\u2019ambiente.<\/p>\n<p>Lo scandalo della misericordia \u00e8 un futuro di pace per tutti. Questa non \u00e8 un\u2019utopia: \u00e8 solo in sintesi il messaggio evangelico di Ges\u00f9.<\/p>\n<p>Il Direttore<\/p>\n<p>Don Antonio Ruccia<\/p>\n","protected":false},"excerpt":{"rendered":"<p>Dal Vangelo secondo Luca (Lc 15, 1-32) In quel tempo, si avvicinavano a Ges\u00f9 tutti i pubblicani e i peccatori [&hellip;]<\/p>\n","protected":false},"author":1,"featured_media":0,"comment_status":"closed","ping_status":"open","sticky":false,"template":"","format":"standard","meta":{"_uag_custom_page_level_css":"","site-sidebar-layout":"default","site-content-layout":"","ast-site-content-layout":"default","site-content-style":"default","site-sidebar-style":"default","ast-global-header-display":"","ast-banner-title-visibility":"","ast-main-header-display":"","ast-hfb-above-header-display":"","ast-hfb-below-header-display":"","ast-hfb-mobile-header-display":"","site-post-title":"","ast-breadcrumbs-content":"","ast-featured-img":"","footer-sml-layout":"","theme-transparent-header-meta":"","adv-header-id-meta":"","stick-header-meta":"","header-above-stick-meta":"","header-main-stick-meta":"","header-below-stick-meta":"","astra-migrate-meta-layouts":"default","ast-page-background-enabled":"default","ast-page-background-meta":{"desktop":{"background-color":"var(--ast-global-color-5)","background-image":"","background-repeat":"repeat","background-position":"center center","background-size":"auto","background-attachment":"scroll","background-type":"","background-media":"","overlay-type":"","overlay-color":"","overlay-opacity":"","overlay-gradient":""},"tablet":{"background-color":"","background-image":"","background-repeat":"repeat","background-position":"center center","background-size":"auto","background-attachment":"scroll","background-type":"","background-media":"","overlay-type":"","overlay-color":"","overlay-opacity":"","overlay-gradient":""},"mobile":{"background-color":"","background-image":"","background-repeat":"repeat","background-position":"center center","background-size":"auto","background-attachment":"scroll","background-type":"","background-media":"","overlay-type":"","overlay-color":"","overlay-opacity":"","overlay-gradient":""}},"ast-content-background-meta":{"desktop":{"background-color":"var(--ast-global-color-4)","background-image":"","background-repeat":"repeat","background-position":"center center","background-size":"auto","background-attachment":"scroll","background-type":"","background-media":"","overlay-type":"","overlay-color":"","overlay-opacity":"","overlay-gradient":""},"tablet":{"background-color":"var(--ast-global-color-4)","background-image":"","background-repeat":"repeat","background-position":"center center","background-size":"auto","background-attachment":"scroll","background-type":"","background-media":"","overlay-type":"","overlay-color":"","overlay-opacity":"","overlay-gradient":""},"mobile":{"background-color":"var(--ast-global-color-4)","background-image":"","background-repeat":"repeat","background-position":"center center","background-size":"auto","background-attachment":"scroll","background-type":"","background-media":"","overlay-type":"","overlay-color":"","overlay-opacity":"","overlay-gradient":""}},"footnotes":""},"categories":[20],"tags":[35,62],"class_list":["post-1302","post","type-post","status-publish","format-standard","hentry","category-commenti-vangelo","tag-commento-al-vangelo","tag-vangelo-domenicale"],"gutentor_comment":0,"yoast_head":"<!-- This site is optimized with the Yoast SEO plugin v26.8 - https:\/\/yoast.com\/product\/yoast-seo-wordpress\/ -->\r\n<title>LO SCANDALO DELLA MISERICORDIA - Domenica 12 Settembre 2010 - Caritas Diocesana Bari-Bitonto<\/title>\r\n<meta name=\"robots\" content=\"index, follow, max-snippet:-1, max-image-preview:large, max-video-preview:-1\" \/>\r\n<link rel=\"canonical\" href=\"https:\/\/www.caritasbaribitonto.it\/public\/home\/2010\/09\/lo-scandalo-della-misericordia-domenica-12-settembre-2010\/\" \/>\r\n<meta property=\"og:locale\" content=\"it_IT\" \/>\r\n<meta property=\"og:type\" content=\"article\" \/>\r\n<meta property=\"og:title\" content=\"LO SCANDALO DELLA MISERICORDIA - Domenica 12 Settembre 2010 - Caritas Diocesana Bari-Bitonto\" \/>\r\n<meta property=\"og:description\" content=\"Dal Vangelo secondo Luca (Lc 15, 1-32) In quel tempo, si avvicinavano a Ges\u00f9 tutti i pubblicani e i peccatori [&hellip;]\" \/>\r\n<meta property=\"og:url\" content=\"https:\/\/www.caritasbaribitonto.it\/public\/home\/2010\/09\/lo-scandalo-della-misericordia-domenica-12-settembre-2010\/\" \/>\r\n<meta property=\"og:site_name\" content=\"Caritas Diocesana Bari-Bitonto\" \/>\r\n<meta property=\"article:publisher\" content=\"https:\/\/www.facebook.com\/pages\/Caritas-Diocesana-Bari-Bitonto\/533981476753770\" \/>\r\n<meta property=\"article:published_time\" content=\"2010-09-10T17:46:46+00:00\" \/>\r\n<meta property=\"og:image\" content=\"http:\/\/www.lachiesa.it\/liturgia\/allegati\/icone\/CO240.jpg\" \/>\r\n<meta name=\"author\" content=\"Giovanni Caputo\" \/>\r\n<meta name=\"twitter:card\" content=\"summary_large_image\" \/>\r\n<meta name=\"twitter:label1\" content=\"Scritto da\" \/>\n\t<meta name=\"twitter:data1\" content=\"Giovanni Caputo\" \/>\n\t<meta name=\"twitter:label2\" content=\"Tempo di lettura stimato\" \/>\n\t<meta name=\"twitter:data2\" content=\"6 minuti\" \/>\r\n<script type=\"application\/ld+json\" class=\"yoast-schema-graph\">{\"@context\":\"https:\/\/schema.org\",\"@graph\":[{\"@type\":\"Article\",\"@id\":\"https:\/\/www.caritasbaribitonto.it\/public\/home\/2010\/09\/lo-scandalo-della-misericordia-domenica-12-settembre-2010\/#article\",\"isPartOf\":{\"@id\":\"https:\/\/www.caritasbaribitonto.it\/public\/home\/2010\/09\/lo-scandalo-della-misericordia-domenica-12-settembre-2010\/\"},\"author\":{\"name\":\"Giovanni Caputo\",\"@id\":\"https:\/\/www.caritasbaribitonto.it\/public\/home\/#\/schema\/person\/06b333402b70fdadb662b68974e8c97a\"},\"headline\":\"LO SCANDALO DELLA MISERICORDIA &#8211; Domenica 12 Settembre 2010\",\"datePublished\":\"2010-09-10T17:46:46+00:00\",\"mainEntityOfPage\":{\"@id\":\"https:\/\/www.caritasbaribitonto.it\/public\/home\/2010\/09\/lo-scandalo-della-misericordia-domenica-12-settembre-2010\/\"},\"wordCount\":1132,\"publisher\":{\"@id\":\"https:\/\/www.caritasbaribitonto.it\/public\/home\/#organization\"},\"image\":{\"@id\":\"https:\/\/www.caritasbaribitonto.it\/public\/home\/2010\/09\/lo-scandalo-della-misericordia-domenica-12-settembre-2010\/#primaryimage\"},\"thumbnailUrl\":\"http:\/\/www.lachiesa.it\/liturgia\/allegati\/icone\/CO240.jpg\",\"keywords\":[\"commento al vangelo\",\"vangelo domenicale\"],\"articleSection\":[\"Commenti Vangelo\"],\"inLanguage\":\"it-IT\"},{\"@type\":\"WebPage\",\"@id\":\"https:\/\/www.caritasbaribitonto.it\/public\/home\/2010\/09\/lo-scandalo-della-misericordia-domenica-12-settembre-2010\/\",\"url\":\"https:\/\/www.caritasbaribitonto.it\/public\/home\/2010\/09\/lo-scandalo-della-misericordia-domenica-12-settembre-2010\/\",\"name\":\"LO SCANDALO DELLA MISERICORDIA - Domenica 12 Settembre 2010 - Caritas Diocesana Bari-Bitonto\",\"isPartOf\":{\"@id\":\"https:\/\/www.caritasbaribitonto.it\/public\/home\/#website\"},\"primaryImageOfPage\":{\"@id\":\"https:\/\/www.caritasbaribitonto.it\/public\/home\/2010\/09\/lo-scandalo-della-misericordia-domenica-12-settembre-2010\/#primaryimage\"},\"image\":{\"@id\":\"https:\/\/www.caritasbaribitonto.it\/public\/home\/2010\/09\/lo-scandalo-della-misericordia-domenica-12-settembre-2010\/#primaryimage\"},\"thumbnailUrl\":\"http:\/\/www.lachiesa.it\/liturgia\/allegati\/icone\/CO240.jpg\",\"datePublished\":\"2010-09-10T17:46:46+00:00\",\"breadcrumb\":{\"@id\":\"https:\/\/www.caritasbaribitonto.it\/public\/home\/2010\/09\/lo-scandalo-della-misericordia-domenica-12-settembre-2010\/#breadcrumb\"},\"inLanguage\":\"it-IT\",\"potentialAction\":[{\"@type\":\"ReadAction\",\"target\":[\"https:\/\/www.caritasbaribitonto.it\/public\/home\/2010\/09\/lo-scandalo-della-misericordia-domenica-12-settembre-2010\/\"]}]},{\"@type\":\"ImageObject\",\"inLanguage\":\"it-IT\",\"@id\":\"https:\/\/www.caritasbaribitonto.it\/public\/home\/2010\/09\/lo-scandalo-della-misericordia-domenica-12-settembre-2010\/#primaryimage\",\"url\":\"http:\/\/www.lachiesa.it\/liturgia\/allegati\/icone\/CO240.jpg\",\"contentUrl\":\"http:\/\/www.lachiesa.it\/liturgia\/allegati\/icone\/CO240.jpg\"},{\"@type\":\"BreadcrumbList\",\"@id\":\"https:\/\/www.caritasbaribitonto.it\/public\/home\/2010\/09\/lo-scandalo-della-misericordia-domenica-12-settembre-2010\/#breadcrumb\",\"itemListElement\":[{\"@type\":\"ListItem\",\"position\":1,\"name\":\"Home\",\"item\":\"https:\/\/www.caritasbaribitonto.it\/public\/home\/\"},{\"@type\":\"ListItem\",\"position\":2,\"name\":\"LO SCANDALO DELLA MISERICORDIA &#8211; Domenica 12 Settembre 2010\"}]},{\"@type\":\"WebSite\",\"@id\":\"https:\/\/www.caritasbaribitonto.it\/public\/home\/#website\",\"url\":\"https:\/\/www.caritasbaribitonto.it\/public\/home\/\",\"name\":\"Caritas Diocesana Bari-Bitonto\",\"description\":\"I santi della porta accanto\",\"publisher\":{\"@id\":\"https:\/\/www.caritasbaribitonto.it\/public\/home\/#organization\"},\"potentialAction\":[{\"@type\":\"SearchAction\",\"target\":{\"@type\":\"EntryPoint\",\"urlTemplate\":\"https:\/\/www.caritasbaribitonto.it\/public\/home\/?s={search_term_string}\"},\"query-input\":{\"@type\":\"PropertyValueSpecification\",\"valueRequired\":true,\"valueName\":\"search_term_string\"}}],\"inLanguage\":\"it-IT\"},{\"@type\":\"Organization\",\"@id\":\"https:\/\/www.caritasbaribitonto.it\/public\/home\/#organization\",\"name\":\"Caritas Diocesana Bari-Bitonto\",\"url\":\"https:\/\/www.caritasbaribitonto.it\/public\/home\/\",\"logo\":{\"@type\":\"ImageObject\",\"inLanguage\":\"it-IT\",\"@id\":\"https:\/\/www.caritasbaribitonto.it\/public\/home\/#\/schema\/logo\/image\/\",\"url\":\"https:\/\/www.caritasbaribitonto.it\/public\/home\/img\/uploads\/2025\/02\/cropped-cropped-caritas2025_350x112.png\",\"contentUrl\":\"https:\/\/www.caritasbaribitonto.it\/public\/home\/img\/uploads\/2025\/02\/cropped-cropped-caritas2025_350x112.png\",\"width\":350,\"height\":112,\"caption\":\"Caritas Diocesana Bari-Bitonto\"},\"image\":{\"@id\":\"https:\/\/www.caritasbaribitonto.it\/public\/home\/#\/schema\/logo\/image\/\"},\"sameAs\":[\"https:\/\/www.facebook.com\/pages\/Caritas-Diocesana-Bari-Bitonto\/533981476753770\"]},{\"@type\":\"Person\",\"@id\":\"https:\/\/www.caritasbaribitonto.it\/public\/home\/#\/schema\/person\/06b333402b70fdadb662b68974e8c97a\",\"name\":\"Giovanni Caputo\",\"image\":{\"@type\":\"ImageObject\",\"inLanguage\":\"it-IT\",\"@id\":\"https:\/\/www.caritasbaribitonto.it\/public\/home\/#\/schema\/person\/image\/\",\"url\":\"https:\/\/secure.gravatar.com\/avatar\/6c7e9d4e1e2394bfa4e38377bd0b5e03cbf0c79e27918e6497d3f408f89d0d3b?s=96&d=identicon&r=g\",\"contentUrl\":\"https:\/\/secure.gravatar.com\/avatar\/6c7e9d4e1e2394bfa4e38377bd0b5e03cbf0c79e27918e6497d3f408f89d0d3b?s=96&d=identicon&r=g\",\"caption\":\"Giovanni Caputo\"},\"url\":\"https:\/\/www.caritasbaribitonto.it\/public\/home\/author\/admin\/\"}]}<\/script>\r\n<!-- \/ Yoast SEO plugin. -->","yoast_head_json":{"title":"LO SCANDALO DELLA MISERICORDIA - Domenica 12 Settembre 2010 - Caritas Diocesana Bari-Bitonto","robots":{"index":"index","follow":"follow","max-snippet":"max-snippet:-1","max-image-preview":"max-image-preview:large","max-video-preview":"max-video-preview:-1"},"canonical":"https:\/\/www.caritasbaribitonto.it\/public\/home\/2010\/09\/lo-scandalo-della-misericordia-domenica-12-settembre-2010\/","og_locale":"it_IT","og_type":"article","og_title":"LO SCANDALO DELLA MISERICORDIA - Domenica 12 Settembre 2010 - Caritas Diocesana Bari-Bitonto","og_description":"Dal Vangelo secondo Luca (Lc 15, 1-32) In quel tempo, si avvicinavano a Ges\u00f9 tutti i pubblicani e i peccatori [&hellip;]","og_url":"https:\/\/www.caritasbaribitonto.it\/public\/home\/2010\/09\/lo-scandalo-della-misericordia-domenica-12-settembre-2010\/","og_site_name":"Caritas Diocesana Bari-Bitonto","article_publisher":"https:\/\/www.facebook.com\/pages\/Caritas-Diocesana-Bari-Bitonto\/533981476753770","article_published_time":"2010-09-10T17:46:46+00:00","og_image":[{"url":"http:\/\/www.lachiesa.it\/liturgia\/allegati\/icone\/CO240.jpg","type":"","width":"","height":""}],"author":"Giovanni Caputo","twitter_card":"summary_large_image","twitter_misc":{"Scritto da":"Giovanni Caputo","Tempo di lettura stimato":"6 minuti"},"schema":{"@context":"https:\/\/schema.org","@graph":[{"@type":"Article","@id":"https:\/\/www.caritasbaribitonto.it\/public\/home\/2010\/09\/lo-scandalo-della-misericordia-domenica-12-settembre-2010\/#article","isPartOf":{"@id":"https:\/\/www.caritasbaribitonto.it\/public\/home\/2010\/09\/lo-scandalo-della-misericordia-domenica-12-settembre-2010\/"},"author":{"name":"Giovanni Caputo","@id":"https:\/\/www.caritasbaribitonto.it\/public\/home\/#\/schema\/person\/06b333402b70fdadb662b68974e8c97a"},"headline":"LO SCANDALO DELLA MISERICORDIA &#8211; Domenica 12 Settembre 2010","datePublished":"2010-09-10T17:46:46+00:00","mainEntityOfPage":{"@id":"https:\/\/www.caritasbaribitonto.it\/public\/home\/2010\/09\/lo-scandalo-della-misericordia-domenica-12-settembre-2010\/"},"wordCount":1132,"publisher":{"@id":"https:\/\/www.caritasbaribitonto.it\/public\/home\/#organization"},"image":{"@id":"https:\/\/www.caritasbaribitonto.it\/public\/home\/2010\/09\/lo-scandalo-della-misericordia-domenica-12-settembre-2010\/#primaryimage"},"thumbnailUrl":"http:\/\/www.lachiesa.it\/liturgia\/allegati\/icone\/CO240.jpg","keywords":["commento al vangelo","vangelo domenicale"],"articleSection":["Commenti Vangelo"],"inLanguage":"it-IT"},{"@type":"WebPage","@id":"https:\/\/www.caritasbaribitonto.it\/public\/home\/2010\/09\/lo-scandalo-della-misericordia-domenica-12-settembre-2010\/","url":"https:\/\/www.caritasbaribitonto.it\/public\/home\/2010\/09\/lo-scandalo-della-misericordia-domenica-12-settembre-2010\/","name":"LO SCANDALO DELLA MISERICORDIA - Domenica 12 Settembre 2010 - Caritas Diocesana Bari-Bitonto","isPartOf":{"@id":"https:\/\/www.caritasbaribitonto.it\/public\/home\/#website"},"primaryImageOfPage":{"@id":"https:\/\/www.caritasbaribitonto.it\/public\/home\/2010\/09\/lo-scandalo-della-misericordia-domenica-12-settembre-2010\/#primaryimage"},"image":{"@id":"https:\/\/www.caritasbaribitonto.it\/public\/home\/2010\/09\/lo-scandalo-della-misericordia-domenica-12-settembre-2010\/#primaryimage"},"thumbnailUrl":"http:\/\/www.lachiesa.it\/liturgia\/allegati\/icone\/CO240.jpg","datePublished":"2010-09-10T17:46:46+00:00","breadcrumb":{"@id":"https:\/\/www.caritasbaribitonto.it\/public\/home\/2010\/09\/lo-scandalo-della-misericordia-domenica-12-settembre-2010\/#breadcrumb"},"inLanguage":"it-IT","potentialAction":[{"@type":"ReadAction","target":["https:\/\/www.caritasbaribitonto.it\/public\/home\/2010\/09\/lo-scandalo-della-misericordia-domenica-12-settembre-2010\/"]}]},{"@type":"ImageObject","inLanguage":"it-IT","@id":"https:\/\/www.caritasbaribitonto.it\/public\/home\/2010\/09\/lo-scandalo-della-misericordia-domenica-12-settembre-2010\/#primaryimage","url":"http:\/\/www.lachiesa.it\/liturgia\/allegati\/icone\/CO240.jpg","contentUrl":"http:\/\/www.lachiesa.it\/liturgia\/allegati\/icone\/CO240.jpg"},{"@type":"BreadcrumbList","@id":"https:\/\/www.caritasbaribitonto.it\/public\/home\/2010\/09\/lo-scandalo-della-misericordia-domenica-12-settembre-2010\/#breadcrumb","itemListElement":[{"@type":"ListItem","position":1,"name":"Home","item":"https:\/\/www.caritasbaribitonto.it\/public\/home\/"},{"@type":"ListItem","position":2,"name":"LO SCANDALO DELLA MISERICORDIA &#8211; Domenica 12 Settembre 2010"}]},{"@type":"WebSite","@id":"https:\/\/www.caritasbaribitonto.it\/public\/home\/#website","url":"https:\/\/www.caritasbaribitonto.it\/public\/home\/","name":"Caritas Diocesana Bari-Bitonto","description":"I santi della porta accanto","publisher":{"@id":"https:\/\/www.caritasbaribitonto.it\/public\/home\/#organization"},"potentialAction":[{"@type":"SearchAction","target":{"@type":"EntryPoint","urlTemplate":"https:\/\/www.caritasbaribitonto.it\/public\/home\/?s={search_term_string}"},"query-input":{"@type":"PropertyValueSpecification","valueRequired":true,"valueName":"search_term_string"}}],"inLanguage":"it-IT"},{"@type":"Organization","@id":"https:\/\/www.caritasbaribitonto.it\/public\/home\/#organization","name":"Caritas Diocesana Bari-Bitonto","url":"https:\/\/www.caritasbaribitonto.it\/public\/home\/","logo":{"@type":"ImageObject","inLanguage":"it-IT","@id":"https:\/\/www.caritasbaribitonto.it\/public\/home\/#\/schema\/logo\/image\/","url":"https:\/\/www.caritasbaribitonto.it\/public\/home\/img\/uploads\/2025\/02\/cropped-cropped-caritas2025_350x112.png","contentUrl":"https:\/\/www.caritasbaribitonto.it\/public\/home\/img\/uploads\/2025\/02\/cropped-cropped-caritas2025_350x112.png","width":350,"height":112,"caption":"Caritas Diocesana Bari-Bitonto"},"image":{"@id":"https:\/\/www.caritasbaribitonto.it\/public\/home\/#\/schema\/logo\/image\/"},"sameAs":["https:\/\/www.facebook.com\/pages\/Caritas-Diocesana-Bari-Bitonto\/533981476753770"]},{"@type":"Person","@id":"https:\/\/www.caritasbaribitonto.it\/public\/home\/#\/schema\/person\/06b333402b70fdadb662b68974e8c97a","name":"Giovanni Caputo","image":{"@type":"ImageObject","inLanguage":"it-IT","@id":"https:\/\/www.caritasbaribitonto.it\/public\/home\/#\/schema\/person\/image\/","url":"https:\/\/secure.gravatar.com\/avatar\/6c7e9d4e1e2394bfa4e38377bd0b5e03cbf0c79e27918e6497d3f408f89d0d3b?s=96&d=identicon&r=g","contentUrl":"https:\/\/secure.gravatar.com\/avatar\/6c7e9d4e1e2394bfa4e38377bd0b5e03cbf0c79e27918e6497d3f408f89d0d3b?s=96&d=identicon&r=g","caption":"Giovanni Caputo"},"url":"https:\/\/www.caritasbaribitonto.it\/public\/home\/author\/admin\/"}]}},"jetpack_featured_media_url":"","uagb_featured_image_src":{"full":false,"thumbnail":false,"medium":false,"medium_large":false,"large":false,"1536x1536":false,"2048x2048":false},"uagb_author_info":{"display_name":"Giovanni Caputo","author_link":"https:\/\/www.caritasbaribitonto.it\/public\/home\/author\/admin\/"},"uagb_comment_info":0,"uagb_excerpt":"Dal Vangelo secondo Luca (Lc 15, 1-32) In quel tempo, si avvicinavano a Ges\u00f9 tutti i pubblicani e i peccatori [&hellip;]","_links":{"self":[{"href":"https:\/\/www.caritasbaribitonto.it\/public\/home\/wp-json\/wp\/v2\/posts\/1302","targetHints":{"allow":["GET"]}}],"collection":[{"href":"https:\/\/www.caritasbaribitonto.it\/public\/home\/wp-json\/wp\/v2\/posts"}],"about":[{"href":"https:\/\/www.caritasbaribitonto.it\/public\/home\/wp-json\/wp\/v2\/types\/post"}],"author":[{"embeddable":true,"href":"https:\/\/www.caritasbaribitonto.it\/public\/home\/wp-json\/wp\/v2\/users\/1"}],"replies":[{"embeddable":true,"href":"https:\/\/www.caritasbaribitonto.it\/public\/home\/wp-json\/wp\/v2\/comments?post=1302"}],"version-history":[{"count":0,"href":"https:\/\/www.caritasbaribitonto.it\/public\/home\/wp-json\/wp\/v2\/posts\/1302\/revisions"}],"wp:attachment":[{"href":"https:\/\/www.caritasbaribitonto.it\/public\/home\/wp-json\/wp\/v2\/media?parent=1302"}],"wp:term":[{"taxonomy":"category","embeddable":true,"href":"https:\/\/www.caritasbaribitonto.it\/public\/home\/wp-json\/wp\/v2\/categories?post=1302"},{"taxonomy":"post_tag","embeddable":true,"href":"https:\/\/www.caritasbaribitonto.it\/public\/home\/wp-json\/wp\/v2\/tags?post=1302"}],"curies":[{"name":"wp","href":"https:\/\/api.w.org\/{rel}","templated":true}]}}