{"id":1271,"date":"2010-09-03T19:59:24","date_gmt":"2010-09-03T17:59:24","guid":{"rendered":"http:\/\/www.caritasbaribitonto.it\/public\/home\/?p=1271"},"modified":"2010-09-03T19:59:24","modified_gmt":"2010-09-03T17:59:24","slug":"xxiii-domenica-del-tempo-ordinario-anno-c-domenica-5-settembre-2010","status":"publish","type":"post","link":"https:\/\/www.caritasbaribitonto.it\/public\/home\/2010\/09\/xxiii-domenica-del-tempo-ordinario-anno-c-domenica-5-settembre-2010\/","title":{"rendered":"XXIII DOMENICA DEL TEMPO ORDINARIO (ANNO C) &#8211; Domenica 5 Settembre 2010"},"content":{"rendered":"<p><span style=\"color: #993300;\"><em><strong>Dal Vangelo secondo Luca <em>(Lc 14,25-33)<\/em><\/strong><\/em><\/p>\n<p><\/span> <em><span style=\"color: #993300;\"><img loading=\"lazy\" decoding=\"async\" class=\"alignleft\" src=\"http:\/\/www.lachiesa.it\/liturgia\/allegati\/icone\/CO230.jpg\" alt=\"\" width=\"97\" height=\"124\" \/>In quel tempo, una folla numerosa andava con Ges\u00f9. Egli si volt\u00f2 e disse loro:<br \/>\n\u00abSe uno viene a me e non mi ama pi\u00f9 di quanto ami suo padre, la madre,  la moglie, i figli, i fratelli, le sorelle e perfino la propria vita,  non pu\u00f2 essere mio discepolo.<br \/>\nColui che non porta la propria croce e non viene dietro a me, non pu\u00f2 essere mio discepolo.<br \/>\nChi di voi, volendo costruire una torre, non siede prima a calcolare la  spesa e a vedere se ha i mezzi per portarla a termine? Per evitare che,  se getta le fondamenta e non \u00e8 in grado di finire il lavoro, tutti  coloro che vedono comincino a deriderlo, dicendo: \u201cCostui ha iniziato a  costruire, ma non \u00e8 stato capace di finire il lavoro\u201d.<br \/>\nOppure quale re, partendo in guerra contro un altro re, non siede prima a  esaminare se pu\u00f2 affrontare con diecimila uomini chi gli viene incontro  con ventimila? Se no, mentre l\u2019altro \u00e8 ancora lontano, gli manda dei  messaggeri per chiedere pace.<br \/>\nCos\u00ec chiunque di voi non rinuncia a tutti i suoi averi, non pu\u00f2 essere mio discepolo\u00bb.<\/span><\/em><\/p>\n<p>Sembra che il messaggio proposto da Ges\u00f9 sia molto duro. Un distacco da tutti, anche dalla parentela pi\u00f9 stretta. I vincoli famigliari sono addirittura messi al bando. Inoltre un richiamo a portare la croce per poter essere discepoli.<\/p>\n<p>In realt\u00e0 non si tratta di una sequela fatta di privazioni e costrizioni, ma di un richiamo alla fermezza e soprattutto a non confondere la sequela con itinerari di discontinuit\u00e0 ed emotivit\u00e0. Spesso, infatti, si accoglie il messaggio evangelico, ma tutto finisce per esplodere come una bolla di sapone che non provoca danni e non crea futuro. La sequela, al contrario, richiede che ci sia un lavoro continuo e che non ci si arrenda alla prima difficolt\u00e0.<\/p>\n<p>La difficolt\u00e0 di oggi nel nostro mondo della precariet\u00e0 sta proprio nel non terminare mai il cammino intrapreso. Tutto finisce per essere relativo e tutto \u00e8 limitato a qualcosa di momentaneo. <strong><span style=\"color: #993300;\">Ges\u00f9 ci propone non una comunit\u00e0 degli orari o da ufficio, ma una comunit\u00e0 senza orari e senza limiti di sforzo.<\/span><\/strong><\/p>\n<p>Nel nostro tempo della globalizzazione dove tutto \u00e8 relativo e dove la croce \u00e8 solamente appesa alle pareti, il messaggio di Ges\u00f9 \u00e8 chiaramente urgente. La risposta chiara a cui siamo chiamati \u00e8 quella di essere tenaci e fermi e di non tradire gli impegni presi.\u00a0\u00a0 Ges\u00f9 \u00e8 la speranza per chi crede ancora che bisogna abbattere l\u2019indebitamento mondiale, per chi intende collaborare nel creare lavoro, per chi vuole impegnarsi nell\u2019educare alla pace e alla giustizia, per chi si pone dalla parte dei perdenti affetto, per chi non trascura i bambini e non appoggia lo stolking, per chi non scende a patti con la massoneria e le mafie. Tutto ci\u00f2 richiede un lavoro continuo e soprattutto collaborativo di comunit\u00e0.<\/p>\n<p>E\u2019 il tempo della comunit\u00e0 dei senza orari che sanno ricominciare, senza dimenticare di non fermarsi e di continuare a gridare che il grido dei poveri non \u00e8 stato strozzato sulla croce.<\/p>\n<p>Il Direttore<\/p>\n<p>don Antonio Ruccia<\/p>\n<p><span style=\"color: #993300;\"><strong><br \/>\n<\/strong><\/span><\/p>\n","protected":false},"excerpt":{"rendered":"<p>Dal Vangelo secondo Luca (Lc 14,25-33) In quel tempo, una folla numerosa andava con Ges\u00f9. Egli si volt\u00f2 e disse [&hellip;]<\/p>\n","protected":false},"author":1,"featured_media":0,"comment_status":"closed","ping_status":"open","sticky":false,"template":"","format":"standard","meta":{"_uag_custom_page_level_css":"","site-sidebar-layout":"default","site-content-layout":"","ast-site-content-layout":"default","site-content-style":"default","site-sidebar-style":"default","ast-global-header-display":"","ast-banner-title-visibility":"","ast-main-header-display":"","ast-hfb-above-header-display":"","ast-hfb-below-header-display":"","ast-hfb-mobile-header-display":"","site-post-title":"","ast-breadcrumbs-content":"","ast-featured-img":"","footer-sml-layout":"","theme-transparent-header-meta":"","adv-header-id-meta":"","stick-header-meta":"","header-above-stick-meta":"","header-main-stick-meta":"","header-below-stick-meta":"","astra-migrate-meta-layouts":"default","ast-page-background-enabled":"default","ast-page-background-meta":{"desktop":{"background-color":"var(--ast-global-color-5)","background-image":"","background-repeat":"repeat","background-position":"center center","background-size":"auto","background-attachment":"scroll","background-type":"","background-media":"","overlay-type":"","overlay-color":"","overlay-opacity":"","overlay-gradient":""},"tablet":{"background-color":"","background-image":"","background-repeat":"repeat","background-position":"center center","background-size":"auto","background-attachment":"scroll","background-type":"","background-media":"","overlay-type":"","overlay-color":"","overlay-opacity":"","overlay-gradient":""},"mobile":{"background-color":"","background-image":"","background-repeat":"repeat","background-position":"center center","background-size":"auto","background-attachment":"scroll","background-type":"","background-media":"","overlay-type":"","overlay-color":"","overlay-opacity":"","overlay-gradient":""}},"ast-content-background-meta":{"desktop":{"background-color":"var(--ast-global-color-4)","background-image":"","background-repeat":"repeat","background-position":"center center","background-size":"auto","background-attachment":"scroll","background-type":"","background-media":"","overlay-type":"","overlay-color":"","overlay-opacity":"","overlay-gradient":""},"tablet":{"background-color":"var(--ast-global-color-4)","background-image":"","background-repeat":"repeat","background-position":"center center","background-size":"auto","background-attachment":"scroll","background-type":"","background-media":"","overlay-type":"","overlay-color":"","overlay-opacity":"","overlay-gradient":""},"mobile":{"background-color":"var(--ast-global-color-4)","background-image":"","background-repeat":"repeat","background-position":"center center","background-size":"auto","background-attachment":"scroll","background-type":"","background-media":"","overlay-type":"","overlay-color":"","overlay-opacity":"","overlay-gradient":""}},"footnotes":""},"categories":[20],"tags":[35,62],"class_list":["post-1271","post","type-post","status-publish","format-standard","hentry","category-commenti-vangelo","tag-commento-al-vangelo","tag-vangelo-domenicale"],"gutentor_comment":0,"yoast_head":"<!-- This site is optimized with the Yoast SEO plugin v26.8 - https:\/\/yoast.com\/product\/yoast-seo-wordpress\/ -->\r\n<title>XXIII DOMENICA DEL TEMPO ORDINARIO (ANNO C) - Domenica 5 Settembre 2010 - Caritas Diocesana Bari-Bitonto<\/title>\r\n<meta name=\"robots\" content=\"index, follow, max-snippet:-1, max-image-preview:large, max-video-preview:-1\" \/>\r\n<link rel=\"canonical\" href=\"https:\/\/www.caritasbaribitonto.it\/public\/home\/2010\/09\/xxiii-domenica-del-tempo-ordinario-anno-c-domenica-5-settembre-2010\/\" \/>\r\n<meta property=\"og:locale\" content=\"it_IT\" \/>\r\n<meta property=\"og:type\" content=\"article\" \/>\r\n<meta property=\"og:title\" content=\"XXIII DOMENICA DEL TEMPO ORDINARIO (ANNO C) - Domenica 5 Settembre 2010 - Caritas Diocesana Bari-Bitonto\" \/>\r\n<meta property=\"og:description\" content=\"Dal Vangelo secondo Luca (Lc 14,25-33) In quel tempo, una folla numerosa andava con Ges\u00f9. Egli si volt\u00f2 e disse [&hellip;]\" \/>\r\n<meta property=\"og:url\" content=\"https:\/\/www.caritasbaribitonto.it\/public\/home\/2010\/09\/xxiii-domenica-del-tempo-ordinario-anno-c-domenica-5-settembre-2010\/\" \/>\r\n<meta property=\"og:site_name\" content=\"Caritas Diocesana Bari-Bitonto\" \/>\r\n<meta property=\"article:publisher\" content=\"https:\/\/www.facebook.com\/pages\/Caritas-Diocesana-Bari-Bitonto\/533981476753770\" \/>\r\n<meta property=\"article:published_time\" content=\"2010-09-03T17:59:24+00:00\" \/>\r\n<meta property=\"og:image\" content=\"http:\/\/www.lachiesa.it\/liturgia\/allegati\/icone\/CO230.jpg\" \/>\r\n<meta name=\"author\" content=\"Giovanni Caputo\" \/>\r\n<meta name=\"twitter:card\" content=\"summary_large_image\" \/>\r\n<meta name=\"twitter:label1\" content=\"Scritto da\" \/>\n\t<meta name=\"twitter:data1\" content=\"Giovanni Caputo\" \/>\n\t<meta name=\"twitter:label2\" content=\"Tempo di lettura stimato\" \/>\n\t<meta name=\"twitter:data2\" content=\"3 minuti\" \/>\r\n<script type=\"application\/ld+json\" class=\"yoast-schema-graph\">{\"@context\":\"https:\/\/schema.org\",\"@graph\":[{\"@type\":\"Article\",\"@id\":\"https:\/\/www.caritasbaribitonto.it\/public\/home\/2010\/09\/xxiii-domenica-del-tempo-ordinario-anno-c-domenica-5-settembre-2010\/#article\",\"isPartOf\":{\"@id\":\"https:\/\/www.caritasbaribitonto.it\/public\/home\/2010\/09\/xxiii-domenica-del-tempo-ordinario-anno-c-domenica-5-settembre-2010\/\"},\"author\":{\"name\":\"Giovanni Caputo\",\"@id\":\"https:\/\/www.caritasbaribitonto.it\/public\/home\/#\/schema\/person\/06b333402b70fdadb662b68974e8c97a\"},\"headline\":\"XXIII DOMENICA DEL TEMPO ORDINARIO (ANNO C) &#8211; Domenica 5 Settembre 2010\",\"datePublished\":\"2010-09-03T17:59:24+00:00\",\"mainEntityOfPage\":{\"@id\":\"https:\/\/www.caritasbaribitonto.it\/public\/home\/2010\/09\/xxiii-domenica-del-tempo-ordinario-anno-c-domenica-5-settembre-2010\/\"},\"wordCount\":520,\"publisher\":{\"@id\":\"https:\/\/www.caritasbaribitonto.it\/public\/home\/#organization\"},\"image\":{\"@id\":\"https:\/\/www.caritasbaribitonto.it\/public\/home\/2010\/09\/xxiii-domenica-del-tempo-ordinario-anno-c-domenica-5-settembre-2010\/#primaryimage\"},\"thumbnailUrl\":\"http:\/\/www.lachiesa.it\/liturgia\/allegati\/icone\/CO230.jpg\",\"keywords\":[\"commento al vangelo\",\"vangelo domenicale\"],\"articleSection\":[\"Commenti Vangelo\"],\"inLanguage\":\"it-IT\"},{\"@type\":\"WebPage\",\"@id\":\"https:\/\/www.caritasbaribitonto.it\/public\/home\/2010\/09\/xxiii-domenica-del-tempo-ordinario-anno-c-domenica-5-settembre-2010\/\",\"url\":\"https:\/\/www.caritasbaribitonto.it\/public\/home\/2010\/09\/xxiii-domenica-del-tempo-ordinario-anno-c-domenica-5-settembre-2010\/\",\"name\":\"XXIII DOMENICA DEL TEMPO ORDINARIO (ANNO C) - Domenica 5 Settembre 2010 - Caritas Diocesana Bari-Bitonto\",\"isPartOf\":{\"@id\":\"https:\/\/www.caritasbaribitonto.it\/public\/home\/#website\"},\"primaryImageOfPage\":{\"@id\":\"https:\/\/www.caritasbaribitonto.it\/public\/home\/2010\/09\/xxiii-domenica-del-tempo-ordinario-anno-c-domenica-5-settembre-2010\/#primaryimage\"},\"image\":{\"@id\":\"https:\/\/www.caritasbaribitonto.it\/public\/home\/2010\/09\/xxiii-domenica-del-tempo-ordinario-anno-c-domenica-5-settembre-2010\/#primaryimage\"},\"thumbnailUrl\":\"http:\/\/www.lachiesa.it\/liturgia\/allegati\/icone\/CO230.jpg\",\"datePublished\":\"2010-09-03T17:59:24+00:00\",\"breadcrumb\":{\"@id\":\"https:\/\/www.caritasbaribitonto.it\/public\/home\/2010\/09\/xxiii-domenica-del-tempo-ordinario-anno-c-domenica-5-settembre-2010\/#breadcrumb\"},\"inLanguage\":\"it-IT\",\"potentialAction\":[{\"@type\":\"ReadAction\",\"target\":[\"https:\/\/www.caritasbaribitonto.it\/public\/home\/2010\/09\/xxiii-domenica-del-tempo-ordinario-anno-c-domenica-5-settembre-2010\/\"]}]},{\"@type\":\"ImageObject\",\"inLanguage\":\"it-IT\",\"@id\":\"https:\/\/www.caritasbaribitonto.it\/public\/home\/2010\/09\/xxiii-domenica-del-tempo-ordinario-anno-c-domenica-5-settembre-2010\/#primaryimage\",\"url\":\"http:\/\/www.lachiesa.it\/liturgia\/allegati\/icone\/CO230.jpg\",\"contentUrl\":\"http:\/\/www.lachiesa.it\/liturgia\/allegati\/icone\/CO230.jpg\"},{\"@type\":\"BreadcrumbList\",\"@id\":\"https:\/\/www.caritasbaribitonto.it\/public\/home\/2010\/09\/xxiii-domenica-del-tempo-ordinario-anno-c-domenica-5-settembre-2010\/#breadcrumb\",\"itemListElement\":[{\"@type\":\"ListItem\",\"position\":1,\"name\":\"Home\",\"item\":\"https:\/\/www.caritasbaribitonto.it\/public\/home\/\"},{\"@type\":\"ListItem\",\"position\":2,\"name\":\"XXIII DOMENICA DEL TEMPO ORDINARIO (ANNO C) &#8211; Domenica 5 Settembre 2010\"}]},{\"@type\":\"WebSite\",\"@id\":\"https:\/\/www.caritasbaribitonto.it\/public\/home\/#website\",\"url\":\"https:\/\/www.caritasbaribitonto.it\/public\/home\/\",\"name\":\"Caritas Diocesana Bari-Bitonto\",\"description\":\"I santi della porta accanto\",\"publisher\":{\"@id\":\"https:\/\/www.caritasbaribitonto.it\/public\/home\/#organization\"},\"potentialAction\":[{\"@type\":\"SearchAction\",\"target\":{\"@type\":\"EntryPoint\",\"urlTemplate\":\"https:\/\/www.caritasbaribitonto.it\/public\/home\/?s={search_term_string}\"},\"query-input\":{\"@type\":\"PropertyValueSpecification\",\"valueRequired\":true,\"valueName\":\"search_term_string\"}}],\"inLanguage\":\"it-IT\"},{\"@type\":\"Organization\",\"@id\":\"https:\/\/www.caritasbaribitonto.it\/public\/home\/#organization\",\"name\":\"Caritas Diocesana Bari-Bitonto\",\"url\":\"https:\/\/www.caritasbaribitonto.it\/public\/home\/\",\"logo\":{\"@type\":\"ImageObject\",\"inLanguage\":\"it-IT\",\"@id\":\"https:\/\/www.caritasbaribitonto.it\/public\/home\/#\/schema\/logo\/image\/\",\"url\":\"https:\/\/www.caritasbaribitonto.it\/public\/home\/img\/uploads\/2025\/02\/cropped-cropped-caritas2025_350x112.png\",\"contentUrl\":\"https:\/\/www.caritasbaribitonto.it\/public\/home\/img\/uploads\/2025\/02\/cropped-cropped-caritas2025_350x112.png\",\"width\":350,\"height\":112,\"caption\":\"Caritas Diocesana Bari-Bitonto\"},\"image\":{\"@id\":\"https:\/\/www.caritasbaribitonto.it\/public\/home\/#\/schema\/logo\/image\/\"},\"sameAs\":[\"https:\/\/www.facebook.com\/pages\/Caritas-Diocesana-Bari-Bitonto\/533981476753770\"]},{\"@type\":\"Person\",\"@id\":\"https:\/\/www.caritasbaribitonto.it\/public\/home\/#\/schema\/person\/06b333402b70fdadb662b68974e8c97a\",\"name\":\"Giovanni Caputo\",\"image\":{\"@type\":\"ImageObject\",\"inLanguage\":\"it-IT\",\"@id\":\"https:\/\/www.caritasbaribitonto.it\/public\/home\/#\/schema\/person\/image\/\",\"url\":\"https:\/\/secure.gravatar.com\/avatar\/6c7e9d4e1e2394bfa4e38377bd0b5e03cbf0c79e27918e6497d3f408f89d0d3b?s=96&d=identicon&r=g\",\"contentUrl\":\"https:\/\/secure.gravatar.com\/avatar\/6c7e9d4e1e2394bfa4e38377bd0b5e03cbf0c79e27918e6497d3f408f89d0d3b?s=96&d=identicon&r=g\",\"caption\":\"Giovanni Caputo\"},\"url\":\"https:\/\/www.caritasbaribitonto.it\/public\/home\/author\/admin\/\"}]}<\/script>\r\n<!-- \/ Yoast SEO plugin. -->","yoast_head_json":{"title":"XXIII DOMENICA DEL TEMPO ORDINARIO (ANNO C) - Domenica 5 Settembre 2010 - Caritas Diocesana Bari-Bitonto","robots":{"index":"index","follow":"follow","max-snippet":"max-snippet:-1","max-image-preview":"max-image-preview:large","max-video-preview":"max-video-preview:-1"},"canonical":"https:\/\/www.caritasbaribitonto.it\/public\/home\/2010\/09\/xxiii-domenica-del-tempo-ordinario-anno-c-domenica-5-settembre-2010\/","og_locale":"it_IT","og_type":"article","og_title":"XXIII DOMENICA DEL TEMPO ORDINARIO (ANNO C) - Domenica 5 Settembre 2010 - Caritas Diocesana Bari-Bitonto","og_description":"Dal Vangelo secondo Luca (Lc 14,25-33) In quel tempo, una folla numerosa andava con Ges\u00f9. Egli si volt\u00f2 e disse [&hellip;]","og_url":"https:\/\/www.caritasbaribitonto.it\/public\/home\/2010\/09\/xxiii-domenica-del-tempo-ordinario-anno-c-domenica-5-settembre-2010\/","og_site_name":"Caritas Diocesana Bari-Bitonto","article_publisher":"https:\/\/www.facebook.com\/pages\/Caritas-Diocesana-Bari-Bitonto\/533981476753770","article_published_time":"2010-09-03T17:59:24+00:00","og_image":[{"url":"http:\/\/www.lachiesa.it\/liturgia\/allegati\/icone\/CO230.jpg","type":"","width":"","height":""}],"author":"Giovanni Caputo","twitter_card":"summary_large_image","twitter_misc":{"Scritto da":"Giovanni Caputo","Tempo di lettura stimato":"3 minuti"},"schema":{"@context":"https:\/\/schema.org","@graph":[{"@type":"Article","@id":"https:\/\/www.caritasbaribitonto.it\/public\/home\/2010\/09\/xxiii-domenica-del-tempo-ordinario-anno-c-domenica-5-settembre-2010\/#article","isPartOf":{"@id":"https:\/\/www.caritasbaribitonto.it\/public\/home\/2010\/09\/xxiii-domenica-del-tempo-ordinario-anno-c-domenica-5-settembre-2010\/"},"author":{"name":"Giovanni Caputo","@id":"https:\/\/www.caritasbaribitonto.it\/public\/home\/#\/schema\/person\/06b333402b70fdadb662b68974e8c97a"},"headline":"XXIII DOMENICA DEL TEMPO ORDINARIO (ANNO C) &#8211; Domenica 5 Settembre 2010","datePublished":"2010-09-03T17:59:24+00:00","mainEntityOfPage":{"@id":"https:\/\/www.caritasbaribitonto.it\/public\/home\/2010\/09\/xxiii-domenica-del-tempo-ordinario-anno-c-domenica-5-settembre-2010\/"},"wordCount":520,"publisher":{"@id":"https:\/\/www.caritasbaribitonto.it\/public\/home\/#organization"},"image":{"@id":"https:\/\/www.caritasbaribitonto.it\/public\/home\/2010\/09\/xxiii-domenica-del-tempo-ordinario-anno-c-domenica-5-settembre-2010\/#primaryimage"},"thumbnailUrl":"http:\/\/www.lachiesa.it\/liturgia\/allegati\/icone\/CO230.jpg","keywords":["commento al vangelo","vangelo domenicale"],"articleSection":["Commenti Vangelo"],"inLanguage":"it-IT"},{"@type":"WebPage","@id":"https:\/\/www.caritasbaribitonto.it\/public\/home\/2010\/09\/xxiii-domenica-del-tempo-ordinario-anno-c-domenica-5-settembre-2010\/","url":"https:\/\/www.caritasbaribitonto.it\/public\/home\/2010\/09\/xxiii-domenica-del-tempo-ordinario-anno-c-domenica-5-settembre-2010\/","name":"XXIII DOMENICA DEL TEMPO ORDINARIO (ANNO C) - Domenica 5 Settembre 2010 - Caritas Diocesana Bari-Bitonto","isPartOf":{"@id":"https:\/\/www.caritasbaribitonto.it\/public\/home\/#website"},"primaryImageOfPage":{"@id":"https:\/\/www.caritasbaribitonto.it\/public\/home\/2010\/09\/xxiii-domenica-del-tempo-ordinario-anno-c-domenica-5-settembre-2010\/#primaryimage"},"image":{"@id":"https:\/\/www.caritasbaribitonto.it\/public\/home\/2010\/09\/xxiii-domenica-del-tempo-ordinario-anno-c-domenica-5-settembre-2010\/#primaryimage"},"thumbnailUrl":"http:\/\/www.lachiesa.it\/liturgia\/allegati\/icone\/CO230.jpg","datePublished":"2010-09-03T17:59:24+00:00","breadcrumb":{"@id":"https:\/\/www.caritasbaribitonto.it\/public\/home\/2010\/09\/xxiii-domenica-del-tempo-ordinario-anno-c-domenica-5-settembre-2010\/#breadcrumb"},"inLanguage":"it-IT","potentialAction":[{"@type":"ReadAction","target":["https:\/\/www.caritasbaribitonto.it\/public\/home\/2010\/09\/xxiii-domenica-del-tempo-ordinario-anno-c-domenica-5-settembre-2010\/"]}]},{"@type":"ImageObject","inLanguage":"it-IT","@id":"https:\/\/www.caritasbaribitonto.it\/public\/home\/2010\/09\/xxiii-domenica-del-tempo-ordinario-anno-c-domenica-5-settembre-2010\/#primaryimage","url":"http:\/\/www.lachiesa.it\/liturgia\/allegati\/icone\/CO230.jpg","contentUrl":"http:\/\/www.lachiesa.it\/liturgia\/allegati\/icone\/CO230.jpg"},{"@type":"BreadcrumbList","@id":"https:\/\/www.caritasbaribitonto.it\/public\/home\/2010\/09\/xxiii-domenica-del-tempo-ordinario-anno-c-domenica-5-settembre-2010\/#breadcrumb","itemListElement":[{"@type":"ListItem","position":1,"name":"Home","item":"https:\/\/www.caritasbaribitonto.it\/public\/home\/"},{"@type":"ListItem","position":2,"name":"XXIII DOMENICA DEL TEMPO ORDINARIO (ANNO C) &#8211; Domenica 5 Settembre 2010"}]},{"@type":"WebSite","@id":"https:\/\/www.caritasbaribitonto.it\/public\/home\/#website","url":"https:\/\/www.caritasbaribitonto.it\/public\/home\/","name":"Caritas Diocesana Bari-Bitonto","description":"I santi della porta accanto","publisher":{"@id":"https:\/\/www.caritasbaribitonto.it\/public\/home\/#organization"},"potentialAction":[{"@type":"SearchAction","target":{"@type":"EntryPoint","urlTemplate":"https:\/\/www.caritasbaribitonto.it\/public\/home\/?s={search_term_string}"},"query-input":{"@type":"PropertyValueSpecification","valueRequired":true,"valueName":"search_term_string"}}],"inLanguage":"it-IT"},{"@type":"Organization","@id":"https:\/\/www.caritasbaribitonto.it\/public\/home\/#organization","name":"Caritas Diocesana Bari-Bitonto","url":"https:\/\/www.caritasbaribitonto.it\/public\/home\/","logo":{"@type":"ImageObject","inLanguage":"it-IT","@id":"https:\/\/www.caritasbaribitonto.it\/public\/home\/#\/schema\/logo\/image\/","url":"https:\/\/www.caritasbaribitonto.it\/public\/home\/img\/uploads\/2025\/02\/cropped-cropped-caritas2025_350x112.png","contentUrl":"https:\/\/www.caritasbaribitonto.it\/public\/home\/img\/uploads\/2025\/02\/cropped-cropped-caritas2025_350x112.png","width":350,"height":112,"caption":"Caritas Diocesana Bari-Bitonto"},"image":{"@id":"https:\/\/www.caritasbaribitonto.it\/public\/home\/#\/schema\/logo\/image\/"},"sameAs":["https:\/\/www.facebook.com\/pages\/Caritas-Diocesana-Bari-Bitonto\/533981476753770"]},{"@type":"Person","@id":"https:\/\/www.caritasbaribitonto.it\/public\/home\/#\/schema\/person\/06b333402b70fdadb662b68974e8c97a","name":"Giovanni Caputo","image":{"@type":"ImageObject","inLanguage":"it-IT","@id":"https:\/\/www.caritasbaribitonto.it\/public\/home\/#\/schema\/person\/image\/","url":"https:\/\/secure.gravatar.com\/avatar\/6c7e9d4e1e2394bfa4e38377bd0b5e03cbf0c79e27918e6497d3f408f89d0d3b?s=96&d=identicon&r=g","contentUrl":"https:\/\/secure.gravatar.com\/avatar\/6c7e9d4e1e2394bfa4e38377bd0b5e03cbf0c79e27918e6497d3f408f89d0d3b?s=96&d=identicon&r=g","caption":"Giovanni Caputo"},"url":"https:\/\/www.caritasbaribitonto.it\/public\/home\/author\/admin\/"}]}},"jetpack_featured_media_url":"","uagb_featured_image_src":{"full":false,"thumbnail":false,"medium":false,"medium_large":false,"large":false,"1536x1536":false,"2048x2048":false},"uagb_author_info":{"display_name":"Giovanni Caputo","author_link":"https:\/\/www.caritasbaribitonto.it\/public\/home\/author\/admin\/"},"uagb_comment_info":0,"uagb_excerpt":"Dal Vangelo secondo Luca (Lc 14,25-33) In quel tempo, una folla numerosa andava con Ges\u00f9. Egli si volt\u00f2 e disse [&hellip;]","_links":{"self":[{"href":"https:\/\/www.caritasbaribitonto.it\/public\/home\/wp-json\/wp\/v2\/posts\/1271","targetHints":{"allow":["GET"]}}],"collection":[{"href":"https:\/\/www.caritasbaribitonto.it\/public\/home\/wp-json\/wp\/v2\/posts"}],"about":[{"href":"https:\/\/www.caritasbaribitonto.it\/public\/home\/wp-json\/wp\/v2\/types\/post"}],"author":[{"embeddable":true,"href":"https:\/\/www.caritasbaribitonto.it\/public\/home\/wp-json\/wp\/v2\/users\/1"}],"replies":[{"embeddable":true,"href":"https:\/\/www.caritasbaribitonto.it\/public\/home\/wp-json\/wp\/v2\/comments?post=1271"}],"version-history":[{"count":0,"href":"https:\/\/www.caritasbaribitonto.it\/public\/home\/wp-json\/wp\/v2\/posts\/1271\/revisions"}],"wp:attachment":[{"href":"https:\/\/www.caritasbaribitonto.it\/public\/home\/wp-json\/wp\/v2\/media?parent=1271"}],"wp:term":[{"taxonomy":"category","embeddable":true,"href":"https:\/\/www.caritasbaribitonto.it\/public\/home\/wp-json\/wp\/v2\/categories?post=1271"},{"taxonomy":"post_tag","embeddable":true,"href":"https:\/\/www.caritasbaribitonto.it\/public\/home\/wp-json\/wp\/v2\/tags?post=1271"}],"curies":[{"name":"wp","href":"https:\/\/api.w.org\/{rel}","templated":true}]}}