{"id":1261,"date":"2010-08-19T19:22:33","date_gmt":"2010-08-19T17:22:33","guid":{"rendered":"http:\/\/www.caritasbaribitonto.it\/public\/home\/?p=1261"},"modified":"2010-08-19T19:24:31","modified_gmt":"2010-08-19T17:24:31","slug":"una-comunita-allargata-domenica-22-agosto-2010","status":"publish","type":"post","link":"https:\/\/www.caritasbaribitonto.it\/public\/home\/2010\/08\/una-comunita-allargata-domenica-22-agosto-2010\/","title":{"rendered":"UNA COMUNITA\u2019 ALLARGATA &#8211; Domenica 22 Agosto 2010"},"content":{"rendered":"<p><em><span style=\"color: #993300;\"><strong>Dal Vangelo secondo Luca<strong> <\/strong><em>(Lc 13,22-30)<\/em><\/strong><\/span><\/em><\/p>\n<p><em><img loading=\"lazy\" decoding=\"async\" class=\"alignleft\" src=\"http:\/\/www.lachiesa.it\/liturgia\/allegati\/icone\/CO210.jpg\" alt=\"\" width=\"88\" height=\"114\" \/><span style=\"color: #993300;\">In quel tempo, Ges\u00f9 passava insegnando per citt\u00e0 e villaggi, mentre era in cammino verso Gerusalemme. <\/span><span style=\"color: #993300;\"><br \/>\nUn tale gli chiese: \u00abSignore, sono pochi quelli che si salvano?\u00bb.<br \/>\nDisse loro: \u00abSforzatevi di entrare per la porta stretta, perch\u00e9 molti, io vi dico, cercheranno di entrare, ma non ci riusciranno.<br \/>\nQuando il padrone di casa si alzer\u00e0 e chiuder\u00e0 la porta, voi, rimasti fuori, comincerete a bussare alla porta, dicendo: \u201cSignore, aprici!\u201d. Ma egli vi risponder\u00e0: \u201cNon so di dove siete\u201d. Allora comincerete a dire: \u201cAbbiamo mangiato e bevuto in tua presenza e tu hai insegnato nelle nostre piazze\u201d. Ma egli vi dichiarer\u00e0: \u201cVoi, non so di dove siete. Allontanatevi da me, voi tutti operatori di ingiustizia!\u201d.<br \/>\nL\u00e0 ci sar\u00e0 pianto e stridore di denti, quando vedrete Abramo, Isacco e Giacobbe e tutti i profeti nel regno di Dio, voi invece cacciati fuori.<br \/>\nVerranno da oriente e da occidente, da settentrione e da mezzogiorno e siederanno a mensa nel regno di Dio. Ed ecco, vi sono ultimi che saranno primi, e vi sono primi che saranno ultimi\u00bb.<\/span><\/em><\/p>\n<p style=\"text-align: center;\"><strong>UNA COMUNITA\u2019 ALLARGATA<\/strong><\/p>\n<p style=\"text-align: center;\">\n<p>Il viaggio di Ges\u00f9 verso Gerusalemme non era un passaggio fugace per i vari villaggi che incrociava nel suo peregrinare. Ne fa fede le persone che corrono verso di lui. Spesso motivate da interessi personali ma tante altre volte \u201cpersone alla ricerca\u201d di quel qualcosa, di una risposta al senso della vita, come succede ancora oggi ai tanti che nella loro \u201c sana inquietudine\u201d tentano di dare una risposta ai loro perch\u00e9.<\/p>\n<p>Il tale che gli chiede il timbro per il passaggio al regno dei cieli, spaventato dai numeri di chi pretende di determinare \u201c il numero dei salvati\u201d, Ges\u00f9 lo invita a non essere superficiale e soprattutto alla coerenza.<\/p>\n<p>Il passaggio non \u00e8 una questione di pratiche meticolose da espletare, ma di esperienze d\u2019amore da realizzare. I criteri di giudizio della salvezza spesso dipendono dalla frequenza agli atti di culto e dalle astensioni da cibi o da pratiche comuni della vita. In realt\u00e0, \u00e8 assettamene il contrario, poich\u00e9 Ges\u00f9 invita a vivere la vita coniugandola con il Vangelo e attuandola con i gesti d\u2019amore da operare nei confronti di tutti.<\/p>\n<p>La comunit\u00e0 di Ges\u00f9, quella Chiesa che Lui ha generato, non \u00e8 per pochi eletti e selezionati giustizialisti. E\u2019 una comunit\u00e0 allargata, sempre pronta all\u2019accoglienza e a proporre a tutti un dialogo e un confronto, perch\u00e9 nessuno sia escluso.<\/p>\n<p>Questa \u00e8 la porta stretta. Non \u00e8 fatta di feritorie o di stretti passaggi, ma di gesti che coinvolgano tutti. Alla mensa del Signore, non si contano gli invitati, ma tutti sono commensali. Dobbiamo passare da <strong>una chiesa dei numeri e delle statistiche ad una comunit\u00e0 allargata. <\/strong>Dobbiamo imparare a lavorare per chi non crede e aprirci al dialogo soprattutto con i non frequentanti, per non finire per gonfiarci solo di aver amministrato i sacramenti.<\/p>\n<p>La comunit\u00e0 allargata ha le porte spalancate ai quattro punti cardinali e sa di dover rimettersi in discussione quotidianamente per incarnare il Vangelo. Nella comunit\u00e0 allargata i numeri si leggono al contrario e l\u2019ultimo \u00e8 solo il primo della vista accolto per sempre nel regno che non ha fine.<\/p>\n<p>Il Direttore<\/p>\n<p>Don Antonio Ruccia\u00a0\u00a0\u00a0\u00a0 <strong> <\/strong><\/p>\n","protected":false},"excerpt":{"rendered":"<p>Dal Vangelo secondo Luca (Lc 13,22-30) In quel tempo, Ges\u00f9 passava insegnando per citt\u00e0 e villaggi, mentre era in cammino [&hellip;]<\/p>\n","protected":false},"author":1,"featured_media":0,"comment_status":"closed","ping_status":"open","sticky":false,"template":"","format":"standard","meta":{"_uag_custom_page_level_css":"","site-sidebar-layout":"default","site-content-layout":"","ast-site-content-layout":"default","site-content-style":"default","site-sidebar-style":"default","ast-global-header-display":"","ast-banner-title-visibility":"","ast-main-header-display":"","ast-hfb-above-header-display":"","ast-hfb-below-header-display":"","ast-hfb-mobile-header-display":"","site-post-title":"","ast-breadcrumbs-content":"","ast-featured-img":"","footer-sml-layout":"","theme-transparent-header-meta":"","adv-header-id-meta":"","stick-header-meta":"","header-above-stick-meta":"","header-main-stick-meta":"","header-below-stick-meta":"","astra-migrate-meta-layouts":"default","ast-page-background-enabled":"default","ast-page-background-meta":{"desktop":{"background-color":"var(--ast-global-color-5)","background-image":"","background-repeat":"repeat","background-position":"center center","background-size":"auto","background-attachment":"scroll","background-type":"","background-media":"","overlay-type":"","overlay-color":"","overlay-opacity":"","overlay-gradient":""},"tablet":{"background-color":"","background-image":"","background-repeat":"repeat","background-position":"center center","background-size":"auto","background-attachment":"scroll","background-type":"","background-media":"","overlay-type":"","overlay-color":"","overlay-opacity":"","overlay-gradient":""},"mobile":{"background-color":"","background-image":"","background-repeat":"repeat","background-position":"center center","background-size":"auto","background-attachment":"scroll","background-type":"","background-media":"","overlay-type":"","overlay-color":"","overlay-opacity":"","overlay-gradient":""}},"ast-content-background-meta":{"desktop":{"background-color":"var(--ast-global-color-4)","background-image":"","background-repeat":"repeat","background-position":"center center","background-size":"auto","background-attachment":"scroll","background-type":"","background-media":"","overlay-type":"","overlay-color":"","overlay-opacity":"","overlay-gradient":""},"tablet":{"background-color":"var(--ast-global-color-4)","background-image":"","background-repeat":"repeat","background-position":"center center","background-size":"auto","background-attachment":"scroll","background-type":"","background-media":"","overlay-type":"","overlay-color":"","overlay-opacity":"","overlay-gradient":""},"mobile":{"background-color":"var(--ast-global-color-4)","background-image":"","background-repeat":"repeat","background-position":"center center","background-size":"auto","background-attachment":"scroll","background-type":"","background-media":"","overlay-type":"","overlay-color":"","overlay-opacity":"","overlay-gradient":""}},"footnotes":""},"categories":[20],"tags":[],"class_list":["post-1261","post","type-post","status-publish","format-standard","hentry","category-commenti-vangelo"],"gutentor_comment":0,"yoast_head":"<!-- This site is optimized with the Yoast SEO plugin v26.8 - https:\/\/yoast.com\/product\/yoast-seo-wordpress\/ -->\r\n<title>UNA COMUNITA\u2019 ALLARGATA - Domenica 22 Agosto 2010 - Caritas Diocesana Bari-Bitonto<\/title>\r\n<meta name=\"robots\" content=\"index, follow, max-snippet:-1, max-image-preview:large, max-video-preview:-1\" \/>\r\n<link rel=\"canonical\" href=\"https:\/\/www.caritasbaribitonto.it\/public\/home\/2010\/08\/una-comunita-allargata-domenica-22-agosto-2010\/\" \/>\r\n<meta property=\"og:locale\" content=\"it_IT\" \/>\r\n<meta property=\"og:type\" content=\"article\" \/>\r\n<meta property=\"og:title\" content=\"UNA COMUNITA\u2019 ALLARGATA - Domenica 22 Agosto 2010 - Caritas Diocesana Bari-Bitonto\" \/>\r\n<meta property=\"og:description\" content=\"Dal Vangelo secondo Luca (Lc 13,22-30) In quel tempo, Ges\u00f9 passava insegnando per citt\u00e0 e villaggi, mentre era in cammino [&hellip;]\" \/>\r\n<meta property=\"og:url\" content=\"https:\/\/www.caritasbaribitonto.it\/public\/home\/2010\/08\/una-comunita-allargata-domenica-22-agosto-2010\/\" \/>\r\n<meta property=\"og:site_name\" content=\"Caritas Diocesana Bari-Bitonto\" \/>\r\n<meta property=\"article:publisher\" content=\"https:\/\/www.facebook.com\/pages\/Caritas-Diocesana-Bari-Bitonto\/533981476753770\" \/>\r\n<meta property=\"article:published_time\" content=\"2010-08-19T17:22:33+00:00\" \/>\r\n<meta property=\"article:modified_time\" content=\"2010-08-19T17:24:31+00:00\" \/>\r\n<meta property=\"og:image\" content=\"http:\/\/www.lachiesa.it\/liturgia\/allegati\/icone\/CO210.jpg\" \/>\r\n<meta name=\"author\" content=\"Giovanni Caputo\" \/>\r\n<meta name=\"twitter:card\" content=\"summary_large_image\" \/>\r\n<meta name=\"twitter:label1\" content=\"Scritto da\" \/>\n\t<meta name=\"twitter:data1\" content=\"Giovanni Caputo\" \/>\n\t<meta name=\"twitter:label2\" content=\"Tempo di lettura stimato\" \/>\n\t<meta name=\"twitter:data2\" content=\"3 minuti\" \/>\r\n<script type=\"application\/ld+json\" class=\"yoast-schema-graph\">{\"@context\":\"https:\/\/schema.org\",\"@graph\":[{\"@type\":\"Article\",\"@id\":\"https:\/\/www.caritasbaribitonto.it\/public\/home\/2010\/08\/una-comunita-allargata-domenica-22-agosto-2010\/#article\",\"isPartOf\":{\"@id\":\"https:\/\/www.caritasbaribitonto.it\/public\/home\/2010\/08\/una-comunita-allargata-domenica-22-agosto-2010\/\"},\"author\":{\"name\":\"Giovanni Caputo\",\"@id\":\"https:\/\/www.caritasbaribitonto.it\/public\/home\/#\/schema\/person\/06b333402b70fdadb662b68974e8c97a\"},\"headline\":\"UNA COMUNITA\u2019 ALLARGATA &#8211; Domenica 22 Agosto 2010\",\"datePublished\":\"2010-08-19T17:22:33+00:00\",\"dateModified\":\"2010-08-19T17:24:31+00:00\",\"mainEntityOfPage\":{\"@id\":\"https:\/\/www.caritasbaribitonto.it\/public\/home\/2010\/08\/una-comunita-allargata-domenica-22-agosto-2010\/\"},\"wordCount\":535,\"publisher\":{\"@id\":\"https:\/\/www.caritasbaribitonto.it\/public\/home\/#organization\"},\"image\":{\"@id\":\"https:\/\/www.caritasbaribitonto.it\/public\/home\/2010\/08\/una-comunita-allargata-domenica-22-agosto-2010\/#primaryimage\"},\"thumbnailUrl\":\"http:\/\/www.lachiesa.it\/liturgia\/allegati\/icone\/CO210.jpg\",\"articleSection\":[\"Commenti Vangelo\"],\"inLanguage\":\"it-IT\"},{\"@type\":\"WebPage\",\"@id\":\"https:\/\/www.caritasbaribitonto.it\/public\/home\/2010\/08\/una-comunita-allargata-domenica-22-agosto-2010\/\",\"url\":\"https:\/\/www.caritasbaribitonto.it\/public\/home\/2010\/08\/una-comunita-allargata-domenica-22-agosto-2010\/\",\"name\":\"UNA COMUNITA\u2019 ALLARGATA - Domenica 22 Agosto 2010 - Caritas Diocesana Bari-Bitonto\",\"isPartOf\":{\"@id\":\"https:\/\/www.caritasbaribitonto.it\/public\/home\/#website\"},\"primaryImageOfPage\":{\"@id\":\"https:\/\/www.caritasbaribitonto.it\/public\/home\/2010\/08\/una-comunita-allargata-domenica-22-agosto-2010\/#primaryimage\"},\"image\":{\"@id\":\"https:\/\/www.caritasbaribitonto.it\/public\/home\/2010\/08\/una-comunita-allargata-domenica-22-agosto-2010\/#primaryimage\"},\"thumbnailUrl\":\"http:\/\/www.lachiesa.it\/liturgia\/allegati\/icone\/CO210.jpg\",\"datePublished\":\"2010-08-19T17:22:33+00:00\",\"dateModified\":\"2010-08-19T17:24:31+00:00\",\"breadcrumb\":{\"@id\":\"https:\/\/www.caritasbaribitonto.it\/public\/home\/2010\/08\/una-comunita-allargata-domenica-22-agosto-2010\/#breadcrumb\"},\"inLanguage\":\"it-IT\",\"potentialAction\":[{\"@type\":\"ReadAction\",\"target\":[\"https:\/\/www.caritasbaribitonto.it\/public\/home\/2010\/08\/una-comunita-allargata-domenica-22-agosto-2010\/\"]}]},{\"@type\":\"ImageObject\",\"inLanguage\":\"it-IT\",\"@id\":\"https:\/\/www.caritasbaribitonto.it\/public\/home\/2010\/08\/una-comunita-allargata-domenica-22-agosto-2010\/#primaryimage\",\"url\":\"http:\/\/www.lachiesa.it\/liturgia\/allegati\/icone\/CO210.jpg\",\"contentUrl\":\"http:\/\/www.lachiesa.it\/liturgia\/allegati\/icone\/CO210.jpg\"},{\"@type\":\"BreadcrumbList\",\"@id\":\"https:\/\/www.caritasbaribitonto.it\/public\/home\/2010\/08\/una-comunita-allargata-domenica-22-agosto-2010\/#breadcrumb\",\"itemListElement\":[{\"@type\":\"ListItem\",\"position\":1,\"name\":\"Home\",\"item\":\"https:\/\/www.caritasbaribitonto.it\/public\/home\/\"},{\"@type\":\"ListItem\",\"position\":2,\"name\":\"UNA COMUNITA\u2019 ALLARGATA &#8211; Domenica 22 Agosto 2010\"}]},{\"@type\":\"WebSite\",\"@id\":\"https:\/\/www.caritasbaribitonto.it\/public\/home\/#website\",\"url\":\"https:\/\/www.caritasbaribitonto.it\/public\/home\/\",\"name\":\"Caritas Diocesana Bari-Bitonto\",\"description\":\"I santi della porta accanto\",\"publisher\":{\"@id\":\"https:\/\/www.caritasbaribitonto.it\/public\/home\/#organization\"},\"potentialAction\":[{\"@type\":\"SearchAction\",\"target\":{\"@type\":\"EntryPoint\",\"urlTemplate\":\"https:\/\/www.caritasbaribitonto.it\/public\/home\/?s={search_term_string}\"},\"query-input\":{\"@type\":\"PropertyValueSpecification\",\"valueRequired\":true,\"valueName\":\"search_term_string\"}}],\"inLanguage\":\"it-IT\"},{\"@type\":\"Organization\",\"@id\":\"https:\/\/www.caritasbaribitonto.it\/public\/home\/#organization\",\"name\":\"Caritas Diocesana Bari-Bitonto\",\"url\":\"https:\/\/www.caritasbaribitonto.it\/public\/home\/\",\"logo\":{\"@type\":\"ImageObject\",\"inLanguage\":\"it-IT\",\"@id\":\"https:\/\/www.caritasbaribitonto.it\/public\/home\/#\/schema\/logo\/image\/\",\"url\":\"https:\/\/www.caritasbaribitonto.it\/public\/home\/img\/uploads\/2025\/02\/cropped-cropped-caritas2025_350x112.png\",\"contentUrl\":\"https:\/\/www.caritasbaribitonto.it\/public\/home\/img\/uploads\/2025\/02\/cropped-cropped-caritas2025_350x112.png\",\"width\":350,\"height\":112,\"caption\":\"Caritas Diocesana Bari-Bitonto\"},\"image\":{\"@id\":\"https:\/\/www.caritasbaribitonto.it\/public\/home\/#\/schema\/logo\/image\/\"},\"sameAs\":[\"https:\/\/www.facebook.com\/pages\/Caritas-Diocesana-Bari-Bitonto\/533981476753770\"]},{\"@type\":\"Person\",\"@id\":\"https:\/\/www.caritasbaribitonto.it\/public\/home\/#\/schema\/person\/06b333402b70fdadb662b68974e8c97a\",\"name\":\"Giovanni Caputo\",\"image\":{\"@type\":\"ImageObject\",\"inLanguage\":\"it-IT\",\"@id\":\"https:\/\/www.caritasbaribitonto.it\/public\/home\/#\/schema\/person\/image\/\",\"url\":\"https:\/\/secure.gravatar.com\/avatar\/6c7e9d4e1e2394bfa4e38377bd0b5e03cbf0c79e27918e6497d3f408f89d0d3b?s=96&d=identicon&r=g\",\"contentUrl\":\"https:\/\/secure.gravatar.com\/avatar\/6c7e9d4e1e2394bfa4e38377bd0b5e03cbf0c79e27918e6497d3f408f89d0d3b?s=96&d=identicon&r=g\",\"caption\":\"Giovanni Caputo\"},\"url\":\"https:\/\/www.caritasbaribitonto.it\/public\/home\/author\/admin\/\"}]}<\/script>\r\n<!-- \/ Yoast SEO plugin. -->","yoast_head_json":{"title":"UNA COMUNITA\u2019 ALLARGATA - Domenica 22 Agosto 2010 - Caritas Diocesana Bari-Bitonto","robots":{"index":"index","follow":"follow","max-snippet":"max-snippet:-1","max-image-preview":"max-image-preview:large","max-video-preview":"max-video-preview:-1"},"canonical":"https:\/\/www.caritasbaribitonto.it\/public\/home\/2010\/08\/una-comunita-allargata-domenica-22-agosto-2010\/","og_locale":"it_IT","og_type":"article","og_title":"UNA COMUNITA\u2019 ALLARGATA - Domenica 22 Agosto 2010 - Caritas Diocesana Bari-Bitonto","og_description":"Dal Vangelo secondo Luca (Lc 13,22-30) In quel tempo, Ges\u00f9 passava insegnando per citt\u00e0 e villaggi, mentre era in cammino [&hellip;]","og_url":"https:\/\/www.caritasbaribitonto.it\/public\/home\/2010\/08\/una-comunita-allargata-domenica-22-agosto-2010\/","og_site_name":"Caritas Diocesana Bari-Bitonto","article_publisher":"https:\/\/www.facebook.com\/pages\/Caritas-Diocesana-Bari-Bitonto\/533981476753770","article_published_time":"2010-08-19T17:22:33+00:00","article_modified_time":"2010-08-19T17:24:31+00:00","og_image":[{"url":"http:\/\/www.lachiesa.it\/liturgia\/allegati\/icone\/CO210.jpg","type":"","width":"","height":""}],"author":"Giovanni Caputo","twitter_card":"summary_large_image","twitter_misc":{"Scritto da":"Giovanni Caputo","Tempo di lettura stimato":"3 minuti"},"schema":{"@context":"https:\/\/schema.org","@graph":[{"@type":"Article","@id":"https:\/\/www.caritasbaribitonto.it\/public\/home\/2010\/08\/una-comunita-allargata-domenica-22-agosto-2010\/#article","isPartOf":{"@id":"https:\/\/www.caritasbaribitonto.it\/public\/home\/2010\/08\/una-comunita-allargata-domenica-22-agosto-2010\/"},"author":{"name":"Giovanni Caputo","@id":"https:\/\/www.caritasbaribitonto.it\/public\/home\/#\/schema\/person\/06b333402b70fdadb662b68974e8c97a"},"headline":"UNA COMUNITA\u2019 ALLARGATA &#8211; Domenica 22 Agosto 2010","datePublished":"2010-08-19T17:22:33+00:00","dateModified":"2010-08-19T17:24:31+00:00","mainEntityOfPage":{"@id":"https:\/\/www.caritasbaribitonto.it\/public\/home\/2010\/08\/una-comunita-allargata-domenica-22-agosto-2010\/"},"wordCount":535,"publisher":{"@id":"https:\/\/www.caritasbaribitonto.it\/public\/home\/#organization"},"image":{"@id":"https:\/\/www.caritasbaribitonto.it\/public\/home\/2010\/08\/una-comunita-allargata-domenica-22-agosto-2010\/#primaryimage"},"thumbnailUrl":"http:\/\/www.lachiesa.it\/liturgia\/allegati\/icone\/CO210.jpg","articleSection":["Commenti Vangelo"],"inLanguage":"it-IT"},{"@type":"WebPage","@id":"https:\/\/www.caritasbaribitonto.it\/public\/home\/2010\/08\/una-comunita-allargata-domenica-22-agosto-2010\/","url":"https:\/\/www.caritasbaribitonto.it\/public\/home\/2010\/08\/una-comunita-allargata-domenica-22-agosto-2010\/","name":"UNA COMUNITA\u2019 ALLARGATA - Domenica 22 Agosto 2010 - Caritas Diocesana Bari-Bitonto","isPartOf":{"@id":"https:\/\/www.caritasbaribitonto.it\/public\/home\/#website"},"primaryImageOfPage":{"@id":"https:\/\/www.caritasbaribitonto.it\/public\/home\/2010\/08\/una-comunita-allargata-domenica-22-agosto-2010\/#primaryimage"},"image":{"@id":"https:\/\/www.caritasbaribitonto.it\/public\/home\/2010\/08\/una-comunita-allargata-domenica-22-agosto-2010\/#primaryimage"},"thumbnailUrl":"http:\/\/www.lachiesa.it\/liturgia\/allegati\/icone\/CO210.jpg","datePublished":"2010-08-19T17:22:33+00:00","dateModified":"2010-08-19T17:24:31+00:00","breadcrumb":{"@id":"https:\/\/www.caritasbaribitonto.it\/public\/home\/2010\/08\/una-comunita-allargata-domenica-22-agosto-2010\/#breadcrumb"},"inLanguage":"it-IT","potentialAction":[{"@type":"ReadAction","target":["https:\/\/www.caritasbaribitonto.it\/public\/home\/2010\/08\/una-comunita-allargata-domenica-22-agosto-2010\/"]}]},{"@type":"ImageObject","inLanguage":"it-IT","@id":"https:\/\/www.caritasbaribitonto.it\/public\/home\/2010\/08\/una-comunita-allargata-domenica-22-agosto-2010\/#primaryimage","url":"http:\/\/www.lachiesa.it\/liturgia\/allegati\/icone\/CO210.jpg","contentUrl":"http:\/\/www.lachiesa.it\/liturgia\/allegati\/icone\/CO210.jpg"},{"@type":"BreadcrumbList","@id":"https:\/\/www.caritasbaribitonto.it\/public\/home\/2010\/08\/una-comunita-allargata-domenica-22-agosto-2010\/#breadcrumb","itemListElement":[{"@type":"ListItem","position":1,"name":"Home","item":"https:\/\/www.caritasbaribitonto.it\/public\/home\/"},{"@type":"ListItem","position":2,"name":"UNA COMUNITA\u2019 ALLARGATA &#8211; Domenica 22 Agosto 2010"}]},{"@type":"WebSite","@id":"https:\/\/www.caritasbaribitonto.it\/public\/home\/#website","url":"https:\/\/www.caritasbaribitonto.it\/public\/home\/","name":"Caritas Diocesana Bari-Bitonto","description":"I santi della porta accanto","publisher":{"@id":"https:\/\/www.caritasbaribitonto.it\/public\/home\/#organization"},"potentialAction":[{"@type":"SearchAction","target":{"@type":"EntryPoint","urlTemplate":"https:\/\/www.caritasbaribitonto.it\/public\/home\/?s={search_term_string}"},"query-input":{"@type":"PropertyValueSpecification","valueRequired":true,"valueName":"search_term_string"}}],"inLanguage":"it-IT"},{"@type":"Organization","@id":"https:\/\/www.caritasbaribitonto.it\/public\/home\/#organization","name":"Caritas Diocesana Bari-Bitonto","url":"https:\/\/www.caritasbaribitonto.it\/public\/home\/","logo":{"@type":"ImageObject","inLanguage":"it-IT","@id":"https:\/\/www.caritasbaribitonto.it\/public\/home\/#\/schema\/logo\/image\/","url":"https:\/\/www.caritasbaribitonto.it\/public\/home\/img\/uploads\/2025\/02\/cropped-cropped-caritas2025_350x112.png","contentUrl":"https:\/\/www.caritasbaribitonto.it\/public\/home\/img\/uploads\/2025\/02\/cropped-cropped-caritas2025_350x112.png","width":350,"height":112,"caption":"Caritas Diocesana Bari-Bitonto"},"image":{"@id":"https:\/\/www.caritasbaribitonto.it\/public\/home\/#\/schema\/logo\/image\/"},"sameAs":["https:\/\/www.facebook.com\/pages\/Caritas-Diocesana-Bari-Bitonto\/533981476753770"]},{"@type":"Person","@id":"https:\/\/www.caritasbaribitonto.it\/public\/home\/#\/schema\/person\/06b333402b70fdadb662b68974e8c97a","name":"Giovanni Caputo","image":{"@type":"ImageObject","inLanguage":"it-IT","@id":"https:\/\/www.caritasbaribitonto.it\/public\/home\/#\/schema\/person\/image\/","url":"https:\/\/secure.gravatar.com\/avatar\/6c7e9d4e1e2394bfa4e38377bd0b5e03cbf0c79e27918e6497d3f408f89d0d3b?s=96&d=identicon&r=g","contentUrl":"https:\/\/secure.gravatar.com\/avatar\/6c7e9d4e1e2394bfa4e38377bd0b5e03cbf0c79e27918e6497d3f408f89d0d3b?s=96&d=identicon&r=g","caption":"Giovanni Caputo"},"url":"https:\/\/www.caritasbaribitonto.it\/public\/home\/author\/admin\/"}]}},"jetpack_featured_media_url":"","uagb_featured_image_src":{"full":false,"thumbnail":false,"medium":false,"medium_large":false,"large":false,"1536x1536":false,"2048x2048":false},"uagb_author_info":{"display_name":"Giovanni Caputo","author_link":"https:\/\/www.caritasbaribitonto.it\/public\/home\/author\/admin\/"},"uagb_comment_info":0,"uagb_excerpt":"Dal Vangelo secondo Luca (Lc 13,22-30) In quel tempo, Ges\u00f9 passava insegnando per citt\u00e0 e villaggi, mentre era in cammino [&hellip;]","_links":{"self":[{"href":"https:\/\/www.caritasbaribitonto.it\/public\/home\/wp-json\/wp\/v2\/posts\/1261","targetHints":{"allow":["GET"]}}],"collection":[{"href":"https:\/\/www.caritasbaribitonto.it\/public\/home\/wp-json\/wp\/v2\/posts"}],"about":[{"href":"https:\/\/www.caritasbaribitonto.it\/public\/home\/wp-json\/wp\/v2\/types\/post"}],"author":[{"embeddable":true,"href":"https:\/\/www.caritasbaribitonto.it\/public\/home\/wp-json\/wp\/v2\/users\/1"}],"replies":[{"embeddable":true,"href":"https:\/\/www.caritasbaribitonto.it\/public\/home\/wp-json\/wp\/v2\/comments?post=1261"}],"version-history":[{"count":0,"href":"https:\/\/www.caritasbaribitonto.it\/public\/home\/wp-json\/wp\/v2\/posts\/1261\/revisions"}],"wp:attachment":[{"href":"https:\/\/www.caritasbaribitonto.it\/public\/home\/wp-json\/wp\/v2\/media?parent=1261"}],"wp:term":[{"taxonomy":"category","embeddable":true,"href":"https:\/\/www.caritasbaribitonto.it\/public\/home\/wp-json\/wp\/v2\/categories?post=1261"},{"taxonomy":"post_tag","embeddable":true,"href":"https:\/\/www.caritasbaribitonto.it\/public\/home\/wp-json\/wp\/v2\/tags?post=1261"}],"curies":[{"name":"wp","href":"https:\/\/api.w.org\/{rel}","templated":true}]}}