{"id":1257,"date":"2010-08-14T10:52:21","date_gmt":"2010-08-14T08:52:21","guid":{"rendered":"http:\/\/www.caritasbaribitonto.it\/public\/home\/?p=1257"},"modified":"2010-08-14T10:53:47","modified_gmt":"2010-08-14T08:53:47","slug":"maria-donna-sollecita-domenica-15-agosto-2010","status":"publish","type":"post","link":"https:\/\/www.caritasbaribitonto.it\/public\/home\/2010\/08\/maria-donna-sollecita-domenica-15-agosto-2010\/","title":{"rendered":"Maria donna sollecita &#8211; Domenica 15 Agosto 2010"},"content":{"rendered":"<p><span style=\"color: #993300;\"><em><strong>Dal Vangelo secondo Luca <em>(Lc 1,39-56)<\/em><\/strong><\/em><\/span><\/p>\n<p><span style=\"color: #993300;\"><em><img loading=\"lazy\" decoding=\"async\" class=\"alignleft\" src=\"http:\/\/www.lachiesa.it\/liturgia\/allegati\/icone\/S0815B.jpg\" alt=\"\" width=\"118\" height=\"154\" \/>In quei giorni Maria si alz\u00f2 e and\u00f2 in fretta verso la regione montuosa, in una citt\u00e0 di Giuda. <\/em><em><br \/>\nEntrata nella casa di Zaccar\u00eca, salut\u00f2 Elisabetta. Appena Elisabetta ebbe udito il saluto di Maria, il bambino sussult\u00f2 nel suo grembo.<br \/>\nElisabetta fu colmata di Spirito Santo ed esclam\u00f2 a gran voce: \u00abBenedetta tu fra le donne e benedetto il frutto del tuo grembo! A che cosa devo che la madre del mio Signore venga da me? Ecco, appena il tuo saluto \u00e8 giunto ai miei orecchi, il bambino ha sussultato di gioia nel mio grembo. E beata colei che ha creduto nell\u2019adempimento di ci\u00f2 che il Signore le ha detto\u00bb.<br \/>\nAllora Maria disse:<br \/>\n\u00abL\u2019anima mia magnifica il Signore<br \/>\ne il mio spirito esulta in Dio, mio salvatore,<br \/>\nperch\u00e9 ha guardato l\u2019umilt\u00e0 della sua serva.<br \/>\nD\u2019ora in poi tutte le generazioni mi chiameranno beata.<br \/>\nGrandi cose ha fatto per me l\u2019Onnipotente<br \/>\ne Santo \u00e8 il suo nome;<br \/>\ndi generazione in generazione la sua misericordia<br \/>\nper quelli che lo temono.<br \/>\nHa spiegato la potenza del suo braccio,<br \/>\nha disperso i superbi nei pensieri del loro cuore;<br \/>\nha rovesciato i potenti dai troni,<br \/>\nha innalzato gli umili;<br \/>\nha ricolmato di beni gli affamati,<br \/>\nha rimandato i ricchi a mani vuote.<br \/>\nHa soccorso Israele, suo servo,<br \/>\nricordandosi della sua misericordia,<br \/>\ncome aveva detto ai nostri padri,<br \/>\nper Abramo e la sua discendenza, per sempre\u00bb.<br \/>\nMaria rimase con lei circa tre mesi, poi torn\u00f2 a casa sua.<\/em><\/span><\/p>\n<p style=\"text-align: center;\"><strong>Maria donna sollecita<\/strong><\/p>\n<p>Il Vangelo di Luca ci porta a percorrere con Maria la strada da Nazaret fino alla casa di Zaccaria. Maria la percorre in fretta, senza tentennamenti e senza remore. Il suo incedere veloce ci mostra i tratti di una ragazza sollecita e attenta che si mostra pronta a porgere una mano d\u2019aiuto alla cugina in et\u00e0 avanzata.<\/p>\n<p>In lei, donna sollecita, siamo chiamati a scorgere le urgenze di una comunit\u00e0 che non rifiuta di mettersi a disposizione di chi ha maggiormente bisogno e soprattutto non intende rimandare quanto dev\u2019essere compiuto.<\/p>\n<p>C\u2019\u00e8 da chiedersi: cosa centra tutto questo con il dogma dell\u2019Assunsione al cielo in corpo ed anima di Maria? Credo che proprio in questa sollecitudine \u00e8 possibile concretizzare il senso di tutta una comunit\u00e0 che non nicchia alle sollecitazioni dell\u2019umanit\u00e0 e non rimanda tutti gli impegni che necessitano per una progettualit\u00e0 di nuova evangelizzazione. L\u2019assunsione di Maria \u00e8 il segno di quanto oggi siamo chiamati a fare a favore per risorgere con tutti coloro che hanno bisogno di una mano d\u2019aiuto.<\/p>\n<p>Maria \u00e8 assunta in cielo nella totalit\u00e0 della sua persona perch\u00e9 non rifiuta mai di essere presente accanto a chi ha perso la voglia di vivere. Quanti giovani vanno cercati nei luoghi pi\u00f9 impensati e quanta strada dobbiamo percorrere per dare una certezza di amore a chi si rifiuta di vedere che \u00e8 possibile costruire una societ\u00e0 migliore dove anche le fratture scomposte possono essere ricomposte con semplici gesti di attenzione e di carezze.<\/p>\n<p>Il Direttore<\/p>\n<p>Don Antonio Ruccia<\/p>\n","protected":false},"excerpt":{"rendered":"<p>Dal Vangelo secondo Luca (Lc 1,39-56) In quei giorni Maria si alz\u00f2 e and\u00f2 in fretta verso la regione montuosa, [&hellip;]<\/p>\n","protected":false},"author":1,"featured_media":0,"comment_status":"closed","ping_status":"open","sticky":false,"template":"","format":"standard","meta":{"_uag_custom_page_level_css":"","site-sidebar-layout":"default","site-content-layout":"","ast-site-content-layout":"default","site-content-style":"default","site-sidebar-style":"default","ast-global-header-display":"","ast-banner-title-visibility":"","ast-main-header-display":"","ast-hfb-above-header-display":"","ast-hfb-below-header-display":"","ast-hfb-mobile-header-display":"","site-post-title":"","ast-breadcrumbs-content":"","ast-featured-img":"","footer-sml-layout":"","theme-transparent-header-meta":"","adv-header-id-meta":"","stick-header-meta":"","header-above-stick-meta":"","header-main-stick-meta":"","header-below-stick-meta":"","astra-migrate-meta-layouts":"default","ast-page-background-enabled":"default","ast-page-background-meta":{"desktop":{"background-color":"var(--ast-global-color-5)","background-image":"","background-repeat":"repeat","background-position":"center center","background-size":"auto","background-attachment":"scroll","background-type":"","background-media":"","overlay-type":"","overlay-color":"","overlay-opacity":"","overlay-gradient":""},"tablet":{"background-color":"","background-image":"","background-repeat":"repeat","background-position":"center center","background-size":"auto","background-attachment":"scroll","background-type":"","background-media":"","overlay-type":"","overlay-color":"","overlay-opacity":"","overlay-gradient":""},"mobile":{"background-color":"","background-image":"","background-repeat":"repeat","background-position":"center center","background-size":"auto","background-attachment":"scroll","background-type":"","background-media":"","overlay-type":"","overlay-color":"","overlay-opacity":"","overlay-gradient":""}},"ast-content-background-meta":{"desktop":{"background-color":"var(--ast-global-color-4)","background-image":"","background-repeat":"repeat","background-position":"center center","background-size":"auto","background-attachment":"scroll","background-type":"","background-media":"","overlay-type":"","overlay-color":"","overlay-opacity":"","overlay-gradient":""},"tablet":{"background-color":"var(--ast-global-color-4)","background-image":"","background-repeat":"repeat","background-position":"center center","background-size":"auto","background-attachment":"scroll","background-type":"","background-media":"","overlay-type":"","overlay-color":"","overlay-opacity":"","overlay-gradient":""},"mobile":{"background-color":"var(--ast-global-color-4)","background-image":"","background-repeat":"repeat","background-position":"center center","background-size":"auto","background-attachment":"scroll","background-type":"","background-media":"","overlay-type":"","overlay-color":"","overlay-opacity":"","overlay-gradient":""}},"footnotes":""},"categories":[20],"tags":[138,139,62],"class_list":["post-1257","post","type-post","status-publish","format-standard","hentry","category-commenti-vangelo","tag-assunzione-della-beata-vergine-maria","tag-commenti-al-vangelo-domenicale","tag-vangelo-domenicale"],"gutentor_comment":0,"yoast_head":"<!-- This site is optimized with the Yoast SEO plugin v26.8 - https:\/\/yoast.com\/product\/yoast-seo-wordpress\/ -->\r\n<title>Maria donna sollecita - Domenica 15 Agosto 2010 - Caritas Diocesana Bari-Bitonto<\/title>\r\n<meta name=\"robots\" content=\"index, follow, max-snippet:-1, max-image-preview:large, max-video-preview:-1\" \/>\r\n<link rel=\"canonical\" href=\"https:\/\/www.caritasbaribitonto.it\/public\/home\/2010\/08\/maria-donna-sollecita-domenica-15-agosto-2010\/\" \/>\r\n<meta property=\"og:locale\" content=\"it_IT\" \/>\r\n<meta property=\"og:type\" content=\"article\" \/>\r\n<meta property=\"og:title\" content=\"Maria donna sollecita - Domenica 15 Agosto 2010 - Caritas Diocesana Bari-Bitonto\" \/>\r\n<meta property=\"og:description\" content=\"Dal Vangelo secondo Luca (Lc 1,39-56) In quei giorni Maria si alz\u00f2 e and\u00f2 in fretta verso la regione montuosa, [&hellip;]\" \/>\r\n<meta property=\"og:url\" content=\"https:\/\/www.caritasbaribitonto.it\/public\/home\/2010\/08\/maria-donna-sollecita-domenica-15-agosto-2010\/\" \/>\r\n<meta property=\"og:site_name\" content=\"Caritas Diocesana Bari-Bitonto\" \/>\r\n<meta property=\"article:publisher\" content=\"https:\/\/www.facebook.com\/pages\/Caritas-Diocesana-Bari-Bitonto\/533981476753770\" \/>\r\n<meta property=\"article:published_time\" content=\"2010-08-14T08:52:21+00:00\" \/>\r\n<meta property=\"article:modified_time\" content=\"2010-08-14T08:53:47+00:00\" \/>\r\n<meta property=\"og:image\" content=\"http:\/\/www.lachiesa.it\/liturgia\/allegati\/icone\/S0815B.jpg\" \/>\r\n<meta name=\"author\" content=\"Giovanni Caputo\" \/>\r\n<meta name=\"twitter:card\" content=\"summary_large_image\" \/>\r\n<meta name=\"twitter:label1\" content=\"Scritto da\" \/>\n\t<meta name=\"twitter:data1\" content=\"Giovanni Caputo\" \/>\n\t<meta name=\"twitter:label2\" content=\"Tempo di lettura stimato\" \/>\n\t<meta name=\"twitter:data2\" content=\"3 minuti\" \/>\r\n<script type=\"application\/ld+json\" class=\"yoast-schema-graph\">{\"@context\":\"https:\/\/schema.org\",\"@graph\":[{\"@type\":\"Article\",\"@id\":\"https:\/\/www.caritasbaribitonto.it\/public\/home\/2010\/08\/maria-donna-sollecita-domenica-15-agosto-2010\/#article\",\"isPartOf\":{\"@id\":\"https:\/\/www.caritasbaribitonto.it\/public\/home\/2010\/08\/maria-donna-sollecita-domenica-15-agosto-2010\/\"},\"author\":{\"name\":\"Giovanni Caputo\",\"@id\":\"https:\/\/www.caritasbaribitonto.it\/public\/home\/#\/schema\/person\/06b333402b70fdadb662b68974e8c97a\"},\"headline\":\"Maria donna sollecita &#8211; Domenica 15 Agosto 2010\",\"datePublished\":\"2010-08-14T08:52:21+00:00\",\"dateModified\":\"2010-08-14T08:53:47+00:00\",\"mainEntityOfPage\":{\"@id\":\"https:\/\/www.caritasbaribitonto.it\/public\/home\/2010\/08\/maria-donna-sollecita-domenica-15-agosto-2010\/\"},\"wordCount\":513,\"publisher\":{\"@id\":\"https:\/\/www.caritasbaribitonto.it\/public\/home\/#organization\"},\"image\":{\"@id\":\"https:\/\/www.caritasbaribitonto.it\/public\/home\/2010\/08\/maria-donna-sollecita-domenica-15-agosto-2010\/#primaryimage\"},\"thumbnailUrl\":\"http:\/\/www.lachiesa.it\/liturgia\/allegati\/icone\/S0815B.jpg\",\"keywords\":[\"ASSUNZIONE DELLA BEATA VERGINE MARIA\",\"commenti al Vangelo Domenicale\",\"vangelo domenicale\"],\"articleSection\":[\"Commenti Vangelo\"],\"inLanguage\":\"it-IT\"},{\"@type\":\"WebPage\",\"@id\":\"https:\/\/www.caritasbaribitonto.it\/public\/home\/2010\/08\/maria-donna-sollecita-domenica-15-agosto-2010\/\",\"url\":\"https:\/\/www.caritasbaribitonto.it\/public\/home\/2010\/08\/maria-donna-sollecita-domenica-15-agosto-2010\/\",\"name\":\"Maria donna sollecita - Domenica 15 Agosto 2010 - Caritas Diocesana Bari-Bitonto\",\"isPartOf\":{\"@id\":\"https:\/\/www.caritasbaribitonto.it\/public\/home\/#website\"},\"primaryImageOfPage\":{\"@id\":\"https:\/\/www.caritasbaribitonto.it\/public\/home\/2010\/08\/maria-donna-sollecita-domenica-15-agosto-2010\/#primaryimage\"},\"image\":{\"@id\":\"https:\/\/www.caritasbaribitonto.it\/public\/home\/2010\/08\/maria-donna-sollecita-domenica-15-agosto-2010\/#primaryimage\"},\"thumbnailUrl\":\"http:\/\/www.lachiesa.it\/liturgia\/allegati\/icone\/S0815B.jpg\",\"datePublished\":\"2010-08-14T08:52:21+00:00\",\"dateModified\":\"2010-08-14T08:53:47+00:00\",\"breadcrumb\":{\"@id\":\"https:\/\/www.caritasbaribitonto.it\/public\/home\/2010\/08\/maria-donna-sollecita-domenica-15-agosto-2010\/#breadcrumb\"},\"inLanguage\":\"it-IT\",\"potentialAction\":[{\"@type\":\"ReadAction\",\"target\":[\"https:\/\/www.caritasbaribitonto.it\/public\/home\/2010\/08\/maria-donna-sollecita-domenica-15-agosto-2010\/\"]}]},{\"@type\":\"ImageObject\",\"inLanguage\":\"it-IT\",\"@id\":\"https:\/\/www.caritasbaribitonto.it\/public\/home\/2010\/08\/maria-donna-sollecita-domenica-15-agosto-2010\/#primaryimage\",\"url\":\"http:\/\/www.lachiesa.it\/liturgia\/allegati\/icone\/S0815B.jpg\",\"contentUrl\":\"http:\/\/www.lachiesa.it\/liturgia\/allegati\/icone\/S0815B.jpg\"},{\"@type\":\"BreadcrumbList\",\"@id\":\"https:\/\/www.caritasbaribitonto.it\/public\/home\/2010\/08\/maria-donna-sollecita-domenica-15-agosto-2010\/#breadcrumb\",\"itemListElement\":[{\"@type\":\"ListItem\",\"position\":1,\"name\":\"Home\",\"item\":\"https:\/\/www.caritasbaribitonto.it\/public\/home\/\"},{\"@type\":\"ListItem\",\"position\":2,\"name\":\"Maria donna sollecita &#8211; Domenica 15 Agosto 2010\"}]},{\"@type\":\"WebSite\",\"@id\":\"https:\/\/www.caritasbaribitonto.it\/public\/home\/#website\",\"url\":\"https:\/\/www.caritasbaribitonto.it\/public\/home\/\",\"name\":\"Caritas Diocesana Bari-Bitonto\",\"description\":\"I santi della porta accanto\",\"publisher\":{\"@id\":\"https:\/\/www.caritasbaribitonto.it\/public\/home\/#organization\"},\"potentialAction\":[{\"@type\":\"SearchAction\",\"target\":{\"@type\":\"EntryPoint\",\"urlTemplate\":\"https:\/\/www.caritasbaribitonto.it\/public\/home\/?s={search_term_string}\"},\"query-input\":{\"@type\":\"PropertyValueSpecification\",\"valueRequired\":true,\"valueName\":\"search_term_string\"}}],\"inLanguage\":\"it-IT\"},{\"@type\":\"Organization\",\"@id\":\"https:\/\/www.caritasbaribitonto.it\/public\/home\/#organization\",\"name\":\"Caritas Diocesana Bari-Bitonto\",\"url\":\"https:\/\/www.caritasbaribitonto.it\/public\/home\/\",\"logo\":{\"@type\":\"ImageObject\",\"inLanguage\":\"it-IT\",\"@id\":\"https:\/\/www.caritasbaribitonto.it\/public\/home\/#\/schema\/logo\/image\/\",\"url\":\"https:\/\/www.caritasbaribitonto.it\/public\/home\/img\/uploads\/2025\/02\/cropped-cropped-caritas2025_350x112.png\",\"contentUrl\":\"https:\/\/www.caritasbaribitonto.it\/public\/home\/img\/uploads\/2025\/02\/cropped-cropped-caritas2025_350x112.png\",\"width\":350,\"height\":112,\"caption\":\"Caritas Diocesana Bari-Bitonto\"},\"image\":{\"@id\":\"https:\/\/www.caritasbaribitonto.it\/public\/home\/#\/schema\/logo\/image\/\"},\"sameAs\":[\"https:\/\/www.facebook.com\/pages\/Caritas-Diocesana-Bari-Bitonto\/533981476753770\"]},{\"@type\":\"Person\",\"@id\":\"https:\/\/www.caritasbaribitonto.it\/public\/home\/#\/schema\/person\/06b333402b70fdadb662b68974e8c97a\",\"name\":\"Giovanni Caputo\",\"image\":{\"@type\":\"ImageObject\",\"inLanguage\":\"it-IT\",\"@id\":\"https:\/\/www.caritasbaribitonto.it\/public\/home\/#\/schema\/person\/image\/\",\"url\":\"https:\/\/secure.gravatar.com\/avatar\/6c7e9d4e1e2394bfa4e38377bd0b5e03cbf0c79e27918e6497d3f408f89d0d3b?s=96&d=identicon&r=g\",\"contentUrl\":\"https:\/\/secure.gravatar.com\/avatar\/6c7e9d4e1e2394bfa4e38377bd0b5e03cbf0c79e27918e6497d3f408f89d0d3b?s=96&d=identicon&r=g\",\"caption\":\"Giovanni Caputo\"},\"url\":\"https:\/\/www.caritasbaribitonto.it\/public\/home\/author\/admin\/\"}]}<\/script>\r\n<!-- \/ Yoast SEO plugin. -->","yoast_head_json":{"title":"Maria donna sollecita - Domenica 15 Agosto 2010 - Caritas Diocesana Bari-Bitonto","robots":{"index":"index","follow":"follow","max-snippet":"max-snippet:-1","max-image-preview":"max-image-preview:large","max-video-preview":"max-video-preview:-1"},"canonical":"https:\/\/www.caritasbaribitonto.it\/public\/home\/2010\/08\/maria-donna-sollecita-domenica-15-agosto-2010\/","og_locale":"it_IT","og_type":"article","og_title":"Maria donna sollecita - Domenica 15 Agosto 2010 - Caritas Diocesana Bari-Bitonto","og_description":"Dal Vangelo secondo Luca (Lc 1,39-56) In quei giorni Maria si alz\u00f2 e and\u00f2 in fretta verso la regione montuosa, [&hellip;]","og_url":"https:\/\/www.caritasbaribitonto.it\/public\/home\/2010\/08\/maria-donna-sollecita-domenica-15-agosto-2010\/","og_site_name":"Caritas Diocesana Bari-Bitonto","article_publisher":"https:\/\/www.facebook.com\/pages\/Caritas-Diocesana-Bari-Bitonto\/533981476753770","article_published_time":"2010-08-14T08:52:21+00:00","article_modified_time":"2010-08-14T08:53:47+00:00","og_image":[{"url":"http:\/\/www.lachiesa.it\/liturgia\/allegati\/icone\/S0815B.jpg","type":"","width":"","height":""}],"author":"Giovanni Caputo","twitter_card":"summary_large_image","twitter_misc":{"Scritto da":"Giovanni Caputo","Tempo di lettura stimato":"3 minuti"},"schema":{"@context":"https:\/\/schema.org","@graph":[{"@type":"Article","@id":"https:\/\/www.caritasbaribitonto.it\/public\/home\/2010\/08\/maria-donna-sollecita-domenica-15-agosto-2010\/#article","isPartOf":{"@id":"https:\/\/www.caritasbaribitonto.it\/public\/home\/2010\/08\/maria-donna-sollecita-domenica-15-agosto-2010\/"},"author":{"name":"Giovanni Caputo","@id":"https:\/\/www.caritasbaribitonto.it\/public\/home\/#\/schema\/person\/06b333402b70fdadb662b68974e8c97a"},"headline":"Maria donna sollecita &#8211; Domenica 15 Agosto 2010","datePublished":"2010-08-14T08:52:21+00:00","dateModified":"2010-08-14T08:53:47+00:00","mainEntityOfPage":{"@id":"https:\/\/www.caritasbaribitonto.it\/public\/home\/2010\/08\/maria-donna-sollecita-domenica-15-agosto-2010\/"},"wordCount":513,"publisher":{"@id":"https:\/\/www.caritasbaribitonto.it\/public\/home\/#organization"},"image":{"@id":"https:\/\/www.caritasbaribitonto.it\/public\/home\/2010\/08\/maria-donna-sollecita-domenica-15-agosto-2010\/#primaryimage"},"thumbnailUrl":"http:\/\/www.lachiesa.it\/liturgia\/allegati\/icone\/S0815B.jpg","keywords":["ASSUNZIONE DELLA BEATA VERGINE MARIA","commenti al Vangelo Domenicale","vangelo domenicale"],"articleSection":["Commenti Vangelo"],"inLanguage":"it-IT"},{"@type":"WebPage","@id":"https:\/\/www.caritasbaribitonto.it\/public\/home\/2010\/08\/maria-donna-sollecita-domenica-15-agosto-2010\/","url":"https:\/\/www.caritasbaribitonto.it\/public\/home\/2010\/08\/maria-donna-sollecita-domenica-15-agosto-2010\/","name":"Maria donna sollecita - Domenica 15 Agosto 2010 - Caritas Diocesana Bari-Bitonto","isPartOf":{"@id":"https:\/\/www.caritasbaribitonto.it\/public\/home\/#website"},"primaryImageOfPage":{"@id":"https:\/\/www.caritasbaribitonto.it\/public\/home\/2010\/08\/maria-donna-sollecita-domenica-15-agosto-2010\/#primaryimage"},"image":{"@id":"https:\/\/www.caritasbaribitonto.it\/public\/home\/2010\/08\/maria-donna-sollecita-domenica-15-agosto-2010\/#primaryimage"},"thumbnailUrl":"http:\/\/www.lachiesa.it\/liturgia\/allegati\/icone\/S0815B.jpg","datePublished":"2010-08-14T08:52:21+00:00","dateModified":"2010-08-14T08:53:47+00:00","breadcrumb":{"@id":"https:\/\/www.caritasbaribitonto.it\/public\/home\/2010\/08\/maria-donna-sollecita-domenica-15-agosto-2010\/#breadcrumb"},"inLanguage":"it-IT","potentialAction":[{"@type":"ReadAction","target":["https:\/\/www.caritasbaribitonto.it\/public\/home\/2010\/08\/maria-donna-sollecita-domenica-15-agosto-2010\/"]}]},{"@type":"ImageObject","inLanguage":"it-IT","@id":"https:\/\/www.caritasbaribitonto.it\/public\/home\/2010\/08\/maria-donna-sollecita-domenica-15-agosto-2010\/#primaryimage","url":"http:\/\/www.lachiesa.it\/liturgia\/allegati\/icone\/S0815B.jpg","contentUrl":"http:\/\/www.lachiesa.it\/liturgia\/allegati\/icone\/S0815B.jpg"},{"@type":"BreadcrumbList","@id":"https:\/\/www.caritasbaribitonto.it\/public\/home\/2010\/08\/maria-donna-sollecita-domenica-15-agosto-2010\/#breadcrumb","itemListElement":[{"@type":"ListItem","position":1,"name":"Home","item":"https:\/\/www.caritasbaribitonto.it\/public\/home\/"},{"@type":"ListItem","position":2,"name":"Maria donna sollecita &#8211; Domenica 15 Agosto 2010"}]},{"@type":"WebSite","@id":"https:\/\/www.caritasbaribitonto.it\/public\/home\/#website","url":"https:\/\/www.caritasbaribitonto.it\/public\/home\/","name":"Caritas Diocesana Bari-Bitonto","description":"I santi della porta accanto","publisher":{"@id":"https:\/\/www.caritasbaribitonto.it\/public\/home\/#organization"},"potentialAction":[{"@type":"SearchAction","target":{"@type":"EntryPoint","urlTemplate":"https:\/\/www.caritasbaribitonto.it\/public\/home\/?s={search_term_string}"},"query-input":{"@type":"PropertyValueSpecification","valueRequired":true,"valueName":"search_term_string"}}],"inLanguage":"it-IT"},{"@type":"Organization","@id":"https:\/\/www.caritasbaribitonto.it\/public\/home\/#organization","name":"Caritas Diocesana Bari-Bitonto","url":"https:\/\/www.caritasbaribitonto.it\/public\/home\/","logo":{"@type":"ImageObject","inLanguage":"it-IT","@id":"https:\/\/www.caritasbaribitonto.it\/public\/home\/#\/schema\/logo\/image\/","url":"https:\/\/www.caritasbaribitonto.it\/public\/home\/img\/uploads\/2025\/02\/cropped-cropped-caritas2025_350x112.png","contentUrl":"https:\/\/www.caritasbaribitonto.it\/public\/home\/img\/uploads\/2025\/02\/cropped-cropped-caritas2025_350x112.png","width":350,"height":112,"caption":"Caritas Diocesana Bari-Bitonto"},"image":{"@id":"https:\/\/www.caritasbaribitonto.it\/public\/home\/#\/schema\/logo\/image\/"},"sameAs":["https:\/\/www.facebook.com\/pages\/Caritas-Diocesana-Bari-Bitonto\/533981476753770"]},{"@type":"Person","@id":"https:\/\/www.caritasbaribitonto.it\/public\/home\/#\/schema\/person\/06b333402b70fdadb662b68974e8c97a","name":"Giovanni Caputo","image":{"@type":"ImageObject","inLanguage":"it-IT","@id":"https:\/\/www.caritasbaribitonto.it\/public\/home\/#\/schema\/person\/image\/","url":"https:\/\/secure.gravatar.com\/avatar\/6c7e9d4e1e2394bfa4e38377bd0b5e03cbf0c79e27918e6497d3f408f89d0d3b?s=96&d=identicon&r=g","contentUrl":"https:\/\/secure.gravatar.com\/avatar\/6c7e9d4e1e2394bfa4e38377bd0b5e03cbf0c79e27918e6497d3f408f89d0d3b?s=96&d=identicon&r=g","caption":"Giovanni Caputo"},"url":"https:\/\/www.caritasbaribitonto.it\/public\/home\/author\/admin\/"}]}},"jetpack_featured_media_url":"","uagb_featured_image_src":{"full":false,"thumbnail":false,"medium":false,"medium_large":false,"large":false,"1536x1536":false,"2048x2048":false},"uagb_author_info":{"display_name":"Giovanni Caputo","author_link":"https:\/\/www.caritasbaribitonto.it\/public\/home\/author\/admin\/"},"uagb_comment_info":0,"uagb_excerpt":"Dal Vangelo secondo Luca (Lc 1,39-56) In quei giorni Maria si alz\u00f2 e and\u00f2 in fretta verso la regione montuosa, [&hellip;]","_links":{"self":[{"href":"https:\/\/www.caritasbaribitonto.it\/public\/home\/wp-json\/wp\/v2\/posts\/1257","targetHints":{"allow":["GET"]}}],"collection":[{"href":"https:\/\/www.caritasbaribitonto.it\/public\/home\/wp-json\/wp\/v2\/posts"}],"about":[{"href":"https:\/\/www.caritasbaribitonto.it\/public\/home\/wp-json\/wp\/v2\/types\/post"}],"author":[{"embeddable":true,"href":"https:\/\/www.caritasbaribitonto.it\/public\/home\/wp-json\/wp\/v2\/users\/1"}],"replies":[{"embeddable":true,"href":"https:\/\/www.caritasbaribitonto.it\/public\/home\/wp-json\/wp\/v2\/comments?post=1257"}],"version-history":[{"count":0,"href":"https:\/\/www.caritasbaribitonto.it\/public\/home\/wp-json\/wp\/v2\/posts\/1257\/revisions"}],"wp:attachment":[{"href":"https:\/\/www.caritasbaribitonto.it\/public\/home\/wp-json\/wp\/v2\/media?parent=1257"}],"wp:term":[{"taxonomy":"category","embeddable":true,"href":"https:\/\/www.caritasbaribitonto.it\/public\/home\/wp-json\/wp\/v2\/categories?post=1257"},{"taxonomy":"post_tag","embeddable":true,"href":"https:\/\/www.caritasbaribitonto.it\/public\/home\/wp-json\/wp\/v2\/tags?post=1257"}],"curies":[{"name":"wp","href":"https:\/\/api.w.org\/{rel}","templated":true}]}}