{"id":1250,"date":"2010-08-04T23:43:17","date_gmt":"2010-08-04T21:43:17","guid":{"rendered":"http:\/\/www.caritasbaribitonto.it\/public\/home\/?p=1250"},"modified":"2010-09-04T15:11:40","modified_gmt":"2010-09-04T13:11:40","slug":"le-scelte-domenica-8-agosto-2010","status":"publish","type":"post","link":"https:\/\/www.caritasbaribitonto.it\/public\/home\/2010\/08\/le-scelte-domenica-8-agosto-2010\/","title":{"rendered":"LE SCELTE &#8211; Domenica 8 Agosto 2010"},"content":{"rendered":"<p><!-- \t\t@page { margin: 2cm } \t\tP { margin-bottom: 0.21cm } --><em><span style=\"color: #993300;\"><strong>Dal Vangelo secondo Luca (Lc 12, 32-48)<\/strong><\/span><\/em><\/p>\n<p><em><img loading=\"lazy\" decoding=\"async\" class=\"alignleft\" src=\"http:\/\/www.lachiesa.it\/liturgia\/allegati\/icone\/CO190.jpg\" alt=\"\" width=\"84\" height=\"116\" \/>In quel tempo, Ges\u00f9 disse ai suoi discepoli:<br \/>\n\u00abNon temere, piccolo gregge, perch\u00e9 al Padre vostro \u00e8 piaciuto dare a voi il Regno.<br \/>\nVendete ci\u00f2 che possedete e datelo in elemosina; fatevi borse che non invecchiano, un tesoro sicuro nei cieli, dove ladro non arriva e tarlo non consuma. Perch\u00e9, dov\u2019\u00e8 il vostro tesoro, l\u00e0 sar\u00e0 anche il vostro cuore.<br \/>\nSiate pronti, con le vesti strette ai fianchi e le lampade accese; siate simili a quelli che aspettano il loro padrone quando torna dalle nozze, in modo che, quando arriva e bussa, gli aprano subito.<br \/>\nBeati quei servi che il padrone al suo ritorno trover\u00e0 ancora svegli; in verit\u00e0 io vi dico, si stringer\u00e0 le vesti ai fianchi, li far\u00e0 mettere a tavola e passer\u00e0 a servirli. E se, giungendo nel mezzo della notte o prima dell\u2019alba, li trover\u00e0 cos\u00ec, beati loro!<br \/>\nCercate di capire questo: se il padrone di casa sapesse a quale ora viene il ladro, non si lascerebbe scassinare la casa. Anche voi tenetevi pronti perch\u00e9, nell\u2019ora che non immaginate, viene il Figlio dell\u2019uomo\u00bb.<br \/>\nAllora Pietro disse: \u00abSignore, questa parabola la dici per noi o anche per tutti?\u00bb.<br \/>\nIl Signore rispose: \u00abChi \u00e8 dunque l\u2019amministratore fidato e prudente, che il padrone metter\u00e0 a capo della sua servit\u00f9 per dare la razione di cibo a tempo debito? Beato quel servo che il padrone, arrivando, trover\u00e0 ad agire cos\u00ec. Davvero io vi dico che lo metter\u00e0 a capo di tutti i suoi averi.<br \/>\nMa se quel servo dicesse in cuor suo: \u201cIl mio padrone tarda a venire\u201d, e cominciasse a percuotere i servi e le serve, a mangiare, a bere e a ubriacarsi, il padrone di quel servo arriver\u00e0 un giorno in cui non se l\u2019aspetta e a un\u2019ora che non sa, lo punir\u00e0 severamente e gli infligger\u00e0 la sorte che meritano gli infedeli.<br \/>\nIl servo che, conoscendo la volont\u00e0 del padrone, non avr\u00e0 disposto o agito secondo la sua volont\u00e0, ricever\u00e0 molte percosse; quello invece che, non conoscendola, avr\u00e0 fatto cose meritevoli di percosse, ne ricever\u00e0 poche.<br \/>\nA chiunque fu dato molto, molto sar\u00e0 chiesto; a chi fu affidato molto, sar\u00e0 richiesto molto di pi\u00f9\u00bb.<\/em><\/p>\n<p><!-- \t\t@page { margin: 2cm } \t\tP { margin-bottom: 0.21cm } --><\/p>\n<p style=\"text-align: center;\"><strong>LE SCELTE<\/strong><\/p>\n<p>Le scelte sono sempre dietro l\u2019angolo e ogni giorno siamo chiamati a decidere cosa fare nella vita e in quale direzione andiamo. L\u2019invito di Ges\u00f9 \u00e8 quello di essere pronti a non rimandare le scelte e soprattutto a realizzarle attraverso gesti di credibilit\u00e0.<\/p>\n<p>Ogni scelta, infatti, implica un distacco ma ci\u00f2 non dev\u2019essere ritenuto un onere perch\u00e8 sono fatte nella libert\u00e0, non hanno costo e soprattutto sono eterne. La difficolt\u00e0 che Ges\u00f9 riscontra nei confronti del \u201cpiccolo gregge\u201d \u00e8 quello di essere restio ad operare le scelte di povert\u00e0 e di libert\u00e0. Forse \u2026 proprio come ciascuno di noi, che tende a rimandare e a restare nel limbo prima di decidere.<\/p>\n<p>Viviamo l\u2019epoca della generazione degli eterni bambini che rimandano le scelte e non decidono mai nulla. I problemi sono certamente enormi e la crisi socio-economica della nostra societ\u00e0 non favorisce le decisioni. Resta di fatto che si rimanda sempre di pi\u00f9 e si finisce per non operare mai un qualcosa di definitivo.<\/p>\n<p>Ges\u00f9 indica nel brano evangelico nella direzione verso cui andare: <strong>le vesti strette ai fianchi e le lampade accese. <\/strong> E\u2019 proprio questo l\u2019atteggiamento che deve spingerci ad operare nella logica del superamento delle non-scelte.<\/p>\n<p>Come Chiesa non possiamo limitarci ad annunciare il Vangelo o a denunziare le carenze morali ed etiche della nostra societ\u00e0 finendo per demonizzare tutto ci\u00f2 che non va nella direzione dell\u2019amore. L\u2019invito \u00e8 quello di costruire una comunit\u00e0 che s\u2019indirizzi in due direzioni: il servizio e la testimonianza. Anzi dovremmo affermare che solo servendo si testimonia la scelta del vangelo.<\/p>\n<p>Ges\u00f9, per primo, nell\u2019Ultima Cena si \u00e8 cinto un asciugatoio ai suoi fianchi e si \u00e8 messo a disposizione di tutti, senza operare preferenze, testimoniando che solo cos\u00ec s\u2019illumina la storia degli uomini. Nell\u2019era del lassismo e delle non-scelte dobbiamo camminare nella costruzione di  una comunit\u00e0 che abbia <strong>vesti strette e le lampade accese<\/strong>.    In altri termini che non tenda a <em>sfoggiare lusso ed estetica <\/em>e che non si nasconda dietro il paravento dell\u2019insignificanza e finisca per non decidere mai nulla.<\/p>\n<p>Il Direttore<\/p>\n<p style=\"text-align: center;\">Don Antonio Ruccia<\/p>\n","protected":false},"excerpt":{"rendered":"<p>Dal Vangelo secondo Luca (Lc 12, 32-48) In quel tempo, Ges\u00f9 disse ai suoi discepoli: \u00abNon temere, piccolo gregge, perch\u00e9 [&hellip;]<\/p>\n","protected":false},"author":1,"featured_media":0,"comment_status":"closed","ping_status":"open","sticky":false,"template":"","format":"standard","meta":{"_uag_custom_page_level_css":"","site-sidebar-layout":"default","site-content-layout":"","ast-site-content-layout":"default","site-content-style":"default","site-sidebar-style":"default","ast-global-header-display":"","ast-banner-title-visibility":"","ast-main-header-display":"","ast-hfb-above-header-display":"","ast-hfb-below-header-display":"","ast-hfb-mobile-header-display":"","site-post-title":"","ast-breadcrumbs-content":"","ast-featured-img":"","footer-sml-layout":"","theme-transparent-header-meta":"","adv-header-id-meta":"","stick-header-meta":"","header-above-stick-meta":"","header-main-stick-meta":"","header-below-stick-meta":"","astra-migrate-meta-layouts":"default","ast-page-background-enabled":"default","ast-page-background-meta":{"desktop":{"background-color":"var(--ast-global-color-5)","background-image":"","background-repeat":"repeat","background-position":"center center","background-size":"auto","background-attachment":"scroll","background-type":"","background-media":"","overlay-type":"","overlay-color":"","overlay-opacity":"","overlay-gradient":""},"tablet":{"background-color":"","background-image":"","background-repeat":"repeat","background-position":"center center","background-size":"auto","background-attachment":"scroll","background-type":"","background-media":"","overlay-type":"","overlay-color":"","overlay-opacity":"","overlay-gradient":""},"mobile":{"background-color":"","background-image":"","background-repeat":"repeat","background-position":"center center","background-size":"auto","background-attachment":"scroll","background-type":"","background-media":"","overlay-type":"","overlay-color":"","overlay-opacity":"","overlay-gradient":""}},"ast-content-background-meta":{"desktop":{"background-color":"var(--ast-global-color-4)","background-image":"","background-repeat":"repeat","background-position":"center center","background-size":"auto","background-attachment":"scroll","background-type":"","background-media":"","overlay-type":"","overlay-color":"","overlay-opacity":"","overlay-gradient":""},"tablet":{"background-color":"var(--ast-global-color-4)","background-image":"","background-repeat":"repeat","background-position":"center center","background-size":"auto","background-attachment":"scroll","background-type":"","background-media":"","overlay-type":"","overlay-color":"","overlay-opacity":"","overlay-gradient":""},"mobile":{"background-color":"var(--ast-global-color-4)","background-image":"","background-repeat":"repeat","background-position":"center center","background-size":"auto","background-attachment":"scroll","background-type":"","background-media":"","overlay-type":"","overlay-color":"","overlay-opacity":"","overlay-gradient":""}},"footnotes":""},"categories":[20],"tags":[62],"class_list":["post-1250","post","type-post","status-publish","format-standard","hentry","category-commenti-vangelo","tag-vangelo-domenicale"],"gutentor_comment":0,"yoast_head":"<!-- This site is optimized with the Yoast SEO plugin v26.8 - https:\/\/yoast.com\/product\/yoast-seo-wordpress\/ -->\r\n<title>LE SCELTE - Domenica 8 Agosto 2010 - Caritas Diocesana Bari-Bitonto<\/title>\r\n<meta name=\"robots\" content=\"index, follow, max-snippet:-1, max-image-preview:large, max-video-preview:-1\" \/>\r\n<link rel=\"canonical\" href=\"https:\/\/www.caritasbaribitonto.it\/public\/home\/2010\/08\/le-scelte-domenica-8-agosto-2010\/\" \/>\r\n<meta property=\"og:locale\" content=\"it_IT\" \/>\r\n<meta property=\"og:type\" content=\"article\" \/>\r\n<meta property=\"og:title\" content=\"LE SCELTE - Domenica 8 Agosto 2010 - Caritas Diocesana Bari-Bitonto\" \/>\r\n<meta property=\"og:description\" content=\"Dal Vangelo secondo Luca (Lc 12, 32-48) In quel tempo, Ges\u00f9 disse ai suoi discepoli: \u00abNon temere, piccolo gregge, perch\u00e9 [&hellip;]\" \/>\r\n<meta property=\"og:url\" content=\"https:\/\/www.caritasbaribitonto.it\/public\/home\/2010\/08\/le-scelte-domenica-8-agosto-2010\/\" \/>\r\n<meta property=\"og:site_name\" content=\"Caritas Diocesana Bari-Bitonto\" \/>\r\n<meta property=\"article:publisher\" content=\"https:\/\/www.facebook.com\/pages\/Caritas-Diocesana-Bari-Bitonto\/533981476753770\" \/>\r\n<meta property=\"article:published_time\" content=\"2010-08-04T21:43:17+00:00\" \/>\r\n<meta property=\"article:modified_time\" content=\"2010-09-04T13:11:40+00:00\" \/>\r\n<meta property=\"og:image\" content=\"http:\/\/www.lachiesa.it\/liturgia\/allegati\/icone\/CO190.jpg\" \/>\r\n<meta name=\"author\" content=\"Giovanni Caputo\" \/>\r\n<meta name=\"twitter:card\" content=\"summary_large_image\" \/>\r\n<meta name=\"twitter:label1\" content=\"Scritto da\" \/>\n\t<meta name=\"twitter:data1\" content=\"Giovanni Caputo\" \/>\n\t<meta name=\"twitter:label2\" content=\"Tempo di lettura stimato\" \/>\n\t<meta name=\"twitter:data2\" content=\"4 minuti\" \/>\r\n<script type=\"application\/ld+json\" class=\"yoast-schema-graph\">{\"@context\":\"https:\/\/schema.org\",\"@graph\":[{\"@type\":\"Article\",\"@id\":\"https:\/\/www.caritasbaribitonto.it\/public\/home\/2010\/08\/le-scelte-domenica-8-agosto-2010\/#article\",\"isPartOf\":{\"@id\":\"https:\/\/www.caritasbaribitonto.it\/public\/home\/2010\/08\/le-scelte-domenica-8-agosto-2010\/\"},\"author\":{\"name\":\"Giovanni Caputo\",\"@id\":\"https:\/\/www.caritasbaribitonto.it\/public\/home\/#\/schema\/person\/06b333402b70fdadb662b68974e8c97a\"},\"headline\":\"LE SCELTE &#8211; Domenica 8 Agosto 2010\",\"datePublished\":\"2010-08-04T21:43:17+00:00\",\"dateModified\":\"2010-09-04T13:11:40+00:00\",\"mainEntityOfPage\":{\"@id\":\"https:\/\/www.caritasbaribitonto.it\/public\/home\/2010\/08\/le-scelte-domenica-8-agosto-2010\/\"},\"wordCount\":723,\"publisher\":{\"@id\":\"https:\/\/www.caritasbaribitonto.it\/public\/home\/#organization\"},\"image\":{\"@id\":\"https:\/\/www.caritasbaribitonto.it\/public\/home\/2010\/08\/le-scelte-domenica-8-agosto-2010\/#primaryimage\"},\"thumbnailUrl\":\"http:\/\/www.lachiesa.it\/liturgia\/allegati\/icone\/CO190.jpg\",\"keywords\":[\"vangelo domenicale\"],\"articleSection\":[\"Commenti Vangelo\"],\"inLanguage\":\"it-IT\"},{\"@type\":\"WebPage\",\"@id\":\"https:\/\/www.caritasbaribitonto.it\/public\/home\/2010\/08\/le-scelte-domenica-8-agosto-2010\/\",\"url\":\"https:\/\/www.caritasbaribitonto.it\/public\/home\/2010\/08\/le-scelte-domenica-8-agosto-2010\/\",\"name\":\"LE SCELTE - Domenica 8 Agosto 2010 - Caritas Diocesana Bari-Bitonto\",\"isPartOf\":{\"@id\":\"https:\/\/www.caritasbaribitonto.it\/public\/home\/#website\"},\"primaryImageOfPage\":{\"@id\":\"https:\/\/www.caritasbaribitonto.it\/public\/home\/2010\/08\/le-scelte-domenica-8-agosto-2010\/#primaryimage\"},\"image\":{\"@id\":\"https:\/\/www.caritasbaribitonto.it\/public\/home\/2010\/08\/le-scelte-domenica-8-agosto-2010\/#primaryimage\"},\"thumbnailUrl\":\"http:\/\/www.lachiesa.it\/liturgia\/allegati\/icone\/CO190.jpg\",\"datePublished\":\"2010-08-04T21:43:17+00:00\",\"dateModified\":\"2010-09-04T13:11:40+00:00\",\"breadcrumb\":{\"@id\":\"https:\/\/www.caritasbaribitonto.it\/public\/home\/2010\/08\/le-scelte-domenica-8-agosto-2010\/#breadcrumb\"},\"inLanguage\":\"it-IT\",\"potentialAction\":[{\"@type\":\"ReadAction\",\"target\":[\"https:\/\/www.caritasbaribitonto.it\/public\/home\/2010\/08\/le-scelte-domenica-8-agosto-2010\/\"]}]},{\"@type\":\"ImageObject\",\"inLanguage\":\"it-IT\",\"@id\":\"https:\/\/www.caritasbaribitonto.it\/public\/home\/2010\/08\/le-scelte-domenica-8-agosto-2010\/#primaryimage\",\"url\":\"http:\/\/www.lachiesa.it\/liturgia\/allegati\/icone\/CO190.jpg\",\"contentUrl\":\"http:\/\/www.lachiesa.it\/liturgia\/allegati\/icone\/CO190.jpg\"},{\"@type\":\"BreadcrumbList\",\"@id\":\"https:\/\/www.caritasbaribitonto.it\/public\/home\/2010\/08\/le-scelte-domenica-8-agosto-2010\/#breadcrumb\",\"itemListElement\":[{\"@type\":\"ListItem\",\"position\":1,\"name\":\"Home\",\"item\":\"https:\/\/www.caritasbaribitonto.it\/public\/home\/\"},{\"@type\":\"ListItem\",\"position\":2,\"name\":\"LE SCELTE &#8211; Domenica 8 Agosto 2010\"}]},{\"@type\":\"WebSite\",\"@id\":\"https:\/\/www.caritasbaribitonto.it\/public\/home\/#website\",\"url\":\"https:\/\/www.caritasbaribitonto.it\/public\/home\/\",\"name\":\"Caritas Diocesana Bari-Bitonto\",\"description\":\"I santi della porta accanto\",\"publisher\":{\"@id\":\"https:\/\/www.caritasbaribitonto.it\/public\/home\/#organization\"},\"potentialAction\":[{\"@type\":\"SearchAction\",\"target\":{\"@type\":\"EntryPoint\",\"urlTemplate\":\"https:\/\/www.caritasbaribitonto.it\/public\/home\/?s={search_term_string}\"},\"query-input\":{\"@type\":\"PropertyValueSpecification\",\"valueRequired\":true,\"valueName\":\"search_term_string\"}}],\"inLanguage\":\"it-IT\"},{\"@type\":\"Organization\",\"@id\":\"https:\/\/www.caritasbaribitonto.it\/public\/home\/#organization\",\"name\":\"Caritas Diocesana Bari-Bitonto\",\"url\":\"https:\/\/www.caritasbaribitonto.it\/public\/home\/\",\"logo\":{\"@type\":\"ImageObject\",\"inLanguage\":\"it-IT\",\"@id\":\"https:\/\/www.caritasbaribitonto.it\/public\/home\/#\/schema\/logo\/image\/\",\"url\":\"https:\/\/www.caritasbaribitonto.it\/public\/home\/img\/uploads\/2025\/02\/cropped-cropped-caritas2025_350x112.png\",\"contentUrl\":\"https:\/\/www.caritasbaribitonto.it\/public\/home\/img\/uploads\/2025\/02\/cropped-cropped-caritas2025_350x112.png\",\"width\":350,\"height\":112,\"caption\":\"Caritas Diocesana Bari-Bitonto\"},\"image\":{\"@id\":\"https:\/\/www.caritasbaribitonto.it\/public\/home\/#\/schema\/logo\/image\/\"},\"sameAs\":[\"https:\/\/www.facebook.com\/pages\/Caritas-Diocesana-Bari-Bitonto\/533981476753770\"]},{\"@type\":\"Person\",\"@id\":\"https:\/\/www.caritasbaribitonto.it\/public\/home\/#\/schema\/person\/06b333402b70fdadb662b68974e8c97a\",\"name\":\"Giovanni Caputo\",\"image\":{\"@type\":\"ImageObject\",\"inLanguage\":\"it-IT\",\"@id\":\"https:\/\/www.caritasbaribitonto.it\/public\/home\/#\/schema\/person\/image\/\",\"url\":\"https:\/\/secure.gravatar.com\/avatar\/6c7e9d4e1e2394bfa4e38377bd0b5e03cbf0c79e27918e6497d3f408f89d0d3b?s=96&d=identicon&r=g\",\"contentUrl\":\"https:\/\/secure.gravatar.com\/avatar\/6c7e9d4e1e2394bfa4e38377bd0b5e03cbf0c79e27918e6497d3f408f89d0d3b?s=96&d=identicon&r=g\",\"caption\":\"Giovanni Caputo\"},\"url\":\"https:\/\/www.caritasbaribitonto.it\/public\/home\/author\/admin\/\"}]}<\/script>\r\n<!-- \/ Yoast SEO plugin. -->","yoast_head_json":{"title":"LE SCELTE - Domenica 8 Agosto 2010 - Caritas Diocesana Bari-Bitonto","robots":{"index":"index","follow":"follow","max-snippet":"max-snippet:-1","max-image-preview":"max-image-preview:large","max-video-preview":"max-video-preview:-1"},"canonical":"https:\/\/www.caritasbaribitonto.it\/public\/home\/2010\/08\/le-scelte-domenica-8-agosto-2010\/","og_locale":"it_IT","og_type":"article","og_title":"LE SCELTE - Domenica 8 Agosto 2010 - Caritas Diocesana Bari-Bitonto","og_description":"Dal Vangelo secondo Luca (Lc 12, 32-48) In quel tempo, Ges\u00f9 disse ai suoi discepoli: \u00abNon temere, piccolo gregge, perch\u00e9 [&hellip;]","og_url":"https:\/\/www.caritasbaribitonto.it\/public\/home\/2010\/08\/le-scelte-domenica-8-agosto-2010\/","og_site_name":"Caritas Diocesana Bari-Bitonto","article_publisher":"https:\/\/www.facebook.com\/pages\/Caritas-Diocesana-Bari-Bitonto\/533981476753770","article_published_time":"2010-08-04T21:43:17+00:00","article_modified_time":"2010-09-04T13:11:40+00:00","og_image":[{"url":"http:\/\/www.lachiesa.it\/liturgia\/allegati\/icone\/CO190.jpg","type":"","width":"","height":""}],"author":"Giovanni Caputo","twitter_card":"summary_large_image","twitter_misc":{"Scritto da":"Giovanni Caputo","Tempo di lettura stimato":"4 minuti"},"schema":{"@context":"https:\/\/schema.org","@graph":[{"@type":"Article","@id":"https:\/\/www.caritasbaribitonto.it\/public\/home\/2010\/08\/le-scelte-domenica-8-agosto-2010\/#article","isPartOf":{"@id":"https:\/\/www.caritasbaribitonto.it\/public\/home\/2010\/08\/le-scelte-domenica-8-agosto-2010\/"},"author":{"name":"Giovanni Caputo","@id":"https:\/\/www.caritasbaribitonto.it\/public\/home\/#\/schema\/person\/06b333402b70fdadb662b68974e8c97a"},"headline":"LE SCELTE &#8211; Domenica 8 Agosto 2010","datePublished":"2010-08-04T21:43:17+00:00","dateModified":"2010-09-04T13:11:40+00:00","mainEntityOfPage":{"@id":"https:\/\/www.caritasbaribitonto.it\/public\/home\/2010\/08\/le-scelte-domenica-8-agosto-2010\/"},"wordCount":723,"publisher":{"@id":"https:\/\/www.caritasbaribitonto.it\/public\/home\/#organization"},"image":{"@id":"https:\/\/www.caritasbaribitonto.it\/public\/home\/2010\/08\/le-scelte-domenica-8-agosto-2010\/#primaryimage"},"thumbnailUrl":"http:\/\/www.lachiesa.it\/liturgia\/allegati\/icone\/CO190.jpg","keywords":["vangelo domenicale"],"articleSection":["Commenti Vangelo"],"inLanguage":"it-IT"},{"@type":"WebPage","@id":"https:\/\/www.caritasbaribitonto.it\/public\/home\/2010\/08\/le-scelte-domenica-8-agosto-2010\/","url":"https:\/\/www.caritasbaribitonto.it\/public\/home\/2010\/08\/le-scelte-domenica-8-agosto-2010\/","name":"LE SCELTE - Domenica 8 Agosto 2010 - Caritas Diocesana Bari-Bitonto","isPartOf":{"@id":"https:\/\/www.caritasbaribitonto.it\/public\/home\/#website"},"primaryImageOfPage":{"@id":"https:\/\/www.caritasbaribitonto.it\/public\/home\/2010\/08\/le-scelte-domenica-8-agosto-2010\/#primaryimage"},"image":{"@id":"https:\/\/www.caritasbaribitonto.it\/public\/home\/2010\/08\/le-scelte-domenica-8-agosto-2010\/#primaryimage"},"thumbnailUrl":"http:\/\/www.lachiesa.it\/liturgia\/allegati\/icone\/CO190.jpg","datePublished":"2010-08-04T21:43:17+00:00","dateModified":"2010-09-04T13:11:40+00:00","breadcrumb":{"@id":"https:\/\/www.caritasbaribitonto.it\/public\/home\/2010\/08\/le-scelte-domenica-8-agosto-2010\/#breadcrumb"},"inLanguage":"it-IT","potentialAction":[{"@type":"ReadAction","target":["https:\/\/www.caritasbaribitonto.it\/public\/home\/2010\/08\/le-scelte-domenica-8-agosto-2010\/"]}]},{"@type":"ImageObject","inLanguage":"it-IT","@id":"https:\/\/www.caritasbaribitonto.it\/public\/home\/2010\/08\/le-scelte-domenica-8-agosto-2010\/#primaryimage","url":"http:\/\/www.lachiesa.it\/liturgia\/allegati\/icone\/CO190.jpg","contentUrl":"http:\/\/www.lachiesa.it\/liturgia\/allegati\/icone\/CO190.jpg"},{"@type":"BreadcrumbList","@id":"https:\/\/www.caritasbaribitonto.it\/public\/home\/2010\/08\/le-scelte-domenica-8-agosto-2010\/#breadcrumb","itemListElement":[{"@type":"ListItem","position":1,"name":"Home","item":"https:\/\/www.caritasbaribitonto.it\/public\/home\/"},{"@type":"ListItem","position":2,"name":"LE SCELTE &#8211; Domenica 8 Agosto 2010"}]},{"@type":"WebSite","@id":"https:\/\/www.caritasbaribitonto.it\/public\/home\/#website","url":"https:\/\/www.caritasbaribitonto.it\/public\/home\/","name":"Caritas Diocesana Bari-Bitonto","description":"I santi della porta accanto","publisher":{"@id":"https:\/\/www.caritasbaribitonto.it\/public\/home\/#organization"},"potentialAction":[{"@type":"SearchAction","target":{"@type":"EntryPoint","urlTemplate":"https:\/\/www.caritasbaribitonto.it\/public\/home\/?s={search_term_string}"},"query-input":{"@type":"PropertyValueSpecification","valueRequired":true,"valueName":"search_term_string"}}],"inLanguage":"it-IT"},{"@type":"Organization","@id":"https:\/\/www.caritasbaribitonto.it\/public\/home\/#organization","name":"Caritas Diocesana Bari-Bitonto","url":"https:\/\/www.caritasbaribitonto.it\/public\/home\/","logo":{"@type":"ImageObject","inLanguage":"it-IT","@id":"https:\/\/www.caritasbaribitonto.it\/public\/home\/#\/schema\/logo\/image\/","url":"https:\/\/www.caritasbaribitonto.it\/public\/home\/img\/uploads\/2025\/02\/cropped-cropped-caritas2025_350x112.png","contentUrl":"https:\/\/www.caritasbaribitonto.it\/public\/home\/img\/uploads\/2025\/02\/cropped-cropped-caritas2025_350x112.png","width":350,"height":112,"caption":"Caritas Diocesana Bari-Bitonto"},"image":{"@id":"https:\/\/www.caritasbaribitonto.it\/public\/home\/#\/schema\/logo\/image\/"},"sameAs":["https:\/\/www.facebook.com\/pages\/Caritas-Diocesana-Bari-Bitonto\/533981476753770"]},{"@type":"Person","@id":"https:\/\/www.caritasbaribitonto.it\/public\/home\/#\/schema\/person\/06b333402b70fdadb662b68974e8c97a","name":"Giovanni Caputo","image":{"@type":"ImageObject","inLanguage":"it-IT","@id":"https:\/\/www.caritasbaribitonto.it\/public\/home\/#\/schema\/person\/image\/","url":"https:\/\/secure.gravatar.com\/avatar\/6c7e9d4e1e2394bfa4e38377bd0b5e03cbf0c79e27918e6497d3f408f89d0d3b?s=96&d=identicon&r=g","contentUrl":"https:\/\/secure.gravatar.com\/avatar\/6c7e9d4e1e2394bfa4e38377bd0b5e03cbf0c79e27918e6497d3f408f89d0d3b?s=96&d=identicon&r=g","caption":"Giovanni Caputo"},"url":"https:\/\/www.caritasbaribitonto.it\/public\/home\/author\/admin\/"}]}},"jetpack_featured_media_url":"","uagb_featured_image_src":{"full":false,"thumbnail":false,"medium":false,"medium_large":false,"large":false,"1536x1536":false,"2048x2048":false},"uagb_author_info":{"display_name":"Giovanni Caputo","author_link":"https:\/\/www.caritasbaribitonto.it\/public\/home\/author\/admin\/"},"uagb_comment_info":0,"uagb_excerpt":"Dal Vangelo secondo Luca (Lc 12, 32-48) In quel tempo, Ges\u00f9 disse ai suoi discepoli: \u00abNon temere, piccolo gregge, perch\u00e9 [&hellip;]","_links":{"self":[{"href":"https:\/\/www.caritasbaribitonto.it\/public\/home\/wp-json\/wp\/v2\/posts\/1250","targetHints":{"allow":["GET"]}}],"collection":[{"href":"https:\/\/www.caritasbaribitonto.it\/public\/home\/wp-json\/wp\/v2\/posts"}],"about":[{"href":"https:\/\/www.caritasbaribitonto.it\/public\/home\/wp-json\/wp\/v2\/types\/post"}],"author":[{"embeddable":true,"href":"https:\/\/www.caritasbaribitonto.it\/public\/home\/wp-json\/wp\/v2\/users\/1"}],"replies":[{"embeddable":true,"href":"https:\/\/www.caritasbaribitonto.it\/public\/home\/wp-json\/wp\/v2\/comments?post=1250"}],"version-history":[{"count":0,"href":"https:\/\/www.caritasbaribitonto.it\/public\/home\/wp-json\/wp\/v2\/posts\/1250\/revisions"}],"wp:attachment":[{"href":"https:\/\/www.caritasbaribitonto.it\/public\/home\/wp-json\/wp\/v2\/media?parent=1250"}],"wp:term":[{"taxonomy":"category","embeddable":true,"href":"https:\/\/www.caritasbaribitonto.it\/public\/home\/wp-json\/wp\/v2\/categories?post=1250"},{"taxonomy":"post_tag","embeddable":true,"href":"https:\/\/www.caritasbaribitonto.it\/public\/home\/wp-json\/wp\/v2\/tags?post=1250"}],"curies":[{"name":"wp","href":"https:\/\/api.w.org\/{rel}","templated":true}]}}