{"id":1227,"date":"2011-11-11T19:56:49","date_gmt":"2011-11-11T18:56:49","guid":{"rendered":"http:\/\/www.caritasbaribitonto.it\/public\/home\/?p=1227"},"modified":"2011-11-11T20:09:13","modified_gmt":"2011-11-11T19:09:13","slug":"la-chiesa-dei-talenti-domenica-13-novembre-2011","status":"publish","type":"post","link":"https:\/\/www.caritasbaribitonto.it\/public\/home\/2011\/11\/la-chiesa-dei-talenti-domenica-13-novembre-2011\/","title":{"rendered":"LA CHIESA DEI TALENTI  &#8211; Domenica 13 Novembre 2011"},"content":{"rendered":"<p>&nbsp;<\/p>\n<p><strong><span style=\"color: #993300;\">Dal Vangelo secondo Mattero Mt 25,14-30<\/span><\/strong><\/p>\n<p><strong><span style=\"color: #993300;\"><img loading=\"lazy\" decoding=\"async\" class=\"alignleft\" src=\"http:\/\/www.lachiesa.it\/liturgia\/allegati\/icone\/AO330.jpg\" alt=\"\" width=\"133\" height=\"170\" \/><\/span><\/strong><em><\/em><\/p>\n<p><em><span style=\"color: #993300;\">In quel tempo, Ges\u00f9 disse ai suoi discepoli questa parabola: <\/span><\/em><br \/>\n<em> <span style=\"color: #993300;\"> \u00abAvverr\u00e0 come a un uomo che, partendo per un viaggio, chiam\u00f2 i suoi servi e consegn\u00f2 loro i suoi beni. A uno diede cinque talenti, a un altro due, a un altro uno, secondo le capacit\u00e0 di ciascuno; poi part\u00ec. <\/span><\/em><br \/>\n<em> <span style=\"color: #993300;\"> Subito colui che aveva ricevuto cinque talenti and\u00f2 a impiegarli, e ne guadagn\u00f2 altri cinque. Cos\u00ec anche quello che ne aveva ricevuti due, ne guadagn\u00f2 altri due. Colui invece che aveva ricevuto un solo talento, and\u00f2 a fare una buca nel terreno e vi nascose il denaro del suo padrone. <\/span><\/em><br \/>\n<em> <span style=\"color: #993300;\"> Dopo molto tempo il padrone di quei servi torn\u00f2 e volle regolare i conti con loro. <\/span><\/em><br \/>\n<em> <span style=\"color: #993300;\"> Si present\u00f2 colui che aveva ricevuto cinque talenti e ne port\u00f2 altri cinque, dicendo: \u201cSignore, mi hai consegnato cinque talenti; ecco, ne ho guadagnati altri cinque\u201d. \u201cBene, servo buono e fedele \u2013 gli disse il suo padrone \u2013, sei stato fedele nel poco, ti dar\u00f2 potere su molto; prendi parte alla gioia del tuo padrone\u201d. <\/span><\/em><br \/>\n<em> <span style=\"color: #993300;\"> Si present\u00f2 poi colui che aveva ricevuto due talenti e disse: \u201cSignore, mi hai consegnato due talenti; ecco, ne ho guadagnati altri due\u201d. \u201cBene, servo buono e fedele \u2013 gli disse il suo padrone \u2013, sei stato fedele nel poco, ti dar\u00f2 potere su molto; prendi parte alla gioia del tuo padrone\u201d. <\/span><\/em><br \/>\n<em> <span style=\"color: #993300;\"> Si present\u00f2 infine anche colui che aveva ricevuto un solo talento e disse: \u201cSignore, so che sei un uomo duro, che mieti dove non hai seminato e raccogli dove non hai sparso. Ho avuto paura e sono andato a nascondere il tuo talento sotto terra: ecco ci\u00f2 che \u00e8 tuo\u201d. <\/span><\/em><br \/>\n<em> <span style=\"color: #993300;\"> Il padrone gli rispose: \u201cServo malvagio e pigro, tu sapevi che mieto dove non ho seminato e raccolgo dove non ho sparso; avresti dovuto affidare il mio denaro ai banchieri e cos\u00ec, ritornando, avrei ritirato il mio con l\u2019interesse. Toglietegli dunque il talento, e datelo a chi ha i dieci talenti. Perch\u00e9 a chiunque ha, verr\u00e0 dato e sar\u00e0 nell\u2019abbondanza; ma a chi non ha, verr\u00e0 tolto anche quello che ha. E il servo inutile gettatelo fuori nelle tenebre; l\u00e0 sar\u00e0 pianto e stridore di denti\u201d\u00bb.<\/span><\/em><\/p>\n<p>&nbsp;<\/p>\n<p style=\"text-align: center;\"><strong>LA CHIESA DEI TALENTI<\/strong><\/p>\n<p>Un uomo part\u00ec per un viaggio e consegn\u00f2 loro i suoi beni. La parabola mostra subito la fiducia di quest\u2019uomo che non disdegna di consegnare ai suoi servi i suoi talenti. A uno ne diede cinque, a un altro tre e a una altro ancora uno.\u00a0 Al ritorno dal suo viaggio il padrone chiese la rendicontazione a tutti i servi. I primi due gli consegnarono una produzione pari al cento per cento, mentre il terzo gli riconsegn\u00f2 ci\u00f2 che aveva ricevuto affermando di aver avuto paura e di aver sotterrato il dono ricevuto.<\/p>\n<p>La parabola \u00e8 lo specchio dei due modi essere chiesa. C\u2019\u00e8 da parte la chiesa che investe nell\u2019evangelizzazione e quella che ha paura, che sotterra, che riconsegna solo quanto ricevuto senza aver prodotto nessuno sforzo. Purtroppo quest\u2019ultima espressione di chiesa sembra essere quella che maggiormente abbia preso piede, mentre la prima, quella dell\u2019evangelizzazione, sembra essere un\u2019eccezione.<\/p>\n<p>Le paure di investire in una catechesi nei quartieri e nei caseggiati; le paure di progettare itinerari di fede comunitari che coinvolgano tutti (adulti, giovani e ragazzi); le paure di una pastorale che rilanci il lavoro; le paure di coltivare nuovi laici nella politica e nell\u2019azione sociale; le paure di far sentire i poveri protagonisti dell\u2019evangelizzazione e non oggetti dell\u2019evangelizzazione; le paure di tenere aperte le porte della chiesa per timore che qualcuno ci possa entrare sono realmente ci\u00f2 che attualmente oggi s\u2019incontra.<\/p>\n<p>Questa \u00e8 la chiesa che si sta intonando e poi si canter\u00e0 il suo <em>de profundis<\/em>. E\u2019 la chiesa degli egoisti e di chi continua a ripetere di essere prudenti. E\u2019 la chiesa chiusa e tetra dove anche le mura degli oratori sono state murate per paura che qualche ragazzo si faccia male. E\u2019 la chiesa dove i giovani non possono entrare e il patrimonio \u00e8 ingestito poich\u00e9 si tiene gelosamente sotto chiave.<\/p>\n<p>La comunit\u00e0 ecclesiale \u00e8 chiamata ad investire diventando protagonista. Essa \u00e8 responsabile di quanto ha ricevuto gratuitamente. Non si pu\u00f2 pensare di aver paura di incontrare i lontani siano essi atei, agnostici, dubbiosi, ma anche poveri, straccioni, rom perch\u00e9 tutti sono invitati ad accomodarsi alla mensa del Signore.<\/p>\n<p>Non c\u2019\u00e8 spazio per la chiesa delle paure. Bisogna essere comunit\u00e0 dei talenti investiti. Bisogna ricominciare a cercare i ragazzi e investire su di loro. Bisogna farli uscire dalle loro case troppo ovattate e vivere con loro. Bisogna reinvestire nel mondo del lavoro impiegando i beni dismessi ( \u2026 e sono tanti) che potrebbero essere riutilizzati attraverso una strategia della cooperativit\u00e0. Bisogna reinvestire nell\u2019educazione scolastica con un\u2019attenzione alle scuole delle congregazioni religiose che stanno ormai chiudendo i loro battenti. Bisogna reinvestire nei giovani usando la strategia di un\u2019accoglienza e soprattutto coinvolgendoli nelle azioni di carit\u00e0 e del volontariato. Bisogna investire dove oggi siamo assenti.<\/p>\n<p>La chiesa delle paure e quelli degli investimenti: bisogna chiarirci da che parte dobbiamo collocarci !<\/p>\n<p>Il direttore<\/p>\n<p>&nbsp;<\/p>\n<p>Don Antonio Ruccia<\/p>\n<p>&nbsp;<\/p>\n<p>&nbsp;<\/p>\n","protected":false},"excerpt":{"rendered":"<p>&nbsp; Dal Vangelo secondo Mattero Mt 25,14-30 In quel tempo, Ges\u00f9 disse ai suoi discepoli questa parabola: \u00abAvverr\u00e0 come a [&hellip;]<\/p>\n","protected":false},"author":1,"featured_media":0,"comment_status":"closed","ping_status":"open","sticky":false,"template":"","format":"standard","meta":{"_uag_custom_page_level_css":"","site-sidebar-layout":"default","site-content-layout":"","ast-site-content-layout":"default","site-content-style":"default","site-sidebar-style":"default","ast-global-header-display":"","ast-banner-title-visibility":"","ast-main-header-display":"","ast-hfb-above-header-display":"","ast-hfb-below-header-display":"","ast-hfb-mobile-header-display":"","site-post-title":"","ast-breadcrumbs-content":"","ast-featured-img":"","footer-sml-layout":"","theme-transparent-header-meta":"","adv-header-id-meta":"","stick-header-meta":"","header-above-stick-meta":"","header-main-stick-meta":"","header-below-stick-meta":"","astra-migrate-meta-layouts":"default","ast-page-background-enabled":"default","ast-page-background-meta":{"desktop":{"background-color":"var(--ast-global-color-5)","background-image":"","background-repeat":"repeat","background-position":"center center","background-size":"auto","background-attachment":"scroll","background-type":"","background-media":"","overlay-type":"","overlay-color":"","overlay-opacity":"","overlay-gradient":""},"tablet":{"background-color":"","background-image":"","background-repeat":"repeat","background-position":"center center","background-size":"auto","background-attachment":"scroll","background-type":"","background-media":"","overlay-type":"","overlay-color":"","overlay-opacity":"","overlay-gradient":""},"mobile":{"background-color":"","background-image":"","background-repeat":"repeat","background-position":"center center","background-size":"auto","background-attachment":"scroll","background-type":"","background-media":"","overlay-type":"","overlay-color":"","overlay-opacity":"","overlay-gradient":""}},"ast-content-background-meta":{"desktop":{"background-color":"var(--ast-global-color-4)","background-image":"","background-repeat":"repeat","background-position":"center center","background-size":"auto","background-attachment":"scroll","background-type":"","background-media":"","overlay-type":"","overlay-color":"","overlay-opacity":"","overlay-gradient":""},"tablet":{"background-color":"var(--ast-global-color-4)","background-image":"","background-repeat":"repeat","background-position":"center center","background-size":"auto","background-attachment":"scroll","background-type":"","background-media":"","overlay-type":"","overlay-color":"","overlay-opacity":"","overlay-gradient":""},"mobile":{"background-color":"var(--ast-global-color-4)","background-image":"","background-repeat":"repeat","background-position":"center center","background-size":"auto","background-attachment":"scroll","background-type":"","background-media":"","overlay-type":"","overlay-color":"","overlay-opacity":"","overlay-gradient":""}},"footnotes":""},"categories":[20],"tags":[35,62],"class_list":["post-1227","post","type-post","status-publish","format-standard","hentry","category-commenti-vangelo","tag-commento-al-vangelo","tag-vangelo-domenicale"],"gutentor_comment":0,"yoast_head":"<!-- This site is optimized with the Yoast SEO plugin v26.8 - https:\/\/yoast.com\/product\/yoast-seo-wordpress\/ -->\r\n<title>LA CHIESA DEI TALENTI - Domenica 13 Novembre 2011 - Caritas Diocesana Bari-Bitonto<\/title>\r\n<meta name=\"robots\" content=\"index, follow, max-snippet:-1, max-image-preview:large, max-video-preview:-1\" \/>\r\n<link rel=\"canonical\" href=\"https:\/\/www.caritasbaribitonto.it\/public\/home\/2011\/11\/la-chiesa-dei-talenti-domenica-13-novembre-2011\/\" \/>\r\n<meta property=\"og:locale\" content=\"it_IT\" \/>\r\n<meta property=\"og:type\" content=\"article\" \/>\r\n<meta property=\"og:title\" content=\"LA CHIESA DEI TALENTI - Domenica 13 Novembre 2011 - Caritas Diocesana Bari-Bitonto\" \/>\r\n<meta property=\"og:description\" content=\"&nbsp; Dal Vangelo secondo Mattero Mt 25,14-30 In quel tempo, Ges\u00f9 disse ai suoi discepoli questa parabola: \u00abAvverr\u00e0 come a [&hellip;]\" \/>\r\n<meta property=\"og:url\" content=\"https:\/\/www.caritasbaribitonto.it\/public\/home\/2011\/11\/la-chiesa-dei-talenti-domenica-13-novembre-2011\/\" \/>\r\n<meta property=\"og:site_name\" content=\"Caritas Diocesana Bari-Bitonto\" \/>\r\n<meta property=\"article:publisher\" content=\"https:\/\/www.facebook.com\/pages\/Caritas-Diocesana-Bari-Bitonto\/533981476753770\" \/>\r\n<meta property=\"article:published_time\" content=\"2011-11-11T18:56:49+00:00\" \/>\r\n<meta property=\"article:modified_time\" content=\"2011-11-11T19:09:13+00:00\" \/>\r\n<meta property=\"og:image\" content=\"http:\/\/www.lachiesa.it\/liturgia\/allegati\/icone\/AO330.jpg\" \/>\r\n<meta name=\"author\" content=\"Giovanni Caputo\" \/>\r\n<meta name=\"twitter:card\" content=\"summary_large_image\" \/>\r\n<meta name=\"twitter:label1\" content=\"Scritto da\" \/>\n\t<meta name=\"twitter:data1\" content=\"Giovanni Caputo\" \/>\n\t<meta name=\"twitter:label2\" content=\"Tempo di lettura stimato\" \/>\n\t<meta name=\"twitter:data2\" content=\"4 minuti\" \/>\r\n<script type=\"application\/ld+json\" class=\"yoast-schema-graph\">{\"@context\":\"https:\/\/schema.org\",\"@graph\":[{\"@type\":\"Article\",\"@id\":\"https:\/\/www.caritasbaribitonto.it\/public\/home\/2011\/11\/la-chiesa-dei-talenti-domenica-13-novembre-2011\/#article\",\"isPartOf\":{\"@id\":\"https:\/\/www.caritasbaribitonto.it\/public\/home\/2011\/11\/la-chiesa-dei-talenti-domenica-13-novembre-2011\/\"},\"author\":{\"name\":\"Giovanni Caputo\",\"@id\":\"https:\/\/www.caritasbaribitonto.it\/public\/home\/#\/schema\/person\/06b333402b70fdadb662b68974e8c97a\"},\"headline\":\"LA CHIESA DEI TALENTI &#8211; Domenica 13 Novembre 2011\",\"datePublished\":\"2011-11-11T18:56:49+00:00\",\"dateModified\":\"2011-11-11T19:09:13+00:00\",\"mainEntityOfPage\":{\"@id\":\"https:\/\/www.caritasbaribitonto.it\/public\/home\/2011\/11\/la-chiesa-dei-talenti-domenica-13-novembre-2011\/\"},\"wordCount\":860,\"publisher\":{\"@id\":\"https:\/\/www.caritasbaribitonto.it\/public\/home\/#organization\"},\"image\":{\"@id\":\"https:\/\/www.caritasbaribitonto.it\/public\/home\/2011\/11\/la-chiesa-dei-talenti-domenica-13-novembre-2011\/#primaryimage\"},\"thumbnailUrl\":\"http:\/\/www.lachiesa.it\/liturgia\/allegati\/icone\/AO330.jpg\",\"keywords\":[\"commento al vangelo\",\"vangelo domenicale\"],\"articleSection\":[\"Commenti Vangelo\"],\"inLanguage\":\"it-IT\"},{\"@type\":\"WebPage\",\"@id\":\"https:\/\/www.caritasbaribitonto.it\/public\/home\/2011\/11\/la-chiesa-dei-talenti-domenica-13-novembre-2011\/\",\"url\":\"https:\/\/www.caritasbaribitonto.it\/public\/home\/2011\/11\/la-chiesa-dei-talenti-domenica-13-novembre-2011\/\",\"name\":\"LA CHIESA DEI TALENTI - Domenica 13 Novembre 2011 - Caritas Diocesana Bari-Bitonto\",\"isPartOf\":{\"@id\":\"https:\/\/www.caritasbaribitonto.it\/public\/home\/#website\"},\"primaryImageOfPage\":{\"@id\":\"https:\/\/www.caritasbaribitonto.it\/public\/home\/2011\/11\/la-chiesa-dei-talenti-domenica-13-novembre-2011\/#primaryimage\"},\"image\":{\"@id\":\"https:\/\/www.caritasbaribitonto.it\/public\/home\/2011\/11\/la-chiesa-dei-talenti-domenica-13-novembre-2011\/#primaryimage\"},\"thumbnailUrl\":\"http:\/\/www.lachiesa.it\/liturgia\/allegati\/icone\/AO330.jpg\",\"datePublished\":\"2011-11-11T18:56:49+00:00\",\"dateModified\":\"2011-11-11T19:09:13+00:00\",\"breadcrumb\":{\"@id\":\"https:\/\/www.caritasbaribitonto.it\/public\/home\/2011\/11\/la-chiesa-dei-talenti-domenica-13-novembre-2011\/#breadcrumb\"},\"inLanguage\":\"it-IT\",\"potentialAction\":[{\"@type\":\"ReadAction\",\"target\":[\"https:\/\/www.caritasbaribitonto.it\/public\/home\/2011\/11\/la-chiesa-dei-talenti-domenica-13-novembre-2011\/\"]}]},{\"@type\":\"ImageObject\",\"inLanguage\":\"it-IT\",\"@id\":\"https:\/\/www.caritasbaribitonto.it\/public\/home\/2011\/11\/la-chiesa-dei-talenti-domenica-13-novembre-2011\/#primaryimage\",\"url\":\"http:\/\/www.lachiesa.it\/liturgia\/allegati\/icone\/AO330.jpg\",\"contentUrl\":\"http:\/\/www.lachiesa.it\/liturgia\/allegati\/icone\/AO330.jpg\"},{\"@type\":\"BreadcrumbList\",\"@id\":\"https:\/\/www.caritasbaribitonto.it\/public\/home\/2011\/11\/la-chiesa-dei-talenti-domenica-13-novembre-2011\/#breadcrumb\",\"itemListElement\":[{\"@type\":\"ListItem\",\"position\":1,\"name\":\"Home\",\"item\":\"https:\/\/www.caritasbaribitonto.it\/public\/home\/\"},{\"@type\":\"ListItem\",\"position\":2,\"name\":\"LA CHIESA DEI TALENTI &#8211; Domenica 13 Novembre 2011\"}]},{\"@type\":\"WebSite\",\"@id\":\"https:\/\/www.caritasbaribitonto.it\/public\/home\/#website\",\"url\":\"https:\/\/www.caritasbaribitonto.it\/public\/home\/\",\"name\":\"Caritas Diocesana Bari-Bitonto\",\"description\":\"I santi della porta accanto\",\"publisher\":{\"@id\":\"https:\/\/www.caritasbaribitonto.it\/public\/home\/#organization\"},\"potentialAction\":[{\"@type\":\"SearchAction\",\"target\":{\"@type\":\"EntryPoint\",\"urlTemplate\":\"https:\/\/www.caritasbaribitonto.it\/public\/home\/?s={search_term_string}\"},\"query-input\":{\"@type\":\"PropertyValueSpecification\",\"valueRequired\":true,\"valueName\":\"search_term_string\"}}],\"inLanguage\":\"it-IT\"},{\"@type\":\"Organization\",\"@id\":\"https:\/\/www.caritasbaribitonto.it\/public\/home\/#organization\",\"name\":\"Caritas Diocesana Bari-Bitonto\",\"url\":\"https:\/\/www.caritasbaribitonto.it\/public\/home\/\",\"logo\":{\"@type\":\"ImageObject\",\"inLanguage\":\"it-IT\",\"@id\":\"https:\/\/www.caritasbaribitonto.it\/public\/home\/#\/schema\/logo\/image\/\",\"url\":\"https:\/\/www.caritasbaribitonto.it\/public\/home\/img\/uploads\/2025\/02\/cropped-cropped-caritas2025_350x112.png\",\"contentUrl\":\"https:\/\/www.caritasbaribitonto.it\/public\/home\/img\/uploads\/2025\/02\/cropped-cropped-caritas2025_350x112.png\",\"width\":350,\"height\":112,\"caption\":\"Caritas Diocesana Bari-Bitonto\"},\"image\":{\"@id\":\"https:\/\/www.caritasbaribitonto.it\/public\/home\/#\/schema\/logo\/image\/\"},\"sameAs\":[\"https:\/\/www.facebook.com\/pages\/Caritas-Diocesana-Bari-Bitonto\/533981476753770\"]},{\"@type\":\"Person\",\"@id\":\"https:\/\/www.caritasbaribitonto.it\/public\/home\/#\/schema\/person\/06b333402b70fdadb662b68974e8c97a\",\"name\":\"Giovanni Caputo\",\"image\":{\"@type\":\"ImageObject\",\"inLanguage\":\"it-IT\",\"@id\":\"https:\/\/www.caritasbaribitonto.it\/public\/home\/#\/schema\/person\/image\/\",\"url\":\"https:\/\/secure.gravatar.com\/avatar\/6c7e9d4e1e2394bfa4e38377bd0b5e03cbf0c79e27918e6497d3f408f89d0d3b?s=96&d=identicon&r=g\",\"contentUrl\":\"https:\/\/secure.gravatar.com\/avatar\/6c7e9d4e1e2394bfa4e38377bd0b5e03cbf0c79e27918e6497d3f408f89d0d3b?s=96&d=identicon&r=g\",\"caption\":\"Giovanni Caputo\"},\"url\":\"https:\/\/www.caritasbaribitonto.it\/public\/home\/author\/admin\/\"}]}<\/script>\r\n<!-- \/ Yoast SEO plugin. -->","yoast_head_json":{"title":"LA CHIESA DEI TALENTI - Domenica 13 Novembre 2011 - Caritas Diocesana Bari-Bitonto","robots":{"index":"index","follow":"follow","max-snippet":"max-snippet:-1","max-image-preview":"max-image-preview:large","max-video-preview":"max-video-preview:-1"},"canonical":"https:\/\/www.caritasbaribitonto.it\/public\/home\/2011\/11\/la-chiesa-dei-talenti-domenica-13-novembre-2011\/","og_locale":"it_IT","og_type":"article","og_title":"LA CHIESA DEI TALENTI - Domenica 13 Novembre 2011 - Caritas Diocesana Bari-Bitonto","og_description":"&nbsp; Dal Vangelo secondo Mattero Mt 25,14-30 In quel tempo, Ges\u00f9 disse ai suoi discepoli questa parabola: \u00abAvverr\u00e0 come a [&hellip;]","og_url":"https:\/\/www.caritasbaribitonto.it\/public\/home\/2011\/11\/la-chiesa-dei-talenti-domenica-13-novembre-2011\/","og_site_name":"Caritas Diocesana Bari-Bitonto","article_publisher":"https:\/\/www.facebook.com\/pages\/Caritas-Diocesana-Bari-Bitonto\/533981476753770","article_published_time":"2011-11-11T18:56:49+00:00","article_modified_time":"2011-11-11T19:09:13+00:00","og_image":[{"url":"http:\/\/www.lachiesa.it\/liturgia\/allegati\/icone\/AO330.jpg","type":"","width":"","height":""}],"author":"Giovanni Caputo","twitter_card":"summary_large_image","twitter_misc":{"Scritto da":"Giovanni Caputo","Tempo di lettura stimato":"4 minuti"},"schema":{"@context":"https:\/\/schema.org","@graph":[{"@type":"Article","@id":"https:\/\/www.caritasbaribitonto.it\/public\/home\/2011\/11\/la-chiesa-dei-talenti-domenica-13-novembre-2011\/#article","isPartOf":{"@id":"https:\/\/www.caritasbaribitonto.it\/public\/home\/2011\/11\/la-chiesa-dei-talenti-domenica-13-novembre-2011\/"},"author":{"name":"Giovanni Caputo","@id":"https:\/\/www.caritasbaribitonto.it\/public\/home\/#\/schema\/person\/06b333402b70fdadb662b68974e8c97a"},"headline":"LA CHIESA DEI TALENTI &#8211; Domenica 13 Novembre 2011","datePublished":"2011-11-11T18:56:49+00:00","dateModified":"2011-11-11T19:09:13+00:00","mainEntityOfPage":{"@id":"https:\/\/www.caritasbaribitonto.it\/public\/home\/2011\/11\/la-chiesa-dei-talenti-domenica-13-novembre-2011\/"},"wordCount":860,"publisher":{"@id":"https:\/\/www.caritasbaribitonto.it\/public\/home\/#organization"},"image":{"@id":"https:\/\/www.caritasbaribitonto.it\/public\/home\/2011\/11\/la-chiesa-dei-talenti-domenica-13-novembre-2011\/#primaryimage"},"thumbnailUrl":"http:\/\/www.lachiesa.it\/liturgia\/allegati\/icone\/AO330.jpg","keywords":["commento al vangelo","vangelo domenicale"],"articleSection":["Commenti Vangelo"],"inLanguage":"it-IT"},{"@type":"WebPage","@id":"https:\/\/www.caritasbaribitonto.it\/public\/home\/2011\/11\/la-chiesa-dei-talenti-domenica-13-novembre-2011\/","url":"https:\/\/www.caritasbaribitonto.it\/public\/home\/2011\/11\/la-chiesa-dei-talenti-domenica-13-novembre-2011\/","name":"LA CHIESA DEI TALENTI - Domenica 13 Novembre 2011 - Caritas Diocesana Bari-Bitonto","isPartOf":{"@id":"https:\/\/www.caritasbaribitonto.it\/public\/home\/#website"},"primaryImageOfPage":{"@id":"https:\/\/www.caritasbaribitonto.it\/public\/home\/2011\/11\/la-chiesa-dei-talenti-domenica-13-novembre-2011\/#primaryimage"},"image":{"@id":"https:\/\/www.caritasbaribitonto.it\/public\/home\/2011\/11\/la-chiesa-dei-talenti-domenica-13-novembre-2011\/#primaryimage"},"thumbnailUrl":"http:\/\/www.lachiesa.it\/liturgia\/allegati\/icone\/AO330.jpg","datePublished":"2011-11-11T18:56:49+00:00","dateModified":"2011-11-11T19:09:13+00:00","breadcrumb":{"@id":"https:\/\/www.caritasbaribitonto.it\/public\/home\/2011\/11\/la-chiesa-dei-talenti-domenica-13-novembre-2011\/#breadcrumb"},"inLanguage":"it-IT","potentialAction":[{"@type":"ReadAction","target":["https:\/\/www.caritasbaribitonto.it\/public\/home\/2011\/11\/la-chiesa-dei-talenti-domenica-13-novembre-2011\/"]}]},{"@type":"ImageObject","inLanguage":"it-IT","@id":"https:\/\/www.caritasbaribitonto.it\/public\/home\/2011\/11\/la-chiesa-dei-talenti-domenica-13-novembre-2011\/#primaryimage","url":"http:\/\/www.lachiesa.it\/liturgia\/allegati\/icone\/AO330.jpg","contentUrl":"http:\/\/www.lachiesa.it\/liturgia\/allegati\/icone\/AO330.jpg"},{"@type":"BreadcrumbList","@id":"https:\/\/www.caritasbaribitonto.it\/public\/home\/2011\/11\/la-chiesa-dei-talenti-domenica-13-novembre-2011\/#breadcrumb","itemListElement":[{"@type":"ListItem","position":1,"name":"Home","item":"https:\/\/www.caritasbaribitonto.it\/public\/home\/"},{"@type":"ListItem","position":2,"name":"LA CHIESA DEI TALENTI &#8211; Domenica 13 Novembre 2011"}]},{"@type":"WebSite","@id":"https:\/\/www.caritasbaribitonto.it\/public\/home\/#website","url":"https:\/\/www.caritasbaribitonto.it\/public\/home\/","name":"Caritas Diocesana Bari-Bitonto","description":"I santi della porta accanto","publisher":{"@id":"https:\/\/www.caritasbaribitonto.it\/public\/home\/#organization"},"potentialAction":[{"@type":"SearchAction","target":{"@type":"EntryPoint","urlTemplate":"https:\/\/www.caritasbaribitonto.it\/public\/home\/?s={search_term_string}"},"query-input":{"@type":"PropertyValueSpecification","valueRequired":true,"valueName":"search_term_string"}}],"inLanguage":"it-IT"},{"@type":"Organization","@id":"https:\/\/www.caritasbaribitonto.it\/public\/home\/#organization","name":"Caritas Diocesana Bari-Bitonto","url":"https:\/\/www.caritasbaribitonto.it\/public\/home\/","logo":{"@type":"ImageObject","inLanguage":"it-IT","@id":"https:\/\/www.caritasbaribitonto.it\/public\/home\/#\/schema\/logo\/image\/","url":"https:\/\/www.caritasbaribitonto.it\/public\/home\/img\/uploads\/2025\/02\/cropped-cropped-caritas2025_350x112.png","contentUrl":"https:\/\/www.caritasbaribitonto.it\/public\/home\/img\/uploads\/2025\/02\/cropped-cropped-caritas2025_350x112.png","width":350,"height":112,"caption":"Caritas Diocesana Bari-Bitonto"},"image":{"@id":"https:\/\/www.caritasbaribitonto.it\/public\/home\/#\/schema\/logo\/image\/"},"sameAs":["https:\/\/www.facebook.com\/pages\/Caritas-Diocesana-Bari-Bitonto\/533981476753770"]},{"@type":"Person","@id":"https:\/\/www.caritasbaribitonto.it\/public\/home\/#\/schema\/person\/06b333402b70fdadb662b68974e8c97a","name":"Giovanni Caputo","image":{"@type":"ImageObject","inLanguage":"it-IT","@id":"https:\/\/www.caritasbaribitonto.it\/public\/home\/#\/schema\/person\/image\/","url":"https:\/\/secure.gravatar.com\/avatar\/6c7e9d4e1e2394bfa4e38377bd0b5e03cbf0c79e27918e6497d3f408f89d0d3b?s=96&d=identicon&r=g","contentUrl":"https:\/\/secure.gravatar.com\/avatar\/6c7e9d4e1e2394bfa4e38377bd0b5e03cbf0c79e27918e6497d3f408f89d0d3b?s=96&d=identicon&r=g","caption":"Giovanni Caputo"},"url":"https:\/\/www.caritasbaribitonto.it\/public\/home\/author\/admin\/"}]}},"jetpack_featured_media_url":"","uagb_featured_image_src":{"full":false,"thumbnail":false,"medium":false,"medium_large":false,"large":false,"1536x1536":false,"2048x2048":false},"uagb_author_info":{"display_name":"Giovanni Caputo","author_link":"https:\/\/www.caritasbaribitonto.it\/public\/home\/author\/admin\/"},"uagb_comment_info":0,"uagb_excerpt":"&nbsp; Dal Vangelo secondo Mattero Mt 25,14-30 In quel tempo, Ges\u00f9 disse ai suoi discepoli questa parabola: \u00abAvverr\u00e0 come a [&hellip;]","_links":{"self":[{"href":"https:\/\/www.caritasbaribitonto.it\/public\/home\/wp-json\/wp\/v2\/posts\/1227","targetHints":{"allow":["GET"]}}],"collection":[{"href":"https:\/\/www.caritasbaribitonto.it\/public\/home\/wp-json\/wp\/v2\/posts"}],"about":[{"href":"https:\/\/www.caritasbaribitonto.it\/public\/home\/wp-json\/wp\/v2\/types\/post"}],"author":[{"embeddable":true,"href":"https:\/\/www.caritasbaribitonto.it\/public\/home\/wp-json\/wp\/v2\/users\/1"}],"replies":[{"embeddable":true,"href":"https:\/\/www.caritasbaribitonto.it\/public\/home\/wp-json\/wp\/v2\/comments?post=1227"}],"version-history":[{"count":0,"href":"https:\/\/www.caritasbaribitonto.it\/public\/home\/wp-json\/wp\/v2\/posts\/1227\/revisions"}],"wp:attachment":[{"href":"https:\/\/www.caritasbaribitonto.it\/public\/home\/wp-json\/wp\/v2\/media?parent=1227"}],"wp:term":[{"taxonomy":"category","embeddable":true,"href":"https:\/\/www.caritasbaribitonto.it\/public\/home\/wp-json\/wp\/v2\/categories?post=1227"},{"taxonomy":"post_tag","embeddable":true,"href":"https:\/\/www.caritasbaribitonto.it\/public\/home\/wp-json\/wp\/v2\/tags?post=1227"}],"curies":[{"name":"wp","href":"https:\/\/api.w.org\/{rel}","templated":true}]}}