{"id":1159,"date":"2010-06-02T23:15:48","date_gmt":"2010-06-02T21:15:48","guid":{"rendered":"http:\/\/www.caritasbaribitonto.it\/public\/home\/?p=1159"},"modified":"2010-06-02T23:15:48","modified_gmt":"2010-06-02T21:15:48","slug":"il-dono-di-essere-pane-per-gli-altri-domenica-6-giugno-2010","status":"publish","type":"post","link":"https:\/\/www.caritasbaribitonto.it\/public\/home\/2010\/06\/il-dono-di-essere-pane-per-gli-altri-domenica-6-giugno-2010\/","title":{"rendered":"IL DONO DI ESSERE PANE PER GLI ALTRI &#8211; Domenica 6 Giugno 2010"},"content":{"rendered":"<p><strong><em> Dal Vangelo secondo Luca <\/em><\/strong><em><strong>(Lc 9,11-17)<\/strong><br \/>\n<\/em><\/p>\n<p><em> <img loading=\"lazy\" decoding=\"async\" class=\"alignleft\" src=\"http:\/\/www.lachiesa.it\/liturgia\/allegati\/icone\/CP110.jpg\" alt=\"\" width=\"96\" height=\"123\" \/>In quel tempo, Ges\u00f9 prese a parlare alle folle del regno di Dio e a guarire quanti avevano bisogno di cure.<br \/>\nIl giorno cominciava a declinare e i Dodici gli si avvicinarono dicendo: \u00abCongeda la folla perch\u00e9 vada nei villaggi e nelle campagne dei dintorni, per alloggiare e trovare cibo: qui siamo in una zona deserta\u00bb.<br \/>\nGes\u00f9 disse loro: \u00abVoi stessi date loro da mangiare\u00bb. Ma essi risposero: \u00abNon abbiamo che cinque pani e due pesci, a meno che non andiamo noi a comprare viveri per tutta questa gente\u00bb. C\u2019erano infatti circa cinquemila uomini.<br \/>\nEgli disse ai suoi discepoli: \u00abFateli sedere a gruppi di cinquanta circa\u00bb. Fecero cos\u00ec e li fecero sedere tutti quanti.<br \/>\nEgli prese i cinque pani e i due pesci, alz\u00f2 gli occhi al cielo, recit\u00f2 su di essi la benedizione, li spezz\u00f2 e li dava ai discepoli perch\u00e9 li distribuissero alla folla.<br \/>\nTutti mangiarono a saziet\u00e0 e furono portati via i pezzi loro avanzati: dodici ceste.<\/em><\/p>\n<p style=\"text-align: center;\"><strong>IL DONO DI ESSERE PANE PER GLI ALTRI<\/strong><\/p>\n<p>Quando l\u2019evangelista Luca parla di \u201ctermine\u201d c\u2019\u00e8 sempre qualcosa che \u201ccomincia\u201d. Anche il brano della moltiplicazione dei pani non fa eccezione. Esso ci offre l\u2019opportunit\u00e0 di capire che Ges\u00f9 derisa che ciascuno \u00e8 messo nella condizione di continuare ad operare anche quando tutto sembra terminato.<\/p>\n<p>Verrebbe da dire: la solita storia! E\u2019 la pietra scartata dai costruttori che diventa l\u2019angolo indispensabile dell\u2019arco, ma \u00e8 tutta la storia della salvezza che si disloca su quest\u2019asse. E\u2019 la storia di Mos\u00e8, il bimbo scartato e salvato; \u00e8 la storia di Rut che ricomincia dalle briciole; \u00e8 la storia di Maddalena che dalla vita di strada finisce sulle orme di Ges\u00f9; \u00e8 la storia dei discepoli di Emmaus che al termine della giornata e allo spezzare del pane si accorgono di aver camminato insieme a Ges\u00f9; \u00e8 la storia di chi oggi da reietto diventa impegnato sulla strada di Ges\u00f9.<\/p>\n<p>L\u2019evangelista parla chiaro. Quando la giornata volgeva al termine lui chiede agli apostoli di dare da mangiare alla folla affamata. Ma i Dodici replicano al Maestro di rimandarli a casa per insufficienza di cibo. Lui non si dispera, ma \u2026 ricostruisce da cinque pani e da due pesci. Li moltiplica e li spezza fino a farne avanzare dodici ceste.<\/p>\n<p>Il gesto, preludio dell\u2019Eucarestia del Cenacolo, impegna tutta la comunit\u00e0 ad essere pronta a dare da mangiare a tutti; a dare risposte; a ricominciare quando tutto sembra essere precipitato. Anche in Europa tutto questo chiede risposte concrete e fattibili. Se pensiamo che nel nostro vecchio continente 84 milioni di persone sono prive dei beni primari, 60 milioni di persone sono costretti a vivere con soli 2 euro al giorno, un bambino su cinque vive in condizione di povert\u00e0, uno su dieci vive il dramma del lavoro comprendiamo che dobbiamo essere una \u201cchiesa che moltiplica\u201d e che \u201cricomincia ogni giorno\u201d.<\/p>\n<p>Ci sono ancora dodici ceste da distribuire e tanta gente da raggiungere. Ci sono tanti che non conoscono l\u2019amore gratuito del Signore e le nostre messe devono diventare eucarestie. In altri termini dono di noi stessi come Ges\u00f9 aveva chiesto ai Dodici nella radura di Tiberiade.<\/p>\n<p>E\u2019 l\u2019ora di ricominciare ed \u00e8 soprattutto l\u2019ora dell\u2019amore gratuito.<\/p>\n<p>Il Direttore<\/p>\n<p>Don Antonio Ruccia<\/p>\n","protected":false},"excerpt":{"rendered":"<p>Dal Vangelo secondo Luca (Lc 9,11-17) In quel tempo, Ges\u00f9 prese a parlare alle folle del regno di Dio e [&hellip;]<\/p>\n","protected":false},"author":1,"featured_media":0,"comment_status":"closed","ping_status":"open","sticky":false,"template":"","format":"standard","meta":{"_uag_custom_page_level_css":"","site-sidebar-layout":"default","site-content-layout":"","ast-site-content-layout":"default","site-content-style":"default","site-sidebar-style":"default","ast-global-header-display":"","ast-banner-title-visibility":"","ast-main-header-display":"","ast-hfb-above-header-display":"","ast-hfb-below-header-display":"","ast-hfb-mobile-header-display":"","site-post-title":"","ast-breadcrumbs-content":"","ast-featured-img":"","footer-sml-layout":"","theme-transparent-header-meta":"","adv-header-id-meta":"","stick-header-meta":"","header-above-stick-meta":"","header-main-stick-meta":"","header-below-stick-meta":"","astra-migrate-meta-layouts":"default","ast-page-background-enabled":"default","ast-page-background-meta":{"desktop":{"background-color":"var(--ast-global-color-5)","background-image":"","background-repeat":"repeat","background-position":"center center","background-size":"auto","background-attachment":"scroll","background-type":"","background-media":"","overlay-type":"","overlay-color":"","overlay-opacity":"","overlay-gradient":""},"tablet":{"background-color":"","background-image":"","background-repeat":"repeat","background-position":"center center","background-size":"auto","background-attachment":"scroll","background-type":"","background-media":"","overlay-type":"","overlay-color":"","overlay-opacity":"","overlay-gradient":""},"mobile":{"background-color":"","background-image":"","background-repeat":"repeat","background-position":"center center","background-size":"auto","background-attachment":"scroll","background-type":"","background-media":"","overlay-type":"","overlay-color":"","overlay-opacity":"","overlay-gradient":""}},"ast-content-background-meta":{"desktop":{"background-color":"var(--ast-global-color-4)","background-image":"","background-repeat":"repeat","background-position":"center center","background-size":"auto","background-attachment":"scroll","background-type":"","background-media":"","overlay-type":"","overlay-color":"","overlay-opacity":"","overlay-gradient":""},"tablet":{"background-color":"var(--ast-global-color-4)","background-image":"","background-repeat":"repeat","background-position":"center center","background-size":"auto","background-attachment":"scroll","background-type":"","background-media":"","overlay-type":"","overlay-color":"","overlay-opacity":"","overlay-gradient":""},"mobile":{"background-color":"var(--ast-global-color-4)","background-image":"","background-repeat":"repeat","background-position":"center center","background-size":"auto","background-attachment":"scroll","background-type":"","background-media":"","overlay-type":"","overlay-color":"","overlay-opacity":"","overlay-gradient":""}},"footnotes":""},"categories":[20],"tags":[35,62,105],"class_list":["post-1159","post","type-post","status-publish","format-standard","hentry","category-commenti-vangelo","tag-commento-al-vangelo","tag-vangelo-domenicale","tag-vangelo-don-antonio-ruccia"],"gutentor_comment":0,"yoast_head":"<!-- This site is optimized with the Yoast SEO plugin v26.8 - https:\/\/yoast.com\/product\/yoast-seo-wordpress\/ -->\r\n<title>IL DONO DI ESSERE PANE PER GLI ALTRI - Domenica 6 Giugno 2010 - Caritas Diocesana Bari-Bitonto<\/title>\r\n<meta name=\"robots\" content=\"index, follow, max-snippet:-1, max-image-preview:large, max-video-preview:-1\" \/>\r\n<link rel=\"canonical\" href=\"https:\/\/www.caritasbaribitonto.it\/public\/home\/2010\/06\/il-dono-di-essere-pane-per-gli-altri-domenica-6-giugno-2010\/\" \/>\r\n<meta property=\"og:locale\" content=\"it_IT\" \/>\r\n<meta property=\"og:type\" content=\"article\" \/>\r\n<meta property=\"og:title\" content=\"IL DONO DI ESSERE PANE PER GLI ALTRI - Domenica 6 Giugno 2010 - Caritas Diocesana Bari-Bitonto\" \/>\r\n<meta property=\"og:description\" content=\"Dal Vangelo secondo Luca (Lc 9,11-17) In quel tempo, Ges\u00f9 prese a parlare alle folle del regno di Dio e [&hellip;]\" \/>\r\n<meta property=\"og:url\" content=\"https:\/\/www.caritasbaribitonto.it\/public\/home\/2010\/06\/il-dono-di-essere-pane-per-gli-altri-domenica-6-giugno-2010\/\" \/>\r\n<meta property=\"og:site_name\" content=\"Caritas Diocesana Bari-Bitonto\" \/>\r\n<meta property=\"article:publisher\" content=\"https:\/\/www.facebook.com\/pages\/Caritas-Diocesana-Bari-Bitonto\/533981476753770\" \/>\r\n<meta property=\"article:published_time\" content=\"2010-06-02T21:15:48+00:00\" \/>\r\n<meta property=\"og:image\" content=\"http:\/\/www.lachiesa.it\/liturgia\/allegati\/icone\/CP110.jpg\" \/>\r\n<meta name=\"author\" content=\"Giovanni Caputo\" \/>\r\n<meta name=\"twitter:card\" content=\"summary_large_image\" \/>\r\n<meta name=\"twitter:label1\" content=\"Scritto da\" \/>\n\t<meta name=\"twitter:data1\" content=\"Giovanni Caputo\" \/>\n\t<meta name=\"twitter:label2\" content=\"Tempo di lettura stimato\" \/>\n\t<meta name=\"twitter:data2\" content=\"3 minuti\" \/>\r\n<script type=\"application\/ld+json\" class=\"yoast-schema-graph\">{\"@context\":\"https:\/\/schema.org\",\"@graph\":[{\"@type\":\"Article\",\"@id\":\"https:\/\/www.caritasbaribitonto.it\/public\/home\/2010\/06\/il-dono-di-essere-pane-per-gli-altri-domenica-6-giugno-2010\/#article\",\"isPartOf\":{\"@id\":\"https:\/\/www.caritasbaribitonto.it\/public\/home\/2010\/06\/il-dono-di-essere-pane-per-gli-altri-domenica-6-giugno-2010\/\"},\"author\":{\"name\":\"Giovanni Caputo\",\"@id\":\"https:\/\/www.caritasbaribitonto.it\/public\/home\/#\/schema\/person\/06b333402b70fdadb662b68974e8c97a\"},\"headline\":\"IL DONO DI ESSERE PANE PER GLI ALTRI &#8211; Domenica 6 Giugno 2010\",\"datePublished\":\"2010-06-02T21:15:48+00:00\",\"mainEntityOfPage\":{\"@id\":\"https:\/\/www.caritasbaribitonto.it\/public\/home\/2010\/06\/il-dono-di-essere-pane-per-gli-altri-domenica-6-giugno-2010\/\"},\"wordCount\":552,\"publisher\":{\"@id\":\"https:\/\/www.caritasbaribitonto.it\/public\/home\/#organization\"},\"image\":{\"@id\":\"https:\/\/www.caritasbaribitonto.it\/public\/home\/2010\/06\/il-dono-di-essere-pane-per-gli-altri-domenica-6-giugno-2010\/#primaryimage\"},\"thumbnailUrl\":\"http:\/\/www.lachiesa.it\/liturgia\/allegati\/icone\/CP110.jpg\",\"keywords\":[\"commento al vangelo\",\"vangelo domenicale\",\"Vangelo don Antonio Ruccia\"],\"articleSection\":[\"Commenti Vangelo\"],\"inLanguage\":\"it-IT\"},{\"@type\":\"WebPage\",\"@id\":\"https:\/\/www.caritasbaribitonto.it\/public\/home\/2010\/06\/il-dono-di-essere-pane-per-gli-altri-domenica-6-giugno-2010\/\",\"url\":\"https:\/\/www.caritasbaribitonto.it\/public\/home\/2010\/06\/il-dono-di-essere-pane-per-gli-altri-domenica-6-giugno-2010\/\",\"name\":\"IL DONO DI ESSERE PANE PER GLI ALTRI - Domenica 6 Giugno 2010 - Caritas Diocesana Bari-Bitonto\",\"isPartOf\":{\"@id\":\"https:\/\/www.caritasbaribitonto.it\/public\/home\/#website\"},\"primaryImageOfPage\":{\"@id\":\"https:\/\/www.caritasbaribitonto.it\/public\/home\/2010\/06\/il-dono-di-essere-pane-per-gli-altri-domenica-6-giugno-2010\/#primaryimage\"},\"image\":{\"@id\":\"https:\/\/www.caritasbaribitonto.it\/public\/home\/2010\/06\/il-dono-di-essere-pane-per-gli-altri-domenica-6-giugno-2010\/#primaryimage\"},\"thumbnailUrl\":\"http:\/\/www.lachiesa.it\/liturgia\/allegati\/icone\/CP110.jpg\",\"datePublished\":\"2010-06-02T21:15:48+00:00\",\"breadcrumb\":{\"@id\":\"https:\/\/www.caritasbaribitonto.it\/public\/home\/2010\/06\/il-dono-di-essere-pane-per-gli-altri-domenica-6-giugno-2010\/#breadcrumb\"},\"inLanguage\":\"it-IT\",\"potentialAction\":[{\"@type\":\"ReadAction\",\"target\":[\"https:\/\/www.caritasbaribitonto.it\/public\/home\/2010\/06\/il-dono-di-essere-pane-per-gli-altri-domenica-6-giugno-2010\/\"]}]},{\"@type\":\"ImageObject\",\"inLanguage\":\"it-IT\",\"@id\":\"https:\/\/www.caritasbaribitonto.it\/public\/home\/2010\/06\/il-dono-di-essere-pane-per-gli-altri-domenica-6-giugno-2010\/#primaryimage\",\"url\":\"http:\/\/www.lachiesa.it\/liturgia\/allegati\/icone\/CP110.jpg\",\"contentUrl\":\"http:\/\/www.lachiesa.it\/liturgia\/allegati\/icone\/CP110.jpg\"},{\"@type\":\"BreadcrumbList\",\"@id\":\"https:\/\/www.caritasbaribitonto.it\/public\/home\/2010\/06\/il-dono-di-essere-pane-per-gli-altri-domenica-6-giugno-2010\/#breadcrumb\",\"itemListElement\":[{\"@type\":\"ListItem\",\"position\":1,\"name\":\"Home\",\"item\":\"https:\/\/www.caritasbaribitonto.it\/public\/home\/\"},{\"@type\":\"ListItem\",\"position\":2,\"name\":\"IL DONO DI ESSERE PANE PER GLI ALTRI &#8211; Domenica 6 Giugno 2010\"}]},{\"@type\":\"WebSite\",\"@id\":\"https:\/\/www.caritasbaribitonto.it\/public\/home\/#website\",\"url\":\"https:\/\/www.caritasbaribitonto.it\/public\/home\/\",\"name\":\"Caritas Diocesana Bari-Bitonto\",\"description\":\"I santi della porta accanto\",\"publisher\":{\"@id\":\"https:\/\/www.caritasbaribitonto.it\/public\/home\/#organization\"},\"potentialAction\":[{\"@type\":\"SearchAction\",\"target\":{\"@type\":\"EntryPoint\",\"urlTemplate\":\"https:\/\/www.caritasbaribitonto.it\/public\/home\/?s={search_term_string}\"},\"query-input\":{\"@type\":\"PropertyValueSpecification\",\"valueRequired\":true,\"valueName\":\"search_term_string\"}}],\"inLanguage\":\"it-IT\"},{\"@type\":\"Organization\",\"@id\":\"https:\/\/www.caritasbaribitonto.it\/public\/home\/#organization\",\"name\":\"Caritas Diocesana Bari-Bitonto\",\"url\":\"https:\/\/www.caritasbaribitonto.it\/public\/home\/\",\"logo\":{\"@type\":\"ImageObject\",\"inLanguage\":\"it-IT\",\"@id\":\"https:\/\/www.caritasbaribitonto.it\/public\/home\/#\/schema\/logo\/image\/\",\"url\":\"https:\/\/www.caritasbaribitonto.it\/public\/home\/img\/uploads\/2025\/02\/cropped-cropped-caritas2025_350x112.png\",\"contentUrl\":\"https:\/\/www.caritasbaribitonto.it\/public\/home\/img\/uploads\/2025\/02\/cropped-cropped-caritas2025_350x112.png\",\"width\":350,\"height\":112,\"caption\":\"Caritas Diocesana Bari-Bitonto\"},\"image\":{\"@id\":\"https:\/\/www.caritasbaribitonto.it\/public\/home\/#\/schema\/logo\/image\/\"},\"sameAs\":[\"https:\/\/www.facebook.com\/pages\/Caritas-Diocesana-Bari-Bitonto\/533981476753770\"]},{\"@type\":\"Person\",\"@id\":\"https:\/\/www.caritasbaribitonto.it\/public\/home\/#\/schema\/person\/06b333402b70fdadb662b68974e8c97a\",\"name\":\"Giovanni Caputo\",\"image\":{\"@type\":\"ImageObject\",\"inLanguage\":\"it-IT\",\"@id\":\"https:\/\/www.caritasbaribitonto.it\/public\/home\/#\/schema\/person\/image\/\",\"url\":\"https:\/\/secure.gravatar.com\/avatar\/6c7e9d4e1e2394bfa4e38377bd0b5e03cbf0c79e27918e6497d3f408f89d0d3b?s=96&d=identicon&r=g\",\"contentUrl\":\"https:\/\/secure.gravatar.com\/avatar\/6c7e9d4e1e2394bfa4e38377bd0b5e03cbf0c79e27918e6497d3f408f89d0d3b?s=96&d=identicon&r=g\",\"caption\":\"Giovanni Caputo\"},\"url\":\"https:\/\/www.caritasbaribitonto.it\/public\/home\/author\/admin\/\"}]}<\/script>\r\n<!-- \/ Yoast SEO plugin. -->","yoast_head_json":{"title":"IL DONO DI ESSERE PANE PER GLI ALTRI - Domenica 6 Giugno 2010 - Caritas Diocesana Bari-Bitonto","robots":{"index":"index","follow":"follow","max-snippet":"max-snippet:-1","max-image-preview":"max-image-preview:large","max-video-preview":"max-video-preview:-1"},"canonical":"https:\/\/www.caritasbaribitonto.it\/public\/home\/2010\/06\/il-dono-di-essere-pane-per-gli-altri-domenica-6-giugno-2010\/","og_locale":"it_IT","og_type":"article","og_title":"IL DONO DI ESSERE PANE PER GLI ALTRI - Domenica 6 Giugno 2010 - Caritas Diocesana Bari-Bitonto","og_description":"Dal Vangelo secondo Luca (Lc 9,11-17) In quel tempo, Ges\u00f9 prese a parlare alle folle del regno di Dio e [&hellip;]","og_url":"https:\/\/www.caritasbaribitonto.it\/public\/home\/2010\/06\/il-dono-di-essere-pane-per-gli-altri-domenica-6-giugno-2010\/","og_site_name":"Caritas Diocesana Bari-Bitonto","article_publisher":"https:\/\/www.facebook.com\/pages\/Caritas-Diocesana-Bari-Bitonto\/533981476753770","article_published_time":"2010-06-02T21:15:48+00:00","og_image":[{"url":"http:\/\/www.lachiesa.it\/liturgia\/allegati\/icone\/CP110.jpg","type":"","width":"","height":""}],"author":"Giovanni Caputo","twitter_card":"summary_large_image","twitter_misc":{"Scritto da":"Giovanni Caputo","Tempo di lettura stimato":"3 minuti"},"schema":{"@context":"https:\/\/schema.org","@graph":[{"@type":"Article","@id":"https:\/\/www.caritasbaribitonto.it\/public\/home\/2010\/06\/il-dono-di-essere-pane-per-gli-altri-domenica-6-giugno-2010\/#article","isPartOf":{"@id":"https:\/\/www.caritasbaribitonto.it\/public\/home\/2010\/06\/il-dono-di-essere-pane-per-gli-altri-domenica-6-giugno-2010\/"},"author":{"name":"Giovanni Caputo","@id":"https:\/\/www.caritasbaribitonto.it\/public\/home\/#\/schema\/person\/06b333402b70fdadb662b68974e8c97a"},"headline":"IL DONO DI ESSERE PANE PER GLI ALTRI &#8211; Domenica 6 Giugno 2010","datePublished":"2010-06-02T21:15:48+00:00","mainEntityOfPage":{"@id":"https:\/\/www.caritasbaribitonto.it\/public\/home\/2010\/06\/il-dono-di-essere-pane-per-gli-altri-domenica-6-giugno-2010\/"},"wordCount":552,"publisher":{"@id":"https:\/\/www.caritasbaribitonto.it\/public\/home\/#organization"},"image":{"@id":"https:\/\/www.caritasbaribitonto.it\/public\/home\/2010\/06\/il-dono-di-essere-pane-per-gli-altri-domenica-6-giugno-2010\/#primaryimage"},"thumbnailUrl":"http:\/\/www.lachiesa.it\/liturgia\/allegati\/icone\/CP110.jpg","keywords":["commento al vangelo","vangelo domenicale","Vangelo don Antonio Ruccia"],"articleSection":["Commenti Vangelo"],"inLanguage":"it-IT"},{"@type":"WebPage","@id":"https:\/\/www.caritasbaribitonto.it\/public\/home\/2010\/06\/il-dono-di-essere-pane-per-gli-altri-domenica-6-giugno-2010\/","url":"https:\/\/www.caritasbaribitonto.it\/public\/home\/2010\/06\/il-dono-di-essere-pane-per-gli-altri-domenica-6-giugno-2010\/","name":"IL DONO DI ESSERE PANE PER GLI ALTRI - Domenica 6 Giugno 2010 - Caritas Diocesana Bari-Bitonto","isPartOf":{"@id":"https:\/\/www.caritasbaribitonto.it\/public\/home\/#website"},"primaryImageOfPage":{"@id":"https:\/\/www.caritasbaribitonto.it\/public\/home\/2010\/06\/il-dono-di-essere-pane-per-gli-altri-domenica-6-giugno-2010\/#primaryimage"},"image":{"@id":"https:\/\/www.caritasbaribitonto.it\/public\/home\/2010\/06\/il-dono-di-essere-pane-per-gli-altri-domenica-6-giugno-2010\/#primaryimage"},"thumbnailUrl":"http:\/\/www.lachiesa.it\/liturgia\/allegati\/icone\/CP110.jpg","datePublished":"2010-06-02T21:15:48+00:00","breadcrumb":{"@id":"https:\/\/www.caritasbaribitonto.it\/public\/home\/2010\/06\/il-dono-di-essere-pane-per-gli-altri-domenica-6-giugno-2010\/#breadcrumb"},"inLanguage":"it-IT","potentialAction":[{"@type":"ReadAction","target":["https:\/\/www.caritasbaribitonto.it\/public\/home\/2010\/06\/il-dono-di-essere-pane-per-gli-altri-domenica-6-giugno-2010\/"]}]},{"@type":"ImageObject","inLanguage":"it-IT","@id":"https:\/\/www.caritasbaribitonto.it\/public\/home\/2010\/06\/il-dono-di-essere-pane-per-gli-altri-domenica-6-giugno-2010\/#primaryimage","url":"http:\/\/www.lachiesa.it\/liturgia\/allegati\/icone\/CP110.jpg","contentUrl":"http:\/\/www.lachiesa.it\/liturgia\/allegati\/icone\/CP110.jpg"},{"@type":"BreadcrumbList","@id":"https:\/\/www.caritasbaribitonto.it\/public\/home\/2010\/06\/il-dono-di-essere-pane-per-gli-altri-domenica-6-giugno-2010\/#breadcrumb","itemListElement":[{"@type":"ListItem","position":1,"name":"Home","item":"https:\/\/www.caritasbaribitonto.it\/public\/home\/"},{"@type":"ListItem","position":2,"name":"IL DONO DI ESSERE PANE PER GLI ALTRI &#8211; Domenica 6 Giugno 2010"}]},{"@type":"WebSite","@id":"https:\/\/www.caritasbaribitonto.it\/public\/home\/#website","url":"https:\/\/www.caritasbaribitonto.it\/public\/home\/","name":"Caritas Diocesana Bari-Bitonto","description":"I santi della porta accanto","publisher":{"@id":"https:\/\/www.caritasbaribitonto.it\/public\/home\/#organization"},"potentialAction":[{"@type":"SearchAction","target":{"@type":"EntryPoint","urlTemplate":"https:\/\/www.caritasbaribitonto.it\/public\/home\/?s={search_term_string}"},"query-input":{"@type":"PropertyValueSpecification","valueRequired":true,"valueName":"search_term_string"}}],"inLanguage":"it-IT"},{"@type":"Organization","@id":"https:\/\/www.caritasbaribitonto.it\/public\/home\/#organization","name":"Caritas Diocesana Bari-Bitonto","url":"https:\/\/www.caritasbaribitonto.it\/public\/home\/","logo":{"@type":"ImageObject","inLanguage":"it-IT","@id":"https:\/\/www.caritasbaribitonto.it\/public\/home\/#\/schema\/logo\/image\/","url":"https:\/\/www.caritasbaribitonto.it\/public\/home\/img\/uploads\/2025\/02\/cropped-cropped-caritas2025_350x112.png","contentUrl":"https:\/\/www.caritasbaribitonto.it\/public\/home\/img\/uploads\/2025\/02\/cropped-cropped-caritas2025_350x112.png","width":350,"height":112,"caption":"Caritas Diocesana Bari-Bitonto"},"image":{"@id":"https:\/\/www.caritasbaribitonto.it\/public\/home\/#\/schema\/logo\/image\/"},"sameAs":["https:\/\/www.facebook.com\/pages\/Caritas-Diocesana-Bari-Bitonto\/533981476753770"]},{"@type":"Person","@id":"https:\/\/www.caritasbaribitonto.it\/public\/home\/#\/schema\/person\/06b333402b70fdadb662b68974e8c97a","name":"Giovanni Caputo","image":{"@type":"ImageObject","inLanguage":"it-IT","@id":"https:\/\/www.caritasbaribitonto.it\/public\/home\/#\/schema\/person\/image\/","url":"https:\/\/secure.gravatar.com\/avatar\/6c7e9d4e1e2394bfa4e38377bd0b5e03cbf0c79e27918e6497d3f408f89d0d3b?s=96&d=identicon&r=g","contentUrl":"https:\/\/secure.gravatar.com\/avatar\/6c7e9d4e1e2394bfa4e38377bd0b5e03cbf0c79e27918e6497d3f408f89d0d3b?s=96&d=identicon&r=g","caption":"Giovanni Caputo"},"url":"https:\/\/www.caritasbaribitonto.it\/public\/home\/author\/admin\/"}]}},"jetpack_featured_media_url":"","uagb_featured_image_src":{"full":false,"thumbnail":false,"medium":false,"medium_large":false,"large":false,"1536x1536":false,"2048x2048":false},"uagb_author_info":{"display_name":"Giovanni Caputo","author_link":"https:\/\/www.caritasbaribitonto.it\/public\/home\/author\/admin\/"},"uagb_comment_info":0,"uagb_excerpt":"Dal Vangelo secondo Luca (Lc 9,11-17) In quel tempo, Ges\u00f9 prese a parlare alle folle del regno di Dio e [&hellip;]","_links":{"self":[{"href":"https:\/\/www.caritasbaribitonto.it\/public\/home\/wp-json\/wp\/v2\/posts\/1159","targetHints":{"allow":["GET"]}}],"collection":[{"href":"https:\/\/www.caritasbaribitonto.it\/public\/home\/wp-json\/wp\/v2\/posts"}],"about":[{"href":"https:\/\/www.caritasbaribitonto.it\/public\/home\/wp-json\/wp\/v2\/types\/post"}],"author":[{"embeddable":true,"href":"https:\/\/www.caritasbaribitonto.it\/public\/home\/wp-json\/wp\/v2\/users\/1"}],"replies":[{"embeddable":true,"href":"https:\/\/www.caritasbaribitonto.it\/public\/home\/wp-json\/wp\/v2\/comments?post=1159"}],"version-history":[{"count":0,"href":"https:\/\/www.caritasbaribitonto.it\/public\/home\/wp-json\/wp\/v2\/posts\/1159\/revisions"}],"wp:attachment":[{"href":"https:\/\/www.caritasbaribitonto.it\/public\/home\/wp-json\/wp\/v2\/media?parent=1159"}],"wp:term":[{"taxonomy":"category","embeddable":true,"href":"https:\/\/www.caritasbaribitonto.it\/public\/home\/wp-json\/wp\/v2\/categories?post=1159"},{"taxonomy":"post_tag","embeddable":true,"href":"https:\/\/www.caritasbaribitonto.it\/public\/home\/wp-json\/wp\/v2\/tags?post=1159"}],"curies":[{"name":"wp","href":"https:\/\/api.w.org\/{rel}","templated":true}]}}